

{"id":10040,"date":"2025-02-20T14:54:06","date_gmt":"2025-02-20T17:54:06","guid":{"rendered":"https:\/\/goias.gov.br\/juceg\/?p=10040"},"modified":"2025-02-20T15:24:05","modified_gmt":"2025-02-20T18:24:05","slug":"juceg-na-midia-3","status":"publish","type":"post","link":"https:\/\/goias.gov.br\/juceg\/juceg-na-midia-3\/","title":{"rendered":"Juceg na M\u00eddia!"},"content":{"rendered":"\n<figure class=\"wp-block-image size-large\"><img fetchpriority=\"high\" decoding=\"async\" width=\"819\" height=\"1024\" src=\"https:\/\/goias.gov.br\/juceg\/wp-content\/uploads\/sites\/42\/2025\/02\/20.02-Junta-Comercial-e-fonte-em-materia-sobre-mobilidade-urbana-no-jornal-O-Popular-819x1024.jpg\" alt=\"\" class=\"wp-image-10041\" srcset=\"https:\/\/goias.gov.br\/juceg\/wp-content\/uploads\/sites\/42\/2025\/02\/20.02-Junta-Comercial-e-fonte-em-materia-sobre-mobilidade-urbana-no-jornal-O-Popular-819x1024.jpg 819w, https:\/\/goias.gov.br\/juceg\/wp-content\/uploads\/sites\/42\/2025\/02\/20.02-Junta-Comercial-e-fonte-em-materia-sobre-mobilidade-urbana-no-jornal-O-Popular-240x300.jpg 240w, https:\/\/goias.gov.br\/juceg\/wp-content\/uploads\/sites\/42\/2025\/02\/20.02-Junta-Comercial-e-fonte-em-materia-sobre-mobilidade-urbana-no-jornal-O-Popular-768x960.jpg 768w, https:\/\/goias.gov.br\/juceg\/wp-content\/uploads\/sites\/42\/2025\/02\/20.02-Junta-Comercial-e-fonte-em-materia-sobre-mobilidade-urbana-no-jornal-O-Popular.jpg 1080w\" sizes=\"(max-width: 819px) 100vw, 819px\" \/><\/figure>\n\n\n\n<p>A Junta Comercial de Goi\u00e1s (Juceg) recebeu a demanda, do Jornal O Popular, para fornecer dados estat\u00edsticos sobre abertura e fechamento de empresas, em determinados locais da capital. A mat\u00e9ria &#8220;Corredores preferenciais e comerciantes vivem &#8216;briga&#8217; h\u00e1 mais de 10 anos em Goi\u00e2nia&#8221;, escrita pelo rep\u00f3rter Vandr\u00e9 Abreu, foi publicada no jornal do dia 16\/02.<\/p>\n\n\n\n<p>Ao atender a imprensa, a Juceg cumpre com seu papel social de fornecer informa\u00e7\u00f5es \u00e0 sociedade sobre o registro mercantil no Estado.<\/p>\n\n\n\n<p>Para ler a mat\u00e9ria toda, clique <strong><a href=\"https:\/\/goias.gov.br\/juceg\/wp-content\/uploads\/sites\/42\/2025\/02\/Juceg-citada-Opopular.pdf\">aqui.<\/a><\/strong><\/p>\n","protected":false},"excerpt":{"rendered":"<p>A Junta Comercial de Goi\u00e1s (Juceg) recebeu a demanda, do Jornal O Popular, para fornecer dados estat\u00edsticos sobre abertura e fechamento de empresas, em determinados locais da capital. A mat\u00e9ria &#8220;Corredores preferenciais e comerciantes vivem &#8216;briga&#8217; h\u00e1 mais de 10 anos em Goi\u00e2nia&#8221;, escrita pelo rep\u00f3rter Vandr\u00e9 Abreu, foi publicada no jornal do dia 16\/02. [&hellip;]<\/p>\n","protected":false},"author":374,"featured_media":10041,"comment_status":"closed","ping_status":"open","sticky":false,"template":"","format":"standard","meta":{"footnotes":""},"categories":[3],"tags":[44,41,42,43],"class_list":["post-10040","post","type-post","status-publish","format-standard","has-post-thumbnail","hentry","category-noticias","tag-empresas-2","tag-juceg","tag-juntacomercial","tag-juntacomercialdegoias"],"rttpg_featured_image_url":{"full":["https:\/\/goias.gov.br\/juceg\/wp-content\/uploads\/sites\/42\/2025\/02\/20.02-Junta-Comercial-e-fonte-em-materia-sobre-mobilidade-urbana-no-jornal-O-Popular.jpg",1080,1350,false],"landscape":["https:\/\/goias.gov.br\/juceg\/wp-content\/uploads\/sites\/42\/2025\/02\/20.02-Junta-Comercial-e-fonte-em-materia-sobre-mobilidade-urbana-no-jornal-O-Popular.jpg",1080,1350,false],"portraits":["https:\/\/goias.gov.br\/juceg\/wp-content\/uploads\/sites\/42\/2025\/02\/20.02-Junta-Comercial-e-fonte-em-materia-sobre-mobilidade-urbana-no-jornal-O-Popular.jpg",1080,1350,false],"thumbnail":["https:\/\/goias.gov.br\/juceg\/wp-content\/uploads\/sites\/42\/2025\/02\/20.02-Junta-Comercial-e-fonte-em-materia-sobre-mobilidade-urbana-no-jornal-O-Popular-150x150.jpg",150,150,true],"medium":["https:\/\/goias.gov.br\/juceg\/wp-content\/uploads\/sites\/42\/2025\/02\/20.02-Junta-Comercial-e-fonte-em-materia-sobre-mobilidade-urbana-no-jornal-O-Popular-240x300.jpg",240,300,true],"large":["https:\/\/goias.gov.br\/juceg\/wp-content\/uploads\/sites\/42\/2025\/02\/20.02-Junta-Comercial-e-fonte-em-materia-sobre-mobilidade-urbana-no-jornal-O-Popular-819x1024.jpg",819,1024,true],"1536x1536":["https:\/\/goias.gov.br\/juceg\/wp-content\/uploads\/sites\/42\/2025\/02\/20.02-Junta-Comercial-e-fonte-em-materia-sobre-mobilidade-urbana-no-jornal-O-Popular.jpg",1080,1350,false],"2048x2048":["https:\/\/goias.gov.br\/juceg\/wp-content\/uploads\/sites\/42\/2025\/02\/20.02-Junta-Comercial-e-fonte-em-materia-sobre-mobilidade-urbana-no-jornal-O-Popular.jpg",1080,1350,false]},"rttpg_author":{"display_name":"joaoacarvalho","author_link":"https:\/\/goias.gov.br\/juceg\/author\/joaoacarvalho\/"},"rttpg_comment":0,"rttpg_category":"<a href=\"https:\/\/goias.gov.br\/juceg\/categoria\/noticias\/\" rel=\"category tag\">Not\u00edcias<\/a>","rttpg_excerpt":"A Junta Comercial de Goi\u00e1s (Juceg) recebeu a demanda, do Jornal O Popular, para fornecer dados estat\u00edsticos sobre abertura e fechamento de empresas, em determinados locais da capital. A mat\u00e9ria &#8220;Corredores preferenciais e comerciantes vivem &#8216;briga&#8217; h\u00e1 mais de 10 anos em Goi\u00e2nia&#8221;, escrita pelo rep\u00f3rter Vandr\u00e9 Abreu, foi publicada no jornal do dia 16\/02.&hellip;","_links":{"self":[{"href":"https:\/\/goias.gov.br\/juceg\/wp-json\/wp\/v2\/posts\/10040","targetHints":{"allow":["GET"]}}],"collection":[{"href":"https:\/\/goias.gov.br\/juceg\/wp-json\/wp\/v2\/posts"}],"about":[{"href":"https:\/\/goias.gov.br\/juceg\/wp-json\/wp\/v2\/types\/post"}],"author":[{"embeddable":true,"href":"https:\/\/goias.gov.br\/juceg\/wp-json\/wp\/v2\/users\/374"}],"replies":[{"embeddable":true,"href":"https:\/\/goias.gov.br\/juceg\/wp-json\/wp\/v2\/comments?post=10040"}],"version-history":[{"count":2,"href":"https:\/\/goias.gov.br\/juceg\/wp-json\/wp\/v2\/posts\/10040\/revisions"}],"predecessor-version":[{"id":10045,"href":"https:\/\/goias.gov.br\/juceg\/wp-json\/wp\/v2\/posts\/10040\/revisions\/10045"}],"wp:featuredmedia":[{"embeddable":true,"href":"https:\/\/goias.gov.br\/juceg\/wp-json\/wp\/v2\/media\/10041"}],"wp:attachment":[{"href":"https:\/\/goias.gov.br\/juceg\/wp-json\/wp\/v2\/media?parent=10040"}],"wp:term":[{"taxonomy":"category","embeddable":true,"href":"https:\/\/goias.gov.br\/juceg\/wp-json\/wp\/v2\/categories?post=10040"},{"taxonomy":"post_tag","embeddable":true,"href":"https:\/\/goias.gov.br\/juceg\/wp-json\/wp\/v2\/tags?post=10040"}],"curies":[{"name":"wp","href":"https:\/\/api.w.org\/{rel}","templated":true}]}}