

{"id":8964,"date":"2024-10-25T11:32:57","date_gmt":"2024-10-25T14:32:57","guid":{"rendered":"https:\/\/goias.gov.br\/iquego\/?p=8964"},"modified":"2024-10-25T11:33:01","modified_gmt":"2024-10-25T14:33:01","slug":"diarias-2023","status":"publish","type":"post","link":"https:\/\/goias.gov.br\/iquego\/diarias-2023\/","title":{"rendered":"Di\u00e1rias 2023"},"content":{"rendered":"\n<p><a href=\"https:\/\/goias.gov.br\/iquego\/wp-content\/uploads\/sites\/16\/2024\/10\/Diarias-2023.xlsx\">Exportar Dados<\/a><\/p>\n\n\n\n<table class=\"planilhaview display\" style=\"width:100%\"><thead><tr><th>ANO<\/th><th>M\u00caS<\/th><th>NOME DO SERVIDOR<\/th><th>CARGO\/FUN\u00c7\u00c3O DO SERVIDOR<\/th><th>DESTINO ROTEIRO DA VIAGEM<\/th><th>MOTIVO DA VIAGEM<\/th><th>N\u00daMERO DE DIAS USUFRU\u00cdDOS POR AFASTAMENTO<\/th><th>DATA DE PARTIDA<\/th><th>DATA DE RETORNO<\/th><th>VALOR TOTAL DA DIARIA<\/th><\/tr><tr><th><input type=\"text\" placeholder=\"Filtrar ANO\"><\/th><th><input type=\"text\" placeholder=\"Filtrar M\u00caS\"><\/th><th><input type=\"text\" placeholder=\"Filtrar NOME DO SERVIDOR\"><\/th><th><input type=\"text\" placeholder=\"Filtrar CARGO\/FUN\u00c7\u00c3O DO SERVIDOR\"><\/th><th><input type=\"text\" placeholder=\"Filtrar DESTINO ROTEIRO DA VIAGEM\"><\/th><th><input type=\"text\" placeholder=\"Filtrar MOTIVO DA VIAGEM\"><\/th><th><input type=\"text\" placeholder=\"Filtrar N\u00daMERO DE DIAS USUFRU\u00cdDOS POR AFASTAMENTO\"><\/th><th><input type=\"text\" placeholder=\"Filtrar DATA DE PARTIDA\"><\/th><th><input type=\"text\" placeholder=\"Filtrar DATA DE RETORNO\"><\/th><th><input type=\"text\" placeholder=\"Filtrar VALOR TOTAL DA DIARIA\"><\/th><\/tr><\/thead><tbody><tr><td style=\"color: #000000; background-color: #FFFFFF;\">2023<\/td><td style=\"color: #000000; background-color: #FFFFFF;\">ABR<\/td><td style=\"color: #000000; background-color: #FFFFFF;\">LINDOMAR MOREIRA DA SILVA<\/td><td style=\"color: #000000; background-color: #FFFFFF;\">ASSESSOR<\/td><td style=\"color: #000000; background-color: #FFFFFF;\">BRAS\u00cdLIA\/DF<\/td><td style=\"color: #000000; background-color: #FFFFFF;\">CONDUZIR DIRETOR PRESIDENTE PARA PARTICIPAR NO SEMIN\u00c1RIO EXCEL\u00caNCIA NAS CONTRATA\u00c7\u00d5ES DAS EMPRESAS ESTATAIS 2023<\/td><td style=\"color: #000000; background-color: #FFFFFF;\">1\/2 (MEIO) DIA<\/td><td style=\"color: #000000; background-color: #FFFFFF;\">26\/04\/2023<\/td><td style=\"color: #000000; background-color: #FFFFFF;\">26\/04\/2023<\/td><td style=\"color: #000000; background-color: #FFFFFF;\">R$ 180,00<\/td><\/tr><tr><td style=\"color: #000000; background-color: #FFFFFF;\">2023<\/td><td style=\"color: #000000; background-color: #FFFFFF;\">ABR<\/td><td style=\"color: #000000; background-color: #FFFFFF;\">WENDERSON DE SOUSA<\/td><td style=\"color: #000000; background-color: #FFFFFF;\">CONTROLLER<\/td><td style=\"color: #000000; background-color: #FFFFFF;\">BRAS\u00cdLIA\/DF<\/td><td style=\"color: #000000; background-color: #FFFFFF;\">PARTICIPA\u00c7\u00c3O NO SEMIN\u00c1RIO EXCEL\u00caNCIA NAS CONTRATA\u00c7\u00d5ES DAS EMPRESAS ESTATAIS 2023<\/td><td style=\"color: #000000; background-color: #FFFFFF;\">02 (DOIS) DIAS<\/td><td style=\"color: #000000; background-color: #FFFFFF;\">26\/04\/2023<\/td><td style=\"color: #000000; background-color: #FFFFFF;\">28\/04\/2023<\/td><td style=\"color: #000000; background-color: #FFFFFF;\">R$ 800,00<\/td><\/tr><tr><td style=\"color: #000000; background-color: #FFFFFF;\">2023<\/td><td style=\"color: #000000; background-color: #FFFFFF;\">ABR<\/td><td style=\"color: #000000; background-color: #FFFFFF;\">PATR\u00cdCIA SODR\u00c9 DE OLIVEIRA<\/td><td style=\"color: #000000; background-color: #FFFFFF;\">GERENTE<\/td><td style=\"color: #000000; background-color: #FFFFFF;\">BRAS\u00cdLIA\/DF<\/td><td style=\"color: #000000; background-color: #FFFFFF;\">PARTICIPA\u00c7\u00c3O NO SEMIN\u00c1RIO EXCEL\u00caNCIA NAS CONTRATA\u00c7\u00d5ES DAS EMPRESAS ESTATAIS 2023<\/td><td style=\"color: #000000; background-color: #FFFFFF;\">02 (DOIS) DIAS<\/td><td style=\"color: #000000; background-color: #FFFFFF;\">26\/04\/2023<\/td><td style=\"color: #000000; background-color: #FFFFFF;\">28\/04\/2023<\/td><td style=\"color: #000000; background-color: #FFFFFF;\">R$ 720,00<\/td><\/tr><tr><td style=\"color: #000000; background-color: #FFFFFF;\">2023<\/td><td style=\"color: #000000; background-color: #FFFFFF;\">ABR<\/td><td style=\"color: #000000; background-color: #FFFFFF;\">LAURINDO DAMAS DA SILVA JUNIOR<\/td><td style=\"color: #000000; background-color: #FFFFFF;\">GERENTE<\/td><td style=\"color: #000000; background-color: #FFFFFF;\">BRAS\u00cdLIA\/DF<\/td><td style=\"color: #000000; background-color: #FFFFFF;\">PARTICIPA\u00c7\u00c3O NO SEMIN\u00c1RIO EXCEL\u00caNCIA NAS CONTRATA\u00c7\u00d5ES DAS EMPRESAS ESTATAIS 2023<\/td><td style=\"color: #000000; background-color: #FFFFFF;\">02 (DOIS) DIAS<\/td><td style=\"color: #000000; background-color: #FFFFFF;\">26\/04\/2023<\/td><td style=\"color: #000000; background-color: #FFFFFF;\">28\/04\/2023<\/td><td style=\"color: #000000; background-color: #FFFFFF;\">R$ 720,00<\/td><\/tr><tr><td style=\"color: #000000; background-color: #FFFFFF;\">2023<\/td><td style=\"color: #000000; background-color: #FFFFFF;\">ABR<\/td><td style=\"color: #000000; background-color: #FFFFFF;\">JOS\u00c9 CARLOS DOS SANTOS<\/td><td style=\"color: #000000; background-color: #FFFFFF;\">DIRETOR PRESIDENTE<\/td><td style=\"color: #000000; background-color: #FFFFFF;\">BRAS\u00cdLIA\/DF<\/td><td style=\"color: #000000; background-color: #FFFFFF;\">PARTICIPA\u00c7\u00c3O NO SEMIN\u00c1RIO EXCEL\u00caNCIA NAS CONTRATA\u00c7\u00d5ES DAS EMPRESAS ESTATAIS 2023<\/td><td style=\"color: #000000; background-color: #FFFFFF;\">02 (DOIS) DIAS<\/td><td style=\"color: #000000; background-color: #FFFFFF;\">26\/04\/2023<\/td><td style=\"color: #000000; background-color: #FFFFFF;\">28\/04\/2023<\/td><td style=\"color: #000000; background-color: #FFFFFF;\">R$ 800,00<\/td><\/tr><tr><td style=\"color: #000000; background-color: #FFFFFF;\">2023<\/td><td style=\"color: #000000; background-color: #FFFFFF;\">ABR<\/td><td style=\"color: #000000; background-color: #FFFFFF;\">H\u00c1LIS HUMBERTO AFONSO SIQUEIRA<\/td><td style=\"color: #000000; background-color: #FFFFFF;\">ASSESSOR<\/td><td style=\"color: #000000; background-color: #FFFFFF;\">BRAS\u00cdLIA\/DF<\/td><td style=\"color: #000000; background-color: #FFFFFF;\">PARTICIPA\u00c7\u00c3O NO SEMIN\u00c1RIO EXCEL\u00caNCIA NAS CONTRATA\u00c7\u00d5ES DAS EMPRESAS ESTATAIS 2023<\/td><td style=\"color: #000000; background-color: #FFFFFF;\">02 (DOIS) DIAS<\/td><td style=\"color: #000000; background-color: #FFFFFF;\">26\/04\/2023<\/td><td style=\"color: #000000; background-color: #FFFFFF;\">28\/04\/2023<\/td><td style=\"color: #000000; background-color: #FFFFFF;\">R$ 720,00<\/td><\/tr><tr><td style=\"color: #000000; background-color: #FFFFFF;\">2023<\/td><td style=\"color: #000000; background-color: #FFFFFF;\">ABR<\/td><td style=\"color: #000000; background-color: #FFFFFF;\">FRANCIELE MODENA<\/td><td style=\"color: #000000; background-color: #FFFFFF;\">ASSESSORA<\/td><td style=\"color: #000000; background-color: #FFFFFF;\">BRAS\u00cdLIA\/DF<\/td><td style=\"color: #000000; background-color: #FFFFFF;\">PARTICIPA\u00c7\u00c3O NO SEMIN\u00c1RIO EXCEL\u00caNCIA NAS CONTRATA\u00c7\u00d5ES DAS EMPRESAS ESTATAIS 2023<\/td><td style=\"color: #000000; background-color: #FFFFFF;\">02 (DOIS) DIAS<\/td><td style=\"color: #000000; background-color: #FFFFFF;\">26\/04\/2023<\/td><td style=\"color: #000000; background-color: #FFFFFF;\">28\/04\/2023<\/td><td style=\"color: #000000; background-color: #FFFFFF;\">R$ 720,00<\/td><\/tr><tr><td style=\"color: #000000; background-color: #FFFFFF;\">2023<\/td><td style=\"color: #000000; background-color: #FFFFFF;\">ABR<\/td><td style=\"color: #000000; background-color: #FFFFFF;\">C\u00c1SSIA ALBERTO CAJANGO<\/td><td style=\"color: #000000; background-color: #FFFFFF;\">ASSESSORA<\/td><td style=\"color: #000000; background-color: #FFFFFF;\">BRAS\u00cdLIA\/DF<\/td><td style=\"color: #000000; background-color: #FFFFFF;\">PARTICIPA\u00c7\u00c3O NO SEMIN\u00c1RIO EXCEL\u00caNCIA NAS CONTRATA\u00c7\u00d5ES DAS EMPRESAS ESTATAIS 2023<\/td><td style=\"color: #000000; background-color: #FFFFFF;\">02 (DOIS) DIAS<\/td><td style=\"color: #000000; background-color: #FFFFFF;\">26\/04\/2023<\/td><td style=\"color: #000000; background-color: #FFFFFF;\">28\/04\/2023<\/td><td style=\"color: #000000; background-color: #FFFFFF;\">R$ 720,00<\/td><\/tr><\/tbody><\/table><div class=\"wp-block-file\"><a href=\"https:\/\/goias.gov.br\/iquego\/wp-content\/uploads\/sites\/16\/2024\/10\/Diarias-2023.xlsx\">Diarias-2023.xlsx&nbsp; <span class=\"wp-block-file__button wp-element-button\">Baixar<\/span><\/a><\/div>\n","protected":false},"excerpt":{"rendered":"<p>Exportar Dados<\/p>\n","protected":false},"author":66,"featured_media":0,"comment_status":"closed","ping_status":"open","sticky":false,"template":"","format":"standard","meta":{"footnotes":""},"categories":[9],"tags":[],"class_list":["post-8964","post","type-post","status-publish","format-standard","hentry","category-institucional"],"rttpg_featured_image_url":null,"rttpg_author":{"display_name":"andrelrv","author_link":"https:\/\/goias.gov.br\/iquego\/author\/andrelrv\/"},"rttpg_comment":0,"rttpg_category":"<a href=\"https:\/\/goias.gov.br\/iquego\/category\/institucional\/\" rel=\"category tag\">Institucional<\/a>","rttpg_excerpt":"Exportar Dados","_links":{"self":[{"href":"https:\/\/goias.gov.br\/iquego\/wp-json\/wp\/v2\/posts\/8964","targetHints":{"allow":["GET"]}}],"collection":[{"href":"https:\/\/goias.gov.br\/iquego\/wp-json\/wp\/v2\/posts"}],"about":[{"href":"https:\/\/goias.gov.br\/iquego\/wp-json\/wp\/v2\/types\/post"}],"author":[{"embeddable":true,"href":"https:\/\/goias.gov.br\/iquego\/wp-json\/wp\/v2\/users\/66"}],"replies":[{"embeddable":true,"href":"https:\/\/goias.gov.br\/iquego\/wp-json\/wp\/v2\/comments?post=8964"}],"version-history":[{"count":1,"href":"https:\/\/goias.gov.br\/iquego\/wp-json\/wp\/v2\/posts\/8964\/revisions"}],"predecessor-version":[{"id":8965,"href":"https:\/\/goias.gov.br\/iquego\/wp-json\/wp\/v2\/posts\/8964\/revisions\/8965"}],"wp:attachment":[{"href":"https:\/\/goias.gov.br\/iquego\/wp-json\/wp\/v2\/media?parent=8964"}],"wp:term":[{"taxonomy":"category","embeddable":true,"href":"https:\/\/goias.gov.br\/iquego\/wp-json\/wp\/v2\/categories?post=8964"},{"taxonomy":"post_tag","embeddable":true,"href":"https:\/\/goias.gov.br\/iquego\/wp-json\/wp\/v2\/tags?post=8964"}],"curies":[{"name":"wp","href":"https:\/\/api.w.org\/{rel}","templated":true}]}}