

{"id":7292,"date":"2024-09-27T15:23:28","date_gmt":"2024-09-27T18:23:28","guid":{"rendered":"https:\/\/goias.gov.br\/iquego\/?p=7292"},"modified":"2025-01-24T11:06:41","modified_gmt":"2025-01-24T14:06:41","slug":"cassio-oliveira-barcelos","status":"publish","type":"post","link":"https:\/\/goias.gov.br\/iquego\/cassio-oliveira-barcelos\/","title":{"rendered":"C\u00e1ssio Oliveira Barcelos"},"content":{"rendered":"\n<div class=\"wp-block-media-text is-stacked-on-mobile\"><figure class=\"wp-block-media-text__media\"><img fetchpriority=\"high\" decoding=\"async\" width=\"1024\" height=\"683\" src=\"https:\/\/goias.gov.br\/iquego\/wp-content\/uploads\/sites\/16\/2024\/09\/WhatsApp-Image-2025-01-23-at-09.34.47-1024x683.jpeg\" alt=\"\" class=\"wp-image-12824 size-full\" srcset=\"https:\/\/goias.gov.br\/iquego\/wp-content\/uploads\/sites\/16\/2024\/09\/WhatsApp-Image-2025-01-23-at-09.34.47-1024x683.jpeg 1024w, https:\/\/goias.gov.br\/iquego\/wp-content\/uploads\/sites\/16\/2024\/09\/WhatsApp-Image-2025-01-23-at-09.34.47-300x200.jpeg 300w, https:\/\/goias.gov.br\/iquego\/wp-content\/uploads\/sites\/16\/2024\/09\/WhatsApp-Image-2025-01-23-at-09.34.47-768x512.jpeg 768w, https:\/\/goias.gov.br\/iquego\/wp-content\/uploads\/sites\/16\/2024\/09\/WhatsApp-Image-2025-01-23-at-09.34.47-1536x1024.jpeg 1536w, https:\/\/goias.gov.br\/iquego\/wp-content\/uploads\/sites\/16\/2024\/09\/WhatsApp-Image-2025-01-23-at-09.34.47-2048x1366.jpeg 2048w\" sizes=\"(max-width: 1024px) 100vw, 1024px\" \/><\/figure><div class=\"wp-block-media-text__content\">\n<p>C\u00e1ssio Oliveira Barcelos \u00e9 graduado em Tecnologia em Processos Gerenciais pelo Centro Universit\u00e1rio de Goi\u00e1s &#8211; UNIGOI\u00c1S e especialista em Gest\u00e3o, Pessoas e Inova\u00e7\u00e3o pela Escola de Governo. Atualmente, ocupante do cargo de Chefe do N\u00facleo Executivo Estrat\u00e9gico da Governadoria do Estado de Goi\u00e1s. Vale destacar que o referido N\u00facleo Executivo \u00e9 estabelecido como unidade correlata da Rede de Gest\u00e3o de Pessoas, vinculada \u00e0 Secretaria de Estado da Administra\u00e7\u00e3o.<\/p>\n\n\n\n<p>Durante sua carreira na gest\u00e3o p\u00fablica \u00e9 refer\u00eancia em aprimora\u00e7\u00e3o na \u00e1rea de atua\u00e7\u00e3o, reflexo disso \u00e9 dispor de uma gama de certifica\u00e7\u00f5es em Gest\u00e3o de Pessoas, Processos e Projetos, al\u00e9m de possuir certifica\u00e7\u00e3o completa em Compliance P\u00fablico. N\u00e3o obstante, certificado, tamb\u00e9m, no Programa Executivo em Inova\u00e7\u00e3o e Articula\u00e7\u00e3o Pol\u00edtica pelo Instituto de Ensino e Pesquisa &#8211; INSPER.<\/p>\n\n\n\n<p>Possui uma longa trajet\u00f3ria pelo Estado de Goi\u00e1s, marcada por encargos de destaque, como o per\u00edodo em que foi Superintendente de Reda\u00e7\u00e3o da Governadoria e tamb\u00e9m liderou a Assessoria Especial de Assuntos Estrat\u00e9gicos, ambos da Governadoria. Al\u00e9m disso, \u00e9 membro do Conselho de Administra\u00e7\u00e3o da Ind\u00fastria Qu\u00edmica do Estado de Goi\u00e1s S\/A &#8211; IQUEGO desde o in\u00edcio do ano de 2020.<\/p>\n<\/div><\/div>\n","protected":false},"excerpt":{"rendered":"<p>C\u00e1ssio Oliveira Barcelos \u00e9 graduado em Tecnologia em Processos Gerenciais pelo Centro Universit\u00e1rio de Goi\u00e1s &#8211; UNIGOI\u00c1S e especialista em Gest\u00e3o, Pessoas e Inova\u00e7\u00e3o pela Escola de Governo. Atualmente, ocupante do cargo de Chefe do N\u00facleo Executivo Estrat\u00e9gico da Governadoria do Estado de Goi\u00e1s. Vale destacar que o referido N\u00facleo Executivo \u00e9 estabelecido como unidade [&hellip;]<\/p>\n","protected":false},"author":66,"featured_media":0,"comment_status":"closed","ping_status":"open","sticky":false,"template":"","format":"standard","meta":{"footnotes":""},"categories":[9],"tags":[],"class_list":["post-7292","post","type-post","status-publish","format-standard","hentry","category-institucional"],"rttpg_featured_image_url":null,"rttpg_author":{"display_name":"andrelrv","author_link":"https:\/\/goias.gov.br\/iquego\/author\/andrelrv\/"},"rttpg_comment":0,"rttpg_category":"<a href=\"https:\/\/goias.gov.br\/iquego\/category\/institucional\/\" rel=\"category tag\">Institucional<\/a>","rttpg_excerpt":"C\u00e1ssio Oliveira Barcelos \u00e9 graduado em Tecnologia em Processos Gerenciais pelo Centro Universit\u00e1rio de Goi\u00e1s &#8211; UNIGOI\u00c1S e especialista em Gest\u00e3o, Pessoas e Inova\u00e7\u00e3o pela Escola de Governo. Atualmente, ocupante do cargo de Chefe do N\u00facleo Executivo Estrat\u00e9gico da Governadoria do Estado de Goi\u00e1s. Vale destacar que o referido N\u00facleo Executivo \u00e9 estabelecido como unidade&hellip;","_links":{"self":[{"href":"https:\/\/goias.gov.br\/iquego\/wp-json\/wp\/v2\/posts\/7292","targetHints":{"allow":["GET"]}}],"collection":[{"href":"https:\/\/goias.gov.br\/iquego\/wp-json\/wp\/v2\/posts"}],"about":[{"href":"https:\/\/goias.gov.br\/iquego\/wp-json\/wp\/v2\/types\/post"}],"author":[{"embeddable":true,"href":"https:\/\/goias.gov.br\/iquego\/wp-json\/wp\/v2\/users\/66"}],"replies":[{"embeddable":true,"href":"https:\/\/goias.gov.br\/iquego\/wp-json\/wp\/v2\/comments?post=7292"}],"version-history":[{"count":2,"href":"https:\/\/goias.gov.br\/iquego\/wp-json\/wp\/v2\/posts\/7292\/revisions"}],"predecessor-version":[{"id":12825,"href":"https:\/\/goias.gov.br\/iquego\/wp-json\/wp\/v2\/posts\/7292\/revisions\/12825"}],"wp:attachment":[{"href":"https:\/\/goias.gov.br\/iquego\/wp-json\/wp\/v2\/media?parent=7292"}],"wp:term":[{"taxonomy":"category","embeddable":true,"href":"https:\/\/goias.gov.br\/iquego\/wp-json\/wp\/v2\/categories?post=7292"},{"taxonomy":"post_tag","embeddable":true,"href":"https:\/\/goias.gov.br\/iquego\/wp-json\/wp\/v2\/tags?post=7292"}],"curies":[{"name":"wp","href":"https:\/\/api.w.org\/{rel}","templated":true}]}}