

{"id":7266,"date":"2024-09-27T15:15:20","date_gmt":"2024-09-27T18:15:20","guid":{"rendered":"https:\/\/goias.gov.br\/iquego\/?p=7266"},"modified":"2025-07-09T13:33:51","modified_gmt":"2025-07-09T16:33:51","slug":"ludimillacs","status":"publish","type":"post","link":"https:\/\/goias.gov.br\/iquego\/ludimillacs\/","title":{"rendered":"Ludimilla Corr\u00eaa de Souza"},"content":{"rendered":"\n<div class=\"wp-block-media-text is-stacked-on-mobile\" style=\"grid-template-columns:26% auto\"><figure class=\"wp-block-media-text__media\"><img fetchpriority=\"high\" decoding=\"async\" width=\"564\" height=\"715\" src=\"https:\/\/goias.gov.br\/iquego\/wp-content\/uploads\/sites\/16\/2024\/09\/Ludmila.jpg\" alt=\"\" class=\"wp-image-17062 size-full\" srcset=\"https:\/\/goias.gov.br\/iquego\/wp-content\/uploads\/sites\/16\/2024\/09\/Ludmila.jpg 564w, https:\/\/goias.gov.br\/iquego\/wp-content\/uploads\/sites\/16\/2024\/09\/Ludmila-237x300.jpg 237w\" sizes=\"(max-width: 564px) 100vw, 564px\" \/><\/figure><div class=\"wp-block-media-text__content\">\n<p>Ludimilla Corr\u00eaa de Souza \u00e9 graduada em Direito e possui p\u00f3s-gradua\u00e7\u00e3o em Direito P\u00fablico. Atuou na gest\u00e3o da Procuradoria-Geral da CELG e integrou a Comiss\u00e3o Administrativa de Defesa Pr\u00e9via do DETRAN\/GO. Atualmente, exerce suas fun\u00e7\u00f5es na Procuradoria Setorial do DETRAN\/GO.<\/p>\n<\/div><\/div>\n\n\n\n<p><\/p>\n","protected":false},"excerpt":{"rendered":"<p>Ludimilla Corr\u00eaa de Souza \u00e9 graduada em Direito e possui p\u00f3s-gradua\u00e7\u00e3o em Direito P\u00fablico. Atuou na gest\u00e3o da Procuradoria-Geral da CELG e integrou a Comiss\u00e3o Administrativa de Defesa Pr\u00e9via do DETRAN\/GO. Atualmente, exerce suas fun\u00e7\u00f5es na Procuradoria Setorial do DETRAN\/GO.<\/p>\n","protected":false},"author":66,"featured_media":0,"comment_status":"closed","ping_status":"open","sticky":false,"template":"","format":"standard","meta":{"footnotes":""},"categories":[9],"tags":[],"class_list":["post-7266","post","type-post","status-publish","format-standard","hentry","category-institucional"],"rttpg_featured_image_url":null,"rttpg_author":{"display_name":"andrelrv","author_link":"https:\/\/goias.gov.br\/iquego\/author\/andrelrv\/"},"rttpg_comment":0,"rttpg_category":"<a href=\"https:\/\/goias.gov.br\/iquego\/category\/institucional\/\" rel=\"category tag\">Institucional<\/a>","rttpg_excerpt":"Ludimilla Corr\u00eaa de Souza \u00e9 graduada em Direito e possui p\u00f3s-gradua\u00e7\u00e3o em Direito P\u00fablico. Atuou na gest\u00e3o da Procuradoria-Geral da CELG e integrou a Comiss\u00e3o Administrativa de Defesa Pr\u00e9via do DETRAN\/GO. Atualmente, exerce suas fun\u00e7\u00f5es na Procuradoria Setorial do DETRAN\/GO.","_links":{"self":[{"href":"https:\/\/goias.gov.br\/iquego\/wp-json\/wp\/v2\/posts\/7266","targetHints":{"allow":["GET"]}}],"collection":[{"href":"https:\/\/goias.gov.br\/iquego\/wp-json\/wp\/v2\/posts"}],"about":[{"href":"https:\/\/goias.gov.br\/iquego\/wp-json\/wp\/v2\/types\/post"}],"author":[{"embeddable":true,"href":"https:\/\/goias.gov.br\/iquego\/wp-json\/wp\/v2\/users\/66"}],"replies":[{"embeddable":true,"href":"https:\/\/goias.gov.br\/iquego\/wp-json\/wp\/v2\/comments?post=7266"}],"version-history":[{"count":2,"href":"https:\/\/goias.gov.br\/iquego\/wp-json\/wp\/v2\/posts\/7266\/revisions"}],"predecessor-version":[{"id":17131,"href":"https:\/\/goias.gov.br\/iquego\/wp-json\/wp\/v2\/posts\/7266\/revisions\/17131"}],"wp:attachment":[{"href":"https:\/\/goias.gov.br\/iquego\/wp-json\/wp\/v2\/media?parent=7266"}],"wp:term":[{"taxonomy":"category","embeddable":true,"href":"https:\/\/goias.gov.br\/iquego\/wp-json\/wp\/v2\/categories?post=7266"},{"taxonomy":"post_tag","embeddable":true,"href":"https:\/\/goias.gov.br\/iquego\/wp-json\/wp\/v2\/tags?post=7266"}],"curies":[{"name":"wp","href":"https:\/\/api.w.org\/{rel}","templated":true}]}}