

{"id":6728,"date":"2024-09-17T16:02:36","date_gmt":"2024-09-17T19:02:36","guid":{"rendered":"https:\/\/goias.gov.br\/iquego\/?p=6728"},"modified":"2024-09-18T15:17:41","modified_gmt":"2024-09-18T18:17:41","slug":"joao-mauro-de-sousa","status":"publish","type":"post","link":"https:\/\/goias.gov.br\/iquego\/joao-mauro-de-sousa\/","title":{"rendered":"Jo\u00e3o Mauro de Sousa"},"content":{"rendered":"\n<div class=\"wp-block-media-text is-stacked-on-mobile\" style=\"grid-template-columns:18% auto\"><figure class=\"wp-block-media-text__media\"><img fetchpriority=\"high\" decoding=\"async\" width=\"461\" height=\"1024\" src=\"https:\/\/goias.gov.br\/iquego\/wp-content\/uploads\/sites\/16\/2024\/09\/Joao--461x1024.jpeg\" alt=\"\" class=\"wp-image-6845 size-full\" srcset=\"https:\/\/goias.gov.br\/iquego\/wp-content\/uploads\/sites\/16\/2024\/09\/Joao--461x1024.jpeg 461w, https:\/\/goias.gov.br\/iquego\/wp-content\/uploads\/sites\/16\/2024\/09\/Joao--135x300.jpeg 135w, https:\/\/goias.gov.br\/iquego\/wp-content\/uploads\/sites\/16\/2024\/09\/Joao--691x1536.jpeg 691w, https:\/\/goias.gov.br\/iquego\/wp-content\/uploads\/sites\/16\/2024\/09\/Joao-.jpeg 720w\" sizes=\"(max-width: 461px) 100vw, 461px\" \/><\/figure><div class=\"wp-block-media-text__content\">\n<p>Natural de Jovi\u00e2nia &#8211; Goi\u00e1s, Jo\u00e3o Mauro de Sousa, formado em administra\u00e7\u00e3o de empresas pela Unifan, trabalhou como assessor parlamentar &#8211; assembleia legislativa do Estado de Goi\u00e1s, chefia de gabinete e diretor de fiscaliza\u00e7\u00e3o &#8211; companhia de transporte coletivo do munic\u00edpio de Goi\u00e2nia, secret\u00e1rio executivo na secretaria de assist\u00eancia social, pela prefeitura municipal de aparecida de Goi\u00e2nia.<\/p>\n<\/div><\/div>\n","protected":false},"excerpt":{"rendered":"<p>Natural de Jovi\u00e2nia &#8211; Goi\u00e1s, Jo\u00e3o Mauro de Sousa, formado em administra\u00e7\u00e3o de empresas pela Unifan, trabalhou como assessor parlamentar &#8211; assembleia legislativa do Estado de Goi\u00e1s, chefia de gabinete e diretor de fiscaliza\u00e7\u00e3o &#8211; companhia de transporte coletivo do munic\u00edpio de Goi\u00e2nia, secret\u00e1rio executivo na secretaria de assist\u00eancia social, pela prefeitura municipal de aparecida [&hellip;]<\/p>\n","protected":false},"author":66,"featured_media":0,"comment_status":"closed","ping_status":"open","sticky":false,"template":"","format":"standard","meta":{"footnotes":""},"categories":[9],"tags":[],"class_list":["post-6728","post","type-post","status-publish","format-standard","hentry","category-institucional"],"rttpg_featured_image_url":null,"rttpg_author":{"display_name":"andrelrv","author_link":"https:\/\/goias.gov.br\/iquego\/author\/andrelrv\/"},"rttpg_comment":0,"rttpg_category":"<a href=\"https:\/\/goias.gov.br\/iquego\/category\/institucional\/\" rel=\"category tag\">Institucional<\/a>","rttpg_excerpt":"Natural de Jovi\u00e2nia &#8211; Goi\u00e1s, Jo\u00e3o Mauro de Sousa, formado em administra\u00e7\u00e3o de empresas pela Unifan, trabalhou como assessor parlamentar &#8211; assembleia legislativa do Estado de Goi\u00e1s, chefia de gabinete e diretor de fiscaliza\u00e7\u00e3o &#8211; companhia de transporte coletivo do munic\u00edpio de Goi\u00e2nia, secret\u00e1rio executivo na secretaria de assist\u00eancia social, pela prefeitura municipal de aparecida&hellip;","_links":{"self":[{"href":"https:\/\/goias.gov.br\/iquego\/wp-json\/wp\/v2\/posts\/6728","targetHints":{"allow":["GET"]}}],"collection":[{"href":"https:\/\/goias.gov.br\/iquego\/wp-json\/wp\/v2\/posts"}],"about":[{"href":"https:\/\/goias.gov.br\/iquego\/wp-json\/wp\/v2\/types\/post"}],"author":[{"embeddable":true,"href":"https:\/\/goias.gov.br\/iquego\/wp-json\/wp\/v2\/users\/66"}],"replies":[{"embeddable":true,"href":"https:\/\/goias.gov.br\/iquego\/wp-json\/wp\/v2\/comments?post=6728"}],"version-history":[{"count":2,"href":"https:\/\/goias.gov.br\/iquego\/wp-json\/wp\/v2\/posts\/6728\/revisions"}],"predecessor-version":[{"id":6846,"href":"https:\/\/goias.gov.br\/iquego\/wp-json\/wp\/v2\/posts\/6728\/revisions\/6846"}],"wp:attachment":[{"href":"https:\/\/goias.gov.br\/iquego\/wp-json\/wp\/v2\/media?parent=6728"}],"wp:term":[{"taxonomy":"category","embeddable":true,"href":"https:\/\/goias.gov.br\/iquego\/wp-json\/wp\/v2\/categories?post=6728"},{"taxonomy":"post_tag","embeddable":true,"href":"https:\/\/goias.gov.br\/iquego\/wp-json\/wp\/v2\/tags?post=6728"}],"curies":[{"name":"wp","href":"https:\/\/api.w.org\/{rel}","templated":true}]}}