

{"id":6674,"date":"2024-09-17T11:53:04","date_gmt":"2024-09-17T14:53:04","guid":{"rendered":"https:\/\/goias.gov.br\/iquego\/?p=6674"},"modified":"2024-09-17T15:37:42","modified_gmt":"2024-09-17T18:37:42","slug":"rodrigo-hebert-correa-tenente-coronel","status":"publish","type":"post","link":"https:\/\/goias.gov.br\/iquego\/rodrigo-hebert-correa-tenente-coronel\/","title":{"rendered":"Rodrigo Hebert Corr\u00eaa -Tenente Coronel"},"content":{"rendered":"\n<div class=\"wp-block-media-text is-stacked-on-mobile\" style=\"grid-template-columns:41% auto\"><figure class=\"wp-block-media-text__media\"><img fetchpriority=\"high\" decoding=\"async\" width=\"1024\" height=\"831\" src=\"https:\/\/goias.gov.br\/iquego\/wp-content\/uploads\/sites\/16\/2024\/09\/rodrigo-1-1024x831.jpg\" alt=\"\" class=\"wp-image-6686 size-full\" srcset=\"https:\/\/goias.gov.br\/iquego\/wp-content\/uploads\/sites\/16\/2024\/09\/rodrigo-1-1024x831.jpg 1024w, https:\/\/goias.gov.br\/iquego\/wp-content\/uploads\/sites\/16\/2024\/09\/rodrigo-1-300x244.jpg 300w, https:\/\/goias.gov.br\/iquego\/wp-content\/uploads\/sites\/16\/2024\/09\/rodrigo-1-768x623.jpg 768w, https:\/\/goias.gov.br\/iquego\/wp-content\/uploads\/sites\/16\/2024\/09\/rodrigo-1-1536x1247.jpg 1536w, https:\/\/goias.gov.br\/iquego\/wp-content\/uploads\/sites\/16\/2024\/09\/rodrigo-1.jpg 1577w\" sizes=\"(max-width: 1024px) 100vw, 1024px\" \/><\/figure><div class=\"wp-block-media-text__content\">\n<p>Tenente Coronel Graduado em DIREITO<br>Universidade Salgado de Oliveira, UNIVERSO, Niter\u00f3i, Brasil.Especialista em Gerenciamento Em Seguran\u00e7a P\u00fablica \u2013 CEGESP<br>Universidade Estadual de Goi\u00e1s, UEG, An\u00e1polis \u2013 GO, P\u00f3s-graduado em Altos Estudos De Seguran\u00e7a P\u00fablica \u2013 CAESP<br>Fun\u00e7\u00f5es que exerceu:<br>Superintendente de Seguran\u00e7a Militar \u2013 Secretaria de Estado da Casa Militar \u2013 SECAMI<br>Gerente De Ajudante De Ordens 1\u2013 Secretaria de Estado da Casa Militar \u2013 SECAMI, 09\/01\/2019 a 30\/03\/2022<br>Chefe da P\/3 do Batalh\u00e3o de Opera\u00e7\u00f5es Especiais &#8211; BOPE &#8211; Pol\u00edcia Militar do Estado de Goi\u00e1s, 07\/12\/2018 a 02\/01\/2019<br>Subcomandante do Batalh\u00e3o de Opera\u00e7\u00f5es Especiais &#8211; BOPE &#8211; Pol\u00edcia Militar do Estado de Goi\u00e1s, 22\/01\/2018 a 02\/01\/2019<br>Comandante da 2\u00aa CIA do Batalh\u00e3o de Opera\u00e7\u00f5es Especiais &#8211; BOPE &#8211; Pol\u00edcia Militar do Estado de Goi\u00e1s, 28\/09\/2016 a 02\/01\/2019<br>Chefe da P\/1 do Batalh\u00e3o de Opera\u00e7\u00f5es Especiais &#8211; BOPE &#8211; Pol\u00edcia Militar do Estado de Goi\u00e1s, 28\/09\/2016 a 16\/11\/2016<br>Subcomandante do Batalh\u00e3o de Opera\u00e7\u00f5es Especiais &#8211; BOPE &#8211; Pol\u00edcia Militar do Estado de Goi\u00e1s, 28\/07\/2016 a 19\/09\/2016<br>Comandante Do Policiamento da Unidade do Batalh\u00e3o de Opera\u00e7\u00f5es Especiais &#8211; BOPE &#8211; Pol\u00edcia Militar do Estado de Goi\u00e1s, 21\/12\/2015 a 02\/01\/2019<br>Comandante da 2\u00aa CIA do Batalh\u00e3o de Opera\u00e7\u00f5es Especiais &#8211; BOPE &#8211; Pol\u00edcia Militar do Estado de Goi\u00e1s, 13\/05\/2015 a 22\/03\/2016<br>Comandante da 1\u00aa CIA do Batalh\u00e3o de Opera\u00e7\u00f5es Especiais &#8211; BOPE &#8211; Pol\u00edcia Militar do Estado de Goi\u00e1s, 13\/05\/2015 a 21\/12\/2015<br>Comandante do GATE da 1\u00aa Companhia de Opera\u00e7\u00f5es Especiais &#8211; CIOE &#8211; Pol\u00edcia Militar do Estado de Goi\u00e1s, 08\/09\/2014 a 23\/01\/2015<br>Comandante do GAPP da 1\u00aa Companhia de Opera\u00e7\u00f5es Especiais &#8211; CIOE &#8211; Pol\u00edcia Militar do Estado de Goi\u00e1s, 14\/01\/2014 a 03\/05\/2014<br>Chefe da P\/2 da 1\u00aa Companhia de Opera\u00e7\u00f5es Especiais &#8211; CIOE &#8211; Pol\u00edcia Militar do Estado de Goi\u00e1s, 14\/01\/2014 a 05\/06\/2014<br>Oficial De Opera\u00e7\u00f5es da 1\u00aa Companhia de Opera\u00e7\u00f5es Especiais &#8211; CIOE &#8211; Pol\u00edcia Militar do Estado de Goi\u00e1s, 13\/08\/2013 a 23\/01\/2015<br>Chefe da Se\u00e7\u00e3o de Instru\u00e7\u00e3o e Ensino da 1\u00aa Companhia de Opera\u00e7\u00f5es Especiais &#8211; CIOE &#8211; Pol\u00edcia Militar do Estado de Goi\u00e1s, 13\/08\/2013 a 08\/09\/2014<br>Comandante &#8211; 1\u00aa CIA &#8211; 8\u00ba BPM (2\u00ba CRPM) Pol\u00edcia Militar do Estado de Goi\u00e1s, 09\/01\/2013 a 25\/01\/2013<br>Atua\u00e7\u00e3o Profissional:<br>Policial Militar do Estado de Goi\u00e1s &#8211; PMGO (2010 &#8211; Atualmente)<\/p>\n\n\n\n<p><\/p>\n<\/div><\/div>\n","protected":false},"excerpt":{"rendered":"<p>Tenente Coronel Graduado em DIREITOUniversidade Salgado de Oliveira, UNIVERSO, Niter\u00f3i, Brasil.Especialista em Gerenciamento Em Seguran\u00e7a P\u00fablica \u2013 CEGESPUniversidade Estadual de Goi\u00e1s, UEG, An\u00e1polis \u2013 GO, P\u00f3s-graduado em Altos Estudos De Seguran\u00e7a P\u00fablica \u2013 CAESPFun\u00e7\u00f5es que exerceu:Superintendente de Seguran\u00e7a Militar \u2013 Secretaria de Estado da Casa Militar \u2013 SECAMIGerente De Ajudante De Ordens 1\u2013 Secretaria de [&hellip;]<\/p>\n","protected":false},"author":66,"featured_media":0,"comment_status":"closed","ping_status":"open","sticky":false,"template":"","format":"standard","meta":{"footnotes":""},"categories":[9,1],"tags":[],"class_list":["post-6674","post","type-post","status-publish","format-standard","hentry","category-institucional","category-sem-categoria"],"rttpg_featured_image_url":null,"rttpg_author":{"display_name":"andrelrv","author_link":"https:\/\/goias.gov.br\/iquego\/author\/andrelrv\/"},"rttpg_comment":0,"rttpg_category":"<a href=\"https:\/\/goias.gov.br\/iquego\/category\/institucional\/\" rel=\"category tag\">Institucional<\/a> <a href=\"https:\/\/goias.gov.br\/iquego\/category\/sem-categoria\/\" rel=\"category tag\">Sem categoria<\/a>","rttpg_excerpt":"Tenente Coronel Graduado em DIREITOUniversidade Salgado de Oliveira, UNIVERSO, Niter\u00f3i, Brasil.Especialista em Gerenciamento Em Seguran\u00e7a P\u00fablica \u2013 CEGESPUniversidade Estadual de Goi\u00e1s, UEG, An\u00e1polis \u2013 GO, P\u00f3s-graduado em Altos Estudos De Seguran\u00e7a P\u00fablica \u2013 CAESPFun\u00e7\u00f5es que exerceu:Superintendente de Seguran\u00e7a Militar \u2013 Secretaria de Estado da Casa Militar \u2013 SECAMIGerente De Ajudante De Ordens 1\u2013 Secretaria de&hellip;","_links":{"self":[{"href":"https:\/\/goias.gov.br\/iquego\/wp-json\/wp\/v2\/posts\/6674","targetHints":{"allow":["GET"]}}],"collection":[{"href":"https:\/\/goias.gov.br\/iquego\/wp-json\/wp\/v2\/posts"}],"about":[{"href":"https:\/\/goias.gov.br\/iquego\/wp-json\/wp\/v2\/types\/post"}],"author":[{"embeddable":true,"href":"https:\/\/goias.gov.br\/iquego\/wp-json\/wp\/v2\/users\/66"}],"replies":[{"embeddable":true,"href":"https:\/\/goias.gov.br\/iquego\/wp-json\/wp\/v2\/comments?post=6674"}],"version-history":[{"count":2,"href":"https:\/\/goias.gov.br\/iquego\/wp-json\/wp\/v2\/posts\/6674\/revisions"}],"predecessor-version":[{"id":6703,"href":"https:\/\/goias.gov.br\/iquego\/wp-json\/wp\/v2\/posts\/6674\/revisions\/6703"}],"wp:attachment":[{"href":"https:\/\/goias.gov.br\/iquego\/wp-json\/wp\/v2\/media?parent=6674"}],"wp:term":[{"taxonomy":"category","embeddable":true,"href":"https:\/\/goias.gov.br\/iquego\/wp-json\/wp\/v2\/categories?post=6674"},{"taxonomy":"post_tag","embeddable":true,"href":"https:\/\/goias.gov.br\/iquego\/wp-json\/wp\/v2\/tags?post=6674"}],"curies":[{"name":"wp","href":"https:\/\/api.w.org\/{rel}","templated":true}]}}