

{"id":6456,"date":"2024-09-13T14:55:07","date_gmt":"2024-09-13T17:55:07","guid":{"rendered":"https:\/\/goias.gov.br\/iquego\/?p=6456"},"modified":"2024-09-16T14:57:56","modified_gmt":"2024-09-16T17:57:56","slug":"lais-de-castro-viana","status":"publish","type":"post","link":"https:\/\/goias.gov.br\/iquego\/lais-de-castro-viana\/","title":{"rendered":"Lais de Castro Viana"},"content":{"rendered":"\n<p><\/p>\n\n\n\n<div class=\"wp-block-media-text is-stacked-on-mobile\" style=\"grid-template-columns:24% auto\"><figure class=\"wp-block-media-text__media\"><img fetchpriority=\"high\" decoding=\"async\" width=\"354\" height=\"629\" src=\"https:\/\/goias.gov.br\/iquego\/wp-content\/uploads\/sites\/16\/2024\/09\/foto-Prsidente-576x1024-1.jpeg\" alt=\"\" class=\"wp-image-6479 size-full\" srcset=\"https:\/\/goias.gov.br\/iquego\/wp-content\/uploads\/sites\/16\/2024\/09\/foto-Prsidente-576x1024-1.jpeg 354w, https:\/\/goias.gov.br\/iquego\/wp-content\/uploads\/sites\/16\/2024\/09\/foto-Prsidente-576x1024-1-169x300.jpeg 169w\" sizes=\"(max-width: 354px) 100vw, 354px\" \/><\/figure><div class=\"wp-block-media-text__content\">\n<p>Forma\u00e7\u00e3o: Lais de Castro Viana \u00e9 Graduada em Administra\u00e7\u00e3o de Empresas pela Faculdade Padr\u00e3o. Participou dos Cursos: Gest\u00e3o Administra\u00e7\u00e3o P\u00fablica, Capacita\u00e7\u00e3o em Licita\u00e7\u00e3o, Capacita\u00e7\u00e3o Patrimoniais e Consultoria, Assessoria e Treinamento a Gest\u00e3o Governamental EIRELI.<\/p>\n\n\n\n<p>Experi\u00eancias: Foi Administradora na empresa Limpaf\u00e1cil Prestadora de Servi\u00e7os LTDA, Controladora Financeira na Evoluti Tecnologia e Servi\u00e7os LTDA, trabalhou na Secretaria de Estado da Administra\u00e7\u00e3o, foi Assessora na Assembleia Legislativa Estado de Goi\u00e1s e Coordenadora da Comiss\u00e3o de Patrim\u00f4nio na Companhia de Urbaniza\u00e7\u00e3o de Goi\u00e2nia- COMURG.<\/p>\n<\/div><\/div>\n","protected":false},"excerpt":{"rendered":"<p>Forma\u00e7\u00e3o: Lais de Castro Viana \u00e9 Graduada em Administra\u00e7\u00e3o de Empresas pela Faculdade Padr\u00e3o. Participou dos Cursos: Gest\u00e3o Administra\u00e7\u00e3o P\u00fablica, Capacita\u00e7\u00e3o em Licita\u00e7\u00e3o, Capacita\u00e7\u00e3o Patrimoniais e Consultoria, Assessoria e Treinamento a Gest\u00e3o Governamental EIRELI. Experi\u00eancias: Foi Administradora na empresa Limpaf\u00e1cil Prestadora de Servi\u00e7os LTDA, Controladora Financeira na Evoluti Tecnologia e Servi\u00e7os LTDA, trabalhou na Secretaria [&hellip;]<\/p>\n","protected":false},"author":66,"featured_media":0,"comment_status":"closed","ping_status":"open","sticky":false,"template":"","format":"standard","meta":{"footnotes":""},"categories":[9,1],"tags":[],"class_list":["post-6456","post","type-post","status-publish","format-standard","hentry","category-institucional","category-sem-categoria"],"rttpg_featured_image_url":null,"rttpg_author":{"display_name":"andrelrv","author_link":"https:\/\/goias.gov.br\/iquego\/author\/andrelrv\/"},"rttpg_comment":0,"rttpg_category":"<a href=\"https:\/\/goias.gov.br\/iquego\/category\/institucional\/\" rel=\"category tag\">Institucional<\/a> <a href=\"https:\/\/goias.gov.br\/iquego\/category\/sem-categoria\/\" rel=\"category tag\">Sem categoria<\/a>","rttpg_excerpt":"Forma\u00e7\u00e3o: Lais de Castro Viana \u00e9 Graduada em Administra\u00e7\u00e3o de Empresas pela Faculdade Padr\u00e3o. Participou dos Cursos: Gest\u00e3o Administra\u00e7\u00e3o P\u00fablica, Capacita\u00e7\u00e3o em Licita\u00e7\u00e3o, Capacita\u00e7\u00e3o Patrimoniais e Consultoria, Assessoria e Treinamento a Gest\u00e3o Governamental EIRELI. Experi\u00eancias: Foi Administradora na empresa Limpaf\u00e1cil Prestadora de Servi\u00e7os LTDA, Controladora Financeira na Evoluti Tecnologia e Servi\u00e7os LTDA, trabalhou na Secretaria&hellip;","_links":{"self":[{"href":"https:\/\/goias.gov.br\/iquego\/wp-json\/wp\/v2\/posts\/6456","targetHints":{"allow":["GET"]}}],"collection":[{"href":"https:\/\/goias.gov.br\/iquego\/wp-json\/wp\/v2\/posts"}],"about":[{"href":"https:\/\/goias.gov.br\/iquego\/wp-json\/wp\/v2\/types\/post"}],"author":[{"embeddable":true,"href":"https:\/\/goias.gov.br\/iquego\/wp-json\/wp\/v2\/users\/66"}],"replies":[{"embeddable":true,"href":"https:\/\/goias.gov.br\/iquego\/wp-json\/wp\/v2\/comments?post=6456"}],"version-history":[{"count":2,"href":"https:\/\/goias.gov.br\/iquego\/wp-json\/wp\/v2\/posts\/6456\/revisions"}],"predecessor-version":[{"id":6485,"href":"https:\/\/goias.gov.br\/iquego\/wp-json\/wp\/v2\/posts\/6456\/revisions\/6485"}],"wp:attachment":[{"href":"https:\/\/goias.gov.br\/iquego\/wp-json\/wp\/v2\/media?parent=6456"}],"wp:term":[{"taxonomy":"category","embeddable":true,"href":"https:\/\/goias.gov.br\/iquego\/wp-json\/wp\/v2\/categories?post=6456"},{"taxonomy":"post_tag","embeddable":true,"href":"https:\/\/goias.gov.br\/iquego\/wp-json\/wp\/v2\/tags?post=6456"}],"curies":[{"name":"wp","href":"https:\/\/api.w.org\/{rel}","templated":true}]}}