

{"id":2826,"date":"2023-10-23T12:01:01","date_gmt":"2023-10-23T15:01:01","guid":{"rendered":"https:\/\/goias.gov.br\/iquego\/?p=2826"},"modified":"2026-04-08T15:45:12","modified_gmt":"2026-04-08T18:45:12","slug":"relacao-de-terceirizados","status":"publish","type":"post","link":"https:\/\/goias.gov.br\/iquego\/relacao-de-terceirizados\/","title":{"rendered":"Rela\u00e7\u00e3o de Terceirizados"},"content":{"rendered":"\n<p class=\"has-black-color has-white-background-color has-text-color has-background has-link-color wp-elements-9c2f908191edd81c693b63159ae9bf7b\"><strong><a href=\"https:\/\/goias.gov.br\/iquego\/wp-content\/uploads\/sites\/16\/2026\/04\/terceirizados-202503-Marco.xlsx\">Exportar Dados<\/a><\/strong><\/p>\n\n\n\n<table class=\"planilhaview display\" style=\"width:100%\"><thead><tr><th>ANO<\/th><th>M\u00caS<\/th><th>NOME<\/th><th>FUN\u00c7\u00c3O \/ ATIVIDADE<\/th><th>EMPRESA PRESTADORA<\/th><th><\/th><\/tr><tr><th><input type=\"text\" placeholder=\"Filtrar ANO\"><\/th><th><input type=\"text\" placeholder=\"Filtrar M\u00caS\"><\/th><th><input type=\"text\" placeholder=\"Filtrar NOME\"><\/th><th><input type=\"text\" placeholder=\"Filtrar FUN\u00c7\u00c3O \/ ATIVIDADE\"><\/th><th><input type=\"text\" placeholder=\"Filtrar EMPRESA PRESTADORA\"><\/th><th><input type=\"text\" placeholder=\"Filtrar \"><\/th><\/tr><\/thead><tbody><tr><td style=\"color: #000000; background-color: #FFFFFF;font-weight: bold;\">2026<\/td><td style=\"color: #000000; background-color: #FFFFFF;font-weight: bold;\">Mar\u00e7o<\/td><td style=\"color: #000000; background-color: #FFFFFF;font-weight: bold;\">Maria Aldileide da Silva<\/td><td style=\"color: #000000; background-color: #FFFFFF;font-weight: bold;\">Copeira <\/td><td style=\"color: #000000; background-color: #FFFFFF;font-weight: bold;\">GARANTIA PRESTA\u00c7\u00c3O DE SERVI\u00c7OS LTDA CNPJ 20.246.451\/0001-10<\/td><td style=\"color: #000000; background-color: #FFFFFF;font-weight: bold;\"><\/td><\/tr><tr><td style=\"color: #000000; background-color: #FFFFFF;font-weight: bold;\">2026<\/td><td style=\"color: #000000; background-color: #FFFFFF;font-weight: bold;\">Mar\u00e7o<\/td><td style=\"color: #000000; background-color: #FFFFFF;font-weight: bold;\">Gabrielle Marques Costa <\/td><td style=\"color: #000000; background-color: #FFFFFF;font-weight: bold;\">Porteiro Diurno <\/td><td style=\"color: #000000; background-color: #FFFFFF;font-weight: bold;\">GARANTIA PRESTA\u00c7\u00c3O DE SERVI\u00c7OS LTDA CNPJ 20.246.451\/0001-10<\/td><td style=\"color: #000000; background-color: #FFFFFF;font-weight: bold;\"><\/td><\/tr><tr><td style=\"color: #000000; background-color: #FFFFFF;font-weight: bold;\">2026<\/td><td style=\"color: #000000; background-color: #FFFFFF;font-weight: bold;\">Mar\u00e7o<\/td><td style=\"color: #000000; background-color: #FFFFFF;font-weight: bold;\">Vanderlino da Silva Ramos<\/td><td style=\"color: #000000; background-color: #FFFFFF;font-weight: bold;\">Porteiro Diurno <\/td><td style=\"color: #000000; background-color: #FFFFFF;font-weight: bold;\">GARANTIA PRESTA\u00c7\u00c3O DE SERVI\u00c7OS LTDA CNPJ 20.246.451\/0001-10<\/td><td style=\"color: #000000; background-color: #FFFFFF;font-weight: bold;\"><\/td><\/tr><tr><td style=\"color: #000000; background-color: #FFFFFF;font-weight: bold;\">2026<\/td><td style=\"color: #000000; background-color: #FFFFFF;font-weight: bold;\">Mar\u00e7o<\/td><td style=\"color: #000000; background-color: #FFFFFF;font-weight: bold;\">Gislene Mendes do Vale<\/td><td style=\"color: #000000; background-color: #FFFFFF;font-weight: bold;\">Porteiro Diurno <\/td><td style=\"color: #000000; background-color: #FFFFFF;font-weight: bold;\">GARANTIA PRESTA\u00c7\u00c3O DE SERVI\u00c7OS LTDA CNPJ 20.246.451\/0001-10<\/td><td style=\"color: #000000; background-color: #FFFFFF;font-weight: bold;\"><\/td><\/tr><tr><td style=\"color: #000000; background-color: #FFFFFF;font-weight: bold;\">2026<\/td><td style=\"color: #000000; background-color: #FFFFFF;font-weight: bold;\">Mar\u00e7o<\/td><td style=\"color: #000000; background-color: #FFFFFF;font-weight: bold;\">Jose Pereira dos Santos<\/td><td style=\"color: #000000; background-color: #FFFFFF;font-weight: bold;\">Porteiro Diurno <\/td><td style=\"color: #000000; background-color: #FFFFFF;font-weight: bold;\">GARANTIA PRESTA\u00c7\u00c3O DE SERVI\u00c7OS LTDA CNPJ 20.246.451\/0001-10<\/td><td style=\"color: #000000; background-color: #FFFFFF;font-weight: bold;\"><\/td><\/tr><tr><td style=\"color: #000000; background-color: #FFFFFF;font-weight: bold;\">2026<\/td><td style=\"color: #000000; background-color: #FFFFFF;font-weight: bold;\">Mar\u00e7o<\/td><td style=\"color: #000000; background-color: #FFFFFF;font-weight: bold;\">Ezequias Raiumundo<\/td><td style=\"color: #000000; background-color: #FFFFFF;font-weight: bold;\">Vigia Noturno <\/td><td style=\"color: #000000; background-color: #FFFFFF;font-weight: bold;\">GARANTIA PRESTA\u00c7\u00c3O DE SERVI\u00c7OS LTDA CNPJ 20.246.451\/0001-10<\/td><td style=\"color: #000000; background-color: #FFFFFF;font-weight: bold;\"><\/td><\/tr><tr><td style=\"color: #000000; background-color: #FFFFFF;font-weight: bold;\">2026<\/td><td style=\"color: #000000; background-color: #FFFFFF;font-weight: bold;\">Mar\u00e7o<\/td><td style=\"color: #000000; background-color: #FFFFFF;font-weight: bold;\">Renato Pereira Soares<\/td><td style=\"color: #000000; background-color: #FFFFFF;font-weight: bold;\">Vigia Noturno <\/td><td style=\"color: #000000; background-color: #FFFFFF;font-weight: bold;\">GARANTIA PRESTA\u00c7\u00c3O DE SERVI\u00c7OS LTDA CNPJ 20.246.451\/0001-10<\/td><td style=\"color: #000000; background-color: #FFFFFF;font-weight: bold;\"><\/td><\/tr><tr><td style=\"color: #000000; background-color: #FFFFFF;font-weight: bold;\">2026<\/td><td style=\"color: #000000; background-color: #FFFFFF;font-weight: bold;\">Mar\u00e7o<\/td><td style=\"color: #000000; background-color: #FFFFFF;font-weight: bold;\">Eliezer Xavier do Nascimento<\/td><td style=\"color: #000000; background-color: #FFFFFF;font-weight: bold;\">Vigia Noturno <\/td><td style=\"color: #000000; background-color: #FFFFFF;font-weight: bold;\">GARANTIA PRESTA\u00c7\u00c3O DE SERVI\u00c7OS LTDA CNPJ 20.246.451\/0001-10<\/td><td style=\"color: #000000; background-color: #FFFFFF;font-weight: bold;\"><\/td><\/tr><tr><td style=\"color: #000000; background-color: #FFFFFF;font-weight: bold;\">2026<\/td><td style=\"color: #000000; background-color: #FFFFFF;font-weight: bold;\">Mar\u00e7o<\/td><td style=\"color: #000000; background-color: #FFFFFF;font-weight: bold;\">Juscilene Sampaio da Silva<\/td><td style=\"color: #000000; background-color: #FFFFFF;font-weight: bold;\">Recepcionista <\/td><td style=\"color: #000000; background-color: #FFFFFF;font-weight: bold;\">GARANTIA PRESTA\u00c7\u00c3O DE SERVI\u00c7OS LTDA CNPJ 20.246.451\/0001-10<\/td><td style=\"color: #000000; background-color: #FFFFFF;font-weight: bold;\"><\/td><\/tr><tr><td style=\"color: #000000; background-color: #FFFFFF;font-weight: bold;\">2026<\/td><td style=\"color: #000000; background-color: #FFFFFF;font-weight: bold;\">Mar\u00e7o<\/td><td style=\"color: #000000; background-color: #FFFFFF;font-weight: bold;\">Edmar Batista Arantes<\/td><td style=\"color: #000000; background-color: #FFFFFF;font-weight: bold;\">Aux. Man. Predial <\/td><td style=\"color: #000000; background-color: #FFFFFF;font-weight: bold;\">GARANTIA PRESTA\u00c7\u00c3O DE SERVI\u00c7OS LTDA CNPJ 20.246.451\/0001-10<\/td><td style=\"color: #000000; background-color: #FFFFFF;font-weight: bold;\"><\/td><\/tr><tr><td style=\"color: #000000; background-color: #FFFFFF;font-weight: bold;\">2026<\/td><td style=\"color: #000000; background-color: #FFFFFF;font-weight: bold;\">Mar\u00e7o<\/td><td style=\"color: #000000; background-color: #FFFFFF;font-weight: bold;\">Maria Aldileide da Silva<\/td><td style=\"color: #000000; background-color: #FFFFFF;font-weight: bold;\">Copeira <\/td><td style=\"color: #000000; background-color: #FFFFFF;font-weight: bold;\">GARANTIA PRESTA\u00c7\u00c3O DE SERVI\u00c7OS LTDA CNPJ 20.246.451\/0001-10<\/td><td style=\"color: #000000; background-color: #FFFFFF;font-weight: bold;\"><\/td><\/tr><tr><td style=\"color: #000000; background-color: #FFFFFF;font-weight: bold;\">2026<\/td><td style=\"color: #000000; background-color: #FFFFFF;font-weight: bold;\">Mar\u00e7o<\/td><td style=\"color: #000000; background-color: #FFFFFF;font-weight: bold;\">Leuana Pereira da Silva<\/td><td style=\"color: #000000; background-color: #FFFFFF;font-weight: bold;\">Auxiliar de Servi\u00e7os Gerais <\/td><td style=\"color: #000000; background-color: #FFFFFF;font-weight: bold;\">GENESIS PRESTADORA DE SERVI\u00c7OS LTDA CNPJ 31.549.836\/0001-73<\/td><td style=\"color: #000000; background-color: #FFFFFF;font-weight: bold;\"><\/td><\/tr><tr><td style=\"color: #000000; background-color: #FFFFFF;font-weight: bold;\">2026<\/td><td style=\"color: #000000; background-color: #FFFFFF;font-weight: bold;\">Mar\u00e7o<\/td><td style=\"color: #000000; background-color: #FFFFFF;font-weight: bold;\">Luzinete Marques  Davi<\/td><td style=\"color: #000000; background-color: #FFFFFF;font-weight: bold;\">Auxiliar de Servi\u00e7os Gerais <\/td><td style=\"color: #000000; background-color: #FFFFFF;font-weight: bold;\">GENESIS PRESTADORA DE SERVI\u00c7OS LTDA CNPJ 31.549.836\/0001-73<\/td><td style=\"color: #000000; background-color: #FFFFFF;font-weight: bold;\"><\/td><\/tr><tr><td style=\"color: #000000; background-color: #FFFFFF;font-weight: bold;\">2026<\/td><td style=\"color: #000000; background-color: #FFFFFF;font-weight: bold;\">Mar\u00e7o<\/td><td style=\"color: #000000; background-color: #FFFFFF;font-weight: bold;\">Cristiane Rodrigues da Silva<\/td><td style=\"color: #000000; background-color: #FFFFFF;font-weight: bold;\">Auxiliar de Servi\u00e7os Gerais <\/td><td style=\"color: #000000; background-color: #FFFFFF;font-weight: bold;\">GENESIS PRESTADORA DE SERVI\u00c7OS LTDA CNPJ 31.549.836\/0001-73<\/td><td style=\"color: #000000; background-color: #FFFFFF;font-weight: bold;\"><\/td><\/tr><tr><td style=\"color: #000000; background-color: #FFFFFF;font-weight: bold;\">2026<\/td><td style=\"color: #000000; background-color: #FFFFFF;font-weight: bold;\">Mar\u00e7o<\/td><td style=\"color: #000000; background-color: #FFFFFF;font-weight: bold;\">Marilene Dias de Souza<\/td><td style=\"color: #000000; background-color: #FFFFFF;font-weight: bold;\">Auxiliar de Servi\u00e7os Gerais <\/td><td style=\"color: #000000; background-color: #FFFFFF;font-weight: bold;\">GENESIS PRESTADORA DE SERVI\u00c7OS LTDA CNPJ 31.549.836\/0001-73<\/td><td style=\"color: #000000; background-color: #FFFFFF;font-weight: bold;\"><\/td><\/tr><tr><td style=\"color: #000000; background-color: #FFFFFF;font-weight: bold;\">2026<\/td><td style=\"color: #000000; background-color: #FFFFFF;font-weight: bold;\">Mar\u00e7o<\/td><td style=\"color: #000000; background-color: #FFFFFF;font-weight: bold;\">Marcos Vinicius Lopes da Silva<\/td><td style=\"color: #000000; background-color: #FFFFFF;font-weight: bold;\">Auxiliar de Jardinajem<\/td><td style=\"color: #000000; background-color: #FFFFFF;font-weight: bold;\">GENESIS PRESTADORA DE SERVI\u00c7OS LTDA CNPJ 31.549.836\/0001-73<\/td><td style=\"color: #000000; background-color: #FFFFFF;font-weight: bold;\"><\/td><\/tr><tr><td style=\"color: #000000; background-color: #FFFFFF;font-weight: bold;\">2026<\/td><td style=\"color: #000000; background-color: #FFFFFF;font-weight: bold;\">Mar\u00e7o<\/td><td style=\"color: #000000; background-color: #FFFFFF;font-weight: bold;\">Jose Almeida Trindade<\/td><td style=\"color: #000000; background-color: #FFFFFF;font-weight: bold;\">Auxiliar de Jardinajem<\/td><td style=\"color: #000000; background-color: #FFFFFF;font-weight: bold;\">GENESIS PRESTADORA DE SERVI\u00c7OS LTDA CNPJ 31.549.836\/0001-73<\/td><td style=\"color: #000000; background-color: #FFFFFF;font-weight: bold;\"><\/td><\/tr><tr><td style=\"color: #000000; background-color: #FFFFFF;font-weight: bold;\">2026<\/td><td style=\"color: #000000; background-color: #FFFFFF;font-weight: bold;\">Fevereiro<\/td><td style=\"color: #000000; background-color: #FFFFFF;font-weight: bold;\">Gabrielle Marques Costa <\/td><td style=\"color: #000000; background-color: #FFFFFF;font-weight: bold;\">Porteiro Diurno <\/td><td style=\"color: #000000; background-color: #FFFFFF;font-weight: bold;\">GARANTIA PRESTA\u00c7\u00c3O DE SERVI\u00c7OS LTDA CNPJ 20.246.451\/0001-10<\/td><td style=\"color: #000000; background-color: #FFFFFF;font-weight: bold;\"><\/td><\/tr><tr><td style=\"color: #000000; background-color: #FFFFFF;font-weight: bold;\">2026<\/td><td style=\"color: #000000; background-color: #FFFFFF;font-weight: bold;\">Fevereiro<\/td><td style=\"color: #000000; background-color: #FFFFFF;font-weight: bold;\">Vanderlino da Silva Ramos<\/td><td style=\"color: #000000; background-color: #FFFFFF;font-weight: bold;\">Porteiro Diurno <\/td><td style=\"color: #000000; background-color: #FFFFFF;font-weight: bold;\">GARANTIA PRESTA\u00c7\u00c3O DE SERVI\u00c7OS LTDA CNPJ 20.246.451\/0001-10<\/td><td style=\"color: #000000; background-color: #FFFFFF;font-weight: bold;\"><\/td><\/tr><tr><td style=\"color: #000000; background-color: #FFFFFF;font-weight: bold;\">2026<\/td><td style=\"color: #000000; background-color: #FFFFFF;font-weight: bold;\">Fevereiro<\/td><td style=\"color: #000000; background-color: #FFFFFF;font-weight: bold;\">Gislene Mendes do Vale<\/td><td style=\"color: #000000; background-color: #FFFFFF;font-weight: bold;\">Porteiro Diurno <\/td><td style=\"color: #000000; background-color: #FFFFFF;font-weight: bold;\">GARANTIA PRESTA\u00c7\u00c3O DE SERVI\u00c7OS LTDA CNPJ 20.246.451\/0001-10<\/td><td style=\"color: #000000; background-color: #FFFFFF;font-weight: bold;\"><\/td><\/tr><tr><td style=\"color: #000000; background-color: #FFFFFF;font-weight: bold;\">2026<\/td><td style=\"color: #000000; background-color: #FFFFFF;font-weight: bold;\">Fevereiro<\/td><td style=\"color: #000000; background-color: #FFFFFF;font-weight: bold;\">Jose Pereira dos Santos<\/td><td style=\"color: #000000; background-color: #FFFFFF;font-weight: bold;\">Porteiro Diurno <\/td><td style=\"color: #000000; background-color: #FFFFFF;font-weight: bold;\">GARANTIA PRESTA\u00c7\u00c3O DE SERVI\u00c7OS LTDA CNPJ 20.246.451\/0001-10<\/td><td style=\"color: #000000; background-color: #FFFFFF;font-weight: bold;\"><\/td><\/tr><tr><td style=\"color: #000000; background-color: #FFFFFF;font-weight: bold;\">2026<\/td><td style=\"color: #000000; background-color: #FFFFFF;font-weight: bold;\">Fevereiro<\/td><td style=\"color: #000000; background-color: #FFFFFF;font-weight: bold;\">Ezequias Raiumundo<\/td><td style=\"color: #000000; background-color: #FFFFFF;font-weight: bold;\">Vigia Noturno <\/td><td style=\"color: #000000; background-color: #FFFFFF;font-weight: bold;\">GARANTIA PRESTA\u00c7\u00c3O DE SERVI\u00c7OS LTDA CNPJ 20.246.451\/0001-10<\/td><td style=\"color: #000000; background-color: #FFFFFF;font-weight: bold;\"><\/td><\/tr><tr><td style=\"color: #000000; background-color: #FFFFFF;font-weight: bold;\">2026<\/td><td style=\"color: #000000; background-color: #FFFFFF;font-weight: bold;\">Fevereiro<\/td><td style=\"color: #000000; background-color: #FFFFFF;font-weight: bold;\">Renato Pereira Soares<\/td><td style=\"color: #000000; background-color: #FFFFFF;font-weight: bold;\">Vigia Noturno <\/td><td style=\"color: #000000; background-color: #FFFFFF;font-weight: bold;\">GARANTIA PRESTA\u00c7\u00c3O DE SERVI\u00c7OS LTDA CNPJ 20.246.451\/0001-10<\/td><td style=\"color: #000000; background-color: #FFFFFF;font-weight: bold;\"><\/td><\/tr><tr><td style=\"color: #000000; background-color: #FFFFFF;font-weight: bold;\">2026<\/td><td style=\"color: #000000; background-color: #FFFFFF;font-weight: bold;\">Fevereiro<\/td><td style=\"color: #000000; background-color: #FFFFFF;font-weight: bold;\">Eliezer Xavier do Nascimento<\/td><td style=\"color: #000000; background-color: #FFFFFF;font-weight: bold;\">Vigia Noturno <\/td><td style=\"color: #000000; background-color: #FFFFFF;font-weight: bold;\">GARANTIA PRESTA\u00c7\u00c3O DE SERVI\u00c7OS LTDA CNPJ 20.246.451\/0001-10<\/td><td style=\"color: #000000; background-color: #FFFFFF;font-weight: bold;\"><\/td><\/tr><tr><td style=\"color: #000000; background-color: #FFFFFF;font-weight: bold;\">2026<\/td><td style=\"color: #000000; background-color: #FFFFFF;font-weight: bold;\">Fevereiro<\/td><td style=\"color: #000000; background-color: #FFFFFF;font-weight: bold;\">Juscilene Sampaio da Silva<\/td><td style=\"color: #000000; background-color: #FFFFFF;font-weight: bold;\">Recepcionista <\/td><td style=\"color: #000000; background-color: #FFFFFF;font-weight: bold;\">GARANTIA PRESTA\u00c7\u00c3O DE SERVI\u00c7OS LTDA CNPJ 20.246.451\/0001-10<\/td><td style=\"color: #000000; background-color: #FFFFFF;font-weight: bold;\"><\/td><\/tr><tr><td style=\"color: #000000; background-color: #FFFFFF;font-weight: bold;\">2026<\/td><td style=\"color: #000000; background-color: #FFFFFF;font-weight: bold;\">Fevereiro<\/td><td style=\"color: #000000; background-color: #FFFFFF;font-weight: bold;\">Edervan Gon\u00e7alves dosReis<\/td><td style=\"color: #000000; background-color: #FFFFFF;font-weight: bold;\">Aux. Man. Predial <\/td><td style=\"color: #000000; background-color: #FFFFFF;font-weight: bold;\">GARANTIA PRESTA\u00c7\u00c3O DE SERVI\u00c7OS LTDA CNPJ 20.246.451\/0001-10<\/td><td style=\"color: #000000; background-color: #FFFFFF;font-weight: bold;\"><\/td><\/tr><tr><td style=\"color: #000000; background-color: #FFFFFF;font-weight: bold;\">2026<\/td><td style=\"color: #000000; background-color: #FFFFFF;font-weight: bold;\">Fevereiro<\/td><td style=\"color: #000000; background-color: #FFFFFF;font-weight: bold;\">Leuana Pereira da Silva<\/td><td style=\"color: #000000; background-color: #FFFFFF;font-weight: bold;\">Auxiliar de Servi\u00e7os Gerais <\/td><td style=\"color: #000000; background-color: #FFFFFF;font-weight: bold;\">GENESIS PRESTADORA DE SERVI\u00c7OS LTDA CNPJ 31.549.836\/0001-73<\/td><td style=\"color: #000000; background-color: #FFFFFF;font-weight: bold;\"><\/td><\/tr><tr><td style=\"color: #000000; background-color: #FFFFFF;font-weight: bold;\">2026<\/td><td style=\"color: #000000; background-color: #FFFFFF;font-weight: bold;\">Fevereiro<\/td><td style=\"color: #000000; background-color: #FFFFFF;font-weight: bold;\">Luzinete Marques  Davi<\/td><td style=\"color: #000000; background-color: #FFFFFF;font-weight: bold;\">Auxiliar de Servi\u00e7os Gerais <\/td><td style=\"color: #000000; background-color: #FFFFFF;font-weight: bold;\">GENESIS PRESTADORA DE SERVI\u00c7OS LTDA CNPJ 31.549.836\/0001-73<\/td><td style=\"color: #000000; background-color: #FFFFFF;font-weight: bold;\"><\/td><\/tr><tr><td style=\"color: #000000; background-color: #FFFFFF;font-weight: bold;\">2026<\/td><td style=\"color: #000000; background-color: #FFFFFF;font-weight: bold;\">Fevereiro<\/td><td style=\"color: #000000; background-color: #FFFFFF;font-weight: bold;\">Cristiane Rodrigues da Silva<\/td><td style=\"color: #000000; background-color: #FFFFFF;font-weight: bold;\">Auxiliar de Servi\u00e7os Gerais <\/td><td style=\"color: #000000; background-color: #FFFFFF;font-weight: bold;\">GENESIS PRESTADORA DE SERVI\u00c7OS LTDA CNPJ 31.549.836\/0001-73<\/td><td style=\"color: #000000; background-color: #FFFFFF;font-weight: bold;\"><\/td><\/tr><tr><td style=\"color: #000000; background-color: #FFFFFF;font-weight: bold;\">2026<\/td><td style=\"color: #000000; background-color: #FFFFFF;font-weight: bold;\">Fevereiro<\/td><td style=\"color: #000000; background-color: #FFFFFF;font-weight: bold;\">Marilene Dias de Souza<\/td><td style=\"color: #000000; background-color: #FFFFFF;font-weight: bold;\">Auxiliar de Servi\u00e7os Gerais <\/td><td style=\"color: #000000; background-color: #FFFFFF;font-weight: bold;\">GENESIS PRESTADORA DE SERVI\u00c7OS LTDA CNPJ 31.549.836\/0001-73<\/td><td style=\"color: #000000; background-color: #FFFFFF;font-weight: bold;\"><\/td><\/tr><tr><td style=\"color: #000000; background-color: #FFFFFF;font-weight: bold;\">2026<\/td><td style=\"color: #000000; background-color: #FFFFFF;font-weight: bold;\">Fevereiro<\/td><td style=\"color: #000000; background-color: #FFFFFF;font-weight: bold;\">Erinaldo Ribeiro Soares<\/td><td style=\"color: #000000; background-color: #FFFFFF;font-weight: bold;\">Auxiliar de Jardinajem<\/td><td style=\"color: #000000; background-color: #FFFFFF;font-weight: bold;\">GENESIS PRESTADORA DE SERVI\u00c7OS LTDA CNPJ 31.549.836\/0001-73<\/td><td style=\"color: #000000; background-color: #FFFFFF;font-weight: bold;\"><\/td><\/tr><tr><td style=\"color: #000000; background-color: #FFFFFF;font-weight: bold;\">2026<\/td><td style=\"color: #000000; background-color: #FFFFFF;font-weight: bold;\">Fevereiro<\/td><td style=\"color: #000000; background-color: #FFFFFF;font-weight: bold;\">Jose Almeida Trindade<\/td><td style=\"color: #000000; background-color: #FFFFFF;font-weight: bold;\">Auxiliar de Jardinajem<\/td><td style=\"color: #000000; background-color: #FFFFFF;font-weight: bold;\">GENESIS PRESTADORA DE SERVI\u00c7OS LTDA CNPJ 31.549.836\/0001-73<\/td><td style=\"color: #000000; background-color: #FFFFFF;font-weight: bold;\"><\/td><\/tr><tr><td style=\"color: #000000; background-color: #FFFFFF;font-weight: bold;\">2025<\/td><td style=\"color: #000000; background-color: #FFFFFF;font-weight: bold;\">janeiro<\/td><td style=\"color: #000000; background-color: #FFFFFF;font-weight: bold;\">Maria Aldileide da Silva<\/td><td style=\"color: #000000; background-color: #FFFFFF;font-weight: bold;\">Copeira <\/td><td style=\"color: #000000; background-color: #FFFFFF;font-weight: bold;\">GARANTIA PRESTA\u00c7\u00c3O DE SERVI\u00c7OS LTDA CNPJ 20.246.451\/0001-10<\/td><td style=\"color: #000000; background-color: #FFFFFF;font-weight: bold;\"><\/td><\/tr><tr><td style=\"color: #000000; background-color: #FFFFFF;font-weight: bold;\">2026<\/td><td style=\"color: #000000; background-color: #FFFFFF;font-weight: bold;\">janeiro<\/td><td style=\"color: #000000; background-color: #FFFFFF;font-weight: bold;\">Gabrielle Marques Costa <\/td><td style=\"color: #000000; background-color: #FFFFFF;font-weight: bold;\">Porteiro Diurno <\/td><td style=\"color: #000000; background-color: #FFFFFF;font-weight: bold;\">GARANTIA PRESTA\u00c7\u00c3O DE SERVI\u00c7OS LTDA CNPJ 20.246.451\/0001-10<\/td><td style=\"color: #000000; background-color: #FFFFFF;font-weight: bold;\"><\/td><\/tr><tr><td style=\"color: #000000; background-color: #FFFFFF;font-weight: bold;\">2026<\/td><td style=\"color: #000000; background-color: #FFFFFF;font-weight: bold;\">janeiro<\/td><td style=\"color: #000000; background-color: #FFFFFF;font-weight: bold;\">Vanderlino da Silva Ramos<\/td><td style=\"color: #000000; background-color: #FFFFFF;font-weight: bold;\">Porteiro Diurno <\/td><td style=\"color: #000000; background-color: #FFFFFF;font-weight: bold;\">GARANTIA PRESTA\u00c7\u00c3O DE SERVI\u00c7OS LTDA CNPJ 20.246.451\/0001-10<\/td><td style=\"color: #000000; background-color: #FFFFFF;font-weight: bold;\"><\/td><\/tr><tr><td style=\"color: #000000; background-color: #FFFFFF;font-weight: bold;\">2026<\/td><td style=\"color: #000000; background-color: #FFFFFF;font-weight: bold;\">janeiro<\/td><td style=\"color: #000000; background-color: #FFFFFF;font-weight: bold;\">Gislene Mendes do Vale<\/td><td style=\"color: #000000; background-color: #FFFFFF;font-weight: bold;\">Porteiro Diurno <\/td><td style=\"color: #000000; background-color: #FFFFFF;font-weight: bold;\">GARANTIA PRESTA\u00c7\u00c3O DE SERVI\u00c7OS LTDA CNPJ 20.246.451\/0001-10<\/td><td style=\"color: #000000; background-color: #FFFFFF;font-weight: bold;\"><\/td><\/tr><tr><td style=\"color: #000000; background-color: #FFFFFF;font-weight: bold;\">2026<\/td><td style=\"color: #000000; background-color: #FFFFFF;font-weight: bold;\">janeiro<\/td><td style=\"color: #000000; background-color: #FFFFFF;font-weight: bold;\">Jose Pereira dos Santos<\/td><td style=\"color: #000000; background-color: #FFFFFF;font-weight: bold;\">Porteiro Diurno <\/td><td style=\"color: #000000; background-color: #FFFFFF;font-weight: bold;\">GARANTIA PRESTA\u00c7\u00c3O DE SERVI\u00c7OS LTDA CNPJ 20.246.451\/0001-10<\/td><td style=\"color: #000000; background-color: #FFFFFF;font-weight: bold;\"><\/td><\/tr><tr><td style=\"color: #000000; background-color: #FFFFFF;font-weight: bold;\">2026<\/td><td style=\"color: #000000; background-color: #FFFFFF;font-weight: bold;\">janeiro<\/td><td style=\"color: #000000; background-color: #FFFFFF;font-weight: bold;\">Ezequias Raiumundo<\/td><td style=\"color: #000000; background-color: #FFFFFF;font-weight: bold;\">Vigia Noturno <\/td><td style=\"color: #000000; background-color: #FFFFFF;font-weight: bold;\">GARANTIA PRESTA\u00c7\u00c3O DE SERVI\u00c7OS LTDA CNPJ 20.246.451\/0001-10<\/td><td style=\"color: #000000; background-color: #FFFFFF;font-weight: bold;\"><\/td><\/tr><tr><td style=\"color: #000000; background-color: #FFFFFF;font-weight: bold;\">2026<\/td><td style=\"color: #000000; background-color: #FFFFFF;font-weight: bold;\">janeiro<\/td><td style=\"color: #000000; background-color: #FFFFFF;font-weight: bold;\">Renato Pereira Soares<\/td><td style=\"color: #000000; background-color: #FFFFFF;font-weight: bold;\">Vigia Noturno <\/td><td style=\"color: #000000; background-color: #FFFFFF;font-weight: bold;\">GARANTIA PRESTA\u00c7\u00c3O DE SERVI\u00c7OS LTDA CNPJ 20.246.451\/0001-10<\/td><td style=\"color: #000000; background-color: #FFFFFF;font-weight: bold;\"><\/td><\/tr><tr><td style=\"color: #000000; background-color: #FFFFFF;font-weight: bold;\">2026<\/td><td style=\"color: #000000; background-color: #FFFFFF;font-weight: bold;\">janeiro<\/td><td style=\"color: #000000; background-color: #FFFFFF;font-weight: bold;\">Eliezer Xavier do Nascimento<\/td><td style=\"color: #000000; background-color: #FFFFFF;font-weight: bold;\">Vigia Noturno <\/td><td style=\"color: #000000; background-color: #FFFFFF;font-weight: bold;\">GARANTIA PRESTA\u00c7\u00c3O DE SERVI\u00c7OS LTDA CNPJ 20.246.451\/0001-10<\/td><td style=\"color: #000000; background-color: #FFFFFF;font-weight: bold;\"><\/td><\/tr><tr><td style=\"color: #000000; background-color: #FFFFFF;font-weight: bold;\">2026<\/td><td style=\"color: #000000; background-color: #FFFFFF;font-weight: bold;\">janeiro<\/td><td style=\"color: #000000; background-color: #FFFFFF;font-weight: bold;\">Juscilene Sampaio da Silva<\/td><td style=\"color: #000000; background-color: #FFFFFF;font-weight: bold;\">Recepcionista <\/td><td style=\"color: #000000; background-color: #FFFFFF;font-weight: bold;\">GARANTIA PRESTA\u00c7\u00c3O DE SERVI\u00c7OS LTDA CNPJ 20.246.451\/0001-10<\/td><td style=\"color: #000000; background-color: #FFFFFF;font-weight: bold;\"><\/td><\/tr><tr><td style=\"color: #000000; background-color: #FFFFFF;font-weight: bold;\">2026<\/td><td style=\"color: #000000; background-color: #FFFFFF;font-weight: bold;\">janeiro<\/td><td style=\"color: #000000; background-color: #FFFFFF;font-weight: bold;\">Edmar Batista Arantes<\/td><td style=\"color: #000000; background-color: #FFFFFF;font-weight: bold;\">Aux. Man. Predial <\/td><td style=\"color: #000000; background-color: #FFFFFF;font-weight: bold;\">GARANTIA PRESTA\u00c7\u00c3O DE SERVI\u00c7OS LTDA CNPJ 20.246.451\/0001-10<\/td><td style=\"color: #000000; background-color: #FFFFFF;font-weight: bold;\"><\/td><\/tr><tr><td style=\"color: #000000; background-color: #FFFFFF;font-weight: bold;\">2026<\/td><td style=\"color: #000000; background-color: #FFFFFF;font-weight: bold;\">janeiro<\/td><td style=\"color: #000000; background-color: #FFFFFF;font-weight: bold;\">Maria Aldileide da Silva<\/td><td style=\"color: #000000; background-color: #FFFFFF;font-weight: bold;\">Copeira <\/td><td style=\"color: #000000; background-color: #FFFFFF;font-weight: bold;\">GARANTIA PRESTA\u00c7\u00c3O DE SERVI\u00c7OS LTDA CNPJ 20.246.451\/0001-10<\/td><td style=\"color: #000000; background-color: #FFFFFF;font-weight: bold;\"><\/td><\/tr><tr><td style=\"color: #000000; background-color: #FFFFFF;font-weight: bold;\">2026<\/td><td style=\"color: #000000; background-color: #FFFFFF;font-weight: bold;\">janeiro<\/td><td style=\"color: #000000; background-color: #FFFFFF;font-weight: bold;\">Leuana Pereira da Silva<\/td><td style=\"color: #000000; background-color: #FFFFFF;font-weight: bold;\">Auxiliar de Servi\u00e7os Gerais <\/td><td style=\"color: #000000; background-color: #FFFFFF;font-weight: bold;\">GENESIS PRESTADORA DE SERVI\u00c7OS LTDA CNPJ 31.549.836\/0001-73<\/td><td style=\"color: #000000; background-color: #FFFFFF;font-weight: bold;\"><\/td><\/tr><tr><td style=\"color: #000000; background-color: #FFFFFF;font-weight: bold;\">2026<\/td><td style=\"color: #000000; background-color: #FFFFFF;font-weight: bold;\">janeiro<\/td><td style=\"color: #000000; background-color: #FFFFFF;font-weight: bold;\">Luzinete Marques  Davi<\/td><td style=\"color: #000000; background-color: #FFFFFF;font-weight: bold;\">Auxiliar de Servi\u00e7os Gerais <\/td><td style=\"color: #000000; background-color: #FFFFFF;font-weight: bold;\">GENESIS PRESTADORA DE SERVI\u00c7OS LTDA CNPJ 31.549.836\/0001-73<\/td><td style=\"color: #000000; background-color: #FFFFFF;font-weight: bold;\"><\/td><\/tr><tr><td style=\"color: #000000; background-color: #FFFFFF;font-weight: bold;\">2026<\/td><td style=\"color: #000000; background-color: #FFFFFF;font-weight: bold;\">janeiro<\/td><td style=\"color: #000000; background-color: #FFFFFF;font-weight: bold;\">Cristiane Rodrigues da Silva<\/td><td style=\"color: #000000; background-color: #FFFFFF;font-weight: bold;\">Auxiliar de Servi\u00e7os Gerais <\/td><td style=\"color: #000000; background-color: #FFFFFF;font-weight: bold;\">GENESIS PRESTADORA DE SERVI\u00c7OS LTDA CNPJ 31.549.836\/0001-73<\/td><td style=\"color: #000000; background-color: #FFFFFF;font-weight: bold;\"><\/td><\/tr><tr><td style=\"color: #000000; background-color: #FFFFFF;font-weight: bold;\">2026<\/td><td style=\"color: #000000; background-color: #FFFFFF;font-weight: bold;\">janeiro<\/td><td style=\"color: #000000; background-color: #FFFFFF;font-weight: bold;\">Marilene Dias de Souza<\/td><td style=\"color: #000000; background-color: #FFFFFF;font-weight: bold;\">Auxiliar de Servi\u00e7os Gerais <\/td><td style=\"color: #000000; background-color: #FFFFFF;font-weight: bold;\">GENESIS PRESTADORA DE SERVI\u00c7OS LTDA CNPJ 31.549.836\/0001-73<\/td><td style=\"color: #000000; background-color: #FFFFFF;font-weight: bold;\"><\/td><\/tr><tr><td style=\"color: #000000; background-color: #FFFFFF;font-weight: bold;\">2026<\/td><td style=\"color: #000000; background-color: #FFFFFF;font-weight: bold;\">janeiro<\/td><td style=\"color: #000000; background-color: #FFFFFF;font-weight: bold;\">Erinaldo Ribeiro Soares<\/td><td style=\"color: #000000; background-color: #FFFFFF;font-weight: bold;\">Auxiliar de Jardinajem<\/td><td style=\"color: #000000; background-color: #FFFFFF;font-weight: bold;\">GENESIS PRESTADORA DE SERVI\u00c7OS LTDA CNPJ 31.549.836\/0001-73<\/td><td style=\"color: #000000; background-color: #FFFFFF;font-weight: bold;\"><\/td><\/tr><tr><td style=\"color: #000000; background-color: #FFFFFF;font-weight: bold;\">2026<\/td><td style=\"color: #000000; background-color: #FFFFFF;font-weight: bold;\">janeiro<\/td><td style=\"color: #000000; background-color: #FFFFFF;font-weight: bold;\">Jose Almeida Trindade<\/td><td style=\"color: #000000; background-color: #FFFFFF;font-weight: bold;\">Auxiliar de Jardinajem<\/td><td style=\"color: #000000; background-color: #FFFFFF;font-weight: bold;\">GENESIS PRESTADORA DE SERVI\u00c7OS LTDA CNPJ 31.549.836\/0001-73<\/td><td style=\"color: #000000; background-color: #FFFFFF;font-weight: bold;\"><\/td><\/tr><tr><td style=\"color: #000000; background-color: #FFFFFF;font-weight: bold;\">2025<\/td><td style=\"color: #000000; background-color: #FFFFFF;font-weight: bold;\">dezembro<\/td><td style=\"color: #000000; background-color: #FFFFFF;font-weight: bold;\">Gabrielle Marques Costa <\/td><td style=\"color: #000000; background-color: #FFFFFF;font-weight: bold;\">Porteiro Diurno <\/td><td style=\"color: #000000; background-color: #FFFFFF;font-weight: bold;\">GARANTIA PRESTA\u00c7\u00c3O DE SERVI\u00c7OS LTDA CNPJ 20.246.451\/0001-10<\/td><td style=\"color: #000000; background-color: #FFFFFF;font-weight: bold;\"><\/td><\/tr><tr><td style=\"color: #000000; background-color: #FFFFFF;font-weight: bold;\">2025<\/td><td style=\"color: #000000; background-color: #FFFFFF;font-weight: bold;\">dezembro<\/td><td style=\"color: #000000; background-color: #FFFFFF;font-weight: bold;\">Vanderlino da Silva Ramos<\/td><td style=\"color: #000000; background-color: #FFFFFF;font-weight: bold;\">Porteiro Diurno <\/td><td style=\"color: #000000; background-color: #FFFFFF;font-weight: bold;\">GARANTIA PRESTA\u00c7\u00c3O DE SERVI\u00c7OS LTDA CNPJ 20.246.451\/0001-10<\/td><td style=\"color: #000000; background-color: #FFFFFF;font-weight: bold;\"><\/td><\/tr><tr><td style=\"color: #000000; background-color: #FFFFFF;font-weight: bold;\">2025<\/td><td style=\"color: #000000; background-color: #FFFFFF;font-weight: bold;\">dezembro<\/td><td style=\"color: #000000; background-color: #FFFFFF;font-weight: bold;\">Gislene Mendes do Vale<\/td><td style=\"color: #000000; background-color: #FFFFFF;font-weight: bold;\">Porteiro Diurno <\/td><td style=\"color: #000000; background-color: #FFFFFF;font-weight: bold;\">GARANTIA PRESTA\u00c7\u00c3O DE SERVI\u00c7OS LTDA CNPJ 20.246.451\/0001-10<\/td><td style=\"color: #000000; background-color: #FFFFFF;font-weight: bold;\"><\/td><\/tr><tr><td style=\"color: #000000; background-color: #FFFFFF;font-weight: bold;\">2025<\/td><td style=\"color: #000000; background-color: #FFFFFF;font-weight: bold;\">dezembro<\/td><td style=\"color: #000000; background-color: #FFFFFF;font-weight: bold;\">Jose Pereira dos Santos<\/td><td style=\"color: #000000; background-color: #FFFFFF;font-weight: bold;\">Porteiro Diurno <\/td><td style=\"color: #000000; background-color: #FFFFFF;font-weight: bold;\">GARANTIA PRESTA\u00c7\u00c3O DE SERVI\u00c7OS LTDA CNPJ 20.246.451\/0001-10<\/td><td style=\"color: #000000; background-color: #FFFFFF;font-weight: bold;\"><\/td><\/tr><tr><td style=\"color: #000000; background-color: #FFFFFF;font-weight: bold;\">2025<\/td><td style=\"color: #000000; background-color: #FFFFFF;font-weight: bold;\">dezembro<\/td><td style=\"color: #000000; background-color: #FFFFFF;font-weight: bold;\">Ezequias Raiumundo<\/td><td style=\"color: #000000; background-color: #FFFFFF;font-weight: bold;\">Vigia Noturno <\/td><td style=\"color: #000000; background-color: #FFFFFF;font-weight: bold;\">GARANTIA PRESTA\u00c7\u00c3O DE SERVI\u00c7OS LTDA CNPJ 20.246.451\/0001-10<\/td><td style=\"color: #000000; background-color: #FFFFFF;font-weight: bold;\"><\/td><\/tr><tr><td style=\"color: #000000; background-color: #FFFFFF;font-weight: bold;\">2025<\/td><td style=\"color: #000000; background-color: #FFFFFF;font-weight: bold;\">dezembro<\/td><td style=\"color: #000000; background-color: #FFFFFF;font-weight: bold;\">Renato Pereira Soares<\/td><td style=\"color: #000000; background-color: #FFFFFF;font-weight: bold;\">Vigia Noturno <\/td><td style=\"color: #000000; background-color: #FFFFFF;font-weight: bold;\">GARANTIA PRESTA\u00c7\u00c3O DE SERVI\u00c7OS LTDA CNPJ 20.246.451\/0001-10<\/td><td style=\"color: #000000; background-color: #FFFFFF;font-weight: bold;\"><\/td><\/tr><tr><td style=\"color: #000000; background-color: #FFFFFF;font-weight: bold;\">2025<\/td><td style=\"color: #000000; background-color: #FFFFFF;font-weight: bold;\">dezembro<\/td><td style=\"color: #000000; background-color: #FFFFFF;font-weight: bold;\">Eliezer Xavier do Nascimento<\/td><td style=\"color: #000000; background-color: #FFFFFF;font-weight: bold;\">Vigia Noturno <\/td><td style=\"color: #000000; background-color: #FFFFFF;font-weight: bold;\">GARANTIA PRESTA\u00c7\u00c3O DE SERVI\u00c7OS LTDA CNPJ 20.246.451\/0001-10<\/td><td style=\"color: #000000; background-color: #FFFFFF;font-weight: bold;\"><\/td><\/tr><tr><td style=\"color: #000000; background-color: #FFFFFF;font-weight: bold;\">2025<\/td><td style=\"color: #000000; background-color: #FFFFFF;font-weight: bold;\">dezembro<\/td><td style=\"color: #000000; background-color: #FFFFFF;font-weight: bold;\">Juscilene Sampaio da Silva<\/td><td style=\"color: #000000; background-color: #FFFFFF;font-weight: bold;\">Recepcionista <\/td><td style=\"color: #000000; background-color: #FFFFFF;font-weight: bold;\">GARANTIA PRESTA\u00c7\u00c3O DE SERVI\u00c7OS LTDA CNPJ 20.246.451\/0001-10<\/td><td style=\"color: #000000; background-color: #FFFFFF;font-weight: bold;\"><\/td><\/tr><tr><td style=\"color: #000000; background-color: #FFFFFF;font-weight: bold;\">2025<\/td><td style=\"color: #000000; background-color: #FFFFFF;font-weight: bold;\">dezembro<\/td><td style=\"color: #000000; background-color: #FFFFFF;font-weight: bold;\">Edervan Gon\u00e7alves dosReis<\/td><td style=\"color: #000000; background-color: #FFFFFF;font-weight: bold;\">Aux. Man. Predial <\/td><td style=\"color: #000000; background-color: #FFFFFF;font-weight: bold;\">GARANTIA PRESTA\u00c7\u00c3O DE SERVI\u00c7OS LTDA CNPJ 20.246.451\/0001-10<\/td><td style=\"color: #000000; background-color: #FFFFFF;font-weight: bold;\"><\/td><\/tr><tr><td style=\"color: #000000; background-color: #FFFFFF;font-weight: bold;\">2025<\/td><td style=\"color: #000000; background-color: #FFFFFF;font-weight: bold;\">dezembro<\/td><td style=\"color: #000000; background-color: #FFFFFF;font-weight: bold;\">Maria Aldileide da Silva<\/td><td style=\"color: #000000; background-color: #FFFFFF;font-weight: bold;\">Copeira <\/td><td style=\"color: #000000; background-color: #FFFFFF;font-weight: bold;\">GARANTIA PRESTA\u00c7\u00c3O DE SERVI\u00c7OS LTDA CNPJ 20.246.451\/0001-10<\/td><td style=\"color: #000000; background-color: #FFFFFF;font-weight: bold;\"><\/td><\/tr><tr><td style=\"color: #000000; background-color: #FFFFFF;font-weight: bold;\">2025<\/td><td style=\"color: #000000; background-color: #FFFFFF;font-weight: bold;\">dezembro<\/td><td style=\"color: #000000; background-color: #FFFFFF;font-weight: bold;\">Leuana Pereira da Silva<\/td><td style=\"color: #000000; background-color: #FFFFFF;font-weight: bold;\">Auxiliar de Servi\u00e7os Gerais <\/td><td style=\"color: #000000; background-color: #FFFFFF;font-weight: bold;\">GENESIS PRESTADORA DE SERVI\u00c7OS LTDA CNPJ 31.549.836\/0001-73<\/td><td style=\"color: #000000; background-color: #FFFFFF;font-weight: bold;\"><\/td><\/tr><tr><td style=\"color: #000000; background-color: #FFFFFF;font-weight: bold;\">2025<\/td><td style=\"color: #000000; background-color: #FFFFFF;font-weight: bold;\">dezembro<\/td><td style=\"color: #000000; background-color: #FFFFFF;font-weight: bold;\">Luzinete Marques  Davi<\/td><td style=\"color: #000000; background-color: #FFFFFF;font-weight: bold;\">Auxiliar de Servi\u00e7os Gerais <\/td><td style=\"color: #000000; background-color: #FFFFFF;font-weight: bold;\">GENESIS PRESTADORA DE SERVI\u00c7OS LTDA CNPJ 31.549.836\/0001-73<\/td><td style=\"color: #000000; background-color: #FFFFFF;font-weight: bold;\"><\/td><\/tr><tr><td style=\"color: #000000; background-color: #FFFFFF;font-weight: bold;\">2025<\/td><td style=\"color: #000000; background-color: #FFFFFF;font-weight: bold;\">dezembro<\/td><td style=\"color: #000000; background-color: #FFFFFF;font-weight: bold;\">Cristiane Rodrigues da Silva<\/td><td style=\"color: #000000; background-color: #FFFFFF;font-weight: bold;\">Auxiliar de Servi\u00e7os Gerais <\/td><td style=\"color: #000000; background-color: #FFFFFF;font-weight: bold;\">GENESIS PRESTADORA DE SERVI\u00c7OS LTDA CNPJ 31.549.836\/0001-73<\/td><td style=\"color: #000000; background-color: #FFFFFF;font-weight: bold;\"><\/td><\/tr><tr><td style=\"color: #000000; background-color: #FFFFFF;font-weight: bold;\">2025<\/td><td style=\"color: #000000; background-color: #FFFFFF;font-weight: bold;\">dezembro<\/td><td style=\"color: #000000; background-color: #FFFFFF;font-weight: bold;\">Marilene Dias de Souza<\/td><td style=\"color: #000000; background-color: #FFFFFF;font-weight: bold;\">Auxiliar de Servi\u00e7os Gerais <\/td><td style=\"color: #000000; background-color: #FFFFFF;font-weight: bold;\">GENESIS PRESTADORA DE SERVI\u00c7OS LTDA CNPJ 31.549.836\/0001-73<\/td><td style=\"color: #000000; background-color: #FFFFFF;font-weight: bold;\"><\/td><\/tr><tr><td style=\"color: #000000; background-color: #FFFFFF;font-weight: bold;\">2025<\/td><td style=\"color: #000000; background-color: #FFFFFF;font-weight: bold;\">dezembro<\/td><td style=\"color: #000000; background-color: #FFFFFF;font-weight: bold;\">Erinaldo Ribeiro Soares<\/td><td style=\"color: #000000; background-color: #FFFFFF;font-weight: bold;\">Auxiliar de Jardinajem<\/td><td style=\"color: #000000; background-color: #FFFFFF;font-weight: bold;\">GENESIS PRESTADORA DE SERVI\u00c7OS LTDA CNPJ 31.549.836\/0001-73<\/td><td style=\"color: #000000; background-color: #FFFFFF;font-weight: bold;\"><\/td><\/tr><tr><td style=\"color: #000000; background-color: #FFFFFF;font-weight: bold;\">2025<\/td><td style=\"color: #000000; background-color: #FFFFFF;font-weight: bold;\">dezembro<\/td><td style=\"color: #000000; background-color: #FFFFFF;font-weight: bold;\">Jose Almeida Trindade<\/td><td style=\"color: #000000; background-color: #FFFFFF;font-weight: bold;\">Auxiliar de Jardinajem<\/td><td style=\"color: #000000; background-color: #FFFFFF;font-weight: bold;\">GENESIS PRESTADORA DE SERVI\u00c7OS LTDA CNPJ 31.549.836\/0001-73<\/td><td style=\"color: #000000; background-color: #FFFFFF;font-weight: bold;\"><\/td><\/tr><tr><td style=\"color: #000000; background-color: #FFFFFF;font-weight: bold;\">2025<\/td><td style=\"color: #000000; background-color: #FFFFFF;font-weight: bold;\">novembro<\/td><td style=\"color: #000000; background-color: #FFFFFF;font-weight: bold;\">Gabrielle Marques Costa <\/td><td style=\"color: #000000; background-color: #FFFFFF;font-weight: bold;\">Porteiro Diurno <\/td><td style=\"color: #000000; background-color: #FFFFFF;font-weight: bold;\">GARANTIA PRESTA\u00c7\u00c3O DE SERVI\u00c7OS LTDA CNPJ 20.246.451\/0001-10<\/td><td style=\"color: #000000; background-color: #FFFFFF;font-weight: bold;\"><\/td><\/tr><tr><td style=\"color: #000000; background-color: #FFFFFF;font-weight: bold;\">2025<\/td><td style=\"color: #000000; background-color: #FFFFFF;font-weight: bold;\">novembro<\/td><td style=\"color: #000000; background-color: #FFFFFF;font-weight: bold;\">Vanderlino da Silva Ramos<\/td><td style=\"color: #000000; background-color: #FFFFFF;font-weight: bold;\">Porteiro Diurno <\/td><td style=\"color: #000000; background-color: #FFFFFF;font-weight: bold;\">GARANTIA PRESTA\u00c7\u00c3O DE SERVI\u00c7OS LTDA CNPJ 20.246.451\/0001-10<\/td><td style=\"color: #000000; background-color: #FFFFFF;font-weight: bold;\"><\/td><\/tr><tr><td style=\"color: #000000; background-color: #FFFFFF;font-weight: bold;\">2025<\/td><td style=\"color: #000000; background-color: #FFFFFF;font-weight: bold;\">novembro<\/td><td style=\"color: #000000; background-color: #FFFFFF;font-weight: bold;\">Gislene Mendes do Vale<\/td><td style=\"color: #000000; background-color: #FFFFFF;font-weight: bold;\">Porteiro Diurno <\/td><td style=\"color: #000000; background-color: #FFFFFF;font-weight: bold;\">GARANTIA PRESTA\u00c7\u00c3O DE SERVI\u00c7OS LTDA CNPJ 20.246.451\/0001-10<\/td><td style=\"color: #000000; background-color: #FFFFFF;font-weight: bold;\"><\/td><\/tr><tr><td style=\"color: #000000; background-color: #FFFFFF;font-weight: bold;\">2025<\/td><td style=\"color: #000000; background-color: #FFFFFF;font-weight: bold;\">novembro<\/td><td style=\"color: #000000; background-color: #FFFFFF;font-weight: bold;\">Jose Pereira dos Santos<\/td><td style=\"color: #000000; background-color: #FFFFFF;font-weight: bold;\">Porteiro Diurno <\/td><td style=\"color: #000000; background-color: #FFFFFF;font-weight: bold;\">GARANTIA PRESTA\u00c7\u00c3O DE SERVI\u00c7OS LTDA CNPJ 20.246.451\/0001-10<\/td><td style=\"color: #000000; background-color: #FFFFFF;font-weight: bold;\"><\/td><\/tr><tr><td style=\"color: #000000; background-color: #FFFFFF;font-weight: bold;\">2025<\/td><td style=\"color: #000000; background-color: #FFFFFF;font-weight: bold;\">novembro<\/td><td style=\"color: #000000; background-color: #FFFFFF;font-weight: bold;\">Ezequias Raiumundo<\/td><td style=\"color: #000000; background-color: #FFFFFF;font-weight: bold;\">Vigia Noturno <\/td><td style=\"color: #000000; background-color: #FFFFFF;font-weight: bold;\">GARANTIA PRESTA\u00c7\u00c3O DE SERVI\u00c7OS LTDA CNPJ 20.246.451\/0001-10<\/td><td style=\"color: #000000; background-color: #FFFFFF;font-weight: bold;\"><\/td><\/tr><tr><td style=\"color: #000000; background-color: #FFFFFF;font-weight: bold;\">2025<\/td><td style=\"color: #000000; background-color: #FFFFFF;font-weight: bold;\">novembro<\/td><td style=\"color: #000000; background-color: #FFFFFF;font-weight: bold;\">Renato Pereira Soares<\/td><td style=\"color: #000000; background-color: #FFFFFF;font-weight: bold;\">Vigia Noturno <\/td><td style=\"color: #000000; background-color: #FFFFFF;font-weight: bold;\">GARANTIA PRESTA\u00c7\u00c3O DE SERVI\u00c7OS LTDA CNPJ 20.246.451\/0001-10<\/td><td style=\"color: #000000; background-color: #FFFFFF;font-weight: bold;\"><\/td><\/tr><tr><td style=\"color: #000000; background-color: #FFFFFF;font-weight: bold;\">2025<\/td><td style=\"color: #000000; background-color: #FFFFFF;font-weight: bold;\">novembro<\/td><td style=\"color: #000000; background-color: #FFFFFF;font-weight: bold;\">Eliezer Xavier do Nascimento<\/td><td style=\"color: #000000; background-color: #FFFFFF;font-weight: bold;\">Vigia Noturno <\/td><td style=\"color: #000000; background-color: #FFFFFF;font-weight: bold;\">GARANTIA PRESTA\u00c7\u00c3O DE SERVI\u00c7OS LTDA CNPJ 20.246.451\/0001-10<\/td><td style=\"color: #000000; background-color: #FFFFFF;font-weight: bold;\"><\/td><\/tr><tr><td style=\"color: #000000; background-color: #FFFFFF;font-weight: bold;\">2025<\/td><td style=\"color: #000000; background-color: #FFFFFF;font-weight: bold;\">novembro<\/td><td style=\"color: #000000; background-color: #FFFFFF;font-weight: bold;\">Juscilene Sampaio da Silva<\/td><td style=\"color: #000000; background-color: #FFFFFF;font-weight: bold;\">Recepcionista <\/td><td style=\"color: #000000; background-color: #FFFFFF;font-weight: bold;\">GARANTIA PRESTA\u00c7\u00c3O DE SERVI\u00c7OS LTDA CNPJ 20.246.451\/0001-10<\/td><td style=\"color: #000000; background-color: #FFFFFF;font-weight: bold;\"><\/td><\/tr><tr><td style=\"color: #000000; background-color: #FFFFFF;font-weight: bold;\">2025<\/td><td style=\"color: #000000; background-color: #FFFFFF;font-weight: bold;\">novembro<\/td><td style=\"color: #000000; background-color: #FFFFFF;font-weight: bold;\">Edmar Batista Arantes<\/td><td style=\"color: #000000; background-color: #FFFFFF;font-weight: bold;\">Aux. Man. Predial <\/td><td style=\"color: #000000; background-color: #FFFFFF;font-weight: bold;\">GARANTIA PRESTA\u00c7\u00c3O DE SERVI\u00c7OS LTDA CNPJ 20.246.451\/0001-10<\/td><td style=\"color: #000000; background-color: #FFFFFF;font-weight: bold;\"><\/td><\/tr><tr><td style=\"color: #000000; background-color: #FFFFFF;font-weight: bold;\">2025<\/td><td style=\"color: #000000; background-color: #FFFFFF;font-weight: bold;\">novembro<\/td><td style=\"color: #000000; background-color: #FFFFFF;font-weight: bold;\">Maria Aldileide da Silva<\/td><td style=\"color: #000000; background-color: #FFFFFF;font-weight: bold;\">Copeira <\/td><td style=\"color: #000000; background-color: #FFFFFF;font-weight: bold;\">GARANTIA PRESTA\u00c7\u00c3O DE SERVI\u00c7OS LTDA CNPJ 20.246.451\/0001-10<\/td><td style=\"color: #000000; background-color: #FFFFFF;font-weight: bold;\"><\/td><\/tr><tr><td style=\"color: #000000; background-color: #FFFFFF;font-weight: bold;\">2025<\/td><td style=\"color: #000000; background-color: #FFFFFF;font-weight: bold;\">novembro<\/td><td style=\"color: #000000; background-color: #FFFFFF;font-weight: bold;\">Leuana Pereira da Silva<\/td><td style=\"color: #000000; background-color: #FFFFFF;font-weight: bold;\">Auxiliar de Servi\u00e7os Gerais <\/td><td style=\"color: #000000; background-color: #FFFFFF;font-weight: bold;\">GENESIS PRESTADORA DE SERVI\u00c7OS LTDA CNPJ 31.549.836\/0001-73<\/td><td style=\"color: #000000; background-color: #FFFFFF;font-weight: bold;\"><\/td><\/tr><tr><td style=\"color: #000000; background-color: #FFFFFF;font-weight: bold;\">2025<\/td><td style=\"color: #000000; background-color: #FFFFFF;font-weight: bold;\">novembro<\/td><td style=\"color: #000000; background-color: #FFFFFF;font-weight: bold;\">Luzinete Marques  Davi<\/td><td style=\"color: #000000; background-color: #FFFFFF;font-weight: bold;\">Auxiliar de Servi\u00e7os Gerais <\/td><td style=\"color: #000000; background-color: #FFFFFF;font-weight: bold;\">GENESIS PRESTADORA DE SERVI\u00c7OS LTDA CNPJ 31.549.836\/0001-73<\/td><td style=\"color: #000000; background-color: #FFFFFF;font-weight: bold;\"><\/td><\/tr><tr><td style=\"color: #000000; background-color: #FFFFFF;font-weight: bold;\">2025<\/td><td style=\"color: #000000; background-color: #FFFFFF;font-weight: bold;\">novembro<\/td><td style=\"color: #000000; background-color: #FFFFFF;font-weight: bold;\">Edna Lucia Chaga Pimenta<\/td><td style=\"color: #000000; background-color: #FFFFFF;font-weight: bold;\">Auxiliar de Servi\u00e7os Gerais <\/td><td style=\"color: #000000; background-color: #FFFFFF;font-weight: bold;\">GENESIS PRESTADORA DE SERVI\u00c7OS LTDA CNPJ 31.549.836\/0001-73<\/td><td style=\"color: #000000; background-color: #FFFFFF;font-weight: bold;\"><\/td><\/tr><tr><td style=\"color: #000000; background-color: #FFFFFF;font-weight: bold;\">2025<\/td><td style=\"color: #000000; background-color: #FFFFFF;font-weight: bold;\">novembro<\/td><td style=\"color: #000000; background-color: #FFFFFF;font-weight: bold;\">Marilene Dias de Souza<\/td><td style=\"color: #000000; background-color: #FFFFFF;font-weight: bold;\">Auxiliar de Servi\u00e7os Gerais <\/td><td style=\"color: #000000; background-color: #FFFFFF;font-weight: bold;\">GENESIS PRESTADORA DE SERVI\u00c7OS LTDA CNPJ 31.549.836\/0001-73<\/td><td style=\"color: #000000; background-color: #FFFFFF;font-weight: bold;\"><\/td><\/tr><tr><td style=\"color: #000000; background-color: #FFFFFF;font-weight: bold;\">2025<\/td><td style=\"color: #000000; background-color: #FFFFFF;font-weight: bold;\">novembro<\/td><td style=\"color: #000000; background-color: #FFFFFF;font-weight: bold;\">Erinaldo Ribeiro Soares<\/td><td style=\"color: #000000; background-color: #FFFFFF;font-weight: bold;\">Auxiliar de Jardinajem<\/td><td style=\"color: #000000; background-color: #FFFFFF;font-weight: bold;\">GENESIS PRESTADORA DE SERVI\u00c7OS LTDA CNPJ 31.549.836\/0001-73<\/td><td style=\"color: #000000; background-color: #FFFFFF;font-weight: bold;\"><\/td><\/tr><tr><td style=\"color: #000000; background-color: #FFFFFF;font-weight: bold;\">2025<\/td><td style=\"color: #000000; background-color: #FFFFFF;font-weight: bold;\">novembro<\/td><td style=\"color: #000000; background-color: #FFFFFF;font-weight: bold;\">Jose Almeida Trindade<\/td><td style=\"color: #000000; background-color: #FFFFFF;font-weight: bold;\">Auxiliar de Jardinajem<\/td><td style=\"color: #000000; background-color: #FFFFFF;font-weight: bold;\">GENESIS PRESTADORA DE SERVI\u00c7OS LTDA CNPJ 31.549.836\/0001-73<\/td><td style=\"color: #000000; background-color: #FFFFFF;font-weight: bold;\"><\/td><\/tr><tr><td style=\"color: #000000; background-color: #FFFFFF;font-weight: bold;\">2025<\/td><td style=\"color: #000000; background-color: #FFFFFF;font-weight: bold;\">outubro<\/td><td style=\"color: #000000; background-color: #FFFFFF;font-weight: bold;\">Gabrielle Marques Costa <\/td><td style=\"color: #000000; background-color: #FFFFFF;font-weight: bold;\">Porteiro Diurno <\/td><td style=\"color: #000000; background-color: #FFFFFF;font-weight: bold;\">GARANTIA PRESTA\u00c7\u00c3O DE SERVI\u00c7OS LTDA CNPJ 20.246.451\/0001-10<\/td><td style=\"color: #000000; background-color: #FFFFFF;font-weight: bold;\"><\/td><\/tr><tr><td style=\"color: #000000; background-color: #FFFFFF;font-weight: bold;\">2025<\/td><td style=\"color: #000000; background-color: #FFFFFF;font-weight: bold;\">outubro<\/td><td style=\"color: #000000; background-color: #FFFFFF;font-weight: bold;\">Vanderlino da Silva Ramos<\/td><td style=\"color: #000000; background-color: #FFFFFF;font-weight: bold;\">Porteiro Diurno <\/td><td style=\"color: #000000; background-color: #FFFFFF;font-weight: bold;\">GARANTIA PRESTA\u00c7\u00c3O DE SERVI\u00c7OS LTDA CNPJ 20.246.451\/0001-10<\/td><td style=\"color: #000000; background-color: #FFFFFF;font-weight: bold;\"><\/td><\/tr><tr><td style=\"color: #000000; background-color: #FFFFFF;font-weight: bold;\">2025<\/td><td style=\"color: #000000; background-color: #FFFFFF;font-weight: bold;\">outubro<\/td><td style=\"color: #000000; background-color: #FFFFFF;font-weight: bold;\">Gislene Mendes do Vale<\/td><td style=\"color: #000000; background-color: #FFFFFF;font-weight: bold;\">Porteiro Diurno <\/td><td style=\"color: #000000; background-color: #FFFFFF;font-weight: bold;\">GARANTIA PRESTA\u00c7\u00c3O DE SERVI\u00c7OS LTDA CNPJ 20.246.451\/0001-10<\/td><td style=\"color: #000000; background-color: #FFFFFF;font-weight: bold;\"><\/td><\/tr><tr><td style=\"color: #000000; background-color: #FFFFFF;font-weight: bold;\">2025<\/td><td style=\"color: #000000; background-color: #FFFFFF;font-weight: bold;\">outubro<\/td><td style=\"color: #000000; background-color: #FFFFFF;font-weight: bold;\">Jose Pereira dos Santos<\/td><td style=\"color: #000000; background-color: #FFFFFF;font-weight: bold;\">Porteiro Diurno <\/td><td style=\"color: #000000; background-color: #FFFFFF;font-weight: bold;\">GARANTIA PRESTA\u00c7\u00c3O DE SERVI\u00c7OS LTDA CNPJ 20.246.451\/0001-10<\/td><td style=\"color: #000000; background-color: #FFFFFF;font-weight: bold;\"><\/td><\/tr><tr><td style=\"color: #000000; background-color: #FFFFFF;font-weight: bold;\">2025<\/td><td style=\"color: #000000; background-color: #FFFFFF;font-weight: bold;\">outubro<\/td><td style=\"color: #000000; background-color: #FFFFFF;font-weight: bold;\">Ezequias Raiumundo<\/td><td style=\"color: #000000; background-color: #FFFFFF;font-weight: bold;\">Vigia Noturno <\/td><td style=\"color: #000000; background-color: #FFFFFF;font-weight: bold;\">GARANTIA PRESTA\u00c7\u00c3O DE SERVI\u00c7OS LTDA CNPJ 20.246.451\/0001-10<\/td><td style=\"color: #000000; background-color: #FFFFFF;font-weight: bold;\"><\/td><\/tr><tr><td style=\"color: #000000; background-color: #FFFFFF;font-weight: bold;\">2025<\/td><td style=\"color: #000000; background-color: #FFFFFF;font-weight: bold;\">outubro<\/td><td style=\"color: #000000; background-color: #FFFFFF;font-weight: bold;\">Renato Pereira Soares<\/td><td style=\"color: #000000; background-color: #FFFFFF;font-weight: bold;\">Vigia Noturno <\/td><td style=\"color: #000000; background-color: #FFFFFF;font-weight: bold;\">GARANTIA PRESTA\u00c7\u00c3O DE SERVI\u00c7OS LTDA CNPJ 20.246.451\/0001-10<\/td><td style=\"color: #000000; background-color: #FFFFFF;font-weight: bold;\"><\/td><\/tr><tr><td style=\"color: #000000; background-color: #FFFFFF;font-weight: bold;\">2025<\/td><td style=\"color: #000000; background-color: #FFFFFF;font-weight: bold;\">outubro<\/td><td style=\"color: #000000; background-color: #FFFFFF;font-weight: bold;\">Eliezer Xavier do Nascimento<\/td><td style=\"color: #000000; background-color: #FFFFFF;font-weight: bold;\">Vigia Noturno <\/td><td style=\"color: #000000; background-color: #FFFFFF;font-weight: bold;\">GARANTIA PRESTA\u00c7\u00c3O DE SERVI\u00c7OS LTDA CNPJ 20.246.451\/0001-10<\/td><td style=\"color: #000000; background-color: #FFFFFF;font-weight: bold;\"><\/td><\/tr><tr><td style=\"color: #000000; background-color: #FFFFFF;font-weight: bold;\">2025<\/td><td style=\"color: #000000; background-color: #FFFFFF;font-weight: bold;\">outubro<\/td><td style=\"color: #000000; background-color: #FFFFFF;font-weight: bold;\">Juscilene Sampaio da Silva<\/td><td style=\"color: #000000; background-color: #FFFFFF;font-weight: bold;\">Recepcionista <\/td><td style=\"color: #000000; background-color: #FFFFFF;font-weight: bold;\">GARANTIA PRESTA\u00c7\u00c3O DE SERVI\u00c7OS LTDA CNPJ 20.246.451\/0001-10<\/td><td style=\"color: #000000; background-color: #FFFFFF;font-weight: bold;\"><\/td><\/tr><tr><td style=\"color: #000000; background-color: #FFFFFF;font-weight: bold;\">2025<\/td><td style=\"color: #000000; background-color: #FFFFFF;font-weight: bold;\">outubro<\/td><td style=\"color: #000000; background-color: #FFFFFF;font-weight: bold;\">Edmar Batista Arantes<\/td><td style=\"color: #000000; background-color: #FFFFFF;font-weight: bold;\">Aux. Man. Predial <\/td><td style=\"color: #000000; background-color: #FFFFFF;font-weight: bold;\">GARANTIA PRESTA\u00c7\u00c3O DE SERVI\u00c7OS LTDA CNPJ 20.246.451\/0001-10<\/td><td style=\"color: #000000; background-color: #FFFFFF;font-weight: bold;\"><\/td><\/tr><tr><td style=\"color: #000000; background-color: #FFFFFF;font-weight: bold;\">2025<\/td><td style=\"color: #000000; background-color: #FFFFFF;font-weight: bold;\">outubro<\/td><td style=\"color: #000000; background-color: #FFFFFF;font-weight: bold;\">Maria Aldileide da Silva<\/td><td style=\"color: #000000; background-color: #FFFFFF;font-weight: bold;\">Copeira <\/td><td style=\"color: #000000; background-color: #FFFFFF;font-weight: bold;\">GARANTIA PRESTA\u00c7\u00c3O DE SERVI\u00c7OS LTDA CNPJ 20.246.451\/0001-10<\/td><td style=\"color: #000000; background-color: #FFFFFF;font-weight: bold;\"><\/td><\/tr><tr><td style=\"color: #000000; background-color: #FFFFFF;font-weight: bold;\">2025<\/td><td style=\"color: #000000; background-color: #FFFFFF;font-weight: bold;\">outubro<\/td><td style=\"color: #000000; background-color: #FFFFFF;font-weight: bold;\">Leuana Pereira da Silva<\/td><td style=\"color: #000000; background-color: #FFFFFF;font-weight: bold;\">Auxiliar de Servi\u00e7os Gerais <\/td><td style=\"color: #000000; background-color: #FFFFFF;font-weight: bold;\">GENESIS PRESTADORA DE SERVI\u00c7OS LTDA CNPJ 31.549.836\/0001-73<\/td><td style=\"color: #000000; background-color: #FFFFFF;font-weight: bold;\"><\/td><\/tr><tr><td style=\"color: #000000; background-color: #FFFFFF;font-weight: bold;\">2025<\/td><td style=\"color: #000000; background-color: #FFFFFF;font-weight: bold;\">outubro<\/td><td style=\"color: #000000; background-color: #FFFFFF;font-weight: bold;\">Luzinete Marques  Davi<\/td><td style=\"color: #000000; background-color: #FFFFFF;font-weight: bold;\">Auxiliar de Servi\u00e7os Gerais <\/td><td style=\"color: #000000; background-color: #FFFFFF;font-weight: bold;\">GENESIS PRESTADORA DE SERVI\u00c7OS LTDA CNPJ 31.549.836\/0001-73<\/td><td style=\"color: #000000; background-color: #FFFFFF;font-weight: bold;\"><\/td><\/tr><tr><td style=\"color: #000000; background-color: #FFFFFF;font-weight: bold;\">2025<\/td><td style=\"color: #000000; background-color: #FFFFFF;font-weight: bold;\">outubro<\/td><td style=\"color: #000000; background-color: #FFFFFF;font-weight: bold;\">Edna Lucia Chaga Pimenta<\/td><td style=\"color: #000000; background-color: #FFFFFF;font-weight: bold;\">Auxiliar de Servi\u00e7os Gerais <\/td><td style=\"color: #000000; background-color: #FFFFFF;font-weight: bold;\">GENESIS PRESTADORA DE SERVI\u00c7OS LTDA CNPJ 31.549.836\/0001-73<\/td><td style=\"color: #000000; background-color: #FFFFFF;font-weight: bold;\"><\/td><\/tr><tr><td style=\"color: #000000; background-color: #FFFFFF;font-weight: bold;\">2025<\/td><td style=\"color: #000000; background-color: #FFFFFF;font-weight: bold;\">outubro<\/td><td style=\"color: #000000; background-color: #FFFFFF;font-weight: bold;\">Marilene Dias de Souza<\/td><td style=\"color: #000000; background-color: #FFFFFF;font-weight: bold;\">Auxiliar de Servi\u00e7os Gerais <\/td><td style=\"color: #000000; background-color: #FFFFFF;font-weight: bold;\">GENESIS PRESTADORA DE SERVI\u00c7OS LTDA CNPJ 31.549.836\/0001-73<\/td><td style=\"color: #000000; background-color: #FFFFFF;font-weight: bold;\"><\/td><\/tr><tr><td style=\"color: #000000; background-color: #FFFFFF;font-weight: bold;\">2025<\/td><td style=\"color: #000000; background-color: #FFFFFF;font-weight: bold;\">outubro<\/td><td style=\"color: #000000; background-color: #FFFFFF;font-weight: bold;\">Erinaldo Ribeiro Soares<\/td><td style=\"color: #000000; background-color: #FFFFFF;font-weight: bold;\">Auxiliar de Jardinajem<\/td><td style=\"color: #000000; background-color: #FFFFFF;font-weight: bold;\">GENESIS PRESTADORA DE SERVI\u00c7OS LTDA CNPJ 31.549.836\/0001-73<\/td><td style=\"color: #000000; background-color: #FFFFFF;font-weight: bold;\"><\/td><\/tr><tr><td style=\"color: #000000; background-color: #FFFFFF;font-weight: bold;\">2025<\/td><td style=\"color: #000000; background-color: #FFFFFF;font-weight: bold;\">outubro<\/td><td style=\"color: #000000; background-color: #FFFFFF;font-weight: bold;\">Jose Almeida Trindade<\/td><td style=\"color: #000000; background-color: #FFFFFF;font-weight: bold;\">Auxiliar de Jardinajem<\/td><td style=\"color: #000000; background-color: #FFFFFF;font-weight: bold;\">GENESIS PRESTADORA DE SERVI\u00c7OS LTDA CNPJ 31.549.836\/0001-73<\/td><td style=\"color: #000000; background-color: #FFFFFF;font-weight: bold;\"><\/td><\/tr><tr><td style=\"color: #000000; background-color: #FFFFFF;font-weight: bold;\">2025<\/td><td style=\"color: #000000; background-color: #FFFFFF;font-weight: bold;\"> setembro<\/td><td style=\"color: #000000; background-color: #FFFFFF;font-weight: bold;\">Gabrielle Marques Costa <\/td><td style=\"color: #000000; background-color: #FFFFFF;font-weight: bold;\">Porteiro Diurno <\/td><td style=\"color: #000000; background-color: #FFFFFF;font-weight: bold;\">GARANTIA PRESTA\u00c7\u00c3O DE SERVI\u00c7OS LTDA CNPJ 20.246.451\/0001-10<\/td><td style=\"color: #000000; background-color: #FFFFFF;font-weight: bold;\"><\/td><\/tr><tr><td style=\"color: #000000; background-color: #FFFFFF;font-weight: bold;\">2025<\/td><td style=\"color: #000000; background-color: #FFFFFF;font-weight: bold;\"> setembro<\/td><td style=\"color: #000000; background-color: #FFFFFF;font-weight: bold;\">Vanderlino da Silva Ramos<\/td><td style=\"color: #000000; background-color: #FFFFFF;font-weight: bold;\">Porteiro Diurno <\/td><td style=\"color: #000000; background-color: #FFFFFF;font-weight: bold;\">GARANTIA PRESTA\u00c7\u00c3O DE SERVI\u00c7OS LTDA CNPJ 20.246.451\/0001-10<\/td><td style=\"color: #000000; background-color: #FFFFFF;font-weight: bold;\"><\/td><\/tr><tr><td style=\"color: #000000; background-color: #FFFFFF;font-weight: bold;\">2025<\/td><td style=\"color: #000000; background-color: #FFFFFF;font-weight: bold;\"> setembro<\/td><td style=\"color: #000000; background-color: #FFFFFF;font-weight: bold;\">Gislene Mendes do Vale<\/td><td style=\"color: #000000; background-color: #FFFFFF;font-weight: bold;\">Porteiro Diurno <\/td><td style=\"color: #000000; background-color: #FFFFFF;font-weight: bold;\">GARANTIA PRESTA\u00c7\u00c3O DE SERVI\u00c7OS LTDA CNPJ 20.246.451\/0001-10<\/td><td style=\"color: #000000; background-color: #FFFFFF;font-weight: bold;\"><\/td><\/tr><tr><td style=\"color: #000000; background-color: #FFFFFF;font-weight: bold;\">2025<\/td><td style=\"color: #000000; background-color: #FFFFFF;font-weight: bold;\"> setembro<\/td><td style=\"color: #000000; background-color: #FFFFFF;font-weight: bold;\">Jose Pereira dos Santos<\/td><td style=\"color: #000000; background-color: #FFFFFF;font-weight: bold;\">Porteiro Diurno <\/td><td style=\"color: #000000; background-color: #FFFFFF;font-weight: bold;\">GARANTIA PRESTA\u00c7\u00c3O DE SERVI\u00c7OS LTDA CNPJ 20.246.451\/0001-10<\/td><td style=\"color: #000000; background-color: #FFFFFF;font-weight: bold;\"><\/td><\/tr><tr><td style=\"color: #000000; background-color: #FFFFFF;font-weight: bold;\">2025<\/td><td style=\"color: #000000; background-color: #FFFFFF;font-weight: bold;\">setembro<\/td><td style=\"color: #000000; background-color: #FFFFFF;font-weight: bold;\">Ezequias Raiumundo<\/td><td style=\"color: #000000; background-color: #FFFFFF;font-weight: bold;\">Vigia Noturno <\/td><td style=\"color: #000000; background-color: #FFFFFF;font-weight: bold;\">GARANTIA PRESTA\u00c7\u00c3O DE SERVI\u00c7OS LTDA CNPJ 20.246.451\/0001-10<\/td><td style=\"color: #000000; background-color: #FFFFFF;font-weight: bold;\"><\/td><\/tr><tr><td style=\"color: #000000; background-color: #FFFFFF;font-weight: bold;\">2025<\/td><td style=\"color: #000000; background-color: #FFFFFF;font-weight: bold;\"> setembro<\/td><td style=\"color: #000000; background-color: #FFFFFF;font-weight: bold;\">Renato Pereira Soares<\/td><td style=\"color: #000000; background-color: #FFFFFF;font-weight: bold;\">Vigia Noturno <\/td><td style=\"color: #000000; background-color: #FFFFFF;font-weight: bold;\">GARANTIA PRESTA\u00c7\u00c3O DE SERVI\u00c7OS LTDA CNPJ 20.246.451\/0001-10<\/td><td style=\"color: #000000; background-color: #FFFFFF;font-weight: bold;\"><\/td><\/tr><tr><td style=\"color: #000000; background-color: #FFFFFF;font-weight: bold;\">2025<\/td><td style=\"color: #000000; background-color: #FFFFFF;font-weight: bold;\"> setembro<\/td><td style=\"color: #000000; background-color: #FFFFFF;font-weight: bold;\">Eliezer Xavier do Nascimento<\/td><td style=\"color: #000000; background-color: #FFFFFF;font-weight: bold;\">Vigia Noturno <\/td><td style=\"color: #000000; background-color: #FFFFFF;font-weight: bold;\">GARANTIA PRESTA\u00c7\u00c3O DE SERVI\u00c7OS LTDA CNPJ 20.246.451\/0001-10<\/td><td style=\"color: #000000; background-color: #FFFFFF;font-weight: bold;\"><\/td><\/tr><tr><td style=\"color: #000000; background-color: #FFFFFF;font-weight: bold;\">2025<\/td><td style=\"color: #000000; background-color: #FFFFFF;font-weight: bold;\"> setembro<\/td><td style=\"color: #000000; background-color: #FFFFFF;font-weight: bold;\">Juscilene Sampaio da Silva<\/td><td style=\"color: #000000; background-color: #FFFFFF;font-weight: bold;\">Recepcionista <\/td><td style=\"color: #000000; background-color: #FFFFFF;font-weight: bold;\">GARANTIA PRESTA\u00c7\u00c3O DE SERVI\u00c7OS LTDA CNPJ 20.246.451\/0001-10<\/td><td style=\"color: #000000; background-color: #FFFFFF;font-weight: bold;\"><\/td><\/tr><tr><td style=\"color: #000000; background-color: #FFFFFF;font-weight: bold;\">2025<\/td><td style=\"color: #000000; background-color: #FFFFFF;font-weight: bold;\"> setembro<\/td><td style=\"color: #000000; background-color: #FFFFFF;font-weight: bold;\">Edmar Batista Arantes<\/td><td style=\"color: #000000; background-color: #FFFFFF;font-weight: bold;\">Aux. Man. Predial <\/td><td style=\"color: #000000; background-color: #FFFFFF;font-weight: bold;\">GARANTIA PRESTA\u00c7\u00c3O DE SERVI\u00c7OS LTDA CNPJ 20.246.451\/0001-10<\/td><td style=\"color: #000000; background-color: #FFFFFF;font-weight: bold;\"><\/td><\/tr><tr><td style=\"color: #000000; background-color: #FFFFFF;font-weight: bold;\">2025<\/td><td style=\"color: #000000; background-color: #FFFFFF;font-weight: bold;\"> setembro<\/td><td style=\"color: #000000; background-color: #FFFFFF;font-weight: bold;\">Maria Aldileide da Silva<\/td><td style=\"color: #000000; background-color: #FFFFFF;font-weight: bold;\">Copeira <\/td><td style=\"color: #000000; background-color: #FFFFFF;font-weight: bold;\">GARANTIA PRESTA\u00c7\u00c3O DE SERVI\u00c7OS LTDA CNPJ 20.246.451\/0001-10<\/td><td style=\"color: #000000; background-color: #FFFFFF;font-weight: bold;\"><\/td><\/tr><tr><td style=\"color: #000000; background-color: #FFFFFF;font-weight: bold;\">2025<\/td><td style=\"color: #000000; background-color: #FFFFFF;font-weight: bold;\">setembro<\/td><td style=\"color: #000000; background-color: #FFFFFF;font-weight: bold;\">Leuana Pereira da Silva<\/td><td style=\"color: #000000; background-color: #FFFFFF;font-weight: bold;\">Auxiliar de Servi\u00e7os Gerais <\/td><td style=\"color: #000000; background-color: #FFFFFF;font-weight: bold;\">GENESIS PRESTADORA DE SERVI\u00c7OS LTDA CNPJ 31.549.836\/0001-73<\/td><td style=\"color: #000000; background-color: #FFFFFF;font-weight: bold;\"><\/td><\/tr><tr><td style=\"color: #000000; background-color: #FFFFFF;font-weight: bold;\">2025<\/td><td style=\"color: #000000; background-color: #FFFFFF;font-weight: bold;\">setembro<\/td><td style=\"color: #000000; background-color: #FFFFFF;font-weight: bold;\">Luzinete Marques  Davi<\/td><td style=\"color: #000000; background-color: #FFFFFF;font-weight: bold;\">Auxiliar de Servi\u00e7os Gerais <\/td><td style=\"color: #000000; background-color: #FFFFFF;font-weight: bold;\">GENESIS PRESTADORA DE SERVI\u00c7OS LTDA CNPJ 31.549.836\/0001-73<\/td><td style=\"color: #000000; background-color: #FFFFFF;font-weight: bold;\"><\/td><\/tr><tr><td style=\"color: #000000; background-color: #FFFFFF;font-weight: bold;\">2025<\/td><td style=\"color: #000000; background-color: #FFFFFF;font-weight: bold;\">setembro<\/td><td style=\"color: #000000; background-color: #FFFFFF;font-weight: bold;\">Edna Lucia Chaga Pimenta<\/td><td style=\"color: #000000; background-color: #FFFFFF;font-weight: bold;\">Auxiliar de Servi\u00e7os Gerais <\/td><td style=\"color: #000000; background-color: #FFFFFF;font-weight: bold;\">GENESIS PRESTADORA DE SERVI\u00c7OS LTDA CNPJ 31.549.836\/0001-73<\/td><td style=\"color: #000000; background-color: #FFFFFF;font-weight: bold;\"><\/td><\/tr><tr><td style=\"color: #000000; background-color: #FFFFFF;font-weight: bold;\">2025<\/td><td style=\"color: #000000; background-color: #FFFFFF;font-weight: bold;\">setembro<\/td><td style=\"color: #000000; background-color: #FFFFFF;font-weight: bold;\">Marilene Dias de Souza<\/td><td style=\"color: #000000; background-color: #FFFFFF;font-weight: bold;\">Auxiliar de Servi\u00e7os Gerais <\/td><td style=\"color: #000000; background-color: #FFFFFF;font-weight: bold;\">GENESIS PRESTADORA DE SERVI\u00c7OS LTDA CNPJ 31.549.836\/0001-73<\/td><td style=\"color: #000000; background-color: #FFFFFF;font-weight: bold;\"><\/td><\/tr><tr><td style=\"color: #000000; background-color: #FFFFFF;font-weight: bold;\">2025<\/td><td style=\"color: #000000; background-color: #FFFFFF;font-weight: bold;\">setembro<\/td><td style=\"color: #000000; background-color: #FFFFFF;font-weight: bold;\">Erinaldo Ribeiro Soares<\/td><td style=\"color: #000000; background-color: #FFFFFF;font-weight: bold;\">Auxiliar de Jardinajem<\/td><td style=\"color: #000000; background-color: #FFFFFF;font-weight: bold;\">GENESIS PRESTADORA DE SERVI\u00c7OS LTDA CNPJ 31.549.836\/0001-73<\/td><td style=\"color: #000000; background-color: #FFFFFF;font-weight: bold;\"><\/td><\/tr><tr><td style=\"color: #000000; background-color: #FFFFFF;font-weight: bold;\">2025<\/td><td style=\"color: #000000; background-color: #FFFFFF;font-weight: bold;\">setembro<\/td><td style=\"color: #000000; background-color: #FFFFFF;font-weight: bold;\">Jose Almeida Trindade<\/td><td style=\"color: #000000; background-color: #FFFFFF;font-weight: bold;\">Auxiliar de Jardinajem<\/td><td style=\"color: #000000; background-color: #FFFFFF;font-weight: bold;\">GENESIS PRESTADORA DE SERVI\u00c7OS LTDA CNPJ 31.549.836\/0001-73<\/td><td style=\"color: #000000; background-color: #FFFFFF;font-weight: bold;\"><\/td><\/tr><tr><td style=\"color: #000000; background-color: #FFFFFF;font-weight: bold;\">2025<\/td><td style=\"color: #000000; background-color: #FFFFFF;font-weight: bold;\">agosto<\/td><td style=\"color: #000000; background-color: #FFFFFF;font-weight: bold;\">Edmar Batista Arantes<\/td><td style=\"color: #000000; background-color: #FFFFFF;font-weight: bold;\">Aux. Man. Predial <\/td><td style=\"color: #000000; background-color: #FFFFFF;font-weight: bold;\">GARANTIA PRESTA\u00c7\u00c3O DE SERVI\u00c7OS LTDA CNPJ 20.246.451\/0001-10<\/td><td style=\"color: #000000; background-color: #FFFFFF;font-weight: bold;\"><\/td><\/tr><tr><td style=\"color: #000000; background-color: #FFFFFF;font-weight: bold;\">2025<\/td><td style=\"color: #000000; background-color: #FFFFFF;font-weight: bold;\">agosto<\/td><td style=\"color: #000000; background-color: #FFFFFF;font-weight: bold;\">Eliezer Xavier do Nascimento<\/td><td style=\"color: #000000; background-color: #FFFFFF;font-weight: bold;\">Vigia Noturno <\/td><td style=\"color: #000000; background-color: #FFFFFF;font-weight: bold;\">GARANTIA PRESTA\u00c7\u00c3O DE SERVI\u00c7OS LTDA CNPJ 20.246.451\/0001-10<\/td><td style=\"color: #000000; background-color: #FFFFFF;font-weight: bold;\"><\/td><\/tr><tr><td style=\"color: #000000; background-color: #FFFFFF;font-weight: bold;\">2025<\/td><td style=\"color: #000000; background-color: #FFFFFF;font-weight: bold;\">agosto<\/td><td style=\"color: #000000; background-color: #FFFFFF;font-weight: bold;\">Eric Silva <\/td><td style=\"color: #000000; background-color: #FFFFFF;font-weight: bold;\">Vigia Noturno<\/td><td style=\"color: #000000; background-color: #FFFFFF;font-weight: bold;\">GARANTIA PRESTA\u00c7\u00c3O DE SERVI\u00c7OS LTDA CNPJ 20.246.451\/0001-11<\/td><td style=\"color: #000000; background-color: #FFFFFF;font-weight: bold;\"><\/td><\/tr><tr><td style=\"color: #000000; background-color: #FFFFFF;font-weight: bold;\">2025<\/td><td style=\"color: #000000; background-color: #FFFFFF;font-weight: bold;\">agosto<\/td><td style=\"color: #000000; background-color: #FFFFFF;font-weight: bold;\">Ezequias Raiumundo<\/td><td style=\"color: #000000; background-color: #FFFFFF;font-weight: bold;\">Vigia Noturno <\/td><td style=\"color: #000000; background-color: #FFFFFF;font-weight: bold;\">GARANTIA PRESTA\u00c7\u00c3O DE SERVI\u00c7OS LTDA CNPJ 20.246.451\/0001-10<\/td><td style=\"color: #000000; background-color: #FFFFFF;font-weight: bold;\"><\/td><\/tr><tr><td style=\"color: #000000; background-color: #FFFFFF;font-weight: bold;\">2025<\/td><td style=\"color: #000000; background-color: #FFFFFF;font-weight: bold;\">agosto<\/td><td style=\"color: #000000; background-color: #FFFFFF;font-weight: bold;\">Gabrielle Marques Costa <\/td><td style=\"color: #000000; background-color: #FFFFFF;font-weight: bold;\">Porteiro Diurno <\/td><td style=\"color: #000000; background-color: #FFFFFF;font-weight: bold;\">GARANTIA PRESTA\u00c7\u00c3O DE SERVI\u00c7OS LTDA CNPJ 20.246.451\/0001-10<\/td><td style=\"color: #000000; background-color: #FFFFFF;font-weight: bold;\"><\/td><\/tr><tr><td style=\"color: #000000; background-color: #FFFFFF;font-weight: bold;\">2025<\/td><td style=\"color: #000000; background-color: #FFFFFF;font-weight: bold;\">agosto<\/td><td style=\"color: #000000; background-color: #FFFFFF;font-weight: bold;\">Gislene Mendes do Vale<\/td><td style=\"color: #000000; background-color: #FFFFFF;font-weight: bold;\">Porteiro Diurno <\/td><td style=\"color: #000000; background-color: #FFFFFF;font-weight: bold;\">GARANTIA PRESTA\u00c7\u00c3O DE SERVI\u00c7OS LTDA CNPJ 20.246.451\/0001-10<\/td><td style=\"color: #000000; background-color: #FFFFFF;font-weight: bold;\"><\/td><\/tr><tr><td style=\"color: #000000; background-color: #FFFFFF;font-weight: bold;\">2025<\/td><td style=\"color: #000000; background-color: #FFFFFF;font-weight: bold;\">agosto<\/td><td style=\"color: #000000; background-color: #FFFFFF;font-weight: bold;\">Jose Pereira dos Santos<\/td><td style=\"color: #000000; background-color: #FFFFFF;font-weight: bold;\">Porteiro Diurno <\/td><td style=\"color: #000000; background-color: #FFFFFF;font-weight: bold;\">GARANTIA PRESTA\u00c7\u00c3O DE SERVI\u00c7OS LTDA CNPJ 20.246.451\/0001-10<\/td><td style=\"color: #000000; background-color: #FFFFFF;font-weight: bold;\"><\/td><\/tr><tr><td style=\"color: #000000; background-color: #FFFFFF;font-weight: bold;\">2025<\/td><td style=\"color: #000000; background-color: #FFFFFF;font-weight: bold;\">agosto<\/td><td style=\"color: #000000; background-color: #FFFFFF;font-weight: bold;\">Juscilene Sampaio da Silva<\/td><td style=\"color: #000000; background-color: #FFFFFF;font-weight: bold;\">Recepcionista <\/td><td style=\"color: #000000; background-color: #FFFFFF;font-weight: bold;\">GARANTIA PRESTA\u00c7\u00c3O DE SERVI\u00c7OS LTDA CNPJ 20.246.451\/0001-10<\/td><td style=\"color: #000000; background-color: #FFFFFF;font-weight: bold;\"><\/td><\/tr><tr><td style=\"color: #000000; background-color: #FFFFFF;font-weight: bold;\">2025<\/td><td style=\"color: #000000; background-color: #FFFFFF;font-weight: bold;\">agosto<\/td><td style=\"color: #000000; background-color: #FFFFFF;font-weight: bold;\">Maria Aldileide da Silva<\/td><td style=\"color: #000000; background-color: #FFFFFF;font-weight: bold;\">Copeira <\/td><td style=\"color: #000000; background-color: #FFFFFF;font-weight: bold;\">GARANTIA PRESTA\u00c7\u00c3O DE SERVI\u00c7OS LTDA CNPJ 20.246.451\/0001-10<\/td><td style=\"color: #000000; background-color: #FFFFFF;font-weight: bold;\"><\/td><\/tr><tr><td style=\"color: #000000; background-color: #FFFFFF;font-weight: bold;\">2025<\/td><td style=\"color: #000000; background-color: #FFFFFF;font-weight: bold;\">agosto<\/td><td style=\"color: #000000; background-color: #FFFFFF;font-weight: bold;\">Renato Pereira Soares<\/td><td style=\"color: #000000; background-color: #FFFFFF;font-weight: bold;\">Vigia Noturno <\/td><td style=\"color: #000000; background-color: #FFFFFF;font-weight: bold;\">GARANTIA PRESTA\u00c7\u00c3O DE SERVI\u00c7OS LTDA CNPJ 20.246.451\/0001-10<\/td><td style=\"color: #000000; background-color: #FFFFFF;font-weight: bold;\"><\/td><\/tr><tr><td style=\"color: #000000; background-color: #FFFFFF;font-weight: bold;\">2025<\/td><td style=\"color: #000000; background-color: #FFFFFF;font-weight: bold;\">agosto<\/td><td style=\"color: #000000; background-color: #FFFFFF;font-weight: bold;\">Vanderlino da Silva Ramos<\/td><td style=\"color: #000000; background-color: #FFFFFF;font-weight: bold;\">Porteiro Diurno <\/td><td style=\"color: #000000; background-color: #FFFFFF;font-weight: bold;\">GARANTIA PRESTA\u00c7\u00c3O DE SERVI\u00c7OS LTDA CNPJ 20.246.451\/0001-10<\/td><td style=\"color: #000000; background-color: #FFFFFF;font-weight: bold;\"><\/td><\/tr><tr><td style=\"color: #000000; background-color: #FFFFFF;font-weight: bold;\">2025<\/td><td style=\"color: #000000; background-color: #FFFFFF;font-weight: bold;\">agosto<\/td><td style=\"color: #000000; background-color: #FFFFFF;font-weight: bold;\">Cristiane Rodrigues da Silva<\/td><td style=\"color: #000000; background-color: #FFFFFF;font-weight: bold;\">Auxiliar de Servi\u00e7os Gerais<\/td><td style=\"color: #000000; background-color: #FFFFFF;font-weight: bold;\">GENESIS PRESTADORA DE SERVI\u00c7OS LTDA CNPJ 31.549.836\/0001-73<\/td><td style=\"color: #000000; background-color: #FFFFFF;font-weight: bold;\"><\/td><\/tr><tr><td style=\"color: #000000; background-color: #FFFFFF;font-weight: bold;\">2025<\/td><td style=\"color: #000000; background-color: #FFFFFF;font-weight: bold;\">agosto<\/td><td style=\"color: #000000; background-color: #FFFFFF;font-weight: bold;\">Edna Lucia Chaga Pimenta<\/td><td style=\"color: #000000; background-color: #FFFFFF;font-weight: bold;\">Auxiliar de Servi\u00e7os Gerais <\/td><td style=\"color: #000000; background-color: #FFFFFF;font-weight: bold;\">GENESIS PRESTADORA DE SERVI\u00c7OS LTDA CNPJ 31.549.836\/0001-73<\/td><td style=\"color: #000000; background-color: #FFFFFF;font-weight: bold;\"><\/td><\/tr><tr><td style=\"color: #000000; background-color: #FFFFFF;font-weight: bold;\">2025<\/td><td style=\"color: #000000; background-color: #FFFFFF;font-weight: bold;\">agosto<\/td><td style=\"color: #000000; background-color: #FFFFFF;font-weight: bold;\">Erinaldo Ribeiro Soares<\/td><td style=\"color: #000000; background-color: #FFFFFF;font-weight: bold;\">Auxiliar de Jardinajem<\/td><td style=\"color: #000000; background-color: #FFFFFF;font-weight: bold;\">GENESIS PRESTADORA DE SERVI\u00c7OS LTDA CNPJ 31.549.836\/0001-73<\/td><td style=\"color: #000000; background-color: #FFFFFF;font-weight: bold;\"><\/td><\/tr><tr><td style=\"color: #000000; background-color: #FFFFFF;font-weight: bold;\">2025<\/td><td style=\"color: #000000; background-color: #FFFFFF;font-weight: bold;\">agosto<\/td><td style=\"color: #000000; background-color: #FFFFFF;font-weight: bold;\">Ezequias Guimarar\u00e3es do Carmo<\/td><td style=\"color: #000000; background-color: #FFFFFF;font-weight: bold;\">Auxiliar de Jardinajem<\/td><td style=\"color: #000000; background-color: #FFFFFF;font-weight: bold;\">GENESIS PRESTADORA DE SERVI\u00c7OS LTDA CNPJ 31.549.836\/0001-73<\/td><td style=\"color: #000000; background-color: #FFFFFF;font-weight: bold;\"><\/td><\/tr><tr><td style=\"color: #000000; background-color: #FFFFFF;font-weight: bold;\">2025<\/td><td style=\"color: #000000; background-color: #FFFFFF;font-weight: bold;\">agosto<\/td><td style=\"color: #000000; background-color: #FFFFFF;font-weight: bold;\">Jose Almeida Trindade<\/td><td style=\"color: #000000; background-color: #FFFFFF;font-weight: bold;\">Auxiliar de Jardinajem<\/td><td style=\"color: #000000; background-color: #FFFFFF;font-weight: bold;\">GENESIS PRESTADORA DE SERVI\u00c7OS LTDA CNPJ 31.549.836\/0001-73<\/td><td style=\"color: #000000; background-color: #FFFFFF;font-weight: bold;\"><\/td><\/tr><tr><td style=\"color: #000000; background-color: #FFFFFF;font-weight: bold;\">2025<\/td><td style=\"color: #000000; background-color: #FFFFFF;font-weight: bold;\">agosto<\/td><td style=\"color: #000000; background-color: #FFFFFF;font-weight: bold;\">Marilene Dias de Souza                <\/td><td style=\"color: #000000; background-color: #FFFFFF;font-weight: bold;\">Auxiliar de Servi\u00e7os Gerais<\/td><td style=\"color: #000000; background-color: #FFFFFF;font-weight: bold;\">GENESIS PRESTADORA DE SERVI\u00c7OS LTDA CNPJ 31.549.836\/0001-73<\/td><td style=\"color: #000000; background-color: #FFFFFF;font-weight: bold;\"><\/td><\/tr><tr><td style=\"color: #000000; background-color: #FFFFFF;font-weight: bold;\">2025<\/td><td style=\"color: #000000; background-color: #FFFFFF;font-weight: bold;\">agosto<\/td><td style=\"color: #000000; background-color: #FFFFFF;font-weight: bold;\">Leuana Pereira da Silva<\/td><td style=\"color: #000000; background-color: #FFFFFF;font-weight: bold;\">Auxiliar de Servi\u00e7os Gerais <\/td><td style=\"color: #000000; background-color: #FFFFFF;font-weight: bold;\">GENESIS PRESTADORA DE SERVI\u00c7OS LTDA CNPJ 31.549.836\/0001-73<\/td><td style=\"color: #000000; background-color: #FFFFFF;font-weight: bold;\"><\/td><\/tr><tr><td style=\"color: #000000; background-color: #FFFFFF;font-weight: bold;\">2025<\/td><td style=\"color: #000000; background-color: #FFFFFF;font-weight: bold;\">agosto<\/td><td style=\"color: #000000; background-color: #FFFFFF;font-weight: bold;\">Luzinete Marques  Davi<\/td><td style=\"color: #000000; background-color: #FFFFFF;font-weight: bold;\">Auxiliar de Servi\u00e7os Gerais <\/td><td style=\"color: #000000; background-color: #FFFFFF;font-weight: bold;\">GENESIS PRESTADORA DE SERVI\u00c7OS LTDA CNPJ 31.549.836\/0001-73<\/td><td style=\"color: #000000; background-color: #FFFFFF;font-weight: bold;\"><\/td><\/tr><tr><td style=\"color: #000000; background-color: #FFFFFF;font-weight: bold;\">2025<\/td><td style=\"color: #000000; background-color: #FFFFFF;font-weight: bold;\">julho<\/td><td style=\"color: #000000; background-color: #FFFFFF;font-weight: bold;\">Leuana Pereira da Silva<\/td><td style=\"color: #000000; background-color: #FFFFFF;font-weight: bold;\">Auxiliar de Servi\u00e7os Gerais <\/td><td style=\"color: #000000; background-color: #FFFFFF;font-weight: bold;\">GENESIS PRESTADORA DE SERVI\u00c7OS LTDA CNPJ 31.549.836\/0001-73<\/td><td style=\"color: #000000; background-color: #FFFFFF;font-weight: bold;\"><\/td><\/tr><tr><td style=\"color: #000000; background-color: #FFFFFF;font-weight: bold;\">2025<\/td><td style=\"color: #000000; background-color: #FFFFFF;font-weight: bold;\">julho<\/td><td style=\"color: #000000; background-color: #FFFFFF;font-weight: bold;\">Luzinete Marques  Davi<\/td><td style=\"color: #000000; background-color: #FFFFFF;font-weight: bold;\">Auxiliar de Servi\u00e7os Gerais <\/td><td style=\"color: #000000; background-color: #FFFFFF;font-weight: bold;\">GENESIS PRESTADORA DE SERVI\u00c7OS LTDA CNPJ 31.549.836\/0001-73<\/td><td style=\"color: #000000; background-color: #FFFFFF;font-weight: bold;\"><\/td><\/tr><tr><td style=\"color: #000000; background-color: #FFFFFF;font-weight: bold;\">2025<\/td><td style=\"color: #000000; background-color: #FFFFFF;font-weight: bold;\">julho<\/td><td style=\"color: #000000; background-color: #FFFFFF;font-weight: bold;\">Edna Lucia Chaga Pimenta<\/td><td style=\"color: #000000; background-color: #FFFFFF;font-weight: bold;\">Auxiliar de Servi\u00e7os Gerais <\/td><td style=\"color: #000000; background-color: #FFFFFF;font-weight: bold;\">GENESIS PRESTADORA DE SERVI\u00c7OS LTDA CNPJ 31.549.836\/0001-73<\/td><td style=\"color: #000000; background-color: #FFFFFF;font-weight: bold;\"><\/td><\/tr><tr><td style=\"color: #000000; background-color: #FFFFFF;font-weight: bold;\">2025<\/td><td style=\"color: #000000; background-color: #FFFFFF;font-weight: bold;\">julho<\/td><td style=\"color: #000000; background-color: #FFFFFF;font-weight: bold;\">Leilha Silva Rocha<\/td><td style=\"color: #000000; background-color: #FFFFFF;font-weight: bold;\">Auxiliar de Servi\u00e7os Gerais <\/td><td style=\"color: #000000; background-color: #FFFFFF;font-weight: bold;\">GENESIS PRESTADORA DE SERVI\u00c7OS LTDA CNPJ 31.549.836\/0001-73<\/td><td style=\"color: #000000; background-color: #FFFFFF;font-weight: bold;\"><\/td><\/tr><tr><td style=\"color: #000000; background-color: #FFFFFF;font-weight: bold;\">2025<\/td><td style=\"color: #000000; background-color: #FFFFFF;font-weight: bold;\">julho<\/td><td style=\"color: #000000; background-color: #FFFFFF;font-weight: bold;\">Erinaldo Ribeiro Soares<\/td><td style=\"color: #000000; background-color: #FFFFFF;font-weight: bold;\">Auxiliar de Jardinajem<\/td><td style=\"color: #000000; background-color: #FFFFFF;font-weight: bold;\">GENESIS PRESTADORA DE SERVI\u00c7OS LTDA CNPJ 31.549.836\/0001-73<\/td><td style=\"color: #000000; background-color: #FFFFFF;font-weight: bold;\"><\/td><\/tr><tr><td style=\"color: #000000; background-color: #FFFFFF;font-weight: bold;\">2025<\/td><td style=\"color: #000000; background-color: #FFFFFF;font-weight: bold;\">julho<\/td><td style=\"color: #000000; background-color: #FFFFFF;font-weight: bold;\">Jose Almeida Trindade<\/td><td style=\"color: #000000; background-color: #FFFFFF;font-weight: bold;\">Auxiliar de Jardinajem<\/td><td style=\"color: #000000; background-color: #FFFFFF;font-weight: bold;\">GENESIS PRESTADORA DE SERVI\u00c7OS LTDA CNPJ 31.549.836\/0001-73<\/td><td style=\"color: #000000; background-color: #FFFFFF;font-weight: bold;\"><\/td><\/tr><tr><td style=\"color: #000000; background-color: #FFFFFF;font-weight: bold;\">2025<\/td><td style=\"color: #000000; background-color: #FFFFFF;font-weight: bold;\">julho<\/td><td style=\"color: #000000; background-color: #FFFFFF;font-weight: bold;\">Maria Aldileide da Silva\/ Vera Lucia Correia da Silva<\/td><td style=\"color: #000000; background-color: #FFFFFF;font-weight: bold;\">Copeira <\/td><td style=\"color: #000000; background-color: #FFFFFF;font-weight: bold;\">GARANTIA PRESTA\u00c7\u00c3O DE SERVI\u00c7OS LTDA CNPJ 20.246.451\/0001-10<\/td><td style=\"color: #000000; background-color: #FFFFFF;font-weight: bold;\"><\/td><\/tr><tr><td style=\"color: #000000; background-color: #FFFFFF;font-weight: bold;\">2025<\/td><td style=\"color: #000000; background-color: #FFFFFF;font-weight: bold;\">julho<\/td><td style=\"color: #000000; background-color: #FFFFFF;font-weight: bold;\">Gabrielle Marques Costa <\/td><td style=\"color: #000000; background-color: #FFFFFF;font-weight: bold;\">Porteiro Diurno <\/td><td style=\"color: #000000; background-color: #FFFFFF;font-weight: bold;\">GARANTIA PRESTA\u00c7\u00c3O DE SERVI\u00c7OS LTDA CNPJ 20.246.451\/0001-10<\/td><td style=\"color: #000000; background-color: #FFFFFF;font-weight: bold;\"><\/td><\/tr><tr><td style=\"color: #000000; background-color: #FFFFFF;font-weight: bold;\">2025<\/td><td style=\"color: #000000; background-color: #FFFFFF;font-weight: bold;\">julho<\/td><td style=\"color: #000000; background-color: #FFFFFF;font-weight: bold;\">Vanderlino da Silva Ramos<\/td><td style=\"color: #000000; background-color: #FFFFFF;font-weight: bold;\">Porteiro Diurno <\/td><td style=\"color: #000000; background-color: #FFFFFF;font-weight: bold;\">GARANTIA PRESTA\u00c7\u00c3O DE SERVI\u00c7OS LTDA CNPJ 20.246.451\/0001-10<\/td><td style=\"color: #000000; background-color: #FFFFFF;font-weight: bold;\"><\/td><\/tr><tr><td style=\"color: #000000; background-color: #FFFFFF;font-weight: bold;\">2025<\/td><td style=\"color: #000000; background-color: #FFFFFF;font-weight: bold;\">julho<\/td><td style=\"color: #000000; background-color: #FFFFFF;font-weight: bold;\">Gislene Mendes do Vale\/Islayni da Silva Chagas Camargo<\/td><td style=\"color: #000000; background-color: #FFFFFF;font-weight: bold;\">Porteiro Diurno <\/td><td style=\"color: #000000; background-color: #FFFFFF;font-weight: bold;\">GARANTIA PRESTA\u00c7\u00c3O DE SERVI\u00c7OS LTDA CNPJ 20.246.451\/0001-10<\/td><td style=\"color: #000000; background-color: #FFFFFF;font-weight: bold;\"><\/td><\/tr><tr><td style=\"color: #000000; background-color: #FFFFFF;font-weight: bold;\">2025<\/td><td style=\"color: #000000; background-color: #FFFFFF;font-weight: bold;\">julho<\/td><td style=\"color: #000000; background-color: #FFFFFF;font-weight: bold;\">Jose Pereira dos Santos<\/td><td style=\"color: #000000; background-color: #FFFFFF;font-weight: bold;\">Porteiro Diurno <\/td><td style=\"color: #000000; background-color: #FFFFFF;font-weight: bold;\">GARANTIA PRESTA\u00c7\u00c3O DE SERVI\u00c7OS LTDA CNPJ 20.246.451\/0001-10<\/td><td style=\"color: #000000; background-color: #FFFFFF;font-weight: bold;\"><\/td><\/tr><tr><td style=\"color: #000000; background-color: #FFFFFF;font-weight: bold;\">2025<\/td><td style=\"color: #000000; background-color: #FFFFFF;font-weight: bold;\">julho<\/td><td style=\"color: #000000; background-color: #FFFFFF;font-weight: bold;\">Ezequias Raiumundo<\/td><td style=\"color: #000000; background-color: #FFFFFF;font-weight: bold;\">Vigia Noturno <\/td><td style=\"color: #000000; background-color: #FFFFFF;font-weight: bold;\">GARANTIA PRESTA\u00c7\u00c3O DE SERVI\u00c7OS LTDA CNPJ 20.246.451\/0001-10<\/td><td style=\"color: #000000; background-color: #FFFFFF;font-weight: bold;\"><\/td><\/tr><tr><td style=\"color: #000000; background-color: #FFFFFF;font-weight: bold;\">2025<\/td><td style=\"color: #000000; background-color: #FFFFFF;font-weight: bold;\">julho<\/td><td style=\"color: #000000; background-color: #FFFFFF;font-weight: bold;\">Renato Pereira Soares<\/td><td style=\"color: #000000; background-color: #FFFFFF;font-weight: bold;\">Vigia Noturno <\/td><td style=\"color: #000000; background-color: #FFFFFF;font-weight: bold;\">GARANTIA PRESTA\u00c7\u00c3O DE SERVI\u00c7OS LTDA CNPJ 20.246.451\/0001-10<\/td><td style=\"color: #000000; background-color: #FFFFFF;font-weight: bold;\"><\/td><\/tr><tr><td style=\"color: #000000; background-color: #FFFFFF;font-weight: bold;\">2025<\/td><td style=\"color: #000000; background-color: #FFFFFF;font-weight: bold;\">julho<\/td><td style=\"color: #000000; background-color: #FFFFFF;font-weight: bold;\">Eliezer Xavier do Nascimento<\/td><td style=\"color: #000000; background-color: #FFFFFF;font-weight: bold;\">Vigia Noturno <\/td><td style=\"color: #000000; background-color: #FFFFFF;font-weight: bold;\">GARANTIA PRESTA\u00c7\u00c3O DE SERVI\u00c7OS LTDA CNPJ 20.246.451\/0001-10<\/td><td style=\"color: #000000; background-color: #FFFFFF;font-weight: bold;\"><\/td><\/tr><tr><td style=\"color: #000000; background-color: #FFFFFF;font-weight: bold;\">2025<\/td><td style=\"color: #000000; background-color: #FFFFFF;font-weight: bold;\">julho<\/td><td style=\"color: #000000; background-color: #FFFFFF;font-weight: bold;\">Juscilene Sampaio da Silva\/Sirley Flavia Rodrigues<\/td><td style=\"color: #000000; background-color: #FFFFFF;font-weight: bold;\">Recepcionista <\/td><td style=\"color: #000000; background-color: #FFFFFF;font-weight: bold;\">GARANTIA PRESTA\u00c7\u00c3O DE SERVI\u00c7OS LTDA CNPJ 20.246.451\/0001-10<\/td><td style=\"color: #000000; background-color: #FFFFFF;font-weight: bold;\"><\/td><\/tr><tr><td style=\"color: #000000; background-color: #FFFFFF;font-weight: bold;\">2025<\/td><td style=\"color: #000000; background-color: #FFFFFF;font-weight: bold;\">julho<\/td><td style=\"color: #000000; background-color: #FFFFFF;font-weight: bold;\">Edmar Batista Arantes<\/td><td style=\"color: #000000; background-color: #FFFFFF;font-weight: bold;\">Aux. Man. Predial <\/td><td style=\"color: #000000; background-color: #FFFFFF;font-weight: bold;\">GARANTIA PRESTA\u00c7\u00c3O DE SERVI\u00c7OS LTDA CNPJ 20.246.451\/0001-10<\/td><td style=\"color: #000000; background-color: #FFFFFF;font-weight: bold;\"><\/td><\/tr><tr><td style=\"color: #000000; background-color: #FFFFFF;font-weight: bold;\">2025<\/td><td style=\"color: #000000; background-color: #FFFFFF;font-weight: bold;\">julho<\/td><td style=\"color: #000000; background-color: #FFFFFF;font-weight: bold;\">Maria Aldileide da Silva\/ Vera Lucia Correia da Silva<\/td><td style=\"color: #000000; background-color: #FFFFFF;font-weight: bold;\">Copeira <\/td><td style=\"color: #000000; background-color: #FFFFFF;font-weight: bold;\">GARANTIA PRESTA\u00c7\u00c3O DE SERVI\u00c7OS LTDA CNPJ 20.246.451\/0001-10<\/td><td style=\"color: #000000; background-color: #FFFFFF;font-weight: bold;\"><\/td><\/tr><tr><td style=\"color: #000000; background-color: #FFFFFF;font-weight: bold;\">2025<\/td><td style=\"color: #000000; background-color: #FFFFFF;font-weight: bold;\">junho<\/td><td style=\"color: #000000; background-color: #FFFFFF;font-weight: bold;\">Leuana Pereira da Silva<\/td><td style=\"color: #000000; background-color: #FFFFFF;font-weight: bold;\">Auxiliar de Servi\u00e7os Gerais <\/td><td style=\"color: #000000; background-color: #FFFFFF;font-weight: bold;\">GENESIS PRESTADORA DE SERVI\u00c7OS LTDA CNPJ 31.549.836\/0001-73<\/td><td style=\"color: #000000; background-color: #FFFFFF;font-weight: bold;\"><\/td><\/tr><tr><td style=\"color: #000000; background-color: #FFFFFF;font-weight: bold;\">2025<\/td><td style=\"color: #000000; background-color: #FFFFFF;font-weight: bold;\">junho<\/td><td style=\"color: #000000; background-color: #FFFFFF;font-weight: bold;\">Luzinete Marques  Davi<\/td><td style=\"color: #000000; background-color: #FFFFFF;font-weight: bold;\">Auxiliar de Servi\u00e7os Gerais <\/td><td style=\"color: #000000; background-color: #FFFFFF;font-weight: bold;\">GENESIS PRESTADORA DE SERVI\u00c7OS LTDA CNPJ 31.549.836\/0001-73<\/td><td style=\"color: #000000; background-color: #FFFFFF;font-weight: bold;\"><\/td><\/tr><tr><td style=\"color: #000000; background-color: #FFFFFF;font-weight: bold;\">2025<\/td><td style=\"color: #000000; background-color: #FFFFFF;font-weight: bold;\">junho<\/td><td style=\"color: #000000; background-color: #FFFFFF;font-weight: bold;\">Edna Lucia Chaga Pimenta<\/td><td style=\"color: #000000; background-color: #FFFFFF;font-weight: bold;\">Auxiliar de Servi\u00e7os Gerais <\/td><td style=\"color: #000000; background-color: #FFFFFF;font-weight: bold;\">GENESIS PRESTADORA DE SERVI\u00c7OS LTDA CNPJ 31.549.836\/0001-73<\/td><td style=\"color: #000000; background-color: #FFFFFF;font-weight: bold;\"><\/td><\/tr><tr><td style=\"color: #000000; background-color: #FFFFFF;font-weight: bold;\">2025<\/td><td style=\"color: #000000; background-color: #FFFFFF;font-weight: bold;\">junho<\/td><td style=\"color: #000000; background-color: #FFFFFF;font-weight: bold;\">Cristiane Rodrigues da Silva<\/td><td style=\"color: #000000; background-color: #FFFFFF;font-weight: bold;\">Auxiliar de Servi\u00e7os Gerais <\/td><td style=\"color: #000000; background-color: #FFFFFF;font-weight: bold;\">GENESIS PRESTADORA DE SERVI\u00c7OS LTDA CNPJ 31.549.836\/0001-73<\/td><td style=\"color: #000000; background-color: #FFFFFF;font-weight: bold;\"><\/td><\/tr><tr><td style=\"color: #000000; background-color: #FFFFFF;font-weight: bold;\">2025<\/td><td style=\"color: #000000; background-color: #FFFFFF;font-weight: bold;\">junho<\/td><td style=\"color: #000000; background-color: #FFFFFF;font-weight: bold;\">Ezequias Guimarar\u00e3es do Carmo\/Rogerio Jesus do Nascimento\/Julio Cesar Aires<\/td><td style=\"color: #000000; background-color: #FFFFFF;font-weight: bold;\">Auxiliar de Jardinajem<\/td><td style=\"color: #000000; background-color: #FFFFFF;font-weight: bold;\">GENESIS PRESTADORA DE SERVI\u00c7OS LTDA CNPJ 31.549.836\/0001-73<\/td><td style=\"color: #000000; background-color: #FFFFFF;font-weight: bold;\"><\/td><\/tr><tr><td style=\"color: #000000; background-color: #FFFFFF;font-weight: bold;\">2025<\/td><td style=\"color: #000000; background-color: #FFFFFF;font-weight: bold;\">junho<\/td><td style=\"color: #000000; background-color: #FFFFFF;font-weight: bold;\">Jose Almeida Trindade<\/td><td style=\"color: #000000; background-color: #FFFFFF;font-weight: bold;\">Auxiliar de Jardinajem<\/td><td style=\"color: #000000; background-color: #FFFFFF;font-weight: bold;\">GENESIS PRESTADORA DE SERVI\u00c7OS LTDA CNPJ 31.549.836\/0001-73<\/td><td style=\"color: #000000; background-color: #FFFFFF;font-weight: bold;\"><\/td><\/tr><tr><td style=\"color: #000000; background-color: #FFFFFF;font-weight: bold;\">2025<\/td><td style=\"color: #000000; background-color: #FFFFFF;font-weight: bold;\">junho<\/td><td style=\"color: #000000; background-color: #FFFFFF;font-weight: bold;\">Gabrielle Marques Costa <\/td><td style=\"color: #000000; background-color: #FFFFFF;font-weight: bold;\">Porteiro Diurno <\/td><td style=\"color: #000000; background-color: #FFFFFF;font-weight: bold;\">GARANTIA PRESTA\u00c7\u00c3O DE SERVI\u00c7OS LTDA CNPJ 20.246.451\/0001-10<\/td><td style=\"color: #000000; background-color: #FFFFFF;font-weight: bold;\"><\/td><\/tr><tr><td style=\"color: #000000; background-color: #FFFFFF;font-weight: bold;\">2025<\/td><td style=\"color: #000000; background-color: #FFFFFF;font-weight: bold;\">junho<\/td><td style=\"color: #000000; background-color: #FFFFFF;font-weight: bold;\">Vanderlino da Silva Ramos<\/td><td style=\"color: #000000; background-color: #FFFFFF;font-weight: bold;\">Porteiro Diurno <\/td><td style=\"color: #000000; background-color: #FFFFFF;font-weight: bold;\">GARANTIA PRESTA\u00c7\u00c3O DE SERVI\u00c7OS LTDA CNPJ 20.246.451\/0001-10<\/td><td style=\"color: #000000; background-color: #FFFFFF;font-weight: bold;\"><\/td><\/tr><tr><td style=\"color: #000000; background-color: #FFFFFF;font-weight: bold;\">2025<\/td><td style=\"color: #000000; background-color: #FFFFFF;font-weight: bold;\">junho<\/td><td style=\"color: #000000; background-color: #FFFFFF;font-weight: bold;\">Gislene Mendes do Vale\/Islayni da Silva Chagas Camargo<\/td><td style=\"color: #000000; background-color: #FFFFFF;font-weight: bold;\">Porteiro Diurno <\/td><td style=\"color: #000000; background-color: #FFFFFF;font-weight: bold;\">GARANTIA PRESTA\u00c7\u00c3O DE SERVI\u00c7OS LTDA CNPJ 20.246.451\/0001-10<\/td><td style=\"color: #000000; background-color: #FFFFFF;font-weight: bold;\"><\/td><\/tr><tr><td style=\"color: #000000; background-color: #FFFFFF;font-weight: bold;\">2025<\/td><td style=\"color: #000000; background-color: #FFFFFF;font-weight: bold;\">junho<\/td><td style=\"color: #000000; background-color: #FFFFFF;font-weight: bold;\">Jose Pereira dos Santos<\/td><td style=\"color: #000000; background-color: #FFFFFF;font-weight: bold;\">Porteiro Diurno <\/td><td style=\"color: #000000; background-color: #FFFFFF;font-weight: bold;\">GARANTIA PRESTA\u00c7\u00c3O DE SERVI\u00c7OS LTDA CNPJ 20.246.451\/0001-10<\/td><td style=\"color: #000000; background-color: #FFFFFF;font-weight: bold;\"><\/td><\/tr><tr><td style=\"color: #000000; background-color: #FFFFFF;font-weight: bold;\">2025<\/td><td style=\"color: #000000; background-color: #FFFFFF;font-weight: bold;\">junho<\/td><td style=\"color: #000000; background-color: #FFFFFF;font-weight: bold;\">Ezequias Raiumundo<\/td><td style=\"color: #000000; background-color: #FFFFFF;font-weight: bold;\">Vigia Noturno <\/td><td style=\"color: #000000; background-color: #FFFFFF;font-weight: bold;\">GARANTIA PRESTA\u00c7\u00c3O DE SERVI\u00c7OS LTDA CNPJ 20.246.451\/0001-10<\/td><td style=\"color: #000000; background-color: #FFFFFF;font-weight: bold;\"><\/td><\/tr><tr><td style=\"color: #000000; background-color: #FFFFFF;font-weight: bold;\">2025<\/td><td style=\"color: #000000; background-color: #FFFFFF;font-weight: bold;\">junho<\/td><td style=\"color: #000000; background-color: #FFFFFF;font-weight: bold;\">Renato Pereira Soares<\/td><td style=\"color: #000000; background-color: #FFFFFF;font-weight: bold;\">Vigia Noturno <\/td><td style=\"color: #000000; background-color: #FFFFFF;font-weight: bold;\">GARANTIA PRESTA\u00c7\u00c3O DE SERVI\u00c7OS LTDA CNPJ 20.246.451\/0001-10<\/td><td style=\"color: #000000; background-color: #FFFFFF;font-weight: bold;\"><\/td><\/tr><tr><td style=\"color: #000000; background-color: #FFFFFF;font-weight: bold;\">2025<\/td><td style=\"color: #000000; background-color: #FFFFFF;font-weight: bold;\">junho<\/td><td style=\"color: #000000; background-color: #FFFFFF;font-weight: bold;\">Eliezer Xavier do Nascimento<\/td><td style=\"color: #000000; background-color: #FFFFFF;font-weight: bold;\">Vigia Noturno <\/td><td style=\"color: #000000; background-color: #FFFFFF;font-weight: bold;\">GARANTIA PRESTA\u00c7\u00c3O DE SERVI\u00c7OS LTDA CNPJ 20.246.451\/0001-10<\/td><td style=\"color: #000000; background-color: #FFFFFF;font-weight: bold;\"><\/td><\/tr><tr><td style=\"color: #000000; background-color: #FFFFFF;font-weight: bold;\">2025<\/td><td style=\"color: #000000; background-color: #FFFFFF;font-weight: bold;\">junho<\/td><td style=\"color: #000000; background-color: #FFFFFF;font-weight: bold;\">Juscilene Sampaio da Silva\/ <\/td><td style=\"color: #000000; background-color: #FFFFFF;font-weight: bold;\">Recepcionista <\/td><td style=\"color: #000000; background-color: #FFFFFF;font-weight: bold;\">GARANTIA PRESTA\u00c7\u00c3O DE SERVI\u00c7OS LTDA CNPJ 20.246.451\/0001-10<\/td><td style=\"color: #000000; background-color: #FFFFFF;font-weight: bold;\"><\/td><\/tr><tr><td style=\"color: #000000; background-color: #FFFFFF;font-weight: bold;\">2025<\/td><td style=\"color: #000000; background-color: #FFFFFF;font-weight: bold;\">junho<\/td><td style=\"color: #000000; background-color: #FFFFFF;font-weight: bold;\">Edmar Batista Arantes<\/td><td style=\"color: #000000; background-color: #FFFFFF;font-weight: bold;\">Aux. Man. Predial <\/td><td style=\"color: #000000; background-color: #FFFFFF;font-weight: bold;\">GARANTIA PRESTA\u00c7\u00c3O DE SERVI\u00c7OS LTDA CNPJ 20.246.451\/0001-10<\/td><td style=\"color: #000000; background-color: #FFFFFF;font-weight: bold;\"><\/td><\/tr><tr><td style=\"color: #000000; background-color: #FFFFFF;font-weight: bold;\">2025<\/td><td style=\"color: #000000; background-color: #FFFFFF;font-weight: bold;\">junho<\/td><td style=\"color: #000000; background-color: #FFFFFF;font-weight: bold;\">Maria Aldileide da Silva\/ Vera Lucia Correia da Silva<\/td><td style=\"color: #000000; background-color: #FFFFFF;font-weight: bold;\">Copeira <\/td><td style=\"color: #000000; background-color: #FFFFFF;font-weight: bold;\">GARANTIA PRESTA\u00c7\u00c3O DE SERVI\u00c7OS LTDA CNPJ 20.246.451\/0001-10<\/td><td style=\"color: #000000; background-color: #FFFFFF;font-weight: bold;\"><\/td><\/tr><tr><td style=\"color: #000000; background-color: #FFFFFF;font-weight: bold;\">2025<\/td><td style=\"color: #000000; background-color: #FFFFFF;font-weight: bold;\">maio<\/td><td style=\"color: #000000; background-color: #FFFFFF;font-weight: bold;\">Leuana Pereira da Silva<\/td><td style=\"color: #000000; background-color: #FFFFFF;font-weight: bold;\">Auxiliar de Servi\u00e7os Gerais <\/td><td style=\"color: #000000; background-color: #FFFFFF;font-weight: bold;\">GENESIS PRESTADORA DE SERVI\u00c7OS LTDA CNPJ 31.549.836\/0001-73<\/td><td style=\"color: #000000; background-color: #FFFFFF;font-weight: bold;\"><\/td><\/tr><tr><td style=\"color: #000000; background-color: #FFFFFF;font-weight: bold;\">2025<\/td><td style=\"color: #000000; background-color: #FFFFFF;font-weight: bold;\">maio<\/td><td style=\"color: #000000; background-color: #FFFFFF;font-weight: bold;\">Luzinete Marques  Davi<\/td><td style=\"color: #000000; background-color: #FFFFFF;font-weight: bold;\">Auxiliar de Servi\u00e7os Gerais <\/td><td style=\"color: #000000; background-color: #FFFFFF;font-weight: bold;\">GENESIS PRESTADORA DE SERVI\u00c7OS LTDA CNPJ 31.549.836\/0001-73<\/td><td style=\"color: #000000; background-color: #FFFFFF;font-weight: bold;\"><\/td><\/tr><tr><td style=\"color: #000000; background-color: #FFFFFF;font-weight: bold;\">2025<\/td><td style=\"color: #000000; background-color: #FFFFFF;font-weight: bold;\">maio<\/td><td style=\"color: #000000; background-color: #FFFFFF;font-weight: bold;\">Edna Lucia Chaga Pimenta<\/td><td style=\"color: #000000; background-color: #FFFFFF;font-weight: bold;\">Auxiliar de Servi\u00e7os Gerais <\/td><td style=\"color: #000000; background-color: #FFFFFF;font-weight: bold;\">GENESIS PRESTADORA DE SERVI\u00c7OS LTDA CNPJ 31.549.836\/0001-73<\/td><td style=\"color: #000000; background-color: #FFFFFF;font-weight: bold;\"><\/td><\/tr><tr><td style=\"color: #000000; background-color: #FFFFFF;font-weight: bold;\">2025<\/td><td style=\"color: #000000; background-color: #FFFFFF;font-weight: bold;\">maio<\/td><td style=\"color: #000000; background-color: #FFFFFF;font-weight: bold;\">Cristiane Rodrigues da Silva<\/td><td style=\"color: #000000; background-color: #FFFFFF;font-weight: bold;\">Auxiliar de Servi\u00e7os Gerais <\/td><td style=\"color: #000000; background-color: #FFFFFF;font-weight: bold;\">GENESIS PRESTADORA DE SERVI\u00c7OS LTDA CNPJ 31.549.836\/0001-73<\/td><td style=\"color: #000000; background-color: #FFFFFF;font-weight: bold;\"><\/td><\/tr><tr><td style=\"color: #000000; background-color: #FFFFFF;font-weight: bold;\">2025<\/td><td style=\"color: #000000; background-color: #FFFFFF;font-weight: bold;\">maio<\/td><td style=\"color: #000000; background-color: #FFFFFF;font-weight: bold;\">Ezequias Guimarar\u00e3es do Carmo<\/td><td style=\"color: #000000; background-color: #FFFFFF;font-weight: bold;\">Auxiliar de Jardinajem<\/td><td style=\"color: #000000; background-color: #FFFFFF;font-weight: bold;\">GENESIS PRESTADORA DE SERVI\u00c7OS LTDA CNPJ 31.549.836\/0001-73<\/td><td style=\"color: #000000; background-color: #FFFFFF;font-weight: bold;\"><\/td><\/tr><tr><td style=\"color: #000000; background-color: #FFFFFF;font-weight: bold;\">2025<\/td><td style=\"color: #000000; background-color: #FFFFFF;font-weight: bold;\">maio<\/td><td style=\"color: #000000; background-color: #FFFFFF;font-weight: bold;\">Jose Almeida Trindade<\/td><td style=\"color: #000000; background-color: #FFFFFF;font-weight: bold;\">Auxiliar de Jardinajem<\/td><td style=\"color: #000000; background-color: #FFFFFF;font-weight: bold;\">GENESIS PRESTADORA DE SERVI\u00c7OS LTDA CNPJ 31.549.836\/0001-73<\/td><td style=\"color: #000000; background-color: #FFFFFF;font-weight: bold;\"><\/td><\/tr><tr><td style=\"color: #000000; background-color: #FFFFFF;font-weight: bold;\">2025<\/td><td style=\"color: #000000; background-color: #FFFFFF;font-weight: bold;\">maio<\/td><td style=\"color: #000000; background-color: #FFFFFF;font-weight: bold;\">Ezequias Raiumundo<\/td><td style=\"color: #000000; background-color: #FFFFFF;font-weight: bold;\">Vigia Noturno <\/td><td style=\"color: #000000; background-color: #FFFFFF;font-weight: bold;\">GARANTIA PRESTA\u00c7\u00c3O DE SERVI\u00c7OS LTDA CNPJ 20.246.451\/0001-10<\/td><td style=\"color: #000000; background-color: #FFFFFF;font-weight: bold;\"><\/td><\/tr><tr><td style=\"color: #000000; background-color: #FFFFFF;font-weight: bold;\">2025<\/td><td style=\"color: #000000; background-color: #FFFFFF;font-weight: bold;\">maio<\/td><td style=\"color: #000000; background-color: #FFFFFF;font-weight: bold;\">Renato Pereira Soares<\/td><td style=\"color: #000000; background-color: #FFFFFF;font-weight: bold;\">Vigia Noturno <\/td><td style=\"color: #000000; background-color: #FFFFFF;font-weight: bold;\">GARANTIA PRESTA\u00c7\u00c3O DE SERVI\u00c7OS LTDA CNPJ 20.246.451\/0001-10<\/td><td style=\"color: #000000; background-color: #FFFFFF;font-weight: bold;\"><\/td><\/tr><tr><td style=\"color: #000000; background-color: #FFFFFF;font-weight: bold;\">2025<\/td><td style=\"color: #000000; background-color: #FFFFFF;font-weight: bold;\">maio<\/td><td style=\"color: #000000; background-color: #FFFFFF;font-weight: bold;\">Eliezer Xavier do Nascimento<\/td><td style=\"color: #000000; background-color: #FFFFFF;font-weight: bold;\">Vigia Noturno <\/td><td style=\"color: #000000; background-color: #FFFFFF;font-weight: bold;\">GARANTIA PRESTA\u00c7\u00c3O DE SERVI\u00c7OS LTDA CNPJ 20.246.451\/0001-10<\/td><td style=\"color: #000000; background-color: #FFFFFF;font-weight: bold;\"><\/td><\/tr><tr><td style=\"color: #000000; background-color: #FFFFFF;font-weight: bold;\">2025<\/td><td style=\"color: #000000; background-color: #FFFFFF;font-weight: bold;\">maio<\/td><td style=\"color: #000000; background-color: #FFFFFF;font-weight: bold;\">Eric Silva<\/td><td style=\"color: #000000; background-color: #FFFFFF;font-weight: bold;\">Vigia Noturno <\/td><td style=\"color: #000000; background-color: #FFFFFF;font-weight: bold;\">GARANTIA PRESTA\u00c7\u00c3O DE SERVI\u00c7OS LTDA CNPJ 20.246.451\/0001-10<\/td><td style=\"color: #000000; background-color: #FFFFFF;font-weight: bold;\"><\/td><\/tr><tr><td style=\"color: #000000; background-color: #FFFFFF;font-weight: bold;\">2025<\/td><td style=\"color: #000000; background-color: #FFFFFF;font-weight: bold;\">maio<\/td><td style=\"color: #000000; background-color: #FFFFFF;font-weight: bold;\">Gabrielle Marques Costa <\/td><td style=\"color: #000000; background-color: #FFFFFF;font-weight: bold;\">Porteiro Diurno <\/td><td style=\"color: #000000; background-color: #FFFFFF;font-weight: bold;\">GARANTIA PRESTA\u00c7\u00c3O DE SERVI\u00c7OS LTDA CNPJ 20.246.451\/0001-10<\/td><td style=\"color: #000000; background-color: #FFFFFF;font-weight: bold;\"><\/td><\/tr><tr><td style=\"color: #000000; background-color: #FFFFFF;font-weight: bold;\">2025<\/td><td style=\"color: #000000; background-color: #FFFFFF;font-weight: bold;\">maio<\/td><td style=\"color: #000000; background-color: #FFFFFF;font-weight: bold;\">Vanderlino da Silva Ramos<\/td><td style=\"color: #000000; background-color: #FFFFFF;font-weight: bold;\">Porteiro Diurno <\/td><td style=\"color: #000000; background-color: #FFFFFF;font-weight: bold;\">GARANTIA PRESTA\u00c7\u00c3O DE SERVI\u00c7OS LTDA CNPJ 20.246.451\/0001-10<\/td><td style=\"color: #000000; background-color: #FFFFFF;font-weight: bold;\"><\/td><\/tr><tr><td style=\"color: #000000; background-color: #FFFFFF;font-weight: bold;\">2025<\/td><td style=\"color: #000000; background-color: #FFFFFF;font-weight: bold;\">maio<\/td><td style=\"color: #000000; background-color: #FFFFFF;font-weight: bold;\">Gislene Mendes do Vale<\/td><td style=\"color: #000000; background-color: #FFFFFF;font-weight: bold;\">Porteiro Diurno <\/td><td style=\"color: #000000; background-color: #FFFFFF;font-weight: bold;\">GARANTIA PRESTA\u00c7\u00c3O DE SERVI\u00c7OS LTDA CNPJ 20.246.451\/0001-10<\/td><td style=\"color: #000000; background-color: #FFFFFF;font-weight: bold;\"><\/td><\/tr><tr><td style=\"color: #000000; background-color: #FFFFFF;font-weight: bold;\">2025<\/td><td style=\"color: #000000; background-color: #FFFFFF;font-weight: bold;\">maio<\/td><td style=\"color: #000000; background-color: #FFFFFF;font-weight: bold;\">Jose Pereira dos Santos<\/td><td style=\"color: #000000; background-color: #FFFFFF;font-weight: bold;\">Porteiro Diurno <\/td><td style=\"color: #000000; background-color: #FFFFFF;font-weight: bold;\">GARANTIA PRESTA\u00c7\u00c3O DE SERVI\u00c7OS LTDA CNPJ 20.246.451\/0001-10<\/td><td style=\"color: #000000; background-color: #FFFFFF;font-weight: bold;\"><\/td><\/tr><tr><td style=\"color: #000000; background-color: #FFFFFF;font-weight: bold;\">2025<\/td><td style=\"color: #000000; background-color: #FFFFFF;font-weight: bold;\">maio<\/td><td style=\"color: #000000; background-color: #FFFFFF;font-weight: bold;\">Juscilene Sampaio da Silva\/ <\/td><td style=\"color: #000000; background-color: #FFFFFF;font-weight: bold;\">Recepcionista <\/td><td style=\"color: #000000; background-color: #FFFFFF;font-weight: bold;\">GARANTIA PRESTA\u00c7\u00c3O DE SERVI\u00c7OS LTDA CNPJ 20.246.451\/0001-10<\/td><td style=\"color: #000000; background-color: #FFFFFF;font-weight: bold;\"><\/td><\/tr><tr><td style=\"color: #000000; background-color: #FFFFFF;font-weight: bold;\">2025<\/td><td style=\"color: #000000; background-color: #FFFFFF;font-weight: bold;\">maio<\/td><td style=\"color: #000000; background-color: #FFFFFF;font-weight: bold;\">Edmar Batista Arantes<\/td><td style=\"color: #000000; background-color: #FFFFFF;font-weight: bold;\">Aux. Man. Predial <\/td><td style=\"color: #000000; background-color: #FFFFFF;font-weight: bold;\">GARANTIA PRESTA\u00c7\u00c3O DE SERVI\u00c7OS LTDA CNPJ 20.246.451\/0001-10<\/td><td style=\"color: #000000; background-color: #FFFFFF;font-weight: bold;\"><\/td><\/tr><tr><td style=\"color: #000000; background-color: #FFFFFF;font-weight: bold;\">2025<\/td><td style=\"color: #000000; background-color: #FFFFFF;font-weight: bold;\">maio<\/td><td style=\"color: #000000; background-color: #FFFFFF;font-weight: bold;\">Maria Aldileide da Silva <\/td><td style=\"color: #000000; background-color: #FFFFFF;font-weight: bold;\">Copeira <\/td><td style=\"color: #000000; background-color: #FFFFFF;font-weight: bold;\">GARANTIA PRESTA\u00c7\u00c3O DE SERVI\u00c7OS LTDA CNPJ 20.246.451\/0001-10<\/td><td style=\"color: #000000; background-color: #FFFFFF;font-weight: bold;\"><\/td><\/tr><tr><td style=\"color: #000000; background-color: #FFFFFF;font-weight: bold;\">2025<\/td><td style=\"color: #000000; background-color: #FFFFFF;font-weight: bold;\">abril<\/td><td style=\"color: #000000; background-color: #FFFFFF;font-weight: bold;\">Leuana Pereira da Silva<\/td><td style=\"color: #000000; background-color: #FFFFFF;font-weight: bold;\">Auxiliar de Servi\u00e7os Gerais <\/td><td style=\"color: #000000; background-color: #FFFFFF;font-weight: bold;\">GENESIS PRESTADORA DE SERVI\u00c7OS LTDA CNPJ 31.549.836\/0001-73<\/td><td style=\"color: #000000; background-color: #FFFFFF;font-weight: bold;\"><\/td><\/tr><tr><td style=\"color: #000000; background-color: #FFFFFF;font-weight: bold;\">2025<\/td><td style=\"color: #000000; background-color: #FFFFFF;font-weight: bold;\">abril<\/td><td style=\"color: #000000; background-color: #FFFFFF;font-weight: bold;\">Luzinete Marques  Davi<\/td><td style=\"color: #000000; background-color: #FFFFFF;font-weight: bold;\">Auxiliar de Servi\u00e7os Gerais <\/td><td style=\"color: #000000; background-color: #FFFFFF;font-weight: bold;\">GENESIS PRESTADORA DE SERVI\u00c7OS LTDA CNPJ 31.549.836\/0001-73<\/td><td style=\"color: #000000; background-color: #FFFFFF;font-weight: bold;\"><\/td><\/tr><tr><td style=\"color: #000000; background-color: #FFFFFF;font-weight: bold;\">2025<\/td><td style=\"color: #000000; background-color: #FFFFFF;font-weight: bold;\">abril<\/td><td style=\"color: #000000; background-color: #FFFFFF;font-weight: bold;\">Edna Lucia Chaga Pimenta<\/td><td style=\"color: #000000; background-color: #FFFFFF;font-weight: bold;\">Auxiliar de Servi\u00e7os Gerais <\/td><td style=\"color: #000000; background-color: #FFFFFF;font-weight: bold;\">GENESIS PRESTADORA DE SERVI\u00c7OS LTDA CNPJ 31.549.836\/0001-73<\/td><td style=\"color: #000000; background-color: #FFFFFF;font-weight: bold;\"><\/td><\/tr><tr><td style=\"color: #000000; background-color: #FFFFFF;font-weight: bold;\">2025<\/td><td style=\"color: #000000; background-color: #FFFFFF;font-weight: bold;\">abril<\/td><td style=\"color: #000000; background-color: #FFFFFF;font-weight: bold;\">Cristiane Rodrigues da Silva<\/td><td style=\"color: #000000; background-color: #FFFFFF;font-weight: bold;\">Auxiliar de Servi\u00e7os Gerais <\/td><td style=\"color: #000000; background-color: #FFFFFF;font-weight: bold;\">GENESIS PRESTADORA DE SERVI\u00c7OS LTDA CNPJ 31.549.836\/0001-73<\/td><td style=\"color: #000000; background-color: #FFFFFF;font-weight: bold;\"><\/td><\/tr><tr><td style=\"color: #000000; background-color: #FFFFFF;font-weight: bold;\">2025<\/td><td style=\"color: #000000; background-color: #FFFFFF;font-weight: bold;\">abril<\/td><td style=\"color: #000000; background-color: #FFFFFF;font-weight: bold;\">Ezequias Guimarar\u00e3es do Carmo<\/td><td style=\"color: #000000; background-color: #FFFFFF;font-weight: bold;\">Auxiliar de Jardinajem<\/td><td style=\"color: #000000; background-color: #FFFFFF;font-weight: bold;\">GENESIS PRESTADORA DE SERVI\u00c7OS LTDA CNPJ 31.549.836\/0001-73<\/td><td style=\"color: #000000; background-color: #FFFFFF;font-weight: bold;\"><\/td><\/tr><tr><td style=\"color: #000000; background-color: #FFFFFF;font-weight: bold;\">2025<\/td><td style=\"color: #000000; background-color: #FFFFFF;font-weight: bold;\">abril<\/td><td style=\"color: #000000; background-color: #FFFFFF;font-weight: bold;\">Jose Almeida Trindade<\/td><td style=\"color: #000000; background-color: #FFFFFF;font-weight: bold;\">Auxiliar de Jardinajem<\/td><td style=\"color: #000000; background-color: #FFFFFF;font-weight: bold;\">GENESIS PRESTADORA DE SERVI\u00c7OS LTDA CNPJ 31.549.836\/0001-73<\/td><td style=\"color: #000000; background-color: #FFFFFF;font-weight: bold;\"><\/td><\/tr><tr><td style=\"color: #000000; background-color: #FFFFFF;font-weight: bold;\">2025<\/td><td style=\"color: #000000; background-color: #FFFFFF;font-weight: bold;\">abril<\/td><td style=\"color: #000000; background-color: #FFFFFF;font-weight: bold;\">Ezequias Raiumundo<\/td><td style=\"color: #000000; background-color: #FFFFFF;font-weight: bold;\">Vigia Noturno <\/td><td style=\"color: #000000; background-color: #FFFFFF;font-weight: bold;\">GARANTIA PRESTA\u00c7\u00c3O DE SERVI\u00c7OS LTDA CNPJ 20.246.451\/0001-10<\/td><td style=\"color: #000000; background-color: #FFFFFF;font-weight: bold;\"><\/td><\/tr><tr><td style=\"color: #000000; background-color: #FFFFFF;font-weight: bold;\">2025<\/td><td style=\"color: #000000; background-color: #FFFFFF;font-weight: bold;\">abril<\/td><td style=\"color: #000000; background-color: #FFFFFF;font-weight: bold;\">Renato Pereira Soares<\/td><td style=\"color: #000000; background-color: #FFFFFF;font-weight: bold;\">Vigia Noturno <\/td><td style=\"color: #000000; background-color: #FFFFFF;font-weight: bold;\">GARANTIA PRESTA\u00c7\u00c3O DE SERVI\u00c7OS LTDA CNPJ 20.246.451\/0001-10<\/td><td style=\"color: #000000; background-color: #FFFFFF;font-weight: bold;\"><\/td><\/tr><tr><td style=\"color: #000000; background-color: #FFFFFF;font-weight: bold;\">2025<\/td><td style=\"color: #000000; background-color: #FFFFFF;font-weight: bold;\">abril<\/td><td style=\"color: #000000; background-color: #FFFFFF;font-weight: bold;\">Eliezer Xavier do Nascimento<\/td><td style=\"color: #000000; background-color: #FFFFFF;font-weight: bold;\">Vigia Noturno <\/td><td style=\"color: #000000; background-color: #FFFFFF;font-weight: bold;\">GARANTIA PRESTA\u00c7\u00c3O DE SERVI\u00c7OS LTDA CNPJ 20.246.451\/0001-10<\/td><td style=\"color: #000000; background-color: #FFFFFF;font-weight: bold;\"><\/td><\/tr><tr><td style=\"color: #000000; background-color: #FFFFFF;font-weight: bold;\">2025<\/td><td style=\"color: #000000; background-color: #FFFFFF;font-weight: bold;\">abril<\/td><td style=\"color: #000000; background-color: #FFFFFF;font-weight: bold;\">Eric Silva<\/td><td style=\"color: #000000; background-color: #FFFFFF;font-weight: bold;\">Vigia Noturno <\/td><td style=\"color: #000000; background-color: #FFFFFF;font-weight: bold;\">GARANTIA PRESTA\u00c7\u00c3O DE SERVI\u00c7OS LTDA CNPJ 20.246.451\/0001-10<\/td><td style=\"color: #000000; background-color: #FFFFFF;font-weight: bold;\"><\/td><\/tr><tr><td style=\"color: #000000; background-color: #FFFFFF;font-weight: bold;\">2025<\/td><td style=\"color: #000000; background-color: #FFFFFF;font-weight: bold;\">abril<\/td><td style=\"color: #000000; background-color: #FFFFFF;font-weight: bold;\">Gabrielle Marques Costa <\/td><td style=\"color: #000000; background-color: #FFFFFF;font-weight: bold;\">Porteiro Diurno <\/td><td style=\"color: #000000; background-color: #FFFFFF;font-weight: bold;\">GARANTIA PRESTA\u00c7\u00c3O DE SERVI\u00c7OS LTDA CNPJ 20.246.451\/0001-10<\/td><td style=\"color: #000000; background-color: #FFFFFF;font-weight: bold;\"><\/td><\/tr><tr><td style=\"color: #000000; background-color: #FFFFFF;font-weight: bold;\">2025<\/td><td style=\"color: #000000; background-color: #FFFFFF;font-weight: bold;\">abril<\/td><td style=\"color: #000000; background-color: #FFFFFF;font-weight: bold;\">Vanderlino da Silva Ramos<\/td><td style=\"color: #000000; background-color: #FFFFFF;font-weight: bold;\">Porteiro Diurno <\/td><td style=\"color: #000000; background-color: #FFFFFF;font-weight: bold;\">GARANTIA PRESTA\u00c7\u00c3O DE SERVI\u00c7OS LTDA CNPJ 20.246.451\/0001-10<\/td><td style=\"color: #000000; background-color: #FFFFFF;font-weight: bold;\"><\/td><\/tr><tr><td style=\"color: #000000; background-color: #FFFFFF;font-weight: bold;\">2025<\/td><td style=\"color: #000000; background-color: #FFFFFF;font-weight: bold;\">abril<\/td><td style=\"color: #000000; background-color: #FFFFFF;font-weight: bold;\">Gislene Mendes do Vale<\/td><td style=\"color: #000000; background-color: #FFFFFF;font-weight: bold;\">Porteiro Diurno <\/td><td style=\"color: #000000; background-color: #FFFFFF;font-weight: bold;\">GARANTIA PRESTA\u00c7\u00c3O DE SERVI\u00c7OS LTDA CNPJ 20.246.451\/0001-10<\/td><td style=\"color: #000000; background-color: #FFFFFF;font-weight: bold;\"><\/td><\/tr><tr><td style=\"color: #000000; background-color: #FFFFFF;font-weight: bold;\">2025<\/td><td style=\"color: #000000; background-color: #FFFFFF;font-weight: bold;\">abril<\/td><td style=\"color: #000000; background-color: #FFFFFF;font-weight: bold;\">Jose Pereira dos Santos<\/td><td style=\"color: #000000; background-color: #FFFFFF;font-weight: bold;\">Porteiro Diurno <\/td><td style=\"color: #000000; background-color: #FFFFFF;font-weight: bold;\">GARANTIA PRESTA\u00c7\u00c3O DE SERVI\u00c7OS LTDA CNPJ 20.246.451\/0001-10<\/td><td style=\"color: #000000; background-color: #FFFFFF;font-weight: bold;\"><\/td><\/tr><tr><td style=\"color: #000000; background-color: #FFFFFF;font-weight: bold;\">2025<\/td><td style=\"color: #000000; background-color: #FFFFFF;font-weight: bold;\">abril<\/td><td style=\"color: #000000; background-color: #FFFFFF;font-weight: bold;\">Juscilene Sampaio da Silva\/ <\/td><td style=\"color: #000000; background-color: #FFFFFF;font-weight: bold;\">Recepcionista <\/td><td style=\"color: #000000; background-color: #FFFFFF;font-weight: bold;\">GARANTIA PRESTA\u00c7\u00c3O DE SERVI\u00c7OS LTDA CNPJ 20.246.451\/0001-10<\/td><td style=\"color: #000000; background-color: #FFFFFF;font-weight: bold;\"><\/td><\/tr><tr><td style=\"color: #000000; background-color: #FFFFFF;font-weight: bold;\">2025<\/td><td style=\"color: #000000; background-color: #FFFFFF;font-weight: bold;\">abril<\/td><td style=\"color: #000000; background-color: #FFFFFF;font-weight: bold;\">Edmar Batista Arantes<\/td><td style=\"color: #000000; background-color: #FFFFFF;font-weight: bold;\">Aux. Man. Predial <\/td><td style=\"color: #000000; background-color: #FFFFFF;font-weight: bold;\">GARANTIA PRESTA\u00c7\u00c3O DE SERVI\u00c7OS LTDA CNPJ 20.246.451\/0001-10<\/td><td style=\"color: #000000; background-color: #FFFFFF;font-weight: bold;\"><\/td><\/tr><tr><td style=\"color: #000000; background-color: #FFFFFF;font-weight: bold;\">2025<\/td><td style=\"color: #000000; background-color: #FFFFFF;font-weight: bold;\">abril<\/td><td style=\"color: #000000; background-color: #FFFFFF;font-weight: bold;\">Maria Aldileide da Silva <\/td><td style=\"color: #000000; background-color: #FFFFFF;font-weight: bold;\">Copeira <\/td><td style=\"color: #000000; background-color: #FFFFFF;font-weight: bold;\">GARANTIA PRESTA\u00c7\u00c3O DE SERVI\u00c7OS LTDA CNPJ 20.246.451\/0001-10<\/td><td style=\"color: #000000; background-color: #FFFFFF;font-weight: bold;\"><\/td><\/tr><tr><td style=\"color: #000000; background-color: #FFFFFF;font-weight: bold;\">2025<\/td><td style=\"color: #000000; background-color: #FFFFFF;font-weight: bold;\">mar\u00e7o<\/td><td style=\"color: #000000; background-color: #FFFFFF;font-weight: bold;\">Leuana Pereira da Silva<\/td><td style=\"color: #000000; background-color: #FFFFFF;font-weight: bold;\">Auxiliar de Servi\u00e7os Gerais <\/td><td style=\"color: #000000; background-color: #FFFFFF;font-weight: bold;\">GENESIS PRESTADORA DE SERVI\u00c7OS LTDA CNPJ 31.549.836\/0001-73<\/td><td style=\"color: #000000; background-color: #FFFFFF;font-weight: bold;\"><\/td><\/tr><tr><td style=\"color: #000000; background-color: #FFFFFF;font-weight: bold;\">2025<\/td><td style=\"color: #000000; background-color: #FFFFFF;font-weight: bold;\">mar\u00e7o<\/td><td style=\"color: #000000; background-color: #FFFFFF;font-weight: bold;\">Luzinete Marques  Davi<\/td><td style=\"color: #000000; background-color: #FFFFFF;font-weight: bold;\">Auxiliar de Servi\u00e7os Gerais <\/td><td style=\"color: #000000; background-color: #FFFFFF;font-weight: bold;\">GENESIS PRESTADORA DE SERVI\u00c7OS LTDA CNPJ 31.549.836\/0001-73<\/td><td style=\"color: #000000; background-color: #FFFFFF;font-weight: bold;\"><\/td><\/tr><tr><td style=\"color: #000000; background-color: #FFFFFF;font-weight: bold;\">2025<\/td><td style=\"color: #000000; background-color: #FFFFFF;font-weight: bold;\">mar\u00e7o<\/td><td style=\"color: #000000; background-color: #FFFFFF;font-weight: bold;\">Edna Lucia Chaga Pimenta<\/td><td style=\"color: #000000; background-color: #FFFFFF;font-weight: bold;\">Auxiliar de Servi\u00e7os Gerais <\/td><td style=\"color: #000000; background-color: #FFFFFF;font-weight: bold;\">GENESIS PRESTADORA DE SERVI\u00c7OS LTDA CNPJ 31.549.836\/0001-73<\/td><td style=\"color: #000000; background-color: #FFFFFF;font-weight: bold;\"><\/td><\/tr><tr><td style=\"color: #000000; background-color: #FFFFFF;font-weight: bold;\">2025<\/td><td style=\"color: #000000; background-color: #FFFFFF;font-weight: bold;\">mar\u00e7o<\/td><td style=\"color: #000000; background-color: #FFFFFF;font-weight: bold;\">Cristiane Rodrigues da Silva<\/td><td style=\"color: #000000; background-color: #FFFFFF;font-weight: bold;\">Auxiliar de Servi\u00e7os Gerais <\/td><td style=\"color: #000000; background-color: #FFFFFF;font-weight: bold;\">GENESIS PRESTADORA DE SERVI\u00c7OS LTDA CNPJ 31.549.836\/0001-73<\/td><td style=\"color: #000000; background-color: #FFFFFF;font-weight: bold;\"><\/td><\/tr><tr><td style=\"color: #000000; background-color: #FFFFFF;font-weight: bold;\">2025<\/td><td style=\"color: #000000; background-color: #FFFFFF;font-weight: bold;\">mar\u00e7o<\/td><td style=\"color: #000000; background-color: #FFFFFF;font-weight: bold;\">Ezequias Guimarar\u00e3es do Carmo<\/td><td style=\"color: #000000; background-color: #FFFFFF;font-weight: bold;\">Auxiliar de Jardinajem<\/td><td style=\"color: #000000; background-color: #FFFFFF;font-weight: bold;\">GENESIS PRESTADORA DE SERVI\u00c7OS LTDA CNPJ 31.549.836\/0001-73<\/td><td style=\"color: #000000; background-color: #FFFFFF;font-weight: bold;\"><\/td><\/tr><tr><td style=\"color: #000000; background-color: #FFFFFF;font-weight: bold;\">2025<\/td><td style=\"color: #000000; background-color: #FFFFFF;font-weight: bold;\">mar\u00e7o<\/td><td style=\"color: #000000; background-color: #FFFFFF;font-weight: bold;\">Jose Almeida Trindade<\/td><td style=\"color: #000000; background-color: #FFFFFF;font-weight: bold;\">Auxiliar de Jardinajem<\/td><td style=\"color: #000000; background-color: #FFFFFF;font-weight: bold;\">GENESIS PRESTADORA DE SERVI\u00c7OS LTDA CNPJ 31.549.836\/0001-73<\/td><td style=\"color: #000000; background-color: #FFFFFF;font-weight: bold;\"><\/td><\/tr><tr><td style=\"color: #000000; background-color: #FFFFFF;font-weight: bold;\">2025<\/td><td style=\"color: #000000; background-color: #FFFFFF;font-weight: bold;\">mar\u00e7o<\/td><td style=\"color: #000000; background-color: #FFFFFF;font-weight: bold;\">Ezequias Raiumundo<\/td><td style=\"color: #000000; background-color: #FFFFFF;font-weight: bold;\">Vigia Noturno <\/td><td style=\"color: #000000; background-color: #FFFFFF;font-weight: bold;\">GARANTIA PRESTA\u00c7\u00c3O DE SERVI\u00c7OS LTDA CNPJ 20.246.451\/0001-10<\/td><td style=\"color: #000000; background-color: #FFFFFF;font-weight: bold;\"><\/td><\/tr><tr><td style=\"color: #000000; background-color: #FFFFFF;font-weight: bold;\">2025<\/td><td style=\"color: #000000; background-color: #FFFFFF;font-weight: bold;\">mar\u00e7o<\/td><td style=\"color: #000000; background-color: #FFFFFF;font-weight: bold;\">Renato Pereira Soares<\/td><td style=\"color: #000000; background-color: #FFFFFF;font-weight: bold;\">Vigia Noturno <\/td><td style=\"color: #000000; background-color: #FFFFFF;font-weight: bold;\">GARANTIA PRESTA\u00c7\u00c3O DE SERVI\u00c7OS LTDA CNPJ 20.246.451\/0001-10<\/td><td style=\"color: #000000; background-color: #FFFFFF;font-weight: bold;\"><\/td><\/tr><tr><td style=\"color: #000000; background-color: #FFFFFF;font-weight: bold;\">2025<\/td><td style=\"color: #000000; background-color: #FFFFFF;font-weight: bold;\">mar\u00e7o<\/td><td style=\"color: #000000; background-color: #FFFFFF;font-weight: bold;\">Eliezer Xavier do Nascimento<\/td><td style=\"color: #000000; background-color: #FFFFFF;font-weight: bold;\">Vigia Noturno <\/td><td style=\"color: #000000; background-color: #FFFFFF;font-weight: bold;\">GARANTIA PRESTA\u00c7\u00c3O DE SERVI\u00c7OS LTDA CNPJ 20.246.451\/0001-10<\/td><td style=\"color: #000000; background-color: #FFFFFF;font-weight: bold;\"><\/td><\/tr><tr><td style=\"color: #000000; background-color: #FFFFFF;font-weight: bold;\">2025<\/td><td style=\"color: #000000; background-color: #FFFFFF;font-weight: bold;\">mar\u00e7o<\/td><td style=\"color: #000000; background-color: #FFFFFF;font-weight: bold;\">Eric Silva<\/td><td style=\"color: #000000; background-color: #FFFFFF;font-weight: bold;\">Vigia Noturno <\/td><td style=\"color: #000000; background-color: #FFFFFF;font-weight: bold;\">GARANTIA PRESTA\u00c7\u00c3O DE SERVI\u00c7OS LTDA CNPJ 20.246.451\/0001-10<\/td><td style=\"color: #000000; background-color: #FFFFFF;font-weight: bold;\"><\/td><\/tr><tr><td style=\"color: #000000; background-color: #FFFFFF;font-weight: bold;\">2025<\/td><td style=\"color: #000000; background-color: #FFFFFF;font-weight: bold;\">mar\u00e7o<\/td><td style=\"color: #000000; background-color: #FFFFFF;font-weight: bold;\">Gabrielle Marques Costa <\/td><td style=\"color: #000000; background-color: #FFFFFF;font-weight: bold;\">Porteiro Diurno <\/td><td style=\"color: #000000; background-color: #FFFFFF;font-weight: bold;\">GARANTIA PRESTA\u00c7\u00c3O DE SERVI\u00c7OS LTDA CNPJ 20.246.451\/0001-10<\/td><td style=\"color: #000000; background-color: #FFFFFF;font-weight: bold;\"><\/td><\/tr><tr><td style=\"color: #000000; background-color: #FFFFFF;font-weight: bold;\">2025<\/td><td style=\"color: #000000; background-color: #FFFFFF;font-weight: bold;\">mar\u00e7o<\/td><td style=\"color: #000000; background-color: #FFFFFF;font-weight: bold;\">Vanderlino da Silva Ramos<\/td><td style=\"color: #000000; background-color: #FFFFFF;font-weight: bold;\">Porteiro Diurno <\/td><td style=\"color: #000000; background-color: #FFFFFF;font-weight: bold;\">GARANTIA PRESTA\u00c7\u00c3O DE SERVI\u00c7OS LTDA CNPJ 20.246.451\/0001-10<\/td><td style=\"color: #000000; background-color: #FFFFFF;font-weight: bold;\"><\/td><\/tr><tr><td style=\"color: #000000; background-color: #FFFFFF;font-weight: bold;\">2025<\/td><td style=\"color: #000000; background-color: #FFFFFF;font-weight: bold;\">mar\u00e7o<\/td><td style=\"color: #000000; background-color: #FFFFFF;font-weight: bold;\">Gislene Mendes do Vale<\/td><td style=\"color: #000000; background-color: #FFFFFF;font-weight: bold;\">Porteiro Diurno <\/td><td style=\"color: #000000; background-color: #FFFFFF;font-weight: bold;\">GARANTIA PRESTA\u00c7\u00c3O DE SERVI\u00c7OS LTDA CNPJ 20.246.451\/0001-10<\/td><td style=\"color: #000000; background-color: #FFFFFF;font-weight: bold;\"><\/td><\/tr><tr><td style=\"color: #000000; background-color: #FFFFFF;font-weight: bold;\">2025<\/td><td style=\"color: #000000; background-color: #FFFFFF;font-weight: bold;\">mar\u00e7o<\/td><td style=\"color: #000000; background-color: #FFFFFF;font-weight: bold;\">Jose Pereira dos Santos<\/td><td style=\"color: #000000; background-color: #FFFFFF;font-weight: bold;\">Porteiro Diurno <\/td><td style=\"color: #000000; background-color: #FFFFFF;font-weight: bold;\">GARANTIA PRESTA\u00c7\u00c3O DE SERVI\u00c7OS LTDA CNPJ 20.246.451\/0001-10<\/td><td style=\"color: #000000; background-color: #FFFFFF;font-weight: bold;\"><\/td><\/tr><tr><td style=\"color: #000000; background-color: #FFFFFF;font-weight: bold;\">2025<\/td><td style=\"color: #000000; background-color: #FFFFFF;font-weight: bold;\">mar\u00e7o<\/td><td style=\"color: #000000; background-color: #FFFFFF;font-weight: bold;\">Juscilene Sampaio da Silva\/ <\/td><td style=\"color: #000000; background-color: #FFFFFF;font-weight: bold;\">Recepcionista <\/td><td style=\"color: #000000; background-color: #FFFFFF;font-weight: bold;\">GARANTIA PRESTA\u00c7\u00c3O DE SERVI\u00c7OS LTDA CNPJ 20.246.451\/0001-10<\/td><td style=\"color: #000000; background-color: #FFFFFF;font-weight: bold;\"><\/td><\/tr><tr><td style=\"color: #000000; background-color: #FFFFFF;font-weight: bold;\">2025<\/td><td style=\"color: #000000; background-color: #FFFFFF;font-weight: bold;\">mar\u00e7o<\/td><td style=\"color: #000000; background-color: #FFFFFF;font-weight: bold;\">Edmar Batista Arantes<\/td><td style=\"color: #000000; background-color: #FFFFFF;font-weight: bold;\">Aux. Man. Predial <\/td><td style=\"color: #000000; background-color: #FFFFFF;font-weight: bold;\">GARANTIA PRESTA\u00c7\u00c3O DE SERVI\u00c7OS LTDA CNPJ 20.246.451\/0001-10<\/td><td style=\"color: #000000; background-color: #FFFFFF;font-weight: bold;\"><\/td><\/tr><tr><td style=\"color: #000000; background-color: #FFFFFF;font-weight: bold;\">2025<\/td><td style=\"color: #000000; background-color: #FFFFFF;font-weight: bold;\">mar\u00e7o<\/td><td style=\"color: #000000; background-color: #FFFFFF;font-weight: bold;\">Maria Aldileide da Silva <\/td><td style=\"color: #000000; background-color: #FFFFFF;font-weight: bold;\">Copeira <\/td><td style=\"color: #000000; background-color: #FFFFFF;font-weight: bold;\">GARANTIA PRESTA\u00c7\u00c3O DE SERVI\u00c7OS LTDA CNPJ 20.246.451\/0001-10<\/td><td style=\"color: #000000; background-color: #FFFFFF;font-weight: bold;\"><\/td><\/tr><tr><td style=\"color: #000000; background-color: #FFFFFF;font-weight: bold;\">2025<\/td><td style=\"color: #000000; background-color: #FFFFFF;font-weight: bold;\">fevereiro<\/td><td style=\"color: #000000; background-color: #FFFFFF;font-weight: bold;\">Leuana Pereira da Silva<\/td><td style=\"color: #000000; background-color: #FFFFFF;font-weight: bold;\">Auxiliar de Servi\u00e7os Gerais <\/td><td style=\"color: #000000; background-color: #FFFFFF;font-weight: bold;\">GENESIS PRESTADORA DE SERVI\u00c7OS LTDA CNPJ 31.549.836\/0001-73<\/td><td style=\"color: #000000; background-color: #FFFFFF;font-weight: bold;\"><\/td><\/tr><tr><td style=\"color: #000000; background-color: #FFFFFF;font-weight: bold;\">2025<\/td><td style=\"color: #000000; background-color: #FFFFFF;font-weight: bold;\">fevereiro<\/td><td style=\"color: #000000; background-color: #FFFFFF;font-weight: bold;\">Edna Lucia Chaga Pimenta<\/td><td style=\"color: #000000; background-color: #FFFFFF;font-weight: bold;\">Auxiliar de Servi\u00e7os Gerais <\/td><td style=\"color: #000000; background-color: #FFFFFF;font-weight: bold;\">GENESIS PRESTADORA DE SERVI\u00c7OS LTDA CNPJ 31.549.836\/0001-73<\/td><td style=\"color: #000000; background-color: #FFFFFF;font-weight: bold;\"><\/td><\/tr><tr><td style=\"color: #000000; background-color: #FFFFFF;font-weight: bold;\">2025<\/td><td style=\"color: #000000; background-color: #FFFFFF;font-weight: bold;\">fevereiro<\/td><td style=\"color: #000000; background-color: #FFFFFF;font-weight: bold;\">Cristiane Rodrigues da Silva<\/td><td style=\"color: #000000; background-color: #FFFFFF;font-weight: bold;\">Auxiliar de Servi\u00e7os Gerais <\/td><td style=\"color: #000000; background-color: #FFFFFF;font-weight: bold;\">GENESIS PRESTADORA DE SERVI\u00c7OS LTDA CNPJ 31.549.836\/0001-73<\/td><td style=\"color: #000000; background-color: #FFFFFF;font-weight: bold;\"><\/td><\/tr><tr><td style=\"color: #000000; background-color: #FFFFFF;font-weight: bold;\">2025<\/td><td style=\"color: #000000; background-color: #FFFFFF;font-weight: bold;\">fevereiro<\/td><td style=\"color: #000000; background-color: #FFFFFF;font-weight: bold;\">Vitoria de Paula Souza<\/td><td style=\"color: #000000; background-color: #FFFFFF;font-weight: bold;\">Auxiliar de Servi\u00e7os Gerais <\/td><td style=\"color: #000000; background-color: #FFFFFF;font-weight: bold;\">GENESIS PRESTADORA DE SERVI\u00c7OS LTDA CNPJ 31.549.836\/0001-73<\/td><td style=\"color: #000000; background-color: #FFFFFF;font-weight: bold;\"><\/td><\/tr><tr><td style=\"color: #000000; background-color: #FFFFFF;font-weight: bold;\">2025<\/td><td style=\"color: #000000; background-color: #FFFFFF;font-weight: bold;\">fevereiro<\/td><td style=\"color: #000000; background-color: #FFFFFF;font-weight: bold;\">Ezequias Guimarar\u00e3es do Carmo<\/td><td style=\"color: #000000; background-color: #FFFFFF;font-weight: bold;\">Auxiliar de Jardinajem<\/td><td style=\"color: #000000; background-color: #FFFFFF;font-weight: bold;\">GENESIS PRESTADORA DE SERVI\u00c7OS LTDA CNPJ 31.549.836\/0001-73<\/td><td style=\"color: #000000; background-color: #FFFFFF;font-weight: bold;\"><\/td><\/tr><tr><td style=\"color: #000000; background-color: #FFFFFF;font-weight: bold;\">2025<\/td><td style=\"color: #000000; background-color: #FFFFFF;font-weight: bold;\">fevereiro<\/td><td style=\"color: #000000; background-color: #FFFFFF;font-weight: bold;\">Jose Almeida Trindade<\/td><td style=\"color: #000000; background-color: #FFFFFF;font-weight: bold;\">Auxiliar de Jardinajem<\/td><td style=\"color: #000000; background-color: #FFFFFF;font-weight: bold;\">GENESIS PRESTADORA DE SERVI\u00c7OS LTDA CNPJ 31.549.836\/0001-73<\/td><td style=\"color: #000000; background-color: #FFFFFF;font-weight: bold;\"><\/td><\/tr><tr><td style=\"color: #000000; background-color: #FFFFFF;font-weight: bold;\">2025<\/td><td style=\"color: #000000; background-color: #FFFFFF;font-weight: bold;\">fevereiro<\/td><td style=\"color: #000000; background-color: #FFFFFF;font-weight: bold;\">Ezequias Raiumundo<\/td><td style=\"color: #000000; background-color: #FFFFFF;font-weight: bold;\">Vigia Noturno <\/td><td style=\"color: #000000; background-color: #FFFFFF;font-weight: bold;\">GARANTIA PRESTA\u00c7\u00c3O DE SERVI\u00c7OS LTDA CNPJ 20.246.451\/0001-10<\/td><td style=\"color: #000000; background-color: #FFFFFF;font-weight: bold;\"><\/td><\/tr><tr><td style=\"color: #000000; background-color: #FFFFFF;font-weight: bold;\">2025<\/td><td style=\"color: #000000; background-color: #FFFFFF;font-weight: bold;\">fevereiro<\/td><td style=\"color: #000000; background-color: #FFFFFF;font-weight: bold;\">Renato Pereira Soares<\/td><td style=\"color: #000000; background-color: #FFFFFF;font-weight: bold;\">Vigia Noturno <\/td><td style=\"color: #000000; background-color: #FFFFFF;font-weight: bold;\">GARANTIA PRESTA\u00c7\u00c3O DE SERVI\u00c7OS LTDA CNPJ 20.246.451\/0001-10<\/td><td style=\"color: #000000; background-color: #FFFFFF;font-weight: bold;\"><\/td><\/tr><tr><td style=\"color: #000000; background-color: #FFFFFF;font-weight: bold;\">2025<\/td><td style=\"color: #000000; background-color: #FFFFFF;font-weight: bold;\">fevereiro<\/td><td style=\"color: #000000; background-color: #FFFFFF;font-weight: bold;\"> Jean PiereMarciel<\/td><td style=\"color: #000000; background-color: #FFFFFF;font-weight: bold;\">Vigia Noturno <\/td><td style=\"color: #000000; background-color: #FFFFFF;font-weight: bold;\">GARANTIA PRESTA\u00c7\u00c3O DE SERVI\u00c7OS LTDA CNPJ 20.246.451\/0001-10<\/td><td style=\"color: #000000; background-color: #FFFFFF;font-weight: bold;\"><\/td><\/tr><tr><td style=\"color: #000000; background-color: #FFFFFF;font-weight: bold;\">2025<\/td><td style=\"color: #000000; background-color: #FFFFFF;font-weight: bold;\">fevereiro<\/td><td style=\"color: #000000; background-color: #FFFFFF;font-weight: bold;\">Eric Silva<\/td><td style=\"color: #000000; background-color: #FFFFFF;font-weight: bold;\">Vigia Noturno <\/td><td style=\"color: #000000; background-color: #FFFFFF;font-weight: bold;\">GARANTIA PRESTA\u00c7\u00c3O DE SERVI\u00c7OS LTDA CNPJ 20.246.451\/0001-10<\/td><td style=\"color: #000000; background-color: #FFFFFF;font-weight: bold;\"><\/td><\/tr><tr><td style=\"color: #000000; background-color: #FFFFFF;font-weight: bold;\">2025<\/td><td style=\"color: #000000; background-color: #FFFFFF;font-weight: bold;\">fevereiro<\/td><td style=\"color: #000000; background-color: #FFFFFF;font-weight: bold;\">Gabrielle Marques Costa <\/td><td style=\"color: #000000; background-color: #FFFFFF;font-weight: bold;\">Porteiro Diurno <\/td><td style=\"color: #000000; background-color: #FFFFFF;font-weight: bold;\">GARANTIA PRESTA\u00c7\u00c3O DE SERVI\u00c7OS LTDA CNPJ 20.246.451\/0001-10<\/td><td style=\"color: #000000; background-color: #FFFFFF;font-weight: bold;\"><\/td><\/tr><tr><td style=\"color: #000000; background-color: #FFFFFF;font-weight: bold;\">2025<\/td><td style=\"color: #000000; background-color: #FFFFFF;font-weight: bold;\">fevereiro<\/td><td style=\"color: #000000; background-color: #FFFFFF;font-weight: bold;\">Vanderlino da Silva Ramos<\/td><td style=\"color: #000000; background-color: #FFFFFF;font-weight: bold;\">Porteiro Diurno <\/td><td style=\"color: #000000; background-color: #FFFFFF;font-weight: bold;\">GARANTIA PRESTA\u00c7\u00c3O DE SERVI\u00c7OS LTDA CNPJ 20.246.451\/0001-10<\/td><td style=\"color: #000000; background-color: #FFFFFF;font-weight: bold;\"><\/td><\/tr><tr><td style=\"color: #000000; background-color: #FFFFFF;font-weight: bold;\">2025<\/td><td style=\"color: #000000; background-color: #FFFFFF;font-weight: bold;\">fevereiro<\/td><td style=\"color: #000000; background-color: #FFFFFF;font-weight: bold;\">Gislene Mendes do Vale<\/td><td style=\"color: #000000; background-color: #FFFFFF;font-weight: bold;\">Porteiro Diurno <\/td><td style=\"color: #000000; background-color: #FFFFFF;font-weight: bold;\">GARANTIA PRESTA\u00c7\u00c3O DE SERVI\u00c7OS LTDA CNPJ 20.246.451\/0001-10<\/td><td style=\"color: #000000; background-color: #FFFFFF;font-weight: bold;\"><\/td><\/tr><tr><td style=\"color: #000000; background-color: #FFFFFF;font-weight: bold;\">2025<\/td><td style=\"color: #000000; background-color: #FFFFFF;font-weight: bold;\">fevereiro<\/td><td style=\"color: #000000; background-color: #FFFFFF;font-weight: bold;\">Jose Pereira dos Santos<\/td><td style=\"color: #000000; background-color: #FFFFFF;font-weight: bold;\">Porteiro Diurno <\/td><td style=\"color: #000000; background-color: #FFFFFF;font-weight: bold;\">GARANTIA PRESTA\u00c7\u00c3O DE SERVI\u00c7OS LTDA CNPJ 20.246.451\/0001-10<\/td><td style=\"color: #000000; background-color: #FFFFFF;font-weight: bold;\"><\/td><\/tr><tr><td style=\"color: #000000; background-color: #FFFFFF;font-weight: bold;\">2025<\/td><td style=\"color: #000000; background-color: #FFFFFF;font-weight: bold;\">fevereiro<\/td><td style=\"color: #000000; background-color: #FFFFFF;font-weight: bold;\">Juscilene Sampaio da Silva\/ <\/td><td style=\"color: #000000; background-color: #FFFFFF;font-weight: bold;\">Recepcionista <\/td><td style=\"color: #000000; background-color: #FFFFFF;font-weight: bold;\">GARANTIA PRESTA\u00c7\u00c3O DE SERVI\u00c7OS LTDA CNPJ 20.246.451\/0001-10<\/td><td style=\"color: #000000; background-color: #FFFFFF;font-weight: bold;\"><\/td><\/tr><tr><td style=\"color: #000000; background-color: #FFFFFF;font-weight: bold;\">2025<\/td><td style=\"color: #000000; background-color: #FFFFFF;font-weight: bold;\">fevereiro<\/td><td style=\"color: #000000; background-color: #FFFFFF;font-weight: bold;\">Edmar Batista Arantes<\/td><td style=\"color: #000000; background-color: #FFFFFF;font-weight: bold;\">Aux. Man. Predial <\/td><td style=\"color: #000000; background-color: #FFFFFF;font-weight: bold;\">GARANTIA PRESTA\u00c7\u00c3O DE SERVI\u00c7OS LTDA CNPJ 20.246.451\/0001-10<\/td><td style=\"color: #000000; background-color: #FFFFFF;font-weight: bold;\"><\/td><\/tr><tr><td style=\"color: #000000; background-color: #FFFFFF;font-weight: bold;\">2025<\/td><td style=\"color: #000000; background-color: #FFFFFF;font-weight: bold;\">fevereiro<\/td><td style=\"color: #000000; background-color: #FFFFFF;font-weight: bold;\">Maria Aldileide da Silva <\/td><td style=\"color: #000000; background-color: #FFFFFF;font-weight: bold;\">Copeira <\/td><td style=\"color: #000000; background-color: #FFFFFF;font-weight: bold;\">GARANTIA PRESTA\u00c7\u00c3O DE SERVI\u00c7OS LTDA CNPJ 20.246.451\/0001-10<\/td><td style=\"color: #000000; background-color: #FFFFFF;font-weight: bold;\"><\/td><\/tr><tr><td style=\"color: #000000; background-color: #FFFFFF;font-weight: bold;\">2025<\/td><td style=\"color: #000000; background-color: #FFFFFF;font-weight: bold;\">janeiro<\/td><td style=\"color: #000000; background-color: #FFFFFF;font-weight: bold;\">Leuana Pereira da Silva<\/td><td style=\"color: #000000; background-color: #FFFFFF;font-weight: bold;\">Auxiliar de Servi\u00e7os Gerais <\/td><td style=\"color: #000000; background-color: #FFFFFF;font-weight: bold;\">GENESIS PRESTADORA DE SERVI\u00c7OS LTDA CNPJ 31.549.836\/0001-73<\/td><td style=\"color: #000000; background-color: #FFFFFF;font-weight: bold;\"><\/td><\/tr><tr><td style=\"color: #000000; background-color: #FFFFFF;font-weight: bold;\">2025<\/td><td style=\"color: #000000; background-color: #FFFFFF;font-weight: bold;\">janeiro<\/td><td style=\"color: #000000; background-color: #FFFFFF;font-weight: bold;\">Edna Lucia Chaga Pimenta<\/td><td style=\"color: #000000; background-color: #FFFFFF;font-weight: bold;\">Auxiliar de Servi\u00e7os Gerais <\/td><td style=\"color: #000000; background-color: #FFFFFF;font-weight: bold;\">GENESIS PRESTADORA DE SERVI\u00c7OS LTDA CNPJ 31.549.836\/0001-73<\/td><td style=\"color: #000000; background-color: #FFFFFF;font-weight: bold;\"><\/td><\/tr><tr><td style=\"color: #000000; background-color: #FFFFFF;font-weight: bold;\">2025<\/td><td style=\"color: #000000; background-color: #FFFFFF;font-weight: bold;\">janeiro<\/td><td style=\"color: #000000; background-color: #FFFFFF;font-weight: bold;\">Cristiane Rodrigues da Silva<\/td><td style=\"color: #000000; background-color: #FFFFFF;font-weight: bold;\">Auxiliar de Servi\u00e7os Gerais <\/td><td style=\"color: #000000; background-color: #FFFFFF;font-weight: bold;\">GENESIS PRESTADORA DE SERVI\u00c7OS LTDA CNPJ 31.549.836\/0001-73<\/td><td style=\"color: #000000; background-color: #FFFFFF;font-weight: bold;\"><\/td><\/tr><tr><td style=\"color: #000000; background-color: #FFFFFF;font-weight: bold;\">2025<\/td><td style=\"color: #000000; background-color: #FFFFFF;font-weight: bold;\">janeiro<\/td><td style=\"color: #000000; background-color: #FFFFFF;font-weight: bold;\">Renata Carvalho \/ Vitoria de Paula Souza<\/td><td style=\"color: #000000; background-color: #FFFFFF;font-weight: bold;\">Auxiliar de Servi\u00e7os Gerais <\/td><td style=\"color: #000000; background-color: #FFFFFF;font-weight: bold;\">GENESIS PRESTADORA DE SERVI\u00c7OS LTDA CNPJ 31.549.836\/0001-73<\/td><td style=\"color: #000000; background-color: #FFFFFF;font-weight: bold;\"><\/td><\/tr><tr><td style=\"color: #000000; background-color: #FFFFFF;font-weight: bold;\">2025<\/td><td style=\"color: #000000; background-color: #FFFFFF;font-weight: bold;\">janeiro<\/td><td style=\"color: #000000; background-color: #FFFFFF;font-weight: bold;\">Ezequias Guimarar\u00e3es do Carmo<\/td><td style=\"color: #000000; background-color: #FFFFFF;font-weight: bold;\">Auxiliar de Jardinajem<\/td><td style=\"color: #000000; background-color: #FFFFFF;font-weight: bold;\">GENESIS PRESTADORA DE SERVI\u00c7OS LTDA CNPJ 31.549.836\/0001-73<\/td><td style=\"color: #000000; background-color: #FFFFFF;font-weight: bold;\"><\/td><\/tr><tr><td style=\"color: #000000; background-color: #FFFFFF;font-weight: bold;\">2025<\/td><td style=\"color: #000000; background-color: #FFFFFF;font-weight: bold;\">janeiro<\/td><td style=\"color: #000000; background-color: #FFFFFF;font-weight: bold;\">Jose Almeida Trindade<\/td><td style=\"color: #000000; background-color: #FFFFFF;font-weight: bold;\">Auxiliar de Jardinajem<\/td><td style=\"color: #000000; background-color: #FFFFFF;font-weight: bold;\">GENESIS PRESTADORA DE SERVI\u00c7OS LTDA CNPJ 31.549.836\/0001-73<\/td><td style=\"color: #000000; background-color: #FFFFFF;font-weight: bold;\"><\/td><\/tr><tr><td style=\"color: #000000; background-color: #FFFFFF;font-weight: bold;\">2025<\/td><td style=\"color: #000000; background-color: #FFFFFF;font-weight: bold;\">janeiro<\/td><td style=\"color: #000000; background-color: #FFFFFF;font-weight: bold;\">Ezequias Raiumundo<\/td><td style=\"color: #000000; background-color: #FFFFFF;font-weight: bold;\">Vigia Noturno <\/td><td style=\"color: #000000; background-color: #FFFFFF;font-weight: bold;\">GARANTIA PRESTA\u00c7\u00c3O DE SERVI\u00c7OS LTDA CNPJ 20.246.451\/0001-10<\/td><td style=\"color: #000000; background-color: #FFFFFF;font-weight: bold;\"><\/td><\/tr><tr><td style=\"color: #000000; background-color: #FFFFFF;font-weight: bold;\">2025<\/td><td style=\"color: #000000; background-color: #FFFFFF;font-weight: bold;\">janeiro<\/td><td style=\"color: #000000; background-color: #FFFFFF;font-weight: bold;\">Renato Pereira Soares<\/td><td style=\"color: #000000; background-color: #FFFFFF;font-weight: bold;\">Vigia Noturno <\/td><td style=\"color: #000000; background-color: #FFFFFF;font-weight: bold;\">GARANTIA PRESTA\u00c7\u00c3O DE SERVI\u00c7OS LTDA CNPJ 20.246.451\/0001-10<\/td><td style=\"color: #000000; background-color: #FFFFFF;font-weight: bold;\"><\/td><\/tr><tr><td style=\"color: #000000; background-color: #FFFFFF;font-weight: bold;\">2025<\/td><td style=\"color: #000000; background-color: #FFFFFF;font-weight: bold;\">janeiro<\/td><td style=\"color: #000000; background-color: #FFFFFF;font-weight: bold;\"> Jean PiereMarciel<\/td><td style=\"color: #000000; background-color: #FFFFFF;font-weight: bold;\">Vigia Noturno <\/td><td style=\"color: #000000; background-color: #FFFFFF;font-weight: bold;\">GARANTIA PRESTA\u00c7\u00c3O DE SERVI\u00c7OS LTDA CNPJ 20.246.451\/0001-10<\/td><td style=\"color: #000000; background-color: #FFFFFF;font-weight: bold;\"><\/td><\/tr><tr><td style=\"color: #000000; background-color: #FFFFFF;font-weight: bold;\">2025<\/td><td style=\"color: #000000; background-color: #FFFFFF;font-weight: bold;\">janeiro<\/td><td style=\"color: #000000; background-color: #FFFFFF;font-weight: bold;\">Eric Silva<\/td><td style=\"color: #000000; background-color: #FFFFFF;font-weight: bold;\">Vigia Noturno <\/td><td style=\"color: #000000; background-color: #FFFFFF;font-weight: bold;\">GARANTIA PRESTA\u00c7\u00c3O DE SERVI\u00c7OS LTDA CNPJ 20.246.451\/0001-10<\/td><td style=\"color: #000000; background-color: #FFFFFF;font-weight: bold;\"><\/td><\/tr><tr><td style=\"color: #000000; background-color: #FFFFFF;font-weight: bold;\">2025<\/td><td style=\"color: #000000; background-color: #FFFFFF;font-weight: bold;\">janeiro<\/td><td style=\"color: #000000; background-color: #FFFFFF;font-weight: bold;\">Gabrielle Marques Costa <\/td><td style=\"color: #000000; background-color: #FFFFFF;font-weight: bold;\">Porteiro Diurno <\/td><td style=\"color: #000000; background-color: #FFFFFF;font-weight: bold;\">GARANTIA PRESTA\u00c7\u00c3O DE SERVI\u00c7OS LTDA CNPJ 20.246.451\/0001-10<\/td><td style=\"color: #000000; background-color: #FFFFFF;font-weight: bold;\"><\/td><\/tr><tr><td style=\"color: #000000; background-color: #FFFFFF;font-weight: bold;\">2025<\/td><td style=\"color: #000000; background-color: #FFFFFF;font-weight: bold;\">janeiro<\/td><td style=\"color: #000000; background-color: #FFFFFF;font-weight: bold;\">Vanderlino da Silva Ramos<\/td><td style=\"color: #000000; background-color: #FFFFFF;font-weight: bold;\">Porteiro Diurno <\/td><td style=\"color: #000000; background-color: #FFFFFF;font-weight: bold;\">GARANTIA PRESTA\u00c7\u00c3O DE SERVI\u00c7OS LTDA CNPJ 20.246.451\/0001-10<\/td><td style=\"color: #000000; background-color: #FFFFFF;font-weight: bold;\"><\/td><\/tr><tr><td style=\"color: #000000; background-color: #FFFFFF;font-weight: bold;\">2025<\/td><td style=\"color: #000000; background-color: #FFFFFF;font-weight: bold;\">janeiro<\/td><td style=\"color: #000000; background-color: #FFFFFF;font-weight: bold;\">Gislene Mendes do Vale<\/td><td style=\"color: #000000; background-color: #FFFFFF;font-weight: bold;\">Porteiro Diurno <\/td><td style=\"color: #000000; background-color: #FFFFFF;font-weight: bold;\">GARANTIA PRESTA\u00c7\u00c3O DE SERVI\u00c7OS LTDA CNPJ 20.246.451\/0001-10<\/td><td style=\"color: #000000; background-color: #FFFFFF;font-weight: bold;\"><\/td><\/tr><tr><td style=\"color: #000000; background-color: #FFFFFF;font-weight: bold;\">2025<\/td><td style=\"color: #000000; background-color: #FFFFFF;font-weight: bold;\">janeiro<\/td><td style=\"color: #000000; background-color: #FFFFFF;font-weight: bold;\">Jose Pereira dos Santos<\/td><td style=\"color: #000000; background-color: #FFFFFF;font-weight: bold;\">Porteiro Diurno <\/td><td style=\"color: #000000; background-color: #FFFFFF;font-weight: bold;\">GARANTIA PRESTA\u00c7\u00c3O DE SERVI\u00c7OS LTDA CNPJ 20.246.451\/0001-10<\/td><td style=\"color: #000000; background-color: #FFFFFF;font-weight: bold;\"><\/td><\/tr><tr><td style=\"color: #000000; background-color: #FFFFFF;font-weight: bold;\">2025<\/td><td style=\"color: #000000; background-color: #FFFFFF;font-weight: bold;\">janeiro<\/td><td style=\"color: #000000; background-color: #FFFFFF;font-weight: bold;\">Juscilene Sampaio da Silva\/ <\/td><td style=\"color: #000000; background-color: #FFFFFF;font-weight: bold;\">Recepcionista <\/td><td style=\"color: #000000; background-color: #FFFFFF;font-weight: bold;\">GARANTIA PRESTA\u00c7\u00c3O DE SERVI\u00c7OS LTDA CNPJ 20.246.451\/0001-10<\/td><td style=\"color: #000000; background-color: #FFFFFF;font-weight: bold;\"><\/td><\/tr><tr><td style=\"color: #000000; background-color: #FFFFFF;font-weight: bold;\">2025<\/td><td style=\"color: #000000; background-color: #FFFFFF;font-weight: bold;\">janeiro<\/td><td style=\"color: #000000; background-color: #FFFFFF;font-weight: bold;\">Edmar Batista Arantes<\/td><td style=\"color: #000000; background-color: #FFFFFF;font-weight: bold;\">Aux. Man. Predial <\/td><td style=\"color: #000000; background-color: #FFFFFF;font-weight: bold;\">GARANTIA PRESTA\u00c7\u00c3O DE SERVI\u00c7OS LTDA CNPJ 20.246.451\/0001-10<\/td><td style=\"color: #000000; background-color: #FFFFFF;font-weight: bold;\"><\/td><\/tr><tr><td style=\"color: #000000; background-color: #FFFFFF;font-weight: bold;\">2025<\/td><td style=\"color: #000000; background-color: #FFFFFF;font-weight: bold;\">janeiro<\/td><td style=\"color: #000000; background-color: #FFFFFF;font-weight: bold;\">Maria Aldileide da Silva <\/td><td style=\"color: #000000; background-color: #FFFFFF;font-weight: bold;\">Copeira <\/td><td style=\"color: #000000; background-color: #FFFFFF;font-weight: bold;\">GARANTIA PRESTA\u00c7\u00c3O DE SERVI\u00c7OS LTDA CNPJ 20.246.451\/0001-10<\/td><td style=\"color: #000000; background-color: #FFFFFF;font-weight: bold;\"><\/td><\/tr><tr><td style=\"color: #000000; background-color: #FFFFFF;font-weight: bold;\">2024<\/td><td style=\"color: #000000; background-color: #FFFFFF;font-weight: bold;\">dezembro<\/td><td style=\"color: #000000; background-color: #FFFFFF;font-weight: bold;\">Leuana Pereira da Silva<\/td><td style=\"color: #000000; background-color: #FFFFFF;font-weight: bold;\">Auxiliar de Servi\u00e7os Gerais <\/td><td style=\"color: #000000; background-color: #FFFFFF;font-weight: bold;\">GENESIS PRESTADORA DE SERVI\u00c7OS LTDA CNPJ 31.549.836\/0001-73<\/td><td style=\"color: #000000; background-color: #FFFFFF;font-weight: bold;\"><\/td><\/tr><tr><td style=\"color: #000000; background-color: #FFFFFF;font-weight: bold;\">2024<\/td><td style=\"color: #000000; background-color: #FFFFFF;font-weight: bold;\">dezembro<\/td><td style=\"color: #000000; background-color: #FFFFFF;font-weight: bold;\">Edna Lucia Chaga Pimenta<\/td><td style=\"color: #000000; background-color: #FFFFFF;font-weight: bold;\">Auxiliar de Servi\u00e7os Gerais <\/td><td style=\"color: #000000; background-color: #FFFFFF;font-weight: bold;\">GENESIS PRESTADORA DE SERVI\u00c7OS LTDA CNPJ 31.549.836\/0001-73<\/td><td style=\"color: #000000; background-color: #FFFFFF;font-weight: bold;\"><\/td><\/tr><tr><td style=\"color: #000000; background-color: #FFFFFF;font-weight: bold;\">2024<\/td><td style=\"color: #000000; background-color: #FFFFFF;font-weight: bold;\">dezembro<\/td><td style=\"color: #000000; background-color: #FFFFFF;font-weight: bold;\">Cristiane Rodrigues da Silva<\/td><td style=\"color: #000000; background-color: #FFFFFF;font-weight: bold;\">Auxiliar de Servi\u00e7os Gerais <\/td><td style=\"color: #000000; background-color: #FFFFFF;font-weight: bold;\">GENESIS PRESTADORA DE SERVI\u00c7OS LTDA CNPJ 31.549.836\/0001-73<\/td><td style=\"color: #000000; background-color: #FFFFFF;font-weight: bold;\"><\/td><\/tr><tr><td style=\"color: #000000; background-color: #FFFFFF;font-weight: bold;\">2024<\/td><td style=\"color: #000000; background-color: #FFFFFF;font-weight: bold;\">dezembro<\/td><td style=\"color: #000000; background-color: #FFFFFF;font-weight: bold;\">Renata Carvalho Batista<\/td><td style=\"color: #000000; background-color: #FFFFFF;font-weight: bold;\">Auxiliar de Servi\u00e7os Gerais <\/td><td style=\"color: #000000; background-color: #FFFFFF;font-weight: bold;\">GENESIS PRESTADORA DE SERVI\u00c7OS LTDA CNPJ 31.549.836\/0001-73<\/td><td style=\"color: #000000; background-color: #FFFFFF;font-weight: bold;\"><\/td><\/tr><tr><td style=\"color: #000000; background-color: #FFFFFF;font-weight: bold;\">2024<\/td><td style=\"color: #000000; background-color: #FFFFFF;font-weight: bold;\">dezembro<\/td><td style=\"color: #000000; background-color: #FFFFFF;font-weight: bold;\">Ezequias Guimarar\u00e3es do Carmo<\/td><td style=\"color: #000000; background-color: #FFFFFF;font-weight: bold;\">Auxiliar de Jardinajem<\/td><td style=\"color: #000000; background-color: #FFFFFF;font-weight: bold;\">GENESIS PRESTADORA DE SERVI\u00c7OS LTDA CNPJ 31.549.836\/0001-73<\/td><td style=\"color: #000000; background-color: #FFFFFF;font-weight: bold;\"><\/td><\/tr><tr><td style=\"color: #000000; background-color: #FFFFFF;font-weight: bold;\">2024<\/td><td style=\"color: #000000; background-color: #FFFFFF;font-weight: bold;\">dezembro<\/td><td style=\"color: #000000; background-color: #FFFFFF;font-weight: bold;\">Jaire Sobral  mota\/ David Alves dos Santos<\/td><td style=\"color: #000000; background-color: #FFFFFF;font-weight: bold;\">Auxiliar de Jardinajem<\/td><td style=\"color: #000000; background-color: #FFFFFF;font-weight: bold;\">GENESIS PRESTADORA DE SERVI\u00c7OS LTDA CNPJ 31.549.836\/0001-73<\/td><td style=\"color: #000000; background-color: #FFFFFF;font-weight: bold;\"><\/td><\/tr><tr><td style=\"color: #000000; background-color: #FFFFFF;font-weight: bold;\">2024<\/td><td style=\"color: #000000; background-color: #FFFFFF;font-weight: bold;\">dezembro<\/td><td style=\"color: #000000; background-color: #FFFFFF;font-weight: bold;\">Gabrielle Marques Costa <\/td><td style=\"color: #000000; background-color: #FFFFFF;font-weight: bold;\">Porteiro Diurno <\/td><td style=\"color: #000000; background-color: #FFFFFF;font-weight: bold;\">GARANTIA PRESTA\u00c7\u00c3O DE SERVI\u00c7OS LTDA CNPJ 20.246.451\/0001-10<\/td><td style=\"color: #000000; background-color: #FFFFFF;font-weight: bold;\"><\/td><\/tr><tr><td style=\"color: #000000; background-color: #FFFFFF;font-weight: bold;\">2024<\/td><td style=\"color: #000000; background-color: #FFFFFF;font-weight: bold;\">dezembro<\/td><td style=\"color: #000000; background-color: #FFFFFF;font-weight: bold;\">Vanderlino da Silva Ramos<\/td><td style=\"color: #000000; background-color: #FFFFFF;font-weight: bold;\">Porteiro Diurno <\/td><td style=\"color: #000000; background-color: #FFFFFF;font-weight: bold;\">GARANTIA PRESTA\u00c7\u00c3O DE SERVI\u00c7OS LTDA CNPJ 20.246.451\/0001-10<\/td><td style=\"color: #000000; background-color: #FFFFFF;font-weight: bold;\"><\/td><\/tr><tr><td style=\"color: #000000; background-color: #FFFFFF;font-weight: bold;\">2024<\/td><td style=\"color: #000000; background-color: #FFFFFF;font-weight: bold;\">dezembro<\/td><td style=\"color: #000000; background-color: #FFFFFF;font-weight: bold;\">Gislene Mendes do Vale<\/td><td style=\"color: #000000; background-color: #FFFFFF;font-weight: bold;\">Porteiro Diurno <\/td><td style=\"color: #000000; background-color: #FFFFFF;font-weight: bold;\">GARANTIA PRESTA\u00c7\u00c3O DE SERVI\u00c7OS LTDA CNPJ 20.246.451\/0001-10<\/td><td style=\"color: #000000; background-color: #FFFFFF;font-weight: bold;\"><\/td><\/tr><tr><td style=\"color: #000000; background-color: #FFFFFF;font-weight: bold;\">2024<\/td><td style=\"color: #000000; background-color: #FFFFFF;font-weight: bold;\">dezembro<\/td><td style=\"color: #000000; background-color: #FFFFFF;font-weight: bold;\">Jose Pereira dos Santos<\/td><td style=\"color: #000000; background-color: #FFFFFF;font-weight: bold;\">Porteiro Diurno <\/td><td style=\"color: #000000; background-color: #FFFFFF;font-weight: bold;\">GARANTIA PRESTA\u00c7\u00c3O DE SERVI\u00c7OS LTDA CNPJ 20.246.451\/0001-10<\/td><td style=\"color: #000000; background-color: #FFFFFF;font-weight: bold;\"><\/td><\/tr><tr><td style=\"color: #000000; background-color: #FFFFFF;font-weight: bold;\">2024<\/td><td style=\"color: #000000; background-color: #FFFFFF;font-weight: bold;\">dezembro<\/td><td style=\"color: #000000; background-color: #FFFFFF;font-weight: bold;\">Juscilene Sampaio da Silva\/ <\/td><td style=\"color: #000000; background-color: #FFFFFF;font-weight: bold;\">Recepcionista <\/td><td style=\"color: #000000; background-color: #FFFFFF;font-weight: bold;\">GARANTIA PRESTA\u00c7\u00c3O DE SERVI\u00c7OS LTDA CNPJ 20.246.451\/0001-10<\/td><td style=\"color: #000000; background-color: #FFFFFF;font-weight: bold;\"><\/td><\/tr><tr><td style=\"color: #000000; background-color: #FFFFFF;font-weight: bold;\">2024<\/td><td style=\"color: #000000; background-color: #FFFFFF;font-weight: bold;\">dezembro<\/td><td style=\"color: #000000; background-color: #FFFFFF;font-weight: bold;\">Edmar Batista Arantes<\/td><td style=\"color: #000000; background-color: #FFFFFF;font-weight: bold;\">Aux. Man. Predial <\/td><td style=\"color: #000000; background-color: #FFFFFF;font-weight: bold;\">GARANTIA PRESTA\u00c7\u00c3O DE SERVI\u00c7OS LTDA CNPJ 20.246.451\/0001-10<\/td><td style=\"color: #000000; background-color: #FFFFFF;font-weight: bold;\"><\/td><\/tr><tr><td style=\"color: #000000; background-color: #FFFFFF;font-weight: bold;\">2024<\/td><td style=\"color: #000000; background-color: #FFFFFF;font-weight: bold;\">dezembro<\/td><td style=\"color: #000000; background-color: #FFFFFF;font-weight: bold;\">Maria Aldileide da Silva <\/td><td style=\"color: #000000; background-color: #FFFFFF;font-weight: bold;\">Copeira <\/td><td style=\"color: #000000; background-color: #FFFFFF;font-weight: bold;\">GARANTIA PRESTA\u00c7\u00c3O DE SERVI\u00c7OS LTDA CNPJ 20.246.451\/0001-10<\/td><td style=\"color: #000000; background-color: #FFFFFF;font-weight: bold;\"><\/td><\/tr><tr><td style=\"color: #000000; background-color: #FFFFFF;font-weight: bold;\">2024<\/td><td style=\"color: #000000; background-color: #FFFFFF;font-weight: bold;\">novembro<\/td><td style=\"color: #000000; background-color: #FFFFFF;font-weight: bold;\">Gabrielle Marques Costa\/Cynara Feitosa<\/td><td style=\"color: #000000; background-color: #FFFFFF;font-weight: bold;\">Porteiro Diurno <\/td><td style=\"color: #000000; background-color: #FFFFFF;font-weight: bold;\">GARANTIA PRESTA\u00c7\u00c3O DE SERVI\u00c7OS LTDA CNPJ 20.246.451\/0001-10<\/td><td style=\"color: #000000; background-color: #FFFFFF;font-weight: bold;\"><\/td><\/tr><tr><td style=\"color: #000000; background-color: #FFFFFF;font-weight: bold;\">2024<\/td><td style=\"color: #000000; background-color: #FFFFFF;font-weight: bold;\">novembro<\/td><td style=\"color: #000000; background-color: #FFFFFF;font-weight: bold;\">Vanderlino da Silva Ramos<\/td><td style=\"color: #000000; background-color: #FFFFFF;font-weight: bold;\">Porteiro Diurno <\/td><td style=\"color: #000000; background-color: #FFFFFF;font-weight: bold;\">GARANTIA PRESTA\u00c7\u00c3O DE SERVI\u00c7OS LTDA CNPJ 20.246.451\/0001-10<\/td><td style=\"color: #000000; background-color: #FFFFFF;font-weight: bold;\"><\/td><\/tr><tr><td style=\"color: #000000; background-color: #FFFFFF;font-weight: bold;\">2024<\/td><td style=\"color: #000000; background-color: #FFFFFF;font-weight: bold;\">novembro<\/td><td style=\"color: #000000; background-color: #FFFFFF;font-weight: bold;\">Gislene Mendes do Vale<\/td><td style=\"color: #000000; background-color: #FFFFFF;font-weight: bold;\">Porteiro Diurno <\/td><td style=\"color: #000000; background-color: #FFFFFF;font-weight: bold;\">GARANTIA PRESTA\u00c7\u00c3O DE SERVI\u00c7OS LTDA CNPJ 20.246.451\/0001-10<\/td><td style=\"color: #000000; background-color: #FFFFFF;font-weight: bold;\"><\/td><\/tr><tr><td style=\"color: #000000; background-color: #FFFFFF;font-weight: bold;\">2024<\/td><td style=\"color: #000000; background-color: #FFFFFF;font-weight: bold;\">novembro<\/td><td style=\"color: #000000; background-color: #FFFFFF;font-weight: bold;\">Jose Pereira dos Santos<\/td><td style=\"color: #000000; background-color: #FFFFFF;font-weight: bold;\">Porteiro Diurno <\/td><td style=\"color: #000000; background-color: #FFFFFF;font-weight: bold;\">GARANTIA PRESTA\u00c7\u00c3O DE SERVI\u00c7OS LTDA CNPJ 20.246.451\/0001-10<\/td><td style=\"color: #000000; background-color: #FFFFFF;font-weight: bold;\"><\/td><\/tr><tr><td style=\"color: #000000; background-color: #FFFFFF;font-weight: bold;\">2024<\/td><td style=\"color: #000000; background-color: #FFFFFF;font-weight: bold;\">novembro<\/td><td style=\"color: #000000; background-color: #FFFFFF;font-weight: bold;\">Juscilene Sampaio da Silva\/ <\/td><td style=\"color: #000000; background-color: #FFFFFF;font-weight: bold;\">Recepcionista <\/td><td style=\"color: #000000; background-color: #FFFFFF;font-weight: bold;\">GARANTIA PRESTA\u00c7\u00c3O DE SERVI\u00c7OS LTDA CNPJ 20.246.451\/0001-10<\/td><td style=\"color: #000000; background-color: #FFFFFF;font-weight: bold;\"><\/td><\/tr><tr><td style=\"color: #000000; background-color: #FFFFFF;font-weight: bold;\">2024<\/td><td style=\"color: #000000; background-color: #FFFFFF;font-weight: bold;\">novembro<\/td><td style=\"color: #000000; background-color: #FFFFFF;font-weight: bold;\">Edmar Batista Arantes<\/td><td style=\"color: #000000; background-color: #FFFFFF;font-weight: bold;\">Aux. Man. Predial <\/td><td style=\"color: #000000; background-color: #FFFFFF;font-weight: bold;\">GARANTIA PRESTA\u00c7\u00c3O DE SERVI\u00c7OS LTDA CNPJ 20.246.451\/0001-10<\/td><td style=\"color: #000000; background-color: #FFFFFF;font-weight: bold;\"><\/td><\/tr><tr><td style=\"color: #000000; background-color: #FFFFFF;font-weight: bold;\">2024<\/td><td style=\"color: #000000; background-color: #FFFFFF;font-weight: bold;\">novembro<\/td><td style=\"color: #000000; background-color: #FFFFFF;font-weight: bold;\">Maria Aldileide da Silva <\/td><td style=\"color: #000000; background-color: #FFFFFF;font-weight: bold;\">Copeira <\/td><td style=\"color: #000000; background-color: #FFFFFF;font-weight: bold;\">GARANTIA PRESTA\u00c7\u00c3O DE SERVI\u00c7OS LTDA CNPJ 20.246.451\/0001-10<\/td><td style=\"color: #000000; background-color: #FFFFFF;font-weight: bold;\"><\/td><\/tr><tr><td style=\"color: #000000; background-color: #FFFFFF;font-weight: bold;\">2024<\/td><td style=\"color: #000000; background-color: #FFFFFF;font-weight: bold;\">outubro <\/td><td style=\"color: #000000; background-color: #FFFFFF;font-weight: bold;\">Renata Carvalho Batista<\/td><td style=\"color: #000000; background-color: #FFFFFF;font-weight: bold;\">Auxiliar de Servi\u00e7os Gerais <\/td><td style=\"color: #000000; background-color: #FFFFFF;font-weight: bold;\">GENESIS PRESTADORA DE SERVI\u00c7OS LTDA CNPJ 31.549.836\/0001-73<\/td><td style=\"color: #000000; background-color: #FFFFFF;font-weight: bold;\"><\/td><\/tr><tr><td style=\"color: #000000; background-color: #FFFFFF;font-weight: bold;\">2024<\/td><td style=\"color: #000000; background-color: #FFFFFF;font-weight: bold;\">Outubro<\/td><td style=\"color: #000000; background-color: #FFFFFF;font-weight: bold;\">Leuana Pereira da Silva<\/td><td style=\"color: #000000; background-color: #FFFFFF;font-weight: bold;\">Auxiliar de Servi\u00e7os Gerais <\/td><td style=\"color: #000000; background-color: #FFFFFF;font-weight: bold;\">GENESIS PRESTADORA DE SERVI\u00c7OS LTDA CNPJ 31.549.836\/0001-73<\/td><td style=\"color: #000000; background-color: #FFFFFF;font-weight: bold;\"><\/td><\/tr><tr><td style=\"color: #000000; background-color: #FFFFFF;font-weight: bold;\">2024<\/td><td style=\"color: #000000; background-color: #FFFFFF;font-weight: bold;\">Outubro<\/td><td style=\"color: #000000; background-color: #FFFFFF;font-weight: bold;\">Edna Lucia Chaga Pimenta<\/td><td style=\"color: #000000; background-color: #FFFFFF;font-weight: bold;\">Auxiliar de Servi\u00e7os Gerais <\/td><td style=\"color: #000000; background-color: #FFFFFF;font-weight: bold;\">GENESIS PRESTADORA DE SERVI\u00c7OS LTDA CNPJ 31.549.836\/0001-73<\/td><td style=\"color: #000000; background-color: #FFFFFF;font-weight: bold;\"><\/td><\/tr><tr><td style=\"color: #000000; background-color: #FFFFFF;font-weight: bold;\">2024<\/td><td style=\"color: #000000; background-color: #FFFFFF;font-weight: bold;\">Outubro<\/td><td style=\"color: #000000; background-color: #FFFFFF;font-weight: bold;\">Cristiane Rodrigues da Silva<\/td><td style=\"color: #000000; background-color: #FFFFFF;font-weight: bold;\">Auxiliar de Servi\u00e7os Gerais <\/td><td style=\"color: #000000; background-color: #FFFFFF;font-weight: bold;\">GENESIS PRESTADORA DE SERVI\u00c7OS LTDA CNPJ 31.549.836\/0001-73<\/td><td style=\"color: #000000; background-color: #FFFFFF;font-weight: bold;\"><\/td><\/tr><tr><td style=\"color: #000000; background-color: #FFFFFF;font-weight: bold;\">2024<\/td><td style=\"color: #000000; background-color: #FFFFFF;font-weight: bold;\">Outubro<\/td><td style=\"color: #000000; background-color: #FFFFFF;font-weight: bold;\">Luzinete Margues Davi<\/td><td style=\"color: #000000; background-color: #FFFFFF;font-weight: bold;\">Auxiliar de Servi\u00e7os Gerais <\/td><td style=\"color: #000000; background-color: #FFFFFF;font-weight: bold;\">GENESIS PRESTADORA DE SERVI\u00c7OS LTDA CNPJ 31.549.836\/0001-73<\/td><td style=\"color: #000000; background-color: #FFFFFF;font-weight: bold;\"><\/td><\/tr><tr><td style=\"color: #000000; background-color: #FFFFFF;font-weight: bold;\">2024<\/td><td style=\"color: #000000; background-color: #FFFFFF;font-weight: bold;\">Outubro<\/td><td style=\"color: #000000; background-color: #FFFFFF;font-weight: bold;\">Ezequias Guimarar\u00e3es do Carmo<\/td><td style=\"color: #000000; background-color: #FFFFFF;font-weight: bold;\">Auxiliar de Jardinajem<\/td><td style=\"color: #000000; background-color: #FFFFFF;font-weight: bold;\">GENESIS PRESTADORA DE SERVI\u00c7OS LTDA CNPJ 31.549.836\/0001-73<\/td><td style=\"color: #000000; background-color: #FFFFFF;font-weight: bold;\"><\/td><\/tr><tr><td style=\"color: #000000; background-color: #FFFFFF;font-weight: bold;\">2024<\/td><td style=\"color: #000000; background-color: #FFFFFF;font-weight: bold;\">Outubro<\/td><td style=\"color: #000000; background-color: #FFFFFF;font-weight: bold;\">Jaire Sobral Mota<\/td><td style=\"color: #000000; background-color: #FFFFFF;font-weight: bold;\">Auxiliar de Jardinajem<\/td><td style=\"color: #000000; background-color: #FFFFFF;font-weight: bold;\">GENESIS PRESTADORA DE SERVI\u00c7OS LTDA CNPJ 31.549.836\/0001-73<\/td><td style=\"color: #000000; background-color: #FFFFFF;font-weight: bold;\"><\/td><\/tr><tr><td style=\"color: #000000; background-color: #FFFFFF;font-weight: bold;\">2024<\/td><td style=\"color: #000000; background-color: #FFFFFF;font-weight: bold;\">Setembro <\/td><td style=\"color: #000000; background-color: #FFFFFF;font-weight: bold;\">Leuana Pereira da Silva<\/td><td style=\"color: #000000; background-color: #FFFFFF;font-weight: bold;\">Auxiliar de Servi\u00e7os Gerais <\/td><td style=\"color: #000000; background-color: #FFFFFF;font-weight: bold;\">GENESIS PRESTADORA DE SERVI\u00c7OS LTDA CNPJ 31.549.836\/0001-73<\/td><td style=\"color: #000000; background-color: #FFFFFF;font-weight: bold;\"><\/td><\/tr><tr><td style=\"color: #000000; background-color: #FFFFFF;font-weight: bold;\">2024<\/td><td style=\"color: #000000; background-color: #FFFFFF;font-weight: bold;\">Setembro <\/td><td style=\"color: #000000; background-color: #FFFFFF;font-weight: bold;\">Lorrainy Terencio do Nascimento<\/td><td style=\"color: #000000; background-color: #FFFFFF;font-weight: bold;\">Auxiliar de Servi\u00e7os Gerais <\/td><td style=\"color: #000000; background-color: #FFFFFF;font-weight: bold;\">GENESIS PRESTADORA DE SERVI\u00c7OS LTDA CNPJ 31.549.836\/0001-73<\/td><td style=\"color: #000000; background-color: #FFFFFF;font-weight: bold;\"><\/td><\/tr><tr><td style=\"color: #000000; background-color: #FFFFFF;font-weight: bold;\">2024<\/td><td style=\"color: #000000; background-color: #FFFFFF;font-weight: bold;\">Setembro <\/td><td style=\"color: #000000; background-color: #FFFFFF;font-weight: bold;\">Cristiane Rodrigues da Silva<\/td><td style=\"color: #000000; background-color: #FFFFFF;font-weight: bold;\">Auxiliar de Servi\u00e7os Gerais <\/td><td style=\"color: #000000; background-color: #FFFFFF;font-weight: bold;\">GENESIS PRESTADORA DE SERVI\u00c7OS LTDA CNPJ 31.549.836\/0001-73<\/td><td style=\"color: #000000; background-color: #FFFFFF;font-weight: bold;\"><\/td><\/tr><tr><td style=\"color: #000000; background-color: #FFFFFF;font-weight: bold;\">2024<\/td><td style=\"color: #000000; background-color: #FFFFFF;font-weight: bold;\">Setembro <\/td><td style=\"color: #000000; background-color: #FFFFFF;font-weight: bold;\">Luzinete Margues Davi<\/td><td style=\"color: #000000; background-color: #FFFFFF;font-weight: bold;\">Auxiliar de Servi\u00e7os Gerais <\/td><td style=\"color: #000000; background-color: #FFFFFF;font-weight: bold;\">GENESIS PRESTADORA DE SERVI\u00c7OS LTDA CNPJ 31.549.836\/0001-73<\/td><td style=\"color: #000000; background-color: #FFFFFF;font-weight: bold;\"><\/td><\/tr><tr><td style=\"color: #000000; background-color: #FFFFFF;font-weight: bold;\">2024<\/td><td style=\"color: #000000; background-color: #FFFFFF;font-weight: bold;\">Setembro <\/td><td style=\"color: #000000; background-color: #FFFFFF;font-weight: bold;\">Ezequias Guimarar\u00e3es do Carmo<\/td><td style=\"color: #000000; background-color: #FFFFFF;font-weight: bold;\">Auxiliar de Jardinajem<\/td><td style=\"color: #000000; background-color: #FFFFFF;font-weight: bold;\">GENESIS PRESTADORA DE SERVI\u00c7OS LTDA CNPJ 31.549.836\/0001-73<\/td><td style=\"color: #000000; background-color: #FFFFFF;font-weight: bold;\"><\/td><\/tr><tr><td style=\"color: #000000; background-color: #FFFFFF;font-weight: bold;\">2024<\/td><td style=\"color: #000000; background-color: #FFFFFF;font-weight: bold;\">Setembro <\/td><td style=\"color: #000000; background-color: #FFFFFF;font-weight: bold;\">Jaire Sobral Mota<\/td><td style=\"color: #000000; background-color: #FFFFFF;font-weight: bold;\">Auxiliar de Jardinajem<\/td><td style=\"color: #000000; background-color: #FFFFFF;font-weight: bold;\">GENESIS PRESTADORA DE SERVI\u00c7OS LTDA CNPJ 31.549.836\/0001-73<\/td><td style=\"color: #000000; background-color: #FFFFFF;font-weight: bold;\"><\/td><\/tr><tr><td style=\"color: #000000; background-color: #FFFFFF;font-weight: bold;\">2024<\/td><td style=\"color: #000000; background-color: #FFFFFF;font-weight: bold;\">Setembro <\/td><td style=\"color: #000000; background-color: #FFFFFF;font-weight: bold;\">Ezequias Raiumundo\/ Marcio Ramos Ferreira <\/td><td style=\"color: #000000; background-color: #FFFFFF;font-weight: bold;\">Vigia Noturno <\/td><td style=\"color: #000000; background-color: #FFFFFF;font-weight: bold;\">GARANTIA PRESTA\u00c7\u00c3O DE SERVI\u00c7OS LTDA CNPJ 20.246.451\/0001-10<\/td><td style=\"color: #000000; background-color: #FFFFFF;font-weight: bold;\"><\/td><\/tr><tr><td style=\"color: #000000; background-color: #FFFFFF;font-weight: bold;\">2024<\/td><td style=\"color: #000000; background-color: #FFFFFF;font-weight: bold;\">Setembro <\/td><td style=\"color: #000000; background-color: #FFFFFF;font-weight: bold;\">Marcelo Alves de Carvalho <\/td><td style=\"color: #000000; background-color: #FFFFFF;font-weight: bold;\">Vigia Noturno <\/td><td style=\"color: #000000; background-color: #FFFFFF;font-weight: bold;\">GARANTIA PRESTA\u00c7\u00c3O DE SERVI\u00c7OS LTDA CNPJ 20.246.451\/0001-10<\/td><td style=\"color: #000000; background-color: #FFFFFF;font-weight: bold;\"><\/td><\/tr><tr><td style=\"color: #000000; background-color: #FFFFFF;font-weight: bold;\">2024<\/td><td style=\"color: #000000; background-color: #FFFFFF;font-weight: bold;\">Setembro <\/td><td style=\"color: #000000; background-color: #FFFFFF;font-weight: bold;\">Renato Pereira Soares <\/td><td style=\"color: #000000; background-color: #FFFFFF;font-weight: bold;\">Vigia Noturno <\/td><td style=\"color: #000000; background-color: #FFFFFF;font-weight: bold;\">GARANTIA PRESTA\u00c7\u00c3O DE SERVI\u00c7OS LTDA CNPJ 20.246.451\/0001-10<\/td><td style=\"color: #000000; background-color: #FFFFFF;font-weight: bold;\"><\/td><\/tr><tr><td style=\"color: #000000; background-color: #FFFFFF;font-weight: bold;\">2024<\/td><td style=\"color: #000000; background-color: #FFFFFF;font-weight: bold;\">Setembro <\/td><td style=\"color: #000000; background-color: #FFFFFF;font-weight: bold;\">Paulo Henrique Cavalcante <\/td><td style=\"color: #000000; background-color: #FFFFFF;font-weight: bold;\">Vigia Noturno <\/td><td style=\"color: #000000; background-color: #FFFFFF;font-weight: bold;\">GARANTIA PRESTA\u00c7\u00c3O DE SERVI\u00c7OS LTDA CNPJ 20.246.451\/0001-10<\/td><td style=\"color: #000000; background-color: #FFFFFF;font-weight: bold;\"><\/td><\/tr><tr><td style=\"color: #000000; background-color: #FFFFFF;font-weight: bold;\">2024<\/td><td style=\"color: #000000; background-color: #FFFFFF;font-weight: bold;\">Setembro <\/td><td style=\"color: #000000; background-color: #FFFFFF;font-weight: bold;\">Gabrielle Marques Costa <\/td><td style=\"color: #000000; background-color: #FFFFFF;font-weight: bold;\">Porteiro Diurno <\/td><td style=\"color: #000000; background-color: #FFFFFF;font-weight: bold;\">GARANTIA PRESTA\u00c7\u00c3O DE SERVI\u00c7OS LTDA CNPJ 20.246.451\/0001-10<\/td><td style=\"color: #000000; background-color: #FFFFFF;font-weight: bold;\"><\/td><\/tr><tr><td style=\"color: #000000; background-color: #FFFFFF;font-weight: bold;\">2024<\/td><td style=\"color: #000000; background-color: #FFFFFF;font-weight: bold;\">Setembro <\/td><td style=\"color: #000000; background-color: #FFFFFF;font-weight: bold;\">Vanderlino da Silva Ramos<\/td><td style=\"color: #000000; background-color: #FFFFFF;font-weight: bold;\">Porteiro Diurno <\/td><td style=\"color: #000000; background-color: #FFFFFF;font-weight: bold;\">GARANTIA PRESTA\u00c7\u00c3O DE SERVI\u00c7OS LTDA CNPJ 20.246.451\/0001-10<\/td><td style=\"color: #000000; background-color: #FFFFFF;font-weight: bold;\"><\/td><\/tr><tr><td style=\"color: #000000; background-color: #FFFFFF;font-weight: bold;\">2024<\/td><td style=\"color: #000000; background-color: #FFFFFF;font-weight: bold;\">Setembro <\/td><td style=\"color: #000000; background-color: #FFFFFF;font-weight: bold;\">Gislene Mendes do Vale<\/td><td style=\"color: #000000; background-color: #FFFFFF;font-weight: bold;\">Porteiro Diurno <\/td><td style=\"color: #000000; background-color: #FFFFFF;font-weight: bold;\">GARANTIA PRESTA\u00c7\u00c3O DE SERVI\u00c7OS LTDA CNPJ 20.246.451\/0001-10<\/td><td style=\"color: #000000; background-color: #FFFFFF;font-weight: bold;\"><\/td><\/tr><tr><td style=\"color: #000000; background-color: #FFFFFF;font-weight: bold;\">2024<\/td><td style=\"color: #000000; background-color: #FFFFFF;font-weight: bold;\">Setembro <\/td><td style=\"color: #000000; background-color: #FFFFFF;font-weight: bold;\">Jose Pereira dos Santos<\/td><td style=\"color: #000000; background-color: #FFFFFF;font-weight: bold;\">Porteiro Diurno <\/td><td style=\"color: #000000; background-color: #FFFFFF;font-weight: bold;\">GARANTIA PRESTA\u00c7\u00c3O DE SERVI\u00c7OS LTDA CNPJ 20.246.451\/0001-10<\/td><td style=\"color: #000000; background-color: #FFFFFF;font-weight: bold;\"><\/td><\/tr><tr><td style=\"color: #000000; background-color: #FFFFFF;font-weight: bold;\">2024<\/td><td style=\"color: #000000; background-color: #FFFFFF;font-weight: bold;\">Setembro <\/td><td style=\"color: #000000; background-color: #FFFFFF;font-weight: bold;\">Juscilene Sampaio da Silva\/ <\/td><td style=\"color: #000000; background-color: #FFFFFF;font-weight: bold;\">Recepcionista <\/td><td style=\"color: #000000; background-color: #FFFFFF;font-weight: bold;\">GARANTIA PRESTA\u00c7\u00c3O DE SERVI\u00c7OS LTDA CNPJ 20.246.451\/0001-10<\/td><td style=\"color: #000000; background-color: #FFFFFF;font-weight: bold;\"><\/td><\/tr><tr><td style=\"color: #000000; background-color: #FFFFFF;font-weight: bold;\">2024<\/td><td style=\"color: #000000; background-color: #FFFFFF;font-weight: bold;\">Setembro <\/td><td style=\"color: #000000; background-color: #FFFFFF;font-weight: bold;\">Edmar Batista Arantes<\/td><td style=\"color: #000000; background-color: #FFFFFF;font-weight: bold;\">Aux. Man. Predial <\/td><td style=\"color: #000000; background-color: #FFFFFF;font-weight: bold;\">GARANTIA PRESTA\u00c7\u00c3O DE SERVI\u00c7OS LTDA CNPJ 20.246.451\/0001-10<\/td><td style=\"color: #000000; background-color: #FFFFFF;font-weight: bold;\"><\/td><\/tr><tr><td style=\"color: #000000; background-color: #FFFFFF;font-weight: bold;\">2024<\/td><td style=\"color: #000000; background-color: #FFFFFF;font-weight: bold;\">Setembro <\/td><td style=\"color: #000000; background-color: #FFFFFF;font-weight: bold;\">Maria Aldileide da Silva <\/td><td style=\"color: #000000; background-color: #FFFFFF;font-weight: bold;\">Copeira <\/td><td style=\"color: #000000; background-color: #FFFFFF;font-weight: bold;\">GARANTIA PRESTA\u00c7\u00c3O DE SERVI\u00c7OS LTDA CNPJ 20.246.451\/0001-10<\/td><td style=\"color: #000000; background-color: #FFFFFF;font-weight: bold;\"><\/td><\/tr><tr><td style=\"color: #000000; background-color: #FFFFFF;font-weight: bold;\">2024<\/td><td style=\"color: #000000; background-color: #FFFFFF;font-weight: bold;\">Agosto<\/td><td style=\"color: #000000; background-color: #FFFFFF;font-weight: bold;\">Ezequias Raiumundo<\/td><td style=\"color: #000000; background-color: #FFFFFF;font-weight: bold;\">Vigia Noturno <\/td><td style=\"color: #000000; background-color: #FFFFFF;font-weight: bold;\">GARANTIA PRESTA\u00c7\u00c3O DE SERVI\u00c7OS LTDA CNPJ 20.246.451\/0001-10<\/td><td style=\"color: #000000; background-color: #FFFFFF;font-weight: bold;\"><\/td><\/tr><tr><td style=\"color: #000000; background-color: #FFFFFF;font-weight: bold;\">2024<\/td><td style=\"color: #000000; background-color: #FFFFFF;font-weight: bold;\">Agosto<\/td><td style=\"color: #000000; background-color: #FFFFFF;font-weight: bold;\"> Marcio Ramos Ferreira <\/td><td style=\"color: #000000; background-color: #FFFFFF;font-weight: bold;\">Vigia Noturno <\/td><td style=\"color: #000000; background-color: #FFFFFF;font-weight: bold;\">GARANTIA PRESTA\u00c7\u00c3O DE SERVI\u00c7OS LTDA CNPJ 20.246.451\/0001-10<\/td><td style=\"color: #000000; background-color: #FFFFFF;font-weight: bold;\"><\/td><\/tr><tr><td style=\"color: #000000; background-color: #FFFFFF;font-weight: bold;\">2024<\/td><td style=\"color: #000000; background-color: #FFFFFF;font-weight: bold;\">Agosto<\/td><td style=\"color: #000000; background-color: #FFFFFF;font-weight: bold;\">Marcelo Alves de Carvalho<\/td><td style=\"color: #000000; background-color: #FFFFFF;font-weight: bold;\">Vigia Noturno <\/td><td style=\"color: #000000; background-color: #FFFFFF;font-weight: bold;\">GARANTIA PRESTA\u00c7\u00c3O DE SERVI\u00c7OS LTDA CNPJ 20.246.451\/0001-10<\/td><td style=\"color: #000000; background-color: #FFFFFF;font-weight: bold;\"><\/td><\/tr><tr><td style=\"color: #000000; background-color: #FFFFFF;font-weight: bold;\">2024<\/td><td style=\"color: #000000; background-color: #FFFFFF;font-weight: bold;\">Agosto<\/td><td style=\"color: #000000; background-color: #FFFFFF;font-weight: bold;\"> Gerson Gon\u00e7alves <\/td><td style=\"color: #000000; background-color: #FFFFFF;font-weight: bold;\">Vigia Noturno <\/td><td style=\"color: #000000; background-color: #FFFFFF;font-weight: bold;\">GARANTIA PRESTA\u00c7\u00c3O DE SERVI\u00c7OS LTDA CNPJ 20.246.451\/0001-10<\/td><td style=\"color: #000000; background-color: #FFFFFF;font-weight: bold;\"><\/td><\/tr><tr><td style=\"color: #000000; background-color: #FFFFFF;font-weight: bold;\">2024<\/td><td style=\"color: #000000; background-color: #FFFFFF;font-weight: bold;\">Agosto<\/td><td style=\"color: #000000; background-color: #FFFFFF;font-weight: bold;\">Renato Pereira Soares <\/td><td style=\"color: #000000; background-color: #FFFFFF;font-weight: bold;\">Vigia Noturno <\/td><td style=\"color: #000000; background-color: #FFFFFF;font-weight: bold;\">GARANTIA PRESTA\u00c7\u00c3O DE SERVI\u00c7OS LTDA CNPJ 20.246.451\/0001-10<\/td><td style=\"color: #000000; background-color: #FFFFFF;font-weight: bold;\"><\/td><\/tr><tr><td style=\"color: #000000; background-color: #FFFFFF;font-weight: bold;\">2024<\/td><td style=\"color: #000000; background-color: #FFFFFF;font-weight: bold;\">Agosto<\/td><td style=\"color: #000000; background-color: #FFFFFF;font-weight: bold;\">Paulo Henrique Cavalcante <\/td><td style=\"color: #000000; background-color: #FFFFFF;font-weight: bold;\">Vigia Noturno <\/td><td style=\"color: #000000; background-color: #FFFFFF;font-weight: bold;\">GARANTIA PRESTA\u00c7\u00c3O DE SERVI\u00c7OS LTDA CNPJ 20.246.451\/0001-10<\/td><td style=\"color: #000000; background-color: #FFFFFF;font-weight: bold;\"><\/td><\/tr><tr><td style=\"color: #000000; background-color: #FFFFFF;font-weight: bold;\">2024<\/td><td style=\"color: #000000; background-color: #FFFFFF;font-weight: bold;\">Agosto<\/td><td style=\"color: #000000; background-color: #FFFFFF;font-weight: bold;\">Gabrielle Marques Costa <\/td><td style=\"color: #000000; background-color: #FFFFFF;font-weight: bold;\">Porteiro Diurno <\/td><td style=\"color: #000000; background-color: #FFFFFF;font-weight: bold;\">GARANTIA PRESTA\u00c7\u00c3O DE SERVI\u00c7OS LTDA CNPJ 20.246.451\/0001-10<\/td><td style=\"color: #000000; background-color: #FFFFFF;font-weight: bold;\"><\/td><\/tr><tr><td style=\"color: #000000; background-color: #FFFFFF;font-weight: bold;\">2024<\/td><td style=\"color: #000000; background-color: #FFFFFF;font-weight: bold;\">Agosto<\/td><td style=\"color: #000000; background-color: #FFFFFF;font-weight: bold;\">Vanderlino da Silva Ramos<\/td><td style=\"color: #000000; background-color: #FFFFFF;font-weight: bold;\">Porteiro Diurno <\/td><td style=\"color: #000000; background-color: #FFFFFF;font-weight: bold;\">GARANTIA PRESTA\u00c7\u00c3O DE SERVI\u00c7OS LTDA CNPJ 20.246.451\/0001-10<\/td><td style=\"color: #000000; background-color: #FFFFFF;font-weight: bold;\"><\/td><\/tr><tr><td style=\"color: #000000; background-color: #FFFFFF;font-weight: bold;\">2024<\/td><td style=\"color: #000000; background-color: #FFFFFF;font-weight: bold;\">Agosto<\/td><td style=\"color: #000000; background-color: #FFFFFF;font-weight: bold;\">Gislene Mendes do Vale<\/td><td style=\"color: #000000; background-color: #FFFFFF;font-weight: bold;\">Porteiro Diurno <\/td><td style=\"color: #000000; background-color: #FFFFFF;font-weight: bold;\">GARANTIA PRESTA\u00c7\u00c3O DE SERVI\u00c7OS LTDA CNPJ 20.246.451\/0001-10<\/td><td style=\"color: #000000; background-color: #FFFFFF;font-weight: bold;\"><\/td><\/tr><tr><td style=\"color: #000000; background-color: #FFFFFF;font-weight: bold;\">2024<\/td><td style=\"color: #000000; background-color: #FFFFFF;font-weight: bold;\">Agosto<\/td><td style=\"color: #000000; background-color: #FFFFFF;font-weight: bold;\">Jose Pereira dos Santos<\/td><td style=\"color: #000000; background-color: #FFFFFF;font-weight: bold;\">Porteiro Diurno <\/td><td style=\"color: #000000; background-color: #FFFFFF;font-weight: bold;\">GARANTIA PRESTA\u00c7\u00c3O DE SERVI\u00c7OS LTDA CNPJ 20.246.451\/0001-10<\/td><td style=\"color: #000000; background-color: #FFFFFF;font-weight: bold;\"><\/td><\/tr><tr><td style=\"color: #000000; background-color: #FFFFFF;font-weight: bold;\">2024<\/td><td style=\"color: #000000; background-color: #FFFFFF;font-weight: bold;\">Agosto<\/td><td style=\"color: #000000; background-color: #FFFFFF;font-weight: bold;\">Juscilene Sampaio da Silva<\/td><td style=\"color: #000000; background-color: #FFFFFF;font-weight: bold;\">Recepcionista <\/td><td style=\"color: #000000; background-color: #FFFFFF;font-weight: bold;\">GARANTIA PRESTA\u00c7\u00c3O DE SERVI\u00c7OS LTDA CNPJ 20.246.451\/0001-10<\/td><td style=\"color: #000000; background-color: #FFFFFF;font-weight: bold;\"><\/td><\/tr><tr><td style=\"color: #000000; background-color: #FFFFFF;font-weight: bold;\">2024<\/td><td style=\"color: #000000; background-color: #FFFFFF;font-weight: bold;\">Agosto<\/td><td style=\"color: #000000; background-color: #FFFFFF;font-weight: bold;\">Rogerio Oliveira Silva <\/td><td style=\"color: #000000; background-color: #FFFFFF;font-weight: bold;\">Aux. Man. Predial <\/td><td style=\"color: #000000; background-color: #FFFFFF;font-weight: bold;\">GARANTIA PRESTA\u00c7\u00c3O DE SERVI\u00c7OS LTDA CNPJ 20.246.451\/0001-10<\/td><td style=\"color: #000000; background-color: #FFFFFF;font-weight: bold;\"><\/td><\/tr><tr><td style=\"color: #000000; background-color: #FFFFFF;font-weight: bold;\">2024<\/td><td style=\"color: #000000; background-color: #FFFFFF;font-weight: bold;\">Agosto<\/td><td style=\"color: #000000; background-color: #FFFFFF;font-weight: bold;\">Renata Castro Fernandes <\/td><td style=\"color: #000000; background-color: #FFFFFF;font-weight: bold;\">Recepcionista <\/td><td style=\"color: #000000; background-color: #FFFFFF;font-weight: bold;\">GARANTIA PRESTA\u00c7\u00c3O DE SERVI\u00c7OS LTDA CNPJ 20.246.451\/0001-10<\/td><td style=\"color: #000000; background-color: #FFFFFF;font-weight: bold;\"><\/td><\/tr><tr><td style=\"color: #000000; background-color: #FFFFFF;font-weight: bold;\">2024<\/td><td style=\"color: #000000; background-color: #FFFFFF;font-weight: bold;\">Agosto<\/td><td style=\"color: #000000; background-color: #FFFFFF;font-weight: bold;\">Maria Aldileide da Silva <\/td><td style=\"color: #000000; background-color: #FFFFFF;font-weight: bold;\">Copeira <\/td><td style=\"color: #000000; background-color: #FFFFFF;font-weight: bold;\">GARANTIA PRESTA\u00c7\u00c3O DE SERVI\u00c7OS LTDA CNPJ 20.246.451\/0001-10<\/td><td style=\"color: #000000; background-color: #FFFFFF;font-weight: bold;\"><\/td><\/tr><tr><td style=\"color: #000000; background-color: #FFFFFF;font-weight: bold;\">2024<\/td><td style=\"color: #000000; background-color: #FFFFFF;font-weight: bold;\">Agosto<\/td><td style=\"color: #000000; background-color: #FFFFFF;font-weight: bold;\">Leuana Pereira da Silva<\/td><td style=\"color: #000000; background-color: #FFFFFF;font-weight: bold;\">Auxiliar de Servi\u00e7os Gerais <\/td><td style=\"color: #000000; background-color: #FFFFFF;font-weight: bold;\">GENESIS PRESTADORA DE SERVI\u00c7OS LTDA CNPJ 31.549.836\/0001-73<\/td><td style=\"color: #000000; background-color: #FFFFFF;font-weight: bold;\"><\/td><\/tr><tr><td style=\"color: #000000; background-color: #FFFFFF;font-weight: bold;\">2024<\/td><td style=\"color: #000000; background-color: #FFFFFF;font-weight: bold;\">Agosto<\/td><td style=\"color: #000000; background-color: #FFFFFF;font-weight: bold;\">Lorrainy Terencio do Nascimento<\/td><td style=\"color: #000000; background-color: #FFFFFF;font-weight: bold;\">Auxiliar de Servi\u00e7os Gerais <\/td><td style=\"color: #000000; background-color: #FFFFFF;font-weight: bold;\">GENESIS PRESTADORA DE SERVI\u00c7OS LTDA CNPJ 31.549.836\/0001-73<\/td><td style=\"color: #000000; background-color: #FFFFFF;font-weight: bold;\"><\/td><\/tr><tr><td style=\"color: #000000; background-color: #FFFFFF;font-weight: bold;\">2024<\/td><td style=\"color: #000000; background-color: #FFFFFF;font-weight: bold;\">Agosto<\/td><td style=\"color: #000000; background-color: #FFFFFF;font-weight: bold;\">Cristiane Rodrigues da Silva<\/td><td style=\"color: #000000; background-color: #FFFFFF;font-weight: bold;\">Auxiliar de Servi\u00e7os Gerais <\/td><td style=\"color: #000000; background-color: #FFFFFF;font-weight: bold;\">GENESIS PRESTADORA DE SERVI\u00c7OS LTDA CNPJ 31.549.836\/0001-73<\/td><td style=\"color: #000000; background-color: #FFFFFF;font-weight: bold;\"><\/td><\/tr><tr><td style=\"color: #000000; background-color: #FFFFFF;font-weight: bold;\">2024<\/td><td style=\"color: #000000; background-color: #FFFFFF;font-weight: bold;\">Agosto<\/td><td style=\"color: #000000; background-color: #FFFFFF;font-weight: bold;\">Luzinete Margues Davi<\/td><td style=\"color: #000000; background-color: #FFFFFF;font-weight: bold;\">Auxiliar de Servi\u00e7os Gerais <\/td><td style=\"color: #000000; background-color: #FFFFFF;font-weight: bold;\">GENESIS PRESTADORA DE SERVI\u00c7OS LTDA CNPJ 31.549.836\/0001-73<\/td><td style=\"color: #000000; background-color: #FFFFFF;font-weight: bold;\"><\/td><\/tr><tr><td style=\"color: #000000; background-color: #FFFFFF;font-weight: bold;\">2024<\/td><td style=\"color: #000000; background-color: #FFFFFF;font-weight: bold;\">Agosto<\/td><td style=\"color: #000000; background-color: #FFFFFF;font-weight: bold;\">Ezequias Guimarar\u00e3es do Carmo<\/td><td style=\"color: #000000; background-color: #FFFFFF;font-weight: bold;\">Auxiliar de Jardinajem<\/td><td style=\"color: #000000; background-color: #FFFFFF;font-weight: bold;\">GENESIS PRESTADORA DE SERVI\u00c7OS LTDA CNPJ 31.549.836\/0001-73<\/td><td style=\"color: #000000; background-color: #FFFFFF;font-weight: bold;\"><\/td><\/tr><tr><td style=\"color: #000000; background-color: #FFFFFF;font-weight: bold;\">2024<\/td><td style=\"color: #000000; background-color: #FFFFFF;font-weight: bold;\">Agosto<\/td><td style=\"color: #000000; background-color: #FFFFFF;font-weight: bold;\">Jaire Sobral Mota<\/td><td style=\"color: #000000; background-color: #FFFFFF;font-weight: bold;\">Auxiliar de Jardinajem<\/td><td style=\"color: #000000; background-color: #FFFFFF;font-weight: bold;\">GENESIS PRESTADORA DE SERVI\u00c7OS LTDA CNPJ 31.549.836\/0001-73<\/td><td style=\"color: #000000; background-color: #FFFFFF;font-weight: bold;\"><\/td><\/tr><tr><td style=\"color: #000000; background-color: #FFFFFF;font-weight: bold;\">2024<\/td><td style=\"color: #000000; background-color: #FFFFFF;font-weight: bold;\">Julho<\/td><td style=\"color: #000000; background-color: #FFFFFF;font-weight: bold;\">Marcio Ramos Ferreira <\/td><td style=\"color: #000000; background-color: #FFFFFF;font-weight: bold;\">Vigia Noturno <\/td><td style=\"color: #000000; background-color: #FFFFFF;font-weight: bold;\">GENESIS PRESTADORA DE SERVI\u00c7OS LTDA CNPJ 31.549.836\/0001-73<\/td><td style=\"color: #000000; background-color: #FFFFFF;font-weight: bold;\"><\/td><\/tr><tr><td style=\"color: #000000; background-color: #FFFFFF;font-weight: bold;\">2024<\/td><td style=\"color: #000000; background-color: #FFFFFF;font-weight: bold;\">Julho<\/td><td style=\"color: #000000; background-color: #FFFFFF;font-weight: bold;\">Ezequias Raiumundo<\/td><td style=\"color: #000000; background-color: #FFFFFF;font-weight: bold;\">Vigia Noturno <\/td><td style=\"color: #000000; background-color: #FFFFFF;font-weight: bold;\">GARANTIA PRESTA\u00c7\u00c3O DE SERVI\u00c7OS LTDA CNPJ 20.246.451\/0001-10<\/td><td style=\"color: #000000; background-color: #FFFFFF;font-weight: bold;\"><\/td><\/tr><tr><td style=\"color: #000000; background-color: #FFFFFF;font-weight: bold;\">2024<\/td><td style=\"color: #000000; background-color: #FFFFFF;font-weight: bold;\">Julho<\/td><td style=\"color: #000000; background-color: #FFFFFF;font-weight: bold;\">Gerson Gon\u00e7alves <\/td><td style=\"color: #000000; background-color: #FFFFFF;font-weight: bold;\">Vigia Noturno <\/td><td style=\"color: #000000; background-color: #FFFFFF;font-weight: bold;\">GARANTIA PRESTA\u00c7\u00c3O DE SERVI\u00c7OS LTDA CNPJ 20.246.451\/0001-10<\/td><td style=\"color: #000000; background-color: #FFFFFF;font-weight: bold;\"><\/td><\/tr><tr><td style=\"color: #000000; background-color: #FFFFFF;font-weight: bold;\">2024<\/td><td style=\"color: #000000; background-color: #FFFFFF;font-weight: bold;\">Julho<\/td><td style=\"color: #000000; background-color: #FFFFFF;font-weight: bold;\">Marcelo Alves de Carvalho\/ Gerson Gon\u00e7alves <\/td><td style=\"color: #000000; background-color: #FFFFFF;font-weight: bold;\">Vigia Noturno <\/td><td style=\"color: #000000; background-color: #FFFFFF;font-weight: bold;\">GARANTIA PRESTA\u00c7\u00c3O DE SERVI\u00c7OS LTDA CNPJ 20.246.451\/0001-10<\/td><td style=\"color: #000000; background-color: #FFFFFF;font-weight: bold;\"><\/td><\/tr><tr><td style=\"color: #000000; background-color: #FFFFFF;font-weight: bold;\">2024<\/td><td style=\"color: #000000; background-color: #FFFFFF;font-weight: bold;\">Julho<\/td><td style=\"color: #000000; background-color: #FFFFFF;font-weight: bold;\">Renato Pereira Soares <\/td><td style=\"color: #000000; background-color: #FFFFFF;font-weight: bold;\">Vigia Noturno <\/td><td style=\"color: #000000; background-color: #FFFFFF;font-weight: bold;\">GARANTIA PRESTA\u00c7\u00c3O DE SERVI\u00c7OS LTDA CNPJ 20.246.451\/0001-10<\/td><td style=\"color: #000000; background-color: #FFFFFF;font-weight: bold;\"><\/td><\/tr><tr><td style=\"color: #000000; background-color: #FFFFFF;font-weight: bold;\">2024<\/td><td style=\"color: #000000; background-color: #FFFFFF;font-weight: bold;\">Julho<\/td><td style=\"color: #000000; background-color: #FFFFFF;font-weight: bold;\">Paulo Henrique Cavalcante <\/td><td style=\"color: #000000; background-color: #FFFFFF;font-weight: bold;\">Vigia Noturno <\/td><td style=\"color: #000000; background-color: #FFFFFF;font-weight: bold;\">GARANTIA PRESTA\u00c7\u00c3O DE SERVI\u00c7OS LTDA CNPJ 20.246.451\/0001-10<\/td><td style=\"color: #000000; background-color: #FFFFFF;font-weight: bold;\"><\/td><\/tr><tr><td style=\"color: #000000; background-color: #FFFFFF;font-weight: bold;\">2024<\/td><td style=\"color: #000000; background-color: #FFFFFF;font-weight: bold;\">Julho<\/td><td style=\"color: #000000; background-color: #FFFFFF;font-weight: bold;\">Gabrielle Marques Costa <\/td><td style=\"color: #000000; background-color: #FFFFFF;font-weight: bold;\">Porteiro Diurno <\/td><td style=\"color: #000000; background-color: #FFFFFF;font-weight: bold;\">GARANTIA PRESTA\u00c7\u00c3O DE SERVI\u00c7OS LTDA CNPJ 20.246.451\/0001-10<\/td><td style=\"color: #000000; background-color: #FFFFFF;font-weight: bold;\"><\/td><\/tr><tr><td style=\"color: #000000; background-color: #FFFFFF;font-weight: bold;\">2024<\/td><td style=\"color: #000000; background-color: #FFFFFF;font-weight: bold;\">Julho<\/td><td style=\"color: #000000; background-color: #FFFFFF;font-weight: bold;\">Vanderlino da Silva Ramos <\/td><td style=\"color: #000000; background-color: #FFFFFF;font-weight: bold;\">Porteiro Diurno <\/td><td style=\"color: #000000; background-color: #FFFFFF;font-weight: bold;\">GARANTIA PRESTA\u00c7\u00c3O DE SERVI\u00c7OS LTDA CNPJ 20.246.451\/0001-10<\/td><td style=\"color: #000000; background-color: #FFFFFF;font-weight: bold;\"><\/td><\/tr><tr><td style=\"color: #000000; background-color: #FFFFFF;font-weight: bold;\">2024<\/td><td style=\"color: #000000; background-color: #FFFFFF;font-weight: bold;\">Julho<\/td><td style=\"color: #000000; background-color: #FFFFFF;font-weight: bold;\">Gislene Mendes do Vale <\/td><td style=\"color: #000000; background-color: #FFFFFF;font-weight: bold;\">Porteiro Diurno <\/td><td style=\"color: #000000; background-color: #FFFFFF;font-weight: bold;\">GARANTIA PRESTA\u00c7\u00c3O DE SERVI\u00c7OS LTDA CNPJ 20.246.451\/0001-10<\/td><td style=\"color: #000000; background-color: #FFFFFF;font-weight: bold;\"><\/td><\/tr><tr><td style=\"color: #000000; background-color: #FFFFFF;font-weight: bold;\">2024<\/td><td style=\"color: #000000; background-color: #FFFFFF;font-weight: bold;\">Julho<\/td><td style=\"color: #000000; background-color: #FFFFFF;font-weight: bold;\">Jose Pereira dos Santos<\/td><td style=\"color: #000000; background-color: #FFFFFF;font-weight: bold;\">Porteiro Diurno <\/td><td style=\"color: #000000; background-color: #FFFFFF;font-weight: bold;\">GARANTIA PRESTA\u00c7\u00c3O DE SERVI\u00c7OS LTDA CNPJ 20.246.451\/0001-10<\/td><td style=\"color: #000000; background-color: #FFFFFF;font-weight: bold;\"><\/td><\/tr><tr><td style=\"color: #000000; background-color: #FFFFFF;font-weight: bold;\">2024<\/td><td style=\"color: #000000; background-color: #FFFFFF;font-weight: bold;\">Julho<\/td><td style=\"color: #000000; background-color: #FFFFFF;font-weight: bold;\">Juscilene Sampaio da Silva <\/td><td style=\"color: #000000; background-color: #FFFFFF;font-weight: bold;\">Recepcionista <\/td><td style=\"color: #000000; background-color: #FFFFFF;font-weight: bold;\">GARANTIA PRESTA\u00c7\u00c3O DE SERVI\u00c7OS LTDA CNPJ 20.246.451\/0001-10<\/td><td style=\"color: #000000; background-color: #FFFFFF;font-weight: bold;\"><\/td><\/tr><tr><td style=\"color: #000000; background-color: #FFFFFF;font-weight: bold;\">2024<\/td><td style=\"color: #000000; background-color: #FFFFFF;font-weight: bold;\">Julho<\/td><td style=\"color: #000000; background-color: #FFFFFF;font-weight: bold;\">Rogerio Oliveira Silva <\/td><td style=\"color: #000000; background-color: #FFFFFF;font-weight: bold;\">Aux. Man. Predial <\/td><td style=\"color: #000000; background-color: #FFFFFF;font-weight: bold;\">GARANTIA PRESTA\u00c7\u00c3O DE SERVI\u00c7OS LTDA CNPJ 20.246.451\/0001-10<\/td><td style=\"color: #000000; background-color: #FFFFFF;font-weight: bold;\"><\/td><\/tr><tr><td style=\"color: #000000; background-color: #FFFFFF;font-weight: bold;\">2024<\/td><td style=\"color: #000000; background-color: #FFFFFF;font-weight: bold;\">Julho<\/td><td style=\"color: #000000; background-color: #FFFFFF;font-weight: bold;\">Maria Aldileide da Silva <\/td><td style=\"color: #000000; background-color: #FFFFFF;font-weight: bold;\">Copeira <\/td><td style=\"color: #000000; background-color: #FFFFFF;font-weight: bold;\">GARANTIA PRESTA\u00c7\u00c3O DE SERVI\u00c7OS LTDA CNPJ 20.246.451\/0001-10<\/td><td style=\"color: #000000; background-color: #FFFFFF;font-weight: bold;\"><\/td><\/tr><tr><td style=\"color: #000000; background-color: #FFFFFF;font-weight: bold;\">2024<\/td><td style=\"color: #000000; background-color: #FFFFFF;font-weight: bold;\">Julho<\/td><td style=\"color: #000000; background-color: #FFFFFF;font-weight: bold;\">Leuana Pereira da Silva<\/td><td style=\"color: #000000; background-color: #FFFFFF;font-weight: bold;\">Auxiliar de Servi\u00e7os Gerais <\/td><td style=\"color: #000000; background-color: #FFFFFF;font-weight: bold;\">GENESIS PRESTADORA DE SERVI\u00c7OS LTDA CNPJ 31.549.836\/0001-73<\/td><td style=\"color: #000000; background-color: #FFFFFF;font-weight: bold;\"><\/td><\/tr><tr><td style=\"color: #000000; background-color: #FFFFFF;font-weight: bold;\">2024<\/td><td style=\"color: #000000; background-color: #FFFFFF;font-weight: bold;\">Julho<\/td><td style=\"color: #000000; background-color: #FFFFFF;font-weight: bold;\">Lorrainy Terencio do Nascimento<\/td><td style=\"color: #000000; background-color: #FFFFFF;font-weight: bold;\">Auxiliar de Servi\u00e7os Gerais <\/td><td style=\"color: #000000; background-color: #FFFFFF;font-weight: bold;\">GENESIS PRESTADORA DE SERVI\u00c7OS LTDA CNPJ 31.549.836\/0001-73<\/td><td style=\"color: #000000; background-color: #FFFFFF;font-weight: bold;\"><\/td><\/tr><tr><td style=\"color: #000000; background-color: #FFFFFF;font-weight: bold;\">2024<\/td><td style=\"color: #000000; background-color: #FFFFFF;font-weight: bold;\">Julho<\/td><td style=\"color: #000000; background-color: #FFFFFF;font-weight: bold;\">Lucineide da Silveira Vieira<\/td><td style=\"color: #000000; background-color: #FFFFFF;font-weight: bold;\">Auxiliar de Servi\u00e7os Gerais <\/td><td style=\"color: #000000; background-color: #FFFFFF;font-weight: bold;\">GENESIS PRESTADORA DE SERVI\u00c7OS LTDA CNPJ 31.549.836\/0001-73<\/td><td style=\"color: #000000; background-color: #FFFFFF;font-weight: bold;\"><\/td><\/tr><tr><td style=\"color: #000000; background-color: #FFFFFF;font-weight: bold;\">2024<\/td><td style=\"color: #000000; background-color: #FFFFFF;font-weight: bold;\">Julho<\/td><td style=\"color: #000000; background-color: #FFFFFF;font-weight: bold;\">Cristiane Rodrigues da Silva<\/td><td style=\"color: #000000; background-color: #FFFFFF;font-weight: bold;\">Auxiliar de Servi\u00e7os Gerais <\/td><td style=\"color: #000000; background-color: #FFFFFF;font-weight: bold;\">GENESIS PRESTADORA DE SERVI\u00c7OS LTDA CNPJ 31.549.836\/0001-73<\/td><td style=\"color: #000000; background-color: #FFFFFF;font-weight: bold;\"><\/td><\/tr><tr><td style=\"color: #000000; background-color: #FFFFFF;font-weight: bold;\">2024<\/td><td style=\"color: #000000; background-color: #FFFFFF;font-weight: bold;\">Julho<\/td><td style=\"color: #000000; background-color: #FFFFFF;font-weight: bold;\">Luzinete Margues Davi<\/td><td style=\"color: #000000; background-color: #FFFFFF;font-weight: bold;\">Auxiliar de Servi\u00e7os Gerais <\/td><td style=\"color: #000000; background-color: #FFFFFF;font-weight: bold;\">GENESIS PRESTADORA DE SERVI\u00c7OS LTDA CNPJ 31.549.836\/0001-73<\/td><td style=\"color: #000000; background-color: #FFFFFF;font-weight: bold;\"><\/td><\/tr><tr><td style=\"color: #000000; background-color: #FFFFFF;font-weight: bold;\">2024<\/td><td style=\"color: #000000; background-color: #FFFFFF;font-weight: bold;\">Julho<\/td><td style=\"color: #000000; background-color: #FFFFFF;font-weight: bold;\">Ezequias Guimarar\u00e3es do Carmo<\/td><td style=\"color: #000000; background-color: #FFFFFF;font-weight: bold;\">Auxiliar de Jardinajem<\/td><td style=\"color: #000000; background-color: #FFFFFF;font-weight: bold;\">GENESIS PRESTADORA DE SERVI\u00c7OS LTDA CNPJ 31.549.836\/0001-73<\/td><td style=\"color: #000000; background-color: #FFFFFF;font-weight: bold;\"><\/td><\/tr><tr><td style=\"color: #000000; background-color: #FFFFFF;font-weight: bold;\">2024<\/td><td style=\"color: #000000; background-color: #FFFFFF;font-weight: bold;\">Julho<\/td><td style=\"color: #000000; background-color: #FFFFFF;font-weight: bold;\">Hugo Morais Silva<\/td><td style=\"color: #000000; background-color: #FFFFFF;font-weight: bold;\">Auxiliar de Jardinajem<\/td><td style=\"color: #000000; background-color: #FFFFFF;font-weight: bold;\">GENESIS PRESTADORA DE SERVI\u00c7OS LTDA CNPJ 31.549.836\/0001-73<\/td><td style=\"color: #000000; background-color: #FFFFFF;font-weight: bold;\"><\/td><\/tr><tr><td style=\"color: #000000; background-color: #FFFFFF;font-weight: bold;\">2024<\/td><td style=\"color: #000000; background-color: #FFFFFF;font-weight: bold;\">Julho<\/td><td style=\"color: #000000; background-color: #FFFFFF;font-weight: bold;\">Jaire Sobral Mota<\/td><td style=\"color: #000000; background-color: #FFFFFF;font-weight: bold;\">Auxiliar de Jardinajem<\/td><td style=\"color: #000000; background-color: #FFFFFF;font-weight: bold;\">GENESIS PRESTADORA DE SERVI\u00c7OS LTDA CNPJ 31.549.836\/0001-73<\/td><td style=\"color: #000000; background-color: #FFFFFF;font-weight: bold;\"><\/td><\/tr><tr><td style=\"color: #000000; background-color: #FFFFFF;font-weight: bold;\">2024<\/td><td style=\"color: #000000; background-color: #FFFFFF;font-weight: bold;\">Junho<\/td><td style=\"color: #000000; background-color: #FFFFFF;font-weight: bold;\">Ezequias Raimundo <\/td><td style=\"color: #000000; background-color: #FFFFFF;font-weight: bold;\">Vigia Noturno <\/td><td style=\"color: #000000; background-color: #FFFFFF;font-weight: bold;\">GARANTIA PRESTA\u00c7\u00c3O DE SERVI\u00c7OS LTDA CNPJ 20.246.451\/0001-10<\/td><td style=\"color: #000000; background-color: #FFFFFF;font-weight: bold;\"><\/td><\/tr><tr><td style=\"color: #000000; background-color: #FFFFFF;font-weight: bold;\">2024<\/td><td style=\"color: #000000; background-color: #FFFFFF;font-weight: bold;\">Junho<\/td><td style=\"color: #000000; background-color: #FFFFFF;font-weight: bold;\">Marcelo Alves de Carvalho<\/td><td style=\"color: #000000; background-color: #FFFFFF;font-weight: bold;\">Vigia Noturno <\/td><td style=\"color: #000000; background-color: #FFFFFF;font-weight: bold;\">GARANTIA PRESTA\u00c7\u00c3O DE SERVI\u00c7OS LTDA CNPJ 20.246.451\/0001-10<\/td><td style=\"color: #000000; background-color: #FFFFFF;font-weight: bold;\"><\/td><\/tr><tr><td style=\"color: #000000; background-color: #FFFFFF;font-weight: bold;\">2024<\/td><td style=\"color: #000000; background-color: #FFFFFF;font-weight: bold;\">Junho<\/td><td style=\"color: #000000; background-color: #FFFFFF;font-weight: bold;\">Renato Pereira Soares <\/td><td style=\"color: #000000; background-color: #FFFFFF;font-weight: bold;\">Vigia Noturno <\/td><td style=\"color: #000000; background-color: #FFFFFF;font-weight: bold;\">GARANTIA PRESTA\u00c7\u00c3O DE SERVI\u00c7OS LTDA CNPJ 20.246.451\/0001-10<\/td><td style=\"color: #000000; background-color: #FFFFFF;font-weight: bold;\"><\/td><\/tr><tr><td style=\"color: #000000; background-color: #FFFFFF;font-weight: bold;\">2024<\/td><td style=\"color: #000000; background-color: #FFFFFF;font-weight: bold;\">Junho<\/td><td style=\"color: #000000; background-color: #FFFFFF;font-weight: bold;\">Paulo Henrique Cavalcante <\/td><td style=\"color: #000000; background-color: #FFFFFF;font-weight: bold;\">Vigia Noturno <\/td><td style=\"color: #000000; background-color: #FFFFFF;font-weight: bold;\">GARANTIA PRESTA\u00c7\u00c3O DE SERVI\u00c7OS LTDA CNPJ 20.246.451\/0001-10<\/td><td style=\"color: #000000; background-color: #FFFFFF;font-weight: bold;\"><\/td><\/tr><tr><td style=\"color: #000000; background-color: #FFFFFF;font-weight: bold;\">2024<\/td><td style=\"color: #000000; background-color: #FFFFFF;font-weight: bold;\">Junho<\/td><td style=\"color: #000000; background-color: #FFFFFF;font-weight: bold;\">Gabrielle Marques Costa <\/td><td style=\"color: #000000; background-color: #FFFFFF;font-weight: bold;\">Porteiro Diurno <\/td><td style=\"color: #000000; background-color: #FFFFFF;font-weight: bold;\">GARANTIA PRESTA\u00c7\u00c3O DE SERVI\u00c7OS LTDA CNPJ 20.246.451\/0001-10<\/td><td style=\"color: #000000; background-color: #FFFFFF;font-weight: bold;\"><\/td><\/tr><tr><td style=\"color: #000000; background-color: #FFFFFF;font-weight: bold;\">2024<\/td><td style=\"color: #000000; background-color: #FFFFFF;font-weight: bold;\">Junho<\/td><td style=\"color: #000000; background-color: #FFFFFF;font-weight: bold;\">Vanderlino da Silva Ramos <\/td><td style=\"color: #000000; background-color: #FFFFFF;font-weight: bold;\">Porteiro Diurno <\/td><td style=\"color: #000000; background-color: #FFFFFF;font-weight: bold;\">GARANTIA PRESTA\u00c7\u00c3O DE SERVI\u00c7OS LTDA CNPJ 20.246.451\/0001-10<\/td><td style=\"color: #000000; background-color: #FFFFFF;font-weight: bold;\"><\/td><\/tr><tr><td style=\"color: #000000; background-color: #FFFFFF;font-weight: bold;\">2024<\/td><td style=\"color: #000000; background-color: #FFFFFF;font-weight: bold;\">Junho<\/td><td style=\"color: #000000; background-color: #FFFFFF;font-weight: bold;\">Gislene Mendes do Vale <\/td><td style=\"color: #000000; background-color: #FFFFFF;font-weight: bold;\">Porteiro Diurno <\/td><td style=\"color: #000000; background-color: #FFFFFF;font-weight: bold;\">GARANTIA PRESTA\u00c7\u00c3O DE SERVI\u00c7OS LTDA CNPJ 20.246.451\/0001-10<\/td><td style=\"color: #000000; background-color: #FFFFFF;font-weight: bold;\"><\/td><\/tr><tr><td style=\"color: #000000; background-color: #FFFFFF;font-weight: bold;\">2024<\/td><td style=\"color: #000000; background-color: #FFFFFF;font-weight: bold;\">Junho<\/td><td style=\"color: #000000; background-color: #FFFFFF;font-weight: bold;\">Jose Pereira dos Santos <\/td><td style=\"color: #000000; background-color: #FFFFFF;font-weight: bold;\">Porteiro Diurno <\/td><td style=\"color: #000000; background-color: #FFFFFF;font-weight: bold;\">GARANTIA PRESTA\u00c7\u00c3O DE SERVI\u00c7OS LTDA CNPJ 20.246.451\/0001-10<\/td><td style=\"color: #000000; background-color: #FFFFFF;font-weight: bold;\"><\/td><\/tr><tr><td style=\"color: #000000; background-color: #FFFFFF;font-weight: bold;\">2024<\/td><td style=\"color: #000000; background-color: #FFFFFF;font-weight: bold;\">Junho<\/td><td style=\"color: #000000; background-color: #FFFFFF;font-weight: bold;\">Lidiane Alves de Souza <\/td><td style=\"color: #000000; background-color: #FFFFFF;font-weight: bold;\">Porteiro Diurno <\/td><td style=\"color: #000000; background-color: #FFFFFF;font-weight: bold;\">GARANTIA PRESTA\u00c7\u00c3O DE SERVI\u00c7OS LTDA CNPJ 20.246.451\/0001-10<\/td><td style=\"color: #000000; background-color: #FFFFFF;font-weight: bold;\"><\/td><\/tr><tr><td style=\"color: #000000; background-color: #FFFFFF;font-weight: bold;\">2024<\/td><td style=\"color: #000000; background-color: #FFFFFF;font-weight: bold;\">Junho<\/td><td style=\"color: #000000; background-color: #FFFFFF;font-weight: bold;\">Juscilene Sampaio da Silva <\/td><td style=\"color: #000000; background-color: #FFFFFF;font-weight: bold;\">Recepcionista <\/td><td style=\"color: #000000; background-color: #FFFFFF;font-weight: bold;\">GARANTIA PRESTA\u00c7\u00c3O DE SERVI\u00c7OS LTDA CNPJ 20.246.451\/0001-10<\/td><td style=\"color: #000000; background-color: #FFFFFF;font-weight: bold;\"><\/td><\/tr><tr><td style=\"color: #000000; background-color: #FFFFFF;font-weight: bold;\">2024<\/td><td style=\"color: #000000; background-color: #FFFFFF;font-weight: bold;\">Junho<\/td><td style=\"color: #000000; background-color: #FFFFFF;font-weight: bold;\">Rogerio Oliveira Silva<\/td><td style=\"color: #000000; background-color: #FFFFFF;font-weight: bold;\">Aux. Man. Predial <\/td><td style=\"color: #000000; background-color: #FFFFFF;font-weight: bold;\">GARANTIA PRESTA\u00c7\u00c3O DE SERVI\u00c7OS LTDA CNPJ 20.246.451\/0001-10<\/td><td style=\"color: #000000; background-color: #FFFFFF;font-weight: bold;\"><\/td><\/tr><tr><td style=\"color: #000000; background-color: #FFFFFF;font-weight: bold;\">2024<\/td><td style=\"color: #000000; background-color: #FFFFFF;font-weight: bold;\">Junho<\/td><td style=\"color: #000000; background-color: #FFFFFF;font-weight: bold;\">Maria Aldileide da Silva<\/td><td style=\"color: #000000; background-color: #FFFFFF;font-weight: bold;\">Copeira <\/td><td style=\"color: #000000; background-color: #FFFFFF;font-weight: bold;\">GARANTIA PRESTA\u00c7\u00c3O DE SERVI\u00c7OS LTDA CNPJ 20.246.451\/0001-10<\/td><td style=\"color: #000000; background-color: #FFFFFF;font-weight: bold;\"><\/td><\/tr><tr><td style=\"color: #000000; background-color: #FFFFFF;font-weight: bold;\">2024<\/td><td style=\"color: #000000; background-color: #FFFFFF;font-weight: bold;\">Junho<\/td><td style=\"color: #000000; background-color: #FFFFFF;font-weight: bold;\">Leuana Pereira da Silva<\/td><td style=\"color: #000000; background-color: #FFFFFF;font-weight: bold;\">Auxiliar de Servi\u00e7os Gerais <\/td><td style=\"color: #000000; background-color: #FFFFFF;font-weight: bold;\">GENESIS PRESTADORA DE SERVI\u00c7OS LTDA CNPJ 31.549.836\/0001-73<\/td><td style=\"color: #000000; background-color: #FFFFFF;font-weight: bold;\"><\/td><\/tr><tr><td style=\"color: #000000; background-color: #FFFFFF;font-weight: bold;\">2024<\/td><td style=\"color: #000000; background-color: #FFFFFF;font-weight: bold;\">Junho<\/td><td style=\"color: #000000; background-color: #FFFFFF;font-weight: bold;\">Telma Maria da Silva<\/td><td style=\"color: #000000; background-color: #FFFFFF;font-weight: bold;\">Auxiliar de Servi\u00e7os Gerais <\/td><td style=\"color: #000000; background-color: #FFFFFF;font-weight: bold;\">GENESIS PRESTADORA DE SERVI\u00c7OS LTDA CNPJ 31.549.836\/0001-73<\/td><td style=\"color: #000000; background-color: #FFFFFF;font-weight: bold;\"><\/td><\/tr><tr><td style=\"color: #000000; background-color: #FFFFFF;font-weight: bold;\">2024<\/td><td style=\"color: #000000; background-color: #FFFFFF;font-weight: bold;\">Junho<\/td><td style=\"color: #000000; background-color: #FFFFFF;font-weight: bold;\">Cristiane Rodrigues da Silva<\/td><td style=\"color: #000000; background-color: #FFFFFF;font-weight: bold;\">Auxiliar de Servi\u00e7os Gerais <\/td><td style=\"color: #000000; background-color: #FFFFFF;font-weight: bold;\">GENESIS PRESTADORA DE SERVI\u00c7OS LTDA CNPJ 31.549.836\/0001-73<\/td><td style=\"color: #000000; background-color: #FFFFFF;font-weight: bold;\"><\/td><\/tr><tr><td style=\"color: #000000; background-color: #FFFFFF;font-weight: bold;\">2024<\/td><td style=\"color: #000000; background-color: #FFFFFF;font-weight: bold;\">Junho<\/td><td style=\"color: #000000; background-color: #FFFFFF;font-weight: bold;\">Deluzeli Aparecida Pinheiro<\/td><td style=\"color: #000000; background-color: #FFFFFF;font-weight: bold;\">Auxiliar de Servi\u00e7os Gerais <\/td><td style=\"color: #000000; background-color: #FFFFFF;font-weight: bold;\">GENESIS PRESTADORA DE SERVI\u00c7OS LTDA CNPJ 31.549.836\/0001-73<\/td><td style=\"color: #000000; background-color: #FFFFFF;font-weight: bold;\"><\/td><\/tr><tr><td style=\"color: #000000; background-color: #FFFFFF;font-weight: bold;\">2024<\/td><td style=\"color: #000000; background-color: #FFFFFF;font-weight: bold;\">Junho<\/td><td style=\"color: #000000; background-color: #FFFFFF;font-weight: bold;\">Luzinete Margues Davi<\/td><td style=\"color: #000000; background-color: #FFFFFF;font-weight: bold;\">Auxiliar de Servi\u00e7os Gerais <\/td><td style=\"color: #000000; background-color: #FFFFFF;font-weight: bold;\">GENESIS PRESTADORA DE SERVI\u00c7OS LTDA CNPJ 31.549.836\/0001-73<\/td><td style=\"color: #000000; background-color: #FFFFFF;font-weight: bold;\"><\/td><\/tr><tr><td style=\"color: #000000; background-color: #FFFFFF;font-weight: bold;\">2024<\/td><td style=\"color: #000000; background-color: #FFFFFF;font-weight: bold;\">Junho<\/td><td style=\"color: #000000; background-color: #FFFFFF;font-weight: bold;\">Patricia Mota Silva<\/td><td style=\"color: #000000; background-color: #FFFFFF;font-weight: bold;\">Auxiliar de Jardinajem<\/td><td style=\"color: #000000; background-color: #FFFFFF;font-weight: bold;\">GENESIS PRESTADORA DE SERVI\u00c7OS LTDA CNPJ 31.549.836\/0001-73<\/td><td style=\"color: #000000; background-color: #FFFFFF;font-weight: bold;\"><\/td><\/tr><tr><td style=\"color: #000000; background-color: #FFFFFF;font-weight: bold;\">2024<\/td><td style=\"color: #000000; background-color: #FFFFFF;font-weight: bold;\">Junho<\/td><td style=\"color: #000000; background-color: #FFFFFF;font-weight: bold;\">Ezequias Guimarar\u00e3es do Carmo<\/td><td style=\"color: #000000; background-color: #FFFFFF;font-weight: bold;\">Auxiliar de Jardinajem<\/td><td style=\"color: #000000; background-color: #FFFFFF;font-weight: bold;\">GENESIS PRESTADORA DE SERVI\u00c7OS LTDA CNPJ 31.549.836\/0001-73<\/td><td style=\"color: #000000; background-color: #FFFFFF;font-weight: bold;\"><\/td><\/tr><tr><td style=\"color: #000000; background-color: #FFFFFF;font-weight: bold;\">2024<\/td><td style=\"color: #000000; background-color: #FFFFFF;font-weight: bold;\">Junho<\/td><td style=\"color: #000000; background-color: #FFFFFF;font-weight: bold;\">Jaire Sobral Mota<\/td><td style=\"color: #000000; background-color: #FFFFFF;font-weight: bold;\">Auxiliar de Jardinajem<\/td><td style=\"color: #000000; background-color: #FFFFFF;font-weight: bold;\">GENESIS PRESTADORA DE SERVI\u00c7OS LTDA CNPJ 31.549.836\/0001-73<\/td><td style=\"color: #000000; background-color: #FFFFFF;font-weight: bold;\"><\/td><\/tr><tr><td style=\"color: #000000; background-color: #FFFFFF;font-weight: bold;\">2024<\/td><td style=\"color: #000000; background-color: #FFFFFF;font-weight: bold;\">Maio<\/td><td style=\"color: #000000; background-color: #FFFFFF;font-weight: bold;\">Ezequias Raimundo <\/td><td style=\"color: #000000; background-color: #FFFFFF;font-weight: bold;\">Vigia Noturno <\/td><td style=\"color: #000000; background-color: #FFFFFF;font-weight: bold;\">GARANTIA PRESTA\u00c7\u00c3O DE SERVI\u00c7OS LTDA CNPJ 20.246.451\/0001-10<\/td><td style=\"color: #000000; background-color: #FFFFFF;font-weight: bold;\"><\/td><\/tr><tr><td style=\"color: #000000; background-color: #FFFFFF;font-weight: bold;\">2024<\/td><td style=\"color: #000000; background-color: #FFFFFF;font-weight: bold;\">Maio<\/td><td style=\"color: #000000; background-color: #FFFFFF;font-weight: bold;\">Marcelo Alves de Carvalho<\/td><td style=\"color: #000000; background-color: #FFFFFF;font-weight: bold;\">Vigia Noturno <\/td><td style=\"color: #000000; background-color: #FFFFFF;font-weight: bold;\">GARANTIA PRESTA\u00c7\u00c3O DE SERVI\u00c7OS LTDA CNPJ 20.246.451\/0001-10<\/td><td style=\"color: #000000; background-color: #FFFFFF;font-weight: bold;\"><\/td><\/tr><tr><td style=\"color: #000000; background-color: #FFFFFF;font-weight: bold;\">2024<\/td><td style=\"color: #000000; background-color: #FFFFFF;font-weight: bold;\">Maio<\/td><td style=\"color: #000000; background-color: #FFFFFF;font-weight: bold;\">Renato Pereira Soares <\/td><td style=\"color: #000000; background-color: #FFFFFF;font-weight: bold;\">Vigia Noturno <\/td><td style=\"color: #000000; background-color: #FFFFFF;font-weight: bold;\">GARANTIA PRESTA\u00c7\u00c3O DE SERVI\u00c7OS LTDA CNPJ 20.246.451\/0001-10<\/td><td style=\"color: #000000; background-color: #FFFFFF;font-weight: bold;\"><\/td><\/tr><tr><td style=\"color: #000000; background-color: #FFFFFF;font-weight: bold;\">2024<\/td><td style=\"color: #000000; background-color: #FFFFFF;font-weight: bold;\">Maio<\/td><td style=\"color: #000000; background-color: #FFFFFF;font-weight: bold;\">Paulo Henrique Cavalcante <\/td><td style=\"color: #000000; background-color: #FFFFFF;font-weight: bold;\">Vigia Noturno <\/td><td style=\"color: #000000; background-color: #FFFFFF;font-weight: bold;\">GARANTIA PRESTA\u00c7\u00c3O DE SERVI\u00c7OS LTDA CNPJ 20.246.451\/0001-10<\/td><td style=\"color: #000000; background-color: #FFFFFF;font-weight: bold;\"><\/td><\/tr><tr><td style=\"color: #000000; background-color: #FFFFFF;font-weight: bold;\">2024<\/td><td style=\"color: #000000; background-color: #FFFFFF;font-weight: bold;\">Maio<\/td><td style=\"color: #000000; background-color: #FFFFFF;font-weight: bold;\">Gabrielle Marques Costa <\/td><td style=\"color: #000000; background-color: #FFFFFF;font-weight: bold;\">Porteiro Diurno <\/td><td style=\"color: #000000; background-color: #FFFFFF;font-weight: bold;\">GARANTIA PRESTA\u00c7\u00c3O DE SERVI\u00c7OS LTDA CNPJ 20.246.451\/0001-10<\/td><td style=\"color: #000000; background-color: #FFFFFF;font-weight: bold;\"><\/td><\/tr><tr><td style=\"color: #000000; background-color: #FFFFFF;font-weight: bold;\">2024<\/td><td style=\"color: #000000; background-color: #FFFFFF;font-weight: bold;\">Maio<\/td><td style=\"color: #000000; background-color: #FFFFFF;font-weight: bold;\">Vanderlino da Silva Ramos <\/td><td style=\"color: #000000; background-color: #FFFFFF;font-weight: bold;\">Porteiro Diurno <\/td><td style=\"color: #000000; background-color: #FFFFFF;font-weight: bold;\">GARANTIA PRESTA\u00c7\u00c3O DE SERVI\u00c7OS LTDA CNPJ 20.246.451\/0001-10<\/td><td style=\"color: #000000; background-color: #FFFFFF;font-weight: bold;\"><\/td><\/tr><tr><td style=\"color: #000000; background-color: #FFFFFF;font-weight: bold;\">2024<\/td><td style=\"color: #000000; background-color: #FFFFFF;font-weight: bold;\">Maio<\/td><td style=\"color: #000000; background-color: #FFFFFF;font-weight: bold;\">Gislene Mendes do Vale<\/td><td style=\"color: #000000; background-color: #FFFFFF;font-weight: bold;\">Porteiro Diurno <\/td><td style=\"color: #000000; background-color: #FFFFFF;font-weight: bold;\">GARANTIA PRESTA\u00c7\u00c3O DE SERVI\u00c7OS LTDA CNPJ 20.246.451\/0001-10<\/td><td style=\"color: #000000; background-color: #FFFFFF;font-weight: bold;\"><\/td><\/tr><tr><td style=\"color: #000000; background-color: #FFFFFF;font-weight: bold;\">2024<\/td><td style=\"color: #000000; background-color: #FFFFFF;font-weight: bold;\">Maio<\/td><td style=\"color: #000000; background-color: #FFFFFF;font-weight: bold;\">Aliny Aparecida Inacia da Silva Oliveira<\/td><td style=\"color: #000000; background-color: #FFFFFF;font-weight: bold;\">Porteiro Diurno <\/td><td style=\"color: #000000; background-color: #FFFFFF;font-weight: bold;\">GARANTIA PRESTA\u00c7\u00c3O DE SERVI\u00c7OS LTDA CNPJ 20.246.451\/0001-10<\/td><td style=\"color: #000000; background-color: #FFFFFF;font-weight: bold;\"><\/td><\/tr><tr><td style=\"color: #000000; background-color: #FFFFFF;font-weight: bold;\">2024<\/td><td style=\"color: #000000; background-color: #FFFFFF;font-weight: bold;\">Maio<\/td><td style=\"color: #000000; background-color: #FFFFFF;font-weight: bold;\">Jose Pereira dos Santos <\/td><td style=\"color: #000000; background-color: #FFFFFF;font-weight: bold;\">Porteiro Diurno <\/td><td style=\"color: #000000; background-color: #FFFFFF;font-weight: bold;\">GARANTIA PRESTA\u00c7\u00c3O DE SERVI\u00c7OS LTDA CNPJ 20.246.451\/0001-10<\/td><td style=\"color: #000000; background-color: #FFFFFF;font-weight: bold;\"><\/td><\/tr><tr><td style=\"color: #000000; background-color: #FFFFFF;font-weight: bold;\">2024<\/td><td style=\"color: #000000; background-color: #FFFFFF;font-weight: bold;\">Maio<\/td><td style=\"color: #000000; background-color: #FFFFFF;font-weight: bold;\">Juscilene Sampaio da Silva <\/td><td style=\"color: #000000; background-color: #FFFFFF;font-weight: bold;\">Recepcionista <\/td><td style=\"color: #000000; background-color: #FFFFFF;font-weight: bold;\">GARANTIA PRESTA\u00c7\u00c3O DE SERVI\u00c7OS LTDA CNPJ 20.246.451\/0001-10<\/td><td style=\"color: #000000; background-color: #FFFFFF;font-weight: bold;\"><\/td><\/tr><tr><td style=\"color: #000000; background-color: #FFFFFF;font-weight: bold;\">2024<\/td><td style=\"color: #000000; background-color: #FFFFFF;font-weight: bold;\">Maio<\/td><td style=\"color: #000000; background-color: #FFFFFF;font-weight: bold;\">Rogerio Oliveira Silva <\/td><td style=\"color: #000000; background-color: #FFFFFF;font-weight: bold;\">Aux. Man. Predial <\/td><td style=\"color: #000000; background-color: #FFFFFF;font-weight: bold;\">GARANTIA PRESTA\u00c7\u00c3O DE SERVI\u00c7OS LTDA CNPJ 20.246.451\/0001-10<\/td><td style=\"color: #000000; background-color: #FFFFFF;font-weight: bold;\"><\/td><\/tr><tr><td style=\"color: #000000; background-color: #FFFFFF;font-weight: bold;\">2024<\/td><td style=\"color: #000000; background-color: #FFFFFF;font-weight: bold;\">Maio<\/td><td style=\"color: #000000; background-color: #FFFFFF;font-weight: bold;\">Maria Aldileide da Silva <\/td><td style=\"color: #000000; background-color: #FFFFFF;font-weight: bold;\">Copeira <\/td><td style=\"color: #000000; background-color: #FFFFFF;font-weight: bold;\">GARANTIA PRESTA\u00c7\u00c3O DE SERVI\u00c7OS LTDA CNPJ 20.246.451\/0001-10<\/td><td style=\"color: #000000; background-color: #FFFFFF;font-weight: bold;\"><\/td><\/tr><tr><td style=\"color: #000000; background-color: #FFFFFF;font-weight: bold;\">2024<\/td><td style=\"color: #000000; background-color: #FFFFFF;font-weight: bold;\">Maio<\/td><td style=\"color: #000000; background-color: #FFFFFF;font-weight: bold;\">Leuana Pereira da Silva<\/td><td style=\"color: #000000; background-color: #FFFFFF;font-weight: bold;\">Auxiliar de Servi\u00e7os Gerais <\/td><td style=\"color: #000000; background-color: #FFFFFF;font-weight: bold;\">GENESIS PRESTADORA DE SERVI\u00c7OS LTDA CNPJ 31.549.836\/0001-73<\/td><td style=\"color: #000000; background-color: #FFFFFF;font-weight: bold;\"><\/td><\/tr><tr><td style=\"color: #000000; background-color: #FFFFFF;font-weight: bold;\">2024<\/td><td style=\"color: #000000; background-color: #FFFFFF;font-weight: bold;\">Maio<\/td><td style=\"color: #000000; background-color: #FFFFFF;font-weight: bold;\">Cristiane Rodrigues da Silva<\/td><td style=\"color: #000000; background-color: #FFFFFF;font-weight: bold;\">Auxiliar de Servi\u00e7os Gerais <\/td><td style=\"color: #000000; background-color: #FFFFFF;font-weight: bold;\">GENESIS PRESTADORA DE SERVI\u00c7OS LTDA CNPJ 31.549.836\/0001-73<\/td><td style=\"color: #000000; background-color: #FFFFFF;font-weight: bold;\"><\/td><\/tr><tr><td style=\"color: #000000; background-color: #FFFFFF;font-weight: bold;\">2024<\/td><td style=\"color: #000000; background-color: #FFFFFF;font-weight: bold;\">Maio<\/td><td style=\"color: #000000; background-color: #FFFFFF;font-weight: bold;\">Telma Maria da Silva<\/td><td style=\"color: #000000; background-color: #FFFFFF;font-weight: bold;\">Auxiliar de Servi\u00e7os Gerais <\/td><td style=\"color: #000000; background-color: #FFFFFF;font-weight: bold;\">GENESIS PRESTADORA DE SERVI\u00c7OS LTDA CNPJ 31.549.836\/0001-73<\/td><td style=\"color: #000000; background-color: #FFFFFF;font-weight: bold;\"><\/td><\/tr><tr><td style=\"color: #000000; background-color: #FFFFFF;font-weight: bold;\">2024<\/td><td style=\"color: #000000; background-color: #FFFFFF;font-weight: bold;\">Maio<\/td><td style=\"color: #000000; background-color: #FFFFFF;font-weight: bold;\">Renata Fernanda de Souza<\/td><td style=\"color: #000000; background-color: #FFFFFF;font-weight: bold;\">Auxiliar de Servi\u00e7os Gerais <\/td><td style=\"color: #000000; background-color: #FFFFFF;font-weight: bold;\">GENESIS PRESTADORA DE SERVI\u00c7OS LTDA CNPJ 31.549.836\/0001-73<\/td><td style=\"color: #000000; background-color: #FFFFFF;font-weight: bold;\"><\/td><\/tr><tr><td style=\"color: #000000; background-color: #FFFFFF;font-weight: bold;\">2024<\/td><td style=\"color: #000000; background-color: #FFFFFF;font-weight: bold;\">Maio<\/td><td style=\"color: #000000; background-color: #FFFFFF;font-weight: bold;\">Luzinete Margues Davi<\/td><td style=\"color: #000000; background-color: #FFFFFF;font-weight: bold;\">Auxiliar de Servi\u00e7os Gerais <\/td><td style=\"color: #000000; background-color: #FFFFFF;font-weight: bold;\">GENESIS PRESTADORA DE SERVI\u00c7OS LTDA CNPJ 31.549.836\/0001-73<\/td><td style=\"color: #000000; background-color: #FFFFFF;font-weight: bold;\"><\/td><\/tr><tr><td style=\"color: #000000; background-color: #FFFFFF;font-weight: bold;\">2024<\/td><td style=\"color: #000000; background-color: #FFFFFF;font-weight: bold;\">Maio<\/td><td style=\"color: #000000; background-color: #FFFFFF;font-weight: bold;\">Ezequias Guimarar\u00e3es do Carmo<\/td><td style=\"color: #000000; background-color: #FFFFFF;font-weight: bold;\">Auxiliar de Jardinajem<\/td><td style=\"color: #000000; background-color: #FFFFFF;font-weight: bold;\">GENESIS PRESTADORA DE SERVI\u00c7OS LTDA CNPJ 31.549.836\/0001-73<\/td><td style=\"color: #000000; background-color: #FFFFFF;font-weight: bold;\"><\/td><\/tr><tr><td style=\"color: #000000; background-color: #FFFFFF;font-weight: bold;\">2024<\/td><td style=\"color: #000000; background-color: #FFFFFF;font-weight: bold;\">Maio<\/td><td style=\"color: #000000; background-color: #FFFFFF;font-weight: bold;\">Jaire Sobral Mota<\/td><td style=\"color: #000000; background-color: #FFFFFF;font-weight: bold;\">Auxiliar de Jardinajem<\/td><td style=\"color: #000000; background-color: #FFFFFF;font-weight: bold;\">GENESIS PRESTADORA DE SERVI\u00c7OS LTDA CNPJ 31.549.836\/0001-73<\/td><td style=\"color: #000000; background-color: #FFFFFF;font-weight: bold;\"><\/td><\/tr><tr><td style=\"color: #000000; background-color: #FFFFFF;font-weight: bold;\">2024<\/td><td style=\"color: #000000; background-color: #FFFFFF;font-weight: bold;\">Abril<\/td><td style=\"color: #000000; background-color: #FFFFFF;font-weight: bold;\">Ezequias Raimundo <\/td><td style=\"color: #000000; background-color: #FFFFFF;font-weight: bold;\">Vigia Noturno <\/td><td style=\"color: #000000; background-color: #FFFFFF;font-weight: bold;\">GARANTIA PRESTA\u00c7\u00c3O DE SERVI\u00c7OS LTDA CNPJ 20.246.451\/0001-10<\/td><td style=\"color: #000000; background-color: #FFFFFF;font-weight: bold;\"><\/td><\/tr><tr><td style=\"color: #000000; background-color: #FFFFFF;font-weight: bold;\">2024<\/td><td style=\"color: #000000; background-color: #FFFFFF;font-weight: bold;\">Abril<\/td><td style=\"color: #000000; background-color: #FFFFFF;font-weight: bold;\">Victor Barbosa do Prado<\/td><td style=\"color: #000000; background-color: #FFFFFF;font-weight: bold;\">Vigia Noturno <\/td><td style=\"color: #000000; background-color: #FFFFFF;font-weight: bold;\">GARANTIA PRESTA\u00c7\u00c3O DE SERVI\u00c7OS LTDA CNPJ 20.246.451\/0001-10<\/td><td style=\"color: #000000; background-color: #FFFFFF;font-weight: bold;\"><\/td><\/tr><tr><td style=\"color: #000000; background-color: #FFFFFF;font-weight: bold;\">2024<\/td><td style=\"color: #000000; background-color: #FFFFFF;font-weight: bold;\">Abril<\/td><td style=\"color: #000000; background-color: #FFFFFF;font-weight: bold;\">Denis Guerrap <\/td><td style=\"color: #000000; background-color: #FFFFFF;font-weight: bold;\">Vigia Noturno <\/td><td style=\"color: #000000; background-color: #FFFFFF;font-weight: bold;\">GARANTIA PRESTA\u00c7\u00c3O DE SERVI\u00c7OS LTDA CNPJ 20.246.451\/0001-10<\/td><td style=\"color: #000000; background-color: #FFFFFF;font-weight: bold;\"><\/td><\/tr><tr><td style=\"color: #000000; background-color: #FFFFFF;font-weight: bold;\">2024<\/td><td style=\"color: #000000; background-color: #FFFFFF;font-weight: bold;\">Abril<\/td><td style=\"color: #000000; background-color: #FFFFFF;font-weight: bold;\">Renato Pereira Soares <\/td><td style=\"color: #000000; background-color: #FFFFFF;font-weight: bold;\">Vigia Noturno <\/td><td style=\"color: #000000; background-color: #FFFFFF;font-weight: bold;\">GARANTIA PRESTA\u00c7\u00c3O DE SERVI\u00c7OS LTDA CNPJ 20.246.451\/0001-10<\/td><td style=\"color: #000000; background-color: #FFFFFF;font-weight: bold;\"><\/td><\/tr><tr><td style=\"color: #000000; background-color: #FFFFFF;font-weight: bold;\">2024<\/td><td style=\"color: #000000; background-color: #FFFFFF;font-weight: bold;\">Abril<\/td><td style=\"color: #000000; background-color: #FFFFFF;font-weight: bold;\">Paulo Henrique Cavalcante <\/td><td style=\"color: #000000; background-color: #FFFFFF;font-weight: bold;\">Vigia Noturno <\/td><td style=\"color: #000000; background-color: #FFFFFF;font-weight: bold;\">GARANTIA PRESTA\u00c7\u00c3O DE SERVI\u00c7OS LTDA CNPJ 20.246.451\/0001-10<\/td><td style=\"color: #000000; background-color: #FFFFFF;font-weight: bold;\"><\/td><\/tr><tr><td style=\"color: #000000; background-color: #FFFFFF;font-weight: bold;\">2024<\/td><td style=\"color: #000000; background-color: #FFFFFF;font-weight: bold;\">Abril<\/td><td style=\"color: #000000; background-color: #FFFFFF;font-weight: bold;\">Gabrielle Marques Costa <\/td><td style=\"color: #000000; background-color: #FFFFFF;font-weight: bold;\">Porteiro Diurno <\/td><td style=\"color: #000000; background-color: #FFFFFF;font-weight: bold;\">GARANTIA PRESTA\u00c7\u00c3O DE SERVI\u00c7OS LTDA CNPJ 20.246.451\/0001-10<\/td><td style=\"color: #000000; background-color: #FFFFFF;font-weight: bold;\"><\/td><\/tr><tr><td style=\"color: #000000; background-color: #FFFFFF;font-weight: bold;\">2024<\/td><td style=\"color: #000000; background-color: #FFFFFF;font-weight: bold;\">Abril<\/td><td style=\"color: #000000; background-color: #FFFFFF;font-weight: bold;\">Vanderlino da Silva Ramos <\/td><td style=\"color: #000000; background-color: #FFFFFF;font-weight: bold;\">Porteiro Diurno <\/td><td style=\"color: #000000; background-color: #FFFFFF;font-weight: bold;\">GARANTIA PRESTA\u00c7\u00c3O DE SERVI\u00c7OS LTDA CNPJ 20.246.451\/0001-10<\/td><td style=\"color: #000000; background-color: #FFFFFF;font-weight: bold;\"><\/td><\/tr><tr><td style=\"color: #000000; background-color: #FFFFFF;font-weight: bold;\">2024<\/td><td style=\"color: #000000; background-color: #FFFFFF;font-weight: bold;\">Abril<\/td><td style=\"color: #000000; background-color: #FFFFFF;font-weight: bold;\">Gislene Mendes do Vale <\/td><td style=\"color: #000000; background-color: #FFFFFF;font-weight: bold;\">Porteiro Diurno <\/td><td style=\"color: #000000; background-color: #FFFFFF;font-weight: bold;\">GARANTIA PRESTA\u00c7\u00c3O DE SERVI\u00c7OS LTDA CNPJ 20.246.451\/0001-10<\/td><td style=\"color: #000000; background-color: #FFFFFF;font-weight: bold;\"><\/td><\/tr><tr><td style=\"color: #000000; background-color: #FFFFFF;font-weight: bold;\">2024<\/td><td style=\"color: #000000; background-color: #FFFFFF;font-weight: bold;\">Abril<\/td><td style=\"color: #000000; background-color: #FFFFFF;font-weight: bold;\">Jose Pereira dos Santos <\/td><td style=\"color: #000000; background-color: #FFFFFF;font-weight: bold;\">Porteiro Diurno <\/td><td style=\"color: #000000; background-color: #FFFFFF;font-weight: bold;\">GARANTIA PRESTA\u00c7\u00c3O DE SERVI\u00c7OS LTDA CNPJ 20.246.451\/0001-10<\/td><td style=\"color: #000000; background-color: #FFFFFF;font-weight: bold;\"><\/td><\/tr><tr><td style=\"color: #000000; background-color: #FFFFFF;font-weight: bold;\">2024<\/td><td style=\"color: #000000; background-color: #FFFFFF;font-weight: bold;\">Abril<\/td><td style=\"color: #000000; background-color: #FFFFFF;font-weight: bold;\">Juscilene Sampaio da Silva<\/td><td style=\"color: #000000; background-color: #FFFFFF;font-weight: bold;\">Recepcionista <\/td><td style=\"color: #000000; background-color: #FFFFFF;font-weight: bold;\">GARANTIA PRESTA\u00c7\u00c3O DE SERVI\u00c7OS LTDA CNPJ 20.246.451\/0001-10<\/td><td style=\"color: #000000; background-color: #FFFFFF;font-weight: bold;\"><\/td><\/tr><tr><td style=\"color: #000000; background-color: #FFFFFF;font-weight: bold;\">2024<\/td><td style=\"color: #000000; background-color: #FFFFFF;font-weight: bold;\">Abril<\/td><td style=\"color: #000000; background-color: #FFFFFF;font-weight: bold;\">Rogerio Oliveira Silva <\/td><td style=\"color: #000000; background-color: #FFFFFF;font-weight: bold;\">Aux. Man. Predial <\/td><td style=\"color: #000000; background-color: #FFFFFF;font-weight: bold;\">GARANTIA PRESTA\u00c7\u00c3O DE SERVI\u00c7OS LTDA CNPJ 20.246.451\/0001-10<\/td><td style=\"color: #000000; background-color: #FFFFFF;font-weight: bold;\"><\/td><\/tr><tr><td style=\"color: #000000; background-color: #FFFFFF;font-weight: bold;\">2024<\/td><td style=\"color: #000000; background-color: #FFFFFF;font-weight: bold;\">Abril<\/td><td style=\"color: #000000; background-color: #FFFFFF;font-weight: bold;\">Maria Aldileide da Silva <\/td><td style=\"color: #000000; background-color: #FFFFFF;font-weight: bold;\">Copeira <\/td><td style=\"color: #000000; background-color: #FFFFFF;font-weight: bold;\">GARANTIA PRESTA\u00c7\u00c3O DE SERVI\u00c7OS LTDA CNPJ 20.246.451\/0001-10<\/td><td style=\"color: #000000; background-color: #FFFFFF;font-weight: bold;\"><\/td><\/tr><tr><td style=\"color: #000000; background-color: #FFFFFF;font-weight: bold;\">2024<\/td><td style=\"color: #000000; background-color: #FFFFFF;font-weight: bold;\">Abril<\/td><td style=\"color: #000000; background-color: #FFFFFF;font-weight: bold;\">Leuana Pereira da Silva<\/td><td style=\"color: #000000; background-color: #FFFFFF;font-weight: bold;\">Auxiliar de Servi\u00e7os Gerais <\/td><td style=\"color: #000000; background-color: #FFFFFF;font-weight: bold;\">GENESIS PRESTADORA DE SERVI\u00c7OS LTDA CNPJ 31.549.836\/0001-73<\/td><td style=\"color: #000000; background-color: #FFFFFF;font-weight: bold;\"><\/td><\/tr><tr><td style=\"color: #000000; background-color: #FFFFFF;font-weight: bold;\">2024<\/td><td style=\"color: #000000; background-color: #FFFFFF;font-weight: bold;\">Abril<\/td><td style=\"color: #000000; background-color: #FFFFFF;font-weight: bold;\">Telma Maria da Silva<\/td><td style=\"color: #000000; background-color: #FFFFFF;font-weight: bold;\">Auxiliar de Servi\u00e7os Gerais <\/td><td style=\"color: #000000; background-color: #FFFFFF;font-weight: bold;\">GENESIS PRESTADORA DE SERVI\u00c7OS LTDA CNPJ 31.549.836\/0001-73<\/td><td style=\"color: #000000; background-color: #FFFFFF;font-weight: bold;\"><\/td><\/tr><tr><td style=\"color: #000000; background-color: #FFFFFF;font-weight: bold;\">2024<\/td><td style=\"color: #000000; background-color: #FFFFFF;font-weight: bold;\">Abril<\/td><td style=\"color: #000000; background-color: #FFFFFF;font-weight: bold;\">Renata Fernanda de Souza<\/td><td style=\"color: #000000; background-color: #FFFFFF;font-weight: bold;\">Auxiliar de Servi\u00e7os Gerais <\/td><td style=\"color: #000000; background-color: #FFFFFF;font-weight: bold;\">GENESIS PRESTADORA DE SERVI\u00c7OS LTDA CNPJ 31.549.836\/0001-73<\/td><td style=\"color: #000000; background-color: #FFFFFF;font-weight: bold;\"><\/td><\/tr><tr><td style=\"color: #000000; background-color: #FFFFFF;font-weight: bold;\">2024<\/td><td style=\"color: #000000; background-color: #FFFFFF;font-weight: bold;\">Abril<\/td><td style=\"color: #000000; background-color: #FFFFFF;font-weight: bold;\">Luzinete Margues Davi<\/td><td style=\"color: #000000; background-color: #FFFFFF;font-weight: bold;\">Auxiliar de Servi\u00e7os Gerais <\/td><td style=\"color: #000000; background-color: #FFFFFF;font-weight: bold;\">GENESIS PRESTADORA DE SERVI\u00c7OS LTDA CNPJ 31.549.836\/0001-73<\/td><td style=\"color: #000000; background-color: #FFFFFF;font-weight: bold;\"><\/td><\/tr><tr><td style=\"color: #000000; background-color: #FFFFFF;font-weight: bold;\">2024<\/td><td style=\"color: #000000; background-color: #FFFFFF;font-weight: bold;\">Abril<\/td><td style=\"color: #000000; background-color: #FFFFFF;font-weight: bold;\">Ezequias Guimarar\u00e3es do Carmo<\/td><td style=\"color: #000000; background-color: #FFFFFF;font-weight: bold;\">Auxiliar de Jardinajem<\/td><td style=\"color: #000000; background-color: #FFFFFF;font-weight: bold;\">GENESIS PRESTADORA DE SERVI\u00c7OS LTDA CNPJ 31.549.836\/0001-73<\/td><td style=\"color: #000000; background-color: #FFFFFF;font-weight: bold;\"><\/td><\/tr><tr><td style=\"color: #000000; background-color: #FFFFFF;font-weight: bold;\">2024<\/td><td style=\"color: #000000; background-color: #FFFFFF;font-weight: bold;\">Abril<\/td><td style=\"color: #000000; background-color: #FFFFFF;font-weight: bold;\">Jaire Sobral Mota<\/td><td style=\"color: #000000; background-color: #FFFFFF;font-weight: bold;\">Auxiliar de Jardinajem<\/td><td style=\"color: #000000; background-color: #FFFFFF;font-weight: bold;\">GENESIS PRESTADORA DE SERVI\u00c7OS LTDA CNPJ 31.549.836\/0001-73<\/td><td style=\"color: #000000; background-color: #FFFFFF;font-weight: bold;\"><\/td><\/tr><tr><td style=\"color: #000000; background-color: #FFFFFF;font-weight: bold;\">2024<\/td><td style=\"color: #000000; background-color: #FFFFFF;font-weight: bold;\">Mar\u00e7o<\/td><td style=\"color: #000000; background-color: #FFFFFF;font-weight: bold;\">Ezequias Raimundo<\/td><td style=\"color: #000000; background-color: #FFFFFF;font-weight: bold;\">Vigia Noturno <\/td><td style=\"color: #000000; background-color: #FFFFFF;font-weight: bold;\">GARANTIA PRESTA\u00c7\u00c3O DE SERVI\u00c7OS LTDA CNPJ 20.246.451\/0001-10<\/td><td style=\"color: #000000; background-color: #FFFFFF;font-weight: bold;\"><\/td><\/tr><tr><td style=\"color: #000000; background-color: #FFFFFF;font-weight: bold;\">2024<\/td><td style=\"color: #000000; background-color: #FFFFFF;font-weight: bold;\">Mar\u00e7o<\/td><td style=\"color: #000000; background-color: #FFFFFF;font-weight: bold;\">Alessandro Santos <\/td><td style=\"color: #000000; background-color: #FFFFFF;font-weight: bold;\">Vigia Noturno <\/td><td style=\"color: #000000; background-color: #FFFFFF;font-weight: bold;\">GARANTIA PRESTA\u00c7\u00c3O DE SERVI\u00c7OS LTDA CNPJ 20.246.451\/0001-10<\/td><td style=\"color: #000000; background-color: #FFFFFF;font-weight: bold;\"><\/td><\/tr><tr><td style=\"color: #000000; background-color: #FFFFFF;font-weight: bold;\">2024<\/td><td style=\"color: #000000; background-color: #FFFFFF;font-weight: bold;\">Mar\u00e7o<\/td><td style=\"color: #000000; background-color: #FFFFFF;font-weight: bold;\">Victor Barbosa do Prado<\/td><td style=\"color: #000000; background-color: #FFFFFF;font-weight: bold;\">Vigia Noturno <\/td><td style=\"color: #000000; background-color: #FFFFFF;font-weight: bold;\">GARANTIA PRESTA\u00c7\u00c3O DE SERVI\u00c7OS LTDA CNPJ 20.246.451\/0001-10<\/td><td style=\"color: #000000; background-color: #FFFFFF;font-weight: bold;\"><\/td><\/tr><tr><td style=\"color: #000000; background-color: #FFFFFF;font-weight: bold;\">2024<\/td><td style=\"color: #000000; background-color: #FFFFFF;font-weight: bold;\">Mar\u00e7o<\/td><td style=\"color: #000000; background-color: #FFFFFF;font-weight: bold;\">Renato Pereira Soares <\/td><td style=\"color: #000000; background-color: #FFFFFF;font-weight: bold;\">Vigia Noturno <\/td><td style=\"color: #000000; background-color: #FFFFFF;font-weight: bold;\">GARANTIA PRESTA\u00c7\u00c3O DE SERVI\u00c7OS LTDA CNPJ 20.246.451\/0001-10<\/td><td style=\"color: #000000; background-color: #FFFFFF;font-weight: bold;\"><\/td><\/tr><tr><td style=\"color: #000000; background-color: #FFFFFF;font-weight: bold;\">2024<\/td><td style=\"color: #000000; background-color: #FFFFFF;font-weight: bold;\">Mar\u00e7o<\/td><td style=\"color: #000000; background-color: #FFFFFF;font-weight: bold;\">Paulo Henrique Cavalcante <\/td><td style=\"color: #000000; background-color: #FFFFFF;font-weight: bold;\">Vigia Noturno <\/td><td style=\"color: #000000; background-color: #FFFFFF;font-weight: bold;\">GARANTIA PRESTA\u00c7\u00c3O DE SERVI\u00c7OS LTDA CNPJ 20.246.451\/0001-10<\/td><td style=\"color: #000000; background-color: #FFFFFF;font-weight: bold;\"><\/td><\/tr><tr><td style=\"color: #000000; background-color: #FFFFFF;font-weight: bold;\">2024<\/td><td style=\"color: #000000; background-color: #FFFFFF;font-weight: bold;\">Mar\u00e7o<\/td><td style=\"color: #000000; background-color: #FFFFFF;font-weight: bold;\">Gabrielle Marques Costa <\/td><td style=\"color: #000000; background-color: #FFFFFF;font-weight: bold;\">Porteiro Diurno <\/td><td style=\"color: #000000; background-color: #FFFFFF;font-weight: bold;\">GARANTIA PRESTA\u00c7\u00c3O DE SERVI\u00c7OS LTDA CNPJ 20.246.451\/0001-10<\/td><td style=\"color: #000000; background-color: #FFFFFF;font-weight: bold;\"><\/td><\/tr><tr><td style=\"color: #000000; background-color: #FFFFFF;font-weight: bold;\">2024<\/td><td style=\"color: #000000; background-color: #FFFFFF;font-weight: bold;\">Mar\u00e7o<\/td><td style=\"color: #000000; background-color: #FFFFFF;font-weight: bold;\">Vanderlino da Silva Ramos <\/td><td style=\"color: #000000; background-color: #FFFFFF;font-weight: bold;\">Porteiro Diurno <\/td><td style=\"color: #000000; background-color: #FFFFFF;font-weight: bold;\">GARANTIA PRESTA\u00c7\u00c3O DE SERVI\u00c7OS LTDA CNPJ 20.246.451\/0001-10<\/td><td style=\"color: #000000; background-color: #FFFFFF;font-weight: bold;\"><\/td><\/tr><tr><td style=\"color: #000000; background-color: #FFFFFF;font-weight: bold;\">2024<\/td><td style=\"color: #000000; background-color: #FFFFFF;font-weight: bold;\">Mar\u00e7o<\/td><td style=\"color: #000000; background-color: #FFFFFF;font-weight: bold;\">Gislene Mendes do Vale <\/td><td style=\"color: #000000; background-color: #FFFFFF;font-weight: bold;\">Porteiro Diurno <\/td><td style=\"color: #000000; background-color: #FFFFFF;font-weight: bold;\">GARANTIA PRESTA\u00c7\u00c3O DE SERVI\u00c7OS LTDA CNPJ 20.246.451\/0001-10<\/td><td style=\"color: #000000; background-color: #FFFFFF;font-weight: bold;\"><\/td><\/tr><tr><td style=\"color: #000000; background-color: #FFFFFF;font-weight: bold;\">2024<\/td><td style=\"color: #000000; background-color: #FFFFFF;font-weight: bold;\">Mar\u00e7o<\/td><td style=\"color: #000000; background-color: #FFFFFF;font-weight: bold;\">Jose Pereira dos Santos <\/td><td style=\"color: #000000; background-color: #FFFFFF;font-weight: bold;\">Porteiro Diurno <\/td><td style=\"color: #000000; background-color: #FFFFFF;font-weight: bold;\">GARANTIA PRESTA\u00c7\u00c3O DE SERVI\u00c7OS LTDA CNPJ 20.246.451\/0001-10<\/td><td style=\"color: #000000; background-color: #FFFFFF;font-weight: bold;\"><\/td><\/tr><tr><td style=\"color: #000000; background-color: #FFFFFF;font-weight: bold;\">2024<\/td><td style=\"color: #000000; background-color: #FFFFFF;font-weight: bold;\">Mar\u00e7o<\/td><td style=\"color: #000000; background-color: #FFFFFF;font-weight: bold;\">Juscilene Sampaio da Silva<\/td><td style=\"color: #000000; background-color: #FFFFFF;font-weight: bold;\">Recepcionista <\/td><td style=\"color: #000000; background-color: #FFFFFF;font-weight: bold;\">GARANTIA PRESTA\u00c7\u00c3O DE SERVI\u00c7OS LTDA CNPJ 20.246.451\/0001-10<\/td><td style=\"color: #000000; background-color: #FFFFFF;font-weight: bold;\"><\/td><\/tr><tr><td style=\"color: #000000; background-color: #FFFFFF;font-weight: bold;\">2024<\/td><td style=\"color: #000000; background-color: #FFFFFF;font-weight: bold;\">Mar\u00e7o<\/td><td style=\"color: #000000; background-color: #FFFFFF;font-weight: bold;\">Rogerio Oliveira Silva <\/td><td style=\"color: #000000; background-color: #FFFFFF;font-weight: bold;\">Aux. Man. Predial <\/td><td style=\"color: #000000; background-color: #FFFFFF;font-weight: bold;\">GARANTIA PRESTA\u00c7\u00c3O DE SERVI\u00c7OS LTDA CNPJ 20.246.451\/0001-10<\/td><td style=\"color: #000000; background-color: #FFFFFF;font-weight: bold;\"><\/td><\/tr><tr><td style=\"color: #000000; background-color: #FFFFFF;font-weight: bold;\">2024<\/td><td style=\"color: #000000; background-color: #FFFFFF;font-weight: bold;\">Mar\u00e7o<\/td><td style=\"color: #000000; background-color: #FFFFFF;font-weight: bold;\">Maria Aldileide da Silva<\/td><td style=\"color: #000000; background-color: #FFFFFF;font-weight: bold;\">Copeira <\/td><td style=\"color: #000000; background-color: #FFFFFF;font-weight: bold;\">GARANTIA PRESTA\u00c7\u00c3O DE SERVI\u00c7OS LTDA CNPJ 20.246.451\/0001-10<\/td><td style=\"color: #000000; background-color: #FFFFFF;font-weight: bold;\"><\/td><\/tr><tr><td style=\"color: #000000; background-color: #FFFFFF;font-weight: bold;\">2024<\/td><td style=\"color: #000000; background-color: #FFFFFF;font-weight: bold;\">Mar\u00e7o<\/td><td style=\"color: #000000; background-color: #FFFFFF;font-weight: bold;\">Leuana Pereira da Silva<\/td><td style=\"color: #000000; background-color: #FFFFFF;font-weight: bold;\">Auxiliar de Servi\u00e7os Gerais <\/td><td style=\"color: #000000; background-color: #FFFFFF;font-weight: bold;\">GENESIS PRESTADORA DE SERVI\u00c7OS LTDA CNPJ 31.549.836\/0001-73<\/td><td style=\"color: #000000; background-color: #FFFFFF;font-weight: bold;\"><\/td><\/tr><tr><td style=\"color: #000000; background-color: #FFFFFF;font-weight: bold;\">2024<\/td><td style=\"color: #000000; background-color: #FFFFFF;font-weight: bold;\">Mar\u00e7o<\/td><td style=\"color: #000000; background-color: #FFFFFF;font-weight: bold;\">Telma Maria da Silva<\/td><td style=\"color: #000000; background-color: #FFFFFF;font-weight: bold;\">Auxiliar de Servi\u00e7os Gerais <\/td><td style=\"color: #000000; background-color: #FFFFFF;font-weight: bold;\">GENESIS PRESTADORA DE SERVI\u00c7OS LTDA CNPJ 31.549.836\/0001-73<\/td><td style=\"color: #000000; background-color: #FFFFFF;font-weight: bold;\"><\/td><\/tr><tr><td style=\"color: #000000; background-color: #FFFFFF;font-weight: bold;\">2024<\/td><td style=\"color: #000000; background-color: #FFFFFF;font-weight: bold;\">Mar\u00e7o<\/td><td style=\"color: #000000; background-color: #FFFFFF;font-weight: bold;\">Renata Fernanda de Souza<\/td><td style=\"color: #000000; background-color: #FFFFFF;font-weight: bold;\">Auxiliar de Servi\u00e7os Gerais <\/td><td style=\"color: #000000; background-color: #FFFFFF;font-weight: bold;\">GENESIS PRESTADORA DE SERVI\u00c7OS LTDA CNPJ 31.549.836\/0001-73<\/td><td style=\"color: #000000; background-color: #FFFFFF;font-weight: bold;\"><\/td><\/tr><tr><td style=\"color: #000000; background-color: #FFFFFF;font-weight: bold;\">2024<\/td><td style=\"color: #000000; background-color: #FFFFFF;font-weight: bold;\">Mar\u00e7o<\/td><td style=\"color: #000000; background-color: #FFFFFF;font-weight: bold;\">Luzinete Margues Davi<\/td><td style=\"color: #000000; background-color: #FFFFFF;font-weight: bold;\">Auxiliar de Servi\u00e7os Gerais <\/td><td style=\"color: #000000; background-color: #FFFFFF;font-weight: bold;\">GENESIS PRESTADORA DE SERVI\u00c7OS LTDA CNPJ 31.549.836\/0001-73<\/td><td style=\"color: #000000; background-color: #FFFFFF;font-weight: bold;\"><\/td><\/tr><tr><td style=\"color: #000000; background-color: #FFFFFF;font-weight: bold;\">2024<\/td><td style=\"color: #000000; background-color: #FFFFFF;font-weight: bold;\">Mar\u00e7o<\/td><td style=\"color: #000000; background-color: #FFFFFF;font-weight: bold;\">Ezequias Guimarar\u00e3es do Carmo<\/td><td style=\"color: #000000; background-color: #FFFFFF;font-weight: bold;\">Auxiliar de Jardinajem<\/td><td style=\"color: #000000; background-color: #FFFFFF;font-weight: bold;\">GENESIS PRESTADORA DE SERVI\u00c7OS LTDA CNPJ 31.549.836\/0001-73<\/td><td style=\"color: #000000; background-color: #FFFFFF;font-weight: bold;\"><\/td><\/tr><tr><td style=\"color: #000000; background-color: #FFFFFF;font-weight: bold;\">2024<\/td><td style=\"color: #000000; background-color: #FFFFFF;font-weight: bold;\">Mar\u00e7o<\/td><td style=\"color: #000000; background-color: #FFFFFF;font-weight: bold;\">Jaire Sobral Mota<\/td><td style=\"color: #000000; background-color: #FFFFFF;font-weight: bold;\">Auxiliar de Jardinajem<\/td><td style=\"color: #000000; background-color: #FFFFFF;font-weight: bold;\">GENESIS PRESTADORA DE SERVI\u00c7OS LTDA CNPJ 31.549.836\/0001-73<\/td><td style=\"color: #000000; background-color: #FFFFFF;font-weight: bold;\"><\/td><\/tr><tr><td style=\"color: #000000; background-color: #FFFFFF;font-weight: bold;\">2024<\/td><td style=\"color: #000000; background-color: #FFFFFF;font-weight: bold;\">Fevereiro<\/td><td style=\"color: #000000; background-color: #FFFFFF;font-weight: bold;\">Ezequias Raimundo da Silva <\/td><td style=\"color: #000000; background-color: #FFFFFF;font-weight: bold;\">Vigia Noturno <\/td><td style=\"color: #000000; background-color: #FFFFFF;font-weight: bold;\">GARANTIA PRESTA\u00c7\u00c3O DE SERVI\u00c7OS LTDA CNPJ 20.246.451\/0001-10<\/td><td style=\"color: #000000; background-color: #FFFFFF;font-weight: bold;\"><\/td><\/tr><tr><td style=\"color: #000000; background-color: #FFFFFF;font-weight: bold;\">2024<\/td><td style=\"color: #000000; background-color: #FFFFFF;font-weight: bold;\">Fevereiro<\/td><td style=\"color: #000000; background-color: #FFFFFF;font-weight: bold;\">Alessandro Santos Moura<\/td><td style=\"color: #000000; background-color: #FFFFFF;font-weight: bold;\">Vigia Noturno <\/td><td style=\"color: #000000; background-color: #FFFFFF;font-weight: bold;\">GARANTIA PRESTA\u00c7\u00c3O DE SERVI\u00c7OS LTDA CNPJ 20.246.451\/0001-10<\/td><td style=\"color: #000000; background-color: #FFFFFF;font-weight: bold;\"><\/td><\/tr><tr><td style=\"color: #000000; background-color: #FFFFFF;font-weight: bold;\">2024<\/td><td style=\"color: #000000; background-color: #FFFFFF;font-weight: bold;\">Fevereiro<\/td><td style=\"color: #000000; background-color: #FFFFFF;font-weight: bold;\">Renato Pereira Soares <\/td><td style=\"color: #000000; background-color: #FFFFFF;font-weight: bold;\">Vigia Noturno <\/td><td style=\"color: #000000; background-color: #FFFFFF;font-weight: bold;\">GARANTIA PRESTA\u00c7\u00c3O DE SERVI\u00c7OS LTDA CNPJ 20.246.451\/0001-10<\/td><td style=\"color: #000000; background-color: #FFFFFF;font-weight: bold;\"><\/td><\/tr><tr><td style=\"color: #000000; background-color: #FFFFFF;font-weight: bold;\">2024<\/td><td style=\"color: #000000; background-color: #FFFFFF;font-weight: bold;\">Fevereiro<\/td><td style=\"color: #000000; background-color: #FFFFFF;font-weight: bold;\">Paulo Henrique Cavalcante <\/td><td style=\"color: #000000; background-color: #FFFFFF;font-weight: bold;\">Vigia Noturno <\/td><td style=\"color: #000000; background-color: #FFFFFF;font-weight: bold;\">GARANTIA PRESTA\u00c7\u00c3O DE SERVI\u00c7OS LTDA CNPJ 20.246.451\/0001-10<\/td><td style=\"color: #000000; background-color: #FFFFFF;font-weight: bold;\"><\/td><\/tr><tr><td style=\"color: #000000; background-color: #FFFFFF;font-weight: bold;\">2024<\/td><td style=\"color: #000000; background-color: #FFFFFF;font-weight: bold;\">Fevereiro<\/td><td style=\"color: #000000; background-color: #FFFFFF;font-weight: bold;\">Gabrielle Marques Costa <\/td><td style=\"color: #000000; background-color: #FFFFFF;font-weight: bold;\">Porteiro Diurno <\/td><td style=\"color: #000000; background-color: #FFFFFF;font-weight: bold;\">GARANTIA PRESTA\u00c7\u00c3O DE SERVI\u00c7OS LTDA CNPJ 20.246.451\/0001-10<\/td><td style=\"color: #000000; background-color: #FFFFFF;font-weight: bold;\"><\/td><\/tr><tr><td style=\"color: #000000; background-color: #FFFFFF;font-weight: bold;\">2024<\/td><td style=\"color: #000000; background-color: #FFFFFF;font-weight: bold;\">Fevereiro<\/td><td style=\"color: #000000; background-color: #FFFFFF;font-weight: bold;\">Vanderlino da Silva Ramos <\/td><td style=\"color: #000000; background-color: #FFFFFF;font-weight: bold;\">Porteiro Diurno <\/td><td style=\"color: #000000; background-color: #FFFFFF;font-weight: bold;\">GARANTIA PRESTA\u00c7\u00c3O DE SERVI\u00c7OS LTDA CNPJ 20.246.451\/0001-10<\/td><td style=\"color: #000000; background-color: #FFFFFF;font-weight: bold;\"><\/td><\/tr><tr><td style=\"color: #000000; background-color: #FFFFFF;font-weight: bold;\">2024<\/td><td style=\"color: #000000; background-color: #FFFFFF;font-weight: bold;\">Fevereiro<\/td><td style=\"color: #000000; background-color: #FFFFFF;font-weight: bold;\">Gislene Mendes do Vale <\/td><td style=\"color: #000000; background-color: #FFFFFF;font-weight: bold;\">Porteiro Diurno <\/td><td style=\"color: #000000; background-color: #FFFFFF;font-weight: bold;\">GARANTIA PRESTA\u00c7\u00c3O DE SERVI\u00c7OS LTDA CNPJ 20.246.451\/0001-10<\/td><td style=\"color: #000000; background-color: #FFFFFF;font-weight: bold;\"><\/td><\/tr><tr><td style=\"color: #000000; background-color: #FFFFFF;font-weight: bold;\">2024<\/td><td style=\"color: #000000; background-color: #FFFFFF;font-weight: bold;\">Fevereiro<\/td><td style=\"color: #000000; background-color: #FFFFFF;font-weight: bold;\">Jose Pereira dos Santos <\/td><td style=\"color: #000000; background-color: #FFFFFF;font-weight: bold;\">Porteiro Diurno <\/td><td style=\"color: #000000; background-color: #FFFFFF;font-weight: bold;\">GARANTIA PRESTA\u00c7\u00c3O DE SERVI\u00c7OS LTDA CNPJ 20.246.451\/0001-10<\/td><td style=\"color: #000000; background-color: #FFFFFF;font-weight: bold;\"><\/td><\/tr><tr><td style=\"color: #000000; background-color: #FFFFFF;font-weight: bold;\">2024<\/td><td style=\"color: #000000; background-color: #FFFFFF;font-weight: bold;\">Fevereiro<\/td><td style=\"color: #000000; background-color: #FFFFFF;font-weight: bold;\">Juscilene Sampaio da Silva<\/td><td style=\"color: #000000; background-color: #FFFFFF;font-weight: bold;\">Recepcionista <\/td><td style=\"color: #000000; background-color: #FFFFFF;font-weight: bold;\">GARANTIA PRESTA\u00c7\u00c3O DE SERVI\u00c7OS LTDA CNPJ 20.246.451\/0001-10<\/td><td style=\"color: #000000; background-color: #FFFFFF;font-weight: bold;\"><\/td><\/tr><tr><td style=\"color: #000000; background-color: #FFFFFF;font-weight: bold;\">2024<\/td><td style=\"color: #000000; background-color: #FFFFFF;font-weight: bold;\">Fevereiro<\/td><td style=\"color: #000000; background-color: #FFFFFF;font-weight: bold;\">Rogerio Oliveira Silva<\/td><td style=\"color: #000000; background-color: #FFFFFF;font-weight: bold;\">Aux. Man. Predial <\/td><td style=\"color: #000000; background-color: #FFFFFF;font-weight: bold;\">GARANTIA PRESTA\u00c7\u00c3O DE SERVI\u00c7OS LTDA CNPJ 20.246.451\/0001-10<\/td><td style=\"color: #000000; background-color: #FFFFFF;font-weight: bold;\"><\/td><\/tr><tr><td style=\"color: #000000; background-color: #FFFFFF;font-weight: bold;\">2024<\/td><td style=\"color: #000000; background-color: #FFFFFF;font-weight: bold;\">Fevereiro<\/td><td style=\"color: #000000; background-color: #FFFFFF;font-weight: bold;\">Maria Aldileide da Silva <\/td><td style=\"color: #000000; background-color: #FFFFFF;font-weight: bold;\">Copeira <\/td><td style=\"color: #000000; background-color: #FFFFFF;font-weight: bold;\">GARANTIA PRESTA\u00c7\u00c3O DE SERVI\u00c7OS LTDA CNPJ 20.246.451\/0001-10<\/td><td style=\"color: #000000; background-color: #FFFFFF;font-weight: bold;\"><\/td><\/tr><tr><td style=\"color: #000000; background-color: #FFFFFF;font-weight: bold;\">2024<\/td><td style=\"color: #000000; background-color: #FFFFFF;font-weight: bold;\">Fevereiro<\/td><td style=\"color: #000000; background-color: #FFFFFF;font-weight: bold;\">Leuana Pereira da Silva<\/td><td style=\"color: #000000; background-color: #FFFFFF;font-weight: bold;\">Auxiliar de Servi\u00e7os Gerais <\/td><td style=\"color: #000000; background-color: #FFFFFF;font-weight: bold;\">GENESIS PRESTADORA DE SERVI\u00c7OS LTDA CNPJ 31.549.836\/0001-73<\/td><td style=\"color: #000000; background-color: #FFFFFF;font-weight: bold;\"><\/td><\/tr><tr><td style=\"color: #000000; background-color: #FFFFFF;font-weight: bold;\">2024<\/td><td style=\"color: #000000; background-color: #FFFFFF;font-weight: bold;\">Fevereiro<\/td><td style=\"color: #000000; background-color: #FFFFFF;font-weight: bold;\">Telma Maria da Silva<\/td><td style=\"color: #000000; background-color: #FFFFFF;font-weight: bold;\">Auxiliar de Servi\u00e7os Gerais <\/td><td style=\"color: #000000; background-color: #FFFFFF;font-weight: bold;\">GENESIS PRESTADORA DE SERVI\u00c7OS LTDA CNPJ 31.549.836\/0001-73<\/td><td style=\"color: #000000; background-color: #FFFFFF;font-weight: bold;\"><\/td><\/tr><tr><td style=\"color: #000000; background-color: #FFFFFF;font-weight: bold;\">2024<\/td><td style=\"color: #000000; background-color: #FFFFFF;font-weight: bold;\">Fevereiro<\/td><td style=\"color: #000000; background-color: #FFFFFF;font-weight: bold;\">Renata Fernanda de Souza<\/td><td style=\"color: #000000; background-color: #FFFFFF;font-weight: bold;\">Auxiliar de Servi\u00e7os Gerais <\/td><td style=\"color: #000000; background-color: #FFFFFF;font-weight: bold;\">GENESIS PRESTADORA DE SERVI\u00c7OS LTDA CNPJ 31.549.836\/0001-73<\/td><td style=\"color: #000000; background-color: #FFFFFF;font-weight: bold;\"><\/td><\/tr><tr><td style=\"color: #000000; background-color: #FFFFFF;font-weight: bold;\">2024<\/td><td style=\"color: #000000; background-color: #FFFFFF;font-weight: bold;\">Fevereiro<\/td><td style=\"color: #000000; background-color: #FFFFFF;font-weight: bold;\">Luzinete Margues Davi<\/td><td style=\"color: #000000; background-color: #FFFFFF;font-weight: bold;\">Auxiliar de Servi\u00e7os Gerais <\/td><td style=\"color: #000000; background-color: #FFFFFF;font-weight: bold;\">GENESIS PRESTADORA DE SERVI\u00c7OS LTDA CNPJ 31.549.836\/0001-73<\/td><td style=\"color: #000000; background-color: #FFFFFF;font-weight: bold;\"><\/td><\/tr><tr><td style=\"color: #000000; background-color: #FFFFFF;font-weight: bold;\">2024<\/td><td style=\"color: #000000; background-color: #FFFFFF;font-weight: bold;\">Fevereiro<\/td><td style=\"color: #000000; background-color: #FFFFFF;font-weight: bold;\">Ezequias Guimarar\u00e3es do Carmo<\/td><td style=\"color: #000000; background-color: #FFFFFF;font-weight: bold;\">Auxiliar de Jardinajem<\/td><td style=\"color: #000000; background-color: #FFFFFF;font-weight: bold;\">GENESIS PRESTADORA DE SERVI\u00c7OS LTDA CNPJ 31.549.836\/0001-73<\/td><td style=\"color: #000000; background-color: #FFFFFF;font-weight: bold;\"><\/td><\/tr><tr><td style=\"color: #000000; background-color: #FFFFFF;font-weight: bold;\">2024<\/td><td style=\"color: #000000; background-color: #FFFFFF;font-weight: bold;\">Fevereiro<\/td><td style=\"color: #000000; background-color: #FFFFFF;font-weight: bold;\">Jaire Sobral Mota<\/td><td style=\"color: #000000; background-color: #FFFFFF;font-weight: bold;\">Auxiliar de Jardinajem<\/td><td style=\"color: #000000; background-color: #FFFFFF;font-weight: bold;\">GENESIS PRESTADORA DE SERVI\u00c7OS LTDA CNPJ 31.549.836\/0001-73<\/td><td style=\"color: #000000; background-color: #FFFFFF;font-weight: bold;\"><\/td><\/tr><tr><td style=\"color: #000000; background-color: #FFFFFF;font-weight: bold;\">2024<\/td><td style=\"color: #000000; background-color: #FFFFFF;font-weight: bold;\">Janeiro<\/td><td style=\"color: #000000; background-color: #FFFFFF;font-weight: bold;\">Ezequias Raimundo <\/td><td style=\"color: #000000; background-color: #FFFFFF;font-weight: bold;\">Vigia Noturno <\/td><td style=\"color: #000000; background-color: #FFFFFF;font-weight: bold;\">GARANTIA PRESTA\u00c7\u00c3O DE SERVI\u00c7OS LTDA CNPJ 20.246.451\/0001-10<\/td><td style=\"color: #000000; background-color: #FFFFFF;font-weight: bold;\"><\/td><\/tr><tr><td style=\"color: #000000; background-color: #FFFFFF;font-weight: bold;\">2024<\/td><td style=\"color: #000000; background-color: #FFFFFF;font-weight: bold;\">Janeiro<\/td><td style=\"color: #000000; background-color: #FFFFFF;font-weight: bold;\">Victor Barbosa do Prado <\/td><td style=\"color: #000000; background-color: #FFFFFF;font-weight: bold;\">Vigia Noturno <\/td><td style=\"color: #000000; background-color: #FFFFFF;font-weight: bold;\">GARANTIA PRESTA\u00c7\u00c3O DE SERVI\u00c7OS LTDA CNPJ 20.246.451\/0001-10<\/td><td style=\"color: #000000; background-color: #FFFFFF;font-weight: bold;\"><\/td><\/tr><tr><td style=\"color: #000000; background-color: #FFFFFF;font-weight: bold;\">2024<\/td><td style=\"color: #000000; background-color: #FFFFFF;font-weight: bold;\">Janeiro<\/td><td style=\"color: #000000; background-color: #FFFFFF;font-weight: bold;\">Alessandro Santos <\/td><td style=\"color: #000000; background-color: #FFFFFF;font-weight: bold;\">Vigia Noturno <\/td><td style=\"color: #000000; background-color: #FFFFFF;font-weight: bold;\">GARANTIA PRESTA\u00c7\u00c3O DE SERVI\u00c7OS LTDA CNPJ 20.246.451\/0001-10<\/td><td style=\"color: #000000; background-color: #FFFFFF;font-weight: bold;\"><\/td><\/tr><tr><td style=\"color: #000000; background-color: #FFFFFF;font-weight: bold;\">2024<\/td><td style=\"color: #000000; background-color: #FFFFFF;font-weight: bold;\">Janeiro<\/td><td style=\"color: #000000; background-color: #FFFFFF;font-weight: bold;\">Paulo Henrique Cavalcante <\/td><td style=\"color: #000000; background-color: #FFFFFF;font-weight: bold;\">Vigia Noturno <\/td><td style=\"color: #000000; background-color: #FFFFFF;font-weight: bold;\">GARANTIA PRESTA\u00c7\u00c3O DE SERVI\u00c7OS LTDA CNPJ 20.246.451\/0001-10<\/td><td style=\"color: #000000; background-color: #FFFFFF;font-weight: bold;\"><\/td><\/tr><tr><td style=\"color: #000000; background-color: #FFFFFF;font-weight: bold;\">2024<\/td><td style=\"color: #000000; background-color: #FFFFFF;font-weight: bold;\">Janeiro<\/td><td style=\"color: #000000; background-color: #FFFFFF;font-weight: bold;\">Gabrielle Marques Costa <\/td><td style=\"color: #000000; background-color: #FFFFFF;font-weight: bold;\">Porteiro Diurno <\/td><td style=\"color: #000000; background-color: #FFFFFF;font-weight: bold;\">GARANTIA PRESTA\u00c7\u00c3O DE SERVI\u00c7OS LTDA CNPJ 20.246.451\/0001-10<\/td><td style=\"color: #000000; background-color: #FFFFFF;font-weight: bold;\"><\/td><\/tr><tr><td style=\"color: #000000; background-color: #FFFFFF;font-weight: bold;\">2024<\/td><td style=\"color: #000000; background-color: #FFFFFF;font-weight: bold;\">Janeiro<\/td><td style=\"color: #000000; background-color: #FFFFFF;font-weight: bold;\">Vanderlino da Silva Ramos <\/td><td style=\"color: #000000; background-color: #FFFFFF;font-weight: bold;\">Porteiro Diurno <\/td><td style=\"color: #000000; background-color: #FFFFFF;font-weight: bold;\">GARANTIA PRESTA\u00c7\u00c3O DE SERVI\u00c7OS LTDA CNPJ 20.246.451\/0001-10<\/td><td style=\"color: #000000; background-color: #FFFFFF;font-weight: bold;\"><\/td><\/tr><tr><td style=\"color: #000000; background-color: #FFFFFF;font-weight: bold;\">2024<\/td><td style=\"color: #000000; background-color: #FFFFFF;font-weight: bold;\">Janeiro<\/td><td style=\"color: #000000; background-color: #FFFFFF;font-weight: bold;\">Gislene Mendes do Vale<\/td><td style=\"color: #000000; background-color: #FFFFFF;font-weight: bold;\">Porteiro Diurno <\/td><td style=\"color: #000000; background-color: #FFFFFF;font-weight: bold;\">GARANTIA PRESTA\u00c7\u00c3O DE SERVI\u00c7OS LTDA CNPJ 20.246.451\/0001-10<\/td><td style=\"color: #000000; background-color: #FFFFFF;font-weight: bold;\"><\/td><\/tr><tr><td style=\"color: #000000; background-color: #FFFFFF;font-weight: bold;\">2024<\/td><td style=\"color: #000000; background-color: #FFFFFF;font-weight: bold;\">Janeiro<\/td><td style=\"color: #000000; background-color: #FFFFFF;font-weight: bold;\">Jose Pereira da Silva<\/td><td style=\"color: #000000; background-color: #FFFFFF;font-weight: bold;\">Porteiro Diurno <\/td><td style=\"color: #000000; background-color: #FFFFFF;font-weight: bold;\">GARANTIA PRESTA\u00c7\u00c3O DE SERVI\u00c7OS LTDA CNPJ 20.246.451\/0001-10<\/td><td style=\"color: #000000; background-color: #FFFFFF;font-weight: bold;\"><\/td><\/tr><tr><td style=\"color: #000000; background-color: #FFFFFF;font-weight: bold;\">2024<\/td><td style=\"color: #000000; background-color: #FFFFFF;font-weight: bold;\">Janeiro<\/td><td style=\"color: #000000; background-color: #FFFFFF;font-weight: bold;\">Juscilene Sampaio da Silva <\/td><td style=\"color: #000000; background-color: #FFFFFF;font-weight: bold;\">Recepcionista <\/td><td style=\"color: #000000; background-color: #FFFFFF;font-weight: bold;\">GARANTIA PRESTA\u00c7\u00c3O DE SERVI\u00c7OS LTDA CNPJ 20.246.451\/0001-10<\/td><td style=\"color: #000000; background-color: #FFFFFF;font-weight: bold;\"><\/td><\/tr><tr><td style=\"color: #000000; background-color: #FFFFFF;font-weight: bold;\">2024<\/td><td style=\"color: #000000; background-color: #FFFFFF;font-weight: bold;\">Janeiro<\/td><td style=\"color: #000000; background-color: #FFFFFF;font-weight: bold;\">Rogerio Oliveira Silva <\/td><td style=\"color: #000000; background-color: #FFFFFF;font-weight: bold;\">Aux. Man. Predial <\/td><td style=\"color: #000000; background-color: #FFFFFF;font-weight: bold;\">GARANTIA PRESTA\u00c7\u00c3O DE SERVI\u00c7OS LTDA CNPJ 20.246.451\/0001-10<\/td><td style=\"color: #000000; background-color: #FFFFFF;font-weight: bold;\"><\/td><\/tr><tr><td style=\"color: #000000; background-color: #FFFFFF;font-weight: bold;\">2024<\/td><td style=\"color: #000000; background-color: #FFFFFF;font-weight: bold;\">Janeiro<\/td><td style=\"color: #000000; background-color: #FFFFFF;font-weight: bold;\"> Elaine Nascimento da Silva<\/td><td style=\"color: #000000; background-color: #FFFFFF;font-weight: bold;\">Copeira <\/td><td style=\"color: #000000; background-color: #FFFFFF;font-weight: bold;\">GARANTIA PRESTA\u00c7\u00c3O DE SERVI\u00c7OS LTDA CNPJ 20.246.451\/0001-10<\/td><td style=\"color: #000000; background-color: #FFFFFF;font-weight: bold;\"><\/td><\/tr><tr><td style=\"color: #000000; background-color: #FFFFFF;font-weight: bold;\">2024<\/td><td style=\"color: #000000; background-color: #FFFFFF;font-weight: bold;\">Janeiro<\/td><td style=\"color: #000000; background-color: #FFFFFF;font-weight: bold;\">Leuana Pereira da Silva<\/td><td style=\"color: #000000; background-color: #FFFFFF;font-weight: bold;\">Auxiliar de Servi\u00e7os Gerais <\/td><td style=\"color: #000000; background-color: #FFFFFF;font-weight: bold;\">GENESIS PRESTADORA DE SERVI\u00c7OS LTDA CNPJ 31.549.836\/0001-73<\/td><td style=\"color: #000000; background-color: #FFFFFF;font-weight: bold;\"><\/td><\/tr><tr><td style=\"color: #000000; background-color: #FFFFFF;font-weight: bold;\">2024<\/td><td style=\"color: #000000; background-color: #FFFFFF;font-weight: bold;\">Janeiro<\/td><td style=\"color: #000000; background-color: #FFFFFF;font-weight: bold;\">Telma Maria da Silva<\/td><td style=\"color: #000000; background-color: #FFFFFF;font-weight: bold;\">Auxiliar de Servi\u00e7os Gerais <\/td><td style=\"color: #000000; background-color: #FFFFFF;font-weight: bold;\">GENESIS PRESTADORA DE SERVI\u00c7OS LTDA CNPJ 31.549.836\/0001-73<\/td><td style=\"color: #000000; background-color: #FFFFFF;font-weight: bold;\"><\/td><\/tr><tr><td style=\"color: #000000; background-color: #FFFFFF;font-weight: bold;\">2024<\/td><td style=\"color: #000000; background-color: #FFFFFF;font-weight: bold;\">Janeiro<\/td><td style=\"color: #000000; background-color: #FFFFFF;font-weight: bold;\">Renata Fernanda de Souza<\/td><td style=\"color: #000000; background-color: #FFFFFF;font-weight: bold;\">Auxiliar de Servi\u00e7os Gerais <\/td><td style=\"color: #000000; background-color: #FFFFFF;font-weight: bold;\">GENESIS PRESTADORA DE SERVI\u00c7OS LTDA CNPJ 31.549.836\/0001-73<\/td><td style=\"color: #000000; background-color: #FFFFFF;font-weight: bold;\"><\/td><\/tr><tr><td style=\"color: #000000; background-color: #FFFFFF;font-weight: bold;\">2024<\/td><td style=\"color: #000000; background-color: #FFFFFF;font-weight: bold;\">Janeiro<\/td><td style=\"color: #000000; background-color: #FFFFFF;font-weight: bold;\">Luzinete Margues Davi<\/td><td style=\"color: #000000; background-color: #FFFFFF;font-weight: bold;\">Auxiliar de Servi\u00e7os Gerais <\/td><td style=\"color: #000000; background-color: #FFFFFF;font-weight: bold;\">GENESIS PRESTADORA DE SERVI\u00c7OS LTDA CNPJ 31.549.836\/0001-73<\/td><td style=\"color: #000000; background-color: #FFFFFF;font-weight: bold;\"><\/td><\/tr><tr><td style=\"color: #000000; background-color: #FFFFFF;font-weight: bold;\">2024<\/td><td style=\"color: #000000; background-color: #FFFFFF;font-weight: bold;\">Janeiro<\/td><td style=\"color: #000000; background-color: #FFFFFF;font-weight: bold;\">Ezequias Guimarar\u00e3es do Carmo<\/td><td style=\"color: #000000; background-color: #FFFFFF;font-weight: bold;\">Auxiliar de Jardinajem<\/td><td style=\"color: #000000; background-color: #FFFFFF;font-weight: bold;\">GENESIS PRESTADORA DE SERVI\u00c7OS LTDA CNPJ 31.549.836\/0001-73<\/td><td style=\"color: #000000; background-color: #FFFFFF;font-weight: bold;\"><\/td><\/tr><tr><td style=\"color: #000000; background-color: #FFFFFF;font-weight: bold;\">2024<\/td><td style=\"color: #000000; background-color: #FFFFFF;font-weight: bold;\">Janeiro<\/td><td style=\"color: #000000; background-color: #FFFFFF;font-weight: bold;\">Jaire Sobral Mota<\/td><td style=\"color: #000000; background-color: #FFFFFF;font-weight: bold;\">Auxiliar de Jardinajem<\/td><td style=\"color: #000000; background-color: #FFFFFF;font-weight: bold;\">GENESIS PRESTADORA DE SERVI\u00c7OS LTDA CNPJ 31.549.836\/0001-73<\/td><td style=\"color: #000000; background-color: #FFFFFF;font-weight: bold;\"><\/td><\/tr><tr><td style=\"color: #000000; background-color: #FFFFFF;font-weight: bold;\">2023<\/td><td style=\"color: #000000; background-color: #FFFFFF;font-weight: bold;\">Dezembro<\/td><td style=\"color: #000000; background-color: #FFFFFF;font-weight: bold;\">Gerv\u00e1sio da Costa Marques Filho<\/td><td style=\"color: #000000; background-color: #FFFFFF;font-weight: bold;\">Vigia Noturno <\/td><td style=\"color: #000000; background-color: #FFFFFF;font-weight: bold;\">GARANTIA PRESTA\u00c7\u00c3O DE SERVI\u00c7OS LTDA CNPJ 20.246.451\/0001-10<\/td><td style=\"color: #000000; background-color: #FFFFFF;font-weight: bold;\"><\/td><\/tr><tr><td style=\"color: #000000; background-color: #FFFFFF;font-weight: bold;\">2023<\/td><td style=\"color: #000000; background-color: #FFFFFF;font-weight: bold;\">Dezembro<\/td><td style=\"color: #000000; background-color: #FFFFFF;font-weight: bold;\"> Ezequias Raiumundo<\/td><td style=\"color: #000000; background-color: #FFFFFF;font-weight: bold;\">Vigia Noturno <\/td><td style=\"color: #000000; background-color: #FFFFFF;font-weight: bold;\">GARANTIA PRESTA\u00c7\u00c3O DE SERVI\u00c7OS LTDA CNPJ 20.246.451\/0001-10<\/td><td style=\"color: #000000; background-color: #FFFFFF;font-weight: bold;\"><\/td><\/tr><tr><td style=\"color: #000000; background-color: #FFFFFF;font-weight: bold;\">2023<\/td><td style=\"color: #000000; background-color: #FFFFFF;font-weight: bold;\">Dezembro<\/td><td style=\"color: #000000; background-color: #FFFFFF;font-weight: bold;\">Victor Barbosa do Prado<\/td><td style=\"color: #000000; background-color: #FFFFFF;font-weight: bold;\">Vigia Noturno <\/td><td style=\"color: #000000; background-color: #FFFFFF;font-weight: bold;\">GARANTIA PRESTA\u00c7\u00c3O DE SERVI\u00c7OS LTDA CNPJ 20.246.451\/0001-10<\/td><td style=\"color: #000000; background-color: #FFFFFF;font-weight: bold;\"><\/td><\/tr><tr><td style=\"color: #000000; background-color: #FFFFFF;font-weight: bold;\">2023<\/td><td style=\"color: #000000; background-color: #FFFFFF;font-weight: bold;\">Dezembro<\/td><td style=\"color: #000000; background-color: #FFFFFF;font-weight: bold;\">Agnus Souza Duarte <\/td><td style=\"color: #000000; background-color: #FFFFFF;font-weight: bold;\">Vigia Noturno <\/td><td style=\"color: #000000; background-color: #FFFFFF;font-weight: bold;\">GARANTIA PRESTA\u00c7\u00c3O DE SERVI\u00c7OS LTDA CNPJ 20.246.451\/0001-10<\/td><td style=\"color: #000000; background-color: #FFFFFF;font-weight: bold;\"><\/td><\/tr><tr><td style=\"color: #000000; background-color: #FFFFFF;font-weight: bold;\">2023<\/td><td style=\"color: #000000; background-color: #FFFFFF;font-weight: bold;\">Dezembro<\/td><td style=\"color: #000000; background-color: #FFFFFF;font-weight: bold;\">Paulo Henrique Cavalcante <\/td><td style=\"color: #000000; background-color: #FFFFFF;font-weight: bold;\">Vigia Noturno <\/td><td style=\"color: #000000; background-color: #FFFFFF;font-weight: bold;\">GARANTIA PRESTA\u00c7\u00c3O DE SERVI\u00c7OS LTDA CNPJ 20.246.451\/0001-10<\/td><td style=\"color: #000000; background-color: #FFFFFF;font-weight: bold;\"><\/td><\/tr><tr><td style=\"color: #000000; background-color: #FFFFFF;font-weight: bold;\">2023<\/td><td style=\"color: #000000; background-color: #FFFFFF;font-weight: bold;\">Dezembro<\/td><td style=\"color: #000000; background-color: #FFFFFF;font-weight: bold;\">Gabrielle Marques Costa <\/td><td style=\"color: #000000; background-color: #FFFFFF;font-weight: bold;\">Porteiro Diurno <\/td><td style=\"color: #000000; background-color: #FFFFFF;font-weight: bold;\">GARANTIA PRESTA\u00c7\u00c3O DE SERVI\u00c7OS LTDA CNPJ 20.246.451\/0001-10<\/td><td style=\"color: #000000; background-color: #FFFFFF;font-weight: bold;\"><\/td><\/tr><tr><td style=\"color: #000000; background-color: #FFFFFF;font-weight: bold;\">2023<\/td><td style=\"color: #000000; background-color: #FFFFFF;font-weight: bold;\">Dezembro<\/td><td style=\"color: #000000; background-color: #FFFFFF;font-weight: bold;\">Vanderlino da Silva Ramos <\/td><td style=\"color: #000000; background-color: #FFFFFF;font-weight: bold;\">Porteiro Diurno <\/td><td style=\"color: #000000; background-color: #FFFFFF;font-weight: bold;\">GARANTIA PRESTA\u00c7\u00c3O DE SERVI\u00c7OS LTDA CNPJ 20.246.451\/0001-10<\/td><td style=\"color: #000000; background-color: #FFFFFF;font-weight: bold;\"><\/td><\/tr><tr><td style=\"color: #000000; background-color: #FFFFFF;font-weight: bold;\">2023<\/td><td style=\"color: #000000; background-color: #FFFFFF;font-weight: bold;\">Dezembro<\/td><td style=\"color: #000000; background-color: #FFFFFF;font-weight: bold;\">Gislene Mendes do Vale <\/td><td style=\"color: #000000; background-color: #FFFFFF;font-weight: bold;\">Porteiro Diurno <\/td><td style=\"color: #000000; background-color: #FFFFFF;font-weight: bold;\">GARANTIA PRESTA\u00c7\u00c3O DE SERVI\u00c7OS LTDA CNPJ 20.246.451\/0001-10<\/td><td style=\"color: #000000; background-color: #FFFFFF;font-weight: bold;\"><\/td><\/tr><tr><td style=\"color: #000000; background-color: #FFFFFF;font-weight: bold;\">2023<\/td><td style=\"color: #000000; background-color: #FFFFFF;font-weight: bold;\">Dezembro<\/td><td style=\"color: #000000; background-color: #FFFFFF;font-weight: bold;\">Jose Pereira da Silva <\/td><td style=\"color: #000000; background-color: #FFFFFF;font-weight: bold;\">Porteiro Diurno <\/td><td style=\"color: #000000; background-color: #FFFFFF;font-weight: bold;\">GARANTIA PRESTA\u00c7\u00c3O DE SERVI\u00c7OS LTDA CNPJ 20.246.451\/0001-10<\/td><td style=\"color: #000000; background-color: #FFFFFF;font-weight: bold;\"><\/td><\/tr><tr><td style=\"color: #000000; background-color: #FFFFFF;font-weight: bold;\">2023<\/td><td style=\"color: #000000; background-color: #FFFFFF;font-weight: bold;\">Dezembro<\/td><td style=\"color: #000000; background-color: #FFFFFF;font-weight: bold;\"> Rosana Rodrigues Ferreira <\/td><td style=\"color: #000000; background-color: #FFFFFF;font-weight: bold;\">Recepcionista <\/td><td style=\"color: #000000; background-color: #FFFFFF;font-weight: bold;\">GARANTIA PRESTA\u00c7\u00c3O DE SERVI\u00c7OS LTDA CNPJ 20.246.451\/0001-10<\/td><td style=\"color: #000000; background-color: #FFFFFF;font-weight: bold;\"><\/td><\/tr><tr><td style=\"color: #000000; background-color: #FFFFFF;font-weight: bold;\">2023<\/td><td style=\"color: #000000; background-color: #FFFFFF;font-weight: bold;\">Dezembro<\/td><td style=\"color: #000000; background-color: #FFFFFF;font-weight: bold;\">Juscilene Sampaio da Silva<\/td><td style=\"color: #000000; background-color: #FFFFFF;font-weight: bold;\">Recepcionista <\/td><td style=\"color: #000000; background-color: #FFFFFF;font-weight: bold;\">GARANTIA PRESTA\u00c7\u00c3O DE SERVI\u00c7OS LTDA CNPJ 20.246.451\/0001-10<\/td><td style=\"color: #000000; background-color: #FFFFFF;font-weight: bold;\"><\/td><\/tr><tr><td style=\"color: #000000; background-color: #FFFFFF;font-weight: bold;\">2023<\/td><td style=\"color: #000000; background-color: #FFFFFF;font-weight: bold;\">Dezembro<\/td><td style=\"color: #000000; background-color: #FFFFFF;font-weight: bold;\">Rogerio Oliveira Silva <\/td><td style=\"color: #000000; background-color: #FFFFFF;font-weight: bold;\">Aux. Man. Predial <\/td><td style=\"color: #000000; background-color: #FFFFFF;font-weight: bold;\">GARANTIA PRESTA\u00c7\u00c3O DE SERVI\u00c7OS LTDA CNPJ 20.246.451\/0001-10<\/td><td style=\"color: #000000; background-color: #FFFFFF;font-weight: bold;\"><\/td><\/tr><tr><td style=\"color: #000000; background-color: #FFFFFF;font-weight: bold;\">2023<\/td><td style=\"color: #000000; background-color: #FFFFFF;font-weight: bold;\">Dezembro<\/td><td style=\"color: #000000; background-color: #FFFFFF;font-weight: bold;\">Maria Aldileide da Silva <\/td><td style=\"color: #000000; background-color: #FFFFFF;font-weight: bold;\">Copeira <\/td><td style=\"color: #000000; background-color: #FFFFFF;font-weight: bold;\">GARANTIA PRESTA\u00c7\u00c3O DE SERVI\u00c7OS LTDA CNPJ 20.246.451\/0001-10<\/td><td style=\"color: #000000; background-color: #FFFFFF;font-weight: bold;\"><\/td><\/tr><tr><td style=\"color: #000000; background-color: #FFFFFF;font-weight: bold;\">2023<\/td><td style=\"color: #000000; background-color: #FFFFFF;font-weight: bold;\">Dezembro<\/td><td style=\"color: #000000; background-color: #FFFFFF;font-weight: bold;\">Leuana Pereira da Silva<\/td><td style=\"color: #000000; background-color: #FFFFFF;font-weight: bold;\">Auxiliar de Servi\u00e7os Gerais <\/td><td style=\"color: #000000; background-color: #FFFFFF;font-weight: bold;\">GENESIS PRESTADORA DE SERVI\u00c7OS LTDA CNPJ 31.549.836\/0001-73<\/td><td style=\"color: #000000; background-color: #FFFFFF;font-weight: bold;\"><\/td><\/tr><tr><td style=\"color: #000000; background-color: #FFFFFF;font-weight: bold;\">2023<\/td><td style=\"color: #000000; background-color: #FFFFFF;font-weight: bold;\">Dezembro<\/td><td style=\"color: #000000; background-color: #FFFFFF;font-weight: bold;\">Telma Maria da Silva<\/td><td style=\"color: #000000; background-color: #FFFFFF;font-weight: bold;\">Auxiliar de Servi\u00e7os Gerais <\/td><td style=\"color: #000000; background-color: #FFFFFF;font-weight: bold;\">GENESIS PRESTADORA DE SERVI\u00c7OS LTDA CNPJ 31.549.836\/0001-73<\/td><td style=\"color: #000000; background-color: #FFFFFF;font-weight: bold;\"><\/td><\/tr><tr><td style=\"color: #000000; background-color: #FFFFFF;font-weight: bold;\">2023<\/td><td style=\"color: #000000; background-color: #FFFFFF;font-weight: bold;\">Dezembro<\/td><td style=\"color: #000000; background-color: #FFFFFF;font-weight: bold;\">Renata Fernanda de Souza<\/td><td style=\"color: #000000; background-color: #FFFFFF;font-weight: bold;\">Auxiliar de Servi\u00e7os Gerais <\/td><td style=\"color: #000000; background-color: #FFFFFF;font-weight: bold;\">GENESIS PRESTADORA DE SERVI\u00c7OS LTDA CNPJ 31.549.836\/0001-73<\/td><td style=\"color: #000000; background-color: #FFFFFF;font-weight: bold;\"><\/td><\/tr><tr><td style=\"color: #000000; background-color: #FFFFFF;font-weight: bold;\">2023<\/td><td style=\"color: #000000; background-color: #FFFFFF;font-weight: bold;\">Dezembro<\/td><td style=\"color: #000000; background-color: #FFFFFF;font-weight: bold;\">Luzinete Margues Davi<\/td><td style=\"color: #000000; background-color: #FFFFFF;font-weight: bold;\">Auxiliar de Servi\u00e7os Gerais <\/td><td style=\"color: #000000; background-color: #FFFFFF;font-weight: bold;\">GENESIS PRESTADORA DE SERVI\u00c7OS LTDA CNPJ 31.549.836\/0001-73<\/td><td style=\"color: #000000; background-color: #FFFFFF;font-weight: bold;\"><\/td><\/tr><tr><td style=\"color: #000000; background-color: #FFFFFF;font-weight: bold;\">2023<\/td><td style=\"color: #000000; background-color: #FFFFFF;font-weight: bold;\">Dezembro<\/td><td style=\"color: #000000; background-color: #FFFFFF;font-weight: bold;\">Ezequias Guimarar\u00e3es do Carmo<\/td><td style=\"color: #000000; background-color: #FFFFFF;font-weight: bold;\">Auxiliar de Jardinajem<\/td><td style=\"color: #000000; background-color: #FFFFFF;font-weight: bold;\">GENESIS PRESTADORA DE SERVI\u00c7OS LTDA CNPJ 31.549.836\/0001-73<\/td><td style=\"color: #000000; background-color: #FFFFFF;font-weight: bold;\"><\/td><\/tr><tr><td style=\"color: #000000; background-color: #FFFFFF;font-weight: bold;\">2023<\/td><td style=\"color: #000000; background-color: #FFFFFF;font-weight: bold;\">Dezembro<\/td><td style=\"color: #000000; background-color: #FFFFFF;font-weight: bold;\">Jaire Sobral Mota<\/td><td style=\"color: #000000; background-color: #FFFFFF;font-weight: bold;\">Auxiliar de Jardinajem<\/td><td style=\"color: #000000; background-color: #FFFFFF;font-weight: bold;\">GENESIS PRESTADORA DE SERVI\u00c7OS LTDA CNPJ 31.549.836\/0001-73<\/td><td style=\"color: #000000; background-color: #FFFFFF;font-weight: bold;\"><\/td><\/tr><tr><td style=\"color: #000000; background-color: #FFFFFF;font-weight: bold;\">2023<\/td><td style=\"color: #000000; background-color: #FFFFFF;font-weight: bold;\">Novembro<\/td><td style=\"color: #000000; background-color: #FFFFFF;font-weight: bold;\">Gerv\u00e1sio da Costa Marques Filho <\/td><td style=\"color: #000000; background-color: #FFFFFF;font-weight: bold;\">Vigia Noturno <\/td><td style=\"color: #000000; background-color: #FFFFFF;font-weight: bold;\">GARANTIA PRESTA\u00c7\u00c3O DE SERVI\u00c7OS LTDA CNPJ 20.246.451\/0001-10<\/td><td style=\"color: #000000; background-color: #FFFFFF;font-weight: bold;\"><\/td><\/tr><tr><td style=\"color: #000000; background-color: #FFFFFF;font-weight: bold;\">2023<\/td><td style=\"color: #000000; background-color: #FFFFFF;font-weight: bold;\">Novembro<\/td><td style=\"color: #000000; background-color: #FFFFFF;font-weight: bold;\">Victor Barbosa do Prado <\/td><td style=\"color: #000000; background-color: #FFFFFF;font-weight: bold;\">Vigia Noturno <\/td><td style=\"color: #000000; background-color: #FFFFFF;font-weight: bold;\">GARANTIA PRESTA\u00c7\u00c3O DE SERVI\u00c7OS LTDA CNPJ 20.246.451\/0001-10<\/td><td style=\"color: #000000; background-color: #FFFFFF;font-weight: bold;\"><\/td><\/tr><tr><td style=\"color: #000000; background-color: #FFFFFF;font-weight: bold;\">2023<\/td><td style=\"color: #000000; background-color: #FFFFFF;font-weight: bold;\">Novembro<\/td><td style=\"color: #000000; background-color: #FFFFFF;font-weight: bold;\">Agnus Souza Duarte <\/td><td style=\"color: #000000; background-color: #FFFFFF;font-weight: bold;\">Vigia Noturno <\/td><td style=\"color: #000000; background-color: #FFFFFF;font-weight: bold;\">GARANTIA PRESTA\u00c7\u00c3O DE SERVI\u00c7OS LTDA CNPJ 20.246.451\/0001-10<\/td><td style=\"color: #000000; background-color: #FFFFFF;font-weight: bold;\"><\/td><\/tr><tr><td style=\"color: #000000; background-color: #FFFFFF;font-weight: bold;\">2023<\/td><td style=\"color: #000000; background-color: #FFFFFF;font-weight: bold;\">Novembro<\/td><td style=\"color: #000000; background-color: #FFFFFF;font-weight: bold;\">Paulo Henrique Cavalcante <\/td><td style=\"color: #000000; background-color: #FFFFFF;font-weight: bold;\">Vigia Noturno <\/td><td style=\"color: #000000; background-color: #FFFFFF;font-weight: bold;\">GARANTIA PRESTA\u00c7\u00c3O DE SERVI\u00c7OS LTDA CNPJ 20.246.451\/0001-10<\/td><td style=\"color: #000000; background-color: #FFFFFF;font-weight: bold;\"><\/td><\/tr><tr><td style=\"color: #000000; background-color: #FFFFFF;font-weight: bold;\">2023<\/td><td style=\"color: #000000; background-color: #FFFFFF;font-weight: bold;\">Novembro<\/td><td style=\"color: #000000; background-color: #FFFFFF;font-weight: bold;\">Gissele Oliveira da Silva<\/td><td style=\"color: #000000; background-color: #FFFFFF;font-weight: bold;\">Porteiro Diurno <\/td><td style=\"color: #000000; background-color: #FFFFFF;font-weight: bold;\">GARANTIA PRESTA\u00c7\u00c3O DE SERVI\u00c7OS LTDA CNPJ 20.246.451\/0001-10<\/td><td style=\"color: #000000; background-color: #FFFFFF;font-weight: bold;\"><\/td><\/tr><tr><td style=\"color: #000000; background-color: #FFFFFF;font-weight: bold;\">2023<\/td><td style=\"color: #000000; background-color: #FFFFFF;font-weight: bold;\">Novembro<\/td><td style=\"color: #000000; background-color: #FFFFFF;font-weight: bold;\">Vanderlino da Silva Ramos <\/td><td style=\"color: #000000; background-color: #FFFFFF;font-weight: bold;\">Porteiro Diurno <\/td><td style=\"color: #000000; background-color: #FFFFFF;font-weight: bold;\">GARANTIA PRESTA\u00c7\u00c3O DE SERVI\u00c7OS LTDA CNPJ 20.246.451\/0001-10<\/td><td style=\"color: #000000; background-color: #FFFFFF;font-weight: bold;\"><\/td><\/tr><tr><td style=\"color: #000000; background-color: #FFFFFF;font-weight: bold;\">2023<\/td><td style=\"color: #000000; background-color: #FFFFFF;font-weight: bold;\">Novembro<\/td><td style=\"color: #000000; background-color: #FFFFFF;font-weight: bold;\">Gislene Mendes do Vale <\/td><td style=\"color: #000000; background-color: #FFFFFF;font-weight: bold;\">Porteiro Diurno <\/td><td style=\"color: #000000; background-color: #FFFFFF;font-weight: bold;\">GARANTIA PRESTA\u00c7\u00c3O DE SERVI\u00c7OS LTDA CNPJ 20.246.451\/0001-10<\/td><td style=\"color: #000000; background-color: #FFFFFF;font-weight: bold;\"><\/td><\/tr><tr><td style=\"color: #000000; background-color: #FFFFFF;font-weight: bold;\">2023<\/td><td style=\"color: #000000; background-color: #FFFFFF;font-weight: bold;\">Novembro<\/td><td style=\"color: #000000; background-color: #FFFFFF;font-weight: bold;\">Jose Pereira da Silva <\/td><td style=\"color: #000000; background-color: #FFFFFF;font-weight: bold;\">Porteiro Diurno <\/td><td style=\"color: #000000; background-color: #FFFFFF;font-weight: bold;\">GARANTIA PRESTA\u00c7\u00c3O DE SERVI\u00c7OS LTDA CNPJ 20.246.451\/0001-10<\/td><td style=\"color: #000000; background-color: #FFFFFF;font-weight: bold;\"><\/td><\/tr><tr><td style=\"color: #000000; background-color: #FFFFFF;font-weight: bold;\">2023<\/td><td style=\"color: #000000; background-color: #FFFFFF;font-weight: bold;\">Novembro<\/td><td style=\"color: #000000; background-color: #FFFFFF;font-weight: bold;\">Juscilene Sampaio da Silva <\/td><td style=\"color: #000000; background-color: #FFFFFF;font-weight: bold;\">Recepcionista <\/td><td style=\"color: #000000; background-color: #FFFFFF;font-weight: bold;\">GARANTIA PRESTA\u00c7\u00c3O DE SERVI\u00c7OS LTDA CNPJ 20.246.451\/0001-10<\/td><td style=\"color: #000000; background-color: #FFFFFF;font-weight: bold;\"><\/td><\/tr><tr><td style=\"color: #000000; background-color: #FFFFFF;font-weight: bold;\">2023<\/td><td style=\"color: #000000; background-color: #FFFFFF;font-weight: bold;\">Novembro<\/td><td style=\"color: #000000; background-color: #FFFFFF;font-weight: bold;\">Rogerio Oliveira Silva <\/td><td style=\"color: #000000; background-color: #FFFFFF;font-weight: bold;\">Aux. Man. Predial <\/td><td style=\"color: #000000; background-color: #FFFFFF;font-weight: bold;\">GARANTIA PRESTA\u00c7\u00c3O DE SERVI\u00c7OS LTDA CNPJ 20.246.451\/0001-10<\/td><td style=\"color: #000000; background-color: #FFFFFF;font-weight: bold;\"><\/td><\/tr><tr><td style=\"color: #000000; background-color: #FFFFFF;font-weight: bold;\">2023<\/td><td style=\"color: #000000; background-color: #FFFFFF;font-weight: bold;\">Novembro<\/td><td style=\"color: #000000; background-color: #FFFFFF;font-weight: bold;\">Rufino Rocha Coelho<\/td><td style=\"color: #000000; background-color: #FFFFFF;font-weight: bold;\">Aux. Man. Predial <\/td><td style=\"color: #000000; background-color: #FFFFFF;font-weight: bold;\">GARANTIA PRESTA\u00c7\u00c3O DE SERVI\u00c7OS LTDA CNPJ 20.246.451\/0001-10<\/td><td style=\"color: #000000; background-color: #FFFFFF;font-weight: bold;\"><\/td><\/tr><tr><td style=\"color: #000000; background-color: #FFFFFF;font-weight: bold;\">2023<\/td><td style=\"color: #000000; background-color: #FFFFFF;font-weight: bold;\">Novembro<\/td><td style=\"color: #000000; background-color: #FFFFFF;font-weight: bold;\">Maria Aldileide da Silva <\/td><td style=\"color: #000000; background-color: #FFFFFF;font-weight: bold;\">Copeira <\/td><td style=\"color: #000000; background-color: #FFFFFF;font-weight: bold;\">GARANTIA PRESTA\u00c7\u00c3O DE SERVI\u00c7OS LTDA CNPJ 20.246.451\/0001-10<\/td><td style=\"color: #000000; background-color: #FFFFFF;font-weight: bold;\"><\/td><\/tr><tr><td style=\"color: #000000; background-color: #FFFFFF;font-weight: bold;\">2023<\/td><td style=\"color: #000000; background-color: #FFFFFF;font-weight: bold;\">Novembro<\/td><td style=\"color: #000000; background-color: #FFFFFF;font-weight: bold;\">Leuana Pereira da Silva<\/td><td style=\"color: #000000; background-color: #FFFFFF;font-weight: bold;\">Auxiliar de Servi\u00e7os Gerais <\/td><td style=\"color: #000000; background-color: #FFFFFF;font-weight: bold;\">GENESIS PRESTADORA DE SERVI\u00c7OS LTDA CNPJ 31.549.836\/0001-73<\/td><td style=\"color: #000000; background-color: #FFFFFF;font-weight: bold;\"><\/td><\/tr><tr><td style=\"color: #000000; background-color: #FFFFFF;font-weight: bold;\">2023<\/td><td style=\"color: #000000; background-color: #FFFFFF;font-weight: bold;\">Novembro<\/td><td style=\"color: #000000; background-color: #FFFFFF;font-weight: bold;\">Telma Maria da Silva<\/td><td style=\"color: #000000; background-color: #FFFFFF;font-weight: bold;\">Auxiliar de Servi\u00e7os Gerais <\/td><td style=\"color: #000000; background-color: #FFFFFF;font-weight: bold;\">GENESIS PRESTADORA DE SERVI\u00c7OS LTDA CNPJ 31.549.836\/0001-73<\/td><td style=\"color: #000000; background-color: #FFFFFF;font-weight: bold;\"><\/td><\/tr><tr><td style=\"color: #000000; background-color: #FFFFFF;font-weight: bold;\">2023<\/td><td style=\"color: #000000; background-color: #FFFFFF;font-weight: bold;\">Novembro<\/td><td style=\"color: #000000; background-color: #FFFFFF;font-weight: bold;\">Renata Fernanda de Souza<\/td><td style=\"color: #000000; background-color: #FFFFFF;font-weight: bold;\">Auxiliar de Servi\u00e7os Gerais <\/td><td style=\"color: #000000; background-color: #FFFFFF;font-weight: bold;\">GENESIS PRESTADORA DE SERVI\u00c7OS LTDA CNPJ 31.549.836\/0001-73<\/td><td style=\"color: #000000; background-color: #FFFFFF;font-weight: bold;\"><\/td><\/tr><tr><td style=\"color: #000000; background-color: #FFFFFF;font-weight: bold;\">2023<\/td><td style=\"color: #000000; background-color: #FFFFFF;font-weight: bold;\">Novembro<\/td><td style=\"color: #000000; background-color: #FFFFFF;font-weight: bold;\">Luzinete Margues Davi<\/td><td style=\"color: #000000; background-color: #FFFFFF;font-weight: bold;\">Auxiliar de Servi\u00e7os Gerais <\/td><td style=\"color: #000000; background-color: #FFFFFF;font-weight: bold;\">GENESIS PRESTADORA DE SERVI\u00c7OS LTDA CNPJ 31.549.836\/0001-73<\/td><td style=\"color: #000000; background-color: #FFFFFF;font-weight: bold;\"><\/td><\/tr><tr><td style=\"color: #000000; background-color: #FFFFFF;font-weight: bold;\">2023<\/td><td style=\"color: #000000; background-color: #FFFFFF;font-weight: bold;\">Novembro<\/td><td style=\"color: #000000; background-color: #FFFFFF;font-weight: bold;\">Ezequias Guimarar\u00e3es do Carmo<\/td><td style=\"color: #000000; background-color: #FFFFFF;font-weight: bold;\">Auxiliar de Jardinajem<\/td><td style=\"color: #000000; background-color: #FFFFFF;font-weight: bold;\">GENESIS PRESTADORA DE SERVI\u00c7OS LTDA CNPJ 31.549.836\/0001-73<\/td><td style=\"color: #000000; background-color: #FFFFFF;font-weight: bold;\"><\/td><\/tr><tr><td style=\"color: #000000; background-color: #FFFFFF;font-weight: bold;\">2023<\/td><td style=\"color: #000000; background-color: #FFFFFF;font-weight: bold;\">Novembro<\/td><td style=\"color: #000000; background-color: #FFFFFF;font-weight: bold;\">Fernando da Cunha Tolentino<\/td><td style=\"color: #000000; background-color: #FFFFFF;font-weight: bold;\">Auxiliar de Jardinajem<\/td><td style=\"color: #000000; background-color: #FFFFFF;font-weight: bold;\">GENESIS PRESTADORA DE SERVI\u00c7OS LTDA CNPJ 31.549.836\/0001-73<\/td><td style=\"color: #000000; background-color: #FFFFFF;font-weight: bold;\"><\/td><\/tr><tr><td style=\"color: #000000; background-color: #FFFFFF;font-weight: bold;\">2023<\/td><td style=\"color: #000000; background-color: #FFFFFF;font-weight: bold;\">Outubro<\/td><td style=\"color: #000000; background-color: #FFFFFF;font-weight: bold;\">Gerv\u00e1sio da Costa Marques Filho <\/td><td style=\"color: #000000; background-color: #FFFFFF;font-weight: bold;\">Vigia Noturno <\/td><td style=\"color: #000000; background-color: #FFFFFF;font-weight: bold;\">GARANTIA PRESTA\u00c7\u00c3O DE SERVI\u00c7OS LTDA CNPJ 20.246.451\/0001-10<\/td><td style=\"color: #000000; background-color: #FFFFFF;font-weight: bold;\"><\/td><\/tr><tr><td style=\"color: #000000; background-color: #FFFFFF;font-weight: bold;\">2023<\/td><td style=\"color: #000000; background-color: #FFFFFF;font-weight: bold;\">Outubro<\/td><td style=\"color: #000000; background-color: #FFFFFF;font-weight: bold;\">Victor Barbosa do Prado <\/td><td style=\"color: #000000; background-color: #FFFFFF;font-weight: bold;\">Vigia Noturno <\/td><td style=\"color: #000000; background-color: #FFFFFF;font-weight: bold;\">GARANTIA PRESTA\u00c7\u00c3O DE SERVI\u00c7OS LTDA CNPJ 20.246.451\/0001-10<\/td><td style=\"color: #000000; background-color: #FFFFFF;font-weight: bold;\"><\/td><\/tr><tr><td style=\"color: #000000; background-color: #FFFFFF;font-weight: bold;\">2023<\/td><td style=\"color: #000000; background-color: #FFFFFF;font-weight: bold;\">Outubro<\/td><td style=\"color: #000000; background-color: #FFFFFF;font-weight: bold;\">Agnus Souza Duarte <\/td><td style=\"color: #000000; background-color: #FFFFFF;font-weight: bold;\">Vigia Noturno <\/td><td style=\"color: #000000; background-color: #FFFFFF;font-weight: bold;\">GARANTIA PRESTA\u00c7\u00c3O DE SERVI\u00c7OS LTDA CNPJ 20.246.451\/0001-10<\/td><td style=\"color: #000000; background-color: #FFFFFF;font-weight: bold;\"><\/td><\/tr><tr><td style=\"color: #000000; background-color: #FFFFFF;font-weight: bold;\">2023<\/td><td style=\"color: #000000; background-color: #FFFFFF;font-weight: bold;\">Outubro<\/td><td style=\"color: #000000; background-color: #FFFFFF;font-weight: bold;\">Paulo Henrique Cavalcante <\/td><td style=\"color: #000000; background-color: #FFFFFF;font-weight: bold;\">Vigia Noturno <\/td><td style=\"color: #000000; background-color: #FFFFFF;font-weight: bold;\">GARANTIA PRESTA\u00c7\u00c3O DE SERVI\u00c7OS LTDA CNPJ 20.246.451\/0001-10<\/td><td style=\"color: #000000; background-color: #FFFFFF;font-weight: bold;\"><\/td><\/tr><tr><td style=\"color: #000000; background-color: #FFFFFF;font-weight: bold;\">2023<\/td><td style=\"color: #000000; background-color: #FFFFFF;font-weight: bold;\">Outubro<\/td><td style=\"color: #000000; background-color: #FFFFFF;font-weight: bold;\">\/ Marina Elena Ferreira Lima<\/td><td style=\"color: #000000; background-color: #FFFFFF;font-weight: bold;\">Porteiro Diurno <\/td><td style=\"color: #000000; background-color: #FFFFFF;font-weight: bold;\">GARANTIA PRESTA\u00c7\u00c3O DE SERVI\u00c7OS LTDA CNPJ 20.246.451\/0001-10<\/td><td style=\"color: #000000; background-color: #FFFFFF;font-weight: bold;\"><\/td><\/tr><tr><td style=\"color: #000000; background-color: #FFFFFF;font-weight: bold;\">2023<\/td><td style=\"color: #000000; background-color: #FFFFFF;font-weight: bold;\">Outubro<\/td><td style=\"color: #000000; background-color: #FFFFFF;font-weight: bold;\">Giselle Oliveira da Silva<\/td><td style=\"color: #000000; background-color: #FFFFFF;font-weight: bold;\">Porteiro Diurno <\/td><td style=\"color: #000000; background-color: #FFFFFF;font-weight: bold;\">GARANTIA PRESTA\u00c7\u00c3O DE SERVI\u00c7OS LTDA CNPJ 20.246.451\/0001-10<\/td><td style=\"color: #000000; background-color: #FFFFFF;font-weight: bold;\"><\/td><\/tr><tr><td style=\"color: #000000; background-color: #FFFFFF;font-weight: bold;\">2023<\/td><td style=\"color: #000000; background-color: #FFFFFF;font-weight: bold;\">Outubro<\/td><td style=\"color: #000000; background-color: #FFFFFF;font-weight: bold;\">Vanderlino da Silva Ramos <\/td><td style=\"color: #000000; background-color: #FFFFFF;font-weight: bold;\">Porteiro Diurno <\/td><td style=\"color: #000000; background-color: #FFFFFF;font-weight: bold;\">GARANTIA PRESTA\u00c7\u00c3O DE SERVI\u00c7OS LTDA CNPJ 20.246.451\/0001-10<\/td><td style=\"color: #000000; background-color: #FFFFFF;font-weight: bold;\"><\/td><\/tr><tr><td style=\"color: #000000; background-color: #FFFFFF;font-weight: bold;\">2023<\/td><td style=\"color: #000000; background-color: #FFFFFF;font-weight: bold;\">Outubro<\/td><td style=\"color: #000000; background-color: #FFFFFF;font-weight: bold;\">Gislene Mendes do Vale<\/td><td style=\"color: #000000; background-color: #FFFFFF;font-weight: bold;\">Porteiro Diurno <\/td><td style=\"color: #000000; background-color: #FFFFFF;font-weight: bold;\">GARANTIA PRESTA\u00c7\u00c3O DE SERVI\u00c7OS LTDA CNPJ 20.246.451\/0001-10<\/td><td style=\"color: #000000; background-color: #FFFFFF;font-weight: bold;\"><\/td><\/tr><tr><td style=\"color: #000000; background-color: #FFFFFF;font-weight: bold;\">2023<\/td><td style=\"color: #000000; background-color: #FFFFFF;font-weight: bold;\">Outubro<\/td><td style=\"color: #000000; background-color: #FFFFFF;font-weight: bold;\">Jose Pereira da Silva <\/td><td style=\"color: #000000; background-color: #FFFFFF;font-weight: bold;\">Porteiro Diurno <\/td><td style=\"color: #000000; background-color: #FFFFFF;font-weight: bold;\">GARANTIA PRESTA\u00c7\u00c3O DE SERVI\u00c7OS LTDA CNPJ 20.246.451\/0001-10<\/td><td style=\"color: #000000; background-color: #FFFFFF;font-weight: bold;\"><\/td><\/tr><tr><td style=\"color: #000000; background-color: #FFFFFF;font-weight: bold;\">2023<\/td><td style=\"color: #000000; background-color: #FFFFFF;font-weight: bold;\">Outubro<\/td><td style=\"color: #000000; background-color: #FFFFFF;font-weight: bold;\">Juscilene Sampaio da Silva <\/td><td style=\"color: #000000; background-color: #FFFFFF;font-weight: bold;\">Recepcionista <\/td><td style=\"color: #000000; background-color: #FFFFFF;font-weight: bold;\">GARANTIA PRESTA\u00c7\u00c3O DE SERVI\u00c7OS LTDA CNPJ 20.246.451\/0001-10<\/td><td style=\"color: #000000; background-color: #FFFFFF;font-weight: bold;\"><\/td><\/tr><tr><td style=\"color: #000000; background-color: #FFFFFF;font-weight: bold;\">2023<\/td><td style=\"color: #000000; background-color: #FFFFFF;font-weight: bold;\">Outubro<\/td><td style=\"color: #000000; background-color: #FFFFFF;font-weight: bold;\">Rogerio Oliveira Silva <\/td><td style=\"color: #000000; background-color: #FFFFFF;font-weight: bold;\">Aux. Man. Predial <\/td><td style=\"color: #000000; background-color: #FFFFFF;font-weight: bold;\">GARANTIA PRESTA\u00c7\u00c3O DE SERVI\u00c7OS LTDA CNPJ 20.246.451\/0001-10<\/td><td style=\"color: #000000; background-color: #FFFFFF;font-weight: bold;\"><\/td><\/tr><tr><td style=\"color: #000000; background-color: #FFFFFF;font-weight: bold;\">2023<\/td><td style=\"color: #000000; background-color: #FFFFFF;font-weight: bold;\">Outubro<\/td><td style=\"color: #000000; background-color: #FFFFFF;font-weight: bold;\">Maria Aldileide da Silva <\/td><td style=\"color: #000000; background-color: #FFFFFF;font-weight: bold;\">Copeira <\/td><td style=\"color: #000000; background-color: #FFFFFF;font-weight: bold;\">GARANTIA PRESTA\u00c7\u00c3O DE SERVI\u00c7OS LTDA CNPJ 20.246.451\/0001-10<\/td><td style=\"color: #000000; background-color: #FFFFFF;font-weight: bold;\"><\/td><\/tr><tr><td style=\"color: #000000; background-color: #FFFFFF;font-weight: bold;\">2023<\/td><td style=\"color: #000000; background-color: #FFFFFF;font-weight: bold;\">Outubro<\/td><td style=\"color: #000000; background-color: #FFFFFF;font-weight: bold;\">Leuana Pereira da Silva<\/td><td style=\"color: #000000; background-color: #FFFFFF;font-weight: bold;\">Auxiliar de Servi\u00e7os Gerais <\/td><td style=\"color: #000000; background-color: #FFFFFF;font-weight: bold;\">GENESIS PRESTADORA DE SERVI\u00c7OS LTDA CNPJ 31.549.836\/0001-73<\/td><td style=\"color: #000000; background-color: #FFFFFF;font-weight: bold;\"><\/td><\/tr><tr><td style=\"color: #000000; background-color: #FFFFFF;font-weight: bold;\">2023<\/td><td style=\"color: #000000; background-color: #FFFFFF;font-weight: bold;\">Outubro<\/td><td style=\"color: #000000; background-color: #FFFFFF;font-weight: bold;\">Telma Maria da Silva<\/td><td style=\"color: #000000; background-color: #FFFFFF;font-weight: bold;\">Auxiliar de Servi\u00e7os Gerais <\/td><td style=\"color: #000000; background-color: #FFFFFF;font-weight: bold;\">GENESIS PRESTADORA DE SERVI\u00c7OS LTDA CNPJ 31.549.836\/0001-73<\/td><td style=\"color: #000000; background-color: #FFFFFF;font-weight: bold;\"><\/td><\/tr><tr><td style=\"color: #000000; background-color: #FFFFFF;font-weight: bold;\">2023<\/td><td style=\"color: #000000; background-color: #FFFFFF;font-weight: bold;\">Outubro<\/td><td style=\"color: #000000; background-color: #FFFFFF;font-weight: bold;\">Renata Fernanda de Souza<\/td><td style=\"color: #000000; background-color: #FFFFFF;font-weight: bold;\">Auxiliar de Servi\u00e7os Gerais <\/td><td style=\"color: #000000; background-color: #FFFFFF;font-weight: bold;\">GENESIS PRESTADORA DE SERVI\u00c7OS LTDA CNPJ 31.549.836\/0001-73<\/td><td style=\"color: #000000; background-color: #FFFFFF;font-weight: bold;\"><\/td><\/tr><tr><td style=\"color: #000000; background-color: #FFFFFF;font-weight: bold;\">2023<\/td><td style=\"color: #000000; background-color: #FFFFFF;font-weight: bold;\">Outubro<\/td><td style=\"color: #000000; background-color: #FFFFFF;font-weight: bold;\">Luzinete Margues Davi<\/td><td style=\"color: #000000; background-color: #FFFFFF;font-weight: bold;\">Auxiliar de Servi\u00e7os Gerais <\/td><td style=\"color: #000000; background-color: #FFFFFF;font-weight: bold;\">GENESIS PRESTADORA DE SERVI\u00c7OS LTDA CNPJ 31.549.836\/0001-73<\/td><td style=\"color: #000000; background-color: #FFFFFF;font-weight: bold;\"><\/td><\/tr><tr><td style=\"color: #000000; background-color: #FFFFFF;font-weight: bold;\">2023<\/td><td style=\"color: #000000; background-color: #FFFFFF;font-weight: bold;\">Outubro<\/td><td style=\"color: #000000; background-color: #FFFFFF;font-weight: bold;\">Ezequias Guimarar\u00e3es do Carmo<\/td><td style=\"color: #000000; background-color: #FFFFFF;font-weight: bold;\">Auxiliar de Jardinajem<\/td><td style=\"color: #000000; background-color: #FFFFFF;font-weight: bold;\">GENESIS PRESTADORA DE SERVI\u00c7OS LTDA CNPJ 31.549.836\/0001-73<\/td><td style=\"color: #000000; background-color: #FFFFFF;font-weight: bold;\"><\/td><\/tr><tr><td style=\"color: #000000; background-color: #FFFFFF;font-weight: bold;\">2023<\/td><td style=\"color: #000000; background-color: #FFFFFF;font-weight: bold;\">Outubro<\/td><td style=\"color: #000000; background-color: #FFFFFF;font-weight: bold;\">Fernando da Cunha Tolentino<\/td><td style=\"color: #000000; background-color: #FFFFFF;font-weight: bold;\">Auxiliar de Jardinajem<\/td><td style=\"color: #000000; background-color: #FFFFFF;font-weight: bold;\">GENESIS PRESTADORA DE SERVI\u00c7OS LTDA CNPJ 31.549.836\/0001-73<\/td><td style=\"color: #000000; background-color: #FFFFFF;font-weight: bold;\"><\/td><\/tr><tr><td style=\"color: #000000; background-color: #FFFFFF;font-weight: bold;\">2023<\/td><td style=\"color: #000000; background-color: #FFFFFF;font-weight: bold;\">Setembro <\/td><td style=\"color: #000000; background-color: #FFFFFF;font-weight: bold;\">Gerv\u00e1sio da Costa Marques Filho <\/td><td style=\"color: #000000; background-color: #FFFFFF;font-weight: bold;\">Vigia Noturno <\/td><td style=\"color: #000000; background-color: #FFFFFF;font-weight: bold;\">GARANTIA PRESTA\u00c7\u00c3O DE SERVI\u00c7OS LTDA CNPJ 20.246.451\/0001-10<\/td><td style=\"color: #000000; background-color: #FFFFFF;font-weight: bold;\"><\/td><\/tr><tr><td style=\"color: #000000; background-color: #FFFFFF;font-weight: bold;\">2023<\/td><td style=\"color: #000000; background-color: #FFFFFF;font-weight: bold;\">Setembro <\/td><td style=\"color: #000000; background-color: #FFFFFF;font-weight: bold;\">Victor Barbosa do Prado<\/td><td style=\"color: #000000; background-color: #FFFFFF;font-weight: bold;\">Vigia Noturno <\/td><td style=\"color: #000000; background-color: #FFFFFF;font-weight: bold;\">GARANTIA PRESTA\u00c7\u00c3O DE SERVI\u00c7OS LTDA CNPJ 20.246.451\/0001-10<\/td><td style=\"color: #000000; background-color: #FFFFFF;font-weight: bold;\"><\/td><\/tr><tr><td style=\"color: #000000; background-color: #FFFFFF;font-weight: bold;\">2023<\/td><td style=\"color: #000000; background-color: #FFFFFF;font-weight: bold;\">Setembro <\/td><td style=\"color: #000000; background-color: #FFFFFF;font-weight: bold;\">Agnus Souza Duarte <\/td><td style=\"color: #000000; background-color: #FFFFFF;font-weight: bold;\">Vigia Noturno <\/td><td style=\"color: #000000; background-color: #FFFFFF;font-weight: bold;\">GARANTIA PRESTA\u00c7\u00c3O DE SERVI\u00c7OS LTDA CNPJ 20.246.451\/0001-10<\/td><td style=\"color: #000000; background-color: #FFFFFF;font-weight: bold;\"><\/td><\/tr><tr><td style=\"color: #000000; background-color: #FFFFFF;font-weight: bold;\">2023<\/td><td style=\"color: #000000; background-color: #FFFFFF;font-weight: bold;\">Setembro <\/td><td style=\"color: #000000; background-color: #FFFFFF;font-weight: bold;\">Paulo Henrique Cavalcante <\/td><td style=\"color: #000000; background-color: #FFFFFF;font-weight: bold;\">Vigia Noturno <\/td><td style=\"color: #000000; background-color: #FFFFFF;font-weight: bold;\">GARANTIA PRESTA\u00c7\u00c3O DE SERVI\u00c7OS LTDA CNPJ 20.246.451\/0001-10<\/td><td style=\"color: #000000; background-color: #FFFFFF;font-weight: bold;\"><\/td><\/tr><tr><td style=\"color: #000000; background-color: #FFFFFF;font-weight: bold;\">2023<\/td><td style=\"color: #000000; background-color: #FFFFFF;font-weight: bold;\">Setembro <\/td><td style=\"color: #000000; background-color: #FFFFFF;font-weight: bold;\">Gissele Oliveira da Silva <\/td><td style=\"color: #000000; background-color: #FFFFFF;font-weight: bold;\">Porteiro Diurno <\/td><td style=\"color: #000000; background-color: #FFFFFF;font-weight: bold;\">GARANTIA PRESTA\u00c7\u00c3O DE SERVI\u00c7OS LTDA CNPJ 20.246.451\/0001-10<\/td><td style=\"color: #000000; background-color: #FFFFFF;font-weight: bold;\"><\/td><\/tr><tr><td style=\"color: #000000; background-color: #FFFFFF;font-weight: bold;\">2023<\/td><td style=\"color: #000000; background-color: #FFFFFF;font-weight: bold;\">Setembro <\/td><td style=\"color: #000000; background-color: #FFFFFF;font-weight: bold;\">Vanderlino da Silva Ramos <\/td><td style=\"color: #000000; background-color: #FFFFFF;font-weight: bold;\">Porteiro Diurno <\/td><td style=\"color: #000000; background-color: #FFFFFF;font-weight: bold;\">GARANTIA PRESTA\u00c7\u00c3O DE SERVI\u00c7OS LTDA CNPJ 20.246.451\/0001-10<\/td><td style=\"color: #000000; background-color: #FFFFFF;font-weight: bold;\"><\/td><\/tr><tr><td style=\"color: #000000; background-color: #FFFFFF;font-weight: bold;\">2023<\/td><td style=\"color: #000000; background-color: #FFFFFF;font-weight: bold;\">Setembro <\/td><td style=\"color: #000000; background-color: #FFFFFF;font-weight: bold;\">Gislene Mendes do Vale <\/td><td style=\"color: #000000; background-color: #FFFFFF;font-weight: bold;\">Porteiro Diurno <\/td><td style=\"color: #000000; background-color: #FFFFFF;font-weight: bold;\">GARANTIA PRESTA\u00c7\u00c3O DE SERVI\u00c7OS LTDA CNPJ 20.246.451\/0001-10<\/td><td style=\"color: #000000; background-color: #FFFFFF;font-weight: bold;\"><\/td><\/tr><tr><td style=\"color: #000000; background-color: #FFFFFF;font-weight: bold;\">2023<\/td><td style=\"color: #000000; background-color: #FFFFFF;font-weight: bold;\">Setembro <\/td><td style=\"color: #000000; background-color: #FFFFFF;font-weight: bold;\">Jose Pereira da Silva <\/td><td style=\"color: #000000; background-color: #FFFFFF;font-weight: bold;\">Porteiro Diurno <\/td><td style=\"color: #000000; background-color: #FFFFFF;font-weight: bold;\">GARANTIA PRESTA\u00c7\u00c3O DE SERVI\u00c7OS LTDA CNPJ 20.246.451\/0001-10<\/td><td style=\"color: #000000; background-color: #FFFFFF;font-weight: bold;\"><\/td><\/tr><tr><td style=\"color: #000000; background-color: #FFFFFF;font-weight: bold;\">2023<\/td><td style=\"color: #000000; background-color: #FFFFFF;font-weight: bold;\">Setembro <\/td><td style=\"color: #000000; background-color: #FFFFFF;font-weight: bold;\">Juscilene Sampaio da Silva <\/td><td style=\"color: #000000; background-color: #FFFFFF;font-weight: bold;\">Recepcionista <\/td><td style=\"color: #000000; background-color: #FFFFFF;font-weight: bold;\">GARANTIA PRESTA\u00c7\u00c3O DE SERVI\u00c7OS LTDA CNPJ 20.246.451\/0001-10<\/td><td style=\"color: #000000; background-color: #FFFFFF;font-weight: bold;\"><\/td><\/tr><tr><td style=\"color: #000000; background-color: #FFFFFF;font-weight: bold;\">2023<\/td><td style=\"color: #000000; background-color: #FFFFFF;font-weight: bold;\">Setembro <\/td><td style=\"color: #000000; background-color: #FFFFFF;font-weight: bold;\">Rogerio Oliveira Silva <\/td><td style=\"color: #000000; background-color: #FFFFFF;font-weight: bold;\">Aux. Man. Predial <\/td><td style=\"color: #000000; background-color: #FFFFFF;font-weight: bold;\">GARANTIA PRESTA\u00c7\u00c3O DE SERVI\u00c7OS LTDA CNPJ 20.246.451\/0001-10<\/td><td style=\"color: #000000; background-color: #FFFFFF;font-weight: bold;\"><\/td><\/tr><tr><td style=\"color: #000000; background-color: #FFFFFF;font-weight: bold;\">2023<\/td><td style=\"color: #000000; background-color: #FFFFFF;font-weight: bold;\">Setembro <\/td><td style=\"color: #000000; background-color: #FFFFFF;font-weight: bold;\">Maria Aldileide da Silva <\/td><td style=\"color: #000000; background-color: #FFFFFF;font-weight: bold;\">Copeira <\/td><td style=\"color: #000000; background-color: #FFFFFF;font-weight: bold;\">GARANTIA PRESTA\u00c7\u00c3O DE SERVI\u00c7OS LTDA CNPJ 20.246.451\/0001-10<\/td><td style=\"color: #000000; background-color: #FFFFFF;font-weight: bold;\"><\/td><\/tr><tr><td style=\"color: #000000; background-color: #FFFFFF;font-weight: bold;\">2023<\/td><td style=\"color: #000000; background-color: #FFFFFF;font-weight: bold;\">Setembro <\/td><td style=\"color: #000000; background-color: #FFFFFF;font-weight: bold;\"> Ezequias <\/td><td style=\"color: #000000; background-color: #FFFFFF;font-weight: bold;\">Vigia Noturno <\/td><td style=\"color: #000000; background-color: #FFFFFF;font-weight: bold;\">GARANTIA PRESTA\u00c7\u00c3O DE SERVI\u00c7OS LTDA CNPJ 20.246.451\/0001-10<\/td><td style=\"color: #000000; background-color: #FFFFFF;font-weight: bold;\"><\/td><\/tr><tr><td style=\"color: #000000; background-color: #FFFFFF;font-weight: bold;\">2023<\/td><td style=\"color: #000000; background-color: #FFFFFF;font-weight: bold;\">Setembro <\/td><td style=\"color: #000000; background-color: #FFFFFF;font-weight: bold;\">Leuana Pereira da Silva<\/td><td style=\"color: #000000; background-color: #FFFFFF;font-weight: bold;\">Auxiliar de Servi\u00e7os Gerais <\/td><td style=\"color: #000000; background-color: #FFFFFF;font-weight: bold;\">GENESIS PRESTADORA DE SERVI\u00c7OS LTDA CNPJ 31.549.836\/0001-73<\/td><td style=\"color: #000000; background-color: #FFFFFF;font-weight: bold;\"><\/td><\/tr><tr><td style=\"color: #000000; background-color: #FFFFFF;font-weight: bold;\">2023<\/td><td style=\"color: #000000; background-color: #FFFFFF;font-weight: bold;\">Setembro <\/td><td style=\"color: #000000; background-color: #FFFFFF;font-weight: bold;\">Telma Maria da Silva<\/td><td style=\"color: #000000; background-color: #FFFFFF;font-weight: bold;\">Auxiliar de Servi\u00e7os Gerais <\/td><td style=\"color: #000000; background-color: #FFFFFF;font-weight: bold;\">GENESIS PRESTADORA DE SERVI\u00c7OS LTDA CNPJ 31.549.836\/0001-73<\/td><td style=\"color: #000000; background-color: #FFFFFF;font-weight: bold;\"><\/td><\/tr><tr><td style=\"color: #000000; background-color: #FFFFFF;font-weight: bold;\">2023<\/td><td style=\"color: #000000; background-color: #FFFFFF;font-weight: bold;\">Setembro <\/td><td style=\"color: #000000; background-color: #FFFFFF;font-weight: bold;\">Renata Fernanda de Souza<\/td><td style=\"color: #000000; background-color: #FFFFFF;font-weight: bold;\">Auxiliar de Servi\u00e7os Gerais <\/td><td style=\"color: #000000; background-color: #FFFFFF;font-weight: bold;\">GENESIS PRESTADORA DE SERVI\u00c7OS LTDA CNPJ 31.549.836\/0001-73<\/td><td style=\"color: #000000; background-color: #FFFFFF;font-weight: bold;\"><\/td><\/tr><tr><td style=\"color: #000000; background-color: #FFFFFF;font-weight: bold;\">2023<\/td><td style=\"color: #000000; background-color: #FFFFFF;font-weight: bold;\">Setembro <\/td><td style=\"color: #000000; background-color: #FFFFFF;font-weight: bold;\">Luzinete Margues Davi<\/td><td style=\"color: #000000; background-color: #FFFFFF;font-weight: bold;\">Auxiliar de Servi\u00e7os Gerais <\/td><td style=\"color: #000000; background-color: #FFFFFF;font-weight: bold;\">GENESIS PRESTADORA DE SERVI\u00c7OS LTDA CNPJ 31.549.836\/0001-73<\/td><td style=\"color: #000000; background-color: #FFFFFF;font-weight: bold;\"><\/td><\/tr><tr><td style=\"color: #000000; background-color: #FFFFFF;font-weight: bold;\">2023<\/td><td style=\"color: #000000; background-color: #FFFFFF;font-weight: bold;\">Setembro <\/td><td style=\"color: #000000; background-color: #FFFFFF;font-weight: bold;\">Ezequias Guimarar\u00e3es do Carmo<\/td><td style=\"color: #000000; background-color: #FFFFFF;font-weight: bold;\">Auxiliar de Jardinajem<\/td><td style=\"color: #000000; background-color: #FFFFFF;font-weight: bold;\">GENESIS PRESTADORA DE SERVI\u00c7OS LTDA CNPJ 31.549.836\/0001-73<\/td><td style=\"color: #000000; background-color: #FFFFFF;font-weight: bold;\"><\/td><\/tr><tr><td style=\"color: #000000; background-color: #FFFFFF;font-weight: bold;\">2023<\/td><td style=\"color: #000000; background-color: #FFFFFF;font-weight: bold;\">Setembro <\/td><td style=\"color: #000000; background-color: #FFFFFF;font-weight: bold;\">Fernando da Cunha Tolentino<\/td><td style=\"color: #000000; background-color: #FFFFFF;font-weight: bold;\">Auxiliar de Jardinajem<\/td><td style=\"color: #000000; background-color: #FFFFFF;font-weight: bold;\">GENESIS PRESTADORA DE SERVI\u00c7OS LTDA CNPJ 31.549.836\/0001-73<\/td><td style=\"color: #000000; background-color: #FFFFFF;font-weight: bold;\"><\/td><\/tr><tr><td style=\"color: #000000; background-color: #FFFFFF;font-weight: bold;\">2023<\/td><td style=\"color: #000000; background-color: #FFFFFF;font-weight: bold;\">Agosto <\/td><td style=\"color: #000000; background-color: #FFFFFF;font-weight: bold;\">Raiclan Lima Feitosa <\/td><td style=\"color: #000000; background-color: #FFFFFF;font-weight: bold;\">Vigia Noturno <\/td><td style=\"color: #000000; background-color: #FFFFFF;font-weight: bold;\">GARANTIA PRESTA\u00c7\u00c3O DE SERVI\u00c7OS LTDA CNPJ 20.246.451\/0001-10<\/td><td style=\"color: #000000; background-color: #FFFFFF;font-weight: bold;\"><\/td><\/tr><tr><td style=\"color: #000000; background-color: #FFFFFF;font-weight: bold;\">2023<\/td><td style=\"color: #000000; background-color: #FFFFFF;font-weight: bold;\">Agosto <\/td><td style=\"color: #000000; background-color: #FFFFFF;font-weight: bold;\">Victor Barbosa do Prado <\/td><td style=\"color: #000000; background-color: #FFFFFF;font-weight: bold;\">Vigia Noturno <\/td><td style=\"color: #000000; background-color: #FFFFFF;font-weight: bold;\">GARANTIA PRESTA\u00c7\u00c3O DE SERVI\u00c7OS LTDA CNPJ 20.246.451\/0001-10<\/td><td style=\"color: #000000; background-color: #FFFFFF;font-weight: bold;\"><\/td><\/tr><tr><td style=\"color: #000000; background-color: #FFFFFF;font-weight: bold;\">2023<\/td><td style=\"color: #000000; background-color: #FFFFFF;font-weight: bold;\">Agosto <\/td><td style=\"color: #000000; background-color: #FFFFFF;font-weight: bold;\">Agnus Souza Duarte <\/td><td style=\"color: #000000; background-color: #FFFFFF;font-weight: bold;\">Vigia Noturno <\/td><td style=\"color: #000000; background-color: #FFFFFF;font-weight: bold;\">GARANTIA PRESTA\u00c7\u00c3O DE SERVI\u00c7OS LTDA CNPJ 20.246.451\/0001-10<\/td><td style=\"color: #000000; background-color: #FFFFFF;font-weight: bold;\"><\/td><\/tr><tr><td style=\"color: #000000; background-color: #FFFFFF;font-weight: bold;\">2023<\/td><td style=\"color: #000000; background-color: #FFFFFF;font-weight: bold;\">Agosto <\/td><td style=\"color: #000000; background-color: #FFFFFF;font-weight: bold;\">Paulo Henrique Cavalcante <\/td><td style=\"color: #000000; background-color: #FFFFFF;font-weight: bold;\">Vigia Noturno <\/td><td style=\"color: #000000; background-color: #FFFFFF;font-weight: bold;\">GARANTIA PRESTA\u00c7\u00c3O DE SERVI\u00c7OS LTDA CNPJ 20.246.451\/0001-10<\/td><td style=\"color: #000000; background-color: #FFFFFF;font-weight: bold;\"><\/td><\/tr><tr><td style=\"color: #000000; background-color: #FFFFFF;font-weight: bold;\">2023<\/td><td style=\"color: #000000; background-color: #FFFFFF;font-weight: bold;\">Agosto <\/td><td style=\"color: #000000; background-color: #FFFFFF;font-weight: bold;\">Giselle Oliveira da Silva<\/td><td style=\"color: #000000; background-color: #FFFFFF;font-weight: bold;\">Porteiro Diurno <\/td><td style=\"color: #000000; background-color: #FFFFFF;font-weight: bold;\">GARANTIA PRESTA\u00c7\u00c3O DE SERVI\u00c7OS LTDA CNPJ 20.246.451\/0001-10<\/td><td style=\"color: #000000; background-color: #FFFFFF;font-weight: bold;\"><\/td><\/tr><tr><td style=\"color: #000000; background-color: #FFFFFF;font-weight: bold;\">2023<\/td><td style=\"color: #000000; background-color: #FFFFFF;font-weight: bold;\">Agosto <\/td><td style=\"color: #000000; background-color: #FFFFFF;font-weight: bold;\">Vanderlino da Silva Ramos <\/td><td style=\"color: #000000; background-color: #FFFFFF;font-weight: bold;\">Porteiro Diurno <\/td><td style=\"color: #000000; background-color: #FFFFFF;font-weight: bold;\">GARANTIA PRESTA\u00c7\u00c3O DE SERVI\u00c7OS LTDA CNPJ 20.246.451\/0001-10<\/td><td style=\"color: #000000; background-color: #FFFFFF;font-weight: bold;\"><\/td><\/tr><tr><td style=\"color: #000000; background-color: #FFFFFF;font-weight: bold;\">2023<\/td><td style=\"color: #000000; background-color: #FFFFFF;font-weight: bold;\">Agosto <\/td><td style=\"color: #000000; background-color: #FFFFFF;font-weight: bold;\">Gislene Mendes do Vale <\/td><td style=\"color: #000000; background-color: #FFFFFF;font-weight: bold;\">Porteiro Diurno <\/td><td style=\"color: #000000; background-color: #FFFFFF;font-weight: bold;\">GARANTIA PRESTA\u00c7\u00c3O DE SERVI\u00c7OS LTDA CNPJ 20.246.451\/0001-10<\/td><td style=\"color: #000000; background-color: #FFFFFF;font-weight: bold;\"><\/td><\/tr><tr><td style=\"color: #000000; background-color: #FFFFFF;font-weight: bold;\">2023<\/td><td style=\"color: #000000; background-color: #FFFFFF;font-weight: bold;\">Agosto <\/td><td style=\"color: #000000; background-color: #FFFFFF;font-weight: bold;\">Jose Pereira da Silva <\/td><td style=\"color: #000000; background-color: #FFFFFF;font-weight: bold;\">Porteiro Diurno <\/td><td style=\"color: #000000; background-color: #FFFFFF;font-weight: bold;\">GARANTIA PRESTA\u00c7\u00c3O DE SERVI\u00c7OS LTDA CNPJ 20.246.451\/0001-10<\/td><td style=\"color: #000000; background-color: #FFFFFF;font-weight: bold;\"><\/td><\/tr><tr><td style=\"color: #000000; background-color: #FFFFFF;font-weight: bold;\">2023<\/td><td style=\"color: #000000; background-color: #FFFFFF;font-weight: bold;\">Agosto <\/td><td style=\"color: #000000; background-color: #FFFFFF;font-weight: bold;\">Juscilene Sampaio da Silva <\/td><td style=\"color: #000000; background-color: #FFFFFF;font-weight: bold;\">Recepcionista <\/td><td style=\"color: #000000; background-color: #FFFFFF;font-weight: bold;\">GARANTIA PRESTA\u00c7\u00c3O DE SERVI\u00c7OS LTDA CNPJ 20.246.451\/0001-10<\/td><td style=\"color: #000000; background-color: #FFFFFF;font-weight: bold;\"><\/td><\/tr><tr><td style=\"color: #000000; background-color: #FFFFFF;font-weight: bold;\">2023<\/td><td style=\"color: #000000; background-color: #FFFFFF;font-weight: bold;\">Agosto <\/td><td style=\"color: #000000; background-color: #FFFFFF;font-weight: bold;\">Rogerio Oliveira Silva <\/td><td style=\"color: #000000; background-color: #FFFFFF;font-weight: bold;\">Aux. Man. Predial <\/td><td style=\"color: #000000; background-color: #FFFFFF;font-weight: bold;\">GARANTIA PRESTA\u00c7\u00c3O DE SERVI\u00c7OS LTDA CNPJ 20.246.451\/0001-10<\/td><td style=\"color: #000000; background-color: #FFFFFF;font-weight: bold;\"><\/td><\/tr><tr><td style=\"color: #000000; background-color: #FFFFFF;font-weight: bold;\">2023<\/td><td style=\"color: #000000; background-color: #FFFFFF;font-weight: bold;\">Agosto <\/td><td style=\"color: #000000; background-color: #FFFFFF;font-weight: bold;\">Maria Aldileide da Silva <\/td><td style=\"color: #000000; background-color: #FFFFFF;font-weight: bold;\">Copeira <\/td><td style=\"color: #000000; background-color: #FFFFFF;font-weight: bold;\">GARANTIA PRESTA\u00c7\u00c3O DE SERVI\u00c7OS LTDA CNPJ 20.246.451\/0001-10<\/td><td style=\"color: #000000; background-color: #FFFFFF;font-weight: bold;\"><\/td><\/tr><tr><td style=\"color: #000000; background-color: #FFFFFF;font-weight: bold;\">2023<\/td><td style=\"color: #000000; background-color: #FFFFFF;font-weight: bold;\">Agosto <\/td><td style=\"color: #000000; background-color: #FFFFFF;font-weight: bold;\">Elon Pereira <\/td><td style=\"color: #000000; background-color: #FFFFFF;font-weight: bold;\">Porteiro Diurno <\/td><td style=\"color: #000000; background-color: #FFFFFF;font-weight: bold;\">GARANTIA PRESTA\u00c7\u00c3O DE SERVI\u00c7OS LTDA CNPJ 20.246.451\/0001-10<\/td><td style=\"color: #000000; background-color: #FFFFFF;font-weight: bold;\"><\/td><\/tr><tr><td style=\"color: #000000; background-color: #FFFFFF;font-weight: bold;\">2023<\/td><td style=\"color: #000000; background-color: #FFFFFF;font-weight: bold;\">Agosto <\/td><td style=\"color: #000000; background-color: #FFFFFF;font-weight: bold;\">Leuana Pereira da Silva<\/td><td style=\"color: #000000; background-color: #FFFFFF;font-weight: bold;\">Auxiliar de Servi\u00e7os Gerais <\/td><td style=\"color: #000000; background-color: #FFFFFF;font-weight: bold;\">GENESIS PRESTADORA DE SERVI\u00c7OS LTDA CNPJ 31.549.836\/0001-73<\/td><td style=\"color: #000000; background-color: #FFFFFF;font-weight: bold;\"><\/td><\/tr><tr><td style=\"color: #000000; background-color: #FFFFFF;font-weight: bold;\">2023<\/td><td style=\"color: #000000; background-color: #FFFFFF;font-weight: bold;\">Agosto <\/td><td style=\"color: #000000; background-color: #FFFFFF;font-weight: bold;\">Telma Maria da Silva<\/td><td style=\"color: #000000; background-color: #FFFFFF;font-weight: bold;\">Auxiliar de Servi\u00e7os Gerais <\/td><td style=\"color: #000000; background-color: #FFFFFF;font-weight: bold;\">GENESIS PRESTADORA DE SERVI\u00c7OS LTDA CNPJ 31.549.836\/0001-73<\/td><td style=\"color: #000000; background-color: #FFFFFF;font-weight: bold;\"><\/td><\/tr><tr><td style=\"color: #000000; background-color: #FFFFFF;font-weight: bold;\">2023<\/td><td style=\"color: #000000; background-color: #FFFFFF;font-weight: bold;\">Agosto <\/td><td style=\"color: #000000; background-color: #FFFFFF;font-weight: bold;\">Renata Fernanda de Souza<\/td><td style=\"color: #000000; background-color: #FFFFFF;font-weight: bold;\">Auxiliar de Servi\u00e7os Gerais <\/td><td style=\"color: #000000; background-color: #FFFFFF;font-weight: bold;\">GENESIS PRESTADORA DE SERVI\u00c7OS LTDA CNPJ 31.549.836\/0001-73<\/td><td style=\"color: #000000; background-color: #FFFFFF;font-weight: bold;\"><\/td><\/tr><tr><td style=\"color: #000000; background-color: #FFFFFF;font-weight: bold;\">2023<\/td><td style=\"color: #000000; background-color: #FFFFFF;font-weight: bold;\">Agosto <\/td><td style=\"color: #000000; background-color: #FFFFFF;font-weight: bold;\">Luzinete Margues Davi<\/td><td style=\"color: #000000; background-color: #FFFFFF;font-weight: bold;\">Auxiliar de Servi\u00e7os Gerais <\/td><td style=\"color: #000000; background-color: #FFFFFF;font-weight: bold;\">GENESIS PRESTADORA DE SERVI\u00c7OS LTDA CNPJ 31.549.836\/0001-73<\/td><td style=\"color: #000000; background-color: #FFFFFF;font-weight: bold;\"><\/td><\/tr><tr><td style=\"color: #000000; background-color: #FFFFFF;font-weight: bold;\">2023<\/td><td style=\"color: #000000; background-color: #FFFFFF;font-weight: bold;\">Agosto <\/td><td style=\"color: #000000; background-color: #FFFFFF;font-weight: bold;\">Ezequias Guimarar\u00e3es do Carmo<\/td><td style=\"color: #000000; background-color: #FFFFFF;font-weight: bold;\">Auxiliar de Jardinajem<\/td><td style=\"color: #000000; background-color: #FFFFFF;font-weight: bold;\">GENESIS PRESTADORA DE SERVI\u00c7OS LTDA CNPJ 31.549.836\/0001-73<\/td><td style=\"color: #000000; background-color: #FFFFFF;font-weight: bold;\"><\/td><\/tr><tr><td style=\"color: #000000; background-color: #FFFFFF;font-weight: bold;\">2023<\/td><td style=\"color: #000000; background-color: #FFFFFF;font-weight: bold;\">Agosto <\/td><td style=\"color: #000000; background-color: #FFFFFF;font-weight: bold;\">Fernando da Cunha Tolentino<\/td><td style=\"color: #000000; background-color: #FFFFFF;font-weight: bold;\">Auxiliar de Jardinajem<\/td><td style=\"color: #000000; background-color: #FFFFFF;font-weight: bold;\">GENESIS PRESTADORA DE SERVI\u00c7OS LTDA CNPJ 31.549.836\/0001-73<\/td><td style=\"color: #000000; background-color: #FFFFFF;font-weight: bold;\"><\/td><\/tr><tr><td style=\"color: #000000; background-color: #FFFFFF;font-weight: bold;\">2023<\/td><td style=\"color: #000000; background-color: #FFFFFF;font-weight: bold;\">Julho<\/td><td style=\"color: #000000; background-color: #FFFFFF;font-weight: bold;\">Leuana Pereira da Silva<\/td><td style=\"color: #000000; background-color: #FFFFFF;font-weight: bold;\">Auxiliar de Servi\u00e7os Gerais <\/td><td style=\"color: #000000; background-color: #FFFFFF;font-weight: bold;\">GENESIS PRESTADORA DE SERVI\u00c7OS LTDA CNPJ 31.549.836\/0001-73<\/td><td style=\"color: #000000; background-color: #FFFFFF;font-weight: bold;\"><\/td><\/tr><tr><td style=\"color: #000000; background-color: #FFFFFF;font-weight: bold;\">2023<\/td><td style=\"color: #000000; background-color: #FFFFFF;font-weight: bold;\">Julho<\/td><td style=\"color: #000000; background-color: #FFFFFF;font-weight: bold;\">Telma Maria da Silva<\/td><td style=\"color: #000000; background-color: #FFFFFF;font-weight: bold;\">Auxiliar de Servi\u00e7os Gerais <\/td><td style=\"color: #000000; background-color: #FFFFFF;font-weight: bold;\">GENESIS PRESTADORA DE SERVI\u00c7OS LTDA CNPJ 31.549.836\/0001-73<\/td><td style=\"color: #000000; background-color: #FFFFFF;font-weight: bold;\"><\/td><\/tr><tr><td style=\"color: #000000; background-color: #FFFFFF;font-weight: bold;\">2023<\/td><td style=\"color: #000000; background-color: #FFFFFF;font-weight: bold;\">Julho<\/td><td style=\"color: #000000; background-color: #FFFFFF;font-weight: bold;\">Renata Fernanda de Souza<\/td><td style=\"color: #000000; background-color: #FFFFFF;font-weight: bold;\">Auxiliar de Servi\u00e7os Gerais <\/td><td style=\"color: #000000; background-color: #FFFFFF;font-weight: bold;\">GENESIS PRESTADORA DE SERVI\u00c7OS LTDA CNPJ 31.549.836\/0001-73<\/td><td style=\"color: #000000; background-color: #FFFFFF;font-weight: bold;\"><\/td><\/tr><tr><td style=\"color: #000000; background-color: #FFFFFF;font-weight: bold;\">2023<\/td><td style=\"color: #000000; background-color: #FFFFFF;font-weight: bold;\">Julho<\/td><td style=\"color: #000000; background-color: #FFFFFF;font-weight: bold;\">Luzinete Margues Davi<\/td><td style=\"color: #000000; background-color: #FFFFFF;font-weight: bold;\">Auxiliar de Servi\u00e7os Gerais <\/td><td style=\"color: #000000; background-color: #FFFFFF;font-weight: bold;\">GENESIS PRESTADORA DE SERVI\u00c7OS LTDA CNPJ 31.549.836\/0001-73<\/td><td style=\"color: #000000; background-color: #FFFFFF;font-weight: bold;\"><\/td><\/tr><tr><td style=\"color: #000000; background-color: #FFFFFF;font-weight: bold;\">2023<\/td><td style=\"color: #000000; background-color: #FFFFFF;font-weight: bold;\">Julho<\/td><td style=\"color: #000000; background-color: #FFFFFF;font-weight: bold;\">Ezequias Guimarar\u00e3es do Carmo<\/td><td style=\"color: #000000; background-color: #FFFFFF;font-weight: bold;\">Auxiliar de Jardinajem<\/td><td style=\"color: #000000; background-color: #FFFFFF;font-weight: bold;\">GENESIS PRESTADORA DE SERVI\u00c7OS LTDA CNPJ 31.549.836\/0001-73<\/td><td style=\"color: #000000; background-color: #FFFFFF;font-weight: bold;\"><\/td><\/tr><tr><td style=\"color: #000000; background-color: #FFFFFF;font-weight: bold;\">2023<\/td><td style=\"color: #000000; background-color: #FFFFFF;font-weight: bold;\">Julho<\/td><td style=\"color: #000000; background-color: #FFFFFF;font-weight: bold;\">Fernando da Cunha Tolentino<\/td><td style=\"color: #000000; background-color: #FFFFFF;font-weight: bold;\">Auxiliar de Jardinajem<\/td><td style=\"color: #000000; background-color: #FFFFFF;font-weight: bold;\">GENESIS PRESTADORA DE SERVI\u00c7OS LTDA CNPJ 31.549.836\/0001-73<\/td><td style=\"color: #000000; background-color: #FFFFFF;font-weight: bold;\"><\/td><\/tr><tr><td style=\"color: #000000; background-color: #FFFFFF;font-weight: bold;\">2023<\/td><td style=\"color: #000000; background-color: #FFFFFF;font-weight: bold;\">Julho<\/td><td style=\"color: #000000; background-color: #FFFFFF;font-weight: bold;\">Raiclan Lima Feitosa <\/td><td style=\"color: #000000; background-color: #FFFFFF;font-weight: bold;\">Vigia Noturno <\/td><td style=\"color: #000000; background-color: #FFFFFF;font-weight: bold;\">GARANTIA PRESTA\u00c7\u00c3O DE SERVI\u00c7OS LTDA CNPJ 20.246.451\/0001-10<\/td><td style=\"color: #000000; background-color: #FFFFFF;font-weight: bold;\"><\/td><\/tr><tr><td style=\"color: #000000; background-color: #FFFFFF;font-weight: bold;\">2023<\/td><td style=\"color: #000000; background-color: #FFFFFF;font-weight: bold;\">Julho<\/td><td style=\"color: #000000; background-color: #FFFFFF;font-weight: bold;\">Victor Barbosa do Prado <\/td><td style=\"color: #000000; background-color: #FFFFFF;font-weight: bold;\">Vigia Noturno <\/td><td style=\"color: #000000; background-color: #FFFFFF;font-weight: bold;\">GARANTIA PRESTA\u00c7\u00c3O DE SERVI\u00c7OS LTDA CNPJ 20.246.451\/0001-10<\/td><td style=\"color: #000000; background-color: #FFFFFF;font-weight: bold;\"><\/td><\/tr><tr><td style=\"color: #000000; background-color: #FFFFFF;font-weight: bold;\">2023<\/td><td style=\"color: #000000; background-color: #FFFFFF;font-weight: bold;\">Julho<\/td><td style=\"color: #000000; background-color: #FFFFFF;font-weight: bold;\">Agnus Souza Duarte <\/td><td style=\"color: #000000; background-color: #FFFFFF;font-weight: bold;\">Vigia Noturno <\/td><td style=\"color: #000000; background-color: #FFFFFF;font-weight: bold;\">GARANTIA PRESTA\u00c7\u00c3O DE SERVI\u00c7OS LTDA CNPJ 20.246.451\/0001-10<\/td><td style=\"color: #000000; background-color: #FFFFFF;font-weight: bold;\"><\/td><\/tr><tr><td style=\"color: #000000; background-color: #FFFFFF;font-weight: bold;\">2023<\/td><td style=\"color: #000000; background-color: #FFFFFF;font-weight: bold;\">Julho<\/td><td style=\"color: #000000; background-color: #FFFFFF;font-weight: bold;\">Paulo Henrique Cavalcante <\/td><td style=\"color: #000000; background-color: #FFFFFF;font-weight: bold;\">Vigia Noturno <\/td><td style=\"color: #000000; background-color: #FFFFFF;font-weight: bold;\">GARANTIA PRESTA\u00c7\u00c3O DE SERVI\u00c7OS LTDA CNPJ 20.246.451\/0001-10<\/td><td style=\"color: #000000; background-color: #FFFFFF;font-weight: bold;\"><\/td><\/tr><tr><td style=\"color: #000000; background-color: #FFFFFF;font-weight: bold;\">2023<\/td><td style=\"color: #000000; background-color: #FFFFFF;font-weight: bold;\">Julho<\/td><td style=\"color: #000000; background-color: #FFFFFF;font-weight: bold;\">Giselle Oliveira da Silva<\/td><td style=\"color: #000000; background-color: #FFFFFF;font-weight: bold;\">Porteiro Diurno <\/td><td style=\"color: #000000; background-color: #FFFFFF;font-weight: bold;\">GARANTIA PRESTA\u00c7\u00c3O DE SERVI\u00c7OS LTDA CNPJ 20.246.451\/0001-10<\/td><td style=\"color: #000000; background-color: #FFFFFF;font-weight: bold;\"><\/td><\/tr><tr><td style=\"color: #000000; background-color: #FFFFFF;font-weight: bold;\">2023<\/td><td style=\"color: #000000; background-color: #FFFFFF;font-weight: bold;\">Julho<\/td><td style=\"color: #000000; background-color: #FFFFFF;font-weight: bold;\">Vanderlino da Silva Ramos <\/td><td style=\"color: #000000; background-color: #FFFFFF;font-weight: bold;\">Porteiro Diurno <\/td><td style=\"color: #000000; background-color: #FFFFFF;font-weight: bold;\">GARANTIA PRESTA\u00c7\u00c3O DE SERVI\u00c7OS LTDA CNPJ 20.246.451\/0001-10<\/td><td style=\"color: #000000; background-color: #FFFFFF;font-weight: bold;\"><\/td><\/tr><tr><td style=\"color: #000000; background-color: #FFFFFF;font-weight: bold;\">2023<\/td><td style=\"color: #000000; background-color: #FFFFFF;font-weight: bold;\">Julho<\/td><td style=\"color: #000000; background-color: #FFFFFF;font-weight: bold;\">Gislene Mendes do Vale <\/td><td style=\"color: #000000; background-color: #FFFFFF;font-weight: bold;\">Porteiro Diurno <\/td><td style=\"color: #000000; background-color: #FFFFFF;font-weight: bold;\">GARANTIA PRESTA\u00c7\u00c3O DE SERVI\u00c7OS LTDA CNPJ 20.246.451\/0001-10<\/td><td style=\"color: #000000; background-color: #FFFFFF;font-weight: bold;\"><\/td><\/tr><tr><td style=\"color: #000000; background-color: #FFFFFF;font-weight: bold;\">2023<\/td><td style=\"color: #000000; background-color: #FFFFFF;font-weight: bold;\">Julho<\/td><td style=\"color: #000000; background-color: #FFFFFF;font-weight: bold;\">Jose Pereira da Silva\/<\/td><td style=\"color: #000000; background-color: #FFFFFF;font-weight: bold;\">Porteiro Diurno <\/td><td style=\"color: #000000; background-color: #FFFFFF;font-weight: bold;\">GARANTIA PRESTA\u00c7\u00c3O DE SERVI\u00c7OS LTDA CNPJ 20.246.451\/0001-10<\/td><td style=\"color: #000000; background-color: #FFFFFF;font-weight: bold;\"><\/td><\/tr><tr><td style=\"color: #000000; background-color: #FFFFFF;font-weight: bold;\">2023<\/td><td style=\"color: #000000; background-color: #FFFFFF;font-weight: bold;\">Julho<\/td><td style=\"color: #000000; background-color: #FFFFFF;font-weight: bold;\">Juscilene Sampaio da Silva <\/td><td style=\"color: #000000; background-color: #FFFFFF;font-weight: bold;\">Recepcionista <\/td><td style=\"color: #000000; background-color: #FFFFFF;font-weight: bold;\">GARANTIA PRESTA\u00c7\u00c3O DE SERVI\u00c7OS LTDA CNPJ 20.246.451\/0001-10<\/td><td style=\"color: #000000; background-color: #FFFFFF;font-weight: bold;\"><\/td><\/tr><tr><td style=\"color: #000000; background-color: #FFFFFF;font-weight: bold;\">2023<\/td><td style=\"color: #000000; background-color: #FFFFFF;font-weight: bold;\">Julho<\/td><td style=\"color: #000000; background-color: #FFFFFF;font-weight: bold;\">Rogerio Oliveira Silva<\/td><td style=\"color: #000000; background-color: #FFFFFF;font-weight: bold;\">Aux. Man. Predial <\/td><td style=\"color: #000000; background-color: #FFFFFF;font-weight: bold;\">GARANTIA PRESTA\u00c7\u00c3O DE SERVI\u00c7OS LTDA CNPJ 20.246.451\/0001-10<\/td><td style=\"color: #000000; background-color: #FFFFFF;font-weight: bold;\"><\/td><\/tr><tr><td style=\"color: #000000; background-color: #FFFFFF;font-weight: bold;\">2023<\/td><td style=\"color: #000000; background-color: #FFFFFF;font-weight: bold;\">Julho<\/td><td style=\"color: #000000; background-color: #FFFFFF;font-weight: bold;\">Maria Aldileide da Silva <\/td><td style=\"color: #000000; background-color: #FFFFFF;font-weight: bold;\">Copeira <\/td><td style=\"color: #000000; background-color: #FFFFFF;font-weight: bold;\">GARANTIA PRESTA\u00c7\u00c3O DE SERVI\u00c7OS LTDA CNPJ 20.246.451\/0001-10<\/td><td style=\"color: #000000; background-color: #FFFFFF;font-weight: bold;\"><\/td><\/tr><tr><td style=\"color: #000000; background-color: #FFFFFF;font-weight: bold;\">2023<\/td><td style=\"color: #000000; background-color: #FFFFFF;font-weight: bold;\">Julho<\/td><td style=\"color: #000000; background-color: #FFFFFF;font-weight: bold;\"> Geneilza Pereira Silva<\/td><td style=\"color: #000000; background-color: #FFFFFF;font-weight: bold;\">Porteiro Diurno <\/td><td style=\"color: #000000; background-color: #FFFFFF;font-weight: bold;\">GARANTIA PRESTA\u00c7\u00c3O DE SERVI\u00c7OS LTDA CNPJ 20.246.451\/0001-10<\/td><td style=\"color: #000000; background-color: #FFFFFF;font-weight: bold;\"><\/td><\/tr><tr><td style=\"color: #000000; background-color: #FFFFFF;font-weight: bold;\">2023<\/td><td style=\"color: #000000; background-color: #FFFFFF;font-weight: bold;\">Julho<\/td><td style=\"color: #000000; background-color: #FFFFFF;font-weight: bold;\">Floraci Pires da Costa Silva<\/td><td style=\"color: #000000; background-color: #FFFFFF;font-weight: bold;\">Auxiliar de Servi\u00e7os Gerais <\/td><td style=\"color: #000000; background-color: #FFFFFF;font-weight: bold;\">GARRA FORTE ADMINISTRA\u00c7\u00c3O E SERVI\u00c7OS LTDA-EPP CNPJ 07.262.535\/0001-80<\/td><td style=\"color: #000000; background-color: #FFFFFF;font-weight: bold;\"><\/td><\/tr><tr><td style=\"color: #000000; background-color: #FFFFFF;font-weight: bold;\">2023<\/td><td style=\"color: #000000; background-color: #FFFFFF;font-weight: bold;\">Julho<\/td><td style=\"color: #000000; background-color: #FFFFFF;font-weight: bold;\">Iraildes Pedro de Jesus <\/td><td style=\"color: #000000; background-color: #FFFFFF;font-weight: bold;\">Auxiliar de Servi\u00e7os Gerais <\/td><td style=\"color: #000000; background-color: #FFFFFF;font-weight: bold;\">GARRA FORTE ADMINISTRA\u00c7\u00c3O E SERVI\u00c7OS LTDA-EPP CNPJ 07.262.535\/0001-80<\/td><td style=\"color: #000000; background-color: #FFFFFF;font-weight: bold;\"><\/td><\/tr><tr><td style=\"color: #000000; background-color: #FFFFFF;font-weight: bold;\">2023<\/td><td style=\"color: #000000; background-color: #FFFFFF;font-weight: bold;\">Julho<\/td><td style=\"color: #000000; background-color: #FFFFFF;font-weight: bold;\">Jassiane Gomes dos Santos<\/td><td style=\"color: #000000; background-color: #FFFFFF;font-weight: bold;\">Auxiliar de Servi\u00e7os Gerais <\/td><td style=\"color: #000000; background-color: #FFFFFF;font-weight: bold;\">GARRA FORTE ADMINISTRA\u00c7\u00c3O E SERVI\u00c7OS LTDA-EPP CNPJ 07.262.535\/0001-80<\/td><td style=\"color: #000000; background-color: #FFFFFF;font-weight: bold;\"><\/td><\/tr><tr><td style=\"color: #000000; background-color: #FFFFFF;font-weight: bold;\">2023<\/td><td style=\"color: #000000; background-color: #FFFFFF;font-weight: bold;\">Julho<\/td><td style=\"color: #000000; background-color: #FFFFFF;font-weight: bold;\">Rosangela Pereira da Silva<\/td><td style=\"color: #000000; background-color: #FFFFFF;font-weight: bold;\">Auxiliar de Servi\u00e7os Gerais <\/td><td style=\"color: #000000; background-color: #FFFFFF;font-weight: bold;\">GARRA FORTE ADMINISTRA\u00c7\u00c3O E SERVI\u00c7OS LTDA-EPP CNPJ 07.262.535\/0001-80<\/td><td style=\"color: #000000; background-color: #FFFFFF;font-weight: bold;\"><\/td><\/tr><tr><td style=\"color: #000000; background-color: #FFFFFF;font-weight: bold;\">2023<\/td><td style=\"color: #000000; background-color: #FFFFFF;font-weight: bold;\">Julho<\/td><td style=\"color: #000000; background-color: #FFFFFF;font-weight: bold;\">Felipe Moreira<\/td><td style=\"color: #000000; background-color: #FFFFFF;font-weight: bold;\">Auxiliar de Jardinajem<\/td><td style=\"color: #000000; background-color: #FFFFFF;font-weight: bold;\">GARRA FORTE ADMINISTRA\u00c7\u00c3O E SERVI\u00c7OS LTDA-EPP CNPJ 07.262.535\/0001-80<\/td><td style=\"color: #000000; background-color: #FFFFFF;font-weight: bold;\"><\/td><\/tr><tr><td style=\"color: #000000; background-color: #FFFFFF;font-weight: bold;\">2023<\/td><td style=\"color: #000000; background-color: #FFFFFF;font-weight: bold;\">Julho<\/td><td style=\"color: #000000; background-color: #FFFFFF;font-weight: bold;\">Vanderluz da Costa Quintanilha <\/td><td style=\"color: #000000; background-color: #FFFFFF;font-weight: bold;\">Auxiliar de Jardinajem<\/td><td style=\"color: #000000; background-color: #FFFFFF;font-weight: bold;\">GARRA FORTE ADMINISTRA\u00c7\u00c3O E SERVI\u00c7OS LTDA-EPP CNPJ 07.262.535\/0001-80<\/td><td style=\"color: #000000; background-color: #FFFFFF;font-weight: bold;\"><\/td><\/tr><tr><td style=\"color: #000000; background-color: #FFFFFF;font-weight: bold;\">2023<\/td><td style=\"color: #000000; background-color: #FFFFFF;font-weight: bold;\">Junho<\/td><td style=\"color: #000000; background-color: #FFFFFF;font-weight: bold;\">Floraci Pires da Costa Silva<\/td><td style=\"color: #000000; background-color: #FFFFFF;font-weight: bold;\">Auxiliar de Servi\u00e7os Gerais <\/td><td style=\"color: #000000; background-color: #FFFFFF;font-weight: bold;\">GARRA FORTE ADMINISTRA\u00c7\u00c3O E SERVI\u00c7OS LTDA-EPP CNPJ 07.262.535\/0001-80<\/td><td style=\"color: #000000; background-color: #FFFFFF;font-weight: bold;\"><\/td><\/tr><tr><td style=\"color: #000000; background-color: #FFFFFF;font-weight: bold;\">2023<\/td><td style=\"color: #000000; background-color: #FFFFFF;font-weight: bold;\">Junho<\/td><td style=\"color: #000000; background-color: #FFFFFF;font-weight: bold;\">Iraildes Pedro de Jesus <\/td><td style=\"color: #000000; background-color: #FFFFFF;font-weight: bold;\">Auxiliar de Servi\u00e7os Gerais <\/td><td style=\"color: #000000; background-color: #FFFFFF;font-weight: bold;\">GARRA FORTE ADMINISTRA\u00c7\u00c3O E SERVI\u00c7OS LTDA-EPP CNPJ 07.262.535\/0001-80<\/td><td style=\"color: #000000; background-color: #FFFFFF;font-weight: bold;\"><\/td><\/tr><tr><td style=\"color: #000000; background-color: #FFFFFF;font-weight: bold;\">2023<\/td><td style=\"color: #000000; background-color: #FFFFFF;font-weight: bold;\">Junho<\/td><td style=\"color: #000000; background-color: #FFFFFF;font-weight: bold;\">Jassiane Gomes dos Santos<\/td><td style=\"color: #000000; background-color: #FFFFFF;font-weight: bold;\">Auxiliar de Servi\u00e7os Gerais <\/td><td style=\"color: #000000; background-color: #FFFFFF;font-weight: bold;\">GARRA FORTE ADMINISTRA\u00c7\u00c3O E SERVI\u00c7OS LTDA-EPP CNPJ 07.262.535\/0001-80<\/td><td style=\"color: #000000; background-color: #FFFFFF;font-weight: bold;\"><\/td><\/tr><tr><td style=\"color: #000000; background-color: #FFFFFF;font-weight: bold;\">2023<\/td><td style=\"color: #000000; background-color: #FFFFFF;font-weight: bold;\">Junho<\/td><td style=\"color: #000000; background-color: #FFFFFF;font-weight: bold;\">Rosangela Pereira da Silva<\/td><td style=\"color: #000000; background-color: #FFFFFF;font-weight: bold;\">Auxiliar de Servi\u00e7os Gerais <\/td><td style=\"color: #000000; background-color: #FFFFFF;font-weight: bold;\">GARRA FORTE ADMINISTRA\u00c7\u00c3O E SERVI\u00c7OS LTDA-EPP CNPJ 07.262.535\/0001-80<\/td><td style=\"color: #000000; background-color: #FFFFFF;font-weight: bold;\"><\/td><\/tr><tr><td style=\"color: #000000; background-color: #FFFFFF;font-weight: bold;\">2023<\/td><td style=\"color: #000000; background-color: #FFFFFF;font-weight: bold;\">Junho<\/td><td style=\"color: #000000; background-color: #FFFFFF;font-weight: bold;\">Felipe Moreira<\/td><td style=\"color: #000000; background-color: #FFFFFF;font-weight: bold;\">Auxiliar de Jardinajem<\/td><td style=\"color: #000000; background-color: #FFFFFF;font-weight: bold;\">GARRA FORTE ADMINISTRA\u00c7\u00c3O E SERVI\u00c7OS LTDA-EPP CNPJ 07.262.535\/0001-80<\/td><td style=\"color: #000000; background-color: #FFFFFF;font-weight: bold;\"><\/td><\/tr><tr><td style=\"color: #000000; background-color: #FFFFFF;font-weight: bold;\">2023<\/td><td style=\"color: #000000; background-color: #FFFFFF;font-weight: bold;\">Junho<\/td><td style=\"color: #000000; background-color: #FFFFFF;font-weight: bold;\">Vanderluz da Costa Quintanilha <\/td><td style=\"color: #000000; background-color: #FFFFFF;font-weight: bold;\">Auxiliar de Jardinajem<\/td><td style=\"color: #000000; background-color: #FFFFFF;font-weight: bold;\">GARRA FORTE ADMINISTRA\u00c7\u00c3O E SERVI\u00c7OS LTDA-EPP CNPJ 07.262.535\/0001-80<\/td><td style=\"color: #000000; background-color: #FFFFFF;font-weight: bold;\"><\/td><\/tr><tr><td style=\"color: #000000; background-color: #FFFFFF;font-weight: bold;\">2023<\/td><td style=\"color: #000000; background-color: #FFFFFF;font-weight: bold;\">Junho<\/td><td style=\"color: #000000; background-color: #FFFFFF;font-weight: bold;\">Agnus Souza Duarte <\/td><td style=\"color: #000000; background-color: #FFFFFF;font-weight: bold;\">Vigia Noturno <\/td><td style=\"color: #000000; background-color: #FFFFFF;font-weight: bold;\">GARANTIA PRESTA\u00c7\u00c3O DE SERVI\u00c7OS LTDA CNPJ 20.246.451\/0001-10<\/td><td style=\"color: #000000; background-color: #FFFFFF;font-weight: bold;\"><\/td><\/tr><tr><td style=\"color: #000000; background-color: #FFFFFF;font-weight: bold;\">2023<\/td><td style=\"color: #000000; background-color: #FFFFFF;font-weight: bold;\">Junho<\/td><td style=\"color: #000000; background-color: #FFFFFF;font-weight: bold;\">Gerv\u00e1sio da Costa Marques Filho <\/td><td style=\"color: #000000; background-color: #FFFFFF;font-weight: bold;\">Vigia Noturno <\/td><td style=\"color: #000000; background-color: #FFFFFF;font-weight: bold;\">GARANTIA PRESTA\u00c7\u00c3O DE SERVI\u00c7OS LTDA CNPJ 20.246.451\/0001-10<\/td><td style=\"color: #000000; background-color: #FFFFFF;font-weight: bold;\"><\/td><\/tr><tr><td style=\"color: #000000; background-color: #FFFFFF;font-weight: bold;\">2023<\/td><td style=\"color: #000000; background-color: #FFFFFF;font-weight: bold;\">Junho<\/td><td style=\"color: #000000; background-color: #FFFFFF;font-weight: bold;\">Victor Barbosa do Prado <\/td><td style=\"color: #000000; background-color: #FFFFFF;font-weight: bold;\">Vigia Noturno <\/td><td style=\"color: #000000; background-color: #FFFFFF;font-weight: bold;\">GARANTIA PRESTA\u00c7\u00c3O DE SERVI\u00c7OS LTDA CNPJ 20.246.451\/0001-10<\/td><td style=\"color: #000000; background-color: #FFFFFF;font-weight: bold;\"><\/td><\/tr><tr><td style=\"color: #000000; background-color: #FFFFFF;font-weight: bold;\">2023<\/td><td style=\"color: #000000; background-color: #FFFFFF;font-weight: bold;\">Junho<\/td><td style=\"color: #000000; background-color: #FFFFFF;font-weight: bold;\">Jos\u00e9 Pereira dos Santos <\/td><td style=\"color: #000000; background-color: #FFFFFF;font-weight: bold;\">Vigia Noturno <\/td><td style=\"color: #000000; background-color: #FFFFFF;font-weight: bold;\">GARANTIA PRESTA\u00c7\u00c3O DE SERVI\u00c7OS LTDA CNPJ 20.246.451\/0001-10<\/td><td style=\"color: #000000; background-color: #FFFFFF;font-weight: bold;\"><\/td><\/tr><tr><td style=\"color: #000000; background-color: #FFFFFF;font-weight: bold;\">2023<\/td><td style=\"color: #000000; background-color: #FFFFFF;font-weight: bold;\">Junho<\/td><td style=\"color: #000000; background-color: #FFFFFF;font-weight: bold;\">Gislene Mendes do Vale<\/td><td style=\"color: #000000; background-color: #FFFFFF;font-weight: bold;\">Porteiro Diurno <\/td><td style=\"color: #000000; background-color: #FFFFFF;font-weight: bold;\">GARANTIA PRESTA\u00c7\u00c3O DE SERVI\u00c7OS LTDA CNPJ 20.246.451\/0001-10<\/td><td style=\"color: #000000; background-color: #FFFFFF;font-weight: bold;\"><\/td><\/tr><tr><td style=\"color: #000000; background-color: #FFFFFF;font-weight: bold;\">2023<\/td><td style=\"color: #000000; background-color: #FFFFFF;font-weight: bold;\">Junho<\/td><td style=\"color: #000000; background-color: #FFFFFF;font-weight: bold;\">Jose Pereira\/ Mara Rubia <\/td><td style=\"color: #000000; background-color: #FFFFFF;font-weight: bold;\">Porteiro Diurno <\/td><td style=\"color: #000000; background-color: #FFFFFF;font-weight: bold;\">GARANTIA PRESTA\u00c7\u00c3O DE SERVI\u00c7OS LTDA CNPJ 20.246.451\/0001-10<\/td><td style=\"color: #000000; background-color: #FFFFFF;font-weight: bold;\"><\/td><\/tr><tr><td style=\"color: #000000; background-color: #FFFFFF;font-weight: bold;\">2023<\/td><td style=\"color: #000000; background-color: #FFFFFF;font-weight: bold;\">Junho<\/td><td style=\"color: #000000; background-color: #FFFFFF;font-weight: bold;\">Giselle Oliveira da Silva<\/td><td style=\"color: #000000; background-color: #FFFFFF;font-weight: bold;\">Porteiro Diurno <\/td><td style=\"color: #000000; background-color: #FFFFFF;font-weight: bold;\">GARANTIA PRESTA\u00c7\u00c3O DE SERVI\u00c7OS LTDA CNPJ 20.246.451\/0001-10<\/td><td style=\"color: #000000; background-color: #FFFFFF;font-weight: bold;\"><\/td><\/tr><tr><td style=\"color: #000000; background-color: #FFFFFF;font-weight: bold;\">2023<\/td><td style=\"color: #000000; background-color: #FFFFFF;font-weight: bold;\">Junho<\/td><td style=\"color: #000000; background-color: #FFFFFF;font-weight: bold;\">Vanderlino da Silva Ramos<\/td><td style=\"color: #000000; background-color: #FFFFFF;font-weight: bold;\">Porteiro Diurno <\/td><td style=\"color: #000000; background-color: #FFFFFF;font-weight: bold;\">GARANTIA PRESTA\u00c7\u00c3O DE SERVI\u00c7OS LTDA CNPJ 20.246.451\/0001-10<\/td><td style=\"color: #000000; background-color: #FFFFFF;font-weight: bold;\"><\/td><\/tr><tr><td style=\"color: #000000; background-color: #FFFFFF;font-weight: bold;\">2023<\/td><td style=\"color: #000000; background-color: #FFFFFF;font-weight: bold;\">Junho<\/td><td style=\"color: #000000; background-color: #FFFFFF;font-weight: bold;\">Juscilene Sampaio da Silva <\/td><td style=\"color: #000000; background-color: #FFFFFF;font-weight: bold;\">Recepcionista <\/td><td style=\"color: #000000; background-color: #FFFFFF;font-weight: bold;\">GARANTIA PRESTA\u00c7\u00c3O DE SERVI\u00c7OS LTDA CNPJ 20.246.451\/0001-10<\/td><td style=\"color: #000000; background-color: #FFFFFF;font-weight: bold;\"><\/td><\/tr><tr><td style=\"color: #000000; background-color: #FFFFFF;font-weight: bold;\">2023<\/td><td style=\"color: #000000; background-color: #FFFFFF;font-weight: bold;\">Junho<\/td><td style=\"color: #000000; background-color: #FFFFFF;font-weight: bold;\">Rogerio Oliveira Silva <\/td><td style=\"color: #000000; background-color: #FFFFFF;font-weight: bold;\">Aux. Man. Predial <\/td><td style=\"color: #000000; background-color: #FFFFFF;font-weight: bold;\">GARANTIA PRESTA\u00c7\u00c3O DE SERVI\u00c7OS LTDA CNPJ 20.246.451\/0001-10<\/td><td style=\"color: #000000; background-color: #FFFFFF;font-weight: bold;\"><\/td><\/tr><tr><td style=\"color: #000000; background-color: #FFFFFF;font-weight: bold;\">2023<\/td><td style=\"color: #000000; background-color: #FFFFFF;font-weight: bold;\">Junho<\/td><td style=\"color: #000000; background-color: #FFFFFF;font-weight: bold;\">Maria Aldileide da Silva<\/td><td style=\"color: #000000; background-color: #FFFFFF;font-weight: bold;\">Copeira <\/td><td style=\"color: #000000; background-color: #FFFFFF;font-weight: bold;\">GARANTIA PRESTA\u00c7\u00c3O DE SERVI\u00c7OS LTDA CNPJ 20.246.451\/0001-10<\/td><td style=\"color: #000000; background-color: #FFFFFF;font-weight: bold;\"><\/td><\/tr><tr><td style=\"color: #000000; background-color: #FFFFFF;font-weight: bold;\">2023<\/td><td style=\"color: #000000; background-color: #FFFFFF;font-weight: bold;\">Junho<\/td><td style=\"color: #000000; background-color: #FFFFFF;font-weight: bold;\"> Geneilza Pereira <\/td><td style=\"color: #000000; background-color: #FFFFFF;font-weight: bold;\">Porteiro Diurno <\/td><td style=\"color: #000000; background-color: #FFFFFF;font-weight: bold;\">GARANTIA PRESTA\u00c7\u00c3O DE SERVI\u00c7OS LTDA CNPJ 20.246.451\/0001-10<\/td><td style=\"color: #000000; background-color: #FFFFFF;font-weight: bold;\"><\/td><\/tr><tr><td style=\"color: #000000; background-color: #FFFFFF;font-weight: bold;\">2023<\/td><td style=\"color: #000000; background-color: #FFFFFF;font-weight: bold;\">Maio<\/td><td style=\"color: #000000; background-color: #FFFFFF;font-weight: bold;\">Agnus Souza Duarte <\/td><td style=\"color: #000000; background-color: #FFFFFF;font-weight: bold;\">Vigia Noturno <\/td><td style=\"color: #000000; background-color: #FFFFFF;font-weight: bold;\">GARANTIA PRESTA\u00c7\u00c3O DE SERVI\u00c7OS LTDA CNPJ 20.246.451\/0001-10<\/td><td style=\"color: #000000; background-color: #FFFFFF;font-weight: bold;\"><\/td><\/tr><tr><td style=\"color: #000000; background-color: #FFFFFF;font-weight: bold;\">2023<\/td><td style=\"color: #000000; background-color: #FFFFFF;font-weight: bold;\">Maio<\/td><td style=\"color: #000000; background-color: #FFFFFF;font-weight: bold;\">Gerv\u00e1sio da Costa Marques Filho <\/td><td style=\"color: #000000; background-color: #FFFFFF;font-weight: bold;\">Vigia Noturno <\/td><td style=\"color: #000000; background-color: #FFFFFF;font-weight: bold;\">GARANTIA PRESTA\u00c7\u00c3O DE SERVI\u00c7OS LTDA CNPJ 20.246.451\/0001-10<\/td><td style=\"color: #000000; background-color: #FFFFFF;font-weight: bold;\"><\/td><\/tr><tr><td style=\"color: #000000; background-color: #FFFFFF;font-weight: bold;\">2023<\/td><td style=\"color: #000000; background-color: #FFFFFF;font-weight: bold;\">Maio<\/td><td style=\"color: #000000; background-color: #FFFFFF;font-weight: bold;\">Victor Barbosa do Prado<\/td><td style=\"color: #000000; background-color: #FFFFFF;font-weight: bold;\">Vigia Noturno <\/td><td style=\"color: #000000; background-color: #FFFFFF;font-weight: bold;\">GARANTIA PRESTA\u00c7\u00c3O DE SERVI\u00c7OS LTDA CNPJ 20.246.451\/0001-10<\/td><td style=\"color: #000000; background-color: #FFFFFF;font-weight: bold;\"><\/td><\/tr><tr><td style=\"color: #000000; background-color: #FFFFFF;font-weight: bold;\">2023<\/td><td style=\"color: #000000; background-color: #FFFFFF;font-weight: bold;\">Maio<\/td><td style=\"color: #000000; background-color: #FFFFFF;font-weight: bold;\">Paulo Henrique Cavalcante <\/td><td style=\"color: #000000; background-color: #FFFFFF;font-weight: bold;\">Vigia Noturno <\/td><td style=\"color: #000000; background-color: #FFFFFF;font-weight: bold;\">GARANTIA PRESTA\u00c7\u00c3O DE SERVI\u00c7OS LTDA CNPJ 20.246.451\/0001-10<\/td><td style=\"color: #000000; background-color: #FFFFFF;font-weight: bold;\"><\/td><\/tr><tr><td style=\"color: #000000; background-color: #FFFFFF;font-weight: bold;\">2023<\/td><td style=\"color: #000000; background-color: #FFFFFF;font-weight: bold;\">Maio<\/td><td style=\"color: #000000; background-color: #FFFFFF;font-weight: bold;\">Gislene Mendes do Vale <\/td><td style=\"color: #000000; background-color: #FFFFFF;font-weight: bold;\">Porteiro Diurno <\/td><td style=\"color: #000000; background-color: #FFFFFF;font-weight: bold;\">GARANTIA PRESTA\u00c7\u00c3O DE SERVI\u00c7OS LTDA CNPJ 20.246.451\/0001-10<\/td><td style=\"color: #000000; background-color: #FFFFFF;font-weight: bold;\"><\/td><\/tr><tr><td style=\"color: #000000; background-color: #FFFFFF;font-weight: bold;\">2023<\/td><td style=\"color: #000000; background-color: #FFFFFF;font-weight: bold;\">Maio<\/td><td style=\"color: #000000; background-color: #FFFFFF;font-weight: bold;\">Jos\u00e9 Pereira dos Santos <\/td><td style=\"color: #000000; background-color: #FFFFFF;font-weight: bold;\">Porteiro Diurno <\/td><td style=\"color: #000000; background-color: #FFFFFF;font-weight: bold;\">GARANTIA PRESTA\u00c7\u00c3O DE SERVI\u00c7OS LTDA CNPJ 20.246.451\/0001-10<\/td><td style=\"color: #000000; background-color: #FFFFFF;font-weight: bold;\"><\/td><\/tr><tr><td style=\"color: #000000; background-color: #FFFFFF;font-weight: bold;\">2023<\/td><td style=\"color: #000000; background-color: #FFFFFF;font-weight: bold;\">Maio<\/td><td style=\"color: #000000; background-color: #FFFFFF;font-weight: bold;\">Giselle Oliveira da Silva<\/td><td style=\"color: #000000; background-color: #FFFFFF;font-weight: bold;\">Porteiro Diurno <\/td><td style=\"color: #000000; background-color: #FFFFFF;font-weight: bold;\">GARANTIA PRESTA\u00c7\u00c3O DE SERVI\u00c7OS LTDA CNPJ 20.246.451\/0001-10<\/td><td style=\"color: #000000; background-color: #FFFFFF;font-weight: bold;\"><\/td><\/tr><tr><td style=\"color: #000000; background-color: #FFFFFF;font-weight: bold;\">2023<\/td><td style=\"color: #000000; background-color: #FFFFFF;font-weight: bold;\">Maio<\/td><td style=\"color: #000000; background-color: #FFFFFF;font-weight: bold;\">Vanderlino da Silva Ramos<\/td><td style=\"color: #000000; background-color: #FFFFFF;font-weight: bold;\">Porteiro Diurno <\/td><td style=\"color: #000000; background-color: #FFFFFF;font-weight: bold;\">GARANTIA PRESTA\u00c7\u00c3O DE SERVI\u00c7OS LTDA CNPJ 20.246.451\/0001-10<\/td><td style=\"color: #000000; background-color: #FFFFFF;font-weight: bold;\"><\/td><\/tr><tr><td style=\"color: #000000; background-color: #FFFFFF;font-weight: bold;\">2023<\/td><td style=\"color: #000000; background-color: #FFFFFF;font-weight: bold;\">Maio<\/td><td style=\"color: #000000; background-color: #FFFFFF;font-weight: bold;\">Juscilene Sampaio da Silva <\/td><td style=\"color: #000000; background-color: #FFFFFF;font-weight: bold;\">Recepcionista <\/td><td style=\"color: #000000; background-color: #FFFFFF;font-weight: bold;\">GARANTIA PRESTA\u00c7\u00c3O DE SERVI\u00c7OS LTDA CNPJ 20.246.451\/0001-10<\/td><td style=\"color: #000000; background-color: #FFFFFF;font-weight: bold;\"><\/td><\/tr><tr><td style=\"color: #000000; background-color: #FFFFFF;font-weight: bold;\">2023<\/td><td style=\"color: #000000; background-color: #FFFFFF;font-weight: bold;\">Maio<\/td><td style=\"color: #000000; background-color: #FFFFFF;font-weight: bold;\">Rogerio Oliveira Silva<\/td><td style=\"color: #000000; background-color: #FFFFFF;font-weight: bold;\">Aux. Man. Predial <\/td><td style=\"color: #000000; background-color: #FFFFFF;font-weight: bold;\">GARANTIA PRESTA\u00c7\u00c3O DE SERVI\u00c7OS LTDA CNPJ 20.246.451\/0001-10<\/td><td style=\"color: #000000; background-color: #FFFFFF;font-weight: bold;\"><\/td><\/tr><tr><td style=\"color: #000000; background-color: #FFFFFF;font-weight: bold;\">2023<\/td><td style=\"color: #000000; background-color: #FFFFFF;font-weight: bold;\">Maio<\/td><td style=\"color: #000000; background-color: #FFFFFF;font-weight: bold;\">Maria Aldileide da Silva <\/td><td style=\"color: #000000; background-color: #FFFFFF;font-weight: bold;\">Copeira <\/td><td style=\"color: #000000; background-color: #FFFFFF;font-weight: bold;\">GARANTIA PRESTA\u00c7\u00c3O DE SERVI\u00c7OS LTDA CNPJ 20.246.451\/0001-10<\/td><td style=\"color: #000000; background-color: #FFFFFF;font-weight: bold;\"><\/td><\/tr><tr><td style=\"color: #000000; background-color: #FFFFFF;font-weight: bold;\">2023<\/td><td style=\"color: #000000; background-color: #FFFFFF;font-weight: bold;\">Maio<\/td><td style=\"color: #000000; background-color: #FFFFFF;font-weight: bold;\"> Mara Rubia Martins da Silva<\/td><td style=\"color: #000000; background-color: #FFFFFF;font-weight: bold;\">Porteiro Diurno <\/td><td style=\"color: #000000; background-color: #FFFFFF;font-weight: bold;\">GARANTIA PRESTA\u00c7\u00c3O DE SERVI\u00c7OS LTDA CNPJ 20.246.451\/0001-10<\/td><td style=\"color: #000000; background-color: #FFFFFF;font-weight: bold;\"><\/td><\/tr><tr><td style=\"color: #000000; background-color: #FFFFFF;font-weight: bold;\">2023<\/td><td style=\"color: #000000; background-color: #FFFFFF;font-weight: bold;\">Maio<\/td><td style=\"color: #000000; background-color: #FFFFFF;font-weight: bold;\">Raiclan Lima Feitosa <\/td><td style=\"color: #000000; background-color: #FFFFFF;font-weight: bold;\">Porteiro Diurno <\/td><td style=\"color: #000000; background-color: #FFFFFF;font-weight: bold;\">GARANTIA PRESTA\u00c7\u00c3O DE SERVI\u00c7OS LTDA CNPJ 20.246.451\/0001-10<\/td><td style=\"color: #000000; background-color: #FFFFFF;font-weight: bold;\"><\/td><\/tr><tr><td style=\"color: #000000; background-color: #FFFFFF;font-weight: bold;\">2023<\/td><td style=\"color: #000000; background-color: #FFFFFF;font-weight: bold;\">Maio<\/td><td style=\"color: #000000; background-color: #FFFFFF;font-weight: bold;\">Floraci Pires da Costa Silva<\/td><td style=\"color: #000000; background-color: #FFFFFF;font-weight: bold;\">Auxiliar de Servi\u00e7os Gerais <\/td><td style=\"color: #000000; background-color: #FFFFFF;font-weight: bold;\">GARRA FORTE ADMINISTRA\u00c7\u00c3O E SERVI\u00c7OS LTDA-EPP CNPJ 07.262.535\/0001-80<\/td><td style=\"color: #000000; background-color: #FFFFFF;font-weight: bold;\"><\/td><\/tr><tr><td style=\"color: #000000; background-color: #FFFFFF;font-weight: bold;\">2023<\/td><td style=\"color: #000000; background-color: #FFFFFF;font-weight: bold;\">Maio<\/td><td style=\"color: #000000; background-color: #FFFFFF;font-weight: bold;\">Iraildes Pedro de Jesus <\/td><td style=\"color: #000000; background-color: #FFFFFF;font-weight: bold;\">Auxiliar de Servi\u00e7os Gerais <\/td><td style=\"color: #000000; background-color: #FFFFFF;font-weight: bold;\">GARRA FORTE ADMINISTRA\u00c7\u00c3O E SERVI\u00c7OS LTDA-EPP CNPJ 07.262.535\/0001-80<\/td><td style=\"color: #000000; background-color: #FFFFFF;font-weight: bold;\"><\/td><\/tr><tr><td style=\"color: #000000; background-color: #FFFFFF;font-weight: bold;\">2023<\/td><td style=\"color: #000000; background-color: #FFFFFF;font-weight: bold;\">Maio<\/td><td style=\"color: #000000; background-color: #FFFFFF;font-weight: bold;\">Jassiane Gomes dos Santos<\/td><td style=\"color: #000000; background-color: #FFFFFF;font-weight: bold;\">Auxiliar de Servi\u00e7os Gerais <\/td><td style=\"color: #000000; background-color: #FFFFFF;font-weight: bold;\">GARRA FORTE ADMINISTRA\u00c7\u00c3O E SERVI\u00c7OS LTDA-EPP CNPJ 07.262.535\/0001-80<\/td><td style=\"color: #000000; background-color: #FFFFFF;font-weight: bold;\"><\/td><\/tr><tr><td style=\"color: #000000; background-color: #FFFFFF;font-weight: bold;\">2023<\/td><td style=\"color: #000000; background-color: #FFFFFF;font-weight: bold;\">Maio<\/td><td style=\"color: #000000; background-color: #FFFFFF;font-weight: bold;\">Rosangela Pereira da Silva<\/td><td style=\"color: #000000; background-color: #FFFFFF;font-weight: bold;\">Auxiliar de Servi\u00e7os Gerais <\/td><td style=\"color: #000000; background-color: #FFFFFF;font-weight: bold;\">GARRA FORTE ADMINISTRA\u00c7\u00c3O E SERVI\u00c7OS LTDA-EPP CNPJ 07.262.535\/0001-80<\/td><td style=\"color: #000000; background-color: #FFFFFF;font-weight: bold;\"><\/td><\/tr><tr><td style=\"color: #000000; background-color: #FFFFFF;font-weight: bold;\">2023<\/td><td style=\"color: #000000; background-color: #FFFFFF;font-weight: bold;\">Maio<\/td><td style=\"color: #000000; background-color: #FFFFFF;font-weight: bold;\">Felipe Moreira<\/td><td style=\"color: #000000; background-color: #FFFFFF;font-weight: bold;\">Auxiliar de Jardinajem<\/td><td style=\"color: #000000; background-color: #FFFFFF;font-weight: bold;\">GARRA FORTE ADMINISTRA\u00c7\u00c3O E SERVI\u00c7OS LTDA-EPP CNPJ 07.262.535\/0001-80<\/td><td style=\"color: #000000; background-color: #FFFFFF;font-weight: bold;\"><\/td><\/tr><tr><td style=\"color: #000000; background-color: #FFFFFF;font-weight: bold;\">2023<\/td><td style=\"color: #000000; background-color: #FFFFFF;font-weight: bold;\">Maio<\/td><td style=\"color: #000000; background-color: #FFFFFF;font-weight: bold;\">Vanderluz da Costa Quintanilha <\/td><td style=\"color: #000000; background-color: #FFFFFF;font-weight: bold;\">Auxiliar de Jardinajem<\/td><td style=\"color: #000000; background-color: #FFFFFF;font-weight: bold;\">GARRA FORTE ADMINISTRA\u00c7\u00c3O E SERVI\u00c7OS LTDA-EPP CNPJ 07.262.535\/0001-80<\/td><td style=\"color: #000000; background-color: #FFFFFF;font-weight: bold;\"><\/td><\/tr><tr><td style=\"color: #000000; background-color: #FFFFFF;font-weight: bold;\">2023<\/td><td style=\"color: #000000; background-color: #FFFFFF;font-weight: bold;\">Abril<\/td><td style=\"color: #000000; background-color: #FFFFFF;font-weight: bold;\">Floraci Pires da Costa Silva<\/td><td style=\"color: #000000; background-color: #FFFFFF;font-weight: bold;\">Auxiliar de Servi\u00e7os Gerais <\/td><td style=\"color: #000000; background-color: #FFFFFF;font-weight: bold;\">GARRA FORTE ADMINISTRA\u00c7\u00c3O E SERVI\u00c7OS LTDA-EPP CNPJ 07.262.535\/0001-80<\/td><td style=\"color: #000000; background-color: #FFFFFF;font-weight: bold;\"><\/td><\/tr><tr><td style=\"color: #000000; background-color: #FFFFFF;font-weight: bold;\">2023<\/td><td style=\"color: #000000; background-color: #FFFFFF;font-weight: bold;\">Abril<\/td><td style=\"color: #000000; background-color: #FFFFFF;font-weight: bold;\">Leticia de Andrade<\/td><td style=\"color: #000000; background-color: #FFFFFF;font-weight: bold;\">Auxiliar de Servi\u00e7os Gerais <\/td><td style=\"color: #000000; background-color: #FFFFFF;font-weight: bold;\">GARRA FORTE ADMINISTRA\u00c7\u00c3O E SERVI\u00c7OS LTDA-EPP CNPJ 07.262.535\/0001-80<\/td><td style=\"color: #000000; background-color: #FFFFFF;font-weight: bold;\"><\/td><\/tr><tr><td style=\"color: #000000; background-color: #FFFFFF;font-weight: bold;\">2023<\/td><td style=\"color: #000000; background-color: #FFFFFF;font-weight: bold;\">Abril<\/td><td style=\"color: #000000; background-color: #FFFFFF;font-weight: bold;\">Iraildes Pedro de Jesus <\/td><td style=\"color: #000000; background-color: #FFFFFF;font-weight: bold;\">Auxiliar de Servi\u00e7os Gerais <\/td><td style=\"color: #000000; background-color: #FFFFFF;font-weight: bold;\">GARRA FORTE ADMINISTRA\u00c7\u00c3O E SERVI\u00c7OS LTDA-EPP CNPJ 07.262.535\/0001-80<\/td><td style=\"color: #000000; background-color: #FFFFFF;font-weight: bold;\"><\/td><\/tr><tr><td style=\"color: #000000; background-color: #FFFFFF;font-weight: bold;\">2023<\/td><td style=\"color: #000000; background-color: #FFFFFF;font-weight: bold;\">Abril<\/td><td style=\"color: #000000; background-color: #FFFFFF;font-weight: bold;\">Jassiane Gomes dos Santos<\/td><td style=\"color: #000000; background-color: #FFFFFF;font-weight: bold;\">Auxiliar de Servi\u00e7os Gerais <\/td><td style=\"color: #000000; background-color: #FFFFFF;font-weight: bold;\">GARRA FORTE ADMINISTRA\u00c7\u00c3O E SERVI\u00c7OS LTDA-EPP CNPJ 07.262.535\/0001-80<\/td><td style=\"color: #000000; background-color: #FFFFFF;font-weight: bold;\"><\/td><\/tr><tr><td style=\"color: #000000; background-color: #FFFFFF;font-weight: bold;\">2023<\/td><td style=\"color: #000000; background-color: #FFFFFF;font-weight: bold;\">Abril<\/td><td style=\"color: #000000; background-color: #FFFFFF;font-weight: bold;\">Aline Paix\u00e3o da Silva<\/td><td style=\"color: #000000; background-color: #FFFFFF;font-weight: bold;\">Auxiliar de Servi\u00e7os Gerais <\/td><td style=\"color: #000000; background-color: #FFFFFF;font-weight: bold;\">GARRA FORTE ADMINISTRA\u00c7\u00c3O E SERVI\u00c7OS LTDA-EPP CNPJ 07.262.535\/0001-80<\/td><td style=\"color: #000000; background-color: #FFFFFF;font-weight: bold;\"><\/td><\/tr><tr><td style=\"color: #000000; background-color: #FFFFFF;font-weight: bold;\">2023<\/td><td style=\"color: #000000; background-color: #FFFFFF;font-weight: bold;\">Abril<\/td><td style=\"color: #000000; background-color: #FFFFFF;font-weight: bold;\">Rosangela Pereira da Silva<\/td><td style=\"color: #000000; background-color: #FFFFFF;font-weight: bold;\">Auxiliar de Servi\u00e7os Gerais <\/td><td style=\"color: #000000; background-color: #FFFFFF;font-weight: bold;\">GARRA FORTE ADMINISTRA\u00c7\u00c3O E SERVI\u00c7OS LTDA-EPP CNPJ 07.262.535\/0001-80<\/td><td style=\"color: #000000; background-color: #FFFFFF;font-weight: bold;\"><\/td><\/tr><tr><td style=\"color: #000000; background-color: #FFFFFF;font-weight: bold;\">2023<\/td><td style=\"color: #000000; background-color: #FFFFFF;font-weight: bold;\">Abril<\/td><td style=\"color: #000000; background-color: #FFFFFF;font-weight: bold;\">Vanderluz da Costa Quintanilha <\/td><td style=\"color: #000000; background-color: #FFFFFF;font-weight: bold;\">Auxiliar de Jardinajem<\/td><td style=\"color: #000000; background-color: #FFFFFF;font-weight: bold;\">GARRA FORTE ADMINISTRA\u00c7\u00c3O E SERVI\u00c7OS LTDA-EPP CNPJ 07.262.535\/0001-80<\/td><td style=\"color: #000000; background-color: #FFFFFF;font-weight: bold;\"><\/td><\/tr><tr><td style=\"color: #000000; background-color: #FFFFFF;font-weight: bold;\">2023<\/td><td style=\"color: #000000; background-color: #FFFFFF;font-weight: bold;\">Abril<\/td><td style=\"color: #000000; background-color: #FFFFFF;font-weight: bold;\">Felipe Moreira<\/td><td style=\"color: #000000; background-color: #FFFFFF;font-weight: bold;\">Auxiliar de Jardinajem<\/td><td style=\"color: #000000; background-color: #FFFFFF;font-weight: bold;\">GARRA FORTE ADMINISTRA\u00c7\u00c3O E SERVI\u00c7OS LTDA-EPP CNPJ 07.262.535\/0001-80<\/td><td style=\"color: #000000; background-color: #FFFFFF;font-weight: bold;\"><\/td><\/tr><tr><td style=\"color: #000000; background-color: #FFFFFF;font-weight: bold;\">2023<\/td><td style=\"color: #000000; background-color: #FFFFFF;font-weight: bold;\">Abril<\/td><td style=\"color: #000000; background-color: #FFFFFF;font-weight: bold;\">Agnus Souza Duarte <\/td><td style=\"color: #000000; background-color: #FFFFFF;font-weight: bold;\">Vigia Noturno <\/td><td style=\"color: #000000; background-color: #FFFFFF;font-weight: bold;\">GARANTIA PRESTA\u00c7\u00c3O DE SERVI\u00c7OS LTDA CNPJ 20.246.451\/0001-10<\/td><td style=\"color: #000000; background-color: #FFFFFF;font-weight: bold;\"><\/td><\/tr><tr><td style=\"color: #000000; background-color: #FFFFFF;font-weight: bold;\">2023<\/td><td style=\"color: #000000; background-color: #FFFFFF;font-weight: bold;\">Abril<\/td><td style=\"color: #000000; background-color: #FFFFFF;font-weight: bold;\">Gerv\u00e1sio da Costa Marques Filho <\/td><td style=\"color: #000000; background-color: #FFFFFF;font-weight: bold;\">Vigia Noturno <\/td><td style=\"color: #000000; background-color: #FFFFFF;font-weight: bold;\">GARANTIA PRESTA\u00c7\u00c3O DE SERVI\u00c7OS LTDA CNPJ 20.246.451\/0001-10<\/td><td style=\"color: #000000; background-color: #FFFFFF;font-weight: bold;\"><\/td><\/tr><tr><td style=\"color: #000000; background-color: #FFFFFF;font-weight: bold;\">2023<\/td><td style=\"color: #000000; background-color: #FFFFFF;font-weight: bold;\">Abril<\/td><td style=\"color: #000000; background-color: #FFFFFF;font-weight: bold;\">Victor Barbosa do Prado <\/td><td style=\"color: #000000; background-color: #FFFFFF;font-weight: bold;\">Vigia Noturno <\/td><td style=\"color: #000000; background-color: #FFFFFF;font-weight: bold;\">GARANTIA PRESTA\u00c7\u00c3O DE SERVI\u00c7OS LTDA CNPJ 20.246.451\/0001-10<\/td><td style=\"color: #000000; background-color: #FFFFFF;font-weight: bold;\"><\/td><\/tr><tr><td style=\"color: #000000; background-color: #FFFFFF;font-weight: bold;\">2023<\/td><td style=\"color: #000000; background-color: #FFFFFF;font-weight: bold;\">Abril<\/td><td style=\"color: #000000; background-color: #FFFFFF;font-weight: bold;\">Jos\u00e9 Pereira dos Santos <\/td><td style=\"color: #000000; background-color: #FFFFFF;font-weight: bold;\">Vigia Noturno <\/td><td style=\"color: #000000; background-color: #FFFFFF;font-weight: bold;\">GARANTIA PRESTA\u00c7\u00c3O DE SERVI\u00c7OS LTDA CNPJ 20.246.451\/0001-10<\/td><td style=\"color: #000000; background-color: #FFFFFF;font-weight: bold;\"><\/td><\/tr><tr><td style=\"color: #000000; background-color: #FFFFFF;font-weight: bold;\">2023<\/td><td style=\"color: #000000; background-color: #FFFFFF;font-weight: bold;\">Abril<\/td><td style=\"color: #000000; background-color: #FFFFFF;font-weight: bold;\">Gislene Mendes do Vale<\/td><td style=\"color: #000000; background-color: #FFFFFF;font-weight: bold;\">Porteiro Diurno <\/td><td style=\"color: #000000; background-color: #FFFFFF;font-weight: bold;\">GARANTIA PRESTA\u00c7\u00c3O DE SERVI\u00c7OS LTDA CNPJ 20.246.451\/0001-10<\/td><td style=\"color: #000000; background-color: #FFFFFF;font-weight: bold;\"><\/td><\/tr><tr><td style=\"color: #000000; background-color: #FFFFFF;font-weight: bold;\">2023<\/td><td style=\"color: #000000; background-color: #FFFFFF;font-weight: bold;\">Abril<\/td><td style=\"color: #000000; background-color: #FFFFFF;font-weight: bold;\">Pedro Henrique Gomes de Ara\u00fajo<\/td><td style=\"color: #000000; background-color: #FFFFFF;font-weight: bold;\">Porteiro Diurno <\/td><td style=\"color: #000000; background-color: #FFFFFF;font-weight: bold;\">GARANTIA PRESTA\u00c7\u00c3O DE SERVI\u00c7OS LTDA CNPJ 20.246.451\/0001-10<\/td><td style=\"color: #000000; background-color: #FFFFFF;font-weight: bold;\"><\/td><\/tr><tr><td style=\"color: #000000; background-color: #FFFFFF;font-weight: bold;\">2023<\/td><td style=\"color: #000000; background-color: #FFFFFF;font-weight: bold;\">Abril<\/td><td style=\"color: #000000; background-color: #FFFFFF;font-weight: bold;\">Giselle Oliveira da Silva<\/td><td style=\"color: #000000; background-color: #FFFFFF;font-weight: bold;\">Porteiro Diurno <\/td><td style=\"color: #000000; background-color: #FFFFFF;font-weight: bold;\">GARANTIA PRESTA\u00c7\u00c3O DE SERVI\u00c7OS LTDA CNPJ 20.246.451\/0001-10<\/td><td style=\"color: #000000; background-color: #FFFFFF;font-weight: bold;\"><\/td><\/tr><tr><td style=\"color: #000000; background-color: #FFFFFF;font-weight: bold;\">2023<\/td><td style=\"color: #000000; background-color: #FFFFFF;font-weight: bold;\">Abril<\/td><td style=\"color: #000000; background-color: #FFFFFF;font-weight: bold;\">Vanderlino da Silva Ramos<\/td><td style=\"color: #000000; background-color: #FFFFFF;font-weight: bold;\">Porteiro Diurno <\/td><td style=\"color: #000000; background-color: #FFFFFF;font-weight: bold;\">GARANTIA PRESTA\u00c7\u00c3O DE SERVI\u00c7OS LTDA CNPJ 20.246.451\/0001-10<\/td><td style=\"color: #000000; background-color: #FFFFFF;font-weight: bold;\"><\/td><\/tr><tr><td style=\"color: #000000; background-color: #FFFFFF;font-weight: bold;\">2023<\/td><td style=\"color: #000000; background-color: #FFFFFF;font-weight: bold;\">Abril<\/td><td style=\"color: #000000; background-color: #FFFFFF;font-weight: bold;\">Juscilene Sampaio da Silva <\/td><td style=\"color: #000000; background-color: #FFFFFF;font-weight: bold;\">Recepcionista <\/td><td style=\"color: #000000; background-color: #FFFFFF;font-weight: bold;\">GARANTIA PRESTA\u00c7\u00c3O DE SERVI\u00c7OS LTDA CNPJ 20.246.451\/0001-10<\/td><td style=\"color: #000000; background-color: #FFFFFF;font-weight: bold;\"><\/td><\/tr><tr><td style=\"color: #000000; background-color: #FFFFFF;font-weight: bold;\">2023<\/td><td style=\"color: #000000; background-color: #FFFFFF;font-weight: bold;\">Abril<\/td><td style=\"color: #000000; background-color: #FFFFFF;font-weight: bold;\">Rogerio Oliveira Silva <\/td><td style=\"color: #000000; background-color: #FFFFFF;font-weight: bold;\">Aux. Man. Predial <\/td><td style=\"color: #000000; background-color: #FFFFFF;font-weight: bold;\">GARANTIA PRESTA\u00c7\u00c3O DE SERVI\u00c7OS LTDA CNPJ 20.246.451\/0001-10<\/td><td style=\"color: #000000; background-color: #FFFFFF;font-weight: bold;\"><\/td><\/tr><tr><td style=\"color: #000000; background-color: #FFFFFF;font-weight: bold;\">2023<\/td><td style=\"color: #000000; background-color: #FFFFFF;font-weight: bold;\">Abril<\/td><td style=\"color: #000000; background-color: #FFFFFF;font-weight: bold;\">Maria Aldileide da Silva<\/td><td style=\"color: #000000; background-color: #FFFFFF;font-weight: bold;\">Copeira <\/td><td style=\"color: #000000; background-color: #FFFFFF;font-weight: bold;\">GARANTIA PRESTA\u00c7\u00c3O DE SERVI\u00c7OS LTDA CNPJ 20.246.451\/0001-10<\/td><td style=\"color: #000000; background-color: #FFFFFF;font-weight: bold;\"><\/td><\/tr><tr><td style=\"color: #000000; background-color: #FFFFFF;font-weight: bold;\">2023<\/td><td style=\"color: #000000; background-color: #FFFFFF;font-weight: bold;\">Abril<\/td><td style=\"color: #000000; background-color: #FFFFFF;font-weight: bold;\"> Mara Rubia Martins da Silva <\/td><td style=\"color: #000000; background-color: #FFFFFF;font-weight: bold;\">Porteiro Diurno <\/td><td style=\"color: #000000; background-color: #FFFFFF;font-weight: bold;\">GARANTIA PRESTA\u00c7\u00c3O DE SERVI\u00c7OS LTDA CNPJ 20.246.451\/0001-10<\/td><td style=\"color: #000000; background-color: #FFFFFF;font-weight: bold;\"><\/td><\/tr><tr><td style=\"color: #000000; background-color: #FFFFFF;font-weight: bold;\">2023<\/td><td style=\"color: #000000; background-color: #FFFFFF;font-weight: bold;\">Abril<\/td><td style=\"color: #000000; background-color: #FFFFFF;font-weight: bold;\"> Raiclan Lima Feitosa<\/td><td style=\"color: #000000; background-color: #FFFFFF;font-weight: bold;\">Porteiro Diurno <\/td><td style=\"color: #000000; background-color: #FFFFFF;font-weight: bold;\">GARANTIA PRESTA\u00c7\u00c3O DE SERVI\u00c7OS LTDA CNPJ 20.246.451\/0001-10<\/td><td style=\"color: #000000; background-color: #FFFFFF;font-weight: bold;\"><\/td><\/tr><tr><td style=\"color: #000000; background-color: #FFFFFF;font-weight: bold;\">2023<\/td><td style=\"color: #000000; background-color: #FFFFFF;font-weight: bold;\">Mar\u00e7o<\/td><td style=\"color: #000000; background-color: #FFFFFF;font-weight: bold;\">Agnus Souza Duarte <\/td><td style=\"color: #000000; background-color: #FFFFFF;font-weight: bold;\">Vigia Noturno <\/td><td style=\"color: #000000; background-color: #FFFFFF;font-weight: bold;\">GARANTIA PRESTA\u00c7\u00c3O DE SERVI\u00c7OS LTDA CNPJ 20.246.451\/0001-10<\/td><td style=\"color: #000000; background-color: #FFFFFF;font-weight: bold;\"><\/td><\/tr><tr><td style=\"color: #000000; background-color: #FFFFFF;font-weight: bold;\">2023<\/td><td style=\"color: #000000; background-color: #FFFFFF;font-weight: bold;\">Mar\u00e7o<\/td><td style=\"color: #000000; background-color: #FFFFFF;font-weight: bold;\">Gerv\u00e1sio da Costa Marques Filho <\/td><td style=\"color: #000000; background-color: #FFFFFF;font-weight: bold;\">Vigia Noturno <\/td><td style=\"color: #000000; background-color: #FFFFFF;font-weight: bold;\">GARANTIA PRESTA\u00c7\u00c3O DE SERVI\u00c7OS LTDA CNPJ 20.246.451\/0001-10<\/td><td style=\"color: #000000; background-color: #FFFFFF;font-weight: bold;\"><\/td><\/tr><tr><td style=\"color: #000000; background-color: #FFFFFF;font-weight: bold;\">2023<\/td><td style=\"color: #000000; background-color: #FFFFFF;font-weight: bold;\">Mar\u00e7o<\/td><td style=\"color: #000000; background-color: #FFFFFF;font-weight: bold;\">Victor Barbosa do Prado <\/td><td style=\"color: #000000; background-color: #FFFFFF;font-weight: bold;\">Vigia Noturno <\/td><td style=\"color: #000000; background-color: #FFFFFF;font-weight: bold;\">GARANTIA PRESTA\u00c7\u00c3O DE SERVI\u00c7OS LTDA CNPJ 20.246.451\/0001-10<\/td><td style=\"color: #000000; background-color: #FFFFFF;font-weight: bold;\"><\/td><\/tr><tr><td style=\"color: #000000; background-color: #FFFFFF;font-weight: bold;\">2023<\/td><td style=\"color: #000000; background-color: #FFFFFF;font-weight: bold;\">Mar\u00e7o<\/td><td style=\"color: #000000; background-color: #FFFFFF;font-weight: bold;\">Jos\u00e9 Pereira dos Santos <\/td><td style=\"color: #000000; background-color: #FFFFFF;font-weight: bold;\">Vigia Noturno <\/td><td style=\"color: #000000; background-color: #FFFFFF;font-weight: bold;\">GARANTIA PRESTA\u00c7\u00c3O DE SERVI\u00c7OS LTDA CNPJ 20.246.451\/0001-10<\/td><td style=\"color: #000000; background-color: #FFFFFF;font-weight: bold;\"><\/td><\/tr><tr><td style=\"color: #000000; background-color: #FFFFFF;font-weight: bold;\">2023<\/td><td style=\"color: #000000; background-color: #FFFFFF;font-weight: bold;\">Mar\u00e7o<\/td><td style=\"color: #000000; background-color: #FFFFFF;font-weight: bold;\">Gislene Mendes do Vale<\/td><td style=\"color: #000000; background-color: #FFFFFF;font-weight: bold;\">Porteiro Diurno <\/td><td style=\"color: #000000; background-color: #FFFFFF;font-weight: bold;\">GARANTIA PRESTA\u00c7\u00c3O DE SERVI\u00c7OS LTDA CNPJ 20.246.451\/0001-10<\/td><td style=\"color: #000000; background-color: #FFFFFF;font-weight: bold;\"><\/td><\/tr><tr><td style=\"color: #000000; background-color: #FFFFFF;font-weight: bold;\">2023<\/td><td style=\"color: #000000; background-color: #FFFFFF;font-weight: bold;\">Mar\u00e7o<\/td><td style=\"color: #000000; background-color: #FFFFFF;font-weight: bold;\">Pedro Henrique Gomes de Ara\u00fajo <\/td><td style=\"color: #000000; background-color: #FFFFFF;font-weight: bold;\">Porteiro Diurno <\/td><td style=\"color: #000000; background-color: #FFFFFF;font-weight: bold;\">GARANTIA PRESTA\u00c7\u00c3O DE SERVI\u00c7OS LTDA CNPJ 20.246.451\/0001-10<\/td><td style=\"color: #000000; background-color: #FFFFFF;font-weight: bold;\"><\/td><\/tr><tr><td style=\"color: #000000; background-color: #FFFFFF;font-weight: bold;\">2023<\/td><td style=\"color: #000000; background-color: #FFFFFF;font-weight: bold;\">Mar\u00e7o<\/td><td style=\"color: #000000; background-color: #FFFFFF;font-weight: bold;\">Gissele Oliveira da Silva <\/td><td style=\"color: #000000; background-color: #FFFFFF;font-weight: bold;\">Porteiro Diurno <\/td><td style=\"color: #000000; background-color: #FFFFFF;font-weight: bold;\">GARANTIA PRESTA\u00c7\u00c3O DE SERVI\u00c7OS LTDA CNPJ 20.246.451\/0001-10<\/td><td style=\"color: #000000; background-color: #FFFFFF;font-weight: bold;\"><\/td><\/tr><tr><td style=\"color: #000000; background-color: #FFFFFF;font-weight: bold;\">2023<\/td><td style=\"color: #000000; background-color: #FFFFFF;font-weight: bold;\">Mar\u00e7o<\/td><td style=\"color: #000000; background-color: #FFFFFF;font-weight: bold;\">Vanderlino da Silva Ramos <\/td><td style=\"color: #000000; background-color: #FFFFFF;font-weight: bold;\">Porteiro Diurno <\/td><td style=\"color: #000000; background-color: #FFFFFF;font-weight: bold;\">GARANTIA PRESTA\u00c7\u00c3O DE SERVI\u00c7OS LTDA CNPJ 20.246.451\/0001-10<\/td><td style=\"color: #000000; background-color: #FFFFFF;font-weight: bold;\"><\/td><\/tr><tr><td style=\"color: #000000; background-color: #FFFFFF;font-weight: bold;\">2023<\/td><td style=\"color: #000000; background-color: #FFFFFF;font-weight: bold;\">Mar\u00e7o<\/td><td style=\"color: #000000; background-color: #FFFFFF;font-weight: bold;\">Juscilene Sampaio da Silva <\/td><td style=\"color: #000000; background-color: #FFFFFF;font-weight: bold;\">Recepcionista <\/td><td style=\"color: #000000; background-color: #FFFFFF;font-weight: bold;\">GARANTIA PRESTA\u00c7\u00c3O DE SERVI\u00c7OS LTDA CNPJ 20.246.451\/0001-10<\/td><td style=\"color: #000000; background-color: #FFFFFF;font-weight: bold;\"><\/td><\/tr><tr><td style=\"color: #000000; background-color: #FFFFFF;font-weight: bold;\">2023<\/td><td style=\"color: #000000; background-color: #FFFFFF;font-weight: bold;\">Mar\u00e7o<\/td><td style=\"color: #000000; background-color: #FFFFFF;font-weight: bold;\">Rogerio Oliveira Silva\/ Luciano Serafin<\/td><td style=\"color: #000000; background-color: #FFFFFF;font-weight: bold;\">Aux. Man. Predial <\/td><td style=\"color: #000000; background-color: #FFFFFF;font-weight: bold;\">GARANTIA PRESTA\u00c7\u00c3O DE SERVI\u00c7OS LTDA CNPJ 20.246.451\/0001-10<\/td><td style=\"color: #000000; background-color: #FFFFFF;font-weight: bold;\"><\/td><\/tr><tr><td style=\"color: #000000; background-color: #FFFFFF;font-weight: bold;\">2023<\/td><td style=\"color: #000000; background-color: #FFFFFF;font-weight: bold;\">Mar\u00e7o<\/td><td style=\"color: #000000; background-color: #FFFFFF;font-weight: bold;\">Maria Aldileide da Silva<\/td><td style=\"color: #000000; background-color: #FFFFFF;font-weight: bold;\">Copeira <\/td><td style=\"color: #000000; background-color: #FFFFFF;font-weight: bold;\">GARANTIA PRESTA\u00c7\u00c3O DE SERVI\u00c7OS LTDA CNPJ 20.246.451\/0001-10<\/td><td style=\"color: #000000; background-color: #FFFFFF;font-weight: bold;\"><\/td><\/tr><tr><td style=\"color: #000000; background-color: #FFFFFF;font-weight: bold;\">2023<\/td><td style=\"color: #000000; background-color: #FFFFFF;font-weight: bold;\">Mar\u00e7o<\/td><td style=\"color: #000000; background-color: #FFFFFF;font-weight: bold;\"> Mara Rubia Martins da Silva <\/td><td style=\"color: #000000; background-color: #FFFFFF;font-weight: bold;\">Porteiro Diurno <\/td><td style=\"color: #000000; background-color: #FFFFFF;font-weight: bold;\">GARANTIA PRESTA\u00c7\u00c3O DE SERVI\u00c7OS LTDA CNPJ 20.246.451\/0001-10<\/td><td style=\"color: #000000; background-color: #FFFFFF;font-weight: bold;\"><\/td><\/tr><tr><td style=\"color: #000000; background-color: #FFFFFF;font-weight: bold;\">2023<\/td><td style=\"color: #000000; background-color: #FFFFFF;font-weight: bold;\">Mar\u00e7o<\/td><td style=\"color: #000000; background-color: #FFFFFF;font-weight: bold;\"> Marcilene Alves Dias<\/td><td style=\"color: #000000; background-color: #FFFFFF;font-weight: bold;\">Porteiro Diurno <\/td><td style=\"color: #000000; background-color: #FFFFFF;font-weight: bold;\">GARANTIA PRESTA\u00c7\u00c3O DE SERVI\u00c7OS LTDA CNPJ 20.246.451\/0001-10<\/td><td style=\"color: #000000; background-color: #FFFFFF;font-weight: bold;\"><\/td><\/tr><tr><td style=\"color: #000000; background-color: #FFFFFF;font-weight: bold;\">2023<\/td><td style=\"color: #000000; background-color: #FFFFFF;font-weight: bold;\">Mar\u00e7o<\/td><td style=\"color: #000000; background-color: #FFFFFF;font-weight: bold;\">Floraci Pires da Costa Silva<\/td><td style=\"color: #000000; background-color: #FFFFFF;font-weight: bold;\">Auxiliar de Servi\u00e7os Gerais <\/td><td style=\"color: #000000; background-color: #FFFFFF;font-weight: bold;\">GARRA FORTE ADMINISTRA\u00c7\u00c3O E SERVI\u00c7OS LTDA-EPP CNPJ 07.262.535\/0001-80<\/td><td style=\"color: #000000; background-color: #FFFFFF;font-weight: bold;\"><\/td><\/tr><tr><td style=\"color: #000000; background-color: #FFFFFF;font-weight: bold;\">2023<\/td><td style=\"color: #000000; background-color: #FFFFFF;font-weight: bold;\">Mar\u00e7o<\/td><td style=\"color: #000000; background-color: #FFFFFF;font-weight: bold;\">Iraildes Pedro de Jesus <\/td><td style=\"color: #000000; background-color: #FFFFFF;font-weight: bold;\">Auxiliar de Servi\u00e7os Gerais <\/td><td style=\"color: #000000; background-color: #FFFFFF;font-weight: bold;\">GARRA FORTE ADMINISTRA\u00c7\u00c3O E SERVI\u00c7OS LTDA-EPP CNPJ 07.262.535\/0001-80<\/td><td style=\"color: #000000; background-color: #FFFFFF;font-weight: bold;\"><\/td><\/tr><tr><td style=\"color: #000000; background-color: #FFFFFF;font-weight: bold;\">2023<\/td><td style=\"color: #000000; background-color: #FFFFFF;font-weight: bold;\">Mar\u00e7o<\/td><td style=\"color: #000000; background-color: #FFFFFF;font-weight: bold;\">Jassiane Gomes dos Santos<\/td><td style=\"color: #000000; background-color: #FFFFFF;font-weight: bold;\">Auxiliar de Servi\u00e7os Gerais <\/td><td style=\"color: #000000; background-color: #FFFFFF;font-weight: bold;\">GARRA FORTE ADMINISTRA\u00c7\u00c3O E SERVI\u00c7OS LTDA-EPP CNPJ 07.262.535\/0001-80<\/td><td style=\"color: #000000; background-color: #FFFFFF;font-weight: bold;\"><\/td><\/tr><tr><td style=\"color: #000000; background-color: #FFFFFF;font-weight: bold;\">2023<\/td><td style=\"color: #000000; background-color: #FFFFFF;font-weight: bold;\">Mar\u00e7o<\/td><td style=\"color: #000000; background-color: #FFFFFF;font-weight: bold;\">Rosangela Pereira da Silva<\/td><td style=\"color: #000000; background-color: #FFFFFF;font-weight: bold;\">Auxiliar de Servi\u00e7os Gerais <\/td><td style=\"color: #000000; background-color: #FFFFFF;font-weight: bold;\">GARRA FORTE ADMINISTRA\u00c7\u00c3O E SERVI\u00c7OS LTDA-EPP CNPJ 07.262.535\/0001-80<\/td><td style=\"color: #000000; background-color: #FFFFFF;font-weight: bold;\"><\/td><\/tr><tr><td style=\"color: #000000; background-color: #FFFFFF;font-weight: bold;\">2023<\/td><td style=\"color: #000000; background-color: #FFFFFF;font-weight: bold;\">Mar\u00e7o<\/td><td style=\"color: #000000; background-color: #FFFFFF;font-weight: bold;\">Felipe Moreira<\/td><td style=\"color: #000000; background-color: #FFFFFF;font-weight: bold;\">Auxiliar de Servi\u00e7os Gerais <\/td><td style=\"color: #000000; background-color: #FFFFFF;font-weight: bold;\">GARRA FORTE ADMINISTRA\u00c7\u00c3O E SERVI\u00c7OS LTDA-EPP CNPJ 07.262.535\/0001-80<\/td><td style=\"color: #000000; background-color: #FFFFFF;font-weight: bold;\"><\/td><\/tr><tr><td style=\"color: #000000; background-color: #FFFFFF;font-weight: bold;\">2023<\/td><td style=\"color: #000000; background-color: #FFFFFF;font-weight: bold;\">Mar\u00e7o<\/td><td style=\"color: #000000; background-color: #FFFFFF;font-weight: bold;\">Vanderluz da Costa Quintanilha <\/td><td style=\"color: #000000; background-color: #FFFFFF;font-weight: bold;\">Auxiliar de Servi\u00e7os Gerais <\/td><td style=\"color: #000000; background-color: #FFFFFF;font-weight: bold;\">GARRA FORTE ADMINISTRA\u00c7\u00c3O E SERVI\u00c7OS LTDA-EPP CNPJ 07.262.535\/0001-80<\/td><td style=\"color: #000000; background-color: #FFFFFF;font-weight: bold;\"><\/td><\/tr><tr><td style=\"color: #000000; background-color: #FFFFFF;font-weight: bold;\">2023<\/td><td style=\"color: #000000; background-color: #FFFFFF;font-weight: bold;\">Mar\u00e7o<\/td><td style=\"color: #000000; background-color: #FFFFFF;font-weight: bold;\">Nelson Jose  da Silva<\/td><td style=\"color: #000000; background-color: #FFFFFF;font-weight: bold;\">Auxiliar de Servi\u00e7os Gerais <\/td><td style=\"color: #000000; background-color: #FFFFFF;font-weight: bold;\">GARRA FORTE ADMINISTRA\u00c7\u00c3O E SERVI\u00c7OS LTDA-EPP CNPJ 07.262.535\/0001-80<\/td><td style=\"color: #000000; background-color: #FFFFFF;font-weight: bold;\"><\/td><\/tr><tr><td style=\"color: #000000; background-color: #FFFFFF;font-weight: bold;\">2023<\/td><td style=\"color: #000000; background-color: #FFFFFF;font-weight: bold;\">Fevereiro<\/td><td style=\"color: #000000; background-color: #FFFFFF;font-weight: bold;\">Agnus Souza Duarte <\/td><td style=\"color: #000000; background-color: #FFFFFF;font-weight: bold;\">Vigia Noturno <\/td><td style=\"color: #000000; background-color: #FFFFFF;font-weight: bold;\">GARANTIA PRESTA\u00c7\u00c3O DE SERVI\u00c7OS LTDA CNPJ 20.246.451\/0001-10<\/td><td style=\"color: #000000; background-color: #FFFFFF;font-weight: bold;\"><\/td><\/tr><tr><td style=\"color: #000000; background-color: #FFFFFF;font-weight: bold;\">2023<\/td><td style=\"color: #000000; background-color: #FFFFFF;font-weight: bold;\">Fevereiro<\/td><td style=\"color: #000000; background-color: #FFFFFF;font-weight: bold;\">Gerv\u00e1sio da Costa Marques Filho <\/td><td style=\"color: #000000; background-color: #FFFFFF;font-weight: bold;\">Vigia Noturno <\/td><td style=\"color: #000000; background-color: #FFFFFF;font-weight: bold;\">GARANTIA PRESTA\u00c7\u00c3O DE SERVI\u00c7OS LTDA CNPJ 20.246.451\/0001-10<\/td><td style=\"color: #000000; background-color: #FFFFFF;font-weight: bold;\"><\/td><\/tr><tr><td style=\"color: #000000; background-color: #FFFFFF;font-weight: bold;\">2023<\/td><td style=\"color: #000000; background-color: #FFFFFF;font-weight: bold;\">Fevereiro<\/td><td style=\"color: #000000; background-color: #FFFFFF;font-weight: bold;\">Jos\u00e9 Pereira dos Santos <\/td><td style=\"color: #000000; background-color: #FFFFFF;font-weight: bold;\">Vigia Noturno <\/td><td style=\"color: #000000; background-color: #FFFFFF;font-weight: bold;\">GARANTIA PRESTA\u00c7\u00c3O DE SERVI\u00c7OS LTDA CNPJ 20.246.451\/0001-10<\/td><td style=\"color: #000000; background-color: #FFFFFF;font-weight: bold;\"><\/td><\/tr><tr><td style=\"color: #000000; background-color: #FFFFFF;font-weight: bold;\">2023<\/td><td style=\"color: #000000; background-color: #FFFFFF;font-weight: bold;\">Fevereiro<\/td><td style=\"color: #000000; background-color: #FFFFFF;font-weight: bold;\">Victor Barbosa do Prado <\/td><td style=\"color: #000000; background-color: #FFFFFF;font-weight: bold;\">Vigia Noturno <\/td><td style=\"color: #000000; background-color: #FFFFFF;font-weight: bold;\">GARANTIA PRESTA\u00c7\u00c3O DE SERVI\u00c7OS LTDA CNPJ 20.246.451\/0001-10<\/td><td style=\"color: #000000; background-color: #FFFFFF;font-weight: bold;\"><\/td><\/tr><tr><td style=\"color: #000000; background-color: #FFFFFF;font-weight: bold;\">2023<\/td><td style=\"color: #000000; background-color: #FFFFFF;font-weight: bold;\">Fevereiro<\/td><td style=\"color: #000000; background-color: #FFFFFF;font-weight: bold;\">Pedro Henrique Gomes de Ara\u00fajo <\/td><td style=\"color: #000000; background-color: #FFFFFF;font-weight: bold;\">Porteiro Diurno <\/td><td style=\"color: #000000; background-color: #FFFFFF;font-weight: bold;\">GARANTIA PRESTA\u00c7\u00c3O DE SERVI\u00c7OS LTDA CNPJ 20.246.451\/0001-10<\/td><td style=\"color: #000000; background-color: #FFFFFF;font-weight: bold;\"><\/td><\/tr><tr><td style=\"color: #000000; background-color: #FFFFFF;font-weight: bold;\">2023<\/td><td style=\"color: #000000; background-color: #FFFFFF;font-weight: bold;\">Fevereiro<\/td><td style=\"color: #000000; background-color: #FFFFFF;font-weight: bold;\">Gislene Mendes do Vale <\/td><td style=\"color: #000000; background-color: #FFFFFF;font-weight: bold;\">Porteiro Diurno <\/td><td style=\"color: #000000; background-color: #FFFFFF;font-weight: bold;\">GARANTIA PRESTA\u00c7\u00c3O DE SERVI\u00c7OS LTDA CNPJ 20.246.451\/0001-10<\/td><td style=\"color: #000000; background-color: #FFFFFF;font-weight: bold;\"><\/td><\/tr><tr><td style=\"color: #000000; background-color: #FFFFFF;font-weight: bold;\">2023<\/td><td style=\"color: #000000; background-color: #FFFFFF;font-weight: bold;\">Fevereiro<\/td><td style=\"color: #000000; background-color: #FFFFFF;font-weight: bold;\">Vanderlino da Silva Ramos <\/td><td style=\"color: #000000; background-color: #FFFFFF;font-weight: bold;\">Porteiro Diurno <\/td><td style=\"color: #000000; background-color: #FFFFFF;font-weight: bold;\">GARANTIA PRESTA\u00c7\u00c3O DE SERVI\u00c7OS LTDA CNPJ 20.246.451\/0001-10<\/td><td style=\"color: #000000; background-color: #FFFFFF;font-weight: bold;\"><\/td><\/tr><tr><td style=\"color: #000000; background-color: #FFFFFF;font-weight: bold;\">2023<\/td><td style=\"color: #000000; background-color: #FFFFFF;font-weight: bold;\">Fevereiro<\/td><td style=\"color: #000000; background-color: #FFFFFF;font-weight: bold;\">Mara Rubia Martins da Silva<\/td><td style=\"color: #000000; background-color: #FFFFFF;font-weight: bold;\">Porteiro Diurno <\/td><td style=\"color: #000000; background-color: #FFFFFF;font-weight: bold;\">GARANTIA PRESTA\u00c7\u00c3O DE SERVI\u00c7OS LTDA CNPJ 20.246.451\/0001-10<\/td><td style=\"color: #000000; background-color: #FFFFFF;font-weight: bold;\"><\/td><\/tr><tr><td style=\"color: #000000; background-color: #FFFFFF;font-weight: bold;\">2023<\/td><td style=\"color: #000000; background-color: #FFFFFF;font-weight: bold;\">Fevereiro<\/td><td style=\"color: #000000; background-color: #FFFFFF;font-weight: bold;\">Juscilene Sampaio da Silva <\/td><td style=\"color: #000000; background-color: #FFFFFF;font-weight: bold;\">Recepcionista <\/td><td style=\"color: #000000; background-color: #FFFFFF;font-weight: bold;\">GARANTIA PRESTA\u00c7\u00c3O DE SERVI\u00c7OS LTDA CNPJ 20.246.451\/0001-10<\/td><td style=\"color: #000000; background-color: #FFFFFF;font-weight: bold;\"><\/td><\/tr><tr><td style=\"color: #000000; background-color: #FFFFFF;font-weight: bold;\">2023<\/td><td style=\"color: #000000; background-color: #FFFFFF;font-weight: bold;\">Fevereiro<\/td><td style=\"color: #000000; background-color: #FFFFFF;font-weight: bold;\">Rogerio Oliveira Silva<\/td><td style=\"color: #000000; background-color: #FFFFFF;font-weight: bold;\">Aux. Man. Predial <\/td><td style=\"color: #000000; background-color: #FFFFFF;font-weight: bold;\">GARANTIA PRESTA\u00c7\u00c3O DE SERVI\u00c7OS LTDA CNPJ 20.246.451\/0001-10<\/td><td style=\"color: #000000; background-color: #FFFFFF;font-weight: bold;\"><\/td><\/tr><tr><td style=\"color: #000000; background-color: #FFFFFF;font-weight: bold;\">2023<\/td><td style=\"color: #000000; background-color: #FFFFFF;font-weight: bold;\">Fevereiro<\/td><td style=\"color: #000000; background-color: #FFFFFF;font-weight: bold;\">Maria Aldileide da Silva <\/td><td style=\"color: #000000; background-color: #FFFFFF;font-weight: bold;\">Copeira <\/td><td style=\"color: #000000; background-color: #FFFFFF;font-weight: bold;\">GARANTIA PRESTA\u00c7\u00c3O DE SERVI\u00c7OS LTDA CNPJ 20.246.451\/0001-10<\/td><td style=\"color: #000000; background-color: #FFFFFF;font-weight: bold;\"><\/td><\/tr><tr><td style=\"color: #000000; background-color: #FFFFFF;font-weight: bold;\">2023<\/td><td style=\"color: #000000; background-color: #FFFFFF;font-weight: bold;\">Fevereiro<\/td><td style=\"color: #000000; background-color: #FFFFFF;font-weight: bold;\">Floraci Pires da Costa Silva<\/td><td style=\"color: #000000; background-color: #FFFFFF;font-weight: bold;\">Auxiliar de Servi\u00e7os Gerais <\/td><td style=\"color: #000000; background-color: #FFFFFF;font-weight: bold;\">GARRA FORTE ADMINISTRA\u00c7\u00c3O E SERVI\u00c7OS LTDA-EPP CNPJ 07.262.535\/0001-80<\/td><td style=\"color: #000000; background-color: #FFFFFF;font-weight: bold;\"><\/td><\/tr><tr><td style=\"color: #000000; background-color: #FFFFFF;font-weight: bold;\">2023<\/td><td style=\"color: #000000; background-color: #FFFFFF;font-weight: bold;\">Fevereiro<\/td><td style=\"color: #000000; background-color: #FFFFFF;font-weight: bold;\">Iraildes Pedro de Jesus <\/td><td style=\"color: #000000; background-color: #FFFFFF;font-weight: bold;\">Auxiliar de Servi\u00e7os Gerais <\/td><td style=\"color: #000000; background-color: #FFFFFF;font-weight: bold;\">GARRA FORTE ADMINISTRA\u00c7\u00c3O E SERVI\u00c7OS LTDA-EPP CNPJ 07.262.535\/0001-80<\/td><td style=\"color: #000000; background-color: #FFFFFF;font-weight: bold;\"><\/td><\/tr><tr><td style=\"color: #000000; background-color: #FFFFFF;font-weight: bold;\">2023<\/td><td style=\"color: #000000; background-color: #FFFFFF;font-weight: bold;\">Fevereiro<\/td><td style=\"color: #000000; background-color: #FFFFFF;font-weight: bold;\">Jassiane Gomes dos Santos<\/td><td style=\"color: #000000; background-color: #FFFFFF;font-weight: bold;\">Auxiliar de Servi\u00e7os Gerais <\/td><td style=\"color: #000000; background-color: #FFFFFF;font-weight: bold;\">GARRA FORTE ADMINISTRA\u00c7\u00c3O E SERVI\u00c7OS LTDA-EPP CNPJ 07.262.535\/0001-80<\/td><td style=\"color: #000000; background-color: #FFFFFF;font-weight: bold;\"><\/td><\/tr><tr><td style=\"color: #000000; background-color: #FFFFFF;font-weight: bold;\">2023<\/td><td style=\"color: #000000; background-color: #FFFFFF;font-weight: bold;\">Fevereiro<\/td><td style=\"color: #000000; background-color: #FFFFFF;font-weight: bold;\">Rosangela Pereira da Silva<\/td><td style=\"color: #000000; background-color: #FFFFFF;font-weight: bold;\">Auxiliar de Servi\u00e7os Gerais <\/td><td style=\"color: #000000; background-color: #FFFFFF;font-weight: bold;\">GARRA FORTE ADMINISTRA\u00c7\u00c3O E SERVI\u00c7OS LTDA-EPP CNPJ 07.262.535\/0001-80<\/td><td style=\"color: #000000; background-color: #FFFFFF;font-weight: bold;\"><\/td><\/tr><tr><td style=\"color: #000000; background-color: #FFFFFF;font-weight: bold;\">2023<\/td><td style=\"color: #000000; background-color: #FFFFFF;font-weight: bold;\">Fevereiro<\/td><td style=\"color: #000000; background-color: #FFFFFF;font-weight: bold;\">Genilda Moreira  de Almeida Lima<\/td><td style=\"color: #000000; background-color: #FFFFFF;font-weight: bold;\">Auxiliar de Servi\u00e7os Gerais <\/td><td style=\"color: #000000; background-color: #FFFFFF;font-weight: bold;\">GARRA FORTE ADMINISTRA\u00c7\u00c3O E SERVI\u00c7OS LTDA-EPP CNPJ 07.262.535\/0001-80<\/td><td style=\"color: #000000; background-color: #FFFFFF;font-weight: bold;\"><\/td><\/tr><tr><td style=\"color: #000000; background-color: #FFFFFF;font-weight: bold;\">2023<\/td><td style=\"color: #000000; background-color: #FFFFFF;font-weight: bold;\">Fevereiro<\/td><td style=\"color: #000000; background-color: #FFFFFF;font-weight: bold;\">Vanderluz da Costa Quintanilha <\/td><td style=\"color: #000000; background-color: #FFFFFF;font-weight: bold;\">Auxiliar de Jardinajem<\/td><td style=\"color: #000000; background-color: #FFFFFF;font-weight: bold;\">GARRA FORTE ADMINISTRA\u00c7\u00c3O E SERVI\u00c7OS LTDA-EPP CNPJ 07.262.535\/0001-80<\/td><td style=\"color: #000000; background-color: #FFFFFF;font-weight: bold;\"><\/td><\/tr><tr><td style=\"color: #000000; background-color: #FFFFFF;font-weight: bold;\">2023<\/td><td style=\"color: #000000; background-color: #FFFFFF;font-weight: bold;\">Fevereiro<\/td><td style=\"color: #000000; background-color: #FFFFFF;font-weight: bold;\">Felipe Moreira<\/td><td style=\"color: #000000; background-color: #FFFFFF;font-weight: bold;\">Auxiliar de Jardinajem<\/td><td style=\"color: #000000; background-color: #FFFFFF;font-weight: bold;\">GARRA FORTE ADMINISTRA\u00c7\u00c3O E SERVI\u00c7OS LTDA-EPP CNPJ 07.262.535\/0001-80<\/td><td style=\"color: #000000; background-color: #FFFFFF;font-weight: bold;\"><\/td><\/tr><tr><td style=\"color: #000000; background-color: #FFFFFF;font-weight: bold;\">2023<\/td><td style=\"color: #000000; background-color: #FFFFFF;font-weight: bold;\">Fevereiro<\/td><td style=\"color: #000000; background-color: #FFFFFF;font-weight: bold;\">Nelson Lara dos Santos Oliveira<\/td><td style=\"color: #000000; background-color: #FFFFFF;font-weight: bold;\">Auxiliar de Jardinajem<\/td><td style=\"color: #000000; background-color: #FFFFFF;font-weight: bold;\">GARRA FORTE ADMINISTRA\u00c7\u00c3O E SERVI\u00c7OS LTDA-EPP CNPJ 07.262.535\/0001-80<\/td><td style=\"color: #000000; background-color: #FFFFFF;font-weight: bold;\"><\/td><\/tr><tr><td style=\"color: #000000; background-color: #FFFFFF;font-weight: bold;\">2023<\/td><td style=\"color: #000000; background-color: #FFFFFF;font-weight: bold;\">Janeiro<\/td><td style=\"color: #000000; background-color: #FFFFFF;font-weight: bold;\">Floraci Pires da Costa Silva<\/td><td style=\"color: #000000; background-color: #FFFFFF;font-weight: bold;\">Auxiliar de Servi\u00e7os Gerais <\/td><td style=\"color: #000000; background-color: #FFFFFF;font-weight: bold;\">GARRA FORTE ADMINISTRA\u00c7\u00c3O E SERVI\u00c7OS LTDA-EPP CNPJ 07.262.535\/0001-80<\/td><td style=\"color: #000000; background-color: #FFFFFF;font-weight: bold;\"><\/td><\/tr><tr><td style=\"color: #000000; background-color: #FFFFFF;font-weight: bold;\">2023<\/td><td style=\"color: #000000; background-color: #FFFFFF;font-weight: bold;\">Janeiro<\/td><td style=\"color: #000000; background-color: #FFFFFF;font-weight: bold;\">Iraildes Pedro de Jesus <\/td><td style=\"color: #000000; background-color: #FFFFFF;font-weight: bold;\">Auxiliar de Servi\u00e7os Gerais <\/td><td style=\"color: #000000; background-color: #FFFFFF;font-weight: bold;\">GARRA FORTE ADMINISTRA\u00c7\u00c3O E SERVI\u00c7OS LTDA-EPP CNPJ 07.262.535\/0001-80<\/td><td style=\"color: #000000; background-color: #FFFFFF;font-weight: bold;\"><\/td><\/tr><tr><td style=\"color: #000000; background-color: #FFFFFF;font-weight: bold;\">2023<\/td><td style=\"color: #000000; background-color: #FFFFFF;font-weight: bold;\">Janeiro<\/td><td style=\"color: #000000; background-color: #FFFFFF;font-weight: bold;\">Jassiane Gomes dos Santos<\/td><td style=\"color: #000000; background-color: #FFFFFF;font-weight: bold;\">Auxiliar de Servi\u00e7os Gerais <\/td><td style=\"color: #000000; background-color: #FFFFFF;font-weight: bold;\">GARRA FORTE ADMINISTRA\u00c7\u00c3O E SERVI\u00c7OS LTDA-EPP CNPJ 07.262.535\/0001-80<\/td><td style=\"color: #000000; background-color: #FFFFFF;font-weight: bold;\"><\/td><\/tr><tr><td style=\"color: #000000; background-color: #FFFFFF;font-weight: bold;\">2023<\/td><td style=\"color: #000000; background-color: #FFFFFF;font-weight: bold;\">Janeiro<\/td><td style=\"color: #000000; background-color: #FFFFFF;font-weight: bold;\">Rosangela Pereira da Silva<\/td><td style=\"color: #000000; background-color: #FFFFFF;font-weight: bold;\">Auxiliar de Servi\u00e7os Gerais <\/td><td style=\"color: #000000; background-color: #FFFFFF;font-weight: bold;\">GARRA FORTE ADMINISTRA\u00c7\u00c3O E SERVI\u00c7OS LTDA-EPP CNPJ 07.262.535\/0001-80<\/td><td style=\"color: #000000; background-color: #FFFFFF;font-weight: bold;\"><\/td><\/tr><tr><td style=\"color: #000000; background-color: #FFFFFF;font-weight: bold;\">2023<\/td><td style=\"color: #000000; background-color: #FFFFFF;font-weight: bold;\">Janeiro<\/td><td style=\"color: #000000; background-color: #FFFFFF;font-weight: bold;\">Felipe Moreira<\/td><td style=\"color: #000000; background-color: #FFFFFF;font-weight: bold;\">Auxiliar de Jardinajem<\/td><td style=\"color: #000000; background-color: #FFFFFF;font-weight: bold;\">GARRA FORTE ADMINISTRA\u00c7\u00c3O E SERVI\u00c7OS LTDA-EPP CNPJ 07.262.535\/0001-80<\/td><td style=\"color: #000000; background-color: #FFFFFF;font-weight: bold;\"><\/td><\/tr><tr><td style=\"color: #000000; background-color: #FFFFFF;font-weight: bold;\">2023<\/td><td style=\"color: #000000; background-color: #FFFFFF;font-weight: bold;\">Janeiro<\/td><td style=\"color: #000000; background-color: #FFFFFF;font-weight: bold;\">Vanderluz da Costa Quintanilha <\/td><td style=\"color: #000000; background-color: #FFFFFF;font-weight: bold;\">Auxiliar de Jardinajem<\/td><td style=\"color: #000000; background-color: #FFFFFF;font-weight: bold;\">GARRA FORTE ADMINISTRA\u00c7\u00c3O E SERVI\u00c7OS LTDA-EPP CNPJ 07.262.535\/0001-80<\/td><td style=\"color: #000000; background-color: #FFFFFF;font-weight: bold;\"><\/td><\/tr><tr><td style=\"color: #000000; background-color: #FFFFFF;font-weight: bold;\">2023<\/td><td style=\"color: #000000; background-color: #FFFFFF;font-weight: bold;\">Janeiro<\/td><td style=\"color: #000000; background-color: #FFFFFF;font-weight: bold;\">Agnus Souza Duarte\/ Gerson Gon\u00e7alves Neto <\/td><td style=\"color: #000000; background-color: #FFFFFF;font-weight: bold;\">Vigia Noturno <\/td><td style=\"color: #000000; background-color: #FFFFFF;font-weight: bold;\">GARANTIA PRESTA\u00c7\u00c3O DE SERVI\u00c7OS LTDA CNPJ 20.246.451\/0001-10<\/td><td style=\"color: #000000; background-color: #FFFFFF;font-weight: bold;\"><\/td><\/tr><tr><td style=\"color: #000000; background-color: #FFFFFF;font-weight: bold;\">2023<\/td><td style=\"color: #000000; background-color: #FFFFFF;font-weight: bold;\">Janeiro<\/td><td style=\"color: #000000; background-color: #FFFFFF;font-weight: bold;\">Gerv\u00e1sio da Costa Marques Filho <\/td><td style=\"color: #000000; background-color: #FFFFFF;font-weight: bold;\">Vigia Noturno <\/td><td style=\"color: #000000; background-color: #FFFFFF;font-weight: bold;\">GARANTIA PRESTA\u00c7\u00c3O DE SERVI\u00c7OS LTDA CNPJ 20.246.451\/0001-10<\/td><td style=\"color: #000000; background-color: #FFFFFF;font-weight: bold;\"><\/td><\/tr><tr><td style=\"color: #000000; background-color: #FFFFFF;font-weight: bold;\">2023<\/td><td style=\"color: #000000; background-color: #FFFFFF;font-weight: bold;\">Janeiro<\/td><td style=\"color: #000000; background-color: #FFFFFF;font-weight: bold;\">Jos\u00e9 Pereira dos Santos <\/td><td style=\"color: #000000; background-color: #FFFFFF;font-weight: bold;\">Vigia Noturno <\/td><td style=\"color: #000000; background-color: #FFFFFF;font-weight: bold;\">GARANTIA PRESTA\u00c7\u00c3O DE SERVI\u00c7OS LTDA CNPJ 20.246.451\/0001-10<\/td><td style=\"color: #000000; background-color: #FFFFFF;font-weight: bold;\"><\/td><\/tr><tr><td style=\"color: #000000; background-color: #FFFFFF;font-weight: bold;\">2023<\/td><td style=\"color: #000000; background-color: #FFFFFF;font-weight: bold;\">Janeiro<\/td><td style=\"color: #000000; background-color: #FFFFFF;font-weight: bold;\">Victor Barbosa do Prado<\/td><td style=\"color: #000000; background-color: #FFFFFF;font-weight: bold;\">Vigia Noturno <\/td><td style=\"color: #000000; background-color: #FFFFFF;font-weight: bold;\">GARANTIA PRESTA\u00c7\u00c3O DE SERVI\u00c7OS LTDA CNPJ 20.246.451\/0001-10<\/td><td style=\"color: #000000; background-color: #FFFFFF;font-weight: bold;\"><\/td><\/tr><tr><td style=\"color: #000000; background-color: #FFFFFF;font-weight: bold;\">2023<\/td><td style=\"color: #000000; background-color: #FFFFFF;font-weight: bold;\">Janeiro<\/td><td style=\"color: #000000; background-color: #FFFFFF;font-weight: bold;\">Gislene Mendes do Vale<\/td><td style=\"color: #000000; background-color: #FFFFFF;font-weight: bold;\">Porteiro Diurno <\/td><td style=\"color: #000000; background-color: #FFFFFF;font-weight: bold;\">GARANTIA PRESTA\u00c7\u00c3O DE SERVI\u00c7OS LTDA CNPJ 20.246.451\/0001-10<\/td><td style=\"color: #000000; background-color: #FFFFFF;font-weight: bold;\"><\/td><\/tr><tr><td style=\"color: #000000; background-color: #FFFFFF;font-weight: bold;\">2023<\/td><td style=\"color: #000000; background-color: #FFFFFF;font-weight: bold;\">Janeiro<\/td><td style=\"color: #000000; background-color: #FFFFFF;font-weight: bold;\">Pedro Henrique Gomes de Ara\u00fajo <\/td><td style=\"color: #000000; background-color: #FFFFFF;font-weight: bold;\">Porteiro Diurno <\/td><td style=\"color: #000000; background-color: #FFFFFF;font-weight: bold;\">GARANTIA PRESTA\u00c7\u00c3O DE SERVI\u00c7OS LTDA CNPJ 20.246.451\/0001-10<\/td><td style=\"color: #000000; background-color: #FFFFFF;font-weight: bold;\"><\/td><\/tr><tr><td style=\"color: #000000; background-color: #FFFFFF;font-weight: bold;\">2023<\/td><td style=\"color: #000000; background-color: #FFFFFF;font-weight: bold;\">Janeiro<\/td><td style=\"color: #000000; background-color: #FFFFFF;font-weight: bold;\">Mara Rubia Martins da Silva <\/td><td style=\"color: #000000; background-color: #FFFFFF;font-weight: bold;\">Porteiro Diurno <\/td><td style=\"color: #000000; background-color: #FFFFFF;font-weight: bold;\">GARANTIA PRESTA\u00c7\u00c3O DE SERVI\u00c7OS LTDA CNPJ 20.246.451\/0001-10<\/td><td style=\"color: #000000; background-color: #FFFFFF;font-weight: bold;\"><\/td><\/tr><tr><td style=\"color: #000000; background-color: #FFFFFF;font-weight: bold;\">2023<\/td><td style=\"color: #000000; background-color: #FFFFFF;font-weight: bold;\">Janeiro<\/td><td style=\"color: #000000; background-color: #FFFFFF;font-weight: bold;\">Vanderlino da Silva Ramos <\/td><td style=\"color: #000000; background-color: #FFFFFF;font-weight: bold;\">Porteiro Diurno <\/td><td style=\"color: #000000; background-color: #FFFFFF;font-weight: bold;\">GARANTIA PRESTA\u00c7\u00c3O DE SERVI\u00c7OS LTDA CNPJ 20.246.451\/0001-10<\/td><td style=\"color: #000000; background-color: #FFFFFF;font-weight: bold;\"><\/td><\/tr><tr><td style=\"color: #000000; background-color: #FFFFFF;font-weight: bold;\">2023<\/td><td style=\"color: #000000; background-color: #FFFFFF;font-weight: bold;\">Janeiro<\/td><td style=\"color: #000000; background-color: #FFFFFF;font-weight: bold;\">Juscilene Sampaio da Silva <\/td><td style=\"color: #000000; background-color: #FFFFFF;font-weight: bold;\">Recepcionista <\/td><td style=\"color: #000000; background-color: #FFFFFF;font-weight: bold;\">GARANTIA PRESTA\u00c7\u00c3O DE SERVI\u00c7OS LTDA CNPJ 20.246.451\/0001-10<\/td><td style=\"color: #000000; background-color: #FFFFFF;font-weight: bold;\"><\/td><\/tr><tr><td style=\"color: #000000; background-color: #FFFFFF;font-weight: bold;\">2023<\/td><td style=\"color: #000000; background-color: #FFFFFF;font-weight: bold;\">Janeiro<\/td><td style=\"color: #000000; background-color: #FFFFFF;font-weight: bold;\">Rogerio Oliveira Silva<\/td><td style=\"color: #000000; background-color: #FFFFFF;font-weight: bold;\">Aux. Man. Predial <\/td><td style=\"color: #000000; background-color: #FFFFFF;font-weight: bold;\">GARANTIA PRESTA\u00c7\u00c3O DE SERVI\u00c7OS LTDA CNPJ 20.246.451\/0001-10<\/td><td style=\"color: #000000; background-color: #FFFFFF;font-weight: bold;\"><\/td><\/tr><tr><td style=\"color: #000000; background-color: #FFFFFF;font-weight: bold;\">2023<\/td><td style=\"color: #000000; background-color: #FFFFFF;font-weight: bold;\">Janeiro<\/td><td style=\"color: #000000; background-color: #FFFFFF;font-weight: bold;\">Maria Aldileide da Silva <\/td><td style=\"color: #000000; background-color: #FFFFFF;font-weight: bold;\">Copeira <\/td><td style=\"color: #000000; background-color: #FFFFFF;font-weight: bold;\">GARANTIA PRESTA\u00c7\u00c3O DE SERVI\u00c7OS LTDA CNPJ 20.246.451\/0001-10<\/td><td style=\"color: #000000; background-color: #FFFFFF;font-weight: bold;\"><\/td><\/tr><tr><td style=\"color: #000000; background-color: #FFFFFF;font-weight: bold;\">2022<\/td><td style=\"color: #000000; background-color: #FFFFFF;font-weight: bold;\">Dezembro<\/td><td style=\"color: #000000; background-color: #FFFFFF;font-weight: bold;\">Floraci Pires da Costa Silva<\/td><td style=\"color: #000000; background-color: #FFFFFF;font-weight: bold;\">Auxiliar de Servi\u00e7os Gerais <\/td><td style=\"color: #000000; background-color: #FFFFFF;font-weight: bold;\">GARRA FORTE ADMINISTRA\u00c7\u00c3O E SERVI\u00c7OS LTDA-EPP CNPJ 07.262.535\/0001-80<\/td><td style=\"color: #000000; background-color: #FFFFFF;font-weight: bold;\"><\/td><\/tr><tr><td style=\"color: #000000; background-color: #FFFFFF;font-weight: bold;\">2022<\/td><td style=\"color: #000000; background-color: #FFFFFF;font-weight: bold;\">Dezembro<\/td><td style=\"color: #000000; background-color: #FFFFFF;font-weight: bold;\">Iraildes Pedro de Jesus <\/td><td style=\"color: #000000; background-color: #FFFFFF;font-weight: bold;\">Auxiliar de Servi\u00e7os Gerais <\/td><td style=\"color: #000000; background-color: #FFFFFF;font-weight: bold;\">GARRA FORTE ADMINISTRA\u00c7\u00c3O E SERVI\u00c7OS LTDA-EPP CNPJ 07.262.535\/0001-80<\/td><td style=\"color: #000000; background-color: #FFFFFF;font-weight: bold;\"><\/td><\/tr><tr><td style=\"color: #000000; background-color: #FFFFFF;font-weight: bold;\">2022<\/td><td style=\"color: #000000; background-color: #FFFFFF;font-weight: bold;\">Dezembro<\/td><td style=\"color: #000000; background-color: #FFFFFF;font-weight: bold;\">Jassiane Gomes dos Santos<\/td><td style=\"color: #000000; background-color: #FFFFFF;font-weight: bold;\">Auxiliar de Servi\u00e7os Gerais <\/td><td style=\"color: #000000; background-color: #FFFFFF;font-weight: bold;\">GARRA FORTE ADMINISTRA\u00c7\u00c3O E SERVI\u00c7OS LTDA-EPP CNPJ 07.262.535\/0001-80<\/td><td style=\"color: #000000; background-color: #FFFFFF;font-weight: bold;\"><\/td><\/tr><tr><td style=\"color: #000000; background-color: #FFFFFF;font-weight: bold;\">2022<\/td><td style=\"color: #000000; background-color: #FFFFFF;font-weight: bold;\">Dezembro<\/td><td style=\"color: #000000; background-color: #FFFFFF;font-weight: bold;\">Rosangela Pereira da Silva<\/td><td style=\"color: #000000; background-color: #FFFFFF;font-weight: bold;\">Auxiliar de Servi\u00e7os Gerais <\/td><td style=\"color: #000000; background-color: #FFFFFF;font-weight: bold;\">GARRA FORTE ADMINISTRA\u00c7\u00c3O E SERVI\u00c7OS LTDA-EPP CNPJ 07.262.535\/0001-80<\/td><td style=\"color: #000000; background-color: #FFFFFF;font-weight: bold;\"><\/td><\/tr><tr><td style=\"color: #000000; background-color: #FFFFFF;font-weight: bold;\">2022<\/td><td style=\"color: #000000; background-color: #FFFFFF;font-weight: bold;\">Dezembro<\/td><td style=\"color: #000000; background-color: #FFFFFF;font-weight: bold;\">Felipe Moreira<\/td><td style=\"color: #000000; background-color: #FFFFFF;font-weight: bold;\">Auxiliar de Jardinajem<\/td><td style=\"color: #000000; background-color: #FFFFFF;font-weight: bold;\">GARRA FORTE ADMINISTRA\u00c7\u00c3O E SERVI\u00c7OS LTDA-EPP CNPJ 07.262.535\/0001-80<\/td><td style=\"color: #000000; background-color: #FFFFFF;font-weight: bold;\"><\/td><\/tr><tr><td style=\"color: #000000; background-color: #FFFFFF;font-weight: bold;\">2022<\/td><td style=\"color: #000000; background-color: #FFFFFF;font-weight: bold;\">Dezembro<\/td><td style=\"color: #000000; background-color: #FFFFFF;font-weight: bold;\">Vanderluz da Costa Quintanilha <\/td><td style=\"color: #000000; background-color: #FFFFFF;font-weight: bold;\">Auxiliar de Jardinajem<\/td><td style=\"color: #000000; background-color: #FFFFFF;font-weight: bold;\">GARRA FORTE ADMINISTRA\u00c7\u00c3O E SERVI\u00c7OS LTDA-EPP CNPJ 07.262.535\/0001-80<\/td><td style=\"color: #000000; background-color: #FFFFFF;font-weight: bold;\"><\/td><\/tr><tr><td style=\"color: #000000; background-color: #FFFFFF;font-weight: bold;\">2022<\/td><td style=\"color: #000000; background-color: #FFFFFF;font-weight: bold;\">Dezembro<\/td><td style=\"color: #000000; background-color: #FFFFFF;font-weight: bold;\">Jose Tadeu Resende<\/td><td style=\"color: #000000; background-color: #FFFFFF;font-weight: bold;\">Auxiliar de Jardinajem<\/td><td style=\"color: #000000; background-color: #FFFFFF;font-weight: bold;\">GARRA FORTE ADMINISTRA\u00c7\u00c3O E SERVI\u00c7OS LTDA-EPP CNPJ 07.262.535\/0001-80<\/td><td style=\"color: #000000; background-color: #FFFFFF;font-weight: bold;\"><\/td><\/tr><tr><td style=\"color: #000000; background-color: #FFFFFF;font-weight: bold;\">2022<\/td><td style=\"color: #000000; background-color: #FFFFFF;font-weight: bold;\">Dezembro<\/td><td style=\"color: #000000; background-color: #FFFFFF;font-weight: bold;\">Jos\u00e9 Pereira dos Santos <\/td><td style=\"color: #000000; background-color: #FFFFFF;font-weight: bold;\">Vigia Noturno <\/td><td style=\"color: #000000; background-color: #FFFFFF;font-weight: bold;\">GARANTIA PRESTA\u00c7\u00c3O DE SERVI\u00c7OS LTDA CNPJ 20.246.451\/0001-10<\/td><td style=\"color: #000000; background-color: #FFFFFF;font-weight: bold;\"><\/td><\/tr><tr><td style=\"color: #000000; background-color: #FFFFFF;font-weight: bold;\">2022<\/td><td style=\"color: #000000; background-color: #FFFFFF;font-weight: bold;\">Dezembro<\/td><td style=\"color: #000000; background-color: #FFFFFF;font-weight: bold;\">Victor Barbosa do Prado<\/td><td style=\"color: #000000; background-color: #FFFFFF;font-weight: bold;\">Vigia Noturno <\/td><td style=\"color: #000000; background-color: #FFFFFF;font-weight: bold;\">GARANTIA PRESTA\u00c7\u00c3O DE SERVI\u00c7OS LTDA CNPJ 20.246.451\/0001-10<\/td><td style=\"color: #000000; background-color: #FFFFFF;font-weight: bold;\"><\/td><\/tr><tr><td style=\"color: #000000; background-color: #FFFFFF;font-weight: bold;\">2022<\/td><td style=\"color: #000000; background-color: #FFFFFF;font-weight: bold;\">Dezembro<\/td><td style=\"color: #000000; background-color: #FFFFFF;font-weight: bold;\">Agnus Souza Duarte <\/td><td style=\"color: #000000; background-color: #FFFFFF;font-weight: bold;\">Vigia Noturno <\/td><td style=\"color: #000000; background-color: #FFFFFF;font-weight: bold;\">GARANTIA PRESTA\u00c7\u00c3O DE SERVI\u00c7OS LTDA CNPJ 20.246.451\/0001-10<\/td><td style=\"color: #000000; background-color: #FFFFFF;font-weight: bold;\"><\/td><\/tr><tr><td style=\"color: #000000; background-color: #FFFFFF;font-weight: bold;\">2022<\/td><td style=\"color: #000000; background-color: #FFFFFF;font-weight: bold;\">Dezembro<\/td><td style=\"color: #000000; background-color: #FFFFFF;font-weight: bold;\">Gerv\u00e1sio da Costa Marques Filho <\/td><td style=\"color: #000000; background-color: #FFFFFF;font-weight: bold;\">Vigia Noturno <\/td><td style=\"color: #000000; background-color: #FFFFFF;font-weight: bold;\">GARANTIA PRESTA\u00c7\u00c3O DE SERVI\u00c7OS LTDA CNPJ 20.246.451\/0001-10<\/td><td style=\"color: #000000; background-color: #FFFFFF;font-weight: bold;\"><\/td><\/tr><tr><td style=\"color: #000000; background-color: #FFFFFF;font-weight: bold;\">2022<\/td><td style=\"color: #000000; background-color: #FFFFFF;font-weight: bold;\">Dezembro<\/td><td style=\"color: #000000; background-color: #FFFFFF;font-weight: bold;\">Vanderlino da Silva Ramos <\/td><td style=\"color: #000000; background-color: #FFFFFF;font-weight: bold;\">Porteiro Diurno <\/td><td style=\"color: #000000; background-color: #FFFFFF;font-weight: bold;\">GARANTIA PRESTA\u00c7\u00c3O DE SERVI\u00c7OS LTDA CNPJ 20.246.451\/0001-10<\/td><td style=\"color: #000000; background-color: #FFFFFF;font-weight: bold;\"><\/td><\/tr><tr><td style=\"color: #000000; background-color: #FFFFFF;font-weight: bold;\">2022<\/td><td style=\"color: #000000; background-color: #FFFFFF;font-weight: bold;\">Dezembro<\/td><td style=\"color: #000000; background-color: #FFFFFF;font-weight: bold;\">Mara Rubia Martins da Silva<\/td><td style=\"color: #000000; background-color: #FFFFFF;font-weight: bold;\">Porteiro Diurno <\/td><td style=\"color: #000000; background-color: #FFFFFF;font-weight: bold;\">GARANTIA PRESTA\u00c7\u00c3O DE SERVI\u00c7OS LTDA CNPJ 20.246.451\/0001-10<\/td><td style=\"color: #000000; background-color: #FFFFFF;font-weight: bold;\"><\/td><\/tr><tr><td style=\"color: #000000; background-color: #FFFFFF;font-weight: bold;\">2022<\/td><td style=\"color: #000000; background-color: #FFFFFF;font-weight: bold;\">Dezembro<\/td><td style=\"color: #000000; background-color: #FFFFFF;font-weight: bold;\">Pedro Henrique Gomes de Ara\u00fajo <\/td><td style=\"color: #000000; background-color: #FFFFFF;font-weight: bold;\">Porteiro Diurno <\/td><td style=\"color: #000000; background-color: #FFFFFF;font-weight: bold;\">GARANTIA PRESTA\u00c7\u00c3O DE SERVI\u00c7OS LTDA CNPJ 20.246.451\/0001-10<\/td><td style=\"color: #000000; background-color: #FFFFFF;font-weight: bold;\"><\/td><\/tr><tr><td style=\"color: #000000; background-color: #FFFFFF;font-weight: bold;\">2022<\/td><td style=\"color: #000000; background-color: #FFFFFF;font-weight: bold;\">Dezembro<\/td><td style=\"color: #000000; background-color: #FFFFFF;font-weight: bold;\">Gislene Mendes do Vale<\/td><td style=\"color: #000000; background-color: #FFFFFF;font-weight: bold;\">Porteiro Diurno <\/td><td style=\"color: #000000; background-color: #FFFFFF;font-weight: bold;\">GARANTIA PRESTA\u00c7\u00c3O DE SERVI\u00c7OS LTDA CNPJ 20.246.451\/0001-10<\/td><td style=\"color: #000000; background-color: #FFFFFF;font-weight: bold;\"><\/td><\/tr><tr><td style=\"color: #000000; background-color: #FFFFFF;font-weight: bold;\">2022<\/td><td style=\"color: #000000; background-color: #FFFFFF;font-weight: bold;\">Dezembro<\/td><td style=\"color: #000000; background-color: #FFFFFF;font-weight: bold;\">Juscilene Sampaio da Silva <\/td><td style=\"color: #000000; background-color: #FFFFFF;font-weight: bold;\">Recepcionista <\/td><td style=\"color: #000000; background-color: #FFFFFF;font-weight: bold;\">GARANTIA PRESTA\u00c7\u00c3O DE SERVI\u00c7OS LTDA CNPJ 20.246.451\/0001-10<\/td><td style=\"color: #000000; background-color: #FFFFFF;font-weight: bold;\"><\/td><\/tr><tr><td style=\"color: #000000; background-color: #FFFFFF;font-weight: bold;\">2022<\/td><td style=\"color: #000000; background-color: #FFFFFF;font-weight: bold;\">Dezembro<\/td><td style=\"color: #000000; background-color: #FFFFFF;font-weight: bold;\">Rogerio Oliveira Silva<\/td><td style=\"color: #000000; background-color: #FFFFFF;font-weight: bold;\">Aux. Man. Predial <\/td><td style=\"color: #000000; background-color: #FFFFFF;font-weight: bold;\">GARANTIA PRESTA\u00c7\u00c3O DE SERVI\u00c7OS LTDA CNPJ 20.246.451\/0001-10<\/td><td style=\"color: #000000; background-color: #FFFFFF;font-weight: bold;\"><\/td><\/tr><tr><td style=\"color: #000000; background-color: #FFFFFF;font-weight: bold;\">2022<\/td><td style=\"color: #000000; background-color: #FFFFFF;font-weight: bold;\">Dezembro<\/td><td style=\"color: #000000; background-color: #FFFFFF;font-weight: bold;\">Maria Aldileide da Silva<\/td><td style=\"color: #000000; background-color: #FFFFFF;font-weight: bold;\">Copeira <\/td><td style=\"color: #000000; background-color: #FFFFFF;font-weight: bold;\">GARANTIA PRESTA\u00c7\u00c3O DE SERVI\u00c7OS LTDA CNPJ 20.246.451\/0001-10<\/td><td style=\"color: #000000; background-color: #FFFFFF;font-weight: bold;\"><\/td><\/tr><tr><td style=\"color: #000000; background-color: #FFFFFF;font-weight: bold;\">2022<\/td><td style=\"color: #000000; background-color: #FFFFFF;font-weight: bold;\">Novembro <\/td><td style=\"color: #000000; background-color: #FFFFFF;font-weight: bold;\">Floraci Pires da Costa Silva<\/td><td style=\"color: #000000; background-color: #FFFFFF;font-weight: bold;\">Auxiliar de Servi\u00e7os Gerais <\/td><td style=\"color: #000000; background-color: #FFFFFF;font-weight: bold;\">GARRA FORTE ADMINISTRA\u00c7\u00c3O E SERVI\u00c7OS LTDA-EPP CNPJ 07.262.535\/0001-80<\/td><td style=\"color: #000000; background-color: #FFFFFF;font-weight: bold;\"><\/td><\/tr><tr><td style=\"color: #000000; background-color: #FFFFFF;font-weight: bold;\">2022<\/td><td style=\"color: #000000; background-color: #FFFFFF;font-weight: bold;\">Novembro <\/td><td style=\"color: #000000; background-color: #FFFFFF;font-weight: bold;\">Iraildes Pedro de Jesus <\/td><td style=\"color: #000000; background-color: #FFFFFF;font-weight: bold;\">Auxiliar de Servi\u00e7os Gerais <\/td><td style=\"color: #000000; background-color: #FFFFFF;font-weight: bold;\">GARRA FORTE ADMINISTRA\u00c7\u00c3O E SERVI\u00c7OS LTDA-EPP CNPJ 07.262.535\/0001-80<\/td><td style=\"color: #000000; background-color: #FFFFFF;font-weight: bold;\"><\/td><\/tr><tr><td style=\"color: #000000; background-color: #FFFFFF;font-weight: bold;\">2022<\/td><td style=\"color: #000000; background-color: #FFFFFF;font-weight: bold;\">Novembro <\/td><td style=\"color: #000000; background-color: #FFFFFF;font-weight: bold;\">Nayanne Ferreira Moura<\/td><td style=\"color: #000000; background-color: #FFFFFF;font-weight: bold;\">Auxiliar de Servi\u00e7os Gerais <\/td><td style=\"color: #000000; background-color: #FFFFFF;font-weight: bold;\">GARRA FORTE ADMINISTRA\u00c7\u00c3O E SERVI\u00c7OS LTDA-EPP CNPJ 07.262.535\/0001-80<\/td><td style=\"color: #000000; background-color: #FFFFFF;font-weight: bold;\"><\/td><\/tr><tr><td style=\"color: #000000; background-color: #FFFFFF;font-weight: bold;\">2022<\/td><td style=\"color: #000000; background-color: #FFFFFF;font-weight: bold;\">Novembro <\/td><td style=\"color: #000000; background-color: #FFFFFF;font-weight: bold;\">Jassiane Gomes dos Santos<\/td><td style=\"color: #000000; background-color: #FFFFFF;font-weight: bold;\">Auxiliar de Servi\u00e7os Gerais <\/td><td style=\"color: #000000; background-color: #FFFFFF;font-weight: bold;\">GARRA FORTE ADMINISTRA\u00c7\u00c3O E SERVI\u00c7OS LTDA-EPP CNPJ 07.262.535\/0001-80<\/td><td style=\"color: #000000; background-color: #FFFFFF;font-weight: bold;\"><\/td><\/tr><tr><td style=\"color: #000000; background-color: #FFFFFF;font-weight: bold;\">2022<\/td><td style=\"color: #000000; background-color: #FFFFFF;font-weight: bold;\">Novembro <\/td><td style=\"color: #000000; background-color: #FFFFFF;font-weight: bold;\">Rosangela Pereira da Silva<\/td><td style=\"color: #000000; background-color: #FFFFFF;font-weight: bold;\">Auxiliar de Servi\u00e7os Gerais <\/td><td style=\"color: #000000; background-color: #FFFFFF;font-weight: bold;\">GARRA FORTE ADMINISTRA\u00c7\u00c3O E SERVI\u00c7OS LTDA-EPP CNPJ 07.262.535\/0001-80<\/td><td style=\"color: #000000; background-color: #FFFFFF;font-weight: bold;\"><\/td><\/tr><tr><td style=\"color: #000000; background-color: #FFFFFF;font-weight: bold;\">2022<\/td><td style=\"color: #000000; background-color: #FFFFFF;font-weight: bold;\">Novembro <\/td><td style=\"color: #000000; background-color: #FFFFFF;font-weight: bold;\">Felipe Moreira<\/td><td style=\"color: #000000; background-color: #FFFFFF;font-weight: bold;\">Auxiliar de Jardinajem<\/td><td style=\"color: #000000; background-color: #FFFFFF;font-weight: bold;\">GARRA FORTE ADMINISTRA\u00c7\u00c3O E SERVI\u00c7OS LTDA-EPP CNPJ 07.262.535\/0001-80<\/td><td style=\"color: #000000; background-color: #FFFFFF;font-weight: bold;\"><\/td><\/tr><tr><td style=\"color: #000000; background-color: #FFFFFF;font-weight: bold;\">2022<\/td><td style=\"color: #000000; background-color: #FFFFFF;font-weight: bold;\">Novembro <\/td><td style=\"color: #000000; background-color: #FFFFFF;font-weight: bold;\">Vanderluz da Costa Quintanilha <\/td><td style=\"color: #000000; background-color: #FFFFFF;font-weight: bold;\">Auxiliar de Jardinajem<\/td><td style=\"color: #000000; background-color: #FFFFFF;font-weight: bold;\">GARRA FORTE ADMINISTRA\u00c7\u00c3O E SERVI\u00c7OS LTDA-EPP CNPJ 07.262.535\/0001-80<\/td><td style=\"color: #000000; background-color: #FFFFFF;font-weight: bold;\"><\/td><\/tr><tr><td style=\"color: #000000; background-color: #FFFFFF;font-weight: bold;\">2022<\/td><td style=\"color: #000000; background-color: #FFFFFF;font-weight: bold;\">Novembro <\/td><td style=\"color: #000000; background-color: #FFFFFF;font-weight: bold;\">Jose Tadeu Resende<\/td><td style=\"color: #000000; background-color: #FFFFFF;font-weight: bold;\">Auxiliar de Jardinajem<\/td><td style=\"color: #000000; background-color: #FFFFFF;font-weight: bold;\">GARRA FORTE ADMINISTRA\u00c7\u00c3O E SERVI\u00c7OS LTDA-EPP CNPJ 07.262.535\/0001-80<\/td><td style=\"color: #000000; background-color: #FFFFFF;font-weight: bold;\"><\/td><\/tr><tr><td style=\"color: #000000; background-color: #FFFFFF;font-weight: bold;\">2022<\/td><td style=\"color: #000000; background-color: #FFFFFF;font-weight: bold;\">Novembro <\/td><td style=\"color: #000000; background-color: #FFFFFF;font-weight: bold;\">Agnus Souza Duarte <\/td><td style=\"color: #000000; background-color: #FFFFFF;font-weight: bold;\">Vigia Noturno <\/td><td style=\"color: #000000; background-color: #FFFFFF;font-weight: bold;\">GARANTIA PRESTA\u00c7\u00c3O DE SERVI\u00c7OS LTDA CNPJ 20.246.451\/0001-10<\/td><td style=\"color: #000000; background-color: #FFFFFF;font-weight: bold;\"><\/td><\/tr><tr><td style=\"color: #000000; background-color: #FFFFFF;font-weight: bold;\">2022<\/td><td style=\"color: #000000; background-color: #FFFFFF;font-weight: bold;\">Novembro <\/td><td style=\"color: #000000; background-color: #FFFFFF;font-weight: bold;\">Raimundo Nonato Rodrigues<\/td><td style=\"color: #000000; background-color: #FFFFFF;font-weight: bold;\">Vigia Noturno <\/td><td style=\"color: #000000; background-color: #FFFFFF;font-weight: bold;\">GARANTIA PRESTA\u00c7\u00c3O DE SERVI\u00c7OS LTDA CNPJ 20.246.451\/0001-10<\/td><td style=\"color: #000000; background-color: #FFFFFF;font-weight: bold;\"><\/td><\/tr><tr><td style=\"color: #000000; background-color: #FFFFFF;font-weight: bold;\">2022<\/td><td style=\"color: #000000; background-color: #FFFFFF;font-weight: bold;\">Novembro <\/td><td style=\"color: #000000; background-color: #FFFFFF;font-weight: bold;\">Jos\u00e9 Pereira dos Santos <\/td><td style=\"color: #000000; background-color: #FFFFFF;font-weight: bold;\">Vigia Noturno <\/td><td style=\"color: #000000; background-color: #FFFFFF;font-weight: bold;\">GARANTIA PRESTA\u00c7\u00c3O DE SERVI\u00c7OS LTDA CNPJ 20.246.451\/0001-10<\/td><td style=\"color: #000000; background-color: #FFFFFF;font-weight: bold;\"><\/td><\/tr><tr><td style=\"color: #000000; background-color: #FFFFFF;font-weight: bold;\">2022<\/td><td style=\"color: #000000; background-color: #FFFFFF;font-weight: bold;\">Novembro <\/td><td style=\"color: #000000; background-color: #FFFFFF;font-weight: bold;\">Victor Barbosa do Prado <\/td><td style=\"color: #000000; background-color: #FFFFFF;font-weight: bold;\">Vigia Noturno <\/td><td style=\"color: #000000; background-color: #FFFFFF;font-weight: bold;\">GARANTIA PRESTA\u00c7\u00c3O DE SERVI\u00c7OS LTDA CNPJ 20.246.451\/0001-10<\/td><td style=\"color: #000000; background-color: #FFFFFF;font-weight: bold;\"><\/td><\/tr><tr><td style=\"color: #000000; background-color: #FFFFFF;font-weight: bold;\">2022<\/td><td style=\"color: #000000; background-color: #FFFFFF;font-weight: bold;\">Novembro <\/td><td style=\"color: #000000; background-color: #FFFFFF;font-weight: bold;\">Gislene Mendes do Vale<\/td><td style=\"color: #000000; background-color: #FFFFFF;font-weight: bold;\">Porteiro Diurno <\/td><td style=\"color: #000000; background-color: #FFFFFF;font-weight: bold;\">GARANTIA PRESTA\u00c7\u00c3O DE SERVI\u00c7OS LTDA CNPJ 20.246.451\/0001-10<\/td><td style=\"color: #000000; background-color: #FFFFFF;font-weight: bold;\"><\/td><\/tr><tr><td style=\"color: #000000; background-color: #FFFFFF;font-weight: bold;\">2022<\/td><td style=\"color: #000000; background-color: #FFFFFF;font-weight: bold;\">Novembro <\/td><td style=\"color: #000000; background-color: #FFFFFF;font-weight: bold;\">Pedro Henrique Gomes de Ara\u00fajo<\/td><td style=\"color: #000000; background-color: #FFFFFF;font-weight: bold;\">Porteiro Diurno <\/td><td style=\"color: #000000; background-color: #FFFFFF;font-weight: bold;\">GARANTIA PRESTA\u00c7\u00c3O DE SERVI\u00c7OS LTDA CNPJ 20.246.451\/0001-10<\/td><td style=\"color: #000000; background-color: #FFFFFF;font-weight: bold;\"><\/td><\/tr><tr><td style=\"color: #000000; background-color: #FFFFFF;font-weight: bold;\">2022<\/td><td style=\"color: #000000; background-color: #FFFFFF;font-weight: bold;\">Novembro <\/td><td style=\"color: #000000; background-color: #FFFFFF;font-weight: bold;\">Mara Rubia Martins da Silva <\/td><td style=\"color: #000000; background-color: #FFFFFF;font-weight: bold;\">Porteiro Diurno <\/td><td style=\"color: #000000; background-color: #FFFFFF;font-weight: bold;\">GARANTIA PRESTA\u00c7\u00c3O DE SERVI\u00c7OS LTDA CNPJ 20.246.451\/0001-10<\/td><td style=\"color: #000000; background-color: #FFFFFF;font-weight: bold;\"><\/td><\/tr><tr><td style=\"color: #000000; background-color: #FFFFFF;font-weight: bold;\">2022<\/td><td style=\"color: #000000; background-color: #FFFFFF;font-weight: bold;\">Novembro <\/td><td style=\"color: #000000; background-color: #FFFFFF;font-weight: bold;\">Vanderlino da Silva Ramos <\/td><td style=\"color: #000000; background-color: #FFFFFF;font-weight: bold;\">Porteiro Diurno <\/td><td style=\"color: #000000; background-color: #FFFFFF;font-weight: bold;\">GARANTIA PRESTA\u00c7\u00c3O DE SERVI\u00c7OS LTDA CNPJ 20.246.451\/0001-10<\/td><td style=\"color: #000000; background-color: #FFFFFF;font-weight: bold;\"><\/td><\/tr><tr><td style=\"color: #000000; background-color: #FFFFFF;font-weight: bold;\">2022<\/td><td style=\"color: #000000; background-color: #FFFFFF;font-weight: bold;\">Novembro <\/td><td style=\"color: #000000; background-color: #FFFFFF;font-weight: bold;\">Juscilene Sampaio da Silva <\/td><td style=\"color: #000000; background-color: #FFFFFF;font-weight: bold;\">Recepcionista <\/td><td style=\"color: #000000; background-color: #FFFFFF;font-weight: bold;\">GARANTIA PRESTA\u00c7\u00c3O DE SERVI\u00c7OS LTDA CNPJ 20.246.451\/0001-10<\/td><td style=\"color: #000000; background-color: #FFFFFF;font-weight: bold;\"><\/td><\/tr><tr><td style=\"color: #000000; background-color: #FFFFFF;font-weight: bold;\">2022<\/td><td style=\"color: #000000; background-color: #FFFFFF;font-weight: bold;\">Novembro <\/td><td style=\"color: #000000; background-color: #FFFFFF;font-weight: bold;\">Rog\u00e9rio Oliveira da Silva <\/td><td style=\"color: #000000; background-color: #FFFFFF;font-weight: bold;\">Aux. Man. Predial <\/td><td style=\"color: #000000; background-color: #FFFFFF;font-weight: bold;\">GARANTIA PRESTA\u00c7\u00c3O DE SERVI\u00c7OS LTDA CNPJ 20.246.451\/0001-10<\/td><td style=\"color: #000000; background-color: #FFFFFF;font-weight: bold;\"><\/td><\/tr><tr><td style=\"color: #000000; background-color: #FFFFFF;font-weight: bold;\">2022<\/td><td style=\"color: #000000; background-color: #FFFFFF;font-weight: bold;\">Novembro <\/td><td style=\"color: #000000; background-color: #FFFFFF;font-weight: bold;\">Maria Aldileide da Silva<\/td><td style=\"color: #000000; background-color: #FFFFFF;font-weight: bold;\">Copeira <\/td><td style=\"color: #000000; background-color: #FFFFFF;font-weight: bold;\">GARANTIA PRESTA\u00c7\u00c3O DE SERVI\u00c7OS LTDA CNPJ 20.246.451\/0001-10<\/td><td style=\"color: #000000; background-color: #FFFFFF;font-weight: bold;\"><\/td><\/tr><tr><td style=\"color: #000000; background-color: #FFFFFF;font-weight: bold;\">2022<\/td><td style=\"color: #000000; background-color: #FFFFFF;font-weight: bold;\">Outubro<\/td><td style=\"color: #000000; background-color: #FFFFFF;font-weight: bold;\">Floraci Pires da Costa Silva<\/td><td style=\"color: #000000; background-color: #FFFFFF;font-weight: bold;\">Auxiliar de Servi\u00e7os Gerais <\/td><td style=\"color: #000000; background-color: #FFFFFF;font-weight: bold;\">GARRA FORTE ADMINISTRA\u00c7\u00c3O E SERVI\u00c7OS LTDA-EPP CNPJ 07.262.535\/0001-80<\/td><td style=\"color: #000000; background-color: #FFFFFF;font-weight: bold;\"><\/td><\/tr><tr><td style=\"color: #000000; background-color: #FFFFFF;font-weight: bold;\">2022<\/td><td style=\"color: #000000; background-color: #FFFFFF;font-weight: bold;\">Outubro<\/td><td style=\"color: #000000; background-color: #FFFFFF;font-weight: bold;\">Iraildes Pedro de Jesus <\/td><td style=\"color: #000000; background-color: #FFFFFF;font-weight: bold;\">Auxiliar de Servi\u00e7os Gerais <\/td><td style=\"color: #000000; background-color: #FFFFFF;font-weight: bold;\">GARRA FORTE ADMINISTRA\u00c7\u00c3O E SERVI\u00c7OS LTDA-EPP CNPJ 07.262.535\/0001-80<\/td><td style=\"color: #000000; background-color: #FFFFFF;font-weight: bold;\"><\/td><\/tr><tr><td style=\"color: #000000; background-color: #FFFFFF;font-weight: bold;\">2022<\/td><td style=\"color: #000000; background-color: #FFFFFF;font-weight: bold;\">Outubro<\/td><td style=\"color: #000000; background-color: #FFFFFF;font-weight: bold;\">Nayanne Ferreira Moura<\/td><td style=\"color: #000000; background-color: #FFFFFF;font-weight: bold;\">Auxiliar de Servi\u00e7os Gerais <\/td><td style=\"color: #000000; background-color: #FFFFFF;font-weight: bold;\">GARRA FORTE ADMINISTRA\u00c7\u00c3O E SERVI\u00c7OS LTDA-EPP CNPJ 07.262.535\/0001-80<\/td><td style=\"color: #000000; background-color: #FFFFFF;font-weight: bold;\"><\/td><\/tr><tr><td style=\"color: #000000; background-color: #FFFFFF;font-weight: bold;\">2022<\/td><td style=\"color: #000000; background-color: #FFFFFF;font-weight: bold;\">Outubro<\/td><td style=\"color: #000000; background-color: #FFFFFF;font-weight: bold;\">Jassiane Gomes dos Santos<\/td><td style=\"color: #000000; background-color: #FFFFFF;font-weight: bold;\">Auxiliar de Servi\u00e7os Gerais <\/td><td style=\"color: #000000; background-color: #FFFFFF;font-weight: bold;\">GARRA FORTE ADMINISTRA\u00c7\u00c3O E SERVI\u00c7OS LTDA-EPP CNPJ 07.262.535\/0001-80<\/td><td style=\"color: #000000; background-color: #FFFFFF;font-weight: bold;\"><\/td><\/tr><tr><td style=\"color: #000000; background-color: #FFFFFF;font-weight: bold;\">2022<\/td><td style=\"color: #000000; background-color: #FFFFFF;font-weight: bold;\">Outubro<\/td><td style=\"color: #000000; background-color: #FFFFFF;font-weight: bold;\">Rosangela Pereira da Silva<\/td><td style=\"color: #000000; background-color: #FFFFFF;font-weight: bold;\">Auxiliar de Servi\u00e7os Gerais <\/td><td style=\"color: #000000; background-color: #FFFFFF;font-weight: bold;\">GARRA FORTE ADMINISTRA\u00c7\u00c3O E SERVI\u00c7OS LTDA-EPP CNPJ 07.262.535\/0001-80<\/td><td style=\"color: #000000; background-color: #FFFFFF;font-weight: bold;\"><\/td><\/tr><tr><td style=\"color: #000000; background-color: #FFFFFF;font-weight: bold;\">2022<\/td><td style=\"color: #000000; background-color: #FFFFFF;font-weight: bold;\">Outubro<\/td><td style=\"color: #000000; background-color: #FFFFFF;font-weight: bold;\">Felipe Moreira<\/td><td style=\"color: #000000; background-color: #FFFFFF;font-weight: bold;\">Auxiliar de Jardinajem<\/td><td style=\"color: #000000; background-color: #FFFFFF;font-weight: bold;\">GARRA FORTE ADMINISTRA\u00c7\u00c3O E SERVI\u00c7OS LTDA-EPP CNPJ 07.262.535\/0001-80<\/td><td style=\"color: #000000; background-color: #FFFFFF;font-weight: bold;\"><\/td><\/tr><tr><td style=\"color: #000000; background-color: #FFFFFF;font-weight: bold;\">2022<\/td><td style=\"color: #000000; background-color: #FFFFFF;font-weight: bold;\">Outubro<\/td><td style=\"color: #000000; background-color: #FFFFFF;font-weight: bold;\">Vanderluz da Costa Quintanilha <\/td><td style=\"color: #000000; background-color: #FFFFFF;font-weight: bold;\">Auxiliar de Jardinajem<\/td><td style=\"color: #000000; background-color: #FFFFFF;font-weight: bold;\">GARRA FORTE ADMINISTRA\u00c7\u00c3O E SERVI\u00c7OS LTDA-EPP CNPJ 07.262.535\/0001-80<\/td><td style=\"color: #000000; background-color: #FFFFFF;font-weight: bold;\"><\/td><\/tr><tr><td style=\"color: #000000; background-color: #FFFFFF;font-weight: bold;\">2022<\/td><td style=\"color: #000000; background-color: #FFFFFF;font-weight: bold;\">Outubro<\/td><td style=\"color: #000000; background-color: #FFFFFF;font-weight: bold;\">Agnus Souza Duarte <\/td><td style=\"color: #000000; background-color: #FFFFFF;font-weight: bold;\">Vigia Noturno <\/td><td style=\"color: #000000; background-color: #FFFFFF;font-weight: bold;\">GARANTIA PRESTA\u00c7\u00c3O DE SERVI\u00c7OS LTDA CNPJ 20.246.451\/0001-10<\/td><td style=\"color: #000000; background-color: #FFFFFF;font-weight: bold;\"><\/td><\/tr><tr><td style=\"color: #000000; background-color: #FFFFFF;font-weight: bold;\">2022<\/td><td style=\"color: #000000; background-color: #FFFFFF;font-weight: bold;\">Outubro<\/td><td style=\"color: #000000; background-color: #FFFFFF;font-weight: bold;\">Gervasio Costa Marques <\/td><td style=\"color: #000000; background-color: #FFFFFF;font-weight: bold;\">Vigia Noturno <\/td><td style=\"color: #000000; background-color: #FFFFFF;font-weight: bold;\">GARANTIA PRESTA\u00c7\u00c3O DE SERVI\u00c7OS LTDA CNPJ 20.246.451\/0001-10<\/td><td style=\"color: #000000; background-color: #FFFFFF;font-weight: bold;\"><\/td><\/tr><tr><td style=\"color: #000000; background-color: #FFFFFF;font-weight: bold;\">2022<\/td><td style=\"color: #000000; background-color: #FFFFFF;font-weight: bold;\">Outubro<\/td><td style=\"color: #000000; background-color: #FFFFFF;font-weight: bold;\">Jos\u00e9 Pereira dos Santos <\/td><td style=\"color: #000000; background-color: #FFFFFF;font-weight: bold;\">Vigia Noturno <\/td><td style=\"color: #000000; background-color: #FFFFFF;font-weight: bold;\">GARANTIA PRESTA\u00c7\u00c3O DE SERVI\u00c7OS LTDA CNPJ 20.246.451\/0001-10<\/td><td style=\"color: #000000; background-color: #FFFFFF;font-weight: bold;\"><\/td><\/tr><tr><td style=\"color: #000000; background-color: #FFFFFF;font-weight: bold;\">2022<\/td><td style=\"color: #000000; background-color: #FFFFFF;font-weight: bold;\">Outubro<\/td><td style=\"color: #000000; background-color: #FFFFFF;font-weight: bold;\">Victor Barbosa do Prado <\/td><td style=\"color: #000000; background-color: #FFFFFF;font-weight: bold;\">Vigia Noturno <\/td><td style=\"color: #000000; background-color: #FFFFFF;font-weight: bold;\">GARANTIA PRESTA\u00c7\u00c3O DE SERVI\u00c7OS LTDA CNPJ 20.246.451\/0001-10<\/td><td style=\"color: #000000; background-color: #FFFFFF;font-weight: bold;\"><\/td><\/tr><tr><td style=\"color: #000000; background-color: #FFFFFF;font-weight: bold;\">2022<\/td><td style=\"color: #000000; background-color: #FFFFFF;font-weight: bold;\">Outubro<\/td><td style=\"color: #000000; background-color: #FFFFFF;font-weight: bold;\">Gislene Mendes do Vale<\/td><td style=\"color: #000000; background-color: #FFFFFF;font-weight: bold;\">Porteiro Diurno <\/td><td style=\"color: #000000; background-color: #FFFFFF;font-weight: bold;\">GARANTIA PRESTA\u00c7\u00c3O DE SERVI\u00c7OS LTDA CNPJ 20.246.451\/0001-10<\/td><td style=\"color: #000000; background-color: #FFFFFF;font-weight: bold;\"><\/td><\/tr><tr><td style=\"color: #000000; background-color: #FFFFFF;font-weight: bold;\">2022<\/td><td style=\"color: #000000; background-color: #FFFFFF;font-weight: bold;\">Outubro<\/td><td style=\"color: #000000; background-color: #FFFFFF;font-weight: bold;\">Pedro Henrique Gomes de Ara\u00fajo<\/td><td style=\"color: #000000; background-color: #FFFFFF;font-weight: bold;\">Porteiro Diurno <\/td><td style=\"color: #000000; background-color: #FFFFFF;font-weight: bold;\">GARANTIA PRESTA\u00c7\u00c3O DE SERVI\u00c7OS LTDA CNPJ 20.246.451\/0001-10<\/td><td style=\"color: #000000; background-color: #FFFFFF;font-weight: bold;\"><\/td><\/tr><tr><td style=\"color: #000000; background-color: #FFFFFF;font-weight: bold;\">2022<\/td><td style=\"color: #000000; background-color: #FFFFFF;font-weight: bold;\">Outubro<\/td><td style=\"color: #000000; background-color: #FFFFFF;font-weight: bold;\">Ricardo de Jesus Silva<\/td><td style=\"color: #000000; background-color: #FFFFFF;font-weight: bold;\">Porteiro Diurno <\/td><td style=\"color: #000000; background-color: #FFFFFF;font-weight: bold;\">GARANTIA PRESTA\u00c7\u00c3O DE SERVI\u00c7OS LTDA CNPJ 20.246.451\/0001-10<\/td><td style=\"color: #000000; background-color: #FFFFFF;font-weight: bold;\"><\/td><\/tr><tr><td style=\"color: #000000; background-color: #FFFFFF;font-weight: bold;\">2022<\/td><td style=\"color: #000000; background-color: #FFFFFF;font-weight: bold;\">Outubro<\/td><td style=\"color: #000000; background-color: #FFFFFF;font-weight: bold;\">Mara Rubia Martins da Silva <\/td><td style=\"color: #000000; background-color: #FFFFFF;font-weight: bold;\">Porteiro Diurno <\/td><td style=\"color: #000000; background-color: #FFFFFF;font-weight: bold;\">GARANTIA PRESTA\u00c7\u00c3O DE SERVI\u00c7OS LTDA CNPJ 20.246.451\/0001-10<\/td><td style=\"color: #000000; background-color: #FFFFFF;font-weight: bold;\"><\/td><\/tr><tr><td style=\"color: #000000; background-color: #FFFFFF;font-weight: bold;\">2022<\/td><td style=\"color: #000000; background-color: #FFFFFF;font-weight: bold;\">Outubro<\/td><td style=\"color: #000000; background-color: #FFFFFF;font-weight: bold;\">Vanderlino da Silva Ramos <\/td><td style=\"color: #000000; background-color: #FFFFFF;font-weight: bold;\">Porteiro Diurno <\/td><td style=\"color: #000000; background-color: #FFFFFF;font-weight: bold;\">GARANTIA PRESTA\u00c7\u00c3O DE SERVI\u00c7OS LTDA CNPJ 20.246.451\/0001-10<\/td><td style=\"color: #000000; background-color: #FFFFFF;font-weight: bold;\"><\/td><\/tr><tr><td style=\"color: #000000; background-color: #FFFFFF;font-weight: bold;\">2022<\/td><td style=\"color: #000000; background-color: #FFFFFF;font-weight: bold;\">Outubro<\/td><td style=\"color: #000000; background-color: #FFFFFF;font-weight: bold;\">Juscilene Sampaio da Silva <\/td><td style=\"color: #000000; background-color: #FFFFFF;font-weight: bold;\">Recepcionista <\/td><td style=\"color: #000000; background-color: #FFFFFF;font-weight: bold;\">GARANTIA PRESTA\u00c7\u00c3O DE SERVI\u00c7OS LTDA CNPJ 20.246.451\/0001-10<\/td><td style=\"color: #000000; background-color: #FFFFFF;font-weight: bold;\"><\/td><\/tr><tr><td style=\"color: #000000; background-color: #FFFFFF;font-weight: bold;\">2022<\/td><td style=\"color: #000000; background-color: #FFFFFF;font-weight: bold;\">Outubro<\/td><td style=\"color: #000000; background-color: #FFFFFF;font-weight: bold;\">Rog\u00e9rio Oliveira da Silva <\/td><td style=\"color: #000000; background-color: #FFFFFF;font-weight: bold;\">Aux. Man. Predial <\/td><td style=\"color: #000000; background-color: #FFFFFF;font-weight: bold;\">GARANTIA PRESTA\u00c7\u00c3O DE SERVI\u00c7OS LTDA CNPJ 20.246.451\/0001-10<\/td><td style=\"color: #000000; background-color: #FFFFFF;font-weight: bold;\"><\/td><\/tr><tr><td style=\"color: #000000; background-color: #FFFFFF;font-weight: bold;\">2022<\/td><td style=\"color: #000000; background-color: #FFFFFF;font-weight: bold;\">Outubro<\/td><td style=\"color: #000000; background-color: #FFFFFF;font-weight: bold;\">Maria Aldileide da Silva <\/td><td style=\"color: #000000; background-color: #FFFFFF;font-weight: bold;\">Copeira <\/td><td style=\"color: #000000; background-color: #FFFFFF;font-weight: bold;\">GARANTIA PRESTA\u00c7\u00c3O DE SERVI\u00c7OS LTDA CNPJ 20.246.451\/0001-10<\/td><td style=\"color: #000000; background-color: #FFFFFF;font-weight: bold;\"><\/td><\/tr><tr><td style=\"color: #000000; background-color: #FFFFFF;font-weight: bold;\">2022<\/td><td style=\"color: #000000; background-color: #FFFFFF;font-weight: bold;\">Setembro <\/td><td style=\"color: #000000; background-color: #FFFFFF;font-weight: bold;\">Betuel Sousa Machado <\/td><td style=\"color: #000000; background-color: #FFFFFF;font-weight: bold;\">Vigia Noturno <\/td><td style=\"color: #000000; background-color: #FFFFFF;font-weight: bold;\">GARANTIA PRESTA\u00c7\u00c3O DE SERVI\u00c7OS LTDA CNPJ 20.246.451\/0001-10<\/td><td style=\"color: #000000; background-color: #FFFFFF;font-weight: bold;\"><\/td><\/tr><tr><td style=\"color: #000000; background-color: #FFFFFF;font-weight: bold;\">2022<\/td><td style=\"color: #000000; background-color: #FFFFFF;font-weight: bold;\">Setembro <\/td><td style=\"color: #000000; background-color: #FFFFFF;font-weight: bold;\">Gervasio Costa Marques <\/td><td style=\"color: #000000; background-color: #FFFFFF;font-weight: bold;\">Vigia Noturno <\/td><td style=\"color: #000000; background-color: #FFFFFF;font-weight: bold;\">GARANTIA PRESTA\u00c7\u00c3O DE SERVI\u00c7OS LTDA CNPJ 20.246.451\/0001-10<\/td><td style=\"color: #000000; background-color: #FFFFFF;font-weight: bold;\"><\/td><\/tr><tr><td style=\"color: #000000; background-color: #FFFFFF;font-weight: bold;\">2022<\/td><td style=\"color: #000000; background-color: #FFFFFF;font-weight: bold;\">Setembro <\/td><td style=\"color: #000000; background-color: #FFFFFF;font-weight: bold;\">Jos\u00e9 Pereira dos Santos <\/td><td style=\"color: #000000; background-color: #FFFFFF;font-weight: bold;\">Vigia Noturno <\/td><td style=\"color: #000000; background-color: #FFFFFF;font-weight: bold;\">GARANTIA PRESTA\u00c7\u00c3O DE SERVI\u00c7OS LTDA CNPJ 20.246.451\/0001-10<\/td><td style=\"color: #000000; background-color: #FFFFFF;font-weight: bold;\"><\/td><\/tr><tr><td style=\"color: #000000; background-color: #FFFFFF;font-weight: bold;\">2022<\/td><td style=\"color: #000000; background-color: #FFFFFF;font-weight: bold;\">Setembro <\/td><td style=\"color: #000000; background-color: #FFFFFF;font-weight: bold;\">Victor Barbosa do Prado <\/td><td style=\"color: #000000; background-color: #FFFFFF;font-weight: bold;\">Vigia Noturno <\/td><td style=\"color: #000000; background-color: #FFFFFF;font-weight: bold;\">GARANTIA PRESTA\u00c7\u00c3O DE SERVI\u00c7OS LTDA CNPJ 20.246.451\/0001-10<\/td><td style=\"color: #000000; background-color: #FFFFFF;font-weight: bold;\"><\/td><\/tr><tr><td style=\"color: #000000; background-color: #FFFFFF;font-weight: bold;\">2022<\/td><td style=\"color: #000000; background-color: #FFFFFF;font-weight: bold;\">Setembro <\/td><td style=\"color: #000000; background-color: #FFFFFF;font-weight: bold;\">Gislene Mendes <\/td><td style=\"color: #000000; background-color: #FFFFFF;font-weight: bold;\">Porteiro Diurno <\/td><td style=\"color: #000000; background-color: #FFFFFF;font-weight: bold;\">GARANTIA PRESTA\u00c7\u00c3O DE SERVI\u00c7OS LTDA CNPJ 20.246.451\/0001-10<\/td><td style=\"color: #000000; background-color: #FFFFFF;font-weight: bold;\"><\/td><\/tr><tr><td style=\"color: #000000; background-color: #FFFFFF;font-weight: bold;\">2022<\/td><td style=\"color: #000000; background-color: #FFFFFF;font-weight: bold;\">Setembro <\/td><td style=\"color: #000000; background-color: #FFFFFF;font-weight: bold;\">Pedro Henrique Gomes de Ara\u00fajo <\/td><td style=\"color: #000000; background-color: #FFFFFF;font-weight: bold;\">Porteiro Diurno <\/td><td style=\"color: #000000; background-color: #FFFFFF;font-weight: bold;\">GARANTIA PRESTA\u00c7\u00c3O DE SERVI\u00c7OS LTDA CNPJ 20.246.451\/0001-10<\/td><td style=\"color: #000000; background-color: #FFFFFF;font-weight: bold;\"><\/td><\/tr><tr><td style=\"color: #000000; background-color: #FFFFFF;font-weight: bold;\">2022<\/td><td style=\"color: #000000; background-color: #FFFFFF;font-weight: bold;\">Setembro <\/td><td style=\"color: #000000; background-color: #FFFFFF;font-weight: bold;\">Mara Rubia Martins da Silva <\/td><td style=\"color: #000000; background-color: #FFFFFF;font-weight: bold;\">Porteiro Diurno <\/td><td style=\"color: #000000; background-color: #FFFFFF;font-weight: bold;\">GARANTIA PRESTA\u00c7\u00c3O DE SERVI\u00c7OS LTDA CNPJ 20.246.451\/0001-10<\/td><td style=\"color: #000000; background-color: #FFFFFF;font-weight: bold;\"><\/td><\/tr><tr><td style=\"color: #000000; background-color: #FFFFFF;font-weight: bold;\">2022<\/td><td style=\"color: #000000; background-color: #FFFFFF;font-weight: bold;\">Setembro <\/td><td style=\"color: #000000; background-color: #FFFFFF;font-weight: bold;\">Vanderlino da Silva Ramos <\/td><td style=\"color: #000000; background-color: #FFFFFF;font-weight: bold;\">Porteiro Diurno <\/td><td style=\"color: #000000; background-color: #FFFFFF;font-weight: bold;\">GARANTIA PRESTA\u00c7\u00c3O DE SERVI\u00c7OS LTDA CNPJ 20.246.451\/0001-10<\/td><td style=\"color: #000000; background-color: #FFFFFF;font-weight: bold;\"><\/td><\/tr><tr><td style=\"color: #000000; background-color: #FFFFFF;font-weight: bold;\">2022<\/td><td style=\"color: #000000; background-color: #FFFFFF;font-weight: bold;\">Setembro <\/td><td style=\"color: #000000; background-color: #FFFFFF;font-weight: bold;\">Juscilene Sampaio da Silva <\/td><td style=\"color: #000000; background-color: #FFFFFF;font-weight: bold;\">Recepcionista <\/td><td style=\"color: #000000; background-color: #FFFFFF;font-weight: bold;\">GARANTIA PRESTA\u00c7\u00c3O DE SERVI\u00c7OS LTDA CNPJ 20.246.451\/0001-10<\/td><td style=\"color: #000000; background-color: #FFFFFF;font-weight: bold;\"><\/td><\/tr><tr><td style=\"color: #000000; background-color: #FFFFFF;font-weight: bold;\">2022<\/td><td style=\"color: #000000; background-color: #FFFFFF;font-weight: bold;\">Setembro <\/td><td style=\"color: #000000; background-color: #FFFFFF;font-weight: bold;\">Rog\u00e9rio Oliveira da Silva <\/td><td style=\"color: #000000; background-color: #FFFFFF;font-weight: bold;\">Aux. Man. Predial <\/td><td style=\"color: #000000; background-color: #FFFFFF;font-weight: bold;\">GARANTIA PRESTA\u00c7\u00c3O DE SERVI\u00c7OS LTDA CNPJ 20.246.451\/0001-10<\/td><td style=\"color: #000000; background-color: #FFFFFF;font-weight: bold;\"><\/td><\/tr><tr><td style=\"color: #000000; background-color: #FFFFFF;font-weight: bold;\">2022<\/td><td style=\"color: #000000; background-color: #FFFFFF;font-weight: bold;\">Setembro <\/td><td style=\"color: #000000; background-color: #FFFFFF;font-weight: bold;\">Maria Aldileide da Silva <\/td><td style=\"color: #000000; background-color: #FFFFFF;font-weight: bold;\">Copeira <\/td><td style=\"color: #000000; background-color: #FFFFFF;font-weight: bold;\">GARANTIA PRESTA\u00c7\u00c3O DE SERVI\u00c7OS LTDA CNPJ 20.246.451\/0001-10<\/td><td style=\"color: #000000; background-color: #FFFFFF;font-weight: bold;\"><\/td><\/tr><tr><td style=\"color: #000000; background-color: #FFFFFF;font-weight: bold;\">2022<\/td><td style=\"color: #000000; background-color: #FFFFFF;font-weight: bold;\">Setembro <\/td><td style=\"color: #000000; background-color: #FFFFFF;font-weight: bold;\">Floraci Pires da Costa Silva<\/td><td style=\"color: #000000; background-color: #FFFFFF;font-weight: bold;\">Auxiliar de Servi\u00e7os Gerais <\/td><td style=\"color: #000000; background-color: #FFFFFF;font-weight: bold;\">GARRA FORTE ADMINISTRA\u00c7\u00c3O E SERVI\u00c7OS LTDA-EPP CNPJ 07.262.535\/0001-80<\/td><td style=\"color: #000000; background-color: #FFFFFF;font-weight: bold;\"><\/td><\/tr><tr><td style=\"color: #000000; background-color: #FFFFFF;font-weight: bold;\">2022<\/td><td style=\"color: #000000; background-color: #FFFFFF;font-weight: bold;\">Setembro <\/td><td style=\"color: #000000; background-color: #FFFFFF;font-weight: bold;\">Iraildes Pedro de Jesus <\/td><td style=\"color: #000000; background-color: #FFFFFF;font-weight: bold;\">Auxiliar de Servi\u00e7os Gerais <\/td><td style=\"color: #000000; background-color: #FFFFFF;font-weight: bold;\">GARRA FORTE ADMINISTRA\u00c7\u00c3O E SERVI\u00c7OS LTDA-EPP CNPJ 07.262.535\/0001-80<\/td><td style=\"color: #000000; background-color: #FFFFFF;font-weight: bold;\"><\/td><\/tr><tr><td style=\"color: #000000; background-color: #FFFFFF;font-weight: bold;\">2022<\/td><td style=\"color: #000000; background-color: #FFFFFF;font-weight: bold;\">Setembro <\/td><td style=\"color: #000000; background-color: #FFFFFF;font-weight: bold;\">Genilda Moreira<\/td><td style=\"color: #000000; background-color: #FFFFFF;font-weight: bold;\">Auxiliar de Servi\u00e7os Gerais <\/td><td style=\"color: #000000; background-color: #FFFFFF;font-weight: bold;\">GARRA FORTE ADMINISTRA\u00c7\u00c3O E SERVI\u00c7OS LTDA-EPP CNPJ 07.262.535\/0001-80<\/td><td style=\"color: #000000; background-color: #FFFFFF;font-weight: bold;\"><\/td><\/tr><tr><td style=\"color: #000000; background-color: #FFFFFF;font-weight: bold;\">2022<\/td><td style=\"color: #000000; background-color: #FFFFFF;font-weight: bold;\">Setembro <\/td><td style=\"color: #000000; background-color: #FFFFFF;font-weight: bold;\">Jassiane Gomes dos Santos<\/td><td style=\"color: #000000; background-color: #FFFFFF;font-weight: bold;\">Auxiliar de Servi\u00e7os Gerais <\/td><td style=\"color: #000000; background-color: #FFFFFF;font-weight: bold;\">GARRA FORTE ADMINISTRA\u00c7\u00c3O E SERVI\u00c7OS LTDA-EPP CNPJ 07.262.535\/0001-80<\/td><td style=\"color: #000000; background-color: #FFFFFF;font-weight: bold;\"><\/td><\/tr><tr><td style=\"color: #000000; background-color: #FFFFFF;font-weight: bold;\">2022<\/td><td style=\"color: #000000; background-color: #FFFFFF;font-weight: bold;\">Setembro <\/td><td style=\"color: #000000; background-color: #FFFFFF;font-weight: bold;\">Rosangela Pereira da Silva<\/td><td style=\"color: #000000; background-color: #FFFFFF;font-weight: bold;\">Auxiliar de Servi\u00e7os Gerais <\/td><td style=\"color: #000000; background-color: #FFFFFF;font-weight: bold;\">GARRA FORTE ADMINISTRA\u00c7\u00c3O E SERVI\u00c7OS LTDA-EPP CNPJ 07.262.535\/0001-80<\/td><td style=\"color: #000000; background-color: #FFFFFF;font-weight: bold;\"><\/td><\/tr><tr><td style=\"color: #000000; background-color: #FFFFFF;font-weight: bold;\">2022<\/td><td style=\"color: #000000; background-color: #FFFFFF;font-weight: bold;\">Setembro <\/td><td style=\"color: #000000; background-color: #FFFFFF;font-weight: bold;\">Felipe Moreira<\/td><td style=\"color: #000000; background-color: #FFFFFF;font-weight: bold;\">Auxiliar de Jardinajem<\/td><td style=\"color: #000000; background-color: #FFFFFF;font-weight: bold;\">GARRA FORTE ADMINISTRA\u00c7\u00c3O E SERVI\u00c7OS LTDA-EPP CNPJ 07.262.535\/0001-80<\/td><td style=\"color: #000000; background-color: #FFFFFF;font-weight: bold;\"><\/td><\/tr><tr><td style=\"color: #000000; background-color: #FFFFFF;font-weight: bold;\">2022<\/td><td style=\"color: #000000; background-color: #FFFFFF;font-weight: bold;\">Setembro <\/td><td style=\"color: #000000; background-color: #FFFFFF;font-weight: bold;\">Vanderluz da Costa Quintanilha <\/td><td style=\"color: #000000; background-color: #FFFFFF;font-weight: bold;\">Auxiliar de Jardinajem<\/td><td style=\"color: #000000; background-color: #FFFFFF;font-weight: bold;\">GARRA FORTE ADMINISTRA\u00c7\u00c3O E SERVI\u00c7OS LTDA-EPP CNPJ 07.262.535\/0001-80<\/td><td style=\"color: #000000; background-color: #FFFFFF;font-weight: bold;\"><\/td><\/tr><tr><td style=\"color: #000000; background-color: #FFFFFF;font-weight: bold;\">2022<\/td><td style=\"color: #000000; background-color: #FFFFFF;font-weight: bold;\">Agosto <\/td><td style=\"color: #000000; background-color: #FFFFFF;font-weight: bold;\">Floraci Pires da Costa Silva<\/td><td style=\"color: #000000; background-color: #FFFFFF;font-weight: bold;\">Auxiliar de Servi\u00e7os Gerais <\/td><td style=\"color: #000000; background-color: #FFFFFF;font-weight: bold;\">GARRA FORTE ADMINISTRA\u00c7\u00c3O E SERVI\u00c7OS LTDA-EPP CNPJ 07.262.535\/0001-80<\/td><td style=\"color: #000000; background-color: #FFFFFF;font-weight: bold;\"><\/td><\/tr><tr><td style=\"color: #000000; background-color: #FFFFFF;font-weight: bold;\">2022<\/td><td style=\"color: #000000; background-color: #FFFFFF;font-weight: bold;\">Agosto <\/td><td style=\"color: #000000; background-color: #FFFFFF;font-weight: bold;\">Iraildes Pedro de Jesus <\/td><td style=\"color: #000000; background-color: #FFFFFF;font-weight: bold;\">Auxiliar de Servi\u00e7os Gerais <\/td><td style=\"color: #000000; background-color: #FFFFFF;font-weight: bold;\">GARRA FORTE ADMINISTRA\u00c7\u00c3O E SERVI\u00c7OS LTDA-EPP CNPJ 07.262.535\/0001-80<\/td><td style=\"color: #000000; background-color: #FFFFFF;font-weight: bold;\"><\/td><\/tr><tr><td style=\"color: #000000; background-color: #FFFFFF;font-weight: bold;\">2022<\/td><td style=\"color: #000000; background-color: #FFFFFF;font-weight: bold;\">Agosto <\/td><td style=\"color: #000000; background-color: #FFFFFF;font-weight: bold;\">Genilda Moreira<\/td><td style=\"color: #000000; background-color: #FFFFFF;font-weight: bold;\">Auxiliar de Servi\u00e7os Gerais <\/td><td style=\"color: #000000; background-color: #FFFFFF;font-weight: bold;\">GARRA FORTE ADMINISTRA\u00c7\u00c3O E SERVI\u00c7OS LTDA-EPP CNPJ 07.262.535\/0001-80<\/td><td style=\"color: #000000; background-color: #FFFFFF;font-weight: bold;\"><\/td><\/tr><tr><td style=\"color: #000000; background-color: #FFFFFF;font-weight: bold;\">2022<\/td><td style=\"color: #000000; background-color: #FFFFFF;font-weight: bold;\">Agosto <\/td><td style=\"color: #000000; background-color: #FFFFFF;font-weight: bold;\">Jassiane Gomes dos Santos<\/td><td style=\"color: #000000; background-color: #FFFFFF;font-weight: bold;\">Auxiliar de Servi\u00e7os Gerais <\/td><td style=\"color: #000000; background-color: #FFFFFF;font-weight: bold;\">GARRA FORTE ADMINISTRA\u00c7\u00c3O E SERVI\u00c7OS LTDA-EPP CNPJ 07.262.535\/0001-80<\/td><td style=\"color: #000000; background-color: #FFFFFF;font-weight: bold;\"><\/td><\/tr><tr><td style=\"color: #000000; background-color: #FFFFFF;font-weight: bold;\">2022<\/td><td style=\"color: #000000; background-color: #FFFFFF;font-weight: bold;\">Agosto <\/td><td style=\"color: #000000; background-color: #FFFFFF;font-weight: bold;\">Rosangela Pereira da Silva<\/td><td style=\"color: #000000; background-color: #FFFFFF;font-weight: bold;\">Auxiliar de Servi\u00e7os Gerais <\/td><td style=\"color: #000000; background-color: #FFFFFF;font-weight: bold;\">GARRA FORTE ADMINISTRA\u00c7\u00c3O E SERVI\u00c7OS LTDA-EPP CNPJ 07.262.535\/0001-80<\/td><td style=\"color: #000000; background-color: #FFFFFF;font-weight: bold;\"><\/td><\/tr><tr><td style=\"color: #000000; background-color: #FFFFFF;font-weight: bold;\">2022<\/td><td style=\"color: #000000; background-color: #FFFFFF;font-weight: bold;\">Agosto <\/td><td style=\"color: #000000; background-color: #FFFFFF;font-weight: bold;\">Felipe Moreira<\/td><td style=\"color: #000000; background-color: #FFFFFF;font-weight: bold;\">Auxiliar de Jardinajem<\/td><td style=\"color: #000000; background-color: #FFFFFF;font-weight: bold;\">GARRA FORTE ADMINISTRA\u00c7\u00c3O E SERVI\u00c7OS LTDA-EPP CNPJ 07.262.535\/0001-80<\/td><td style=\"color: #000000; background-color: #FFFFFF;font-weight: bold;\"><\/td><\/tr><tr><td style=\"color: #000000; background-color: #FFFFFF;font-weight: bold;\">2022<\/td><td style=\"color: #000000; background-color: #FFFFFF;font-weight: bold;\">Agosto <\/td><td style=\"color: #000000; background-color: #FFFFFF;font-weight: bold;\">Vanderluz da Costa Quintanilha <\/td><td style=\"color: #000000; background-color: #FFFFFF;font-weight: bold;\">Auxiliar de Jardinajem<\/td><td style=\"color: #000000; background-color: #FFFFFF;font-weight: bold;\">GARRA FORTE ADMINISTRA\u00c7\u00c3O E SERVI\u00c7OS LTDA-EPP CNPJ 07.262.535\/0001-80<\/td><td style=\"color: #000000; background-color: #FFFFFF;font-weight: bold;\"><\/td><\/tr><tr><td style=\"color: #000000; background-color: #FFFFFF;font-weight: bold;\">2022<\/td><td style=\"color: #000000; background-color: #FFFFFF;font-weight: bold;\">Agosto <\/td><td style=\"color: #000000; background-color: #FFFFFF;font-weight: bold;\">Victor Barbosa do Prado <\/td><td style=\"color: #000000; background-color: #FFFFFF;font-weight: bold;\">Vigia Noturno <\/td><td style=\"color: #000000; background-color: #FFFFFF;font-weight: bold;\">GARRA FORTE ADMINISTRA\u00c7\u00c3O E SERVI\u00c7OS LTDA-EPP CNPJ 07.262.535\/0001-80<\/td><td style=\"color: #000000; background-color: #FFFFFF;font-weight: bold;\"><\/td><\/tr><tr><td style=\"color: #000000; background-color: #FFFFFF;font-weight: bold;\">2022<\/td><td style=\"color: #000000; background-color: #FFFFFF;font-weight: bold;\">Agosto <\/td><td style=\"color: #000000; background-color: #FFFFFF;font-weight: bold;\">Jose Pereira dos Santos <\/td><td style=\"color: #000000; background-color: #FFFFFF;font-weight: bold;\">Vigia Noturno <\/td><td style=\"color: #000000; background-color: #FFFFFF;font-weight: bold;\">GARRA FORTE ADMINISTRA\u00c7\u00c3O E SERVI\u00c7OS LTDA-EPP CNPJ 07.262.535\/0001-80<\/td><td style=\"color: #000000; background-color: #FFFFFF;font-weight: bold;\"><\/td><\/tr><tr><td style=\"color: #000000; background-color: #FFFFFF;font-weight: bold;\">2022<\/td><td style=\"color: #000000; background-color: #FFFFFF;font-weight: bold;\">Agosto <\/td><td style=\"color: #000000; background-color: #FFFFFF;font-weight: bold;\">Antonio Carlos Martins <\/td><td style=\"color: #000000; background-color: #FFFFFF;font-weight: bold;\">Vigia Noturno <\/td><td style=\"color: #000000; background-color: #FFFFFF;font-weight: bold;\">GARRA FORTE ADMINISTRA\u00c7\u00c3O E SERVI\u00c7OS LTDA-EPP CNPJ 07.262.535\/0001-80<\/td><td style=\"color: #000000; background-color: #FFFFFF;font-weight: bold;\"><\/td><\/tr><tr><td style=\"color: #000000; background-color: #FFFFFF;font-weight: bold;\">2022<\/td><td style=\"color: #000000; background-color: #FFFFFF;font-weight: bold;\">Agosto <\/td><td style=\"color: #000000; background-color: #FFFFFF;font-weight: bold;\">Thomas Antonio de Aquino <\/td><td style=\"color: #000000; background-color: #FFFFFF;font-weight: bold;\">Vigia Noturno <\/td><td style=\"color: #000000; background-color: #FFFFFF;font-weight: bold;\">GARRA FORTE ADMINISTRA\u00c7\u00c3O E SERVI\u00c7OS LTDA-EPP CNPJ 07.262.535\/0001-80<\/td><td style=\"color: #000000; background-color: #FFFFFF;font-weight: bold;\"><\/td><\/tr><tr><td style=\"color: #000000; background-color: #FFFFFF;font-weight: bold;\">2022<\/td><td style=\"color: #000000; background-color: #FFFFFF;font-weight: bold;\">Agosto <\/td><td style=\"color: #000000; background-color: #FFFFFF;font-weight: bold;\">Mara Rubia Martins da Silva <\/td><td style=\"color: #000000; background-color: #FFFFFF;font-weight: bold;\">Porteiro Diurno <\/td><td style=\"color: #000000; background-color: #FFFFFF;font-weight: bold;\">GARRA FORTE ADMINISTRA\u00c7\u00c3O E SERVI\u00c7OS LTDA-EPP CNPJ 07.262.535\/0001-80<\/td><td style=\"color: #000000; background-color: #FFFFFF;font-weight: bold;\"><\/td><\/tr><tr><td style=\"color: #000000; background-color: #FFFFFF;font-weight: bold;\">2022<\/td><td style=\"color: #000000; background-color: #FFFFFF;font-weight: bold;\">Agosto <\/td><td style=\"color: #000000; background-color: #FFFFFF;font-weight: bold;\">Gervasio da Costa Marques Filho <\/td><td style=\"color: #000000; background-color: #FFFFFF;font-weight: bold;\">Porteiro Diurno <\/td><td style=\"color: #000000; background-color: #FFFFFF;font-weight: bold;\">GARRA FORTE ADMINISTRA\u00c7\u00c3O E SERVI\u00c7OS LTDA-EPP CNPJ 07.262.535\/0001-80<\/td><td style=\"color: #000000; background-color: #FFFFFF;font-weight: bold;\"><\/td><\/tr><tr><td style=\"color: #000000; background-color: #FFFFFF;font-weight: bold;\">2022<\/td><td style=\"color: #000000; background-color: #FFFFFF;font-weight: bold;\">Agosto <\/td><td style=\"color: #000000; background-color: #FFFFFF;font-weight: bold;\">Gislene Mendes do Vale <\/td><td style=\"color: #000000; background-color: #FFFFFF;font-weight: bold;\">Porteiro Diurno <\/td><td style=\"color: #000000; background-color: #FFFFFF;font-weight: bold;\">GARRA FORTE ADMINISTRA\u00c7\u00c3O E SERVI\u00c7OS LTDA-EPP CNPJ 07.262.535\/0001-80<\/td><td style=\"color: #000000; background-color: #FFFFFF;font-weight: bold;\"><\/td><\/tr><tr><td style=\"color: #000000; background-color: #FFFFFF;font-weight: bold;\">2022<\/td><td style=\"color: #000000; background-color: #FFFFFF;font-weight: bold;\">Agosto <\/td><td style=\"color: #000000; background-color: #FFFFFF;font-weight: bold;\">Pedro Henrique Gomes de Araujo <\/td><td style=\"color: #000000; background-color: #FFFFFF;font-weight: bold;\">Porteiro Diurno <\/td><td style=\"color: #000000; background-color: #FFFFFF;font-weight: bold;\">GARRA FORTE ADMINISTRA\u00c7\u00c3O E SERVI\u00c7OS LTDA-EPP CNPJ 07.262.535\/0001-80<\/td><td style=\"color: #000000; background-color: #FFFFFF;font-weight: bold;\"><\/td><\/tr><tr><td style=\"color: #000000; background-color: #FFFFFF;font-weight: bold;\">2022<\/td><td style=\"color: #000000; background-color: #FFFFFF;font-weight: bold;\">Agosto <\/td><td style=\"color: #000000; background-color: #FFFFFF;font-weight: bold;\">Juscilene Sampaio da Silva <\/td><td style=\"color: #000000; background-color: #FFFFFF;font-weight: bold;\">Recepcionista <\/td><td style=\"color: #000000; background-color: #FFFFFF;font-weight: bold;\">GARRA FORTE ADMINISTRA\u00c7\u00c3O E SERVI\u00c7OS LTDA-EPP CNPJ 07.262.535\/0001-80<\/td><td style=\"color: #000000; background-color: #FFFFFF;font-weight: bold;\"><\/td><\/tr><tr><td style=\"color: #000000; background-color: #FFFFFF;font-weight: bold;\">2022<\/td><td style=\"color: #000000; background-color: #FFFFFF;font-weight: bold;\">Agosto <\/td><td style=\"color: #000000; background-color: #FFFFFF;font-weight: bold;\">Rogerio Oliveira Silva <\/td><td style=\"color: #000000; background-color: #FFFFFF;font-weight: bold;\">Aux. Man. Predial <\/td><td style=\"color: #000000; background-color: #FFFFFF;font-weight: bold;\">GARRA FORTE ADMINISTRA\u00c7\u00c3O E SERVI\u00c7OS LTDA-EPP CNPJ 07.262.535\/0001-80<\/td><td style=\"color: #000000; background-color: #FFFFFF;font-weight: bold;\"><\/td><\/tr><tr><td style=\"color: #000000; background-color: #FFFFFF;font-weight: bold;\">2022<\/td><td style=\"color: #000000; background-color: #FFFFFF;font-weight: bold;\">Agosto <\/td><td style=\"color: #000000; background-color: #FFFFFF;font-weight: bold;\">Andre Luiz Barros Ventura <\/td><td style=\"color: #000000; background-color: #FFFFFF;font-weight: bold;\">Aux. Man. Predial <\/td><td style=\"color: #000000; background-color: #FFFFFF;font-weight: bold;\">GARRA FORTE ADMINISTRA\u00c7\u00c3O E SERVI\u00c7OS LTDA-EPP CNPJ 07.262.535\/0001-80<\/td><td style=\"color: #000000; background-color: #FFFFFF;font-weight: bold;\"><\/td><\/tr><tr><td style=\"color: #000000; background-color: #FFFFFF;font-weight: bold;\">2022<\/td><td style=\"color: #000000; background-color: #FFFFFF;font-weight: bold;\">Agosto <\/td><td style=\"color: #000000; background-color: #FFFFFF;font-weight: bold;\">Victor Barbosa do Prado <\/td><td style=\"color: #000000; background-color: #FFFFFF;font-weight: bold;\">Vigia Noturno <\/td><td style=\"color: #000000; background-color: #FFFFFF;font-weight: bold;\">GARRA FORTE ADMINISTRA\u00c7\u00c3O E SERVI\u00c7OS LTDA-EPP CNPJ 07.262.535\/0001-80<\/td><td style=\"color: #000000; background-color: #FFFFFF;font-weight: bold;\"><\/td><\/tr><tr><td style=\"color: #000000; background-color: #FFFFFF;font-weight: bold;\">2022<\/td><td style=\"color: #000000; background-color: #FFFFFF;font-weight: bold;\">Julho<\/td><td style=\"color: #000000; background-color: #FFFFFF;font-weight: bold;\">Jose Pereira dos Santos <\/td><td style=\"color: #000000; background-color: #FFFFFF;font-weight: bold;\">Vigia Noturno <\/td><td style=\"color: #000000; background-color: #FFFFFF;font-weight: bold;\">GARRA FORTE ADMINISTRA\u00c7\u00c3O E SERVI\u00c7OS LTDA-EPP CNPJ 07.262.535\/0001-80<\/td><td style=\"color: #000000; background-color: #FFFFFF;font-weight: bold;\"><\/td><\/tr><tr><td style=\"color: #000000; background-color: #FFFFFF;font-weight: bold;\">2022<\/td><td style=\"color: #000000; background-color: #FFFFFF;font-weight: bold;\">Julho<\/td><td style=\"color: #000000; background-color: #FFFFFF;font-weight: bold;\">Wariston Alves da Costa<\/td><td style=\"color: #000000; background-color: #FFFFFF;font-weight: bold;\">Vigia Noturno <\/td><td style=\"color: #000000; background-color: #FFFFFF;font-weight: bold;\">GARRA FORTE ADMINISTRA\u00c7\u00c3O E SERVI\u00c7OS LTDA-EPP CNPJ 07.262.535\/0001-80<\/td><td style=\"color: #000000; background-color: #FFFFFF;font-weight: bold;\"><\/td><\/tr><tr><td style=\"color: #000000; background-color: #FFFFFF;font-weight: bold;\">2022<\/td><td style=\"color: #000000; background-color: #FFFFFF;font-weight: bold;\">Julho<\/td><td style=\"color: #000000; background-color: #FFFFFF;font-weight: bold;\">Thomas Antonio de Aquino <\/td><td style=\"color: #000000; background-color: #FFFFFF;font-weight: bold;\">Vigia Noturno <\/td><td style=\"color: #000000; background-color: #FFFFFF;font-weight: bold;\">GARRA FORTE ADMINISTRA\u00c7\u00c3O E SERVI\u00c7OS LTDA-EPP CNPJ 07.262.535\/0001-80<\/td><td style=\"color: #000000; background-color: #FFFFFF;font-weight: bold;\"><\/td><\/tr><tr><td style=\"color: #000000; background-color: #FFFFFF;font-weight: bold;\">2022<\/td><td style=\"color: #000000; background-color: #FFFFFF;font-weight: bold;\">Julho<\/td><td style=\"color: #000000; background-color: #FFFFFF;font-weight: bold;\">Antonio Carlos <\/td><td style=\"color: #000000; background-color: #FFFFFF;font-weight: bold;\">Vigia Noturno <\/td><td style=\"color: #000000; background-color: #FFFFFF;font-weight: bold;\">GARRA FORTE ADMINISTRA\u00c7\u00c3O E SERVI\u00c7OS LTDA-EPP CNPJ 07.262.535\/0001-80<\/td><td style=\"color: #000000; background-color: #FFFFFF;font-weight: bold;\"><\/td><\/tr><tr><td style=\"color: #000000; background-color: #FFFFFF;font-weight: bold;\">2022<\/td><td style=\"color: #000000; background-color: #FFFFFF;font-weight: bold;\">Julho<\/td><td style=\"color: #000000; background-color: #FFFFFF;font-weight: bold;\">Mara Rubia Martins da Silva <\/td><td style=\"color: #000000; background-color: #FFFFFF;font-weight: bold;\">Porteiro Diurno <\/td><td style=\"color: #000000; background-color: #FFFFFF;font-weight: bold;\">GARRA FORTE ADMINISTRA\u00c7\u00c3O E SERVI\u00c7OS LTDA-EPP CNPJ 07.262.535\/0001-80<\/td><td style=\"color: #000000; background-color: #FFFFFF;font-weight: bold;\"><\/td><\/tr><tr><td style=\"color: #000000; background-color: #FFFFFF;font-weight: bold;\">2022<\/td><td style=\"color: #000000; background-color: #FFFFFF;font-weight: bold;\">Julho<\/td><td style=\"color: #000000; background-color: #FFFFFF;font-weight: bold;\">Gervasio da Costa Marques Filho<\/td><td style=\"color: #000000; background-color: #FFFFFF;font-weight: bold;\">Porteiro Diurno <\/td><td style=\"color: #000000; background-color: #FFFFFF;font-weight: bold;\">GARRA FORTE ADMINISTRA\u00c7\u00c3O E SERVI\u00c7OS LTDA-EPP CNPJ 07.262.535\/0001-80<\/td><td style=\"color: #000000; background-color: #FFFFFF;font-weight: bold;\"><\/td><\/tr><tr><td style=\"color: #000000; background-color: #FFFFFF;font-weight: bold;\">2022<\/td><td style=\"color: #000000; background-color: #FFFFFF;font-weight: bold;\">Julho<\/td><td style=\"color: #000000; background-color: #FFFFFF;font-weight: bold;\">Cristhiane Bonfim Lima <\/td><td style=\"color: #000000; background-color: #FFFFFF;font-weight: bold;\">Porteiro Diurno <\/td><td style=\"color: #000000; background-color: #FFFFFF;font-weight: bold;\">GARRA FORTE ADMINISTRA\u00c7\u00c3O E SERVI\u00c7OS LTDA-EPP CNPJ 07.262.535\/0001-80<\/td><td style=\"color: #000000; background-color: #FFFFFF;font-weight: bold;\"><\/td><\/tr><tr><td style=\"color: #000000; background-color: #FFFFFF;font-weight: bold;\">2022<\/td><td style=\"color: #000000; background-color: #FFFFFF;font-weight: bold;\">Julho<\/td><td style=\"color: #000000; background-color: #FFFFFF;font-weight: bold;\">Gislene Mendes do Vale<\/td><td style=\"color: #000000; background-color: #FFFFFF;font-weight: bold;\">Porteiro Diurno <\/td><td style=\"color: #000000; background-color: #FFFFFF;font-weight: bold;\">GARRA FORTE ADMINISTRA\u00c7\u00c3O E SERVI\u00c7OS LTDA-EPP CNPJ 07.262.535\/0001-80<\/td><td style=\"color: #000000; background-color: #FFFFFF;font-weight: bold;\"><\/td><\/tr><tr><td style=\"color: #000000; background-color: #FFFFFF;font-weight: bold;\">2022<\/td><td style=\"color: #000000; background-color: #FFFFFF;font-weight: bold;\">Julho<\/td><td style=\"color: #000000; background-color: #FFFFFF;font-weight: bold;\">Pedro Henrique Gomes de Araujo <\/td><td style=\"color: #000000; background-color: #FFFFFF;font-weight: bold;\">Porteiro Diurno <\/td><td style=\"color: #000000; background-color: #FFFFFF;font-weight: bold;\">GARRA FORTE ADMINISTRA\u00c7\u00c3O E SERVI\u00c7OS LTDA-EPP CNPJ 07.262.535\/0001-80<\/td><td style=\"color: #000000; background-color: #FFFFFF;font-weight: bold;\"><\/td><\/tr><tr><td style=\"color: #000000; background-color: #FFFFFF;font-weight: bold;\">2022<\/td><td style=\"color: #000000; background-color: #FFFFFF;font-weight: bold;\">Julho<\/td><td style=\"color: #000000; background-color: #FFFFFF;font-weight: bold;\">Betuel Souza Machado<\/td><td style=\"color: #000000; background-color: #FFFFFF;font-weight: bold;\">Porteiro Diurno <\/td><td style=\"color: #000000; background-color: #FFFFFF;font-weight: bold;\">GARRA FORTE ADMINISTRA\u00c7\u00c3O E SERVI\u00c7OS LTDA-EPP CNPJ 07.262.535\/0001-80<\/td><td style=\"color: #000000; background-color: #FFFFFF;font-weight: bold;\"><\/td><\/tr><tr><td style=\"color: #000000; background-color: #FFFFFF;font-weight: bold;\">2022<\/td><td style=\"color: #000000; background-color: #FFFFFF;font-weight: bold;\">Julho<\/td><td style=\"color: #000000; background-color: #FFFFFF;font-weight: bold;\">Juscilene Sampaio da Silva <\/td><td style=\"color: #000000; background-color: #FFFFFF;font-weight: bold;\">Recepcionista <\/td><td style=\"color: #000000; background-color: #FFFFFF;font-weight: bold;\">GARRA FORTE ADMINISTRA\u00c7\u00c3O E SERVI\u00c7OS LTDA-EPP CNPJ 07.262.535\/0001-80<\/td><td style=\"color: #000000; background-color: #FFFFFF;font-weight: bold;\"><\/td><\/tr><tr><td style=\"color: #000000; background-color: #FFFFFF;font-weight: bold;\">2022<\/td><td style=\"color: #000000; background-color: #FFFFFF;font-weight: bold;\">Julho<\/td><td style=\"color: #000000; background-color: #FFFFFF;font-weight: bold;\">Rogerio Oliveira Silva <\/td><td style=\"color: #000000; background-color: #FFFFFF;font-weight: bold;\">Aux. Man. Predial <\/td><td style=\"color: #000000; background-color: #FFFFFF;font-weight: bold;\">GARRA FORTE ADMINISTRA\u00c7\u00c3O E SERVI\u00c7OS LTDA-EPP CNPJ 07.262.535\/0001-80<\/td><td style=\"color: #000000; background-color: #FFFFFF;font-weight: bold;\"><\/td><\/tr><tr><td style=\"color: #000000; background-color: #FFFFFF;font-weight: bold;\">2022<\/td><td style=\"color: #000000; background-color: #FFFFFF;font-weight: bold;\">Julho<\/td><td style=\"color: #000000; background-color: #FFFFFF;font-weight: bold;\">Maria Aldileide Silva<\/td><td style=\"color: #000000; background-color: #FFFFFF;font-weight: bold;\">Copeira <\/td><td style=\"color: #000000; background-color: #FFFFFF;font-weight: bold;\">GARRA FORTE ADMINISTRA\u00c7\u00c3O E SERVI\u00c7OS LTDA-EPP CNPJ 07.262.535\/0001-80<\/td><td style=\"color: #000000; background-color: #FFFFFF;font-weight: bold;\"><\/td><\/tr><tr><td style=\"color: #000000; background-color: #FFFFFF;font-weight: bold;\">2022<\/td><td style=\"color: #000000; background-color: #FFFFFF;font-weight: bold;\">Julho<\/td><td style=\"color: #000000; background-color: #FFFFFF;font-weight: bold;\">Floraci Pires da Costa Silva<\/td><td style=\"color: #000000; background-color: #FFFFFF;font-weight: bold;\">Auxiliar de Servi\u00e7os Gerais <\/td><td style=\"color: #000000; background-color: #FFFFFF;font-weight: bold;\">GARRA FORTE ADMINISTRA\u00c7\u00c3O E SERVI\u00c7OS LTDA-EPP CNPJ 07.262.535\/0001-80<\/td><td style=\"color: #000000; background-color: #FFFFFF;font-weight: bold;\"><\/td><\/tr><tr><td style=\"color: #000000; background-color: #FFFFFF;font-weight: bold;\">2022<\/td><td style=\"color: #000000; background-color: #FFFFFF;font-weight: bold;\">Julho<\/td><td style=\"color: #000000; background-color: #FFFFFF;font-weight: bold;\">Iraildes Pedro de Jesus <\/td><td style=\"color: #000000; background-color: #FFFFFF;font-weight: bold;\">Auxiliar de Servi\u00e7os Gerais <\/td><td style=\"color: #000000; background-color: #FFFFFF;font-weight: bold;\">GARRA FORTE ADMINISTRA\u00c7\u00c3O E SERVI\u00c7OS LTDA-EPP CNPJ 07.262.535\/0001-80<\/td><td style=\"color: #000000; background-color: #FFFFFF;font-weight: bold;\"><\/td><\/tr><tr><td style=\"color: #000000; background-color: #FFFFFF;font-weight: bold;\">2022<\/td><td style=\"color: #000000; background-color: #FFFFFF;font-weight: bold;\">Julho<\/td><td style=\"color: #000000; background-color: #FFFFFF;font-weight: bold;\">Vanessa Maria Dantas da Costa Duarte<\/td><td style=\"color: #000000; background-color: #FFFFFF;font-weight: bold;\">Auxiliar de Servi\u00e7os Gerais <\/td><td style=\"color: #000000; background-color: #FFFFFF;font-weight: bold;\">GARRA FORTE ADMINISTRA\u00c7\u00c3O E SERVI\u00c7OS LTDA-EPP CNPJ 07.262.535\/0001-80<\/td><td style=\"color: #000000; background-color: #FFFFFF;font-weight: bold;\"><\/td><\/tr><tr><td style=\"color: #000000; background-color: #FFFFFF;font-weight: bold;\">2022<\/td><td style=\"color: #000000; background-color: #FFFFFF;font-weight: bold;\">Julho<\/td><td style=\"color: #000000; background-color: #FFFFFF;font-weight: bold;\">Jassiane Gomes dos Santos<\/td><td style=\"color: #000000; background-color: #FFFFFF;font-weight: bold;\">Auxiliar de Servi\u00e7os Gerais <\/td><td style=\"color: #000000; background-color: #FFFFFF;font-weight: bold;\">GARRA FORTE ADMINISTRA\u00c7\u00c3O E SERVI\u00c7OS LTDA-EPP CNPJ 07.262.535\/0001-80<\/td><td style=\"color: #000000; background-color: #FFFFFF;font-weight: bold;\"><\/td><\/tr><tr><td style=\"color: #000000; background-color: #FFFFFF;font-weight: bold;\">2022<\/td><td style=\"color: #000000; background-color: #FFFFFF;font-weight: bold;\">Julho<\/td><td style=\"color: #000000; background-color: #FFFFFF;font-weight: bold;\">Rosangela Pereira da Silva<\/td><td style=\"color: #000000; background-color: #FFFFFF;font-weight: bold;\">Auxiliar de Servi\u00e7os Gerais <\/td><td style=\"color: #000000; background-color: #FFFFFF;font-weight: bold;\">GARRA FORTE ADMINISTRA\u00c7\u00c3O E SERVI\u00c7OS LTDA-EPP CNPJ 07.262.535\/0001-80<\/td><td style=\"color: #000000; background-color: #FFFFFF;font-weight: bold;\"><\/td><\/tr><tr><td style=\"color: #000000; background-color: #FFFFFF;font-weight: bold;\">2022<\/td><td style=\"color: #000000; background-color: #FFFFFF;font-weight: bold;\">Julho<\/td><td style=\"color: #000000; background-color: #FFFFFF;font-weight: bold;\">Losangelis de Paula Resende<\/td><td style=\"color: #000000; background-color: #FFFFFF;font-weight: bold;\">Auxiliar de Servi\u00e7os Gerais <\/td><td style=\"color: #000000; background-color: #FFFFFF;font-weight: bold;\">GARRA FORTE ADMINISTRA\u00c7\u00c3O E SERVI\u00c7OS LTDA-EPP CNPJ 07.262.535\/0001-80<\/td><td style=\"color: #000000; background-color: #FFFFFF;font-weight: bold;\"><\/td><\/tr><tr><td style=\"color: #000000; background-color: #FFFFFF;font-weight: bold;\">2022<\/td><td style=\"color: #000000; background-color: #FFFFFF;font-weight: bold;\">Julho<\/td><td style=\"color: #000000; background-color: #FFFFFF;font-weight: bold;\">Felipe Moreira<\/td><td style=\"color: #000000; background-color: #FFFFFF;font-weight: bold;\">Auxiliar de Jardinajem<\/td><td style=\"color: #000000; background-color: #FFFFFF;font-weight: bold;\">GARRA FORTE ADMINISTRA\u00c7\u00c3O E SERVI\u00c7OS LTDA-EPP CNPJ 07.262.535\/0001-80<\/td><td style=\"color: #000000; background-color: #FFFFFF;font-weight: bold;\"><\/td><\/tr><tr><td style=\"color: #000000; background-color: #FFFFFF;font-weight: bold;\">2022<\/td><td style=\"color: #000000; background-color: #FFFFFF;font-weight: bold;\">Julho<\/td><td style=\"color: #000000; background-color: #FFFFFF;font-weight: bold;\">Vanderluz da Costa Quintanilha <\/td><td style=\"color: #000000; background-color: #FFFFFF;font-weight: bold;\">Auxiliar de Jardinajem<\/td><td style=\"color: #000000; background-color: #FFFFFF;font-weight: bold;\">GARRA FORTE ADMINISTRA\u00c7\u00c3O E SERVI\u00c7OS LTDA-EPP CNPJ 07.262.535\/0001-80<\/td><td style=\"color: #000000; background-color: #FFFFFF;font-weight: bold;\"><\/td><\/tr><tr><td style=\"color: #000000; background-color: #FFFFFF;font-weight: bold;\">2022<\/td><td style=\"color: #000000; background-color: #FFFFFF;font-weight: bold;\">Junho<\/td><td style=\"color: #000000; background-color: #FFFFFF;font-weight: bold;\">Floraci Pires da Costa Silva<\/td><td style=\"color: #000000; background-color: #FFFFFF;font-weight: bold;\">Auxiliar de Servi\u00e7os Gerais <\/td><td style=\"color: #000000; background-color: #FFFFFF;font-weight: bold;\">GARRA FORTE ADMINISTRA\u00c7\u00c3O E SERVI\u00c7OS LTDA-EPP CNPJ 07.262.535\/0001-80<\/td><td style=\"color: #000000; background-color: #FFFFFF;font-weight: bold;\"><\/td><\/tr><tr><td style=\"color: #000000; background-color: #FFFFFF;font-weight: bold;\">2022<\/td><td style=\"color: #000000; background-color: #FFFFFF;font-weight: bold;\">Junho<\/td><td style=\"color: #000000; background-color: #FFFFFF;font-weight: bold;\">Iraildes Pedro de Jesus <\/td><td style=\"color: #000000; background-color: #FFFFFF;font-weight: bold;\">Auxiliar de Servi\u00e7os Gerais <\/td><td style=\"color: #000000; background-color: #FFFFFF;font-weight: bold;\">GARRA FORTE ADMINISTRA\u00c7\u00c3O E SERVI\u00c7OS LTDA-EPP CNPJ 07.262.535\/0001-80<\/td><td style=\"color: #000000; background-color: #FFFFFF;font-weight: bold;\"><\/td><\/tr><tr><td style=\"color: #000000; background-color: #FFFFFF;font-weight: bold;\">2022<\/td><td style=\"color: #000000; background-color: #FFFFFF;font-weight: bold;\">Junho<\/td><td style=\"color: #000000; background-color: #FFFFFF;font-weight: bold;\">Jassiane Gomes dos Santos<\/td><td style=\"color: #000000; background-color: #FFFFFF;font-weight: bold;\">Auxiliar de Servi\u00e7os Gerais <\/td><td style=\"color: #000000; background-color: #FFFFFF;font-weight: bold;\">GARRA FORTE ADMINISTRA\u00c7\u00c3O E SERVI\u00c7OS LTDA-EPP CNPJ 07.262.535\/0001-80<\/td><td style=\"color: #000000; background-color: #FFFFFF;font-weight: bold;\"><\/td><\/tr><tr><td style=\"color: #000000; background-color: #FFFFFF;font-weight: bold;\">2022<\/td><td style=\"color: #000000; background-color: #FFFFFF;font-weight: bold;\">Junho<\/td><td style=\"color: #000000; background-color: #FFFFFF;font-weight: bold;\">Rosangela Pereira da Silva<\/td><td style=\"color: #000000; background-color: #FFFFFF;font-weight: bold;\">Auxiliar de Servi\u00e7os Gerais <\/td><td style=\"color: #000000; background-color: #FFFFFF;font-weight: bold;\">GARRA FORTE ADMINISTRA\u00c7\u00c3O E SERVI\u00c7OS LTDA-EPP CNPJ 07.262.535\/0001-80<\/td><td style=\"color: #000000; background-color: #FFFFFF;font-weight: bold;\"><\/td><\/tr><tr><td style=\"color: #000000; background-color: #FFFFFF;font-weight: bold;\">2022<\/td><td style=\"color: #000000; background-color: #FFFFFF;font-weight: bold;\">Junho<\/td><td style=\"color: #000000; background-color: #FFFFFF;font-weight: bold;\">Losangelis de Paula Resende<\/td><td style=\"color: #000000; background-color: #FFFFFF;font-weight: bold;\">Auxiliar de Servi\u00e7os Gerais <\/td><td style=\"color: #000000; background-color: #FFFFFF;font-weight: bold;\">GARRA FORTE ADMINISTRA\u00c7\u00c3O E SERVI\u00c7OS LTDA-EPP CNPJ 07.262.535\/0001-80<\/td><td style=\"color: #000000; background-color: #FFFFFF;font-weight: bold;\"><\/td><\/tr><tr><td style=\"color: #000000; background-color: #FFFFFF;font-weight: bold;\">2022<\/td><td style=\"color: #000000; background-color: #FFFFFF;font-weight: bold;\">Junho<\/td><td style=\"color: #000000; background-color: #FFFFFF;font-weight: bold;\">Felipe Moreira<\/td><td style=\"color: #000000; background-color: #FFFFFF;font-weight: bold;\">Auxiliar de Jardinajem<\/td><td style=\"color: #000000; background-color: #FFFFFF;font-weight: bold;\">GARRA FORTE ADMINISTRA\u00c7\u00c3O E SERVI\u00c7OS LTDA-EPP CNPJ 07.262.535\/0001-80<\/td><td style=\"color: #000000; background-color: #FFFFFF;font-weight: bold;\"><\/td><\/tr><tr><td style=\"color: #000000; background-color: #FFFFFF;font-weight: bold;\">2022<\/td><td style=\"color: #000000; background-color: #FFFFFF;font-weight: bold;\">Junho<\/td><td style=\"color: #000000; background-color: #FFFFFF;font-weight: bold;\">Vanderluz da Costa Quintanilha <\/td><td style=\"color: #000000; background-color: #FFFFFF;font-weight: bold;\">Auxiliar de Jardinajem<\/td><td style=\"color: #000000; background-color: #FFFFFF;font-weight: bold;\">GARRA FORTE ADMINISTRA\u00c7\u00c3O E SERVI\u00c7OS LTDA-EPP CNPJ 07.262.535\/0001-80<\/td><td style=\"color: #000000; background-color: #FFFFFF;font-weight: bold;\"><\/td><\/tr><tr><td style=\"color: #000000; background-color: #FFFFFF;font-weight: bold;\">2022<\/td><td style=\"color: #000000; background-color: #FFFFFF;font-weight: bold;\">Junho<\/td><td style=\"color: #000000; background-color: #FFFFFF;font-weight: bold;\">Tomas Antonio <\/td><td style=\"color: #000000; background-color: #FFFFFF;font-weight: bold;\">Vigia Noturno <\/td><td style=\"color: #000000; background-color: #FFFFFF;font-weight: bold;\">GARRA FORTE ADMINISTRA\u00c7\u00c3O E SERVI\u00c7OS LTDA-EPP CNPJ 07.262.535\/0001-80<\/td><td style=\"color: #000000; background-color: #FFFFFF;font-weight: bold;\"><\/td><\/tr><tr><td style=\"color: #000000; background-color: #FFFFFF;font-weight: bold;\">2022<\/td><td style=\"color: #000000; background-color: #FFFFFF;font-weight: bold;\">Junho<\/td><td style=\"color: #000000; background-color: #FFFFFF;font-weight: bold;\">Jose Pereira da Costa <\/td><td style=\"color: #000000; background-color: #FFFFFF;font-weight: bold;\">Vigia Noturno <\/td><td style=\"color: #000000; background-color: #FFFFFF;font-weight: bold;\">GARRA FORTE ADMINISTRA\u00c7\u00c3O E SERVI\u00c7OS LTDA-EPP CNPJ 07.262.535\/0001-80<\/td><td style=\"color: #000000; background-color: #FFFFFF;font-weight: bold;\"><\/td><\/tr><tr><td style=\"color: #000000; background-color: #FFFFFF;font-weight: bold;\">2022<\/td><td style=\"color: #000000; background-color: #FFFFFF;font-weight: bold;\">Junho<\/td><td style=\"color: #000000; background-color: #FFFFFF;font-weight: bold;\">Juan Carlos F. da Silva<\/td><td style=\"color: #000000; background-color: #FFFFFF;font-weight: bold;\">Vigia Noturno <\/td><td style=\"color: #000000; background-color: #FFFFFF;font-weight: bold;\">GARRA FORTE ADMINISTRA\u00c7\u00c3O E SERVI\u00c7OS LTDA-EPP CNPJ 07.262.535\/0001-80<\/td><td style=\"color: #000000; background-color: #FFFFFF;font-weight: bold;\"><\/td><\/tr><tr><td style=\"color: #000000; background-color: #FFFFFF;font-weight: bold;\">2022<\/td><td style=\"color: #000000; background-color: #FFFFFF;font-weight: bold;\">Junho<\/td><td style=\"color: #000000; background-color: #FFFFFF;font-weight: bold;\">Gislene Mendes do Vale <\/td><td style=\"color: #000000; background-color: #FFFFFF;font-weight: bold;\">Porteiro Diurno <\/td><td style=\"color: #000000; background-color: #FFFFFF;font-weight: bold;\">GARRA FORTE ADMINISTRA\u00c7\u00c3O E SERVI\u00c7OS LTDA-EPP CNPJ 07.262.535\/0001-80<\/td><td style=\"color: #000000; background-color: #FFFFFF;font-weight: bold;\"><\/td><\/tr><tr><td style=\"color: #000000; background-color: #FFFFFF;font-weight: bold;\">2022<\/td><td style=\"color: #000000; background-color: #FFFFFF;font-weight: bold;\">Junho<\/td><td style=\"color: #000000; background-color: #FFFFFF;font-weight: bold;\">Gervasio da Costa Marques <\/td><td style=\"color: #000000; background-color: #FFFFFF;font-weight: bold;\">Porteiro Diurno <\/td><td style=\"color: #000000; background-color: #FFFFFF;font-weight: bold;\">GARRA FORTE ADMINISTRA\u00c7\u00c3O E SERVI\u00c7OS LTDA-EPP CNPJ 07.262.535\/0001-80<\/td><td style=\"color: #000000; background-color: #FFFFFF;font-weight: bold;\"><\/td><\/tr><tr><td style=\"color: #000000; background-color: #FFFFFF;font-weight: bold;\">2022<\/td><td style=\"color: #000000; background-color: #FFFFFF;font-weight: bold;\">Junho<\/td><td style=\"color: #000000; background-color: #FFFFFF;font-weight: bold;\">Mara Rubia Martins da Silva <\/td><td style=\"color: #000000; background-color: #FFFFFF;font-weight: bold;\">Porteiro Diurno <\/td><td style=\"color: #000000; background-color: #FFFFFF;font-weight: bold;\">GARRA FORTE ADMINISTRA\u00c7\u00c3O E SERVI\u00c7OS LTDA-EPP CNPJ 07.262.535\/0001-80<\/td><td style=\"color: #000000; background-color: #FFFFFF;font-weight: bold;\"><\/td><\/tr><tr><td style=\"color: #000000; background-color: #FFFFFF;font-weight: bold;\">2022<\/td><td style=\"color: #000000; background-color: #FFFFFF;font-weight: bold;\">Junho<\/td><td style=\"color: #000000; background-color: #FFFFFF;font-weight: bold;\">Pedro Henrique Gomes de Araujo <\/td><td style=\"color: #000000; background-color: #FFFFFF;font-weight: bold;\">Porteiro Diurno <\/td><td style=\"color: #000000; background-color: #FFFFFF;font-weight: bold;\">GARRA FORTE ADMINISTRA\u00c7\u00c3O E SERVI\u00c7OS LTDA-EPP CNPJ 07.262.535\/0001-80<\/td><td style=\"color: #000000; background-color: #FFFFFF;font-weight: bold;\"><\/td><\/tr><tr><td style=\"color: #000000; background-color: #FFFFFF;font-weight: bold;\">2022<\/td><td style=\"color: #000000; background-color: #FFFFFF;font-weight: bold;\">Junho<\/td><td style=\"color: #000000; background-color: #FFFFFF;font-weight: bold;\">Juscilene Sampaio da Silva <\/td><td style=\"color: #000000; background-color: #FFFFFF;font-weight: bold;\">Recepcionista <\/td><td style=\"color: #000000; background-color: #FFFFFF;font-weight: bold;\">GARRA FORTE ADMINISTRA\u00c7\u00c3O E SERVI\u00c7OS LTDA-EPP CNPJ 07.262.535\/0001-80<\/td><td style=\"color: #000000; background-color: #FFFFFF;font-weight: bold;\"><\/td><\/tr><tr><td style=\"color: #000000; background-color: #FFFFFF;font-weight: bold;\">2022<\/td><td style=\"color: #000000; background-color: #FFFFFF;font-weight: bold;\">Junho<\/td><td style=\"color: #000000; background-color: #FFFFFF;font-weight: bold;\">Rogerio Oliveira Silva <\/td><td style=\"color: #000000; background-color: #FFFFFF;font-weight: bold;\">Aux. Man. Predial <\/td><td style=\"color: #000000; background-color: #FFFFFF;font-weight: bold;\">GARRA FORTE ADMINISTRA\u00c7\u00c3O E SERVI\u00c7OS LTDA-EPP CNPJ 07.262.535\/0001-80<\/td><td style=\"color: #000000; background-color: #FFFFFF;font-weight: bold;\"><\/td><\/tr><tr><td style=\"color: #000000; background-color: #FFFFFF;font-weight: bold;\">2022<\/td><td style=\"color: #000000; background-color: #FFFFFF;font-weight: bold;\">Junho<\/td><td style=\"color: #000000; background-color: #FFFFFF;font-weight: bold;\">Maria Aldileide Silva <\/td><td style=\"color: #000000; background-color: #FFFFFF;font-weight: bold;\">Copeira <\/td><td style=\"color: #000000; background-color: #FFFFFF;font-weight: bold;\">GARRA FORTE ADMINISTRA\u00c7\u00c3O E SERVI\u00c7OS LTDA-EPP CNPJ 07.262.535\/0001-80<\/td><td style=\"color: #000000; background-color: #FFFFFF;font-weight: bold;\"><\/td><\/tr><tr><td style=\"color: #000000; background-color: #FFFFFF;font-weight: bold;\">2022<\/td><td style=\"color: #000000; background-color: #FFFFFF;font-weight: bold;\">Maio<\/td><td style=\"color: #000000; background-color: #FFFFFF;font-weight: bold;\">Victor Barbosa do Prado <\/td><td style=\"color: #000000; background-color: #FFFFFF;font-weight: bold;\">Vigia Noturno <\/td><td style=\"color: #000000; background-color: #FFFFFF;font-weight: bold;\">GARRA FORTE ADMINISTRA\u00c7\u00c3O E SERVI\u00c7OS LTDA-EPP CNPJ 07.262.535\/0001-80<\/td><td style=\"color: #000000; background-color: #FFFFFF;font-weight: bold;\"><\/td><\/tr><tr><td style=\"color: #000000; background-color: #FFFFFF;font-weight: bold;\">2022<\/td><td style=\"color: #000000; background-color: #FFFFFF;font-weight: bold;\">Maio<\/td><td style=\"color: #000000; background-color: #FFFFFF;font-weight: bold;\">Ad\u00e3o Ronilson Oliveira Silva <\/td><td style=\"color: #000000; background-color: #FFFFFF;font-weight: bold;\">Vigia Noturno <\/td><td style=\"color: #000000; background-color: #FFFFFF;font-weight: bold;\">GARRA FORTE ADMINISTRA\u00c7\u00c3O E SERVI\u00c7OS LTDA-EPP CNPJ 07.262.535\/0001-80<\/td><td style=\"color: #000000; background-color: #FFFFFF;font-weight: bold;\"><\/td><\/tr><tr><td style=\"color: #000000; background-color: #FFFFFF;font-weight: bold;\">2022<\/td><td style=\"color: #000000; background-color: #FFFFFF;font-weight: bold;\">Maio<\/td><td style=\"color: #000000; background-color: #FFFFFF;font-weight: bold;\">Gervasio da Costa Marques<\/td><td style=\"color: #000000; background-color: #FFFFFF;font-weight: bold;\">Vigia Noturno <\/td><td style=\"color: #000000; background-color: #FFFFFF;font-weight: bold;\">GARRA FORTE ADMINISTRA\u00c7\u00c3O E SERVI\u00c7OS LTDA-EPP CNPJ 07.262.535\/0001-80<\/td><td style=\"color: #000000; background-color: #FFFFFF;font-weight: bold;\"><\/td><\/tr><tr><td style=\"color: #000000; background-color: #FFFFFF;font-weight: bold;\">2022<\/td><td style=\"color: #000000; background-color: #FFFFFF;font-weight: bold;\">Maio<\/td><td style=\"color: #000000; background-color: #FFFFFF;font-weight: bold;\">Juan Carlos F. da Silva <\/td><td style=\"color: #000000; background-color: #FFFFFF;font-weight: bold;\">Vigia Noturno <\/td><td style=\"color: #000000; background-color: #FFFFFF;font-weight: bold;\">GARRA FORTE ADMINISTRA\u00c7\u00c3O E SERVI\u00c7OS LTDA-EPP CNPJ 07.262.535\/0001-80<\/td><td style=\"color: #000000; background-color: #FFFFFF;font-weight: bold;\"><\/td><\/tr><tr><td style=\"color: #000000; background-color: #FFFFFF;font-weight: bold;\">2022<\/td><td style=\"color: #000000; background-color: #FFFFFF;font-weight: bold;\">Maio<\/td><td style=\"color: #000000; background-color: #FFFFFF;font-weight: bold;\">Gislene Mendes do Vale<\/td><td style=\"color: #000000; background-color: #FFFFFF;font-weight: bold;\">Porteiro Diurno <\/td><td style=\"color: #000000; background-color: #FFFFFF;font-weight: bold;\">GARRA FORTE ADMINISTRA\u00c7\u00c3O E SERVI\u00c7OS LTDA-EPP CNPJ 07.262.535\/0001-80<\/td><td style=\"color: #000000; background-color: #FFFFFF;font-weight: bold;\"><\/td><\/tr><tr><td style=\"color: #000000; background-color: #FFFFFF;font-weight: bold;\">2022<\/td><td style=\"color: #000000; background-color: #FFFFFF;font-weight: bold;\">Maio<\/td><td style=\"color: #000000; background-color: #FFFFFF;font-weight: bold;\">Vanderlino da Silva Ramos <\/td><td style=\"color: #000000; background-color: #FFFFFF;font-weight: bold;\">Porteiro Diurno <\/td><td style=\"color: #000000; background-color: #FFFFFF;font-weight: bold;\">GARRA FORTE ADMINISTRA\u00c7\u00c3O E SERVI\u00c7OS LTDA-EPP CNPJ 07.262.535\/0001-80<\/td><td style=\"color: #000000; background-color: #FFFFFF;font-weight: bold;\"><\/td><\/tr><tr><td style=\"color: #000000; background-color: #FFFFFF;font-weight: bold;\">2022<\/td><td style=\"color: #000000; background-color: #FFFFFF;font-weight: bold;\">Maio<\/td><td style=\"color: #000000; background-color: #FFFFFF;font-weight: bold;\">Mara Rubia Martins da Silva<\/td><td style=\"color: #000000; background-color: #FFFFFF;font-weight: bold;\">Porteiro Diurno <\/td><td style=\"color: #000000; background-color: #FFFFFF;font-weight: bold;\">GARRA FORTE ADMINISTRA\u00c7\u00c3O E SERVI\u00c7OS LTDA-EPP CNPJ 07.262.535\/0001-80<\/td><td style=\"color: #000000; background-color: #FFFFFF;font-weight: bold;\"><\/td><\/tr><tr><td style=\"color: #000000; background-color: #FFFFFF;font-weight: bold;\">2022<\/td><td style=\"color: #000000; background-color: #FFFFFF;font-weight: bold;\">Maio<\/td><td style=\"color: #000000; background-color: #FFFFFF;font-weight: bold;\">Wilton Ferreira de Araujo <\/td><td style=\"color: #000000; background-color: #FFFFFF;font-weight: bold;\">Porteiro Diurno <\/td><td style=\"color: #000000; background-color: #FFFFFF;font-weight: bold;\">GARRA FORTE ADMINISTRA\u00c7\u00c3O E SERVI\u00c7OS LTDA-EPP CNPJ 07.262.535\/0001-80<\/td><td style=\"color: #000000; background-color: #FFFFFF;font-weight: bold;\"><\/td><\/tr><tr><td style=\"color: #000000; background-color: #FFFFFF;font-weight: bold;\">2022<\/td><td style=\"color: #000000; background-color: #FFFFFF;font-weight: bold;\">Maio<\/td><td style=\"color: #000000; background-color: #FFFFFF;font-weight: bold;\">Juscilene Sampaio da Silva <\/td><td style=\"color: #000000; background-color: #FFFFFF;font-weight: bold;\">Recepcionista <\/td><td style=\"color: #000000; background-color: #FFFFFF;font-weight: bold;\">GARRA FORTE ADMINISTRA\u00c7\u00c3O E SERVI\u00c7OS LTDA-EPP CNPJ 07.262.535\/0001-80<\/td><td style=\"color: #000000; background-color: #FFFFFF;font-weight: bold;\"><\/td><\/tr><tr><td style=\"color: #000000; background-color: #FFFFFF;font-weight: bold;\">2022<\/td><td style=\"color: #000000; background-color: #FFFFFF;font-weight: bold;\">Maio<\/td><td style=\"color: #000000; background-color: #FFFFFF;font-weight: bold;\">Vinicios Francisco dos Santos <\/td><td style=\"color: #000000; background-color: #FFFFFF;font-weight: bold;\">Aux. Man. Predial <\/td><td style=\"color: #000000; background-color: #FFFFFF;font-weight: bold;\">GARRA FORTE ADMINISTRA\u00c7\u00c3O E SERVI\u00c7OS LTDA-EPP CNPJ 07.262.535\/0001-80<\/td><td style=\"color: #000000; background-color: #FFFFFF;font-weight: bold;\"><\/td><\/tr><tr><td style=\"color: #000000; background-color: #FFFFFF;font-weight: bold;\">2022<\/td><td style=\"color: #000000; background-color: #FFFFFF;font-weight: bold;\">Maio<\/td><td style=\"color: #000000; background-color: #FFFFFF;font-weight: bold;\">Maria Aldileide Silva <\/td><td style=\"color: #000000; background-color: #FFFFFF;font-weight: bold;\">Copeira <\/td><td style=\"color: #000000; background-color: #FFFFFF;font-weight: bold;\">GARRA FORTE ADMINISTRA\u00c7\u00c3O E SERVI\u00c7OS LTDA-EPP CNPJ 07.262.535\/0001-80<\/td><td style=\"color: #000000; background-color: #FFFFFF;font-weight: bold;\"><\/td><\/tr><tr><td style=\"color: #000000; background-color: #FFFFFF;font-weight: bold;\">2022<\/td><td style=\"color: #000000; background-color: #FFFFFF;font-weight: bold;\">Maio<\/td><td style=\"color: #000000; background-color: #FFFFFF;font-weight: bold;\">Floraci Pires da Costa Silva<\/td><td style=\"color: #000000; background-color: #FFFFFF;font-weight: bold;\">Auxiliar de Servi\u00e7os Gerais <\/td><td style=\"color: #000000; background-color: #FFFFFF;font-weight: bold;\">GARRA FORTE ADMINISTRA\u00c7\u00c3O E SERVI\u00c7OS LTDA-EPP CNPJ 07.262.535\/0001-80<\/td><td style=\"color: #000000; background-color: #FFFFFF;font-weight: bold;\"><\/td><\/tr><tr><td style=\"color: #000000; background-color: #FFFFFF;font-weight: bold;\">2022<\/td><td style=\"color: #000000; background-color: #FFFFFF;font-weight: bold;\">Maio<\/td><td style=\"color: #000000; background-color: #FFFFFF;font-weight: bold;\">Janice Tavares Estev\u00e3o<\/td><td style=\"color: #000000; background-color: #FFFFFF;font-weight: bold;\">Auxiliar de Servi\u00e7os Gerais <\/td><td style=\"color: #000000; background-color: #FFFFFF;font-weight: bold;\">GARRA FORTE ADMINISTRA\u00c7\u00c3O E SERVI\u00c7OS LTDA-EPP CNPJ 07.262.535\/0001-80<\/td><td style=\"color: #000000; background-color: #FFFFFF;font-weight: bold;\"><\/td><\/tr><tr><td style=\"color: #000000; background-color: #FFFFFF;font-weight: bold;\">2022<\/td><td style=\"color: #000000; background-color: #FFFFFF;font-weight: bold;\">Maio<\/td><td style=\"color: #000000; background-color: #FFFFFF;font-weight: bold;\">Iraildes Pedro de Jesus <\/td><td style=\"color: #000000; background-color: #FFFFFF;font-weight: bold;\">Auxiliar de Servi\u00e7os Gerais <\/td><td style=\"color: #000000; background-color: #FFFFFF;font-weight: bold;\">GARRA FORTE ADMINISTRA\u00c7\u00c3O E SERVI\u00c7OS LTDA-EPP CNPJ 07.262.535\/0001-80<\/td><td style=\"color: #000000; background-color: #FFFFFF;font-weight: bold;\"><\/td><\/tr><tr><td style=\"color: #000000; background-color: #FFFFFF;font-weight: bold;\">2022<\/td><td style=\"color: #000000; background-color: #FFFFFF;font-weight: bold;\">Maio<\/td><td style=\"color: #000000; background-color: #FFFFFF;font-weight: bold;\">Jassiane Gomes dos Santos<\/td><td style=\"color: #000000; background-color: #FFFFFF;font-weight: bold;\">Auxiliar de Servi\u00e7os Gerais <\/td><td style=\"color: #000000; background-color: #FFFFFF;font-weight: bold;\">GARRA FORTE ADMINISTRA\u00c7\u00c3O E SERVI\u00c7OS LTDA-EPP CNPJ 07.262.535\/0001-80<\/td><td style=\"color: #000000; background-color: #FFFFFF;font-weight: bold;\"><\/td><\/tr><tr><td style=\"color: #000000; background-color: #FFFFFF;font-weight: bold;\">2022<\/td><td style=\"color: #000000; background-color: #FFFFFF;font-weight: bold;\">Maio<\/td><td style=\"color: #000000; background-color: #FFFFFF;font-weight: bold;\">Rosangela Pereira da Silva<\/td><td style=\"color: #000000; background-color: #FFFFFF;font-weight: bold;\">Auxiliar de Servi\u00e7os Gerais <\/td><td style=\"color: #000000; background-color: #FFFFFF;font-weight: bold;\">GARRA FORTE ADMINISTRA\u00c7\u00c3O E SERVI\u00c7OS LTDA-EPP CNPJ 07.262.535\/0001-80<\/td><td style=\"color: #000000; background-color: #FFFFFF;font-weight: bold;\"><\/td><\/tr><tr><td style=\"color: #000000; background-color: #FFFFFF;font-weight: bold;\">2022<\/td><td style=\"color: #000000; background-color: #FFFFFF;font-weight: bold;\">Maio<\/td><td style=\"color: #000000; background-color: #FFFFFF;font-weight: bold;\">Felipe Moreira<\/td><td style=\"color: #000000; background-color: #FFFFFF;font-weight: bold;\">Auxiliar de Jardinajem<\/td><td style=\"color: #000000; background-color: #FFFFFF;font-weight: bold;\">GARRA FORTE ADMINISTRA\u00c7\u00c3O E SERVI\u00c7OS LTDA-EPP CNPJ 07.262.535\/0001-80<\/td><td style=\"color: #000000; background-color: #FFFFFF;font-weight: bold;\"><\/td><\/tr><tr><td style=\"color: #000000; background-color: #FFFFFF;font-weight: bold;\">2022<\/td><td style=\"color: #000000; background-color: #FFFFFF;font-weight: bold;\">Maio<\/td><td style=\"color: #000000; background-color: #FFFFFF;font-weight: bold;\">Vanderluz da Costa Quintanilha <\/td><td style=\"color: #000000; background-color: #FFFFFF;font-weight: bold;\">Auxiliar de Jardinajem<\/td><td style=\"color: #000000; background-color: #FFFFFF;font-weight: bold;\">GARRA FORTE ADMINISTRA\u00c7\u00c3O E SERVI\u00c7OS LTDA-EPP CNPJ 07.262.535\/0001-80<\/td><td style=\"color: #000000; background-color: #FFFFFF;font-weight: bold;\"><\/td><\/tr><tr><td style=\"color: #000000; background-color: #FFFFFF;font-weight: bold;\">2022<\/td><td style=\"color: #000000; background-color: #FFFFFF;font-weight: bold;\">Abril<\/td><td style=\"color: #000000; background-color: #FFFFFF;font-weight: bold;\">Floraci Pires da Costa Silva<\/td><td style=\"color: #000000; background-color: #FFFFFF;font-weight: bold;\">Auxiliar de Servi\u00e7os Gerais <\/td><td style=\"color: #000000; background-color: #FFFFFF;font-weight: bold;\">GARRA FORTE ADMINISTRA\u00c7\u00c3O E SERVI\u00c7OS LTDA-EPP CNPJ 07.262.535\/0001-80<\/td><td style=\"color: #000000; background-color: #FFFFFF;font-weight: bold;\"><\/td><\/tr><tr><td style=\"color: #000000; background-color: #FFFFFF;font-weight: bold;\">2022<\/td><td style=\"color: #000000; background-color: #FFFFFF;font-weight: bold;\">Abril<\/td><td style=\"color: #000000; background-color: #FFFFFF;font-weight: bold;\">Maria Janice  Tavares Estev\u00e3o <\/td><td style=\"color: #000000; background-color: #FFFFFF;font-weight: bold;\">Auxiliar de Servi\u00e7os Gerais <\/td><td style=\"color: #000000; background-color: #FFFFFF;font-weight: bold;\">GARRA FORTE ADMINISTRA\u00c7\u00c3O E SERVI\u00c7OS LTDA-EPP CNPJ 07.262.535\/0001-80<\/td><td style=\"color: #000000; background-color: #FFFFFF;font-weight: bold;\"><\/td><\/tr><tr><td style=\"color: #000000; background-color: #FFFFFF;font-weight: bold;\">2022<\/td><td style=\"color: #000000; background-color: #FFFFFF;font-weight: bold;\">Abril<\/td><td style=\"color: #000000; background-color: #FFFFFF;font-weight: bold;\">Iraildes Pedro de Jesus <\/td><td style=\"color: #000000; background-color: #FFFFFF;font-weight: bold;\">Auxiliar de Servi\u00e7os Gerais <\/td><td style=\"color: #000000; background-color: #FFFFFF;font-weight: bold;\">GARRA FORTE ADMINISTRA\u00c7\u00c3O E SERVI\u00c7OS LTDA-EPP CNPJ 07.262.535\/0001-80<\/td><td style=\"color: #000000; background-color: #FFFFFF;font-weight: bold;\"><\/td><\/tr><tr><td style=\"color: #000000; background-color: #FFFFFF;font-weight: bold;\">2022<\/td><td style=\"color: #000000; background-color: #FFFFFF;font-weight: bold;\">Abril<\/td><td style=\"color: #000000; background-color: #FFFFFF;font-weight: bold;\">Jassiane Gomes dos Santos<\/td><td style=\"color: #000000; background-color: #FFFFFF;font-weight: bold;\">Auxiliar de Servi\u00e7os Gerais <\/td><td style=\"color: #000000; background-color: #FFFFFF;font-weight: bold;\">GARRA FORTE ADMINISTRA\u00c7\u00c3O E SERVI\u00c7OS LTDA-EPP CNPJ 07.262.535\/0001-80<\/td><td style=\"color: #000000; background-color: #FFFFFF;font-weight: bold;\"><\/td><\/tr><tr><td style=\"color: #000000; background-color: #FFFFFF;font-weight: bold;\">2022<\/td><td style=\"color: #000000; background-color: #FFFFFF;font-weight: bold;\">Abril<\/td><td style=\"color: #000000; background-color: #FFFFFF;font-weight: bold;\">Rosangela Pereira da Silva<\/td><td style=\"color: #000000; background-color: #FFFFFF;font-weight: bold;\">Auxiliar de Servi\u00e7os Gerais <\/td><td style=\"color: #000000; background-color: #FFFFFF;font-weight: bold;\">GARRA FORTE ADMINISTRA\u00c7\u00c3O E SERVI\u00c7OS LTDA-EPP CNPJ 07.262.535\/0001-80<\/td><td style=\"color: #000000; background-color: #FFFFFF;font-weight: bold;\"><\/td><\/tr><tr><td style=\"color: #000000; background-color: #FFFFFF;font-weight: bold;\">2022<\/td><td style=\"color: #000000; background-color: #FFFFFF;font-weight: bold;\">Abril<\/td><td style=\"color: #000000; background-color: #FFFFFF;font-weight: bold;\">Felipe Moreira<\/td><td style=\"color: #000000; background-color: #FFFFFF;font-weight: bold;\">Auxiliar de Jardinajem<\/td><td style=\"color: #000000; background-color: #FFFFFF;font-weight: bold;\">GARRA FORTE ADMINISTRA\u00c7\u00c3O E SERVI\u00c7OS LTDA-EPP CNPJ 07.262.535\/0001-80<\/td><td style=\"color: #000000; background-color: #FFFFFF;font-weight: bold;\"><\/td><\/tr><tr><td style=\"color: #000000; background-color: #FFFFFF;font-weight: bold;\">2022<\/td><td style=\"color: #000000; background-color: #FFFFFF;font-weight: bold;\">Abril<\/td><td style=\"color: #000000; background-color: #FFFFFF;font-weight: bold;\">Vanderluz da Costa Quintanilha <\/td><td style=\"color: #000000; background-color: #FFFFFF;font-weight: bold;\">Auxiliar de Jardinajem<\/td><td style=\"color: #000000; background-color: #FFFFFF;font-weight: bold;\">GARRA FORTE ADMINISTRA\u00c7\u00c3O E SERVI\u00c7OS LTDA-EPP CNPJ 07.262.535\/0001-80<\/td><td style=\"color: #000000; background-color: #FFFFFF;font-weight: bold;\"><\/td><\/tr><tr><td style=\"color: #000000; background-color: #FFFFFF;font-weight: bold;\">2022<\/td><td style=\"color: #000000; background-color: #FFFFFF;font-weight: bold;\">Abril<\/td><td style=\"color: #000000; background-color: #FFFFFF;font-weight: bold;\">Rodrigo Pereira da Silva<\/td><td style=\"color: #000000; background-color: #FFFFFF;font-weight: bold;\">Auxiliar de Jardinajem<\/td><td style=\"color: #000000; background-color: #FFFFFF;font-weight: bold;\">GARRA FORTE ADMINISTRA\u00c7\u00c3O E SERVI\u00c7OS LTDA-EPP CNPJ 07.262.535\/0001-80<\/td><td style=\"color: #000000; background-color: #FFFFFF;font-weight: bold;\"><\/td><\/tr><tr><td style=\"color: #000000; background-color: #FFFFFF;font-weight: bold;\">2022<\/td><td style=\"color: #000000; background-color: #FFFFFF;font-weight: bold;\">Abril<\/td><td style=\"color: #000000; background-color: #FFFFFF;font-weight: bold;\">Victor Barbosa do Prado<\/td><td style=\"color: #000000; background-color: #FFFFFF;font-weight: bold;\">Vigia Noturno <\/td><td style=\"color: #000000; background-color: #FFFFFF;font-weight: bold;\">GARRA FORTE ADMINISTRA\u00c7\u00c3O E SERVI\u00c7OS LTDA-EPP CNPJ 07.262.535\/0001-80<\/td><td style=\"color: #000000; background-color: #FFFFFF;font-weight: bold;\"><\/td><\/tr><tr><td style=\"color: #000000; background-color: #FFFFFF;font-weight: bold;\">2022<\/td><td style=\"color: #000000; background-color: #FFFFFF;font-weight: bold;\">Abril<\/td><td style=\"color: #000000; background-color: #FFFFFF;font-weight: bold;\">Ad\u00e3o Ronilson Oliveira Silva <\/td><td style=\"color: #000000; background-color: #FFFFFF;font-weight: bold;\">Vigia Noturno <\/td><td style=\"color: #000000; background-color: #FFFFFF;font-weight: bold;\">GARRA FORTE ADMINISTRA\u00c7\u00c3O E SERVI\u00c7OS LTDA-EPP CNPJ 07.262.535\/0001-80<\/td><td style=\"color: #000000; background-color: #FFFFFF;font-weight: bold;\"><\/td><\/tr><tr><td style=\"color: #000000; background-color: #FFFFFF;font-weight: bold;\">2022<\/td><td style=\"color: #000000; background-color: #FFFFFF;font-weight: bold;\">Abril<\/td><td style=\"color: #000000; background-color: #FFFFFF;font-weight: bold;\">Gervasio da Costa Marques<\/td><td style=\"color: #000000; background-color: #FFFFFF;font-weight: bold;\">Vigia Noturno <\/td><td style=\"color: #000000; background-color: #FFFFFF;font-weight: bold;\">GARRA FORTE ADMINISTRA\u00c7\u00c3O E SERVI\u00c7OS LTDA-EPP CNPJ 07.262.535\/0001-80<\/td><td style=\"color: #000000; background-color: #FFFFFF;font-weight: bold;\"><\/td><\/tr><tr><td style=\"color: #000000; background-color: #FFFFFF;font-weight: bold;\">2022<\/td><td style=\"color: #000000; background-color: #FFFFFF;font-weight: bold;\">Abril<\/td><td style=\"color: #000000; background-color: #FFFFFF;font-weight: bold;\">Juan Carlos F. da Silva\/  Ricardo dos Santos <\/td><td style=\"color: #000000; background-color: #FFFFFF;font-weight: bold;\">Vigia Noturno <\/td><td style=\"color: #000000; background-color: #FFFFFF;font-weight: bold;\">GARRA FORTE ADMINISTRA\u00c7\u00c3O E SERVI\u00c7OS LTDA-EPP CNPJ 07.262.535\/0001-80<\/td><td style=\"color: #000000; background-color: #FFFFFF;font-weight: bold;\"><\/td><\/tr><tr><td style=\"color: #000000; background-color: #FFFFFF;font-weight: bold;\">2022<\/td><td style=\"color: #000000; background-color: #FFFFFF;font-weight: bold;\">Abril<\/td><td style=\"color: #000000; background-color: #FFFFFF;font-weight: bold;\">Gislene Mendes do Vale<\/td><td style=\"color: #000000; background-color: #FFFFFF;font-weight: bold;\">Porteiro Diurno <\/td><td style=\"color: #000000; background-color: #FFFFFF;font-weight: bold;\">GARRA FORTE ADMINISTRA\u00c7\u00c3O E SERVI\u00c7OS LTDA-EPP CNPJ 07.262.535\/0001-80<\/td><td style=\"color: #000000; background-color: #FFFFFF;font-weight: bold;\"><\/td><\/tr><tr><td style=\"color: #000000; background-color: #FFFFFF;font-weight: bold;\">2022<\/td><td style=\"color: #000000; background-color: #FFFFFF;font-weight: bold;\">Abril<\/td><td style=\"color: #000000; background-color: #FFFFFF;font-weight: bold;\">Ana Cristina Batista <\/td><td style=\"color: #000000; background-color: #FFFFFF;font-weight: bold;\">Porteiro Diurno <\/td><td style=\"color: #000000; background-color: #FFFFFF;font-weight: bold;\">GARRA FORTE ADMINISTRA\u00c7\u00c3O E SERVI\u00c7OS LTDA-EPP CNPJ 07.262.535\/0001-80<\/td><td style=\"color: #000000; background-color: #FFFFFF;font-weight: bold;\"><\/td><\/tr><tr><td style=\"color: #000000; background-color: #FFFFFF;font-weight: bold;\">2022<\/td><td style=\"color: #000000; background-color: #FFFFFF;font-weight: bold;\">Abril<\/td><td style=\"color: #000000; background-color: #FFFFFF;font-weight: bold;\">Vanderlino da Silva Ramos <\/td><td style=\"color: #000000; background-color: #FFFFFF;font-weight: bold;\">Porteiro Diurno <\/td><td style=\"color: #000000; background-color: #FFFFFF;font-weight: bold;\">GARRA FORTE ADMINISTRA\u00c7\u00c3O E SERVI\u00c7OS LTDA-EPP CNPJ 07.262.535\/0001-80<\/td><td style=\"color: #000000; background-color: #FFFFFF;font-weight: bold;\"><\/td><\/tr><tr><td style=\"color: #000000; background-color: #FFFFFF;font-weight: bold;\">2022<\/td><td style=\"color: #000000; background-color: #FFFFFF;font-weight: bold;\">Abril<\/td><td style=\"color: #000000; background-color: #FFFFFF;font-weight: bold;\">Mara Rubia Martins da Silva\/ <\/td><td style=\"color: #000000; background-color: #FFFFFF;font-weight: bold;\">Porteiro Diurno <\/td><td style=\"color: #000000; background-color: #FFFFFF;font-weight: bold;\">GARRA FORTE ADMINISTRA\u00c7\u00c3O E SERVI\u00c7OS LTDA-EPP CNPJ 07.262.535\/0001-80<\/td><td style=\"color: #000000; background-color: #FFFFFF;font-weight: bold;\"><\/td><\/tr><tr><td style=\"color: #000000; background-color: #FFFFFF;font-weight: bold;\">2022<\/td><td style=\"color: #000000; background-color: #FFFFFF;font-weight: bold;\">Abril<\/td><td style=\"color: #000000; background-color: #FFFFFF;font-weight: bold;\">Girlane Barbosa da Costa <\/td><td style=\"color: #000000; background-color: #FFFFFF;font-weight: bold;\">Porteiro Diurno <\/td><td style=\"color: #000000; background-color: #FFFFFF;font-weight: bold;\">GARRA FORTE ADMINISTRA\u00c7\u00c3O E SERVI\u00c7OS LTDA-EPP CNPJ 07.262.535\/0001-80<\/td><td style=\"color: #000000; background-color: #FFFFFF;font-weight: bold;\"><\/td><\/tr><tr><td style=\"color: #000000; background-color: #FFFFFF;font-weight: bold;\">2022<\/td><td style=\"color: #000000; background-color: #FFFFFF;font-weight: bold;\">Abril<\/td><td style=\"color: #000000; background-color: #FFFFFF;font-weight: bold;\">Wilton Ferreira de Araujo <\/td><td style=\"color: #000000; background-color: #FFFFFF;font-weight: bold;\">Porteiro Diurno <\/td><td style=\"color: #000000; background-color: #FFFFFF;font-weight: bold;\">GARRA FORTE ADMINISTRA\u00c7\u00c3O E SERVI\u00c7OS LTDA-EPP CNPJ 07.262.535\/0001-80<\/td><td style=\"color: #000000; background-color: #FFFFFF;font-weight: bold;\"><\/td><\/tr><tr><td style=\"color: #000000; background-color: #FFFFFF;font-weight: bold;\">2022<\/td><td style=\"color: #000000; background-color: #FFFFFF;font-weight: bold;\">Abril<\/td><td style=\"color: #000000; background-color: #FFFFFF;font-weight: bold;\">Juscilene Sampaio da Silva <\/td><td style=\"color: #000000; background-color: #FFFFFF;font-weight: bold;\">Recepcionista <\/td><td style=\"color: #000000; background-color: #FFFFFF;font-weight: bold;\">GARRA FORTE ADMINISTRA\u00c7\u00c3O E SERVI\u00c7OS LTDA-EPP CNPJ 07.262.535\/0001-80<\/td><td style=\"color: #000000; background-color: #FFFFFF;font-weight: bold;\"><\/td><\/tr><tr><td style=\"color: #000000; background-color: #FFFFFF;font-weight: bold;\">2022<\/td><td style=\"color: #000000; background-color: #FFFFFF;font-weight: bold;\">Abril<\/td><td style=\"color: #000000; background-color: #FFFFFF;font-weight: bold;\">Vinicios Francisco dos Santos <\/td><td style=\"color: #000000; background-color: #FFFFFF;font-weight: bold;\">Aux. Man. Predial <\/td><td style=\"color: #000000; background-color: #FFFFFF;font-weight: bold;\">GARRA FORTE ADMINISTRA\u00c7\u00c3O E SERVI\u00c7OS LTDA-EPP CNPJ 07.262.535\/0001-80<\/td><td style=\"color: #000000; background-color: #FFFFFF;font-weight: bold;\"><\/td><\/tr><tr><td style=\"color: #000000; background-color: #FFFFFF;font-weight: bold;\">2022<\/td><td style=\"color: #000000; background-color: #FFFFFF;font-weight: bold;\">Abril<\/td><td style=\"color: #000000; background-color: #FFFFFF;font-weight: bold;\">Maria Aldileide Silva <\/td><td style=\"color: #000000; background-color: #FFFFFF;font-weight: bold;\">Copeira <\/td><td style=\"color: #000000; background-color: #FFFFFF;font-weight: bold;\">GARRA FORTE ADMINISTRA\u00c7\u00c3O E SERVI\u00c7OS LTDA-EPP CNPJ 07.262.535\/0001-80<\/td><td style=\"color: #000000; background-color: #FFFFFF;font-weight: bold;\"><\/td><\/tr><tr><td style=\"color: #000000; background-color: #FFFFFF;font-weight: bold;\">2022<\/td><td style=\"color: #000000; background-color: #FFFFFF;font-weight: bold;\">Mar\u00e7o<\/td><td style=\"color: #000000; background-color: #FFFFFF;font-weight: bold;\">Victor Barbosa do Prado <\/td><td style=\"color: #000000; background-color: #FFFFFF;font-weight: bold;\">Vigia Noturno <\/td><td style=\"color: #000000; background-color: #FFFFFF;font-weight: bold;\">GARRA FORTE ADMINISTRA\u00c7\u00c3O E SERVI\u00c7OS LTDA-EPP CNPJ 07.262.535\/0001-80<\/td><td style=\"color: #000000; background-color: #FFFFFF;font-weight: bold;\"><\/td><\/tr><tr><td style=\"color: #000000; background-color: #FFFFFF;font-weight: bold;\">2022<\/td><td style=\"color: #000000; background-color: #FFFFFF;font-weight: bold;\">Mar\u00e7o<\/td><td style=\"color: #000000; background-color: #FFFFFF;font-weight: bold;\">Paulo Henrique de Oliveira\/ <\/td><td style=\"color: #000000; background-color: #FFFFFF;font-weight: bold;\">Vigia Noturno <\/td><td style=\"color: #000000; background-color: #FFFFFF;font-weight: bold;\">GARRA FORTE ADMINISTRA\u00c7\u00c3O E SERVI\u00c7OS LTDA-EPP CNPJ 07.262.535\/0001-80<\/td><td style=\"color: #000000; background-color: #FFFFFF;font-weight: bold;\"><\/td><\/tr><tr><td style=\"color: #000000; background-color: #FFFFFF;font-weight: bold;\">2022<\/td><td style=\"color: #000000; background-color: #FFFFFF;font-weight: bold;\">Mar\u00e7o<\/td><td style=\"color: #000000; background-color: #FFFFFF;font-weight: bold;\">Ad\u00e3o Ronilson Oliveira Silva <\/td><td style=\"color: #000000; background-color: #FFFFFF;font-weight: bold;\">Vigia Noturno <\/td><td style=\"color: #000000; background-color: #FFFFFF;font-weight: bold;\">GARRA FORTE ADMINISTRA\u00c7\u00c3O E SERVI\u00c7OS LTDA-EPP CNPJ 07.262.535\/0001-80<\/td><td style=\"color: #000000; background-color: #FFFFFF;font-weight: bold;\"><\/td><\/tr><tr><td style=\"color: #000000; background-color: #FFFFFF;font-weight: bold;\">2022<\/td><td style=\"color: #000000; background-color: #FFFFFF;font-weight: bold;\">Mar\u00e7o<\/td><td style=\"color: #000000; background-color: #FFFFFF;font-weight: bold;\">Gervasio da Costa Marques <\/td><td style=\"color: #000000; background-color: #FFFFFF;font-weight: bold;\">Vigia Noturno <\/td><td style=\"color: #000000; background-color: #FFFFFF;font-weight: bold;\">GARRA FORTE ADMINISTRA\u00c7\u00c3O E SERVI\u00c7OS LTDA-EPP CNPJ 07.262.535\/0001-80<\/td><td style=\"color: #000000; background-color: #FFFFFF;font-weight: bold;\"><\/td><\/tr><tr><td style=\"color: #000000; background-color: #FFFFFF;font-weight: bold;\">2022<\/td><td style=\"color: #000000; background-color: #FFFFFF;font-weight: bold;\">Mar\u00e7o<\/td><td style=\"color: #000000; background-color: #FFFFFF;font-weight: bold;\">Juan Carlos F. da Silva <\/td><td style=\"color: #000000; background-color: #FFFFFF;font-weight: bold;\">Vigia Noturno <\/td><td style=\"color: #000000; background-color: #FFFFFF;font-weight: bold;\">GARRA FORTE ADMINISTRA\u00c7\u00c3O E SERVI\u00c7OS LTDA-EPP CNPJ 07.262.535\/0001-80<\/td><td style=\"color: #000000; background-color: #FFFFFF;font-weight: bold;\"><\/td><\/tr><tr><td style=\"color: #000000; background-color: #FFFFFF;font-weight: bold;\">2022<\/td><td style=\"color: #000000; background-color: #FFFFFF;font-weight: bold;\">Mar\u00e7o<\/td><td style=\"color: #000000; background-color: #FFFFFF;font-weight: bold;\">Gislene Mendes do Vale<\/td><td style=\"color: #000000; background-color: #FFFFFF;font-weight: bold;\">Porteiro Diurno <\/td><td style=\"color: #000000; background-color: #FFFFFF;font-weight: bold;\">GARRA FORTE ADMINISTRA\u00c7\u00c3O E SERVI\u00c7OS LTDA-EPP CNPJ 07.262.535\/0001-80<\/td><td style=\"color: #000000; background-color: #FFFFFF;font-weight: bold;\"><\/td><\/tr><tr><td style=\"color: #000000; background-color: #FFFFFF;font-weight: bold;\">2022<\/td><td style=\"color: #000000; background-color: #FFFFFF;font-weight: bold;\">Mar\u00e7o<\/td><td style=\"color: #000000; background-color: #FFFFFF;font-weight: bold;\">Vanderlino da Silva Ramos <\/td><td style=\"color: #000000; background-color: #FFFFFF;font-weight: bold;\">Porteiro Diurno <\/td><td style=\"color: #000000; background-color: #FFFFFF;font-weight: bold;\">GARRA FORTE ADMINISTRA\u00c7\u00c3O E SERVI\u00c7OS LTDA-EPP CNPJ 07.262.535\/0001-80<\/td><td style=\"color: #000000; background-color: #FFFFFF;font-weight: bold;\"><\/td><\/tr><tr><td style=\"color: #000000; background-color: #FFFFFF;font-weight: bold;\">2022<\/td><td style=\"color: #000000; background-color: #FFFFFF;font-weight: bold;\">Mar\u00e7o<\/td><td style=\"color: #000000; background-color: #FFFFFF;font-weight: bold;\">Mara Rubia Martins da Silva<\/td><td style=\"color: #000000; background-color: #FFFFFF;font-weight: bold;\">Porteiro Diurno <\/td><td style=\"color: #000000; background-color: #FFFFFF;font-weight: bold;\">GARRA FORTE ADMINISTRA\u00c7\u00c3O E SERVI\u00c7OS LTDA-EPP CNPJ 07.262.535\/0001-80<\/td><td style=\"color: #000000; background-color: #FFFFFF;font-weight: bold;\"><\/td><\/tr><tr><td style=\"color: #000000; background-color: #FFFFFF;font-weight: bold;\">2022<\/td><td style=\"color: #000000; background-color: #FFFFFF;font-weight: bold;\">Mar\u00e7o<\/td><td style=\"color: #000000; background-color: #FFFFFF;font-weight: bold;\">Wilton Ferreira de Araujo <\/td><td style=\"color: #000000; background-color: #FFFFFF;font-weight: bold;\">Porteiro Diurno <\/td><td style=\"color: #000000; background-color: #FFFFFF;font-weight: bold;\">GARRA FORTE ADMINISTRA\u00c7\u00c3O E SERVI\u00c7OS LTDA-EPP CNPJ 07.262.535\/0001-80<\/td><td style=\"color: #000000; background-color: #FFFFFF;font-weight: bold;\"><\/td><\/tr><tr><td style=\"color: #000000; background-color: #FFFFFF;font-weight: bold;\">2022<\/td><td style=\"color: #000000; background-color: #FFFFFF;font-weight: bold;\">Mar\u00e7o<\/td><td style=\"color: #000000; background-color: #FFFFFF;font-weight: bold;\">Juscilene Sampaio da Silva <\/td><td style=\"color: #000000; background-color: #FFFFFF;font-weight: bold;\">Recepcionista <\/td><td style=\"color: #000000; background-color: #FFFFFF;font-weight: bold;\">GARRA FORTE ADMINISTRA\u00c7\u00c3O E SERVI\u00c7OS LTDA-EPP CNPJ 07.262.535\/0001-80<\/td><td style=\"color: #000000; background-color: #FFFFFF;font-weight: bold;\"><\/td><\/tr><tr><td style=\"color: #000000; background-color: #FFFFFF;font-weight: bold;\">2022<\/td><td style=\"color: #000000; background-color: #FFFFFF;font-weight: bold;\">Mar\u00e7o<\/td><td style=\"color: #000000; background-color: #FFFFFF;font-weight: bold;\">Vinicios Francisco dos Santos <\/td><td style=\"color: #000000; background-color: #FFFFFF;font-weight: bold;\">Aux. Man. Predial <\/td><td style=\"color: #000000; background-color: #FFFFFF;font-weight: bold;\">GARRA FORTE ADMINISTRA\u00c7\u00c3O E SERVI\u00c7OS LTDA-EPP CNPJ 07.262.535\/0001-80<\/td><td style=\"color: #000000; background-color: #FFFFFF;font-weight: bold;\"><\/td><\/tr><tr><td style=\"color: #000000; background-color: #FFFFFF;font-weight: bold;\">2022<\/td><td style=\"color: #000000; background-color: #FFFFFF;font-weight: bold;\">Mar\u00e7o<\/td><td style=\"color: #000000; background-color: #FFFFFF;font-weight: bold;\">Maria Aldileide Silva <\/td><td style=\"color: #000000; background-color: #FFFFFF;font-weight: bold;\">Copeira <\/td><td style=\"color: #000000; background-color: #FFFFFF;font-weight: bold;\">GARRA FORTE ADMINISTRA\u00c7\u00c3O E SERVI\u00c7OS LTDA-EPP CNPJ 07.262.535\/0001-80<\/td><td style=\"color: #000000; background-color: #FFFFFF;font-weight: bold;\"><\/td><\/tr><tr><td style=\"color: #000000; background-color: #FFFFFF;font-weight: bold;\">2022<\/td><td style=\"color: #000000; background-color: #FFFFFF;font-weight: bold;\">Mar\u00e7o<\/td><td style=\"color: #000000; background-color: #FFFFFF;font-weight: bold;\">Floraci Pires da Costa Silva<\/td><td style=\"color: #000000; background-color: #FFFFFF;font-weight: bold;\">Auxiliar de Servi\u00e7os Gerais <\/td><td style=\"color: #000000; background-color: #FFFFFF;font-weight: bold;\">GARRA FORTE ADMINISTRA\u00c7\u00c3O E SERVI\u00c7OS LTDA-EPP CNPJ 07.262.535\/0001-80<\/td><td style=\"color: #000000; background-color: #FFFFFF;font-weight: bold;\"><\/td><\/tr><tr><td style=\"color: #000000; background-color: #FFFFFF;font-weight: bold;\">2022<\/td><td style=\"color: #000000; background-color: #FFFFFF;font-weight: bold;\">Mar\u00e7o<\/td><td style=\"color: #000000; background-color: #FFFFFF;font-weight: bold;\">Iraildes Pedro de Jesus <\/td><td style=\"color: #000000; background-color: #FFFFFF;font-weight: bold;\">Auxiliar de Servi\u00e7os Gerais <\/td><td style=\"color: #000000; background-color: #FFFFFF;font-weight: bold;\">GARRA FORTE ADMINISTRA\u00c7\u00c3O E SERVI\u00c7OS LTDA-EPP CNPJ 07.262.535\/0001-80<\/td><td style=\"color: #000000; background-color: #FFFFFF;font-weight: bold;\"><\/td><\/tr><tr><td style=\"color: #000000; background-color: #FFFFFF;font-weight: bold;\">2022<\/td><td style=\"color: #000000; background-color: #FFFFFF;font-weight: bold;\">Mar\u00e7o<\/td><td style=\"color: #000000; background-color: #FFFFFF;font-weight: bold;\">Ana Maria Dias<\/td><td style=\"color: #000000; background-color: #FFFFFF;font-weight: bold;\">Auxiliar de Servi\u00e7os Gerais <\/td><td style=\"color: #000000; background-color: #FFFFFF;font-weight: bold;\">GARRA FORTE ADMINISTRA\u00c7\u00c3O E SERVI\u00c7OS LTDA-EPP CNPJ 07.262.535\/0001-80<\/td><td style=\"color: #000000; background-color: #FFFFFF;font-weight: bold;\"><\/td><\/tr><tr><td style=\"color: #000000; background-color: #FFFFFF;font-weight: bold;\">2022<\/td><td style=\"color: #000000; background-color: #FFFFFF;font-weight: bold;\">Mar\u00e7o<\/td><td style=\"color: #000000; background-color: #FFFFFF;font-weight: bold;\">Lucilene Rodrigues <\/td><td style=\"color: #000000; background-color: #FFFFFF;font-weight: bold;\">Auxiliar de Servi\u00e7os Gerais <\/td><td style=\"color: #000000; background-color: #FFFFFF;font-weight: bold;\">GARRA FORTE ADMINISTRA\u00c7\u00c3O E SERVI\u00c7OS LTDA-EPP CNPJ 07.262.535\/0001-80<\/td><td style=\"color: #000000; background-color: #FFFFFF;font-weight: bold;\"><\/td><\/tr><tr><td style=\"color: #000000; background-color: #FFFFFF;font-weight: bold;\">2022<\/td><td style=\"color: #000000; background-color: #FFFFFF;font-weight: bold;\">Mar\u00e7o<\/td><td style=\"color: #000000; background-color: #FFFFFF;font-weight: bold;\">Rosangela Pereira da Silva<\/td><td style=\"color: #000000; background-color: #FFFFFF;font-weight: bold;\">Auxiliar de Servi\u00e7os Gerais <\/td><td style=\"color: #000000; background-color: #FFFFFF;font-weight: bold;\">GARRA FORTE ADMINISTRA\u00c7\u00c3O E SERVI\u00c7OS LTDA-EPP CNPJ 07.262.535\/0001-80<\/td><td style=\"color: #000000; background-color: #FFFFFF;font-weight: bold;\"><\/td><\/tr><tr><td style=\"color: #000000; background-color: #FFFFFF;font-weight: bold;\">2022<\/td><td style=\"color: #000000; background-color: #FFFFFF;font-weight: bold;\">Mar\u00e7o<\/td><td style=\"color: #000000; background-color: #FFFFFF;font-weight: bold;\">Felipe Moreira<\/td><td style=\"color: #000000; background-color: #FFFFFF;font-weight: bold;\">Auxiliar de Jardinajem<\/td><td style=\"color: #000000; background-color: #FFFFFF;font-weight: bold;\">GARRA FORTE ADMINISTRA\u00c7\u00c3O E SERVI\u00c7OS LTDA-EPP CNPJ 07.262.535\/0001-80<\/td><td style=\"color: #000000; background-color: #FFFFFF;font-weight: bold;\"><\/td><\/tr><tr><td style=\"color: #000000; background-color: #FFFFFF;font-weight: bold;\">2022<\/td><td style=\"color: #000000; background-color: #FFFFFF;font-weight: bold;\">Mar\u00e7o<\/td><td style=\"color: #000000; background-color: #FFFFFF;font-weight: bold;\">Dejames Pereira Rosa<\/td><td style=\"color: #000000; background-color: #FFFFFF;font-weight: bold;\">Auxiliar de Jardinajem<\/td><td style=\"color: #000000; background-color: #FFFFFF;font-weight: bold;\">GARRA FORTE ADMINISTRA\u00c7\u00c3O E SERVI\u00c7OS LTDA-EPP CNPJ 07.262.535\/0001-80<\/td><td style=\"color: #000000; background-color: #FFFFFF;font-weight: bold;\"><\/td><\/tr><tr><td style=\"color: #000000; background-color: #FFFFFF;font-weight: bold;\">2022<\/td><td style=\"color: #000000; background-color: #FFFFFF;font-weight: bold;\">Mar\u00e7o<\/td><td style=\"color: #000000; background-color: #FFFFFF;font-weight: bold;\">Vanderluz da Costa Quintanilha <\/td><td style=\"color: #000000; background-color: #FFFFFF;font-weight: bold;\">Auxiliar de Jardinajem<\/td><td style=\"color: #000000; background-color: #FFFFFF;font-weight: bold;\">GARRA FORTE ADMINISTRA\u00c7\u00c3O E SERVI\u00c7OS LTDA-EPP CNPJ 07.262.535\/0001-80<\/td><td style=\"color: #000000; background-color: #FFFFFF;font-weight: bold;\"><\/td><\/tr><tr><td style=\"color: #000000; background-color: #FFFFFF;font-weight: bold;\">2022<\/td><td style=\"color: #000000; background-color: #FFFFFF;font-weight: bold;\">Mar\u00e7o<\/td><td style=\"color: #000000; background-color: #FFFFFF;font-weight: bold;\">Carlos Andre de Lima<\/td><td style=\"color: #000000; background-color: #FFFFFF;font-weight: bold;\">Auxiliar de Jardinajem<\/td><td style=\"color: #000000; background-color: #FFFFFF;font-weight: bold;\">GARRA FORTE ADMINISTRA\u00c7\u00c3O E SERVI\u00c7OS LTDA-EPP CNPJ 07.262.535\/0001-80<\/td><td style=\"color: #000000; background-color: #FFFFFF;font-weight: bold;\"><\/td><\/tr><tr><td style=\"color: #000000; background-color: #FFFFFF;font-weight: bold;\">2022<\/td><td style=\"color: #000000; background-color: #FFFFFF;font-weight: bold;\">Mar\u00e7o<\/td><td style=\"color: #000000; background-color: #FFFFFF;font-weight: bold;\">Rodrigo Pereira da Silva<\/td><td style=\"color: #000000; background-color: #FFFFFF;font-weight: bold;\">Auxiliar de Jardinajem<\/td><td style=\"color: #000000; background-color: #FFFFFF;font-weight: bold;\">GARRA FORTE ADMINISTRA\u00c7\u00c3O E SERVI\u00c7OS LTDA-EPP CNPJ 07.262.535\/0001-80<\/td><td style=\"color: #000000; background-color: #FFFFFF;font-weight: bold;\"><\/td><\/tr><tr><td style=\"color: #000000; background-color: #FFFFFF;font-weight: bold;\">2022<\/td><td style=\"color: #000000; background-color: #FFFFFF;font-weight: bold;\">Fevereiro <\/td><td style=\"color: #000000; background-color: #FFFFFF;font-weight: bold;\">Floraci Pires da Costa Silva<\/td><td style=\"color: #000000; background-color: #FFFFFF;font-weight: bold;\">Auxiliar de Servi\u00e7os Gerais <\/td><td style=\"color: #000000; background-color: #FFFFFF;font-weight: bold;\">GARRA FORTE ADMINISTRA\u00c7\u00c3O E SERVI\u00c7OS LTDA-EPP CNPJ 07.262.535\/0001-80<\/td><td style=\"color: #000000; background-color: #FFFFFF;font-weight: bold;\"><\/td><\/tr><tr><td style=\"color: #000000; background-color: #FFFFFF;font-weight: bold;\">2022<\/td><td style=\"color: #000000; background-color: #FFFFFF;font-weight: bold;\">Fevereiro <\/td><td style=\"color: #000000; background-color: #FFFFFF;font-weight: bold;\">Iraildes Pedro de Jesus <\/td><td style=\"color: #000000; background-color: #FFFFFF;font-weight: bold;\">Auxiliar de Servi\u00e7os Gerais <\/td><td style=\"color: #000000; background-color: #FFFFFF;font-weight: bold;\">GARRA FORTE ADMINISTRA\u00c7\u00c3O E SERVI\u00c7OS LTDA-EPP CNPJ 07.262.535\/0001-80<\/td><td style=\"color: #000000; background-color: #FFFFFF;font-weight: bold;\"><\/td><\/tr><tr><td style=\"color: #000000; background-color: #FFFFFF;font-weight: bold;\">2022<\/td><td style=\"color: #000000; background-color: #FFFFFF;font-weight: bold;\">Fevereiro <\/td><td style=\"color: #000000; background-color: #FFFFFF;font-weight: bold;\">Lucilene Rodrigues <\/td><td style=\"color: #000000; background-color: #FFFFFF;font-weight: bold;\">Auxiliar de Servi\u00e7os Gerais <\/td><td style=\"color: #000000; background-color: #FFFFFF;font-weight: bold;\">GARRA FORTE ADMINISTRA\u00c7\u00c3O E SERVI\u00c7OS LTDA-EPP CNPJ 07.262.535\/0001-80<\/td><td style=\"color: #000000; background-color: #FFFFFF;font-weight: bold;\"><\/td><\/tr><tr><td style=\"color: #000000; background-color: #FFFFFF;font-weight: bold;\">2022<\/td><td style=\"color: #000000; background-color: #FFFFFF;font-weight: bold;\">Fevereiro <\/td><td style=\"color: #000000; background-color: #FFFFFF;font-weight: bold;\">Rosangela Pereira da Silva<\/td><td style=\"color: #000000; background-color: #FFFFFF;font-weight: bold;\">Auxiliar de Servi\u00e7os Gerais <\/td><td style=\"color: #000000; background-color: #FFFFFF;font-weight: bold;\">GARRA FORTE ADMINISTRA\u00c7\u00c3O E SERVI\u00c7OS LTDA-EPP CNPJ 07.262.535\/0001-80<\/td><td style=\"color: #000000; background-color: #FFFFFF;font-weight: bold;\"><\/td><\/tr><tr><td style=\"color: #000000; background-color: #FFFFFF;font-weight: bold;\">2022<\/td><td style=\"color: #000000; background-color: #FFFFFF;font-weight: bold;\">Fevereiro <\/td><td style=\"color: #000000; background-color: #FFFFFF;font-weight: bold;\">Felipe Moreira<\/td><td style=\"color: #000000; background-color: #FFFFFF;font-weight: bold;\">Auxiliar de Servi\u00e7os Gerais <\/td><td style=\"color: #000000; background-color: #FFFFFF;font-weight: bold;\">GARRA FORTE ADMINISTRA\u00c7\u00c3O E SERVI\u00c7OS LTDA-EPP CNPJ 07.262.535\/0001-80<\/td><td style=\"color: #000000; background-color: #FFFFFF;font-weight: bold;\"><\/td><\/tr><tr><td style=\"color: #000000; background-color: #FFFFFF;font-weight: bold;\">2022<\/td><td style=\"color: #000000; background-color: #FFFFFF;font-weight: bold;\">Fevereiro <\/td><td style=\"color: #000000; background-color: #FFFFFF;font-weight: bold;\">Carlos Andre de Lima<\/td><td style=\"color: #000000; background-color: #FFFFFF;font-weight: bold;\">Auxiliar de Jardinajem<\/td><td style=\"color: #000000; background-color: #FFFFFF;font-weight: bold;\">GARRA FORTE ADMINISTRA\u00c7\u00c3O E SERVI\u00c7OS LTDA-EPP CNPJ 07.262.535\/0001-80<\/td><td style=\"color: #000000; background-color: #FFFFFF;font-weight: bold;\"><\/td><\/tr><tr><td style=\"color: #000000; background-color: #FFFFFF;font-weight: bold;\">2022<\/td><td style=\"color: #000000; background-color: #FFFFFF;font-weight: bold;\">Fevereiro <\/td><td style=\"color: #000000; background-color: #FFFFFF;font-weight: bold;\">Eurico Antonio do Nascimento<\/td><td style=\"color: #000000; background-color: #FFFFFF;font-weight: bold;\">Auxiliar de Jardinajem<\/td><td style=\"color: #000000; background-color: #FFFFFF;font-weight: bold;\">GARRA FORTE ADMINISTRA\u00c7\u00c3O E SERVI\u00c7OS LTDA-EPP CNPJ 07.262.535\/0001-80<\/td><td style=\"color: #000000; background-color: #FFFFFF;font-weight: bold;\"><\/td><\/tr><tr><td style=\"color: #000000; background-color: #FFFFFF;font-weight: bold;\">2022<\/td><td style=\"color: #000000; background-color: #FFFFFF;font-weight: bold;\">Fevereiro <\/td><td style=\"color: #000000; background-color: #FFFFFF;font-weight: bold;\">Gervasio da Costa Marques Filho<\/td><td style=\"color: #000000; background-color: #FFFFFF;font-weight: bold;\">Vigia Noturno <\/td><td style=\"color: #000000; background-color: #FFFFFF;font-weight: bold;\">GARRA FORTE ADMINISTRA\u00c7\u00c3O E SERVI\u00c7OS LTDA-EPP CNPJ 07.262.535\/0001-80<\/td><td style=\"color: #000000; background-color: #FFFFFF;font-weight: bold;\"><\/td><\/tr><tr><td style=\"color: #000000; background-color: #FFFFFF;font-weight: bold;\">2022<\/td><td style=\"color: #000000; background-color: #FFFFFF;font-weight: bold;\">Fevereiro <\/td><td style=\"color: #000000; background-color: #FFFFFF;font-weight: bold;\">Juan Carlos F da Silva <\/td><td style=\"color: #000000; background-color: #FFFFFF;font-weight: bold;\">Vigia Noturno <\/td><td style=\"color: #000000; background-color: #FFFFFF;font-weight: bold;\">GARRA FORTE ADMINISTRA\u00c7\u00c3O E SERVI\u00c7OS LTDA-EPP CNPJ 07.262.535\/0001-80<\/td><td style=\"color: #000000; background-color: #FFFFFF;font-weight: bold;\"><\/td><\/tr><tr><td style=\"color: #000000; background-color: #FFFFFF;font-weight: bold;\">2022<\/td><td style=\"color: #000000; background-color: #FFFFFF;font-weight: bold;\">Fevereiro <\/td><td style=\"color: #000000; background-color: #FFFFFF;font-weight: bold;\">Gislene Mendes do Vale <\/td><td style=\"color: #000000; background-color: #FFFFFF;font-weight: bold;\">Porteiro Diurno <\/td><td style=\"color: #000000; background-color: #FFFFFF;font-weight: bold;\">GARRA FORTE ADMINISTRA\u00c7\u00c3O E SERVI\u00c7OS LTDA-EPP CNPJ 07.262.535\/0001-80<\/td><td style=\"color: #000000; background-color: #FFFFFF;font-weight: bold;\"><\/td><\/tr><tr><td style=\"color: #000000; background-color: #FFFFFF;font-weight: bold;\">2022<\/td><td style=\"color: #000000; background-color: #FFFFFF;font-weight: bold;\">Fevereiro <\/td><td style=\"color: #000000; background-color: #FFFFFF;font-weight: bold;\">Vanderlino da Silva Ramos <\/td><td style=\"color: #000000; background-color: #FFFFFF;font-weight: bold;\">Porteiro Diurno <\/td><td style=\"color: #000000; background-color: #FFFFFF;font-weight: bold;\">GARRA FORTE ADMINISTRA\u00c7\u00c3O E SERVI\u00c7OS LTDA-EPP CNPJ 07.262.535\/0001-80<\/td><td style=\"color: #000000; background-color: #FFFFFF;font-weight: bold;\"><\/td><\/tr><tr><td style=\"color: #000000; background-color: #FFFFFF;font-weight: bold;\">2022<\/td><td style=\"color: #000000; background-color: #FFFFFF;font-weight: bold;\">Fevereiro <\/td><td style=\"color: #000000; background-color: #FFFFFF;font-weight: bold;\">Mara Rubia Martins da Silva <\/td><td style=\"color: #000000; background-color: #FFFFFF;font-weight: bold;\">Porteiro Diurno <\/td><td style=\"color: #000000; background-color: #FFFFFF;font-weight: bold;\">GARRA FORTE ADMINISTRA\u00c7\u00c3O E SERVI\u00c7OS LTDA-EPP CNPJ 07.262.535\/0001-80<\/td><td style=\"color: #000000; background-color: #FFFFFF;font-weight: bold;\"><\/td><\/tr><tr><td style=\"color: #000000; background-color: #FFFFFF;font-weight: bold;\">2022<\/td><td style=\"color: #000000; background-color: #FFFFFF;font-weight: bold;\">Fevereiro <\/td><td style=\"color: #000000; background-color: #FFFFFF;font-weight: bold;\">Wilton Ferreira de Araujo <\/td><td style=\"color: #000000; background-color: #FFFFFF;font-weight: bold;\">Porteiro Diurno <\/td><td style=\"color: #000000; background-color: #FFFFFF;font-weight: bold;\">GARRA FORTE ADMINISTRA\u00c7\u00c3O E SERVI\u00c7OS LTDA-EPP CNPJ 07.262.535\/0001-80<\/td><td style=\"color: #000000; background-color: #FFFFFF;font-weight: bold;\"><\/td><\/tr><tr><td style=\"color: #000000; background-color: #FFFFFF;font-weight: bold;\">2022<\/td><td style=\"color: #000000; background-color: #FFFFFF;font-weight: bold;\">Fevereiro <\/td><td style=\"color: #000000; background-color: #FFFFFF;font-weight: bold;\">Juscilene Sampaio da Silva <\/td><td style=\"color: #000000; background-color: #FFFFFF;font-weight: bold;\">Recepcionista <\/td><td style=\"color: #000000; background-color: #FFFFFF;font-weight: bold;\">GARRA FORTE ADMINISTRA\u00c7\u00c3O E SERVI\u00c7OS LTDA-EPP CNPJ 07.262.535\/0001-80<\/td><td style=\"color: #000000; background-color: #FFFFFF;font-weight: bold;\"><\/td><\/tr><tr><td style=\"color: #000000; background-color: #FFFFFF;font-weight: bold;\">2022<\/td><td style=\"color: #000000; background-color: #FFFFFF;font-weight: bold;\">Fevereiro <\/td><td style=\"color: #000000; background-color: #FFFFFF;font-weight: bold;\">Edvaldo Aparecido Soares Moncao <\/td><td style=\"color: #000000; background-color: #FFFFFF;font-weight: bold;\">Aux. Man. Predial <\/td><td style=\"color: #000000; background-color: #FFFFFF;font-weight: bold;\">GARRA FORTE ADMINISTRA\u00c7\u00c3O E SERVI\u00c7OS LTDA-EPP CNPJ 07.262.535\/0001-80<\/td><td style=\"color: #000000; background-color: #FFFFFF;font-weight: bold;\"><\/td><\/tr><tr><td style=\"color: #000000; background-color: #FFFFFF;font-weight: bold;\">2022<\/td><td style=\"color: #000000; background-color: #FFFFFF;font-weight: bold;\">Fevereiro <\/td><td style=\"color: #000000; background-color: #FFFFFF;font-weight: bold;\">Maria Aldileide Silva <\/td><td style=\"color: #000000; background-color: #FFFFFF;font-weight: bold;\">Copeira <\/td><td style=\"color: #000000; background-color: #FFFFFF;font-weight: bold;\">GARRA FORTE ADMINISTRA\u00c7\u00c3O E SERVI\u00c7OS LTDA-EPP CNPJ 07.262.535\/0001-80<\/td><td style=\"color: #000000; background-color: #FFFFFF;font-weight: bold;\"><\/td><\/tr><tr><td style=\"color: #000000; background-color: #FFFFFF;font-weight: bold;\">2022<\/td><td style=\"color: #000000; background-color: #FFFFFF;font-weight: bold;\">Janeiro<\/td><td style=\"color: #000000; background-color: #FFFFFF;font-weight: bold;\">Floraci Pires da Costa Silva<\/td><td style=\"color: #000000; background-color: #FFFFFF;font-weight: bold;\">Auxiliar de Servi\u00e7os Gerais <\/td><td style=\"color: #000000; background-color: #FFFFFF;font-weight: bold;\">GARRA FORTE ADMINISTRA\u00c7\u00c3O E SERVI\u00c7OS LTDA-EPP CNPJ 07.262.535\/0001-80<\/td><td style=\"color: #000000; background-color: #FFFFFF;font-weight: bold;\"><\/td><\/tr><tr><td style=\"color: #000000; background-color: #FFFFFF;font-weight: bold;\">2022<\/td><td style=\"color: #000000; background-color: #FFFFFF;font-weight: bold;\">Janeiro<\/td><td style=\"color: #000000; background-color: #FFFFFF;font-weight: bold;\">Iraildes Pedro de Jesus <\/td><td style=\"color: #000000; background-color: #FFFFFF;font-weight: bold;\">Auxiliar de Servi\u00e7os Gerais <\/td><td style=\"color: #000000; background-color: #FFFFFF;font-weight: bold;\">GARRA FORTE ADMINISTRA\u00c7\u00c3O E SERVI\u00c7OS LTDA-EPP CNPJ 07.262.535\/0001-80<\/td><td style=\"color: #000000; background-color: #FFFFFF;font-weight: bold;\"><\/td><\/tr><tr><td style=\"color: #000000; background-color: #FFFFFF;font-weight: bold;\">2022<\/td><td style=\"color: #000000; background-color: #FFFFFF;font-weight: bold;\">Janeiro<\/td><td style=\"color: #000000; background-color: #FFFFFF;font-weight: bold;\">Lucilene Rodrigues <\/td><td style=\"color: #000000; background-color: #FFFFFF;font-weight: bold;\">Auxiliar de Servi\u00e7os Gerais <\/td><td style=\"color: #000000; background-color: #FFFFFF;font-weight: bold;\">GARRA FORTE ADMINISTRA\u00c7\u00c3O E SERVI\u00c7OS LTDA-EPP CNPJ 07.262.535\/0001-80<\/td><td style=\"color: #000000; background-color: #FFFFFF;font-weight: bold;\"><\/td><\/tr><tr><td style=\"color: #000000; background-color: #FFFFFF;font-weight: bold;\">2022<\/td><td style=\"color: #000000; background-color: #FFFFFF;font-weight: bold;\">Janeiro<\/td><td style=\"color: #000000; background-color: #FFFFFF;font-weight: bold;\">Rosangela Pereira da Silva<\/td><td style=\"color: #000000; background-color: #FFFFFF;font-weight: bold;\">Auxiliar de Servi\u00e7os Gerais <\/td><td style=\"color: #000000; background-color: #FFFFFF;font-weight: bold;\">GARRA FORTE ADMINISTRA\u00c7\u00c3O E SERVI\u00c7OS LTDA-EPP CNPJ 07.262.535\/0001-80<\/td><td style=\"color: #000000; background-color: #FFFFFF;font-weight: bold;\"><\/td><\/tr><tr><td style=\"color: #000000; background-color: #FFFFFF;font-weight: bold;\">2022<\/td><td style=\"color: #000000; background-color: #FFFFFF;font-weight: bold;\">Janeiro<\/td><td style=\"color: #000000; background-color: #FFFFFF;font-weight: bold;\">Felipe Moreira<\/td><td style=\"color: #000000; background-color: #FFFFFF;font-weight: bold;\">Auxiliar de Servi\u00e7os Gerais <\/td><td style=\"color: #000000; background-color: #FFFFFF;font-weight: bold;\">GARRA FORTE ADMINISTRA\u00c7\u00c3O E SERVI\u00c7OS LTDA-EPP CNPJ 07.262.535\/0001-80<\/td><td style=\"color: #000000; background-color: #FFFFFF;font-weight: bold;\"><\/td><\/tr><tr><td style=\"color: #000000; background-color: #FFFFFF;font-weight: bold;\">2022<\/td><td style=\"color: #000000; background-color: #FFFFFF;font-weight: bold;\">Janeiro<\/td><td style=\"color: #000000; background-color: #FFFFFF;font-weight: bold;\"> JoseTadeu Rezende<\/td><td style=\"color: #000000; background-color: #FFFFFF;font-weight: bold;\">Auxiliar de Servi\u00e7os Gerais <\/td><td style=\"color: #000000; background-color: #FFFFFF;font-weight: bold;\">GARRA FORTE ADMINISTRA\u00c7\u00c3O E SERVI\u00c7OS LTDA-EPP CNPJ 07.262.535\/0001-80<\/td><td style=\"color: #000000; background-color: #FFFFFF;font-weight: bold;\"><\/td><\/tr><tr><td style=\"color: #000000; background-color: #FFFFFF;font-weight: bold;\">2022<\/td><td style=\"color: #000000; background-color: #FFFFFF;font-weight: bold;\">Janeiro<\/td><td style=\"color: #000000; background-color: #FFFFFF;font-weight: bold;\">Carlos Adre de Lima<\/td><td style=\"color: #000000; background-color: #FFFFFF;font-weight: bold;\">Auxiliar de Servi\u00e7os Gerais <\/td><td style=\"color: #000000; background-color: #FFFFFF;font-weight: bold;\">GARRA FORTE ADMINISTRA\u00c7\u00c3O E SERVI\u00c7OS LTDA-EPP CNPJ 07.262.535\/0001-80<\/td><td style=\"color: #000000; background-color: #FFFFFF;font-weight: bold;\"><\/td><\/tr><tr><td style=\"color: #000000; background-color: #FFFFFF;font-weight: bold;\">2022<\/td><td style=\"color: #000000; background-color: #FFFFFF;font-weight: bold;\">Janeiro<\/td><td style=\"color: #000000; background-color: #FFFFFF;font-weight: bold;\">Victor Barbosa do Prado <\/td><td style=\"color: #000000; background-color: #FFFFFF;font-weight: bold;\">Vigia Noturno <\/td><td style=\"color: #000000; background-color: #FFFFFF;font-weight: bold;\">GARRA FORTE ADMINISTRA\u00c7\u00c3O E SERVI\u00c7OS LTDA-EPP CNPJ 07.262.535\/0001-80<\/td><td style=\"color: #000000; background-color: #FFFFFF;font-weight: bold;\"><\/td><\/tr><tr><td style=\"color: #000000; background-color: #FFFFFF;font-weight: bold;\">2022<\/td><td style=\"color: #000000; background-color: #FFFFFF;font-weight: bold;\">Janeiro<\/td><td style=\"color: #000000; background-color: #FFFFFF;font-weight: bold;\">Paulo Henrique de Oliveira <\/td><td style=\"color: #000000; background-color: #FFFFFF;font-weight: bold;\">Vigia Noturno <\/td><td style=\"color: #000000; background-color: #FFFFFF;font-weight: bold;\">GARRA FORTE ADMINISTRA\u00c7\u00c3O E SERVI\u00c7OS LTDA-EPP CNPJ 07.262.535\/0001-80<\/td><td style=\"color: #000000; background-color: #FFFFFF;font-weight: bold;\"><\/td><\/tr><tr><td style=\"color: #000000; background-color: #FFFFFF;font-weight: bold;\">2022<\/td><td style=\"color: #000000; background-color: #FFFFFF;font-weight: bold;\">Janeiro<\/td><td style=\"color: #000000; background-color: #FFFFFF;font-weight: bold;\">Victor Barbosa do Prado <\/td><td style=\"color: #000000; background-color: #FFFFFF;font-weight: bold;\">Vigia Noturno <\/td><td style=\"color: #000000; background-color: #FFFFFF;font-weight: bold;\">GARRA FORTE ADMINISTRA\u00c7\u00c3O E SERVI\u00c7OS LTDA-EPP CNPJ 07.262.535\/0001-80<\/td><td style=\"color: #000000; background-color: #FFFFFF;font-weight: bold;\"><\/td><\/tr><tr><td style=\"color: #000000; background-color: #FFFFFF;font-weight: bold;\">2022<\/td><td style=\"color: #000000; background-color: #FFFFFF;font-weight: bold;\">Janeiro<\/td><td style=\"color: #000000; background-color: #FFFFFF;font-weight: bold;\">Wilk Aschineli Romano<\/td><td style=\"color: #000000; background-color: #FFFFFF;font-weight: bold;\">Vigia Noturno <\/td><td style=\"color: #000000; background-color: #FFFFFF;font-weight: bold;\">GARRA FORTE ADMINISTRA\u00c7\u00c3O E SERVI\u00c7OS LTDA-EPP CNPJ 07.262.535\/0001-80<\/td><td style=\"color: #000000; background-color: #FFFFFF;font-weight: bold;\"><\/td><\/tr><tr><td style=\"color: #000000; background-color: #FFFFFF;font-weight: bold;\">2022<\/td><td style=\"color: #000000; background-color: #FFFFFF;font-weight: bold;\">Janeiro<\/td><td style=\"color: #000000; background-color: #FFFFFF;font-weight: bold;\">Gervasio da Costa Marques Filho<\/td><td style=\"color: #000000; background-color: #FFFFFF;font-weight: bold;\">Vigia Noturno <\/td><td style=\"color: #000000; background-color: #FFFFFF;font-weight: bold;\">GARRA FORTE ADMINISTRA\u00c7\u00c3O E SERVI\u00c7OS LTDA-EPP CNPJ 07.262.535\/0001-80<\/td><td style=\"color: #000000; background-color: #FFFFFF;font-weight: bold;\"><\/td><\/tr><tr><td style=\"color: #000000; background-color: #FFFFFF;font-weight: bold;\">2022<\/td><td style=\"color: #000000; background-color: #FFFFFF;font-weight: bold;\">Janeiro<\/td><td style=\"color: #000000; background-color: #FFFFFF;font-weight: bold;\">Juan Carlos F da Silva <\/td><td style=\"color: #000000; background-color: #FFFFFF;font-weight: bold;\">Vigia Noturno <\/td><td style=\"color: #000000; background-color: #FFFFFF;font-weight: bold;\">GARRA FORTE ADMINISTRA\u00c7\u00c3O E SERVI\u00c7OS LTDA-EPP CNPJ 07.262.535\/0001-80<\/td><td style=\"color: #000000; background-color: #FFFFFF;font-weight: bold;\"><\/td><\/tr><tr><td style=\"color: #000000; background-color: #FFFFFF;font-weight: bold;\">2022<\/td><td style=\"color: #000000; background-color: #FFFFFF;font-weight: bold;\">Janeiro<\/td><td style=\"color: #000000; background-color: #FFFFFF;font-weight: bold;\">Gislene Mendes Do Vale<\/td><td style=\"color: #000000; background-color: #FFFFFF;font-weight: bold;\">Porteiro Diurno <\/td><td style=\"color: #000000; background-color: #FFFFFF;font-weight: bold;\">GARRA FORTE ADMINISTRA\u00c7\u00c3O E SERVI\u00c7OS LTDA-EPP CNPJ 07.262.535\/0001-80<\/td><td style=\"color: #000000; background-color: #FFFFFF;font-weight: bold;\"><\/td><\/tr><tr><td style=\"color: #000000; background-color: #FFFFFF;font-weight: bold;\">2022<\/td><td style=\"color: #000000; background-color: #FFFFFF;font-weight: bold;\">Janeiro<\/td><td style=\"color: #000000; background-color: #FFFFFF;font-weight: bold;\">Vanderlino da Silva Ramos <\/td><td style=\"color: #000000; background-color: #FFFFFF;font-weight: bold;\">Porteiro Diurno <\/td><td style=\"color: #000000; background-color: #FFFFFF;font-weight: bold;\">GARRA FORTE ADMINISTRA\u00c7\u00c3O E SERVI\u00c7OS LTDA-EPP CNPJ 07.262.535\/0001-80<\/td><td style=\"color: #000000; background-color: #FFFFFF;font-weight: bold;\"><\/td><\/tr><tr><td style=\"color: #000000; background-color: #FFFFFF;font-weight: bold;\">2022<\/td><td style=\"color: #000000; background-color: #FFFFFF;font-weight: bold;\">Janeiro<\/td><td style=\"color: #000000; background-color: #FFFFFF;font-weight: bold;\">Mara Rubia Martins da Silva<\/td><td style=\"color: #000000; background-color: #FFFFFF;font-weight: bold;\">Porteiro Diurno <\/td><td style=\"color: #000000; background-color: #FFFFFF;font-weight: bold;\">GARRA FORTE ADMINISTRA\u00c7\u00c3O E SERVI\u00c7OS LTDA-EPP CNPJ 07.262.535\/0001-80<\/td><td style=\"color: #000000; background-color: #FFFFFF;font-weight: bold;\"><\/td><\/tr><tr><td style=\"color: #000000; background-color: #FFFFFF;font-weight: bold;\">2022<\/td><td style=\"color: #000000; background-color: #FFFFFF;font-weight: bold;\">Janeiro<\/td><td style=\"color: #000000; background-color: #FFFFFF;font-weight: bold;\">Janilton Lopes de Brito<\/td><td style=\"color: #000000; background-color: #FFFFFF;font-weight: bold;\">Porteiro Diurno <\/td><td style=\"color: #000000; background-color: #FFFFFF;font-weight: bold;\">GARRA FORTE ADMINISTRA\u00c7\u00c3O E SERVI\u00c7OS LTDA-EPP CNPJ 07.262.535\/0001-80<\/td><td style=\"color: #000000; background-color: #FFFFFF;font-weight: bold;\"><\/td><\/tr><tr><td style=\"color: #000000; background-color: #FFFFFF;font-weight: bold;\">2022<\/td><td style=\"color: #000000; background-color: #FFFFFF;font-weight: bold;\">Janeiro<\/td><td style=\"color: #000000; background-color: #FFFFFF;font-weight: bold;\">Juscilene Sampaio da Silva <\/td><td style=\"color: #000000; background-color: #FFFFFF;font-weight: bold;\">Recepcionista <\/td><td style=\"color: #000000; background-color: #FFFFFF;font-weight: bold;\">GARRA FORTE ADMINISTRA\u00c7\u00c3O E SERVI\u00c7OS LTDA-EPP CNPJ 07.262.535\/0001-80<\/td><td style=\"color: #000000; background-color: #FFFFFF;font-weight: bold;\"><\/td><\/tr><tr><td style=\"color: #000000; background-color: #FFFFFF;font-weight: bold;\">2022<\/td><td style=\"color: #000000; background-color: #FFFFFF;font-weight: bold;\">Janeiro<\/td><td style=\"color: #000000; background-color: #FFFFFF;font-weight: bold;\">Rog\u00e9rio Oliveira Lima<\/td><td style=\"color: #000000; background-color: #FFFFFF;font-weight: bold;\">Aux. Man. Predial <\/td><td style=\"color: #000000; background-color: #FFFFFF;font-weight: bold;\">GARRA FORTE ADMINISTRA\u00c7\u00c3O E SERVI\u00c7OS LTDA-EPP CNPJ 07.262.535\/0001-80<\/td><td style=\"color: #000000; background-color: #FFFFFF;font-weight: bold;\"><\/td><\/tr><tr><td style=\"color: #000000; background-color: #FFFFFF;font-weight: bold;\">2022<\/td><td style=\"color: #000000; background-color: #FFFFFF;font-weight: bold;\">Janeiro<\/td><td style=\"color: #000000; background-color: #FFFFFF;font-weight: bold;\">Maria Aldileide Silva <\/td><td style=\"color: #000000; background-color: #FFFFFF;font-weight: bold;\">Copeira <\/td><td style=\"color: #000000; background-color: #FFFFFF;font-weight: bold;\">GARRA FORTE ADMINISTRA\u00c7\u00c3O E SERVI\u00c7OS LTDA-EPP CNPJ 07.262.535\/0001-80<\/td><td style=\"color: #000000; background-color: #FFFFFF;font-weight: bold;\"><\/td><\/tr><tr><td style=\"color: #000000; background-color: #FFFFFF;font-weight: bold;\">2021<\/td><td style=\"color: #000000; background-color: #FFFFFF;font-weight: bold;\">Dezembro<\/td><td style=\"color: #000000; background-color: #FFFFFF;font-weight: bold;\">Victor Barbosa do Prado <\/td><td style=\"color: #000000; background-color: #FFFFFF;font-weight: bold;\">Vigia Noturno <\/td><td style=\"color: #000000; background-color: #FFFFFF;font-weight: bold;\">GARRA FORTE ADMINISTRA\u00c7\u00c3O E SERVI\u00c7OS LTDA-EPP CNPJ 07.262.535\/0001-80<\/td><td style=\"color: #000000; background-color: #FFFFFF;font-weight: bold;\"><\/td><\/tr><tr><td style=\"color: #000000; background-color: #FFFFFF;font-weight: bold;\">2021<\/td><td style=\"color: #000000; background-color: #FFFFFF;font-weight: bold;\">Dezembro<\/td><td style=\"color: #000000; background-color: #FFFFFF;font-weight: bold;\">Paulo Henrique de Oliveira <\/td><td style=\"color: #000000; background-color: #FFFFFF;font-weight: bold;\">Vigia Noturno <\/td><td style=\"color: #000000; background-color: #FFFFFF;font-weight: bold;\">GARRA FORTE ADMINISTRA\u00c7\u00c3O E SERVI\u00c7OS LTDA-EPP CNPJ 07.262.535\/0001-80<\/td><td style=\"color: #000000; background-color: #FFFFFF;font-weight: bold;\"><\/td><\/tr><tr><td style=\"color: #000000; background-color: #FFFFFF;font-weight: bold;\">2021<\/td><td style=\"color: #000000; background-color: #FFFFFF;font-weight: bold;\">Dezembro<\/td><td style=\"color: #000000; background-color: #FFFFFF;font-weight: bold;\">Gervasio da Costa Marques Filho<\/td><td style=\"color: #000000; background-color: #FFFFFF;font-weight: bold;\">Vigia Noturno <\/td><td style=\"color: #000000; background-color: #FFFFFF;font-weight: bold;\">GARRA FORTE ADMINISTRA\u00c7\u00c3O E SERVI\u00c7OS LTDA-EPP CNPJ 07.262.535\/0001-80<\/td><td style=\"color: #000000; background-color: #FFFFFF;font-weight: bold;\"><\/td><\/tr><tr><td style=\"color: #000000; background-color: #FFFFFF;font-weight: bold;\">2021<\/td><td style=\"color: #000000; background-color: #FFFFFF;font-weight: bold;\">Dezembro<\/td><td style=\"color: #000000; background-color: #FFFFFF;font-weight: bold;\">Juan Carlos F da Silva <\/td><td style=\"color: #000000; background-color: #FFFFFF;font-weight: bold;\">Vigia Noturno <\/td><td style=\"color: #000000; background-color: #FFFFFF;font-weight: bold;\">GARRA FORTE ADMINISTRA\u00c7\u00c3O E SERVI\u00c7OS LTDA-EPP CNPJ 07.262.535\/0001-80<\/td><td style=\"color: #000000; background-color: #FFFFFF;font-weight: bold;\"><\/td><\/tr><tr><td style=\"color: #000000; background-color: #FFFFFF;font-weight: bold;\">2021<\/td><td style=\"color: #000000; background-color: #FFFFFF;font-weight: bold;\">Dezembro<\/td><td style=\"color: #000000; background-color: #FFFFFF;font-weight: bold;\">Gislene Mendes do Vale <\/td><td style=\"color: #000000; background-color: #FFFFFF;font-weight: bold;\">Porteiro Diurno <\/td><td style=\"color: #000000; background-color: #FFFFFF;font-weight: bold;\">GARRA FORTE ADMINISTRA\u00c7\u00c3O E SERVI\u00c7OS LTDA-EPP CNPJ 07.262.535\/0001-80<\/td><td style=\"color: #000000; background-color: #FFFFFF;font-weight: bold;\"><\/td><\/tr><tr><td style=\"color: #000000; background-color: #FFFFFF;font-weight: bold;\">2021<\/td><td style=\"color: #000000; background-color: #FFFFFF;font-weight: bold;\">Dezembro<\/td><td style=\"color: #000000; background-color: #FFFFFF;font-weight: bold;\">Vanderlino da Silva Ramos <\/td><td style=\"color: #000000; background-color: #FFFFFF;font-weight: bold;\">Porteiro Diurno <\/td><td style=\"color: #000000; background-color: #FFFFFF;font-weight: bold;\">GARRA FORTE ADMINISTRA\u00c7\u00c3O E SERVI\u00c7OS LTDA-EPP CNPJ 07.262.535\/0001-80<\/td><td style=\"color: #000000; background-color: #FFFFFF;font-weight: bold;\"><\/td><\/tr><tr><td style=\"color: #000000; background-color: #FFFFFF;font-weight: bold;\">2021<\/td><td style=\"color: #000000; background-color: #FFFFFF;font-weight: bold;\">Dezembro<\/td><td style=\"color: #000000; background-color: #FFFFFF;font-weight: bold;\">Mara Rubia Martins da Silva <\/td><td style=\"color: #000000; background-color: #FFFFFF;font-weight: bold;\">Porteiro Diurno <\/td><td style=\"color: #000000; background-color: #FFFFFF;font-weight: bold;\">GARRA FORTE ADMINISTRA\u00c7\u00c3O E SERVI\u00c7OS LTDA-EPP CNPJ 07.262.535\/0001-80<\/td><td style=\"color: #000000; background-color: #FFFFFF;font-weight: bold;\"><\/td><\/tr><tr><td style=\"color: #000000; background-color: #FFFFFF;font-weight: bold;\">2021<\/td><td style=\"color: #000000; background-color: #FFFFFF;font-weight: bold;\">Dezembro<\/td><td style=\"color: #000000; background-color: #FFFFFF;font-weight: bold;\">Janilton Lopes de Brito <\/td><td style=\"color: #000000; background-color: #FFFFFF;font-weight: bold;\">Porteiro Diurno <\/td><td style=\"color: #000000; background-color: #FFFFFF;font-weight: bold;\">GARRA FORTE ADMINISTRA\u00c7\u00c3O E SERVI\u00c7OS LTDA-EPP CNPJ 07.262.535\/0001-80<\/td><td style=\"color: #000000; background-color: #FFFFFF;font-weight: bold;\"><\/td><\/tr><tr><td style=\"color: #000000; background-color: #FFFFFF;font-weight: bold;\">2021<\/td><td style=\"color: #000000; background-color: #FFFFFF;font-weight: bold;\">Dezembro<\/td><td style=\"color: #000000; background-color: #FFFFFF;font-weight: bold;\">Juscilene Sampaio da Silva <\/td><td style=\"color: #000000; background-color: #FFFFFF;font-weight: bold;\">Recepcionista <\/td><td style=\"color: #000000; background-color: #FFFFFF;font-weight: bold;\">GARRA FORTE ADMINISTRA\u00c7\u00c3O E SERVI\u00c7OS LTDA-EPP CNPJ 07.262.535\/0001-80<\/td><td style=\"color: #000000; background-color: #FFFFFF;font-weight: bold;\"><\/td><\/tr><tr><td style=\"color: #000000; background-color: #FFFFFF;font-weight: bold;\">2021<\/td><td style=\"color: #000000; background-color: #FFFFFF;font-weight: bold;\">Dezembro<\/td><td style=\"color: #000000; background-color: #FFFFFF;font-weight: bold;\">Rog\u00e9rio Oliveira Lima<\/td><td style=\"color: #000000; background-color: #FFFFFF;font-weight: bold;\">Aux. Man. Predial <\/td><td style=\"color: #000000; background-color: #FFFFFF;font-weight: bold;\">GARRA FORTE ADMINISTRA\u00c7\u00c3O E SERVI\u00c7OS LTDA-EPP CNPJ 07.262.535\/0001-80<\/td><td style=\"color: #000000; background-color: #FFFFFF;font-weight: bold;\"><\/td><\/tr><tr><td style=\"color: #000000; background-color: #FFFFFF;font-weight: bold;\">2021<\/td><td style=\"color: #000000; background-color: #FFFFFF;font-weight: bold;\">Dezembro<\/td><td style=\"color: #000000; background-color: #FFFFFF;font-weight: bold;\">Maria Aldileide Silva <\/td><td style=\"color: #000000; background-color: #FFFFFF;font-weight: bold;\">Copeira <\/td><td style=\"color: #000000; background-color: #FFFFFF;font-weight: bold;\">GARRA FORTE ADMINISTRA\u00c7\u00c3O E SERVI\u00c7OS LTDA-EPP CNPJ 07.262.535\/0001-80<\/td><td style=\"color: #000000; background-color: #FFFFFF;font-weight: bold;\"><\/td><\/tr><tr><td style=\"color: #000000; background-color: #FFFFFF;font-weight: bold;\">2021<\/td><td style=\"color: #000000; background-color: #FFFFFF;font-weight: bold;\">Dezembro<\/td><td style=\"color: #000000; background-color: #FFFFFF;font-weight: bold;\">Floraci Pires da Costa Silva<\/td><td style=\"color: #000000; background-color: #FFFFFF;font-weight: bold;\">Auxiliar de Servi\u00e7os Gerais <\/td><td style=\"color: #000000; background-color: #FFFFFF;font-weight: bold;\">GARRA FORTE ADMINISTRA\u00c7\u00c3O E SERVI\u00c7OS LTDA-EPP CNPJ 07.262.535\/0001-80<\/td><td style=\"color: #000000; background-color: #FFFFFF;font-weight: bold;\"><\/td><\/tr><tr><td style=\"color: #000000; background-color: #FFFFFF;font-weight: bold;\">2021<\/td><td style=\"color: #000000; background-color: #FFFFFF;font-weight: bold;\">Dezembro<\/td><td style=\"color: #000000; background-color: #FFFFFF;font-weight: bold;\">Iraildes Pedro de Jesus <\/td><td style=\"color: #000000; background-color: #FFFFFF;font-weight: bold;\">Auxiliar de Servi\u00e7os Gerais <\/td><td style=\"color: #000000; background-color: #FFFFFF;font-weight: bold;\">GARRA FORTE ADMINISTRA\u00c7\u00c3O E SERVI\u00c7OS LTDA-EPP CNPJ 07.262.535\/0001-80<\/td><td style=\"color: #000000; background-color: #FFFFFF;font-weight: bold;\"><\/td><\/tr><tr><td style=\"color: #000000; background-color: #FFFFFF;font-weight: bold;\">2021<\/td><td style=\"color: #000000; background-color: #FFFFFF;font-weight: bold;\">Dezembro<\/td><td style=\"color: #000000; background-color: #FFFFFF;font-weight: bold;\">Dorvani Frncisco dos Santos<\/td><td style=\"color: #000000; background-color: #FFFFFF;font-weight: bold;\">Auxiliar de Servi\u00e7os Gerais <\/td><td style=\"color: #000000; background-color: #FFFFFF;font-weight: bold;\">GARRA FORTE ADMINISTRA\u00c7\u00c3O E SERVI\u00c7OS LTDA-EPP CNPJ 07.262.535\/0001-80<\/td><td style=\"color: #000000; background-color: #FFFFFF;font-weight: bold;\"><\/td><\/tr><tr><td style=\"color: #000000; background-color: #FFFFFF;font-weight: bold;\">2021<\/td><td style=\"color: #000000; background-color: #FFFFFF;font-weight: bold;\">Dezembro<\/td><td style=\"color: #000000; background-color: #FFFFFF;font-weight: bold;\">Lucilene Rodrigues <\/td><td style=\"color: #000000; background-color: #FFFFFF;font-weight: bold;\">Auxiliar de Servi\u00e7os Gerais <\/td><td style=\"color: #000000; background-color: #FFFFFF;font-weight: bold;\">GARRA FORTE ADMINISTRA\u00c7\u00c3O E SERVI\u00c7OS LTDA-EPP CNPJ 07.262.535\/0001-80<\/td><td style=\"color: #000000; background-color: #FFFFFF;font-weight: bold;\"><\/td><\/tr><tr><td style=\"color: #000000; background-color: #FFFFFF;font-weight: bold;\">2021<\/td><td style=\"color: #000000; background-color: #FFFFFF;font-weight: bold;\">Dezembro<\/td><td style=\"color: #000000; background-color: #FFFFFF;font-weight: bold;\">Rosangela Pereira da Silva<\/td><td style=\"color: #000000; background-color: #FFFFFF;font-weight: bold;\">Auxiliar de Servi\u00e7os Gerais <\/td><td style=\"color: #000000; background-color: #FFFFFF;font-weight: bold;\">GARRA FORTE ADMINISTRA\u00c7\u00c3O E SERVI\u00c7OS LTDA-EPP CNPJ 07.262.535\/0001-80<\/td><td style=\"color: #000000; background-color: #FFFFFF;font-weight: bold;\"><\/td><\/tr><tr><td style=\"color: #000000; background-color: #FFFFFF;font-weight: bold;\">2021<\/td><td style=\"color: #000000; background-color: #FFFFFF;font-weight: bold;\">Dezembro<\/td><td style=\"color: #000000; background-color: #FFFFFF;font-weight: bold;\">Felipe Moreira<\/td><td style=\"color: #000000; background-color: #FFFFFF;font-weight: bold;\">Auxiliar de Servi\u00e7os Gerais <\/td><td style=\"color: #000000; background-color: #FFFFFF;font-weight: bold;\">GARRA FORTE ADMINISTRA\u00c7\u00c3O E SERVI\u00c7OS LTDA-EPP CNPJ 07.262.535\/0001-80<\/td><td style=\"color: #000000; background-color: #FFFFFF;font-weight: bold;\"><\/td><\/tr><tr><td style=\"color: #000000; background-color: #FFFFFF;font-weight: bold;\">2021<\/td><td style=\"color: #000000; background-color: #FFFFFF;font-weight: bold;\">Dezembro<\/td><td style=\"color: #000000; background-color: #FFFFFF;font-weight: bold;\">Carlos Adre de Lima<\/td><td style=\"color: #000000; background-color: #FFFFFF;font-weight: bold;\">Auxiliar de Servi\u00e7os Gerais <\/td><td style=\"color: #000000; background-color: #FFFFFF;font-weight: bold;\">GARRA FORTE ADMINISTRA\u00c7\u00c3O E SERVI\u00c7OS LTDA-EPP CNPJ 07.262.535\/0001-80<\/td><td style=\"color: #000000; background-color: #FFFFFF;font-weight: bold;\"><\/td><\/tr><tr><td style=\"color: #000000; background-color: #FFFFFF;font-weight: bold;\">2021<\/td><td style=\"color: #000000; background-color: #FFFFFF;font-weight: bold;\">Novembro <\/td><td style=\"color: #000000; background-color: #FFFFFF;font-weight: bold;\">Floraci Pires da Costa Silva<\/td><td style=\"color: #000000; background-color: #FFFFFF;font-weight: bold;\">Auxiliar de Servi\u00e7os Gerais <\/td><td style=\"color: #000000; background-color: #FFFFFF;font-weight: bold;\">GARRA FORTE ADMINISTRA\u00c7\u00c3O E SERVI\u00c7OS LTDA-EPP CNPJ 07.262.535\/0001-80<\/td><td style=\"color: #000000; background-color: #FFFFFF;font-weight: bold;\"><\/td><\/tr><tr><td style=\"color: #000000; background-color: #FFFFFF;font-weight: bold;\">2021<\/td><td style=\"color: #000000; background-color: #FFFFFF;font-weight: bold;\">Novembro <\/td><td style=\"color: #000000; background-color: #FFFFFF;font-weight: bold;\">Iraildes Pedro de Jesus <\/td><td style=\"color: #000000; background-color: #FFFFFF;font-weight: bold;\">Auxiliar de Servi\u00e7os Gerais <\/td><td style=\"color: #000000; background-color: #FFFFFF;font-weight: bold;\">GARRA FORTE ADMINISTRA\u00c7\u00c3O E SERVI\u00c7OS LTDA-EPP CNPJ 07.262.535\/0001-80<\/td><td style=\"color: #000000; background-color: #FFFFFF;font-weight: bold;\"><\/td><\/tr><tr><td style=\"color: #000000; background-color: #FFFFFF;font-weight: bold;\">2021<\/td><td style=\"color: #000000; background-color: #FFFFFF;font-weight: bold;\">Novembro <\/td><td style=\"color: #000000; background-color: #FFFFFF;font-weight: bold;\">Maria Janice  Tavares Estev\u00e3o <\/td><td style=\"color: #000000; background-color: #FFFFFF;font-weight: bold;\">Auxiliar de Servi\u00e7os Gerais <\/td><td style=\"color: #000000; background-color: #FFFFFF;font-weight: bold;\">GARRA FORTE ADMINISTRA\u00c7\u00c3O E SERVI\u00c7OS LTDA-EPP CNPJ 07.262.535\/0001-80<\/td><td style=\"color: #000000; background-color: #FFFFFF;font-weight: bold;\"><\/td><\/tr><tr><td style=\"color: #000000; background-color: #FFFFFF;font-weight: bold;\">2021<\/td><td style=\"color: #000000; background-color: #FFFFFF;font-weight: bold;\">Novembro <\/td><td style=\"color: #000000; background-color: #FFFFFF;font-weight: bold;\">Lucilene Rodrigues <\/td><td style=\"color: #000000; background-color: #FFFFFF;font-weight: bold;\">Auxiliar de Servi\u00e7os Gerais <\/td><td style=\"color: #000000; background-color: #FFFFFF;font-weight: bold;\">GARRA FORTE ADMINISTRA\u00c7\u00c3O E SERVI\u00c7OS LTDA-EPP CNPJ 07.262.535\/0001-80<\/td><td style=\"color: #000000; background-color: #FFFFFF;font-weight: bold;\"><\/td><\/tr><tr><td style=\"color: #000000; background-color: #FFFFFF;font-weight: bold;\">2021<\/td><td style=\"color: #000000; background-color: #FFFFFF;font-weight: bold;\">Novembro <\/td><td style=\"color: #000000; background-color: #FFFFFF;font-weight: bold;\">Rosangela Pereira da Silva<\/td><td style=\"color: #000000; background-color: #FFFFFF;font-weight: bold;\">Auxiliar de Servi\u00e7os Gerais <\/td><td style=\"color: #000000; background-color: #FFFFFF;font-weight: bold;\">GARRA FORTE ADMINISTRA\u00c7\u00c3O E SERVI\u00c7OS LTDA-EPP CNPJ 07.262.535\/0001-80<\/td><td style=\"color: #000000; background-color: #FFFFFF;font-weight: bold;\"><\/td><\/tr><tr><td style=\"color: #000000; background-color: #FFFFFF;font-weight: bold;\">2021<\/td><td style=\"color: #000000; background-color: #FFFFFF;font-weight: bold;\">Novembro <\/td><td style=\"color: #000000; background-color: #FFFFFF;font-weight: bold;\">Felipe Moreira<\/td><td style=\"color: #000000; background-color: #FFFFFF;font-weight: bold;\">Auxiliar de Jardinajem<\/td><td style=\"color: #000000; background-color: #FFFFFF;font-weight: bold;\">GARRA FORTE ADMINISTRA\u00c7\u00c3O E SERVI\u00c7OS LTDA-EPP CNPJ 07.262.535\/0001-80<\/td><td style=\"color: #000000; background-color: #FFFFFF;font-weight: bold;\"><\/td><\/tr><tr><td style=\"color: #000000; background-color: #FFFFFF;font-weight: bold;\">2021<\/td><td style=\"color: #000000; background-color: #FFFFFF;font-weight: bold;\">Novembro <\/td><td style=\"color: #000000; background-color: #FFFFFF;font-weight: bold;\">Carlos Adre de Lima<\/td><td style=\"color: #000000; background-color: #FFFFFF;font-weight: bold;\">Auxiliar de Jardinajem<\/td><td style=\"color: #000000; background-color: #FFFFFF;font-weight: bold;\">GARRA FORTE ADMINISTRA\u00c7\u00c3O E SERVI\u00c7OS LTDA-EPP CNPJ 07.262.535\/0001-80<\/td><td style=\"color: #000000; background-color: #FFFFFF;font-weight: bold;\"><\/td><\/tr><tr><td style=\"color: #000000; background-color: #FFFFFF;font-weight: bold;\">2021<\/td><td style=\"color: #000000; background-color: #FFFFFF;font-weight: bold;\">Novembro <\/td><td style=\"color: #000000; background-color: #FFFFFF;font-weight: bold;\">Victor Barbosa do Prado<\/td><td style=\"color: #000000; background-color: #FFFFFF;font-weight: bold;\">Vigia Noturno <\/td><td style=\"color: #000000; background-color: #FFFFFF;font-weight: bold;\">GARRA FORTE ADMINISTRA\u00c7\u00c3O E SERVI\u00c7OS LTDA-EPP CNPJ 07.262.535\/0001-80<\/td><td style=\"color: #000000; background-color: #FFFFFF;font-weight: bold;\"><\/td><\/tr><tr><td style=\"color: #000000; background-color: #FFFFFF;font-weight: bold;\">2021<\/td><td style=\"color: #000000; background-color: #FFFFFF;font-weight: bold;\">Novembro <\/td><td style=\"color: #000000; background-color: #FFFFFF;font-weight: bold;\">George Henrique T. dos Santos<\/td><td style=\"color: #000000; background-color: #FFFFFF;font-weight: bold;\">Vigia Noturno <\/td><td style=\"color: #000000; background-color: #FFFFFF;font-weight: bold;\">GARRA FORTE ADMINISTRA\u00c7\u00c3O E SERVI\u00c7OS LTDA-EPP CNPJ 07.262.535\/0001-80<\/td><td style=\"color: #000000; background-color: #FFFFFF;font-weight: bold;\"><\/td><\/tr><tr><td style=\"color: #000000; background-color: #FFFFFF;font-weight: bold;\">2021<\/td><td style=\"color: #000000; background-color: #FFFFFF;font-weight: bold;\">Novembro <\/td><td style=\"color: #000000; background-color: #FFFFFF;font-weight: bold;\">Gervasio da Costa Marques Filho<\/td><td style=\"color: #000000; background-color: #FFFFFF;font-weight: bold;\">Vigia Noturno <\/td><td style=\"color: #000000; background-color: #FFFFFF;font-weight: bold;\">GARRA FORTE ADMINISTRA\u00c7\u00c3O E SERVI\u00c7OS LTDA-EPP CNPJ 07.262.535\/0001-80<\/td><td style=\"color: #000000; background-color: #FFFFFF;font-weight: bold;\"><\/td><\/tr><tr><td style=\"color: #000000; background-color: #FFFFFF;font-weight: bold;\">2021<\/td><td style=\"color: #000000; background-color: #FFFFFF;font-weight: bold;\">Novembro <\/td><td style=\"color: #000000; background-color: #FFFFFF;font-weight: bold;\">Juan Carlos F. da Silva<\/td><td style=\"color: #000000; background-color: #FFFFFF;font-weight: bold;\">Vigia Noturno <\/td><td style=\"color: #000000; background-color: #FFFFFF;font-weight: bold;\">GARRA FORTE ADMINISTRA\u00c7\u00c3O E SERVI\u00c7OS LTDA-EPP CNPJ 07.262.535\/0001-80<\/td><td style=\"color: #000000; background-color: #FFFFFF;font-weight: bold;\"><\/td><\/tr><tr><td style=\"color: #000000; background-color: #FFFFFF;font-weight: bold;\">2021<\/td><td style=\"color: #000000; background-color: #FFFFFF;font-weight: bold;\">Novembro <\/td><td style=\"color: #000000; background-color: #FFFFFF;font-weight: bold;\">Gislene Mendes do Vale<\/td><td style=\"color: #000000; background-color: #FFFFFF;font-weight: bold;\">Porteiro Diurno <\/td><td style=\"color: #000000; background-color: #FFFFFF;font-weight: bold;\">GARRA FORTE ADMINISTRA\u00c7\u00c3O E SERVI\u00c7OS LTDA-EPP CNPJ 07.262.535\/0001-80<\/td><td style=\"color: #000000; background-color: #FFFFFF;font-weight: bold;\"><\/td><\/tr><tr><td style=\"color: #000000; background-color: #FFFFFF;font-weight: bold;\">2021<\/td><td style=\"color: #000000; background-color: #FFFFFF;font-weight: bold;\">Novembro <\/td><td style=\"color: #000000; background-color: #FFFFFF;font-weight: bold;\">Wilson Jose de Souza<\/td><td style=\"color: #000000; background-color: #FFFFFF;font-weight: bold;\">Porteiro Diurno <\/td><td style=\"color: #000000; background-color: #FFFFFF;font-weight: bold;\">GARRA FORTE ADMINISTRA\u00c7\u00c3O E SERVI\u00c7OS LTDA-EPP CNPJ 07.262.535\/0001-80<\/td><td style=\"color: #000000; background-color: #FFFFFF;font-weight: bold;\"><\/td><\/tr><tr><td style=\"color: #000000; background-color: #FFFFFF;font-weight: bold;\">2021<\/td><td style=\"color: #000000; background-color: #FFFFFF;font-weight: bold;\">Novembro <\/td><td style=\"color: #000000; background-color: #FFFFFF;font-weight: bold;\">Mara Rubia Martins da Silva<\/td><td style=\"color: #000000; background-color: #FFFFFF;font-weight: bold;\">Porteiro Diurno <\/td><td style=\"color: #000000; background-color: #FFFFFF;font-weight: bold;\">GARRA FORTE ADMINISTRA\u00c7\u00c3O E SERVI\u00c7OS LTDA-EPP CNPJ 07.262.535\/0001-80<\/td><td style=\"color: #000000; background-color: #FFFFFF;font-weight: bold;\"><\/td><\/tr><tr><td style=\"color: #000000; background-color: #FFFFFF;font-weight: bold;\">2021<\/td><td style=\"color: #000000; background-color: #FFFFFF;font-weight: bold;\">Novembro <\/td><td style=\"color: #000000; background-color: #FFFFFF;font-weight: bold;\">Janilton Lopes de  Brito<\/td><td style=\"color: #000000; background-color: #FFFFFF;font-weight: bold;\">Porteiro Diurno <\/td><td style=\"color: #000000; background-color: #FFFFFF;font-weight: bold;\">GARRA FORTE ADMINISTRA\u00c7\u00c3O E SERVI\u00c7OS LTDA-EPP CNPJ 07.262.535\/0001-80<\/td><td style=\"color: #000000; background-color: #FFFFFF;font-weight: bold;\"><\/td><\/tr><tr><td style=\"color: #000000; background-color: #FFFFFF;font-weight: bold;\">2021<\/td><td style=\"color: #000000; background-color: #FFFFFF;font-weight: bold;\">Novembro <\/td><td style=\"color: #000000; background-color: #FFFFFF;font-weight: bold;\">Juscilene Sampaio da Silva<\/td><td style=\"color: #000000; background-color: #FFFFFF;font-weight: bold;\">Recepcionista <\/td><td style=\"color: #000000; background-color: #FFFFFF;font-weight: bold;\">GARRA FORTE ADMINISTRA\u00c7\u00c3O E SERVI\u00c7OS LTDA-EPP CNPJ 07.262.535\/0001-80<\/td><td style=\"color: #000000; background-color: #FFFFFF;font-weight: bold;\"><\/td><\/tr><tr><td style=\"color: #000000; background-color: #FFFFFF;font-weight: bold;\">2021<\/td><td style=\"color: #000000; background-color: #FFFFFF;font-weight: bold;\">Novembro <\/td><td style=\"color: #000000; background-color: #FFFFFF;font-weight: bold;\">Rog\u00e9rio Oliveira Lima<\/td><td style=\"color: #000000; background-color: #FFFFFF;font-weight: bold;\">Aux. Man. Predial <\/td><td style=\"color: #000000; background-color: #FFFFFF;font-weight: bold;\">GARRA FORTE ADMINISTRA\u00c7\u00c3O E SERVI\u00c7OS LTDA-EPP CNPJ 07.262.535\/0001-80<\/td><td style=\"color: #000000; background-color: #FFFFFF;font-weight: bold;\"><\/td><\/tr><tr><td style=\"color: #000000; background-color: #FFFFFF;font-weight: bold;\">2021<\/td><td style=\"color: #000000; background-color: #FFFFFF;font-weight: bold;\">Novembro <\/td><td style=\"color: #000000; background-color: #FFFFFF;font-weight: bold;\">Maria Aldileide Silva<\/td><td style=\"color: #000000; background-color: #FFFFFF;font-weight: bold;\">Copeira <\/td><td style=\"color: #000000; background-color: #FFFFFF;font-weight: bold;\">GARRA FORTE ADMINISTRA\u00c7\u00c3O E SERVI\u00c7OS LTDA-EPP CNPJ 07.262.535\/0001-80<\/td><td style=\"color: #000000; background-color: #FFFFFF;font-weight: bold;\"><\/td><\/tr><tr><td style=\"color: #000000; background-color: #FFFFFF;font-weight: bold;\">2021<\/td><td style=\"color: #000000; background-color: #FFFFFF;font-weight: bold;\">Outubro<\/td><td style=\"color: #000000; background-color: #FFFFFF;font-weight: bold;\">Floraci Pires da Costa Silva<\/td><td style=\"color: #000000; background-color: #FFFFFF;font-weight: bold;\">Auxiliar de Servi\u00e7os Gerais <\/td><td style=\"color: #000000; background-color: #FFFFFF;font-weight: bold;\">GARRA FORTE ADMINISTRA\u00c7\u00c3O E SERVI\u00c7OS LTDA-EPP CNPJ 07.262.535\/0001-80<\/td><td style=\"color: #000000; background-color: #FFFFFF;font-weight: bold;\"><\/td><\/tr><tr><td style=\"color: #000000; background-color: #FFFFFF;font-weight: bold;\">2021<\/td><td style=\"color: #000000; background-color: #FFFFFF;font-weight: bold;\">Outubro<\/td><td style=\"color: #000000; background-color: #FFFFFF;font-weight: bold;\">Iraildes Pedro de Jesus <\/td><td style=\"color: #000000; background-color: #FFFFFF;font-weight: bold;\">Auxiliar de Servi\u00e7os Gerais <\/td><td style=\"color: #000000; background-color: #FFFFFF;font-weight: bold;\">GARRA FORTE ADMINISTRA\u00c7\u00c3O E SERVI\u00c7OS LTDA-EPP CNPJ 07.262.535\/0001-80<\/td><td style=\"color: #000000; background-color: #FFFFFF;font-weight: bold;\"><\/td><\/tr><tr><td style=\"color: #000000; background-color: #FFFFFF;font-weight: bold;\">2021<\/td><td style=\"color: #000000; background-color: #FFFFFF;font-weight: bold;\">Outubro<\/td><td style=\"color: #000000; background-color: #FFFFFF;font-weight: bold;\">Juciara Alves Marques Silva<\/td><td style=\"color: #000000; background-color: #FFFFFF;font-weight: bold;\">Auxiliar de Servi\u00e7os Gerais <\/td><td style=\"color: #000000; background-color: #FFFFFF;font-weight: bold;\">GARRA FORTE ADMINISTRA\u00c7\u00c3O E SERVI\u00c7OS LTDA-EPP CNPJ 07.262.535\/0001-80<\/td><td style=\"color: #000000; background-color: #FFFFFF;font-weight: bold;\"><\/td><\/tr><tr><td style=\"color: #000000; background-color: #FFFFFF;font-weight: bold;\">2021<\/td><td style=\"color: #000000; background-color: #FFFFFF;font-weight: bold;\">Outubro<\/td><td style=\"color: #000000; background-color: #FFFFFF;font-weight: bold;\">Lucilene Rodrigues <\/td><td style=\"color: #000000; background-color: #FFFFFF;font-weight: bold;\">Auxiliar de Servi\u00e7os Gerais <\/td><td style=\"color: #000000; background-color: #FFFFFF;font-weight: bold;\">GARRA FORTE ADMINISTRA\u00c7\u00c3O E SERVI\u00c7OS LTDA-EPP CNPJ 07.262.535\/0001-80<\/td><td style=\"color: #000000; background-color: #FFFFFF;font-weight: bold;\"><\/td><\/tr><tr><td style=\"color: #000000; background-color: #FFFFFF;font-weight: bold;\">2021<\/td><td style=\"color: #000000; background-color: #FFFFFF;font-weight: bold;\">Outubro<\/td><td style=\"color: #000000; background-color: #FFFFFF;font-weight: bold;\">Rosangela Pereira da Silva<\/td><td style=\"color: #000000; background-color: #FFFFFF;font-weight: bold;\">Auxiliar de Servi\u00e7os Gerais <\/td><td style=\"color: #000000; background-color: #FFFFFF;font-weight: bold;\">GARRA FORTE ADMINISTRA\u00c7\u00c3O E SERVI\u00c7OS LTDA-EPP CNPJ 07.262.535\/0001-80<\/td><td style=\"color: #000000; background-color: #FFFFFF;font-weight: bold;\"><\/td><\/tr><tr><td style=\"color: #000000; background-color: #FFFFFF;font-weight: bold;\">2021<\/td><td style=\"color: #000000; background-color: #FFFFFF;font-weight: bold;\">Outubro<\/td><td style=\"color: #000000; background-color: #FFFFFF;font-weight: bold;\">Felipe Moreira<\/td><td style=\"color: #000000; background-color: #FFFFFF;font-weight: bold;\">Auxiliar de Jardinajem<\/td><td style=\"color: #000000; background-color: #FFFFFF;font-weight: bold;\">GARRA FORTE ADMINISTRA\u00c7\u00c3O E SERVI\u00c7OS LTDA-EPP CNPJ 07.262.535\/0001-80<\/td><td style=\"color: #000000; background-color: #FFFFFF;font-weight: bold;\"><\/td><\/tr><tr><td style=\"color: #000000; background-color: #FFFFFF;font-weight: bold;\">2021<\/td><td style=\"color: #000000; background-color: #FFFFFF;font-weight: bold;\">Outubro<\/td><td style=\"color: #000000; background-color: #FFFFFF;font-weight: bold;\">Carlos Andre de Lima<\/td><td style=\"color: #000000; background-color: #FFFFFF;font-weight: bold;\">Auxiliar de Jardinajem<\/td><td style=\"color: #000000; background-color: #FFFFFF;font-weight: bold;\">GARRA FORTE ADMINISTRA\u00c7\u00c3O E SERVI\u00c7OS LTDA-EPP CNPJ 07.262.535\/0001-80<\/td><td style=\"color: #000000; background-color: #FFFFFF;font-weight: bold;\"><\/td><\/tr><tr><td style=\"color: #000000; background-color: #FFFFFF;font-weight: bold;\">2021<\/td><td style=\"color: #000000; background-color: #FFFFFF;font-weight: bold;\">Outubro<\/td><td style=\"color: #000000; background-color: #FFFFFF;font-weight: bold;\">Victor Barbosa do Prado<\/td><td style=\"color: #000000; background-color: #FFFFFF;font-weight: bold;\">Vigia Noturno <\/td><td style=\"color: #000000; background-color: #FFFFFF;font-weight: bold;\">GARRA FORTE ADMINISTRA\u00c7\u00c3O E SERVI\u00c7OS LTDA-EPP CNPJ 07.262.535\/0001-80<\/td><td style=\"color: #000000; background-color: #FFFFFF;font-weight: bold;\"><\/td><\/tr><tr><td style=\"color: #000000; background-color: #FFFFFF;font-weight: bold;\">2021<\/td><td style=\"color: #000000; background-color: #FFFFFF;font-weight: bold;\">Outubro<\/td><td style=\"color: #000000; background-color: #FFFFFF;font-weight: bold;\">Lucas Gon\u00e7alves de Resende<\/td><td style=\"color: #000000; background-color: #FFFFFF;font-weight: bold;\">Vigia Noturno <\/td><td style=\"color: #000000; background-color: #FFFFFF;font-weight: bold;\">GARRA FORTE ADMINISTRA\u00c7\u00c3O E SERVI\u00c7OS LTDA-EPP CNPJ 07.262.535\/0001-80<\/td><td style=\"color: #000000; background-color: #FFFFFF;font-weight: bold;\"><\/td><\/tr><tr><td style=\"color: #000000; background-color: #FFFFFF;font-weight: bold;\">2021<\/td><td style=\"color: #000000; background-color: #FFFFFF;font-weight: bold;\">Outubro<\/td><td style=\"color: #000000; background-color: #FFFFFF;font-weight: bold;\">George Henrique T. dos Santos<\/td><td style=\"color: #000000; background-color: #FFFFFF;font-weight: bold;\">Vigia Noturno <\/td><td style=\"color: #000000; background-color: #FFFFFF;font-weight: bold;\">GARRA FORTE ADMINISTRA\u00c7\u00c3O E SERVI\u00c7OS LTDA-EPP CNPJ 07.262.535\/0001-80<\/td><td style=\"color: #000000; background-color: #FFFFFF;font-weight: bold;\"><\/td><\/tr><tr><td style=\"color: #000000; background-color: #FFFFFF;font-weight: bold;\">2021<\/td><td style=\"color: #000000; background-color: #FFFFFF;font-weight: bold;\">Outubro<\/td><td style=\"color: #000000; background-color: #FFFFFF;font-weight: bold;\">Gervasio da Costa Marques Filho<\/td><td style=\"color: #000000; background-color: #FFFFFF;font-weight: bold;\">Vigia Noturno <\/td><td style=\"color: #000000; background-color: #FFFFFF;font-weight: bold;\">GARRA FORTE ADMINISTRA\u00c7\u00c3O E SERVI\u00c7OS LTDA-EPP CNPJ 07.262.535\/0001-80<\/td><td style=\"color: #000000; background-color: #FFFFFF;font-weight: bold;\"><\/td><\/tr><tr><td style=\"color: #000000; background-color: #FFFFFF;font-weight: bold;\">2021<\/td><td style=\"color: #000000; background-color: #FFFFFF;font-weight: bold;\">Outubro<\/td><td style=\"color: #000000; background-color: #FFFFFF;font-weight: bold;\">Juan Carlos F. da Silva<\/td><td style=\"color: #000000; background-color: #FFFFFF;font-weight: bold;\">Vigia Noturno <\/td><td style=\"color: #000000; background-color: #FFFFFF;font-weight: bold;\">GARRA FORTE ADMINISTRA\u00c7\u00c3O E SERVI\u00c7OS LTDA-EPP CNPJ 07.262.535\/0001-80<\/td><td style=\"color: #000000; background-color: #FFFFFF;font-weight: bold;\"><\/td><\/tr><tr><td style=\"color: #000000; background-color: #FFFFFF;font-weight: bold;\">2021<\/td><td style=\"color: #000000; background-color: #FFFFFF;font-weight: bold;\">Outubro<\/td><td style=\"color: #000000; background-color: #FFFFFF;font-weight: bold;\">Gislene Mendes do Vale<\/td><td style=\"color: #000000; background-color: #FFFFFF;font-weight: bold;\">Porteiro Diurno <\/td><td style=\"color: #000000; background-color: #FFFFFF;font-weight: bold;\">GARRA FORTE ADMINISTRA\u00c7\u00c3O E SERVI\u00c7OS LTDA-EPP CNPJ 07.262.535\/0001-80<\/td><td style=\"color: #000000; background-color: #FFFFFF;font-weight: bold;\"><\/td><\/tr><tr><td style=\"color: #000000; background-color: #FFFFFF;font-weight: bold;\">2021<\/td><td style=\"color: #000000; background-color: #FFFFFF;font-weight: bold;\">Outubro<\/td><td style=\"color: #000000; background-color: #FFFFFF;font-weight: bold;\">Wilson Jose de Souza<\/td><td style=\"color: #000000; background-color: #FFFFFF;font-weight: bold;\">Porteiro Diurno <\/td><td style=\"color: #000000; background-color: #FFFFFF;font-weight: bold;\">GARRA FORTE ADMINISTRA\u00c7\u00c3O E SERVI\u00c7OS LTDA-EPP CNPJ 07.262.535\/0001-80<\/td><td style=\"color: #000000; background-color: #FFFFFF;font-weight: bold;\"><\/td><\/tr><tr><td style=\"color: #000000; background-color: #FFFFFF;font-weight: bold;\">2021<\/td><td style=\"color: #000000; background-color: #FFFFFF;font-weight: bold;\">Outubro<\/td><td style=\"color: #000000; background-color: #FFFFFF;font-weight: bold;\">Mara Rubia Martins da Silva <\/td><td style=\"color: #000000; background-color: #FFFFFF;font-weight: bold;\">Porteiro Diurno <\/td><td style=\"color: #000000; background-color: #FFFFFF;font-weight: bold;\">GARRA FORTE ADMINISTRA\u00c7\u00c3O E SERVI\u00c7OS LTDA-EPP CNPJ 07.262.535\/0001-80<\/td><td style=\"color: #000000; background-color: #FFFFFF;font-weight: bold;\"><\/td><\/tr><tr><td style=\"color: #000000; background-color: #FFFFFF;font-weight: bold;\">2021<\/td><td style=\"color: #000000; background-color: #FFFFFF;font-weight: bold;\">Outubro<\/td><td style=\"color: #000000; background-color: #FFFFFF;font-weight: bold;\">Janilton Lopes de  Brito<\/td><td style=\"color: #000000; background-color: #FFFFFF;font-weight: bold;\">Porteiro Diurno <\/td><td style=\"color: #000000; background-color: #FFFFFF;font-weight: bold;\">GARRA FORTE ADMINISTRA\u00c7\u00c3O E SERVI\u00c7OS LTDA-EPP CNPJ 07.262.535\/0001-80<\/td><td style=\"color: #000000; background-color: #FFFFFF;font-weight: bold;\"><\/td><\/tr><tr><td style=\"color: #000000; background-color: #FFFFFF;font-weight: bold;\">2021<\/td><td style=\"color: #000000; background-color: #FFFFFF;font-weight: bold;\">Outubro<\/td><td style=\"color: #000000; background-color: #FFFFFF;font-weight: bold;\">Juscilene Sampaio da Silva<\/td><td style=\"color: #000000; background-color: #FFFFFF;font-weight: bold;\">Recepcionista <\/td><td style=\"color: #000000; background-color: #FFFFFF;font-weight: bold;\">GARRA FORTE ADMINISTRA\u00c7\u00c3O E SERVI\u00c7OS LTDA-EPP CNPJ 07.262.535\/0001-80<\/td><td style=\"color: #000000; background-color: #FFFFFF;font-weight: bold;\"><\/td><\/tr><tr><td style=\"color: #000000; background-color: #FFFFFF;font-weight: bold;\">2021<\/td><td style=\"color: #000000; background-color: #FFFFFF;font-weight: bold;\">Outubro<\/td><td style=\"color: #000000; background-color: #FFFFFF;font-weight: bold;\">Rog\u00e9rio Oliveira Lima<\/td><td style=\"color: #000000; background-color: #FFFFFF;font-weight: bold;\">Aux. Man. Predial <\/td><td style=\"color: #000000; background-color: #FFFFFF;font-weight: bold;\">GARRA FORTE ADMINISTRA\u00c7\u00c3O E SERVI\u00c7OS LTDA-EPP CNPJ 07.262.535\/0001-80<\/td><td style=\"color: #000000; background-color: #FFFFFF;font-weight: bold;\"><\/td><\/tr><tr><td style=\"color: #000000; background-color: #FFFFFF;font-weight: bold;\">2021<\/td><td style=\"color: #000000; background-color: #FFFFFF;font-weight: bold;\">Outubro<\/td><td style=\"color: #000000; background-color: #FFFFFF;font-weight: bold;\">Maria Aldileide Silva<\/td><td style=\"color: #000000; background-color: #FFFFFF;font-weight: bold;\">Copeira <\/td><td style=\"color: #000000; background-color: #FFFFFF;font-weight: bold;\">GARRA FORTE ADMINISTRA\u00c7\u00c3O E SERVI\u00c7OS LTDA-EPP CNPJ 07.262.535\/0001-80<\/td><td style=\"color: #000000; background-color: #FFFFFF;font-weight: bold;\"><\/td><\/tr><tr><td style=\"color: #000000; background-color: #FFFFFF;font-weight: bold;\">2021<\/td><td style=\"color: #000000; background-color: #FFFFFF;font-weight: bold;\">Setembro <\/td><td style=\"color: #000000; background-color: #FFFFFF;font-weight: bold;\">Victor Barbosa do Prado<\/td><td style=\"color: #000000; background-color: #FFFFFF;font-weight: bold;\">Vigia Noturno <\/td><td style=\"color: #000000; background-color: #FFFFFF;font-weight: bold;\">GARRA FORTE ADMINISTRA\u00c7\u00c3O E SERVI\u00c7OS LTDA-EPP CNPJ 07.262.535\/0001-80<\/td><td style=\"color: #000000; background-color: #FFFFFF;font-weight: bold;\"><\/td><\/tr><tr><td style=\"color: #000000; background-color: #FFFFFF;font-weight: bold;\">2021<\/td><td style=\"color: #000000; background-color: #FFFFFF;font-weight: bold;\">Setembro <\/td><td style=\"color: #000000; background-color: #FFFFFF;font-weight: bold;\">George Henrique T. dos Santos<\/td><td style=\"color: #000000; background-color: #FFFFFF;font-weight: bold;\">Vigia Noturno <\/td><td style=\"color: #000000; background-color: #FFFFFF;font-weight: bold;\">GARRA FORTE ADMINISTRA\u00c7\u00c3O E SERVI\u00c7OS LTDA-EPP CNPJ 07.262.535\/0001-80<\/td><td style=\"color: #000000; background-color: #FFFFFF;font-weight: bold;\"><\/td><\/tr><tr><td style=\"color: #000000; background-color: #FFFFFF;font-weight: bold;\">2021<\/td><td style=\"color: #000000; background-color: #FFFFFF;font-weight: bold;\">Setembro <\/td><td style=\"color: #000000; background-color: #FFFFFF;font-weight: bold;\">Jeferson Alves da Silva <\/td><td style=\"color: #000000; background-color: #FFFFFF;font-weight: bold;\">Vigia Noturno <\/td><td style=\"color: #000000; background-color: #FFFFFF;font-weight: bold;\">GARRA FORTE ADMINISTRA\u00c7\u00c3O E SERVI\u00c7OS LTDA-EPP CNPJ 07.262.535\/0001-80<\/td><td style=\"color: #000000; background-color: #FFFFFF;font-weight: bold;\"><\/td><\/tr><tr><td style=\"color: #000000; background-color: #FFFFFF;font-weight: bold;\">2021<\/td><td style=\"color: #000000; background-color: #FFFFFF;font-weight: bold;\">Setembro <\/td><td style=\"color: #000000; background-color: #FFFFFF;font-weight: bold;\">Juan Carlos F. da Silva<\/td><td style=\"color: #000000; background-color: #FFFFFF;font-weight: bold;\">Vigia Noturno <\/td><td style=\"color: #000000; background-color: #FFFFFF;font-weight: bold;\">GARRA FORTE ADMINISTRA\u00c7\u00c3O E SERVI\u00c7OS LTDA-EPP CNPJ 07.262.535\/0001-80<\/td><td style=\"color: #000000; background-color: #FFFFFF;font-weight: bold;\"><\/td><\/tr><tr><td style=\"color: #000000; background-color: #FFFFFF;font-weight: bold;\">2021<\/td><td style=\"color: #000000; background-color: #FFFFFF;font-weight: bold;\">Setembro <\/td><td style=\"color: #000000; background-color: #FFFFFF;font-weight: bold;\">Gislene Mendes do Vale<\/td><td style=\"color: #000000; background-color: #FFFFFF;font-weight: bold;\">Porteiro Diurno <\/td><td style=\"color: #000000; background-color: #FFFFFF;font-weight: bold;\">GARRA FORTE ADMINISTRA\u00c7\u00c3O E SERVI\u00c7OS LTDA-EPP CNPJ 07.262.535\/0001-80<\/td><td style=\"color: #000000; background-color: #FFFFFF;font-weight: bold;\"><\/td><\/tr><tr><td style=\"color: #000000; background-color: #FFFFFF;font-weight: bold;\">2021<\/td><td style=\"color: #000000; background-color: #FFFFFF;font-weight: bold;\">Setembro <\/td><td style=\"color: #000000; background-color: #FFFFFF;font-weight: bold;\">Leonardo Marques de Souza<\/td><td style=\"color: #000000; background-color: #FFFFFF;font-weight: bold;\">Porteiro Diurno <\/td><td style=\"color: #000000; background-color: #FFFFFF;font-weight: bold;\">GARRA FORTE ADMINISTRA\u00c7\u00c3O E SERVI\u00c7OS LTDA-EPP CNPJ 07.262.535\/0001-80<\/td><td style=\"color: #000000; background-color: #FFFFFF;font-weight: bold;\"><\/td><\/tr><tr><td style=\"color: #000000; background-color: #FFFFFF;font-weight: bold;\">2021<\/td><td style=\"color: #000000; background-color: #FFFFFF;font-weight: bold;\">Setembro <\/td><td style=\"color: #000000; background-color: #FFFFFF;font-weight: bold;\">Mara Rubia Martins da Silva <\/td><td style=\"color: #000000; background-color: #FFFFFF;font-weight: bold;\">Porteiro Diurno <\/td><td style=\"color: #000000; background-color: #FFFFFF;font-weight: bold;\">GARRA FORTE ADMINISTRA\u00c7\u00c3O E SERVI\u00c7OS LTDA-EPP CNPJ 07.262.535\/0001-80<\/td><td style=\"color: #000000; background-color: #FFFFFF;font-weight: bold;\"><\/td><\/tr><tr><td style=\"color: #000000; background-color: #FFFFFF;font-weight: bold;\">2021<\/td><td style=\"color: #000000; background-color: #FFFFFF;font-weight: bold;\">Setembro <\/td><td style=\"color: #000000; background-color: #FFFFFF;font-weight: bold;\">Janilton Lopes de Brito <\/td><td style=\"color: #000000; background-color: #FFFFFF;font-weight: bold;\">Porteiro Diurno <\/td><td style=\"color: #000000; background-color: #FFFFFF;font-weight: bold;\">GARRA FORTE ADMINISTRA\u00c7\u00c3O E SERVI\u00c7OS LTDA-EPP CNPJ 07.262.535\/0001-80<\/td><td style=\"color: #000000; background-color: #FFFFFF;font-weight: bold;\"><\/td><\/tr><tr><td style=\"color: #000000; background-color: #FFFFFF;font-weight: bold;\">2021<\/td><td style=\"color: #000000; background-color: #FFFFFF;font-weight: bold;\">Setembro <\/td><td style=\"color: #000000; background-color: #FFFFFF;font-weight: bold;\">Juscilene Sampaio da Silva <\/td><td style=\"color: #000000; background-color: #FFFFFF;font-weight: bold;\">Recepcionista <\/td><td style=\"color: #000000; background-color: #FFFFFF;font-weight: bold;\">GARRA FORTE ADMINISTRA\u00c7\u00c3O E SERVI\u00c7OS LTDA-EPP CNPJ 07.262.535\/0001-80<\/td><td style=\"color: #000000; background-color: #FFFFFF;font-weight: bold;\"><\/td><\/tr><tr><td style=\"color: #000000; background-color: #FFFFFF;font-weight: bold;\">2021<\/td><td style=\"color: #000000; background-color: #FFFFFF;font-weight: bold;\">Setembro <\/td><td style=\"color: #000000; background-color: #FFFFFF;font-weight: bold;\">Rog\u00e9rio Oliveira Lima<\/td><td style=\"color: #000000; background-color: #FFFFFF;font-weight: bold;\">Aux. Man. Predial <\/td><td style=\"color: #000000; background-color: #FFFFFF;font-weight: bold;\">GARRA FORTE ADMINISTRA\u00c7\u00c3O E SERVI\u00c7OS LTDA-EPP CNPJ 07.262.535\/0001-80<\/td><td style=\"color: #000000; background-color: #FFFFFF;font-weight: bold;\"><\/td><\/tr><tr><td style=\"color: #000000; background-color: #FFFFFF;font-weight: bold;\">2021<\/td><td style=\"color: #000000; background-color: #FFFFFF;font-weight: bold;\">Setembro <\/td><td style=\"color: #000000; background-color: #FFFFFF;font-weight: bold;\">Maria Aldileide Silva<\/td><td style=\"color: #000000; background-color: #FFFFFF;font-weight: bold;\">Copeira <\/td><td style=\"color: #000000; background-color: #FFFFFF;font-weight: bold;\">GARRA FORTE ADMINISTRA\u00c7\u00c3O E SERVI\u00c7OS LTDA-EPP CNPJ 07.262.535\/0001-80<\/td><td style=\"color: #000000; background-color: #FFFFFF;font-weight: bold;\"><\/td><\/tr><tr><td style=\"color: #000000; background-color: #FFFFFF;font-weight: bold;\">2021<\/td><td style=\"color: #000000; background-color: #FFFFFF;font-weight: bold;\">Setembro <\/td><td style=\"color: #000000; background-color: #FFFFFF;font-weight: bold;\">Floraci Pires da Costa Silva<\/td><td style=\"color: #000000; background-color: #FFFFFF;font-weight: bold;\">Auxiliar de Servi\u00e7os Gerais <\/td><td style=\"color: #000000; background-color: #FFFFFF;font-weight: bold;\">GARRA FORTE ADMINISTRA\u00c7\u00c3O E SERVI\u00c7OS LTDA-EPP CNPJ 07.262.535\/0001-80<\/td><td style=\"color: #000000; background-color: #FFFFFF;font-weight: bold;\"><\/td><\/tr><tr><td style=\"color: #000000; background-color: #FFFFFF;font-weight: bold;\">2021<\/td><td style=\"color: #000000; background-color: #FFFFFF;font-weight: bold;\">Setembro <\/td><td style=\"color: #000000; background-color: #FFFFFF;font-weight: bold;\">Iraildes Pedro de Jesus <\/td><td style=\"color: #000000; background-color: #FFFFFF;font-weight: bold;\">Auxiliar de Servi\u00e7os Gerais <\/td><td style=\"color: #000000; background-color: #FFFFFF;font-weight: bold;\">GARRA FORTE ADMINISTRA\u00c7\u00c3O E SERVI\u00c7OS LTDA-EPP CNPJ 07.262.535\/0001-80<\/td><td style=\"color: #000000; background-color: #FFFFFF;font-weight: bold;\"><\/td><\/tr><tr><td style=\"color: #000000; background-color: #FFFFFF;font-weight: bold;\">2021<\/td><td style=\"color: #000000; background-color: #FFFFFF;font-weight: bold;\">Setembro <\/td><td style=\"color: #000000; background-color: #FFFFFF;font-weight: bold;\">Lucilene Rodrigues <\/td><td style=\"color: #000000; background-color: #FFFFFF;font-weight: bold;\">Auxiliar de Servi\u00e7os Gerais <\/td><td style=\"color: #000000; background-color: #FFFFFF;font-weight: bold;\">GARRA FORTE ADMINISTRA\u00c7\u00c3O E SERVI\u00c7OS LTDA-EPP CNPJ 07.262.535\/0001-80<\/td><td style=\"color: #000000; background-color: #FFFFFF;font-weight: bold;\"><\/td><\/tr><tr><td style=\"color: #000000; background-color: #FFFFFF;font-weight: bold;\">2021<\/td><td style=\"color: #000000; background-color: #FFFFFF;font-weight: bold;\">Setembro <\/td><td style=\"color: #000000; background-color: #FFFFFF;font-weight: bold;\">Rosangela Pereira da Silva<\/td><td style=\"color: #000000; background-color: #FFFFFF;font-weight: bold;\">Auxiliar de Servi\u00e7os Gerais <\/td><td style=\"color: #000000; background-color: #FFFFFF;font-weight: bold;\">GARRA FORTE ADMINISTRA\u00c7\u00c3O E SERVI\u00c7OS LTDA-EPP CNPJ 07.262.535\/0001-80<\/td><td style=\"color: #000000; background-color: #FFFFFF;font-weight: bold;\"><\/td><\/tr><tr><td style=\"color: #000000; background-color: #FFFFFF;font-weight: bold;\">2021<\/td><td style=\"color: #000000; background-color: #FFFFFF;font-weight: bold;\">Setembro <\/td><td style=\"color: #000000; background-color: #FFFFFF;font-weight: bold;\">Felipe Moreira<\/td><td style=\"color: #000000; background-color: #FFFFFF;font-weight: bold;\">Auxiliar de Jardinajem<\/td><td style=\"color: #000000; background-color: #FFFFFF;font-weight: bold;\">GARRA FORTE ADMINISTRA\u00c7\u00c3O E SERVI\u00c7OS LTDA-EPP CNPJ 07.262.535\/0001-80<\/td><td style=\"color: #000000; background-color: #FFFFFF;font-weight: bold;\"><\/td><\/tr><tr><td style=\"color: #000000; background-color: #FFFFFF;font-weight: bold;\">2021<\/td><td style=\"color: #000000; background-color: #FFFFFF;font-weight: bold;\">Setembro <\/td><td style=\"color: #000000; background-color: #FFFFFF;font-weight: bold;\">Carlos Adre de Lima<\/td><td style=\"color: #000000; background-color: #FFFFFF;font-weight: bold;\">Auxiliar de Jardinajem<\/td><td style=\"color: #000000; background-color: #FFFFFF;font-weight: bold;\">GARRA FORTE ADMINISTRA\u00c7\u00c3O E SERVI\u00c7OS LTDA-EPP CNPJ 07.262.535\/0001-80<\/td><td style=\"color: #000000; background-color: #FFFFFF;font-weight: bold;\"><\/td><\/tr><tr><td style=\"color: #000000; background-color: #FFFFFF;font-weight: bold;\">2021<\/td><td style=\"color: #000000; background-color: #FFFFFF;font-weight: bold;\">Agosto <\/td><td style=\"color: #000000; background-color: #FFFFFF;font-weight: bold;\">Floraci Pires da Costa Silva<\/td><td style=\"color: #000000; background-color: #FFFFFF;font-weight: bold;\">Auxiliar de Servi\u00e7os Gerais <\/td><td style=\"color: #000000; background-color: #FFFFFF;font-weight: bold;\">GARRA FORTE ADMINISTRA\u00c7\u00c3O E SERVI\u00c7OS LTDA-EPP CNPJ 07.262.535\/0001-80<\/td><td style=\"color: #000000; background-color: #FFFFFF;font-weight: bold;\"><\/td><\/tr><tr><td style=\"color: #000000; background-color: #FFFFFF;font-weight: bold;\">2021<\/td><td style=\"color: #000000; background-color: #FFFFFF;font-weight: bold;\">Agosto <\/td><td style=\"color: #000000; background-color: #FFFFFF;font-weight: bold;\">Iraildes Pedro de Jesus <\/td><td style=\"color: #000000; background-color: #FFFFFF;font-weight: bold;\">Auxiliar de Servi\u00e7os Gerais <\/td><td style=\"color: #000000; background-color: #FFFFFF;font-weight: bold;\">GARRA FORTE ADMINISTRA\u00c7\u00c3O E SERVI\u00c7OS LTDA-EPP CNPJ 07.262.535\/0001-80<\/td><td style=\"color: #000000; background-color: #FFFFFF;font-weight: bold;\"><\/td><\/tr><tr><td style=\"color: #000000; background-color: #FFFFFF;font-weight: bold;\">2021<\/td><td style=\"color: #000000; background-color: #FFFFFF;font-weight: bold;\">Agosto <\/td><td style=\"color: #000000; background-color: #FFFFFF;font-weight: bold;\">Ana Silva  Santos<\/td><td style=\"color: #000000; background-color: #FFFFFF;font-weight: bold;\">Auxiliar de Servi\u00e7os Gerais <\/td><td style=\"color: #000000; background-color: #FFFFFF;font-weight: bold;\">GARRA FORTE ADMINISTRA\u00c7\u00c3O E SERVI\u00c7OS LTDA-EPP CNPJ 07.262.535\/0001-80<\/td><td style=\"color: #000000; background-color: #FFFFFF;font-weight: bold;\"><\/td><\/tr><tr><td style=\"color: #000000; background-color: #FFFFFF;font-weight: bold;\">2021<\/td><td style=\"color: #000000; background-color: #FFFFFF;font-weight: bold;\">Agosto <\/td><td style=\"color: #000000; background-color: #FFFFFF;font-weight: bold;\">Lucilene Rodrigues <\/td><td style=\"color: #000000; background-color: #FFFFFF;font-weight: bold;\">Auxiliar de Servi\u00e7os Gerais <\/td><td style=\"color: #000000; background-color: #FFFFFF;font-weight: bold;\">GARRA FORTE ADMINISTRA\u00c7\u00c3O E SERVI\u00c7OS LTDA-EPP CNPJ 07.262.535\/0001-80<\/td><td style=\"color: #000000; background-color: #FFFFFF;font-weight: bold;\"><\/td><\/tr><tr><td style=\"color: #000000; background-color: #FFFFFF;font-weight: bold;\">2021<\/td><td style=\"color: #000000; background-color: #FFFFFF;font-weight: bold;\">Agosto <\/td><td style=\"color: #000000; background-color: #FFFFFF;font-weight: bold;\">Rosangela Pereira da Silva<\/td><td style=\"color: #000000; background-color: #FFFFFF;font-weight: bold;\">Auxiliar de Servi\u00e7os Gerais <\/td><td style=\"color: #000000; background-color: #FFFFFF;font-weight: bold;\">GARRA FORTE ADMINISTRA\u00c7\u00c3O E SERVI\u00c7OS LTDA-EPP CNPJ 07.262.535\/0001-80<\/td><td style=\"color: #000000; background-color: #FFFFFF;font-weight: bold;\"><\/td><\/tr><tr><td style=\"color: #000000; background-color: #FFFFFF;font-weight: bold;\">2021<\/td><td style=\"color: #000000; background-color: #FFFFFF;font-weight: bold;\">Agosto <\/td><td style=\"color: #000000; background-color: #FFFFFF;font-weight: bold;\">Felipe Moreira<\/td><td style=\"color: #000000; background-color: #FFFFFF;font-weight: bold;\">Auxiliar de Jardinajem<\/td><td style=\"color: #000000; background-color: #FFFFFF;font-weight: bold;\">GARRA FORTE ADMINISTRA\u00c7\u00c3O E SERVI\u00c7OS LTDA-EPP CNPJ 07.262.535\/0001-80<\/td><td style=\"color: #000000; background-color: #FFFFFF;font-weight: bold;\"><\/td><\/tr><tr><td style=\"color: #000000; background-color: #FFFFFF;font-weight: bold;\">2021<\/td><td style=\"color: #000000; background-color: #FFFFFF;font-weight: bold;\">Agosto <\/td><td style=\"color: #000000; background-color: #FFFFFF;font-weight: bold;\">Carlos Andre de Lima<\/td><td style=\"color: #000000; background-color: #FFFFFF;font-weight: bold;\">Auxiliar de Jardinajem<\/td><td style=\"color: #000000; background-color: #FFFFFF;font-weight: bold;\">GARRA FORTE ADMINISTRA\u00c7\u00c3O E SERVI\u00c7OS LTDA-EPP CNPJ 07.262.535\/0001-80<\/td><td style=\"color: #000000; background-color: #FFFFFF;font-weight: bold;\"><\/td><\/tr><tr><td style=\"color: #000000; background-color: #FFFFFF;font-weight: bold;\">2021<\/td><td style=\"color: #000000; background-color: #FFFFFF;font-weight: bold;\">Agosto <\/td><td style=\"color: #000000; background-color: #FFFFFF;font-weight: bold;\">Victor Barbosa do Prado<\/td><td style=\"color: #000000; background-color: #FFFFFF;font-weight: bold;\">Vigia Noturno <\/td><td style=\"color: #000000; background-color: #FFFFFF;font-weight: bold;\">GARRA FORTE ADMINISTRA\u00c7\u00c3O E SERVI\u00c7OS LTDA-EPP CNPJ 07.262.535\/0001-80<\/td><td style=\"color: #000000; background-color: #FFFFFF;font-weight: bold;\"><\/td><\/tr><tr><td style=\"color: #000000; background-color: #FFFFFF;font-weight: bold;\">2021<\/td><td style=\"color: #000000; background-color: #FFFFFF;font-weight: bold;\">Agosto <\/td><td style=\"color: #000000; background-color: #FFFFFF;font-weight: bold;\">George Henrique T. dos Santos<\/td><td style=\"color: #000000; background-color: #FFFFFF;font-weight: bold;\">Vigia Noturno <\/td><td style=\"color: #000000; background-color: #FFFFFF;font-weight: bold;\">GARRA FORTE ADMINISTRA\u00c7\u00c3O E SERVI\u00c7OS LTDA-EPP CNPJ 07.262.535\/0001-80<\/td><td style=\"color: #000000; background-color: #FFFFFF;font-weight: bold;\"><\/td><\/tr><tr><td style=\"color: #000000; background-color: #FFFFFF;font-weight: bold;\">2021<\/td><td style=\"color: #000000; background-color: #FFFFFF;font-weight: bold;\">Agosto <\/td><td style=\"color: #000000; background-color: #FFFFFF;font-weight: bold;\">Gervasio da Costa Marques Filho<\/td><td style=\"color: #000000; background-color: #FFFFFF;font-weight: bold;\">Vigia Noturno <\/td><td style=\"color: #000000; background-color: #FFFFFF;font-weight: bold;\">GARRA FORTE ADMINISTRA\u00c7\u00c3O E SERVI\u00c7OS LTDA-EPP CNPJ 07.262.535\/0001-80<\/td><td style=\"color: #000000; background-color: #FFFFFF;font-weight: bold;\"><\/td><\/tr><tr><td style=\"color: #000000; background-color: #FFFFFF;font-weight: bold;\">2021<\/td><td style=\"color: #000000; background-color: #FFFFFF;font-weight: bold;\">Agosto <\/td><td style=\"color: #000000; background-color: #FFFFFF;font-weight: bold;\">Juan Carlos F. da Silva<\/td><td style=\"color: #000000; background-color: #FFFFFF;font-weight: bold;\">Vigia Noturno <\/td><td style=\"color: #000000; background-color: #FFFFFF;font-weight: bold;\">GARRA FORTE ADMINISTRA\u00c7\u00c3O E SERVI\u00c7OS LTDA-EPP CNPJ 07.262.535\/0001-80<\/td><td style=\"color: #000000; background-color: #FFFFFF;font-weight: bold;\"><\/td><\/tr><tr><td style=\"color: #000000; background-color: #FFFFFF;font-weight: bold;\">2021<\/td><td style=\"color: #000000; background-color: #FFFFFF;font-weight: bold;\">Agosto <\/td><td style=\"color: #000000; background-color: #FFFFFF;font-weight: bold;\">Gislene Mendes do Vale<\/td><td style=\"color: #000000; background-color: #FFFFFF;font-weight: bold;\">Porteiro Diurno <\/td><td style=\"color: #000000; background-color: #FFFFFF;font-weight: bold;\">GARRA FORTE ADMINISTRA\u00c7\u00c3O E SERVI\u00c7OS LTDA-EPP CNPJ 07.262.535\/0001-80<\/td><td style=\"color: #000000; background-color: #FFFFFF;font-weight: bold;\"><\/td><\/tr><tr><td style=\"color: #000000; background-color: #FFFFFF;font-weight: bold;\">2021<\/td><td style=\"color: #000000; background-color: #FFFFFF;font-weight: bold;\">Agosto <\/td><td style=\"color: #000000; background-color: #FFFFFF;font-weight: bold;\">Leonardo Marques de Souza<\/td><td style=\"color: #000000; background-color: #FFFFFF;font-weight: bold;\">Porteiro Diurno <\/td><td style=\"color: #000000; background-color: #FFFFFF;font-weight: bold;\">GARRA FORTE ADMINISTRA\u00c7\u00c3O E SERVI\u00c7OS LTDA-EPP CNPJ 07.262.535\/0001-80<\/td><td style=\"color: #000000; background-color: #FFFFFF;font-weight: bold;\"><\/td><\/tr><tr><td style=\"color: #000000; background-color: #FFFFFF;font-weight: bold;\">2021<\/td><td style=\"color: #000000; background-color: #FFFFFF;font-weight: bold;\">Agosto <\/td><td style=\"color: #000000; background-color: #FFFFFF;font-weight: bold;\">Mara Rubia Martins da Silva <\/td><td style=\"color: #000000; background-color: #FFFFFF;font-weight: bold;\">Porteiro Diurno <\/td><td style=\"color: #000000; background-color: #FFFFFF;font-weight: bold;\">GARRA FORTE ADMINISTRA\u00c7\u00c3O E SERVI\u00c7OS LTDA-EPP CNPJ 07.262.535\/0001-80<\/td><td style=\"color: #000000; background-color: #FFFFFF;font-weight: bold;\"><\/td><\/tr><tr><td style=\"color: #000000; background-color: #FFFFFF;font-weight: bold;\">2021<\/td><td style=\"color: #000000; background-color: #FFFFFF;font-weight: bold;\">Agosto <\/td><td style=\"color: #000000; background-color: #FFFFFF;font-weight: bold;\">Willk Aschineli Romano<\/td><td style=\"color: #000000; background-color: #FFFFFF;font-weight: bold;\">Porteiro Diurno <\/td><td style=\"color: #000000; background-color: #FFFFFF;font-weight: bold;\">GARRA FORTE ADMINISTRA\u00c7\u00c3O E SERVI\u00c7OS LTDA-EPP CNPJ 07.262.535\/0001-80<\/td><td style=\"color: #000000; background-color: #FFFFFF;font-weight: bold;\"><\/td><\/tr><tr><td style=\"color: #000000; background-color: #FFFFFF;font-weight: bold;\">2021<\/td><td style=\"color: #000000; background-color: #FFFFFF;font-weight: bold;\">Agosto <\/td><td style=\"color: #000000; background-color: #FFFFFF;font-weight: bold;\">Jeordana Pereira Soares<\/td><td style=\"color: #000000; background-color: #FFFFFF;font-weight: bold;\">Recepcionista <\/td><td style=\"color: #000000; background-color: #FFFFFF;font-weight: bold;\">GARRA FORTE ADMINISTRA\u00c7\u00c3O E SERVI\u00c7OS LTDA-EPP CNPJ 07.262.535\/0001-80<\/td><td style=\"color: #000000; background-color: #FFFFFF;font-weight: bold;\"><\/td><\/tr><tr><td style=\"color: #000000; background-color: #FFFFFF;font-weight: bold;\">2021<\/td><td style=\"color: #000000; background-color: #FFFFFF;font-weight: bold;\">Agosto <\/td><td style=\"color: #000000; background-color: #FFFFFF;font-weight: bold;\">Rog\u00e9rio Oliveira Lima<\/td><td style=\"color: #000000; background-color: #FFFFFF;font-weight: bold;\">Aux. Man. Predial <\/td><td style=\"color: #000000; background-color: #FFFFFF;font-weight: bold;\">GARRA FORTE ADMINISTRA\u00c7\u00c3O E SERVI\u00c7OS LTDA-EPP CNPJ 07.262.535\/0001-80<\/td><td style=\"color: #000000; background-color: #FFFFFF;font-weight: bold;\"><\/td><\/tr><tr><td style=\"color: #000000; background-color: #FFFFFF;font-weight: bold;\">2021<\/td><td style=\"color: #000000; background-color: #FFFFFF;font-weight: bold;\">Agosto <\/td><td style=\"color: #000000; background-color: #FFFFFF;font-weight: bold;\">Maria Aldileide Silva<\/td><td style=\"color: #000000; background-color: #FFFFFF;font-weight: bold;\">Copeira <\/td><td style=\"color: #000000; background-color: #FFFFFF;font-weight: bold;\">GARRA FORTE ADMINISTRA\u00c7\u00c3O E SERVI\u00c7OS LTDA-EPP CNPJ 07.262.535\/0001-80<\/td><td style=\"color: #000000; background-color: #FFFFFF;font-weight: bold;\"><\/td><\/tr><tr><td style=\"color: #000000; background-color: #FFFFFF;font-weight: bold;\">2021<\/td><td style=\"color: #000000; background-color: #FFFFFF;font-weight: bold;\">Julho<\/td><td style=\"color: #000000; background-color: #FFFFFF;font-weight: bold;\">Floraci Pires da Costa Silva<\/td><td style=\"color: #000000; background-color: #FFFFFF;font-weight: bold;\">Auxiliar de Servi\u00e7os Gerais <\/td><td style=\"color: #000000; background-color: #FFFFFF;font-weight: bold;\">GARRA FORTE ADMINISTRA\u00c7\u00c3O E SERVI\u00c7OS LTDA-EPP CNPJ 07.262.535\/0001-80<\/td><td style=\"color: #000000; background-color: #FFFFFF;font-weight: bold;\"><\/td><\/tr><tr><td style=\"color: #000000; background-color: #FFFFFF;font-weight: bold;\">2021<\/td><td style=\"color: #000000; background-color: #FFFFFF;font-weight: bold;\">Julho<\/td><td style=\"color: #000000; background-color: #FFFFFF;font-weight: bold;\">Iraildes Pedro de Jesus <\/td><td style=\"color: #000000; background-color: #FFFFFF;font-weight: bold;\">Auxiliar de Servi\u00e7os Gerais <\/td><td style=\"color: #000000; background-color: #FFFFFF;font-weight: bold;\">GARRA FORTE ADMINISTRA\u00c7\u00c3O E SERVI\u00c7OS LTDA-EPP CNPJ 07.262.535\/0001-80<\/td><td style=\"color: #000000; background-color: #FFFFFF;font-weight: bold;\"><\/td><\/tr><tr><td style=\"color: #000000; background-color: #FFFFFF;font-weight: bold;\">2021<\/td><td style=\"color: #000000; background-color: #FFFFFF;font-weight: bold;\">Julho<\/td><td style=\"color: #000000; background-color: #FFFFFF;font-weight: bold;\">Simone Regina Freitas de Sousa<\/td><td style=\"color: #000000; background-color: #FFFFFF;font-weight: bold;\">Auxiliar de Servi\u00e7os Gerais <\/td><td style=\"color: #000000; background-color: #FFFFFF;font-weight: bold;\">GARRA FORTE ADMINISTRA\u00c7\u00c3O E SERVI\u00c7OS LTDA-EPP CNPJ 07.262.535\/0001-80<\/td><td style=\"color: #000000; background-color: #FFFFFF;font-weight: bold;\"><\/td><\/tr><tr><td style=\"color: #000000; background-color: #FFFFFF;font-weight: bold;\">2021<\/td><td style=\"color: #000000; background-color: #FFFFFF;font-weight: bold;\">Julho<\/td><td style=\"color: #000000; background-color: #FFFFFF;font-weight: bold;\">Lucilene Rodrigues <\/td><td style=\"color: #000000; background-color: #FFFFFF;font-weight: bold;\">Auxiliar de Servi\u00e7os Gerais <\/td><td style=\"color: #000000; background-color: #FFFFFF;font-weight: bold;\">GARRA FORTE ADMINISTRA\u00c7\u00c3O E SERVI\u00c7OS LTDA-EPP CNPJ 07.262.535\/0001-80<\/td><td style=\"color: #000000; background-color: #FFFFFF;font-weight: bold;\"><\/td><\/tr><tr><td style=\"color: #000000; background-color: #FFFFFF;font-weight: bold;\">2021<\/td><td style=\"color: #000000; background-color: #FFFFFF;font-weight: bold;\">Julho<\/td><td style=\"color: #000000; background-color: #FFFFFF;font-weight: bold;\">Rosangela Pereira da Silva<\/td><td style=\"color: #000000; background-color: #FFFFFF;font-weight: bold;\">Auxiliar de Servi\u00e7os Gerais <\/td><td style=\"color: #000000; background-color: #FFFFFF;font-weight: bold;\">GARRA FORTE ADMINISTRA\u00c7\u00c3O E SERVI\u00c7OS LTDA-EPP CNPJ 07.262.535\/0001-80<\/td><td style=\"color: #000000; background-color: #FFFFFF;font-weight: bold;\"><\/td><\/tr><tr><td style=\"color: #000000; background-color: #FFFFFF;font-weight: bold;\">2021<\/td><td style=\"color: #000000; background-color: #FFFFFF;font-weight: bold;\">Julho<\/td><td style=\"color: #000000; background-color: #FFFFFF;font-weight: bold;\">Felipe Moreira<\/td><td style=\"color: #000000; background-color: #FFFFFF;font-weight: bold;\">Auxiliar de Jardinajem<\/td><td style=\"color: #000000; background-color: #FFFFFF;font-weight: bold;\">GARRA FORTE ADMINISTRA\u00c7\u00c3O E SERVI\u00c7OS LTDA-EPP CNPJ 07.262.535\/0001-80<\/td><td style=\"color: #000000; background-color: #FFFFFF;font-weight: bold;\"><\/td><\/tr><tr><td style=\"color: #000000; background-color: #FFFFFF;font-weight: bold;\">2021<\/td><td style=\"color: #000000; background-color: #FFFFFF;font-weight: bold;\">Julho<\/td><td style=\"color: #000000; background-color: #FFFFFF;font-weight: bold;\">Carlos Andre de Lima<\/td><td style=\"color: #000000; background-color: #FFFFFF;font-weight: bold;\">Auxiliar de Jardinajem<\/td><td style=\"color: #000000; background-color: #FFFFFF;font-weight: bold;\">GARRA FORTE ADMINISTRA\u00c7\u00c3O E SERVI\u00c7OS LTDA-EPP CNPJ 07.262.535\/0001-80<\/td><td style=\"color: #000000; background-color: #FFFFFF;font-weight: bold;\"><\/td><\/tr><\/tbody><\/table><div class=\"wp-block-file\"><a href=\"https:\/\/goias.gov.br\/iquego\/wp-content\/uploads\/sites\/16\/2026\/04\/terceirizados-202503-Marco.xlsx\">terceirizados-202503-Marco.xlsx&nbsp; <span class=\"wp-block-file__button wp-element-button\">Baixar<\/span><\/a><\/div>\n\n\n\n<p><\/p>\n","protected":false},"excerpt":{"rendered":"<p>Exportar Dados<\/p>\n","protected":false},"author":66,"featured_media":0,"comment_status":"closed","ping_status":"open","sticky":false,"template":"","format":"standard","meta":{"footnotes":""},"categories":[11],"tags":[],"class_list":["post-2826","post","type-post","status-publish","format-standard","hentry","category-acesso-a-informacao"],"rttpg_featured_image_url":null,"rttpg_author":{"display_name":"andrelrv","author_link":"https:\/\/goias.gov.br\/iquego\/author\/andrelrv\/"},"rttpg_comment":0,"rttpg_category":"<a href=\"https:\/\/goias.gov.br\/iquego\/category\/institucional\/acesso-a-informacao\/\" rel=\"category tag\">Acesso \u00e0 Informa\u00e7\u00e3o<\/a>","rttpg_excerpt":"Exportar Dados","_links":{"self":[{"href":"https:\/\/goias.gov.br\/iquego\/wp-json\/wp\/v2\/posts\/2826","targetHints":{"allow":["GET"]}}],"collection":[{"href":"https:\/\/goias.gov.br\/iquego\/wp-json\/wp\/v2\/posts"}],"about":[{"href":"https:\/\/goias.gov.br\/iquego\/wp-json\/wp\/v2\/types\/post"}],"author":[{"embeddable":true,"href":"https:\/\/goias.gov.br\/iquego\/wp-json\/wp\/v2\/users\/66"}],"replies":[{"embeddable":true,"href":"https:\/\/goias.gov.br\/iquego\/wp-json\/wp\/v2\/comments?post=2826"}],"version-history":[{"count":2,"href":"https:\/\/goias.gov.br\/iquego\/wp-json\/wp\/v2\/posts\/2826\/revisions"}],"predecessor-version":[{"id":23986,"href":"https:\/\/goias.gov.br\/iquego\/wp-json\/wp\/v2\/posts\/2826\/revisions\/23986"}],"wp:attachment":[{"href":"https:\/\/goias.gov.br\/iquego\/wp-json\/wp\/v2\/media?parent=2826"}],"wp:term":[{"taxonomy":"category","embeddable":true,"href":"https:\/\/goias.gov.br\/iquego\/wp-json\/wp\/v2\/categories?post=2826"},{"taxonomy":"post_tag","embeddable":true,"href":"https:\/\/goias.gov.br\/iquego\/wp-json\/wp\/v2\/tags?post=2826"}],"curies":[{"name":"wp","href":"https:\/\/api.w.org\/{rel}","templated":true}]}}