

{"id":2412,"date":"2023-08-31T09:12:14","date_gmt":"2023-08-31T12:12:14","guid":{"rendered":"https:\/\/siteshom.goias.gov.br\/iquego\/?p=2412"},"modified":"2023-09-25T09:50:57","modified_gmt":"2023-09-25T12:50:57","slug":"simposio-goiano-de-medicina-canabica-2","status":"publish","type":"post","link":"https:\/\/goias.gov.br\/iquego\/simposio-goiano-de-medicina-canabica-2\/","title":{"rendered":"Simp\u00f3sio Goiano de Medicina Can\u00e1bica"},"content":{"rendered":"<p>Medicina Can\u00e1bica \u00e9 tema do simp\u00f3sio que acontece em Goi\u00e2nia no dia 1\u00ba de Setembro, promovido pela Ind\u00fastria Qu\u00edmica do Estado de Goi\u00e1s S\/A &#8211; IQUEGO com grande import\u00e2ncia para a medicina e para a sociedade, uma oportunidade \u00fanica para os profissionais da \u00e1rea da sa\u00fade, pesquisadores, estudantes e demais interessados em conhecer e debater sobre os benef\u00edcios e desafios do uso da Cannabis Medicinal e seu marco regulat\u00f3rio.\u00a0<\/p>\n<p>Contar\u00e1 com a participa\u00e7\u00e3o de v\u00e1rias autoridades e renomados pesquisadores no assunto. \u00a0<\/p>\n<p>O Simp\u00f3sio \u00e9 voltado para profissionais m\u00e9dicos, odont\u00f3logos, farmac\u00eauticos, advogados, legisladores, representantes de \u00f3rg\u00e3os de controles, pesquisadores, estudantes e demais interessados em conhecer e debater sobre o tema Cannabis medicinal.\u00a0<\/p>\n<p>Temas que ser\u00e3o discutidos no Simp\u00f3sio Goiano de Medicina Can\u00e1bica:\u00a0<br \/>Painel I &#8211; Marco Legal da Cannabis Medicinal no Brasil;\u00a0<br \/>Painel II &#8211; Perspectivas das Entidades Reguladoras sobre a Cannabis Medicinal;\u00a0<br \/>Painel III &#8211; Pesquisa, Desenvolvimento e Inova\u00e7\u00e3o na Produ\u00e7\u00e3o de Cannabis Medicinal;<br \/>Painel IV &#8211; Uso da Cannabis Medicinal no Tratamento de Doen\u00e7as Espec\u00edficas e casos cl\u00ednicos;<\/p>\n<p>O simp\u00f3sio est\u00e1 sendo promovido pela Iquego, em parceria com a OAB\/GO, Golden BRZ, USA Hemp Brasil, \u00c1GAPE, Hub Curta Mais, Funda\u00e7\u00e3o REDWOOD, CDPI Pharma, EPHAR com o apoio dos Conselhos Federal de Farm\u00e1cia &#8211; CFF; Regional de Farm\u00e1cia &#8211; CRF\/GO; Regional Odontologia &#8211; CRO\/GO; Regional de de Psicologia &#8211; CRP\/GO; Regional de Fisioterapia &#8211; CREFITO\/GO.<\/p>\n<p>Simp\u00f3sio Goiano de Medicina Can\u00e1bica<\/p>\n<p>Data: 1\u00ba de setembro de 2023<br \/>Hor\u00e1rio: 08h \u00e0s 17h<\/p>\n<p>Local de realiza\u00e7\u00e3o: Audit\u00f3rio OAB &#8211; Se\u00e7\u00e3o de Goi\u00e1s, localizado na Rua 1121, n\u00b0 200 &#8211; Setor Marista<\/p>\n\n\n<figure class=\"wp-block-image size-full\"><img fetchpriority=\"high\" decoding=\"async\" width=\"960\" height=\"540\" src=\"https:\/\/goias.gov.br\/iquego\/wp-content\/uploads\/sites\/16\/2023\/09\/ConviteBannerSite.jpg\" alt=\"\" class=\"wp-image-2413\" srcset=\"https:\/\/goias.gov.br\/iquego\/wp-content\/uploads\/sites\/16\/2023\/09\/ConviteBannerSite.jpg 960w, https:\/\/goias.gov.br\/iquego\/wp-content\/uploads\/sites\/16\/2023\/09\/ConviteBannerSite-300x169.jpg 300w, https:\/\/goias.gov.br\/iquego\/wp-content\/uploads\/sites\/16\/2023\/09\/ConviteBannerSite-768x432.jpg 768w\" sizes=\"(max-width: 960px) 100vw, 960px\" \/><\/figure>\n","protected":false},"excerpt":{"rendered":"<p>Medicina Can\u00e1bica \u00e9 tema do simp\u00f3sio que acontece em Goi\u00e2nia no dia 1\u00ba de Setembro, promovido pela Ind\u00fastria Qu\u00edmica do Estado de Goi\u00e1s S\/A &#8211; IQUEGO com grande import\u00e2ncia para a medicina e para a sociedade, uma oportunidade \u00fanica para os profissionais da \u00e1rea da sa\u00fade, pesquisadores, estudantes e demais interessados em conhecer e debater [&hellip;]<\/p>\n","protected":false},"author":7,"featured_media":2413,"comment_status":"closed","ping_status":"open","sticky":false,"template":"","format":"standard","meta":{"footnotes":""},"categories":[10],"tags":[],"class_list":["post-2412","post","type-post","status-publish","format-standard","has-post-thumbnail","hentry","category-noticias"],"rttpg_featured_image_url":{"full":["https:\/\/goias.gov.br\/iquego\/wp-content\/uploads\/sites\/16\/2023\/09\/ConviteBannerSite.jpg",960,540,false],"landscape":["https:\/\/goias.gov.br\/iquego\/wp-content\/uploads\/sites\/16\/2023\/09\/ConviteBannerSite.jpg",960,540,false],"portraits":["https:\/\/goias.gov.br\/iquego\/wp-content\/uploads\/sites\/16\/2023\/09\/ConviteBannerSite.jpg",960,540,false],"thumbnail":["https:\/\/goias.gov.br\/iquego\/wp-content\/uploads\/sites\/16\/2023\/09\/ConviteBannerSite-150x150.jpg",150,150,true],"medium":["https:\/\/goias.gov.br\/iquego\/wp-content\/uploads\/sites\/16\/2023\/09\/ConviteBannerSite-300x169.jpg",300,169,true],"large":["https:\/\/goias.gov.br\/iquego\/wp-content\/uploads\/sites\/16\/2023\/09\/ConviteBannerSite.jpg",960,540,false],"1536x1536":["https:\/\/goias.gov.br\/iquego\/wp-content\/uploads\/sites\/16\/2023\/09\/ConviteBannerSite.jpg",960,540,false],"2048x2048":["https:\/\/goias.gov.br\/iquego\/wp-content\/uploads\/sites\/16\/2023\/09\/ConviteBannerSite.jpg",960,540,false]},"rttpg_author":{"display_name":"gustavogoncalves","author_link":"https:\/\/goias.gov.br\/iquego\/author\/gustavogoncalves\/"},"rttpg_comment":0,"rttpg_category":"<a href=\"https:\/\/goias.gov.br\/iquego\/category\/noticias\/\" rel=\"category tag\">Not\u00edcias<\/a>","rttpg_excerpt":"Medicina Can\u00e1bica \u00e9 tema do simp\u00f3sio que acontece em Goi\u00e2nia no dia 1\u00ba de Setembro, promovido pela Ind\u00fastria Qu\u00edmica do Estado de Goi\u00e1s S\/A &#8211; IQUEGO com grande import\u00e2ncia para a medicina e para a sociedade, uma oportunidade \u00fanica para os profissionais da \u00e1rea da sa\u00fade, pesquisadores, estudantes e demais interessados em conhecer e debater&hellip;","_links":{"self":[{"href":"https:\/\/goias.gov.br\/iquego\/wp-json\/wp\/v2\/posts\/2412","targetHints":{"allow":["GET"]}}],"collection":[{"href":"https:\/\/goias.gov.br\/iquego\/wp-json\/wp\/v2\/posts"}],"about":[{"href":"https:\/\/goias.gov.br\/iquego\/wp-json\/wp\/v2\/types\/post"}],"author":[{"embeddable":true,"href":"https:\/\/goias.gov.br\/iquego\/wp-json\/wp\/v2\/users\/7"}],"replies":[{"embeddable":true,"href":"https:\/\/goias.gov.br\/iquego\/wp-json\/wp\/v2\/comments?post=2412"}],"version-history":[{"count":1,"href":"https:\/\/goias.gov.br\/iquego\/wp-json\/wp\/v2\/posts\/2412\/revisions"}],"predecessor-version":[{"id":2414,"href":"https:\/\/goias.gov.br\/iquego\/wp-json\/wp\/v2\/posts\/2412\/revisions\/2414"}],"wp:featuredmedia":[{"embeddable":true,"href":"https:\/\/goias.gov.br\/iquego\/wp-json\/wp\/v2\/media\/2413"}],"wp:attachment":[{"href":"https:\/\/goias.gov.br\/iquego\/wp-json\/wp\/v2\/media?parent=2412"}],"wp:term":[{"taxonomy":"category","embeddable":true,"href":"https:\/\/goias.gov.br\/iquego\/wp-json\/wp\/v2\/categories?post=2412"},{"taxonomy":"post_tag","embeddable":true,"href":"https:\/\/goias.gov.br\/iquego\/wp-json\/wp\/v2\/tags?post=2412"}],"curies":[{"name":"wp","href":"https:\/\/api.w.org\/{rel}","templated":true}]}}