

{"id":2304,"date":"2022-06-13T09:35:44","date_gmt":"2022-06-13T12:35:44","guid":{"rendered":"https:\/\/siteshom.goias.gov.br\/iquego\/2022\/06\/13\/participacao-da-iquego-nos-mutiroes\/"},"modified":"2022-06-13T09:35:44","modified_gmt":"2022-06-13T12:35:44","slug":"participacao-da-iquego-nos-mutiroes","status":"publish","type":"post","link":"https:\/\/goias.gov.br\/iquego\/participacao-da-iquego-nos-mutiroes\/","title":{"rendered":"Participa\u00e7\u00e3o da Iquego nos Mutir\u00f5es"},"content":{"rendered":"<p><img fetchpriority=\"high\" decoding=\"async\" class=\" size-full wp-image-2303\" alt=\"\" id=\"\" src=\"https:\/\/goias.gov.br\/iquego\/wp-content\/uploads\/sites\/16\/2022\/06\/Iquego_2-c75.jpg\" style=\"\" title=\"\" width=\"960\" height=\"632\" srcset=\"https:\/\/goias.gov.br\/iquego\/wp-content\/uploads\/sites\/16\/2022\/06\/Iquego_2-c75.jpg 960w, https:\/\/goias.gov.br\/iquego\/wp-content\/uploads\/sites\/16\/2022\/06\/Iquego_2-c75-300x198.jpg 300w, https:\/\/goias.gov.br\/iquego\/wp-content\/uploads\/sites\/16\/2022\/06\/Iquego_2-c75-768x506.jpg 768w\" sizes=\"(max-width: 960px) 100vw, 960px\" \/><\/p>\n<p style=\"text-align: left;\">A nossa equipe marcou presen&ccedil;a em mais uma edi&ccedil;&atilde;o do &lsquo;Mutir&atilde;o Governo de Goi&aacute;s&rsquo; oferecendo aferi&ccedil;&atilde;o de glicemia, press&atilde;o arterial e realizando a divulga&ccedil;&atilde;o do programa de monitoramento do perfil epidemiol&oacute;gico do diabetes, dessa vez no munic&iacute;pio de Valpara&iacute;so, localizado no entorno de Bras&iacute;lia e a quase 190 km de Goi&acirc;nia.<\/p>\n<p>O sentimento que fica ap&oacute;s mais uma edi&ccedil;&atilde;o dessa festa da cidadania &eacute; de gratid&atilde;o. Contribu&iacute;mos com centenas de pessoas com o nosso servi&ccedil;o, mas al&eacute;m disso, ouvimosa popula&ccedil;&atilde;o, oferecemos o nosso tempo,&nbsp;proporcionando uma troca genu&iacute;na.<\/p>\n<p>Agradecemos a todos que passaram em nosso stand e aos que tiraram parte do seu tempo e participaram da a&ccedil;&atilde;o, em especial os nossos parceiros do CRF GO, Cl&eacute;zio Abreu, Guilherme Eduardo, Fabiano Jorge e todos os alunos da Faculdade Falog. Agradecemos a todos que passaram em nosso stand e aos nossos colaboradores que tiraram partedo seu tempo e participaram da a&ccedil;&atilde;o. S&atilde;o essas atitudes que incentivam outras pessoas a percorrerem o caminho do bem, preparando um futuro diferente, com trabalho e dedica&ccedil;&atilde;o.<\/p>\n<p style=\"text-align: left;\">&nbsp;<\/p>\n","protected":false},"excerpt":{"rendered":"<p>A nossa equipe marcou presen&ccedil;a em mais uma edi&ccedil;&atilde;o do &lsquo;Mutir&atilde;o Governo de Goi&aacute;s&rsquo; oferecendo aferi&ccedil;&atilde;o de glicemia, press&atilde;o arterial e realizando a divulga&ccedil;&atilde;o do programa de monitoramento do perfil epidemiol&oacute;gico do diabetes, dessa vez no munic&iacute;pio de Valpara&iacute;so, localizado no entorno de Bras&iacute;lia e a quase 190 km de Goi&acirc;nia. O sentimento que fica [&hellip;]<\/p>\n","protected":false},"author":62,"featured_media":2303,"comment_status":"closed","ping_status":"open","sticky":false,"template":"","format":"standard","meta":{"footnotes":""},"categories":[10],"tags":[],"class_list":["post-2304","post","type-post","status-publish","format-standard","has-post-thumbnail","hentry","category-noticias"],"rttpg_featured_image_url":{"full":["https:\/\/goias.gov.br\/iquego\/wp-content\/uploads\/sites\/16\/2022\/06\/Iquego_2-c75.jpg",960,632,false],"landscape":["https:\/\/goias.gov.br\/iquego\/wp-content\/uploads\/sites\/16\/2022\/06\/Iquego_2-c75.jpg",960,632,false],"portraits":["https:\/\/goias.gov.br\/iquego\/wp-content\/uploads\/sites\/16\/2022\/06\/Iquego_2-c75.jpg",960,632,false],"thumbnail":["https:\/\/goias.gov.br\/iquego\/wp-content\/uploads\/sites\/16\/2022\/06\/Iquego_2-c75-150x150.jpg",150,150,true],"medium":["https:\/\/goias.gov.br\/iquego\/wp-content\/uploads\/sites\/16\/2022\/06\/Iquego_2-c75-300x198.jpg",300,198,true],"large":["https:\/\/goias.gov.br\/iquego\/wp-content\/uploads\/sites\/16\/2022\/06\/Iquego_2-c75.jpg",960,632,false],"1536x1536":["https:\/\/goias.gov.br\/iquego\/wp-content\/uploads\/sites\/16\/2022\/06\/Iquego_2-c75.jpg",960,632,false],"2048x2048":["https:\/\/goias.gov.br\/iquego\/wp-content\/uploads\/sites\/16\/2022\/06\/Iquego_2-c75.jpg",960,632,false]},"rttpg_author":{"display_name":"italoreis","author_link":"https:\/\/goias.gov.br\/iquego\/author\/italoreis\/"},"rttpg_comment":0,"rttpg_category":"<a href=\"https:\/\/goias.gov.br\/iquego\/category\/noticias\/\" rel=\"category tag\">Not\u00edcias<\/a>","rttpg_excerpt":"A nossa equipe marcou presen&ccedil;a em mais uma edi&ccedil;&atilde;o do &lsquo;Mutir&atilde;o Governo de Goi&aacute;s&rsquo; oferecendo aferi&ccedil;&atilde;o de glicemia, press&atilde;o arterial e realizando a divulga&ccedil;&atilde;o do programa de monitoramento do perfil epidemiol&oacute;gico do diabetes, dessa vez no munic&iacute;pio de Valpara&iacute;so, localizado no entorno de Bras&iacute;lia e a quase 190 km de Goi&acirc;nia. O sentimento que fica&hellip;","_links":{"self":[{"href":"https:\/\/goias.gov.br\/iquego\/wp-json\/wp\/v2\/posts\/2304","targetHints":{"allow":["GET"]}}],"collection":[{"href":"https:\/\/goias.gov.br\/iquego\/wp-json\/wp\/v2\/posts"}],"about":[{"href":"https:\/\/goias.gov.br\/iquego\/wp-json\/wp\/v2\/types\/post"}],"author":[{"embeddable":true,"href":"https:\/\/goias.gov.br\/iquego\/wp-json\/wp\/v2\/users\/62"}],"replies":[{"embeddable":true,"href":"https:\/\/goias.gov.br\/iquego\/wp-json\/wp\/v2\/comments?post=2304"}],"version-history":[{"count":0,"href":"https:\/\/goias.gov.br\/iquego\/wp-json\/wp\/v2\/posts\/2304\/revisions"}],"wp:featuredmedia":[{"embeddable":true,"href":"https:\/\/goias.gov.br\/iquego\/wp-json\/wp\/v2\/media\/2303"}],"wp:attachment":[{"href":"https:\/\/goias.gov.br\/iquego\/wp-json\/wp\/v2\/media?parent=2304"}],"wp:term":[{"taxonomy":"category","embeddable":true,"href":"https:\/\/goias.gov.br\/iquego\/wp-json\/wp\/v2\/categories?post=2304"},{"taxonomy":"post_tag","embeddable":true,"href":"https:\/\/goias.gov.br\/iquego\/wp-json\/wp\/v2\/tags?post=2304"}],"curies":[{"name":"wp","href":"https:\/\/api.w.org\/{rel}","templated":true}]}}