

{"id":14402,"date":"2025-05-22T13:40:28","date_gmt":"2025-05-22T16:40:28","guid":{"rendered":"https:\/\/goias.gov.br\/iquego\/?p=14402"},"modified":"2025-05-22T13:40:28","modified_gmt":"2025-05-22T16:40:28","slug":"presidente-do-conselho-de-administracao","status":"publish","type":"post","link":"https:\/\/goias.gov.br\/iquego\/presidente-do-conselho-de-administracao\/","title":{"rendered":"Presidente do Conselho de Administra\u00e7\u00e3o"},"content":{"rendered":"\n<div class=\"wp-block-media-text is-stacked-on-mobile\" style=\"grid-template-columns:39% auto\"><figure class=\"wp-block-media-text__media\"><img fetchpriority=\"high\" decoding=\"async\" width=\"408\" height=\"378\" src=\"https:\/\/goias.gov.br\/iquego\/wp-content\/uploads\/sites\/16\/2025\/05\/Danubio.jpg\" alt=\"\" class=\"wp-image-14404 size-full\" srcset=\"https:\/\/goias.gov.br\/iquego\/wp-content\/uploads\/sites\/16\/2025\/05\/Danubio.jpg 408w, https:\/\/goias.gov.br\/iquego\/wp-content\/uploads\/sites\/16\/2025\/05\/Danubio-300x278.jpg 300w\" sizes=\"(max-width: 408px) 100vw, 408px\" \/><\/figure><div class=\"wp-block-media-text__content\">\n<p>Dan\u00fabio Cardoso Remy R. Frauzino, Advogado, graduado em Direito e especializado em Direito P\u00fablico, pela Universidade Federal de Goi\u00e1s \u2013 UFG. Mestre em Ci\u00eancia do Direito, na \u00c1rea de Especializa\u00e7\u00e3o em Ci\u00eancia Jur\u00eddica \u2013 Internacional, pela Universidade de Lisboa. \u00c9 servidor p\u00fablico do Estado de Goi\u00e1s<\/p>\n<\/div><\/div>\n","protected":false},"excerpt":{"rendered":"<p>Dan\u00fabio Cardoso Remy R. Frauzino, Advogado, graduado em Direito e especializado em Direito P\u00fablico, pela Universidade Federal de Goi\u00e1s \u2013 UFG. Mestre em Ci\u00eancia do Direito, na \u00c1rea de Especializa\u00e7\u00e3o em Ci\u00eancia Jur\u00eddica \u2013 Internacional, pela Universidade de Lisboa. \u00c9 servidor p\u00fablico do Estado de Goi\u00e1s<\/p>\n","protected":false},"author":654,"featured_media":0,"comment_status":"closed","ping_status":"open","sticky":false,"template":"","format":"standard","meta":{"footnotes":""},"categories":[9],"tags":[],"class_list":["post-14402","post","type-post","status-publish","format-standard","hentry","category-institucional"],"rttpg_featured_image_url":null,"rttpg_author":{"display_name":"cleitonssilva","author_link":"https:\/\/goias.gov.br\/iquego\/author\/cleitonssilva\/"},"rttpg_comment":0,"rttpg_category":"<a href=\"https:\/\/goias.gov.br\/iquego\/category\/institucional\/\" rel=\"category tag\">Institucional<\/a>","rttpg_excerpt":"Dan\u00fabio Cardoso Remy R. Frauzino, Advogado, graduado em Direito e especializado em Direito P\u00fablico, pela Universidade Federal de Goi\u00e1s \u2013 UFG. Mestre em Ci\u00eancia do Direito, na \u00c1rea de Especializa\u00e7\u00e3o em Ci\u00eancia Jur\u00eddica \u2013 Internacional, pela Universidade de Lisboa. \u00c9 servidor p\u00fablico do Estado de Goi\u00e1s","_links":{"self":[{"href":"https:\/\/goias.gov.br\/iquego\/wp-json\/wp\/v2\/posts\/14402","targetHints":{"allow":["GET"]}}],"collection":[{"href":"https:\/\/goias.gov.br\/iquego\/wp-json\/wp\/v2\/posts"}],"about":[{"href":"https:\/\/goias.gov.br\/iquego\/wp-json\/wp\/v2\/types\/post"}],"author":[{"embeddable":true,"href":"https:\/\/goias.gov.br\/iquego\/wp-json\/wp\/v2\/users\/654"}],"replies":[{"embeddable":true,"href":"https:\/\/goias.gov.br\/iquego\/wp-json\/wp\/v2\/comments?post=14402"}],"version-history":[{"count":1,"href":"https:\/\/goias.gov.br\/iquego\/wp-json\/wp\/v2\/posts\/14402\/revisions"}],"predecessor-version":[{"id":14405,"href":"https:\/\/goias.gov.br\/iquego\/wp-json\/wp\/v2\/posts\/14402\/revisions\/14405"}],"wp:attachment":[{"href":"https:\/\/goias.gov.br\/iquego\/wp-json\/wp\/v2\/media?parent=14402"}],"wp:term":[{"taxonomy":"category","embeddable":true,"href":"https:\/\/goias.gov.br\/iquego\/wp-json\/wp\/v2\/categories?post=14402"},{"taxonomy":"post_tag","embeddable":true,"href":"https:\/\/goias.gov.br\/iquego\/wp-json\/wp\/v2\/tags?post=14402"}],"curies":[{"name":"wp","href":"https:\/\/api.w.org\/{rel}","templated":true}]}}