

{"id":13899,"date":"2025-05-09T16:23:15","date_gmt":"2025-05-09T19:23:15","guid":{"rendered":"https:\/\/goias.gov.br\/iquego\/?p=13899"},"modified":"2025-05-09T16:23:15","modified_gmt":"2025-05-09T19:23:15","slug":"alexandre-parrode-palma-de-castro-rosa","status":"publish","type":"post","link":"https:\/\/goias.gov.br\/iquego\/alexandre-parrode-palma-de-castro-rosa\/","title":{"rendered":"Alexandre Parrode Palma de Castro Rosa"},"content":{"rendered":"\n<div class=\"wp-block-media-text is-stacked-on-mobile\" style=\"grid-template-columns:32% auto\"><figure class=\"wp-block-media-text__media\"><img fetchpriority=\"high\" decoding=\"async\" width=\"683\" height=\"1024\" src=\"https:\/\/goias.gov.br\/iquego\/wp-content\/uploads\/sites\/16\/2025\/05\/Imagem-do-WhatsApp-de-2025-05-07-as-14.48.52_4eb184ad-683x1024.jpg\" alt=\"\" class=\"wp-image-13901 size-full\" srcset=\"https:\/\/goias.gov.br\/iquego\/wp-content\/uploads\/sites\/16\/2025\/05\/Imagem-do-WhatsApp-de-2025-05-07-as-14.48.52_4eb184ad-683x1024.jpg 683w, https:\/\/goias.gov.br\/iquego\/wp-content\/uploads\/sites\/16\/2025\/05\/Imagem-do-WhatsApp-de-2025-05-07-as-14.48.52_4eb184ad-200x300.jpg 200w, https:\/\/goias.gov.br\/iquego\/wp-content\/uploads\/sites\/16\/2025\/05\/Imagem-do-WhatsApp-de-2025-05-07-as-14.48.52_4eb184ad-768x1151.jpg 768w, https:\/\/goias.gov.br\/iquego\/wp-content\/uploads\/sites\/16\/2025\/05\/Imagem-do-WhatsApp-de-2025-05-07-as-14.48.52_4eb184ad.jpg 854w\" sizes=\"(max-width: 683px) 100vw, 683px\" \/><\/figure><div class=\"wp-block-media-text__content\">\n<p>Alexandre Parrode Palma de Castro Rosa, graduado em Comunica\u00e7\u00e3o Social pela Pontif\u00edcia Universidade Cat\u00f3lica de Goi\u00e1s (PUC Goi\u00e1s) e especialista em Gest\u00e3o e Pol\u00edticas P\u00fablicas pela Universidade Federal de Goi\u00e1s (UFG). Atualmente \u00e9 Secret\u00e1rio Executivo de Pol\u00edticas Sociais do Governo\u00a0de\u00a0Goi\u00e1s.<\/p>\n<\/div><\/div>\n","protected":false},"excerpt":{"rendered":"<p>Alexandre Parrode Palma de Castro Rosa, graduado em Comunica\u00e7\u00e3o Social pela Pontif\u00edcia Universidade Cat\u00f3lica de Goi\u00e1s (PUC Goi\u00e1s) e especialista em Gest\u00e3o e Pol\u00edticas P\u00fablicas pela Universidade Federal de Goi\u00e1s (UFG). Atualmente \u00e9 Secret\u00e1rio Executivo de Pol\u00edticas Sociais do Governo\u00a0de\u00a0Goi\u00e1s.<\/p>\n","protected":false},"author":654,"featured_media":0,"comment_status":"closed","ping_status":"open","sticky":false,"template":"","format":"standard","meta":{"footnotes":""},"categories":[9],"tags":[],"class_list":["post-13899","post","type-post","status-publish","format-standard","hentry","category-institucional"],"rttpg_featured_image_url":null,"rttpg_author":{"display_name":"cleitonssilva","author_link":"https:\/\/goias.gov.br\/iquego\/author\/cleitonssilva\/"},"rttpg_comment":0,"rttpg_category":"<a href=\"https:\/\/goias.gov.br\/iquego\/category\/institucional\/\" rel=\"category tag\">Institucional<\/a>","rttpg_excerpt":"Alexandre Parrode Palma de Castro Rosa, graduado em Comunica\u00e7\u00e3o Social pela Pontif\u00edcia Universidade Cat\u00f3lica de Goi\u00e1s (PUC Goi\u00e1s) e especialista em Gest\u00e3o e Pol\u00edticas P\u00fablicas pela Universidade Federal de Goi\u00e1s (UFG). Atualmente \u00e9 Secret\u00e1rio Executivo de Pol\u00edticas Sociais do Governo\u00a0de\u00a0Goi\u00e1s.","_links":{"self":[{"href":"https:\/\/goias.gov.br\/iquego\/wp-json\/wp\/v2\/posts\/13899","targetHints":{"allow":["GET"]}}],"collection":[{"href":"https:\/\/goias.gov.br\/iquego\/wp-json\/wp\/v2\/posts"}],"about":[{"href":"https:\/\/goias.gov.br\/iquego\/wp-json\/wp\/v2\/types\/post"}],"author":[{"embeddable":true,"href":"https:\/\/goias.gov.br\/iquego\/wp-json\/wp\/v2\/users\/654"}],"replies":[{"embeddable":true,"href":"https:\/\/goias.gov.br\/iquego\/wp-json\/wp\/v2\/comments?post=13899"}],"version-history":[{"count":1,"href":"https:\/\/goias.gov.br\/iquego\/wp-json\/wp\/v2\/posts\/13899\/revisions"}],"predecessor-version":[{"id":13902,"href":"https:\/\/goias.gov.br\/iquego\/wp-json\/wp\/v2\/posts\/13899\/revisions\/13902"}],"wp:attachment":[{"href":"https:\/\/goias.gov.br\/iquego\/wp-json\/wp\/v2\/media?parent=13899"}],"wp:term":[{"taxonomy":"category","embeddable":true,"href":"https:\/\/goias.gov.br\/iquego\/wp-json\/wp\/v2\/categories?post=13899"},{"taxonomy":"post_tag","embeddable":true,"href":"https:\/\/goias.gov.br\/iquego\/wp-json\/wp\/v2\/tags?post=13899"}],"curies":[{"name":"wp","href":"https:\/\/api.w.org\/{rel}","templated":true}]}}