

{"id":1269,"date":"2015-11-25T14:11:56","date_gmt":"2015-11-25T16:11:56","guid":{"rendered":"https:\/\/siteshom.goias.gov.br\/iquego\/2015\/11\/25\/amoxicilina\/"},"modified":"2015-11-25T14:11:56","modified_gmt":"2015-11-25T16:11:56","slug":"amoxicilina","status":"publish","type":"post","link":"https:\/\/goias.gov.br\/iquego\/amoxicilina\/","title":{"rendered":"Amoxicilina"},"content":{"rendered":"<p><!DOCTYPE html PUBLIC \"-\/\/W3C\/\/DTD HTML 4.0 Transitional\/\/EN\" \"http:\/\/www.w3.org\/TR\/REC-html40\/loose.dtd\"><br \/>\n<html><body><\/p>\n<p><span>Artigo publicado no jornal Elsevier, em 2011 por&nbsp;Maur&iacute;cio Alves de Melo Silva<\/span><\/p>\n<p><span><a href=\"https:\/\/goias.gov.br\/iquego\/wp-content\/uploads\/sites\/16\/2015\/11\/amoxicilina-development-and-analytical-validation-of-a-multivariate-calibration-method-for-bb1.pdf\" target=\"_blank\" rel=\"noopener\">[Download &#8211; Clique aqui e baixe o arquivo completo]<\/a><\/span><\/p>\n<p><span><br \/><\/span><\/p>\n<p><span><br \/><\/span><\/p>\n<p><span>Este trabalho prop&ocirc;s um novo m&eacute;todo para determina&ccedil;&atilde;o de amoxicilina numa formula&ccedil;&atilde;o farmac&ecirc;utica (suspens&atilde;o), baseado em medidas de transflect&acirc;ncia por espectroscopia no Infravermelho Pr&oacute;ximo e calibra&ccedil;&atilde;o multivariada usando o m&eacute;todo dos M&iacute;nimos Quadrados Parciais. Uma metodologia completa foi implementada para o desenvolvimento do m&eacute;todo proposto, incluindo um planejamento experimental com dois fatores independentes (amoxicilina e placebo), o processamento de dados usando Corre&ccedil;&atilde;o do Espalhamento Multiplicativo, a sele&ccedil;&atilde;o de amostras pelo algoritmo de Kennard-Stone, e a detec&ccedil;&atilde;o de amostras an&ocirc;malas baseada em valores extremos de influ&ecirc;ncia ou de res&iacute;duos nos dados espectrais (X) e nos valores de concentra&ccedil;&atilde;o previstos (Y). O melhor modelo foi obtido com sete vari&aacute;veis latentes na faixa de 40,0 a 65,0 mg mL-1 de amoxicilina, fornecendo uma Raiz Quadrada M&eacute;dia dos Erros de Previs&atilde;o de 1,6 mg mL-1. O m&eacute;todo proposto foi validado de acordo com normas Brasileiras e internacionais, atrav&eacute;s da estimativa de figuras de m&eacute;rito, tais como linearidade, precis&atilde;o, exatid&atilde;o, robustez, seletividade, sensibilidade anal&iacute;tica, limites de detec&ccedil;&atilde;o e quantifica&ccedil;&atilde;o e detec&ccedil;&atilde;o de erros sistem&aacute;ticos (vi&eacute;s). Uma curva de calibra&ccedil;&atilde;o pseudo-univariada tamb&eacute;m foi obtida baseada no Sinal Anal&iacute;tico L&iacute;quido. O m&eacute;todo quimiom&eacute;trico proposto apresenta as vantagens de rapidez, simplicidade, baixo custo, n&atilde;o uso de solventes e n&atilde;o gera&ccedil;&atilde;o de res&iacute;duos qu&iacute;micos, se comparado aos principais m&eacute;todos propostos para a determina&ccedil;&atilde;o de amoxicilina, os quais s&atilde;o baseados em Cromatografia L&iacute;quida de Alta Efici&ecirc;ncia (CLAE).<\/span><\/p>\n<p><\/body><\/html><\/p>\n","protected":false},"excerpt":{"rendered":"<p>Artigo publicado no jornal Elsevier, em 2011 por&nbsp;Maur&iacute;cio Alves de Melo Silva [Download &#8211; Clique aqui e baixe o arquivo completo] Este trabalho prop&ocirc;s um novo m&eacute;todo para determina&ccedil;&atilde;o de amoxicilina numa formula&ccedil;&atilde;o farmac&ecirc;utica (suspens&atilde;o), baseado em medidas de transflect&acirc;ncia por espectroscopia no Infravermelho Pr&oacute;ximo e calibra&ccedil;&atilde;o multivariada usando o m&eacute;todo dos M&iacute;nimos Quadrados Parciais. [&hellip;]<\/p>\n","protected":false},"author":7,"featured_media":0,"comment_status":"closed","ping_status":"open","sticky":false,"template":"","format":"standard","meta":{"footnotes":""},"categories":[11],"tags":[],"class_list":["post-1269","post","type-post","status-publish","format-standard","hentry","category-acesso-a-informacao"],"rttpg_featured_image_url":null,"rttpg_author":{"display_name":"gustavogoncalves","author_link":"https:\/\/goias.gov.br\/iquego\/author\/gustavogoncalves\/"},"rttpg_comment":0,"rttpg_category":"<a href=\"https:\/\/goias.gov.br\/iquego\/category\/institucional\/acesso-a-informacao\/\" rel=\"category tag\">Acesso \u00e0 Informa\u00e7\u00e3o<\/a>","rttpg_excerpt":"Artigo publicado no jornal Elsevier, em 2011 por&nbsp;Maur&iacute;cio Alves de Melo Silva [Download &#8211; Clique aqui e baixe o arquivo completo] Este trabalho prop&ocirc;s um novo m&eacute;todo para determina&ccedil;&atilde;o de amoxicilina numa formula&ccedil;&atilde;o farmac&ecirc;utica (suspens&atilde;o), baseado em medidas de transflect&acirc;ncia por espectroscopia no Infravermelho Pr&oacute;ximo e calibra&ccedil;&atilde;o multivariada usando o m&eacute;todo dos M&iacute;nimos Quadrados Parciais.&hellip;","_links":{"self":[{"href":"https:\/\/goias.gov.br\/iquego\/wp-json\/wp\/v2\/posts\/1269","targetHints":{"allow":["GET"]}}],"collection":[{"href":"https:\/\/goias.gov.br\/iquego\/wp-json\/wp\/v2\/posts"}],"about":[{"href":"https:\/\/goias.gov.br\/iquego\/wp-json\/wp\/v2\/types\/post"}],"author":[{"embeddable":true,"href":"https:\/\/goias.gov.br\/iquego\/wp-json\/wp\/v2\/users\/7"}],"replies":[{"embeddable":true,"href":"https:\/\/goias.gov.br\/iquego\/wp-json\/wp\/v2\/comments?post=1269"}],"version-history":[{"count":0,"href":"https:\/\/goias.gov.br\/iquego\/wp-json\/wp\/v2\/posts\/1269\/revisions"}],"wp:attachment":[{"href":"https:\/\/goias.gov.br\/iquego\/wp-json\/wp\/v2\/media?parent=1269"}],"wp:term":[{"taxonomy":"category","embeddable":true,"href":"https:\/\/goias.gov.br\/iquego\/wp-json\/wp\/v2\/categories?post=1269"},{"taxonomy":"post_tag","embeddable":true,"href":"https:\/\/goias.gov.br\/iquego\/wp-json\/wp\/v2\/tags?post=1269"}],"curies":[{"name":"wp","href":"https:\/\/api.w.org\/{rel}","templated":true}]}}