

{"id":10062,"date":"2024-11-07T16:59:36","date_gmt":"2024-11-07T19:59:36","guid":{"rendered":"https:\/\/goias.gov.br\/iquego\/?p=10062"},"modified":"2024-11-07T17:00:20","modified_gmt":"2024-11-07T20:00:20","slug":"pregao-eletronico-no-005-2022","status":"publish","type":"post","link":"https:\/\/goias.gov.br\/iquego\/pregao-eletronico-no-005-2022\/","title":{"rendered":"PREG\u00c3O ELETR\u00d4NICO N\u00ba 005\/2022"},"content":{"rendered":"\n<p class=\"has-text-align-center\"><strong>EDITAL DE LICITA\u00c7\u00c3O<\/strong><\/p>\n\n\n\n<p class=\"has-text-align-center\"><strong>PREG\u00c3O ELETR\u00d4NICO N\u00ba 005\/2022&nbsp;\u2013 IQUEGO<\/strong><\/p>\n\n\n\n<p class=\"has-text-align-center\"><strong>PROCESSO N\u00b0 202200055000198<\/strong><\/p>\n\n\n\n<p class=\"has-text-align-center\">A&nbsp;<strong>IND\u00daSTRIA QU\u00cdMICA DO ESTADO DE GOI\u00c1S S\/A &#8211; IQUEGO<\/strong>, por interm\u00e9dio de seu Pregoeiro e Equipe de Apoio designados pela Portaria n.\u00ba 016\/2022&nbsp;\u2013 PRESI, torna p\u00fablico, para conhecimento dos interessados, que realizar\u00e1 licita\u00e7\u00e3o na modalidade&nbsp;<strong>Preg\u00e3o (Eletr\u00f4nico<\/strong>), tipo menor pre\u00e7o por item&nbsp;(item \u00fanico), em sess\u00e3o p\u00fablica eletr\u00f4nica, a partir das&nbsp;<strong>09 horas do dia XX&nbsp;de XXXXXXXX&nbsp;de 2022<\/strong>, atrav\u00e9s do site&nbsp;<a href=\"http:\/\/www.comprasnet.go.gov.br\/\" target=\"_blank\" rel=\"noreferrer noopener\">www.comprasnet.go.gov.br<\/a>, destinado \u00e0 contrata\u00e7\u00e3o&nbsp;de empresa especializada em engenharia el\u00e9trica e civil para a Constru\u00e7\u00e3o de uma Subesta\u00e7\u00e3o de Energia El\u00e9trica Abrigada Para \u00c1rea Produtiva da IQUEGO, visando a execu\u00e7\u00e3o do Conv\u00eanio n\u00ba 787297\/2013, firmado entre a IQUEGO e o Minist\u00e9rio da Sa\u00fade, conforme especifica\u00e7\u00f5es do Termo de Refer\u00eancia e Anexos do edital<strong>.<\/strong>&nbsp;O presente certame ser\u00e1 regido pela Lei Federal n\u00ba. 13.303\/2016,&nbsp;Lei Federal n\u00ba. 10.520\/2002, Decreto Federal n\u00ba.&nbsp;7983\/2013, Lei Complementar n\u00ba 123\/2006, Lei Complementar 117\/2015, Lei Estadual n\u00ba 17.928\/2012, Decreto Estadual n\u00ba 9.666\/2020, Decreto Estadual n\u00ba 7.466\/2011, aplicando-se subsidiariamente, no que couberem, as disposi\u00e7\u00f5es da Lei Federal n\u00ba 8.666, de 23 de junho de 1993 e demais normas regulamentares aplic\u00e1veis \u00e0 esp\u00e9cie. O Edital e seus anexos encontram-se dispon\u00edveis nos&nbsp;<em>sites:&nbsp;<\/em><a href=\"http:\/\/www.comprasnet.go.gov.br\/\" target=\"_blank\" rel=\"noreferrer noopener\">www.comprasnet.go.gov.br<\/a>&nbsp;e www.iquego.go.gov.br. Maiores informa\u00e7\u00f5es pelo&nbsp;<em>e-mail<\/em>: halis-has@iquego.com.br.<\/p>\n\n\n\n<p><a href=\"https:\/\/drive.google.com\/file\/d\/1dvpJFblMbUq063fEp6QNddfWtsdepYXu\/view?usp=drive_link\">TERMO DE REFER\u00caNCIA<\/a><\/p>\n\n\n\n<p><a href=\"https:\/\/drive.google.com\/file\/d\/1dvpJFblMbUq063fEp6QNddfWtsdepYXu\/view?usp=drive_link\">JUSTIFICATIVA DA LICITA\u00c7\u00c3O<\/a><\/p>\n\n\n\n<p><a href=\"https:\/\/drive.google.com\/file\/d\/11TIj3XpJIs2dnB6D2_AoNIfjV4cEQb2w\/view?usp=drive_link\">PARECER JUR\u00cdDICO<\/a><\/p>\n\n\n\n<p><a href=\"https:\/\/drive.google.com\/file\/d\/1Rsmw9VACJORzPKALEWzU1KcaC5uz8Yxv\/view?usp=drive_link\">MAPA DE COTA\u00c7\u00c3O<\/a><\/p>\n\n\n\n<p><a href=\"https:\/\/drive.google.com\/file\/d\/1EPLPm58UDxXsHlAQ2ot4xMMJ0KXT2-Fr\/view?usp=drive_link\">EDITAL<\/a><\/p>\n\n\n\n<p><a href=\"https:\/\/drive.google.com\/file\/d\/11LKQgX1AWdB-z8oSvjHOW4BAET-2Af-j\/view?usp=drive_link\">MINUTA CONTRATUAL<\/a><\/p>\n\n\n\n<p><a href=\"https:\/\/drive.google.com\/file\/d\/1M7wPngGgG2ZfrXMduPf5jCBd4nY3w0hd\/view?usp=drive_link\">ATA DE ABERTURA DA LICITA\u00c7\u00c3O<\/a><\/p>\n\n\n\n<p><a href=\"https:\/\/drive.google.com\/file\/d\/1ku6p-bIPbVwxjZi6PvkLCkXQvHI6AqfF\/view?usp=drive_link\">AVISO DE ANULA\u00c7\u00c3O <\/a><\/p>\n\n\n\n<p><\/p>\n","protected":false},"excerpt":{"rendered":"<p>EDITAL DE LICITA\u00c7\u00c3O PREG\u00c3O ELETR\u00d4NICO N\u00ba 005\/2022&nbsp;\u2013 IQUEGO PROCESSO N\u00b0 202200055000198 A&nbsp;IND\u00daSTRIA QU\u00cdMICA DO ESTADO DE GOI\u00c1S S\/A &#8211; IQUEGO, por interm\u00e9dio de seu Pregoeiro e Equipe de Apoio designados pela Portaria n.\u00ba 016\/2022&nbsp;\u2013 PRESI, torna p\u00fablico, para conhecimento dos interessados, que realizar\u00e1 licita\u00e7\u00e3o na modalidade&nbsp;Preg\u00e3o (Eletr\u00f4nico), tipo menor pre\u00e7o por item&nbsp;(item \u00fanico), em sess\u00e3o [&hellip;]<\/p>\n","protected":false},"author":66,"featured_media":0,"comment_status":"closed","ping_status":"open","sticky":false,"template":"","format":"standard","meta":{"footnotes":""},"categories":[9,12],"tags":[],"class_list":["post-10062","post","type-post","status-publish","format-standard","hentry","category-institucional","category-licitacao"],"rttpg_featured_image_url":null,"rttpg_author":{"display_name":"andrelrv","author_link":"https:\/\/goias.gov.br\/iquego\/author\/andrelrv\/"},"rttpg_comment":0,"rttpg_category":"<a href=\"https:\/\/goias.gov.br\/iquego\/category\/institucional\/\" rel=\"category tag\">Institucional<\/a> <a href=\"https:\/\/goias.gov.br\/iquego\/category\/licitacao\/\" rel=\"category tag\">Licita\u00e7\u00e3o<\/a>","rttpg_excerpt":"EDITAL DE LICITA\u00c7\u00c3O PREG\u00c3O ELETR\u00d4NICO N\u00ba 005\/2022&nbsp;\u2013 IQUEGO PROCESSO N\u00b0 202200055000198 A&nbsp;IND\u00daSTRIA QU\u00cdMICA DO ESTADO DE GOI\u00c1S S\/A &#8211; IQUEGO, por interm\u00e9dio de seu Pregoeiro e Equipe de Apoio designados pela Portaria n.\u00ba 016\/2022&nbsp;\u2013 PRESI, torna p\u00fablico, para conhecimento dos interessados, que realizar\u00e1 licita\u00e7\u00e3o na modalidade&nbsp;Preg\u00e3o (Eletr\u00f4nico), tipo menor pre\u00e7o por item&nbsp;(item \u00fanico), em sess\u00e3o&hellip;","_links":{"self":[{"href":"https:\/\/goias.gov.br\/iquego\/wp-json\/wp\/v2\/posts\/10062","targetHints":{"allow":["GET"]}}],"collection":[{"href":"https:\/\/goias.gov.br\/iquego\/wp-json\/wp\/v2\/posts"}],"about":[{"href":"https:\/\/goias.gov.br\/iquego\/wp-json\/wp\/v2\/types\/post"}],"author":[{"embeddable":true,"href":"https:\/\/goias.gov.br\/iquego\/wp-json\/wp\/v2\/users\/66"}],"replies":[{"embeddable":true,"href":"https:\/\/goias.gov.br\/iquego\/wp-json\/wp\/v2\/comments?post=10062"}],"version-history":[{"count":2,"href":"https:\/\/goias.gov.br\/iquego\/wp-json\/wp\/v2\/posts\/10062\/revisions"}],"predecessor-version":[{"id":10074,"href":"https:\/\/goias.gov.br\/iquego\/wp-json\/wp\/v2\/posts\/10062\/revisions\/10074"}],"wp:attachment":[{"href":"https:\/\/goias.gov.br\/iquego\/wp-json\/wp\/v2\/media?parent=10062"}],"wp:term":[{"taxonomy":"category","embeddable":true,"href":"https:\/\/goias.gov.br\/iquego\/wp-json\/wp\/v2\/categories?post=10062"},{"taxonomy":"post_tag","embeddable":true,"href":"https:\/\/goias.gov.br\/iquego\/wp-json\/wp\/v2\/tags?post=10062"}],"curies":[{"name":"wp","href":"https:\/\/api.w.org\/{rel}","templated":true}]}}