

{"id":1734,"date":"2020-07-28T15:01:27","date_gmt":"2020-07-28T18:01:27","guid":{"rendered":"https:\/\/siteshom.goias.gov.br\/institucional\/segov-participa-do-lancamento-do-promove-2\/"},"modified":"2020-07-28T15:01:27","modified_gmt":"2020-07-28T18:01:27","slug":"segov-participa-do-lancamento-do-promove-2","status":"publish","type":"post","link":"https:\/\/goias.gov.br\/institucional\/segov-participa-do-lancamento-do-promove-2\/","title":{"rendered":"Segov participa do lan\u00e7amento do PROMove"},"content":{"rendered":"<p><meta charset=\"utf-8\" \/><b id=\"docs-internal-guid-d3a0d330-7fff-e2f8-9073-735c36990bc3\"><\/b><img fetchpriority=\"high\" decoding=\"async\" class=\" size-full wp-image-1733\" alt=\"\" id=\"\" src=\"https:\/\/goias.gov.br\/institucional\/wp-content\/uploads\/sites\/51\/2020\/07\/WhatsApp_Image_2020-07-28_at_144659-262.jpeg\" style=\"\" title=\"\" width=\"1280\" height=\"960\" srcset=\"https:\/\/goias.gov.br\/institucional\/wp-content\/uploads\/sites\/51\/2020\/07\/WhatsApp_Image_2020-07-28_at_144659-262.jpeg 1280w, https:\/\/goias.gov.br\/institucional\/wp-content\/uploads\/sites\/51\/2020\/07\/WhatsApp_Image_2020-07-28_at_144659-262-300x225.jpeg 300w, https:\/\/goias.gov.br\/institucional\/wp-content\/uploads\/sites\/51\/2020\/07\/WhatsApp_Image_2020-07-28_at_144659-262-1024x768.jpeg 1024w, https:\/\/goias.gov.br\/institucional\/wp-content\/uploads\/sites\/51\/2020\/07\/WhatsApp_Image_2020-07-28_at_144659-262-768x576.jpeg 768w, https:\/\/goias.gov.br\/institucional\/wp-content\/uploads\/sites\/51\/2020\/07\/WhatsApp_Image_2020-07-28_at_144659-262-600x450.jpeg 600w\" sizes=\"(max-width: 1280px) 100vw, 1280px\" \/><br \/>\n<em>Programa visa capacitar ocupantes do cargo de chefia sobre a metodologia de acompanhamento da produtividade dos servidores<\/em><\/p>\n<p>Representando a Secretaria de Estado do Governo (Segov), o chefe de Gabinete da Segov, Lu\u00eds Ant\u00f4nio de Paiva, participou, na manh\u00e3 desta ter\u00e7a-feira (28), do lan\u00e7amento do programa PROMove \u2013 Programa de Acompanhamento da Produtividade e da apresenta\u00e7\u00e3o de resultados do projeto SEMEAR. Promovido pela Secretaria de Estado da Administra\u00e7\u00e3o (Sead), o programa visa capacitar servidores ocupantes do cargo de chefia sobre a metodologia de acompanhamento e aferi\u00e7\u00e3o da produtividade dos servidores p\u00fablicos.<\/p>\n<p>O chefe de Gabinete, Lu\u00eds Ant\u00f4nio de Paiva, parabenizou a iniciativa da Sead e enfatizou a import\u00e2ncia que o programa representa diante desse momento de pandemia. \u201c\u00c9 muito importante n\u00e3o s\u00f3 acompanhar a produtividade do servidor p\u00fablico, nesse momento, que na sua grande maioria encontra-se em regime de teletrabalho, como manter a motiva\u00e7\u00e3o desse servidor. A import\u00e2ncia ressaltada pelo secret\u00e1rio Bruno D\u2019Abadia com rela\u00e7\u00e3o \u00e0s lideran\u00e7as de cada secretaria para que mantenha as respectivas equipes nos trilhos \u00e9 extremamente necess\u00e1ria neste momento de tamanha dificuldade\u201d, explicou.<\/p>\n<p>A iniciativa tem o objetivo de auxiliar na adapta\u00e7\u00e3o dos servidores que est\u00e3o em regime de teletrabalho em raz\u00e3o da pandemia. O curso, promovido pela Escola de Governo, possui dois m\u00f3dulos e ser\u00e1 ministrado em duas turmas: de 06 a 31\/08; e de 10\/08 a 04\/09. Destinado aos servidores p\u00fablicos ocupantes de cargos de chefia e dire\u00e7\u00e3o, o curso ir\u00e1 abordar sobre gest\u00e3o de pessoas no setor p\u00fablico, metodologia adotada no programa para o Estado de Goi\u00e1s, acompanhamento gerencial, avalia\u00e7\u00e3o, feedback, diretrizes do teletrabalho, entre outros temas. As inscri\u00e7\u00f5es podem ser realizadas at\u00e9 31 de julho (para a primeira turma) e at\u00e9 7 de agosto (para a segunda turma) por meio do Portal do Aluno (<a href=\"https:\/\/sct.go.gov.br\/\">sct.go.gov.br<\/a>).<b><\/p>\n<p>Comunica\u00e7\u00e3o Segov<\/b><\/p>\n","protected":false},"excerpt":{"rendered":"<p>Programa visa capacitar ocupantes do cargo de chefia sobre a metodologia de acompanhamento da produtividade dos servidores Representando a Secretaria de Estado do Governo (Segov), o chefe de Gabinete da Segov, Lu\u00eds Ant\u00f4nio de Paiva, participou, na manh\u00e3 desta ter\u00e7a-feira (28), do lan\u00e7amento do programa PROMove \u2013 Programa de Acompanhamento da Produtividade e da apresenta\u00e7\u00e3o [&hellip;]<\/p>\n","protected":false},"author":1308,"featured_media":1732,"comment_status":"closed","ping_status":"open","sticky":false,"template":"","format":"standard","meta":{"footnotes":""},"categories":[5],"tags":[],"class_list":["post-1734","post","type-post","status-publish","format-standard","has-post-thumbnail","hentry","category-noticias"],"rttpg_featured_image_url":{"full":["https:\/\/goias.gov.br\/institucional\/wp-content\/uploads\/sites\/51\/2020\/07\/WhatsAppImage2020-07-28at14.46.59-1-3b7.jpeg",1280,960,false],"landscape":["https:\/\/goias.gov.br\/institucional\/wp-content\/uploads\/sites\/51\/2020\/07\/WhatsAppImage2020-07-28at14.46.59-1-3b7.jpeg",1280,960,false],"portraits":["https:\/\/goias.gov.br\/institucional\/wp-content\/uploads\/sites\/51\/2020\/07\/WhatsAppImage2020-07-28at14.46.59-1-3b7.jpeg",1280,960,false],"thumbnail":["https:\/\/goias.gov.br\/institucional\/wp-content\/uploads\/sites\/51\/2020\/07\/WhatsAppImage2020-07-28at14.46.59-1-3b7-150x150.jpeg",150,150,true],"medium":["https:\/\/goias.gov.br\/institucional\/wp-content\/uploads\/sites\/51\/2020\/07\/WhatsAppImage2020-07-28at14.46.59-1-3b7-300x225.jpeg",300,225,true],"large":["https:\/\/goias.gov.br\/institucional\/wp-content\/uploads\/sites\/51\/2020\/07\/WhatsAppImage2020-07-28at14.46.59-1-3b7-1024x768.jpeg",1024,768,true],"1536x1536":["https:\/\/goias.gov.br\/institucional\/wp-content\/uploads\/sites\/51\/2020\/07\/WhatsAppImage2020-07-28at14.46.59-1-3b7.jpeg",1280,960,false],"2048x2048":["https:\/\/goias.gov.br\/institucional\/wp-content\/uploads\/sites\/51\/2020\/07\/WhatsAppImage2020-07-28at14.46.59-1-3b7.jpeg",1280,960,false]},"rttpg_author":{"display_name":"","author_link":"https:\/\/goias.gov.br\/institucional\/author\/"},"rttpg_comment":0,"rttpg_category":"<a href=\"https:\/\/goias.gov.br\/institucional\/categoria\/noticias\/\" rel=\"category tag\">Not\u00edcias<\/a>","rttpg_excerpt":"Programa visa capacitar ocupantes do cargo de chefia sobre a metodologia de acompanhamento da produtividade dos servidores Representando a Secretaria de Estado do Governo (Segov), o chefe de Gabinete da Segov, Lu\u00eds Ant\u00f4nio de Paiva, participou, na manh\u00e3 desta ter\u00e7a-feira (28), do lan\u00e7amento do programa PROMove \u2013 Programa de Acompanhamento da Produtividade e da apresenta\u00e7\u00e3o&hellip;","_links":{"self":[{"href":"https:\/\/goias.gov.br\/institucional\/wp-json\/wp\/v2\/posts\/1734","targetHints":{"allow":["GET"]}}],"collection":[{"href":"https:\/\/goias.gov.br\/institucional\/wp-json\/wp\/v2\/posts"}],"about":[{"href":"https:\/\/goias.gov.br\/institucional\/wp-json\/wp\/v2\/types\/post"}],"author":[{"embeddable":true,"href":"https:\/\/goias.gov.br\/institucional\/wp-json\/wp\/v2\/users\/1308"}],"replies":[{"embeddable":true,"href":"https:\/\/goias.gov.br\/institucional\/wp-json\/wp\/v2\/comments?post=1734"}],"version-history":[{"count":0,"href":"https:\/\/goias.gov.br\/institucional\/wp-json\/wp\/v2\/posts\/1734\/revisions"}],"wp:featuredmedia":[{"embeddable":true,"href":"https:\/\/goias.gov.br\/institucional\/wp-json\/wp\/v2\/media\/1732"}],"wp:attachment":[{"href":"https:\/\/goias.gov.br\/institucional\/wp-json\/wp\/v2\/media?parent=1734"}],"wp:term":[{"taxonomy":"category","embeddable":true,"href":"https:\/\/goias.gov.br\/institucional\/wp-json\/wp\/v2\/categories?post=1734"},{"taxonomy":"post_tag","embeddable":true,"href":"https:\/\/goias.gov.br\/institucional\/wp-json\/wp\/v2\/tags?post=1734"}],"curies":[{"name":"wp","href":"https:\/\/api.w.org\/{rel}","templated":true}]}}