

{"id":1560,"date":"2019-06-06T17:35:08","date_gmt":"2019-06-06T20:35:08","guid":{"rendered":"https:\/\/siteshom.goias.gov.br\/institucional\/segov-finaliza-proposta-de-plano-plurianual\/"},"modified":"2019-06-06T17:35:08","modified_gmt":"2019-06-06T20:35:08","slug":"segov-finaliza-proposta-de-plano-plurianual","status":"publish","type":"post","link":"https:\/\/goias.gov.br\/institucional\/segov-finaliza-proposta-de-plano-plurianual\/","title":{"rendered":"Segov finaliza proposta de Plano Plurianual"},"content":{"rendered":"<p><img fetchpriority=\"high\" decoding=\"async\" class=\" size-full wp-image-1559\" src=\"https:\/\/goias.gov.br\/institucional\/wp-content\/uploads\/sites\/51\/2019\/06\/WhatsApp-Image-2019-06-06-at-17.32.00-7ce.jpeg\" alt=\"Imagem da p\u00e1gina de um documento, nas m\u00e3os de uma pessoa.\" width=\"1280\" height=\"720\" srcset=\"https:\/\/goias.gov.br\/institucional\/wp-content\/uploads\/sites\/51\/2019\/06\/WhatsApp-Image-2019-06-06-at-17.32.00-7ce.jpeg 1280w, https:\/\/goias.gov.br\/institucional\/wp-content\/uploads\/sites\/51\/2019\/06\/WhatsApp-Image-2019-06-06-at-17.32.00-7ce-300x169.jpeg 300w, https:\/\/goias.gov.br\/institucional\/wp-content\/uploads\/sites\/51\/2019\/06\/WhatsApp-Image-2019-06-06-at-17.32.00-7ce-1024x576.jpeg 1024w, https:\/\/goias.gov.br\/institucional\/wp-content\/uploads\/sites\/51\/2019\/06\/WhatsApp-Image-2019-06-06-at-17.32.00-7ce-768x432.jpeg 768w\" sizes=\"(max-width: 1280px) 100vw, 1280px\" \/><\/p>\n<p>A Secretaria de Estado do Governo (Segov) concluiu o cadastro de propostas da pasta para o Plano Plurianual, que ir\u00e1 nortear as a\u00e7\u00f5es do Governo de Goi\u00e1s pelos pr\u00f3ximos quatro anos (2020 \u2013 2023). O documento, finalizado na \u00faltima semana, cont\u00e9m um breve diagn\u00f3stico da realidade do estado, a sugest\u00e3o de programas que beneficiem a popula\u00e7\u00e3o e a descri\u00e7\u00e3o dos resultados esperados, conforme eixos de trabalho.<\/p>\n<p>O primeiro programa cadastrado \u00e9 o Acesso Integral \u00e0 Justi\u00e7a Gratuita, dentro do eixo Goi\u00e1s da Paz. J\u00e1 em execu\u00e7\u00e3o atualmente, a iniciativa garante a disponibiliza\u00e7\u00e3o de advogados dativos para promo\u00e7\u00e3o de assist\u00eancia jur\u00eddica a pessoas que n\u00e3o t\u00eam condi\u00e7\u00f5es financeiras de pagar pelo servi\u00e7o, desde orienta\u00e7\u00e3o at\u00e9 a defesa em todas as inst\u00e2ncias.<\/p>\n<p>O segundo programa, chamado Desenvolvimento Regional, pertence ao eixo Goi\u00e1s da Infraestrutura Sustent\u00e1vel. Considerando o n\u00edvel desigual de desenvolvimento econ\u00f4mico e social das regi\u00f5es goianas, a ideia \u00e9 celebrar conv\u00eanios com munic\u00edpios, de forma a desenvolver a infraestrutura b\u00e1sica nesses locais. Como conseq\u00fc\u00eancia, ser\u00e3o criadas condi\u00e7\u00f5es para atrair novos investimentos, gerar empregos e qualidade de vida aos cidad\u00e3os.<\/p>\n<p>Por \u00faltimo, a Segov prop\u00f5e a cria\u00e7\u00e3o de novo programa, dentro do eixo Goi\u00e1s do Acolhimento. O objetivo \u00e9 disponibilizar, nos munic\u00edpios, um espa\u00e7o f\u00edsico m\u00f3vel, moderno, informatizado e com equipe profissional capacitada, para oferecer servi\u00e7os, como Vapt Vupt, orienta\u00e7\u00e3o jur\u00eddica, profissional e atendimento m\u00e9dico, entre outros. Assim, a pasta espera levar dignidade \u00e0 popula\u00e7\u00e3o goiana e favorecer a inser\u00e7\u00e3o no mercado de trabalho.<\/p>\n<p>O PPA foi institu\u00eddo pelo decreto 9.434\/19, assinado pelo governador Ronaldo Caiado. Sua elabora\u00e7\u00e3o deve ser conclu\u00edda, por todas as pastas do governo, at\u00e9 o m\u00eas de agosto, quando o mesmo ser\u00e1 enviado para aprecia\u00e7\u00e3o da Assembleia Legislativa de Goi\u00e1s. O processo \u00e9 coordenado pela Secretaria de Economia, para a qual j\u00e1 foi enviada a parte referente \u00e0 atua\u00e7\u00e3o da Segov. A sociedade tamb\u00e9m pode participar enviando sugest\u00f5es, por meio do site <a href=\"https:\/\/www.ppa.go.gov.br\">www.ppa.go.gov.br<\/a>.<\/p>\n<p><strong>Fiscaliza\u00e7\u00e3o de contratos \u2013 <\/strong>Em outra frente, a Segov criou uma comiss\u00e3o para fiscalizar os contratos atuais da pasta, que tratam, por exemplo, dos servi\u00e7os de telefonia e loca\u00e7\u00e3o de ve\u00edculos. Ao todo, ser\u00e3o revisados nove contratos, com foco na garantia de efici\u00eancia e bom uso do dinheiro p\u00fablico. Um relat\u00f3rio com os resultados desse trabalho ser\u00e1 enviado \u00e0 Controladoria Geral do Estado (CGE) at\u00e9 o dia 30 de junho.<\/p>\n<p align=\"right\"><strong>Comunica\u00e7\u00e3o Setorial da Segov<\/strong><\/p>\n","protected":false},"excerpt":{"rendered":"<p align=\"center\"><em>Documento enviado \u00e0 Secretaria de Economia cont\u00e9m metas para a pasta durante os pr\u00f3ximos quatro anos<\/em><\/p>\n","protected":false},"author":1304,"featured_media":1559,"comment_status":"closed","ping_status":"open","sticky":false,"template":"","format":"standard","meta":{"footnotes":""},"categories":[5],"tags":[],"class_list":["post-1560","post","type-post","status-publish","format-standard","has-post-thumbnail","hentry","category-noticias"],"rttpg_featured_image_url":{"full":["https:\/\/goias.gov.br\/institucional\/wp-content\/uploads\/sites\/51\/2019\/06\/WhatsApp-Image-2019-06-06-at-17.32.00-7ce.jpeg",1280,720,false],"landscape":["https:\/\/goias.gov.br\/institucional\/wp-content\/uploads\/sites\/51\/2019\/06\/WhatsApp-Image-2019-06-06-at-17.32.00-7ce.jpeg",1280,720,false],"portraits":["https:\/\/goias.gov.br\/institucional\/wp-content\/uploads\/sites\/51\/2019\/06\/WhatsApp-Image-2019-06-06-at-17.32.00-7ce.jpeg",1280,720,false],"thumbnail":["https:\/\/goias.gov.br\/institucional\/wp-content\/uploads\/sites\/51\/2019\/06\/WhatsApp-Image-2019-06-06-at-17.32.00-7ce-150x150.jpeg",150,150,true],"medium":["https:\/\/goias.gov.br\/institucional\/wp-content\/uploads\/sites\/51\/2019\/06\/WhatsApp-Image-2019-06-06-at-17.32.00-7ce-300x169.jpeg",300,169,true],"large":["https:\/\/goias.gov.br\/institucional\/wp-content\/uploads\/sites\/51\/2019\/06\/WhatsApp-Image-2019-06-06-at-17.32.00-7ce-1024x576.jpeg",1024,576,true],"1536x1536":["https:\/\/goias.gov.br\/institucional\/wp-content\/uploads\/sites\/51\/2019\/06\/WhatsApp-Image-2019-06-06-at-17.32.00-7ce.jpeg",1280,720,false],"2048x2048":["https:\/\/goias.gov.br\/institucional\/wp-content\/uploads\/sites\/51\/2019\/06\/WhatsApp-Image-2019-06-06-at-17.32.00-7ce.jpeg",1280,720,false]},"rttpg_author":{"display_name":"","author_link":"https:\/\/goias.gov.br\/institucional\/author\/"},"rttpg_comment":0,"rttpg_category":"<a href=\"https:\/\/goias.gov.br\/institucional\/categoria\/noticias\/\" rel=\"category tag\">Not\u00edcias<\/a>","rttpg_excerpt":"Documento enviado \u00e0 Secretaria de Economia cont\u00e9m metas para a pasta durante os pr\u00f3ximos quatro anos","_links":{"self":[{"href":"https:\/\/goias.gov.br\/institucional\/wp-json\/wp\/v2\/posts\/1560","targetHints":{"allow":["GET"]}}],"collection":[{"href":"https:\/\/goias.gov.br\/institucional\/wp-json\/wp\/v2\/posts"}],"about":[{"href":"https:\/\/goias.gov.br\/institucional\/wp-json\/wp\/v2\/types\/post"}],"author":[{"embeddable":true,"href":"https:\/\/goias.gov.br\/institucional\/wp-json\/wp\/v2\/users\/1304"}],"replies":[{"embeddable":true,"href":"https:\/\/goias.gov.br\/institucional\/wp-json\/wp\/v2\/comments?post=1560"}],"version-history":[{"count":0,"href":"https:\/\/goias.gov.br\/institucional\/wp-json\/wp\/v2\/posts\/1560\/revisions"}],"wp:featuredmedia":[{"embeddable":true,"href":"https:\/\/goias.gov.br\/institucional\/wp-json\/wp\/v2\/media\/1559"}],"wp:attachment":[{"href":"https:\/\/goias.gov.br\/institucional\/wp-json\/wp\/v2\/media?parent=1560"}],"wp:term":[{"taxonomy":"category","embeddable":true,"href":"https:\/\/goias.gov.br\/institucional\/wp-json\/wp\/v2\/categories?post=1560"},{"taxonomy":"post_tag","embeddable":true,"href":"https:\/\/goias.gov.br\/institucional\/wp-json\/wp\/v2\/tags?post=1560"}],"curies":[{"name":"wp","href":"https:\/\/api.w.org\/{rel}","templated":true}]}}