

{"id":1516,"date":"2019-05-22T11:01:48","date_gmt":"2019-05-22T14:01:48","guid":{"rendered":"https:\/\/siteshom.goias.gov.br\/institucional\/reforma-administrativa-muda-stauts-da-segov\/"},"modified":"2019-05-22T11:01:48","modified_gmt":"2019-05-22T14:01:48","slug":"reforma-administrativa-muda-stauts-da-segov","status":"publish","type":"post","link":"https:\/\/goias.gov.br\/institucional\/reforma-administrativa-muda-stauts-da-segov\/","title":{"rendered":"Reforma Administrativa muda status da Segov"},"content":{"rendered":"<p style=\"text-align: center;\"><em>Secretaria do Governo passar\u00e1 a fazer parte da Governadoria<\/em><\/p>\n<p style=\"text-align: left;\">Aprovada em primeira vota\u00e7\u00e3o, no plen\u00e1rio da Assembleia Legislativa de Goi\u00e1s, a reforma administrativa prev\u00ea mudan\u00e7as na estrutura do governo a fim de gerar economia de R$ 436 milh\u00f5es de reais at\u00e9 2022. Na \u00faltima ter\u00e7a feira (21), o projeto n\u00b0 2376\/19 recebeu 29 votos favor\u00e1veis e nove contr\u00e1rios. A proposta j\u00e1 havia passado pela Comiss\u00e3o de Constitui\u00e7\u00e3o e Justi\u00e7a (CCJ), que aprovou voto em separado do l\u00edder do governo, Bruno Peixoto (MDB). O projeto de lei poder\u00e1 ser aprovado em segunda e \u00faltima vota\u00e7\u00e3o ainda nesta semana.<\/p>\n<p style=\"text-align: left;\">\u201cA aprova\u00e7\u00e3o da Reforma Administrativa \u00e9 uma demonstra\u00e7\u00e3o de que o parlamento est\u00e1 ao lado do povo goiano. Os deputados estaduais t\u00eam demonstrado esp\u00edrito p\u00fablico e respeito \u00e0s mat\u00e9rias do governo. O governador Ronaldo Caiado cumpre mais um compromisso de campanha, ao promover ajuste com o corte de gastos e colocar ordem na casa\u201d, disse o secret\u00e1rio de governo, Ernesto Roller.<\/p>\n<p style=\"text-align: left;\">O texto da Reforma Administrativa modifica o status da Secretaria de Estado do Governo (Segov), que passar\u00e1 a fazer parte da Governadoria. A mudan\u00e7a refor\u00e7a as atribui\u00e7\u00f5es da pasta, chefiada pelo secret\u00e1rio Ernesto Roller: realizar articula\u00e7\u00e3o pol\u00edtico- administrativa e gerir governabilidade, com a garantia de acesso direto ao governador Ronaldo Caiado. Assim, a principal miss\u00e3o da Segov \u00e9 abrir portas para o Estado, por meio do&nbsp;relacionamento institucional, nos poderes Legislativo, Judici\u00e1rio e demais&nbsp;esferas da administra\u00e7\u00e3o p\u00fablica &#8211; prefeituras, governos estaduais e Governo Federal.<\/p>\n<p>Conforme a proposta, tamb\u00e9m far\u00e3o parte da Governadoria os Gabinetes de Gest\u00e3o do Governador, o Gabinete Particular do Governador, a Procuradoria Geral do Estado, o Gabinete de Assuntos Sociais, a Secretaria de Estado da Casa Militar, a Secretaria-Geral da Governadoria e a Secretaria de Estado da Casa Civil. A Segov est\u00e1 alinhada ao eixo estrat\u00e9gico de Governan\u00e7a e Desenvolvimento Regional, definido no plano de governo.<\/p>\n<p>A reforma marca o fim de um processo de reformula\u00e7\u00e3o da secretaria, iniciado em janeiro, pela atual gest\u00e3o. Programas sociais sem vincula\u00e7\u00e3o com as atribui\u00e7\u00f5es da pasta foram redistribu\u00eddos entre as unidades que comp\u00f5em o governo. \u00c9 o caso do Passe Livre Estudantil, que est\u00e1 sob responsabilidade da Secretaria de Desenvolvimento Social. A Segov ter\u00e1 uma nova ger\u00eancia, chamada Tomada de Contas Especial.<\/p>\n<p><strong>Reforma<\/strong> \u2013 A segunda etapa da reforma vai permitir a integra\u00e7\u00e3o de diferentes setores da administra\u00e7\u00e3o p\u00fablica e reposicionamento de unidades, de modo a tornar a gest\u00e3o mais eficiente. Tamb\u00e9m haver\u00e1 corte de cerca de 2 mil fun\u00e7\u00f5es comissionadas, al\u00e9m de assessorias. A expectativa do Governo de Goi\u00e1s \u00e9 economizar R$ 79 milh\u00f5es de reais ainda em 2019 e R$ 119 milh\u00f5es por ano at\u00e9 2022.<\/p>\n<p><strong>Confira o voto dos deputados favor\u00e1veis \u00e0 Reforma Administrativa<\/strong><\/p>\n<p>\u00c1lvaro Guimar\u00e3es, Alysson Lima, Amauri Ribeiro, Amilton Filho, Bruno Peixoto, Cairo Salim, Charles Bento, Chico KGL, Delegado Eduardo Prado, Delegado Humberto Te\u00f3filo, Diego Sorgatto, Dr. Ant\u00f4nio, Henrique Arantes, Henrique C\u00e9sar, Humberto Aidar, Iso Moreira, Jeferson Rodrigues, J\u00falio Pina, Karlos Cabral, Lissauer Vieira, Major Ara\u00fajo, Paulo Cezar, Paulo Trabalho, Rafael Gouveia, Rubens Marques, Thiago Albernaz, Vinicius Cirqueira, Virmondes Cruvinel, Wagner Camargo Neto, Wilde Camb\u00e3o e Z\u00e9 Carap\u00f4.&nbsp;<\/p>\n<p style=\"text-align: right;\"><strong>Comunica\u00e7\u00e3o Segov<\/strong><\/p>\n","protected":false},"excerpt":{"rendered":"<p>Secretaria do Governo passar\u00e1 a fazer parte da Governadoria Aprovada em primeira vota\u00e7\u00e3o, no plen\u00e1rio da Assembleia Legislativa de Goi\u00e1s, a reforma administrativa prev\u00ea mudan\u00e7as na estrutura do governo a fim de gerar economia de R$ 436 milh\u00f5es de reais at\u00e9 2022. Na \u00faltima ter\u00e7a feira (21), o projeto n\u00b0 2376\/19 recebeu 29 votos favor\u00e1veis [&hellip;]<\/p>\n","protected":false},"author":1305,"featured_media":1515,"comment_status":"closed","ping_status":"open","sticky":false,"template":"","format":"standard","meta":{"footnotes":""},"categories":[5],"tags":[],"class_list":["post-1516","post","type-post","status-publish","format-standard","has-post-thumbnail","hentry","category-noticias"],"rttpg_featured_image_url":{"full":["https:\/\/goias.gov.br\/institucional\/wp-content\/uploads\/sites\/51\/2019\/05\/WhatsApp-Image-2019-05-22-at-10.53.25-d14.jpeg",1280,895,false],"landscape":["https:\/\/goias.gov.br\/institucional\/wp-content\/uploads\/sites\/51\/2019\/05\/WhatsApp-Image-2019-05-22-at-10.53.25-d14.jpeg",1280,895,false],"portraits":["https:\/\/goias.gov.br\/institucional\/wp-content\/uploads\/sites\/51\/2019\/05\/WhatsApp-Image-2019-05-22-at-10.53.25-d14.jpeg",1280,895,false],"thumbnail":["https:\/\/goias.gov.br\/institucional\/wp-content\/uploads\/sites\/51\/2019\/05\/WhatsApp-Image-2019-05-22-at-10.53.25-d14-150x150.jpeg",150,150,true],"medium":["https:\/\/goias.gov.br\/institucional\/wp-content\/uploads\/sites\/51\/2019\/05\/WhatsApp-Image-2019-05-22-at-10.53.25-d14-300x210.jpeg",300,210,true],"large":["https:\/\/goias.gov.br\/institucional\/wp-content\/uploads\/sites\/51\/2019\/05\/WhatsApp-Image-2019-05-22-at-10.53.25-d14-1024x716.jpeg",1024,716,true],"1536x1536":["https:\/\/goias.gov.br\/institucional\/wp-content\/uploads\/sites\/51\/2019\/05\/WhatsApp-Image-2019-05-22-at-10.53.25-d14.jpeg",1280,895,false],"2048x2048":["https:\/\/goias.gov.br\/institucional\/wp-content\/uploads\/sites\/51\/2019\/05\/WhatsApp-Image-2019-05-22-at-10.53.25-d14.jpeg",1280,895,false]},"rttpg_author":{"display_name":"","author_link":"https:\/\/goias.gov.br\/institucional\/author\/"},"rttpg_comment":0,"rttpg_category":"<a href=\"https:\/\/goias.gov.br\/institucional\/categoria\/noticias\/\" rel=\"category tag\">Not\u00edcias<\/a>","rttpg_excerpt":"Secretaria do Governo passar\u00e1 a fazer parte da Governadoria Aprovada em primeira vota\u00e7\u00e3o, no plen\u00e1rio da Assembleia Legislativa de Goi\u00e1s, a reforma administrativa prev\u00ea mudan\u00e7as na estrutura do governo a fim de gerar economia de R$ 436 milh\u00f5es de reais at\u00e9 2022. Na \u00faltima ter\u00e7a feira (21), o projeto n\u00b0 2376\/19 recebeu 29 votos favor\u00e1veis&hellip;","_links":{"self":[{"href":"https:\/\/goias.gov.br\/institucional\/wp-json\/wp\/v2\/posts\/1516","targetHints":{"allow":["GET"]}}],"collection":[{"href":"https:\/\/goias.gov.br\/institucional\/wp-json\/wp\/v2\/posts"}],"about":[{"href":"https:\/\/goias.gov.br\/institucional\/wp-json\/wp\/v2\/types\/post"}],"author":[{"embeddable":true,"href":"https:\/\/goias.gov.br\/institucional\/wp-json\/wp\/v2\/users\/1305"}],"replies":[{"embeddable":true,"href":"https:\/\/goias.gov.br\/institucional\/wp-json\/wp\/v2\/comments?post=1516"}],"version-history":[{"count":0,"href":"https:\/\/goias.gov.br\/institucional\/wp-json\/wp\/v2\/posts\/1516\/revisions"}],"wp:featuredmedia":[{"embeddable":true,"href":"https:\/\/goias.gov.br\/institucional\/wp-json\/wp\/v2\/media\/1515"}],"wp:attachment":[{"href":"https:\/\/goias.gov.br\/institucional\/wp-json\/wp\/v2\/media?parent=1516"}],"wp:term":[{"taxonomy":"category","embeddable":true,"href":"https:\/\/goias.gov.br\/institucional\/wp-json\/wp\/v2\/categories?post=1516"},{"taxonomy":"post_tag","embeddable":true,"href":"https:\/\/goias.gov.br\/institucional\/wp-json\/wp\/v2\/tags?post=1516"}],"curies":[{"name":"wp","href":"https:\/\/api.w.org\/{rel}","templated":true}]}}