

{"id":1473,"date":"2019-04-05T10:27:37","date_gmt":"2019-04-05T13:27:37","guid":{"rendered":"https:\/\/siteshom.goias.gov.br\/institucional\/segov-instala-gabinete-na-18a-tecnoshow-comigo\/"},"modified":"2019-04-05T10:27:37","modified_gmt":"2019-04-05T13:27:37","slug":"segov-instala-gabinete-na-18a-tecnoshow-comigo","status":"publish","type":"post","link":"https:\/\/goias.gov.br\/institucional\/segov-instala-gabinete-na-18a-tecnoshow-comigo\/","title":{"rendered":"Segov instala gabinete na 18\u00aa Tecnoshow Comigo"},"content":{"rendered":"<p style=\"text-align: justify;\"><em>Secret\u00e1rio Ernesto Roller far\u00e1 atendimentos na ter\u00e7a, dia 9<\/em><\/p>\n<p style=\"text-align: justify;\">O gabinete do secret\u00e1rio do Governo, Ernesto Roller, ser\u00e1 transferido na pr\u00f3xima ter\u00e7a-feira, dia 9, para a feira de tecnologia em agroneg\u00f3cio Tecnoshow Comigo 2019, em Rio Verde. Das 8 \u00e0s 12 horas, o secret\u00e1rio receber\u00e1 prefeitos, vereadores, deputados, lideran\u00e7as e empres\u00e1rios da regi\u00e3o, no estande do Gabinete em A\u00e7\u00e3o, do Governo de Goi\u00e1s.<\/p>\n<p style=\"text-align: justify;\">A 18\u00aa edi\u00e7\u00e3o da Tecnoshow Comigo ser\u00e1 realizada de 8 a 12 de abril, com abertura marcada para as 9 horas. No primeiro dia da feira, a agenda de Ernesto Roller inclui participa\u00e7\u00e3o na abertura oficial, encontro com embaixadores de oito pa\u00edses e tamb\u00e9m marca presen\u00e7a na sess\u00e3o Solene da Assembleia Legislativa, \u00e0s 16h30.<\/p>\n<p style=\"text-align: justify;\"><strong>Capital Simb\u00f3lica<\/strong><\/p>\n<p style=\"text-align: justify;\">Devido \u00e0 import\u00e2ncia econ\u00f4mica do munic\u00edpio de Rio Verde e \u00e0 grandiosidade da Tecnoshow Comigo, este ano, o evento ganhou reconhecimento estadual da Assembleia Legislativa de Goi\u00e1s (Alego), por meio da Lei n\u00ba 20.425\/19, de autoria do presidente da Alego, Lissauer Vieira, e sancionada pelo governador Ronaldo Caiado. A lei torna Rio Verde a capital simb\u00f3lica do Estado durante a semana de realiza\u00e7\u00e3o da feira.<\/p>\n<p style=\"text-align: justify;\">A transfer\u00eancia simb\u00f3lica da sede do Governo de Goi\u00e1s para Rio Verde, durante a Tecnoshow, \u00e9 um reconhecimento da import\u00e2ncia que o agroneg\u00f3cio, o munic\u00edpio e a feira t\u00eam para o Estado. \u201cVamos realizar audi\u00eancias, fechar parcerias e promover atividades, demonstrando que o Governo \u00e9 parceiro e est\u00e1 presente\u201d, garante o secret\u00e1rio de governo, Ernesto Roller.<\/p>\n<p style=\"text-align: justify;\"><strong>A Tecnoshow Comigo<\/strong><\/p>\n<p style=\"text-align: justify;\">Os n\u00fameros mostram a grandiosidade do evento, que est\u00e1 em sua 18\u00aa edi\u00e7\u00e3o. Em 2018, a Tecnoshow Comigo gerou R$ 2,5 bilh\u00f5es em neg\u00f3cios, recebeu 106 mil visitantes, 550 expositores, 3 mil m\u00e1quinas e equipamentos, al\u00e9m de animais de excelente gen\u00e9tica. Numa \u00e1rea de 60 hectares, o evento promoveu 100 palestras e din\u00e2micas e 250 demonstra\u00e7\u00f5es de 30 empresas. A feira de tecnologia rural \u00e9 um referencial em todo o Centro-Oeste. A cada edi\u00e7\u00e3o, o evento apresenta um maior n\u00famero de experi\u00eancias tecnol\u00f3gicas realizadas por diversas institui\u00e7\u00f5es de pesquisa, de ensino e outras empresas que auxiliam o produtor rural, reunindo expositores de grandes segmentos do setor agropecu\u00e1rio.<\/p>\n<p style=\"text-align: justify;\">&nbsp;<\/p>\n<p align=\"right\">Comunica\u00e7\u00e3o Setorial da Secretaria de Governo<\/p>\n<p align=\"right\">Goi\u00e2nia, 05 de abril de 2019<\/p>\n","protected":false},"excerpt":{"rendered":"<p>Secret\u00e1rio Ernesto Roller far\u00e1 atendimentos na ter\u00e7a, dia 9 O gabinete do secret\u00e1rio do Governo, Ernesto Roller, ser\u00e1 transferido na pr\u00f3xima ter\u00e7a-feira, dia 9, para a feira de tecnologia em agroneg\u00f3cio Tecnoshow Comigo 2019, em Rio Verde. Das 8 \u00e0s 12 horas, o secret\u00e1rio receber\u00e1 prefeitos, vereadores, deputados, lideran\u00e7as e empres\u00e1rios da regi\u00e3o, no estande [&hellip;]<\/p>\n","protected":false},"author":1305,"featured_media":1471,"comment_status":"closed","ping_status":"open","sticky":false,"template":"","format":"standard","meta":{"footnotes":""},"categories":[5],"tags":[],"class_list":["post-1473","post","type-post","status-publish","format-standard","has-post-thumbnail","hentry","category-noticias"],"rttpg_featured_image_url":{"full":["https:\/\/goias.gov.br\/institucional\/wp-content\/uploads\/sites\/51\/2019\/04\/3-gabinete-em-ao-3-feb.png",998,768,false],"landscape":["https:\/\/goias.gov.br\/institucional\/wp-content\/uploads\/sites\/51\/2019\/04\/3-gabinete-em-ao-3-feb.png",998,768,false],"portraits":["https:\/\/goias.gov.br\/institucional\/wp-content\/uploads\/sites\/51\/2019\/04\/3-gabinete-em-ao-3-feb.png",998,768,false],"thumbnail":["https:\/\/goias.gov.br\/institucional\/wp-content\/uploads\/sites\/51\/2019\/04\/3-gabinete-em-ao-3-feb-150x150.png",150,150,true],"medium":["https:\/\/goias.gov.br\/institucional\/wp-content\/uploads\/sites\/51\/2019\/04\/3-gabinete-em-ao-3-feb-300x231.png",300,231,true],"large":["https:\/\/goias.gov.br\/institucional\/wp-content\/uploads\/sites\/51\/2019\/04\/3-gabinete-em-ao-3-feb.png",998,768,false],"1536x1536":["https:\/\/goias.gov.br\/institucional\/wp-content\/uploads\/sites\/51\/2019\/04\/3-gabinete-em-ao-3-feb.png",998,768,false],"2048x2048":["https:\/\/goias.gov.br\/institucional\/wp-content\/uploads\/sites\/51\/2019\/04\/3-gabinete-em-ao-3-feb.png",998,768,false]},"rttpg_author":{"display_name":"","author_link":"https:\/\/goias.gov.br\/institucional\/author\/"},"rttpg_comment":0,"rttpg_category":"<a href=\"https:\/\/goias.gov.br\/institucional\/categoria\/noticias\/\" rel=\"category tag\">Not\u00edcias<\/a>","rttpg_excerpt":"Secret\u00e1rio Ernesto Roller far\u00e1 atendimentos na ter\u00e7a, dia 9 O gabinete do secret\u00e1rio do Governo, Ernesto Roller, ser\u00e1 transferido na pr\u00f3xima ter\u00e7a-feira, dia 9, para a feira de tecnologia em agroneg\u00f3cio Tecnoshow Comigo 2019, em Rio Verde. Das 8 \u00e0s 12 horas, o secret\u00e1rio receber\u00e1 prefeitos, vereadores, deputados, lideran\u00e7as e empres\u00e1rios da regi\u00e3o, no estande&hellip;","_links":{"self":[{"href":"https:\/\/goias.gov.br\/institucional\/wp-json\/wp\/v2\/posts\/1473","targetHints":{"allow":["GET"]}}],"collection":[{"href":"https:\/\/goias.gov.br\/institucional\/wp-json\/wp\/v2\/posts"}],"about":[{"href":"https:\/\/goias.gov.br\/institucional\/wp-json\/wp\/v2\/types\/post"}],"author":[{"embeddable":true,"href":"https:\/\/goias.gov.br\/institucional\/wp-json\/wp\/v2\/users\/1305"}],"replies":[{"embeddable":true,"href":"https:\/\/goias.gov.br\/institucional\/wp-json\/wp\/v2\/comments?post=1473"}],"version-history":[{"count":0,"href":"https:\/\/goias.gov.br\/institucional\/wp-json\/wp\/v2\/posts\/1473\/revisions"}],"wp:featuredmedia":[{"embeddable":true,"href":"https:\/\/goias.gov.br\/institucional\/wp-json\/wp\/v2\/media\/1471"}],"wp:attachment":[{"href":"https:\/\/goias.gov.br\/institucional\/wp-json\/wp\/v2\/media?parent=1473"}],"wp:term":[{"taxonomy":"category","embeddable":true,"href":"https:\/\/goias.gov.br\/institucional\/wp-json\/wp\/v2\/categories?post=1473"},{"taxonomy":"post_tag","embeddable":true,"href":"https:\/\/goias.gov.br\/institucional\/wp-json\/wp\/v2\/tags?post=1473"}],"curies":[{"name":"wp","href":"https:\/\/api.w.org\/{rel}","templated":true}]}}