

{"id":1421,"date":"2019-01-16T12:34:05","date_gmt":"2019-01-16T14:34:05","guid":{"rendered":"https:\/\/siteshom.goias.gov.br\/institucional\/coletiva-de-imprensa\/"},"modified":"2019-01-16T12:34:05","modified_gmt":"2019-01-16T14:34:05","slug":"coletiva-de-imprensa","status":"publish","type":"post","link":"https:\/\/goias.gov.br\/institucional\/coletiva-de-imprensa\/","title":{"rendered":"Coletiva de imprensa"},"content":{"rendered":"<p style=\"text-align: justify;\">O secret\u00e1rio de Governo, Ernesto Roller, convida a imprensa para entrevista coletiva nesta quarta-feira, 16\/01, \u00e0s 16 horas, para falar sobre o cadastramento do Passe Livre Estudantil.<\/p>\n<p>Servi\u00e7o<\/p>\n<p>Coletiva de imprensa sobre o cadastramento do Passe Livre Estudantil<\/p>\n<p>Data: 16\/01 (quarta)<\/p>\n<p>Hor\u00e1rio: 16 horas<\/p>\n<p>Local: Gabinete do secret\u00e1rio Erneto Roller (Pal\u00e1cio Pedro Ludovico, 6\u00ba andar, Ala Oeste)<\/p>\n<p>Comunica\u00e7\u00e3o Segov<\/p>\n<p>Informa\u00e7\u00f5es: (62) 3201-5614\/ 3201.5623<\/p>\n<p>&nbsp;<\/p>\n<p>&nbsp;<\/p>\n","protected":false},"excerpt":{"rendered":"<p>O secret\u00e1rio de Governo, Ernesto Roller, convida a imprensa para entrevista coletiva nesta quarta-feira, 16\/01, \u00e0s 16 horas, para falar sobre o cadastramento do Passe Livre Estudantil. Servi\u00e7o Coletiva de imprensa sobre o cadastramento do Passe Livre Estudantil Data: 16\/01 (quarta) Hor\u00e1rio: 16 horas Local: Gabinete do secret\u00e1rio Erneto Roller (Pal\u00e1cio Pedro Ludovico, 6\u00ba andar, [&hellip;]<\/p>\n","protected":false},"author":1305,"featured_media":1420,"comment_status":"closed","ping_status":"open","sticky":false,"template":"","format":"standard","meta":{"footnotes":""},"categories":[5],"tags":[],"class_list":["post-1421","post","type-post","status-publish","format-standard","has-post-thumbnail","hentry","category-noticias"],"rttpg_featured_image_url":{"full":["https:\/\/goias.gov.br\/institucional\/wp-content\/uploads\/sites\/51\/2019\/01\/foto-de-cartao-passe-livre-com-quatro-pessoas-estampados-no-cartao-sendo-duas-mocas-e-um-rapas-e-um-adulto-com-um-caderno-ao-fundo-com-uma-caneta-em-cima-do-caderno-40e.png",551,335,false],"landscape":["https:\/\/goias.gov.br\/institucional\/wp-content\/uploads\/sites\/51\/2019\/01\/foto-de-cartao-passe-livre-com-quatro-pessoas-estampados-no-cartao-sendo-duas-mocas-e-um-rapas-e-um-adulto-com-um-caderno-ao-fundo-com-uma-caneta-em-cima-do-caderno-40e.png",551,335,false],"portraits":["https:\/\/goias.gov.br\/institucional\/wp-content\/uploads\/sites\/51\/2019\/01\/foto-de-cartao-passe-livre-com-quatro-pessoas-estampados-no-cartao-sendo-duas-mocas-e-um-rapas-e-um-adulto-com-um-caderno-ao-fundo-com-uma-caneta-em-cima-do-caderno-40e.png",551,335,false],"thumbnail":["https:\/\/goias.gov.br\/institucional\/wp-content\/uploads\/sites\/51\/2019\/01\/foto-de-cartao-passe-livre-com-quatro-pessoas-estampados-no-cartao-sendo-duas-mocas-e-um-rapas-e-um-adulto-com-um-caderno-ao-fundo-com-uma-caneta-em-cima-do-caderno-40e-150x150.png",150,150,true],"medium":["https:\/\/goias.gov.br\/institucional\/wp-content\/uploads\/sites\/51\/2019\/01\/foto-de-cartao-passe-livre-com-quatro-pessoas-estampados-no-cartao-sendo-duas-mocas-e-um-rapas-e-um-adulto-com-um-caderno-ao-fundo-com-uma-caneta-em-cima-do-caderno-40e-300x182.png",300,182,true],"large":["https:\/\/goias.gov.br\/institucional\/wp-content\/uploads\/sites\/51\/2019\/01\/foto-de-cartao-passe-livre-com-quatro-pessoas-estampados-no-cartao-sendo-duas-mocas-e-um-rapas-e-um-adulto-com-um-caderno-ao-fundo-com-uma-caneta-em-cima-do-caderno-40e.png",551,335,false],"1536x1536":["https:\/\/goias.gov.br\/institucional\/wp-content\/uploads\/sites\/51\/2019\/01\/foto-de-cartao-passe-livre-com-quatro-pessoas-estampados-no-cartao-sendo-duas-mocas-e-um-rapas-e-um-adulto-com-um-caderno-ao-fundo-com-uma-caneta-em-cima-do-caderno-40e.png",551,335,false],"2048x2048":["https:\/\/goias.gov.br\/institucional\/wp-content\/uploads\/sites\/51\/2019\/01\/foto-de-cartao-passe-livre-com-quatro-pessoas-estampados-no-cartao-sendo-duas-mocas-e-um-rapas-e-um-adulto-com-um-caderno-ao-fundo-com-uma-caneta-em-cima-do-caderno-40e.png",551,335,false]},"rttpg_author":{"display_name":"","author_link":"https:\/\/goias.gov.br\/institucional\/author\/"},"rttpg_comment":0,"rttpg_category":"<a href=\"https:\/\/goias.gov.br\/institucional\/categoria\/noticias\/\" rel=\"category tag\">Not\u00edcias<\/a>","rttpg_excerpt":"O secret\u00e1rio de Governo, Ernesto Roller, convida a imprensa para entrevista coletiva nesta quarta-feira, 16\/01, \u00e0s 16 horas, para falar sobre o cadastramento do Passe Livre Estudantil. Servi\u00e7o Coletiva de imprensa sobre o cadastramento do Passe Livre Estudantil Data: 16\/01 (quarta) Hor\u00e1rio: 16 horas Local: Gabinete do secret\u00e1rio Erneto Roller (Pal\u00e1cio Pedro Ludovico, 6\u00ba andar,&hellip;","_links":{"self":[{"href":"https:\/\/goias.gov.br\/institucional\/wp-json\/wp\/v2\/posts\/1421","targetHints":{"allow":["GET"]}}],"collection":[{"href":"https:\/\/goias.gov.br\/institucional\/wp-json\/wp\/v2\/posts"}],"about":[{"href":"https:\/\/goias.gov.br\/institucional\/wp-json\/wp\/v2\/types\/post"}],"author":[{"embeddable":true,"href":"https:\/\/goias.gov.br\/institucional\/wp-json\/wp\/v2\/users\/1305"}],"replies":[{"embeddable":true,"href":"https:\/\/goias.gov.br\/institucional\/wp-json\/wp\/v2\/comments?post=1421"}],"version-history":[{"count":0,"href":"https:\/\/goias.gov.br\/institucional\/wp-json\/wp\/v2\/posts\/1421\/revisions"}],"wp:featuredmedia":[{"embeddable":true,"href":"https:\/\/goias.gov.br\/institucional\/wp-json\/wp\/v2\/media\/1420"}],"wp:attachment":[{"href":"https:\/\/goias.gov.br\/institucional\/wp-json\/wp\/v2\/media?parent=1421"}],"wp:term":[{"taxonomy":"category","embeddable":true,"href":"https:\/\/goias.gov.br\/institucional\/wp-json\/wp\/v2\/categories?post=1421"},{"taxonomy":"post_tag","embeddable":true,"href":"https:\/\/goias.gov.br\/institucional\/wp-json\/wp\/v2\/tags?post=1421"}],"curies":[{"name":"wp","href":"https:\/\/api.w.org\/{rel}","templated":true}]}}