

{"id":97820,"date":"2025-10-17T08:32:47","date_gmt":"2025-10-17T11:32:47","guid":{"rendered":"https:\/\/goias.gov.br\/inovacao\/?p=97820"},"modified":"2025-10-22T08:51:43","modified_gmt":"2025-10-22T11:51:43","slug":"coro-sinfonico-jovem-de-goias-apresenta-o-espetaculo-concerto-de-canto","status":"publish","type":"post","link":"https:\/\/goias.gov.br\/inovacao\/coro-sinfonico-jovem-de-goias-apresenta-o-espetaculo-concerto-de-canto\/","title":{"rendered":"Coro Sinf\u00f4nico Jovem de Goi\u00e1s apresenta o espet\u00e1culo Concerto de Canto"},"content":{"rendered":"\n<p>Com o tema \u201cCenas Brasileiras\u201d, o grupo sinf\u00f4nico do Basileu Fran\u00e7a convida o p\u00fablico para viver uma imers\u00e3o na cultura nacional, neste domingo (19\/10), com m\u00fasicas que celebram a identidade brasileira<\/p>\n\n\n\n<p>O Coro Sinf\u00f4nico Jovem de Goi\u00e1s (CSJG) da Escola do Futuro em Artes Basileu Fran\u00e7a realiza, neste domingo (19\/10), \u00e0s 11h, mais uma edi\u00e7\u00e3o do tradicional Concerto de Canto. Neste ano, o grupo sinf\u00f4nico celebra a identidade nacional, com um programa repleto de brasilidades. \u201cCenas Brasileiras\u201d \u00e9 um convite ao p\u00fablico para uma viagem cultural por meio de can\u00e7\u00f5es escritas por grandes compositores do pa\u00eds, como Villa Lobos, Waldemar Henrique, Hekel Tavares e tantos outros. O espet\u00e1culo acontece no Teatro Escola Basileu Fran\u00e7a, que fica no Setor Leste Universit\u00e1rio, e a entrada \u00e9 gratuita, por ordem de chegada.<\/p>\n\n\n\n<p>&#8220;O universo de can\u00e7\u00f5es brasileiras \u00e9 vast\u00edssimo e temos a satisfa\u00e7\u00e3o de termos muitas joias que foram produzidas por nossos compositores. Cada uma dessas obras traz \u00e0 tona marcas de nossa identidade e muitos elementos culturais que nos tornam \u00fanicos. A partir dessas can\u00e7\u00f5es, podemos nos encontrar com as paisagens brasileiras, nossos amores e dores, nossas lendas, nossas alegrias e com nosso povo. O p\u00fablico que participar dessa manh\u00e3 vai ter a oportunidade de ouvir boa m\u00fasica e se envolver com diversas hist\u00f3rias que v\u00e3o ser cantadas\u201d, descreve o regente do grupo sinf\u00f4nico, maestro Weber Assis.<\/p>\n\n\n\n<p>Nesta edi\u00e7\u00e3o, o espectador vai se surpreender com o programa constru\u00eddo especialmente para a apresenta\u00e7\u00e3o de domingo, e a emo\u00e7\u00e3o vai ser sentida a cada n\u00famero produzido, como promete o regente e diretor art\u00edstico do grupo sinf\u00f4nico. \u201cEsse concerto vem mostrar o crescimento musical individual de cada cantor e cantora que integram o grupo e que se dedica diariamente a profissionaliza\u00e7\u00e3o atrav\u00e9s de nossos cursos para esse g\u00eanero. O concerto em si \u00e9 uma etapa importante para o processo de aprendizagem, seja pela pr\u00e1tica t\u00e9cnica de canto, seja pelo encontro do artista com o p\u00fablico. E para esse concerto, o repert\u00f3rio com a cara do Brasil \u00e9, tamb\u00e9m, uma oportunidade para esses estudantes se apropriarem de um repert\u00f3rio que \u00e9 nosso. N\u00e3o tenho d\u00favida de que as can\u00e7\u00f5es escolhidas v\u00e3o agradar a todos, e a emo\u00e7\u00e3o est\u00e1 garantida\u201d, convida Weber Assis.<\/p>\n\n\n\n<p>Formado por 53 estudantes dos N\u00facleos de Altas Habilidades em M\u00fasica da Escola do Futuro de Goi\u00e1s em Artes Basileu Fran\u00e7a, o Coro Sinf\u00f4nico Jovem de Goi\u00e1s foi criado em junho de 2014 e, ao longo da \u00faltima d\u00e9cada, consolidou-se como refer\u00eancia no cen\u00e1rio da m\u00fasica oper\u00edstica. Com um repert\u00f3rio que transita entre a m\u00fasica de concerto e a m\u00fasica de c\u00e2mara, o grupo se destaca pela versatilidade e pela qualidade art\u00edstica. O CSJG tem chamado aten\u00e7\u00e3o em n\u00edvel nacional e internacional, tanto pelo repert\u00f3rio diversificado quanto pelo papel fundamental que exerce na forma\u00e7\u00e3o musical de jovens talentos goianos, contribuindo para a difus\u00e3o da cultura em Goi\u00e1s e no Brasil.<\/p>\n\n\n\n<p>A Escola do Futuro de Goi\u00e1s em Artes Basileu Fran\u00e7a \u00e9 uma institui\u00e7\u00e3o p\u00fablica vinculada \u00e0 Secretaria de Ci\u00eancia, Tecnologia e Inova\u00e7\u00e3o (SECTI), do Governo de Goi\u00e1s, e desde 2021 \u00e9 gerida pelo Centro de Educa\u00e7\u00e3o, Trabalho e Tecnologia (CETT), da Universidade Federal de Goi\u00e1s.<\/p>\n\n\n\n<p><strong>Servi\u00e7o<\/strong><\/p>\n\n\n\n<p>Assunto: \u201cConcerto de Canto: Cenas Brasileiras\u201d com Coro Sinf\u00f4nico Jovem de Goi\u00e1s<\/p>\n\n\n\n<p>Quando: Domingo (19\/10), \u00e0s 11h<\/p>\n\n\n\n<p>Onde: Teatro Escola Basileu Fran\u00e7a \u2013 Avenida Universit\u00e1ria, n\u00ba 1.750, St. Leste Universit\u00e1rio, Goi\u00e2nia (GO), com entrada gratuita<\/p>\n\n\n\n<p>Fotos: Cinthia Oliveira<\/p>\n\n\n\n<p>Legenda: Coro Sinf\u00f4nico Jovem de Goi\u00e1s da Escola do Futuro em Artes Basileu Fran\u00e7a realiza mais uma edi\u00e7\u00e3o do tradicional Concerto de Canto<\/p>\n\n\n\n<p><strong>Secretaria de Ci\u00eancia, Tecnologia e Inova\u00e7\u00e3o \u2013 Governo de Goi\u00e1s<\/strong><\/p>\n","protected":false},"excerpt":{"rendered":"<p>Com o tema \u201cCenas Brasileiras\u201d, o grupo sinf\u00f4nico do Basileu Fran\u00e7a convida o p\u00fablico para viver uma imers\u00e3o na cultura nacional, neste domingo (19\/10), com m\u00fasicas que celebram a identidade brasileira O Coro Sinf\u00f4nico Jovem de Goi\u00e1s (CSJG) da Escola do Futuro em Artes Basileu Fran\u00e7a realiza, neste domingo (19\/10), \u00e0s 11h, mais uma edi\u00e7\u00e3o [&hellip;]<\/p>\n","protected":false},"author":331,"featured_media":97833,"comment_status":"closed","ping_status":"open","sticky":false,"template":"","format":"standard","meta":{"footnotes":""},"categories":[80],"tags":[369,181,509],"class_list":["post-97820","post","type-post","status-publish","format-standard","has-post-thumbnail","hentry","category-noticias","tag-apresentacao-gratuita","tag-basileu-franca","tag-concerto-de-canto"],"rttpg_featured_image_url":{"full":["https:\/\/goias.gov.br\/inovacao\/wp-content\/uploads\/sites\/26\/2025\/10\/WhatsApp-Image-2025-10-17-at-07.18.32.jpeg",2560,1440,false],"landscape":["https:\/\/goias.gov.br\/inovacao\/wp-content\/uploads\/sites\/26\/2025\/10\/WhatsApp-Image-2025-10-17-at-07.18.32.jpeg",2560,1440,false],"portraits":["https:\/\/goias.gov.br\/inovacao\/wp-content\/uploads\/sites\/26\/2025\/10\/WhatsApp-Image-2025-10-17-at-07.18.32.jpeg",2560,1440,false],"thumbnail":["https:\/\/goias.gov.br\/inovacao\/wp-content\/uploads\/sites\/26\/2025\/10\/WhatsApp-Image-2025-10-17-at-07.18.32-150x150.jpeg",150,150,true],"medium":["https:\/\/goias.gov.br\/inovacao\/wp-content\/uploads\/sites\/26\/2025\/10\/WhatsApp-Image-2025-10-17-at-07.18.32-300x169.jpeg",300,169,true],"large":["https:\/\/goias.gov.br\/inovacao\/wp-content\/uploads\/sites\/26\/2025\/10\/WhatsApp-Image-2025-10-17-at-07.18.32-1024x576.jpeg",1024,576,true],"1536x1536":["https:\/\/goias.gov.br\/inovacao\/wp-content\/uploads\/sites\/26\/2025\/10\/WhatsApp-Image-2025-10-17-at-07.18.32-1536x864.jpeg",1536,864,true],"2048x2048":["https:\/\/goias.gov.br\/inovacao\/wp-content\/uploads\/sites\/26\/2025\/10\/WhatsApp-Image-2025-10-17-at-07.18.32-2048x1152.jpeg",2048,1152,true]},"rttpg_author":{"display_name":"divinarosa","author_link":"https:\/\/goias.gov.br\/inovacao\/author\/divinarosa\/"},"rttpg_comment":0,"rttpg_category":"<a href=\"https:\/\/goias.gov.br\/inovacao\/categoria\/noticias\/\" rel=\"category tag\">Not\u00edcias<\/a>","rttpg_excerpt":"Com o tema \u201cCenas Brasileiras\u201d, o grupo sinf\u00f4nico do Basileu Fran\u00e7a convida o p\u00fablico para viver uma imers\u00e3o na cultura nacional, neste domingo (19\/10), com m\u00fasicas que celebram a identidade brasileira O Coro Sinf\u00f4nico Jovem de Goi\u00e1s (CSJG) da Escola do Futuro em Artes Basileu Fran\u00e7a realiza, neste domingo (19\/10), \u00e0s 11h, mais uma edi\u00e7\u00e3o&hellip;","_links":{"self":[{"href":"https:\/\/goias.gov.br\/inovacao\/wp-json\/wp\/v2\/posts\/97820","targetHints":{"allow":["GET"]}}],"collection":[{"href":"https:\/\/goias.gov.br\/inovacao\/wp-json\/wp\/v2\/posts"}],"about":[{"href":"https:\/\/goias.gov.br\/inovacao\/wp-json\/wp\/v2\/types\/post"}],"author":[{"embeddable":true,"href":"https:\/\/goias.gov.br\/inovacao\/wp-json\/wp\/v2\/users\/331"}],"replies":[{"embeddable":true,"href":"https:\/\/goias.gov.br\/inovacao\/wp-json\/wp\/v2\/comments?post=97820"}],"version-history":[{"count":1,"href":"https:\/\/goias.gov.br\/inovacao\/wp-json\/wp\/v2\/posts\/97820\/revisions"}],"predecessor-version":[{"id":97838,"href":"https:\/\/goias.gov.br\/inovacao\/wp-json\/wp\/v2\/posts\/97820\/revisions\/97838"}],"wp:featuredmedia":[{"embeddable":true,"href":"https:\/\/goias.gov.br\/inovacao\/wp-json\/wp\/v2\/media\/97833"}],"wp:attachment":[{"href":"https:\/\/goias.gov.br\/inovacao\/wp-json\/wp\/v2\/media?parent=97820"}],"wp:term":[{"taxonomy":"category","embeddable":true,"href":"https:\/\/goias.gov.br\/inovacao\/wp-json\/wp\/v2\/categories?post=97820"},{"taxonomy":"post_tag","embeddable":true,"href":"https:\/\/goias.gov.br\/inovacao\/wp-json\/wp\/v2\/tags?post=97820"}],"curies":[{"name":"wp","href":"https:\/\/api.w.org\/{rel}","templated":true}]}}