

{"id":78047,"date":"2025-06-16T09:41:22","date_gmt":"2025-06-16T12:41:22","guid":{"rendered":"https:\/\/goias.gov.br\/inovacao\/?p=78047"},"modified":"2025-06-16T09:41:25","modified_gmt":"2025-06-16T12:41:25","slug":"jovens-musicos-goianos-fazem-apresentacao-gratuita-no-teatro-basileu-franca","status":"publish","type":"post","link":"https:\/\/goias.gov.br\/inovacao\/jovens-musicos-goianos-fazem-apresentacao-gratuita-no-teatro-basileu-franca\/","title":{"rendered":"Jovens m\u00fasicos goianos fazem apresenta\u00e7\u00e3o gratuita no Teatro Basileu Fran\u00e7a"},"content":{"rendered":"\n<p>Concerto das Orquestras Infantil Mozart e Sinf\u00f4nica Pedro Ludovico Teixeira ser\u00e1 realizado na quarta-feira (18\/6), \u00e0s 20h, com entrada gratuita<\/p>\n\n\n\n<p>As Orquestras Infantil Mozart e Sinf\u00f4nica Pedro Ludovico Teixeira apresentam o concerto \u201cJovens Solistas\u201d, no dia 18 de junho, \u00e0s 20h, no Teatro Escola Basileu Fran\u00e7a. As duas orquestras infanto-juvenis da Escola do Futuro de Goi\u00e1s em Artes Basileu Fran\u00e7a v\u00e3o encantar o p\u00fablico com um repert\u00f3rio repleto de beleza, colocando em evid\u00eancia o talento de dois jovens m\u00fasicos goianos. A apresenta\u00e7\u00e3o ser\u00e1 regida pelos maestros Tiago Biscaro e Erick F\u00e9lix, e tem entrada gratuita.<\/p>\n\n\n\n<p>Os dois jovens solistas goianos, que t\u00eam se destacado no cen\u00e1rio nacional, s\u00e3o Melina Marin e Daniel Alves. Melina \u00e9 uma pianista mirim que, apesar de ter apenas seis anos de idade, tem maturidade art\u00edstica e sensibilidade musical, tendo sido premiada em diversos concursos. Daniel \u00e9 violinista da Orquestra Sinf\u00f4nica Jovem de Goi\u00e1s e j\u00e1 se apresentou na Alemanha, \u00c1ustria, Hungria e Fran\u00e7a.<\/p>\n\n\n\n<p>Na primeira parte do concerto, a Orquestra Infantil Mozart apresenta o Concertino para Piano em D\u00f3 Maior, de Joseph Haydn, que ter\u00e1 Melina como solista e \u00e9 uma obra leve e elegante, representando bem o estilo cl\u00e1ssico com sua clareza formal, frases equilibradas e esp\u00edrito galante. Posteriormente, Mozart executa o arranjo de O Trenzinho do Caipira, de Heitor Villa-Lobos, que evoca com criatividade a mistura de som erudito e elementos populares brasileiros.<\/p>\n\n\n\n<p>Por fim, Asa Branca, de Luiz Gonzaga e Humberto Teixeira, que \u00e9 um hino nordestino, com melodia comovente e letra forte. Juntas, essas tr\u00eas obras tra\u00e7am um arco que vai do classicismo europeu ao cora\u00e7\u00e3o do Brasil profundo, unindo sofistica\u00e7\u00e3o, lirismo e identidade cultural.<\/p>\n\n\n\n<p>Em seguida, a Orquestra Pedro Ludovico sobe ao palco para apresentar duas pe\u00e7as para violino solo e orquestra: a vibrante Czardas, do compositor italiano Vittorio Monti, pe\u00e7a que mistura lirismo e virtuosismo em um espet\u00e1culo de ritmos ciganos, e Medita\u00e7\u00e3o de Tha\u00eds, do franc\u00eas Jules Massenet, prometendo momentos de profunda sensibilidade e express\u00e3o musical. As duas v\u00e3o ter Daniel Alves como solista.<\/p>\n\n\n\n<p>Para encerrar a noite em grande estilo, a orquestra executa a envolvente Su\u00edte n\u00ba 1 da \u00f3pera Carmen, do consagrado compositor Georges Bizet. Uma sele\u00e7\u00e3o de trechos da ic\u00f4nica \u00f3pera que une drama, paix\u00e3o e intensidade em uma das obras mais populares do repert\u00f3rio sinf\u00f4nico.<\/p>\n\n\n\n<p>As orquestras Infantil Mozart e Sinf\u00f4nica Pedro Ludovico Teixeira fazem parte dos grupos sinf\u00f4nicos da Escola do Futuro de Goi\u00e1s em Artes Basileu Fran\u00e7a, unidade p\u00fablica de forma\u00e7\u00e3o art\u00edstica ligada \u00e0 Secretaria de Ci\u00eancia, Tecnologia e Inova\u00e7\u00e3o (Secti), e gerida, sob conv\u00eanio, pela Universidade Federal de Goi\u00e1s, via Centro de Educa\u00e7\u00e3o, Trabalho e Tecnologia (CETT\/UFG).<\/p>\n\n\n\n<p>Fotos: Secti<\/p>\n\n\n\n<p>Legenda: Orquestras infanto-juvenis da Escola do Futuro de Goi\u00e1s em Artes Basileu Fran\u00e7a prometem encantar o p\u00fablico com um repert\u00f3rio repleto de beleza<\/p>\n\n\n\n<p><strong>Secretaria de Ci\u00eancia, Tecnologia e Inova\u00e7\u00e3o \u2013 Governo de Goi\u00e1s<\/strong><\/p>\n","protected":false},"excerpt":{"rendered":"<p>Concerto das Orquestras Infantil Mozart e Sinf\u00f4nica Pedro Ludovico Teixeira ser\u00e1 realizado na quarta-feira (18\/6), \u00e0s 20h, com entrada gratuita As Orquestras Infantil Mozart e Sinf\u00f4nica Pedro Ludovico Teixeira apresentam o concerto \u201cJovens Solistas\u201d, no dia 18 de junho, \u00e0s 20h, no Teatro Escola Basileu Fran\u00e7a. As duas orquestras infanto-juvenis da Escola do Futuro de [&hellip;]<\/p>\n","protected":false},"author":331,"featured_media":78054,"comment_status":"closed","ping_status":"open","sticky":false,"template":"","format":"standard","meta":{"footnotes":""},"categories":[80],"tags":[181,268,394],"class_list":["post-78047","post","type-post","status-publish","format-standard","has-post-thumbnail","hentry","category-noticias","tag-basileu-franca","tag-concerto-gratuito","tag-orquestra-infantil"],"rttpg_featured_image_url":{"full":["https:\/\/goias.gov.br\/inovacao\/wp-content\/uploads\/sites\/26\/2025\/06\/WhatsApp-Image-2025-06-16-at-09.37.39.jpeg",877,585,false],"landscape":["https:\/\/goias.gov.br\/inovacao\/wp-content\/uploads\/sites\/26\/2025\/06\/WhatsApp-Image-2025-06-16-at-09.37.39.jpeg",877,585,false],"portraits":["https:\/\/goias.gov.br\/inovacao\/wp-content\/uploads\/sites\/26\/2025\/06\/WhatsApp-Image-2025-06-16-at-09.37.39.jpeg",877,585,false],"thumbnail":["https:\/\/goias.gov.br\/inovacao\/wp-content\/uploads\/sites\/26\/2025\/06\/WhatsApp-Image-2025-06-16-at-09.37.39-150x150.jpeg",150,150,true],"medium":["https:\/\/goias.gov.br\/inovacao\/wp-content\/uploads\/sites\/26\/2025\/06\/WhatsApp-Image-2025-06-16-at-09.37.39-300x200.jpeg",300,200,true],"large":["https:\/\/goias.gov.br\/inovacao\/wp-content\/uploads\/sites\/26\/2025\/06\/WhatsApp-Image-2025-06-16-at-09.37.39.jpeg",877,585,false],"1536x1536":["https:\/\/goias.gov.br\/inovacao\/wp-content\/uploads\/sites\/26\/2025\/06\/WhatsApp-Image-2025-06-16-at-09.37.39.jpeg",877,585,false],"2048x2048":["https:\/\/goias.gov.br\/inovacao\/wp-content\/uploads\/sites\/26\/2025\/06\/WhatsApp-Image-2025-06-16-at-09.37.39.jpeg",877,585,false]},"rttpg_author":{"display_name":"divinarosa","author_link":"https:\/\/goias.gov.br\/inovacao\/author\/divinarosa\/"},"rttpg_comment":0,"rttpg_category":"<a href=\"https:\/\/goias.gov.br\/inovacao\/categoria\/noticias\/\" rel=\"category tag\">Not\u00edcias<\/a>","rttpg_excerpt":"Concerto das Orquestras Infantil Mozart e Sinf\u00f4nica Pedro Ludovico Teixeira ser\u00e1 realizado na quarta-feira (18\/6), \u00e0s 20h, com entrada gratuita As Orquestras Infantil Mozart e Sinf\u00f4nica Pedro Ludovico Teixeira apresentam o concerto \u201cJovens Solistas\u201d, no dia 18 de junho, \u00e0s 20h, no Teatro Escola Basileu Fran\u00e7a. As duas orquestras infanto-juvenis da Escola do Futuro de&hellip;","_links":{"self":[{"href":"https:\/\/goias.gov.br\/inovacao\/wp-json\/wp\/v2\/posts\/78047","targetHints":{"allow":["GET"]}}],"collection":[{"href":"https:\/\/goias.gov.br\/inovacao\/wp-json\/wp\/v2\/posts"}],"about":[{"href":"https:\/\/goias.gov.br\/inovacao\/wp-json\/wp\/v2\/types\/post"}],"author":[{"embeddable":true,"href":"https:\/\/goias.gov.br\/inovacao\/wp-json\/wp\/v2\/users\/331"}],"replies":[{"embeddable":true,"href":"https:\/\/goias.gov.br\/inovacao\/wp-json\/wp\/v2\/comments?post=78047"}],"version-history":[{"count":1,"href":"https:\/\/goias.gov.br\/inovacao\/wp-json\/wp\/v2\/posts\/78047\/revisions"}],"predecessor-version":[{"id":78061,"href":"https:\/\/goias.gov.br\/inovacao\/wp-json\/wp\/v2\/posts\/78047\/revisions\/78061"}],"wp:featuredmedia":[{"embeddable":true,"href":"https:\/\/goias.gov.br\/inovacao\/wp-json\/wp\/v2\/media\/78054"}],"wp:attachment":[{"href":"https:\/\/goias.gov.br\/inovacao\/wp-json\/wp\/v2\/media?parent=78047"}],"wp:term":[{"taxonomy":"category","embeddable":true,"href":"https:\/\/goias.gov.br\/inovacao\/wp-json\/wp\/v2\/categories?post=78047"},{"taxonomy":"post_tag","embeddable":true,"href":"https:\/\/goias.gov.br\/inovacao\/wp-json\/wp\/v2\/tags?post=78047"}],"curies":[{"name":"wp","href":"https:\/\/api.w.org\/{rel}","templated":true}]}}