

{"id":40651,"date":"2024-06-07T15:32:44","date_gmt":"2024-06-07T18:32:44","guid":{"rendered":"https:\/\/goias.gov.br\/inovacao\/?p=40651"},"modified":"2025-12-04T11:05:35","modified_gmt":"2025-12-04T14:05:35","slug":"acordos-sem-transferencia-de-recursos","status":"publish","type":"post","link":"https:\/\/goias.gov.br\/inovacao\/acordos-sem-transferencia-de-recursos\/","title":{"rendered":"Acordos sem Transfer\u00eancia de Recursos"},"content":{"rendered":"\n<table class=\"planilhaview display\" style=\"width:100%\"><thead><tr><th>N\u00ba PROCESSO<\/th><th>PART\u00cdCIPES<\/th><th>CNPJ<\/th><th>Tipo da Parceria<\/th><th>N\u00ba\/ANO<\/th><th>OBJETO <\/th><th>IN\u00cdCIO DA VIG\u00caNCIA<\/th><th>T\u00c9RMINO DA VIG\u00caNCIA<\/th><th>INTEIRO TEOR<\/th><\/tr><tr><th><input type=\"text\" placeholder=\"Filtrar N\u00ba PROCESSO\"><\/th><th><input type=\"text\" placeholder=\"Filtrar PART\u00cdCIPES\"><\/th><th><input type=\"text\" placeholder=\"Filtrar CNPJ\"><\/th><th><input type=\"text\" placeholder=\"Filtrar Tipo da Parceria\"><\/th><th><input type=\"text\" placeholder=\"Filtrar N\u00ba\/ANO\"><\/th><th><input type=\"text\" placeholder=\"Filtrar OBJETO \"><\/th><th><input type=\"text\" placeholder=\"Filtrar IN\u00cdCIO DA VIG\u00caNCIA\"><\/th><th><input type=\"text\" placeholder=\"Filtrar T\u00c9RMINO DA VIG\u00caNCIA\"><\/th><th><input type=\"text\" placeholder=\"Filtrar INTEIRO TEOR\"><\/th><\/tr><\/thead><tbody><tr><td style=\"color: #000000; background-color: #FFFFFF;\">202514304002002<\/td><td style=\"color: #000000; background-color: #FFFFFF;\">Secretaria de Estado de Ci\u00eancia, Tecnologia e Inova\u00e7\u00e3o (SECTI);\nFunda\u00e7\u00e3o de Amparo \u00e0 Pesquisa do Estado de Goi\u00e1s (FAPEG);\nInstituto Trajet\u00f3rias;                         <\/td><td style=\"color: #000000; background-color: #FFFFFF;\">n\u00ba 21.652.711\/0001-10<br \/>\nn\u00ba  08.156.102\/0001-02<br \/>\nn\u00ba 62.638.858\/0001-33<\/td><td style=\"color: #000000; background-color: #FFFFFF;\">Acordo de Coopera\u00e7\u00e3o T\u00e9cnica<\/td><td style=\"color: #000000; background-color: #FFFFFF;\">02\/2025<\/td><td style=\"color: #000000; background-color: #FFFFFF;\">Este Acordo de Coopera\u00e7\u00e3o T\u00e9cnica trata da prepara\u00e7\u00e3o, sele\u00e7\u00e3o, possibilidade de financiamento e acompanhamento de integrantes do projeto Goi\u00e1s pelo Mundo \u2013 Mestrado Internacional, projeto que promove a realiza\u00e7\u00e3o de mestrado pleno, especialmente o mestrado profissional, em universidades estrangeiras de execel\u00eancia, por estudantes goianos de alto desempenho.  \n\nS\u00e3o objetivos do Goi\u00e1s pelo Mundo \u2013 Mestrado Internacional: \n\na) Democratizar as oportunidades de acesso ao mestrado no exterior, especialmente o mestrado profissional, em universidades de excel\u00eancia, aos cidad\u00e3os do Estado de Goi\u00e1s; \n\nb) Incentivar estudantes, pesquisadores, especialistas e institui\u00e7\u00f5es, brasileiras e estrangeiras, para o desenvolvimento de pesquisas, de solu\u00e7\u00f5es e de capital humano especializado voltados ao enfrentamento de desafios globais e regionais, na tentativa da diminui\u00e7\u00e3o das desigualdades econ\u00f4micas, sociais e educacionais; \n\nc) Apoiar, por meio de coopera\u00e7\u00e3o interinstitucional, a identifica\u00e7\u00e3o, prepara\u00e7\u00e3o, sele\u00e7\u00e3o e envio de graduados para a realiza\u00e7\u00e3o de mestrado em institui\u00e7\u00f5es de refer\u00eancia no exterior; \n\nd) Promover a\u00e7\u00f5es de reintegra\u00e7\u00e3o acad\u00eamica e profissional dos egressos do Goi\u00e1s pelo Mundo \u2013 Mestrado Internacional ao estado, com foco no impacto regional e local, como forma de retribui\u00e7\u00e3o ao investimento realizado; \n\ne) Viabilizar a concess\u00e3o de benef\u00edcios e outras formas de apoio e financiamento, conforme disponibilidade or\u00e7ament\u00e1ria e regulamenta\u00e7\u00e3o institucional, aos participantes do projeto. Tais concess\u00f5es, todavia, dever\u00e3o, obrigatoriamente, serem tratadas em instrumento jur\u00eddico pr\u00f3prio; \n\nf) Preparar para o mercado de trabalho profissionais de alto n\u00edvel, com capacidades t\u00e9cnicas e de pesquisa diferenciados;\n\ng) Outras atividades acordadas pelos PART\u00cdCIPES. <\/td><td style=\"color: #000000; background-color: #FFFFFF;\">25\/11\/2025<\/td><td style=\"color: #000000; background-color: #FFFFFF;\">24\/11\/2030<\/td><td style=\"color: #0563C1; background-color: #FFFFFF;text-decoration: underline;\"><a href=\"https:\/\/goias.gov.br\/inovacao\/wp-content\/uploads\/sites\/26\/2025\/11\/ACT-FAPEG.pdf\" target=\"_blank\">ABRIR<\/a><\/td><\/tr><tr><td style=\"color: #000000; background-color: #FFFFFF;\">202514304000621<\/td><td style=\"color: #000000; background-color: #FFFFFF;\">Secretaria de Estado de Ci\u00eancia, Tecnologia e Inova\u00e7\u00e3o (SECTI);\nSecretaria de Estado da Administra\u00e7\u00e3o (SEAD)<\/td><td style=\"color: #000000; background-color: #FFFFFF;\">n\u00ba 21.652.711\/0001-10<br \/>\nn\u00ba 02.476.034\/0001-82<\/td><td style=\"color: #000000; background-color: #FFFFFF;\">Termo de Coopera\u00e7\u00e3o T\u00e9cnica<\/td><td style=\"color: #000000; background-color: #FFFFFF;\">06\/2025<\/td><td style=\"color: #000000; background-color: #FFFFFF;\">A conjuga\u00e7\u00e3o de esfor\u00e7os para o desenvolvimento do 2\u00ba Ciclo do Programa de Inova\u00e7\u00e3o Aberta - GOVTECH, com o prop\u00f3sito de buscar solu\u00e7\u00f5es inovadoras para desafios p\u00fablicos e fomentar o desenvolvimento tecnol\u00f3gico do Estado de Goi\u00e1s. Ser\u00e3o oferecidos todo o suporte durante o programa, como orienta\u00e7\u00e3o e capacita\u00e7\u00e3o e ser\u00e3o mobilizadas startups, empresas e institui\u00e7\u00f5es de ensino e pesquisa aptas a desenvolver solu\u00e7\u00f5es inovadoras n\u00e3o dispon\u00edveis no mercado, cuja contrata\u00e7\u00e3o n\u00e3o seria viabilizada por meio dos instrumentos tradicionais de aquisi\u00e7\u00e3o p\u00fablica. <\/td><td style=\"color: #000000; background-color: #FFFFFF;\">09\/09\/2025<\/td><td style=\"color: #000000; background-color: #FFFFFF;\">08\/09\/2027<\/td><td style=\"color: #0563C1; background-color: #FFFFFF;text-decoration: underline;\"><a href=\"https:\/\/goias.gov.br\/inovacao\/wp-content\/uploads\/sites\/26\/2025\/09\/TCT-SEAD.pdf\" target=\"_blank\">ABRIR<\/a><\/td><\/tr><tr><td style=\"color: #000000; background-color: #FFFFFF;\">202514304000319<\/td><td style=\"color: #000000; background-color: #FFFFFF;\">Secretaria de Estado de Ci\u00eancia, Tecnologia e Inova\u00e7\u00e3o (SECTI);\nInstituto Gerando Falc\u00f5es (IGF)<\/td><td style=\"color: #000000; background-color: #FFFFFF;\">n\u00ba 21.652.711\/0001-10<br \/>\nn\u00ba 18.463.148\/0001-28\n<\/td><td style=\"color: #000000; background-color: #FFFFFF;\">Acordo de Coopera\u00e7\u00e3o T\u00e9cnica<\/td><td style=\"color: #000000; background-color: #FFFFFF;\">01\/2025<\/td><td style=\"color: #000000; background-color: #FFFFFF;\">Conjuga\u00e7\u00e3o de esfor\u00e7os para desenvolver iniciativa sist\u00eamica e integrada de transforma\u00e7\u00e3o social de territ\u00f3rio vulner\u00e1vel, mediante articula\u00e7\u00e3o pol\u00edtica para o desenvolvimento e oferta de pol\u00edticas p\u00fablicas que visem a provis\u00e3o de moradia digna, desenvolvimento urbano e socioecon\u00f4mico em benef\u00edcio dos moradores do Residencial JK, em Goi\u00e2nia, Estado de Goi\u00e1s.<\/td><td style=\"color: #000000; background-color: #FFFFFF;\">03\/07\/2025<\/td><td style=\"color: #000000; background-color: #FFFFFF;\">03\/07\/2027<\/td><td style=\"color: #0563C1; background-color: #FFFFFF;text-decoration: underline;\"><a href=\"https:\/\/goias.gov.br\/inovacao\/wp-content\/uploads\/sites\/26\/2025\/08\/ACT-INSTITUTO-GERANDO-FALCOES.pdf\" target=\"_blank\">ABRIR<\/a><\/td><\/tr><tr><td style=\"color: #000000; background-color: #FFFFFF;\">202514304000899<\/td><td style=\"color: #000000; background-color: #FFFFFF;\">Secretaria de Estado de Ci\u00eancia, Tecnologia e Inova\u00e7\u00e3o (SECTI);\nUniversidade Federal de Goi\u00e1s (UFG), por meio do Centro de Excel\u00eancia em Intelig\u00eancia Artificinal (CEIA)<\/td><td style=\"color: #000000; background-color: #FFFFFF;\">n\u00ba 21.652.711\/0001-10<br \/>\nn\u00ba 01.567.601\/0001-43<\/td><td style=\"color: #000000; background-color: #FFFFFF;\">Termo de Coopera\u00e7\u00e3o T\u00e9cnica<\/td><td style=\"color: #000000; background-color: #FFFFFF;\">04\/2025<\/td><td style=\"color: #000000; background-color: #FFFFFF;\">Promo\u00e7\u00e3o pelos signat\u00e1rios de a\u00e7\u00f5es de fomento \u00e0 uma educa\u00e7\u00e3o ol\u00edmpica nas escolas de Goi\u00e1s com vistas a fortalecer a qualidade da educa\u00e7\u00e3o p\u00fablica do estado, aumentar o acesso \u00e0 novas tecnologias, identificar e reconhecer talentos nas \u00e1reas de STEM, al\u00e9m de incentivar carreiras em tecnologia para os estudantes goianos, impulsionando tamb\u00e9m as meninas nessas carreiras.<\/td><td style=\"color: #000000; background-color: #FFFFFF;\">22\/07\/2025<\/td><td style=\"color: #000000; background-color: #FFFFFF;\">22\/05\/2026<\/td><td style=\"color: #0563C1; background-color: #FFFFFF;text-decoration: underline;\"><a href=\"https:\/\/goias.gov.br\/inovacao\/wp-content\/uploads\/sites\/26\/2025\/08\/TCT-UFG.pdf\" target=\"_blank\">ABRIR<\/a><\/td><\/tr><tr><td style=\"color: #000000; background-color: #FFFFFF;\">202414304001393<\/td><td style=\"color: #000000; background-color: #FFFFFF;\">Secretaria de Estado de Ci\u00eancia, Tecnologia e Inova\u00e7\u00e3o (SECTI);\nMunic\u00edpio de Rio Verde<\/td><td style=\"color: #000000; background-color: #FFFFFF;\">n\u00ba 21.652.711\/0001-10<br \/>\nn\u00ba 02.056.729\/0001-05<\/td><td style=\"color: #000000; background-color: #FFFFFF;\">Termo de Coopera\u00e7\u00e3o T\u00e9cnica<\/td><td style=\"color: #000000; background-color: #FFFFFF;\">02\/2025<\/td><td style=\"color: #000000; background-color: #FFFFFF;\">Coopera\u00e7\u00e3o m\u00fatua entre as Partes para o alcance do fim comum de se implantar uma unidade de empreendimento inovador, no Munic\u00edpio de Rio Verde\/GO, capaz de abrigar a extens\u00e3o das a\u00e7\u00f5es estrat\u00e9gicas do programa executado pelo Centro de Excel\u00eancia em Empreendedorismo Inovador (CEEI Hub Goi\u00e1s) da SECTI, considerando que o intuito do referido programa \u00e9 o desenvolvimento do ecossistema de inova\u00e7\u00e3o do Estado de Goi\u00e1s todo, n\u00e3o ficando restrito apenas a Capital, de maneira a concretizar o papel do CEEI Hub Goi\u00e1s como um centro de opera\u00e7\u00f5es em inova\u00e7\u00e3o, conforme o Termo de Colabora\u00e7\u00e3o n\u00ba 01\/2023-SECTI <\/td><td style=\"color: #000000; background-color: #FFFFFF;\">30\/05\/2025<\/td><td style=\"color: #000000; background-color: #FFFFFF;\">29\/05\/2026<\/td><td style=\"color: #0563C1; background-color: #FFFFFF;text-decoration: underline;\"><a href=\"https:\/\/goias.gov.br\/inovacao\/wp-content\/uploads\/sites\/26\/2025\/08\/Termo-de-Cooperacao-RIO-VERDE.pdf\" target=\"_blank\">ABRIR<\/a><\/td><\/tr><tr><td style=\"color: #000000; background-color: #FFFFFF;\">202414304001291<\/td><td style=\"color: #000000; background-color: #FFFFFF;\">Secretaria de Estado de Ci\u00eancia, Tecnologia e Inova\u00e7\u00e3o (SECTI);\nSecretaria de Estado da Infraestrutura (SEINFRA)<\/td><td style=\"color: #000000; background-color: #FFFFFF;\">n\u00ba 21.652.711\/0001-10<br \/>\nn\u00ba 49.766.106\/0001-90<\/td><td style=\"color: #000000; background-color: #FFFFFF;\">Termo de Coopera\u00e7\u00e3o T\u00e9cnica<\/td><td style=\"color: #000000; background-color: #FFFFFF;\">02\/2025<\/td><td style=\"color: #000000; background-color: #FFFFFF;\">Assessoria t\u00e9cnica na an\u00e1lise e valida\u00e7\u00e3o dos projetos b\u00e1sico e executivo elaborados pela empresa contratada ERPRO, para a constru\u00e7\u00e3o da nova unidade da Escola do Futuro em Artes Basileu Fran\u00e7a no munic\u00edpio de Jaragu\u00e1\/GO.<\/td><td style=\"color: #000000; background-color: #FFFFFF;\">30\/05\/2025<\/td><td style=\"color: #000000; background-color: #FFFFFF;\">31\/12\/2026<\/td><td style=\"color: #0563C1; background-color: #FFFFFF;text-decoration: underline;\"><a href=\"https:\/\/goias.gov.br\/inovacao\/wp-content\/uploads\/sites\/26\/2025\/08\/Termo-de-Cooperacao-Tecnica-SEINFRA.pdf\" target=\"_blank\">ABRIR<\/a><\/td><\/tr><tr><td style=\"color: #000000; background-color: #FFFFFF;\">202414304001037<\/td><td style=\"color: #000000; background-color: #FFFFFF;\">Secretaria de Estado de Ci\u00eancia, Tecnologia e Inova\u00e7\u00e3o (SECTI);\nOrganiza\u00e7\u00e3o das Volunt\u00e1rias de Goi\u00e1s (OVG)<\/td><td style=\"color: #000000; background-color: #FFFFFF;\">n\u00ba 21.652.711\/0001-10<br \/>\nn\u00ba 02.106.664\/0001-65<\/td><td style=\"color: #000000; background-color: #FFFFFF;\">Acordo de Coopera\u00e7\u00e3o T\u00e9cnica<\/td><td style=\"color: #000000; background-color: #FFFFFF;\">05\/2024<\/td><td style=\"color: #000000; background-color: #FFFFFF;\">Oferta, execu\u00e7\u00e3o, acompanhamento e certifica\u00e7\u00e3o, pela SECTI, de a\u00e7\u00f5es, oficinas e cursos gratuitos, cujo objetivo \u00e9 fomentar o protagonismo juvenil e facilitar a integra\u00e7\u00e3o e promo\u00e7\u00e3o ao mundo do trabalho, de acordo com a Constitui\u00e7\u00e3o Federal (Art. 203, Inciso III e Art. 214, Inciso IV), Resolu\u00e7\u00e3o N\u00ba 33\/2011 CNAS e  Lei Federal N\u00ba 8.069\/90 (Estatuto da Crian\u00e7a e do Adolescente - ECA) e \u00e0 inclus\u00e3o digital para benefici\u00e1rios de programas sociais da OVG em especial a pessoa idosa, em concord\u00e2ncia com o artigo 20, \u00a71 da Lei Federal N\u00ba 10.741\/2003 (Estatuto da Pessoa Idosa)<\/td><td style=\"color: #000000; background-color: #FFFFFF;\">10\/01\/2025<\/td><td style=\"color: #000000; background-color: #FFFFFF;\">09\/01\/2027<\/td><td style=\"color: #0563C1; background-color: #FFFFFF;text-decoration: underline;\"><a href=\"https:\/\/goias.gov.br\/inovacao\/wp-content\/uploads\/sites\/26\/2025\/08\/Acordo-de-Cooperacao-OVG.pdf\" target=\"_blank\">ABRIR<\/a><\/td><\/tr><tr><td style=\"color: #000000; background-color: #FFFFFF;\">202314304002337<\/td><td style=\"color: #000000; background-color: #FFFFFF;\">Secretaria de Estado de Ci\u00eancia, Tecnologia e Inova\u00e7\u00e3o (SECTI);\nAssocia\u00e7\u00e3o Conselho Brit\u00e2nico<\/td><td style=\"color: #000000; background-color: #FFFFFF;\">n\u00ba 21.652.711\/0001-10<br \/>\nn\u00ba 19.783.812\/0001-89<\/td><td style=\"color: #000000; background-color: #FFFFFF;\">Acordo de Coopera\u00e7\u00e3o T\u00e9cnica<\/td><td style=\"color: #000000; background-color: #FFFFFF;\">05\/2024<\/td><td style=\"color: #000000; background-color: #FFFFFF;\">Forma\u00e7\u00e3o de professores das redes p\u00fablicas estadual e municipal de educa\u00e7\u00e3o e das Escolas do Futuro de Goi\u00e1s em pensamento computacional e programa\u00e7\u00e3o. A parceria n\u00e3o prev\u00ea transfer\u00eancia de recursos entre as partes e se expressa no desenvolvimento na escala de um piloto do projeto Codifica+, da Associa\u00e7\u00e3o Conselho Brit\u00e2nico \u2013 ACB, concomitante ao projeto START (Seguir Transformando Atrav\u00e9s da Rob\u00f3tica e Outras Tecnologias), sob responsabilidade da Secretaria de Estado de Ci\u00eancia, Tecnologia e Inova\u00e7\u00e3o de Goi\u00e1s \u2013 SECTI. O objetivo \u00e9 formar at\u00e9 645 professores das etapas Ensino Fundamental Anos Finais e Ensino M\u00e9dio em pensamento computacional e programa\u00e7\u00e3o nos anos de 2024 e 2025. O projeto realizar\u00e1 em 2024 e 2025 a forma\u00e7\u00e3o do m\u00f3dulo b\u00e1sico e avan\u00e7ado do Codifica+. O projeto almeja ainda a sua sustentabilidade atrav\u00e9s da utiliza\u00e7\u00e3o dos laborat\u00f3rios START como Coding Hubs, permitindo a forma\u00e7\u00e3o continuada e a cria\u00e7\u00e3o de comunidades de aprendizagem.<\/td><td style=\"color: #000000; background-color: #FFFFFF;\">20\/12\/2024<\/td><td style=\"color: #000000; background-color: #FFFFFF;\">19\/06\/2026<\/td><td style=\"color: #0563C1; background-color: #FFFFFF;text-decoration: underline;\"><a href=\"https:\/\/goias.gov.br\/inovacao\/wp-content\/uploads\/sites\/26\/2025\/08\/Acordo-de-Cooperacao-ASSOCIACAO-CONSELHO-BRITANICO.pdf\" target=\"_blank\">ABRIR<\/a><\/td><\/tr><tr><td style=\"color: #000000; background-color: #FFFFFF;\">202414304001132<\/td><td style=\"color: #000000; background-color: #FFFFFF;\">Secretaria de Estado de Ci\u00eancia, Tecnologia e Inova\u00e7\u00e3o (SECTI);\nUniversidade Federal de Goi\u00e1s (UFG)<\/td><td style=\"color: #000000; background-color: #FFFFFF;\">n\u00ba 21.652.711\/0001-10<br \/>\nn\u00ba 01.567.601\/0001-43<\/td><td style=\"color: #000000; background-color: #FFFFFF;\">Acordo de Coopera\u00e7\u00e3o T\u00e9cnica<\/td><td style=\"color: #000000; background-color: #FFFFFF;\">06\/2024<\/td><td style=\"color: #000000; background-color: #FFFFFF;\">Execu\u00e7\u00e3o de atividades conjuntas para a promo\u00e7\u00e3o do desenvolvimento do Centro de Excel\u00eancia em Estudos, Monitoramento e Previs\u00f5es Ambientais com foco no crescimento socioecon\u00f4mico sustent\u00e1vel do Cerrado brasileiro (CEMPA-Cerrado); prev\u00ea a troca de informa\u00e7\u00f5es e dados \u00fateis e a realiza\u00e7\u00e3o da governan\u00e7a em conjunto de Projetos de Pesquisa, Desenvolvimento e Inova\u00e7\u00e3o a ser executado nas localidades de compet\u00eancias do estado<\/td><td style=\"color: #000000; background-color: #FFFFFF;\">26\/12\/2024<\/td><td style=\"color: #000000; background-color: #FFFFFF;\">25\/12\/2027<\/td><td style=\"color: #0563C1; background-color: #FFFFFF;text-decoration: underline;\"><a href=\"https:\/\/goias.gov.br\/inovacao\/wp-content\/uploads\/sites\/26\/2025\/08\/ACT-UFG-2024.pdf\" target=\"_blank\">ABRIR<\/a><\/td><\/tr><tr><td style=\"color: #000000; background-color: #FFFFFF;\">202414304001110<\/td><td style=\"color: #000000; background-color: #FFFFFF;\">Secretaria de Estado de Ci\u00eancia, Tecnologia e Inova\u00e7\u00e3o (SECTI);\nSecretaria de Estado de Agricultura, Pecu\u00e1ria e Abastecimento (SEAPA);\nSecretaria de Estado de Meio Ambiente e Desenvolvimento Sustent\u00e1vel (SEMAD)<\/td><td style=\"color: #000000; background-color: #FFFFFF;\">n\u00ba 21.652.711\/0001-10<br \/>\nn\u00ba 32.746.632\/0001-95<br \/>\nn\u00ba 00.638.357\/0001-08<br \/><\/td><td style=\"color: #000000; background-color: #FFFFFF;\">Termo de Coopera\u00e7\u00e3o T\u00e9cnica<\/td><td style=\"color: #000000; background-color: #FFFFFF;\">05\/2024<\/td><td style=\"color: #000000; background-color: #FFFFFF;\">Coopera\u00e7\u00e3o m\u00fatua visando \u00e0 integra\u00e7\u00e3o das atividades de desenho e implementa\u00e7\u00e3o de pol\u00edticas p\u00fablicas e a utiliza\u00e7\u00e3o conjunta da experi\u00eancia e da especializa\u00e7\u00e3o de cada um, em suas respectivas \u00e1reas de atua\u00e7\u00e3o, para execu\u00e7\u00e3o e implementa\u00e7\u00e3o das a\u00e7\u00f5es dividas em tr\u00eas grupos: \"Comercializa\u00e7\u00e3o e Fortalecimento da Agricultura Sustent\u00e1vel\", \"Sustentabilidade e Mudan\u00e7a Clim\u00e1tica\" e \"Pesquisa e Tecnologia para a Sustentabilidade\"<\/td><td style=\"color: #000000; background-color: #FFFFFF;\">02\/12\/2024<\/td><td style=\"color: #000000; background-color: #FFFFFF;\">01\/12\/2026<\/td><td style=\"color: #0563C1; background-color: #FFFFFF;text-decoration: underline;\"><a href=\"https:\/\/goias.gov.br\/inovacao\/wp-content\/uploads\/sites\/26\/2025\/08\/Termo-de-Cooperacao-Tecnica-SEAPA.pdf\" target=\"_blank\">ABRIR<\/a><\/td><\/tr><tr><td style=\"color: #000000; background-color: #FFFFFF;\">202400063001079<\/td><td style=\"color: #000000; background-color: #FFFFFF;\">Secretaria de Estado de Ci\u00eancia, Tecnologia e Inova\u00e7\u00e3o (SECTI);\nAssembleia Legislativa do Estado de Goi\u00e1s;\nProgramando o Futuro<\/td><td style=\"color: #000000; background-color: #FFFFFF;\">n\u00ba 21.652.711\/0001-10<br \/>\nn\u00ba 02.474.419\/0001-00<br \/>\nn\u00ba  05.014.680\/0001-16<br \/><\/td><td style=\"color: #000000; background-color: #FFFFFF;\">Termo de Coopera\u00e7\u00e3o T\u00e9cnica<\/td><td style=\"color: #000000; background-color: #FFFFFF;\">04\/2024<\/td><td style=\"color: #000000; background-color: #FFFFFF;\">Conjuga\u00e7\u00e3o de esfor\u00e7os na busca de solu\u00e7\u00f5es para a coleta, tratamento e destina\u00e7\u00e3o de res\u00edduos eletr\u00f4nicos nas depend\u00eancias da Assembleia Legislativa e a sensibiliza\u00e7\u00e3o da comunidade interna sobre a import\u00e2ncia da destina\u00e7\u00e3o correta desse tipo de material, assim como a instala\u00e7\u00e3o de ponto de entrega volunt\u00e1ria para a coleta de res\u00edduos eletr\u00f4nicos nas depend\u00eancias da Assembleia Legislativa, em colabora\u00e7\u00e3o ao Programa de Recondicionamento de Equipamentos Eletroeletr\u00f4nicos - Sukatech, institu\u00eddo pelo Decreto n\u00ba 9.718, de 24 de setembro de 2020 e operacionalizado por Termo de Colabora\u00e7\u00e3o formalizado pela Secretaria de Estado de Desenvolvimento e Inova\u00e7\u00e3o e organiza\u00e7\u00e3o da sociedade civil, com o intuito de estruturar e operacionalizar um Centro de Recondicionamento e Capacita\u00e7\u00e3o capaz de reciclar e recondicionar res\u00edduos eletroeletr\u00f4ncicos, animar a cadeia produtiva do segmento, capacitar jovens e adolescentes na \u00e1rea e promover a educa\u00e7\u00e3o ambiental<\/td><td style=\"color: #000000; background-color: #FFFFFF;\">15\/10\/2024<\/td><td style=\"color: #000000; background-color: #FFFFFF;\">15\/10\/2026<\/td><td style=\"color: #0563C1; background-color: #FFFFFF;text-decoration: underline;\"><a href=\"https:\/\/goias.gov.br\/inovacao\/wp-content\/uploads\/sites\/26\/2025\/11\/TCT-ADITIVO-ALEGO.pdf\" target=\"_blank\">ABRIR<\/a><\/td><\/tr><tr><td style=\"color: #000000; background-color: #FFFFFF;\">202414304000531<\/td><td style=\"color: #000000; background-color: #FFFFFF;\">Secretaria de Estado de Ci\u00eancia, Tecnologia e Inova\u00e7\u00e3o (SECTI);\nEverest Digital Solu\u00e7\u00f5es em Tecnologia LTDA;\nSoluti Solu\u00e7\u00f5es em Neg\u00f3cios Inteligentes S.A.<\/td><td style=\"color: #000000; background-color: #FFFFFF;\">n\u00ba 21.652.711\/0001-10<br \/>\nn\u00ba 25.050.332\/0001-01<br \/>\nn\u00ba 09.461.647\/0001-95<br \/><\/td><td style=\"color: #000000; background-color: #FFFFFF;\">Termo de Coopera\u00e7\u00e3o T\u00e9cnica<\/td><td style=\"color: #000000; background-color: #FFFFFF;\">03\/2024<\/td><td style=\"color: #000000; background-color: #FFFFFF;\">Implanta\u00e7\u00e3o e implementa\u00e7\u00e3o do Programa de Est\u00e1gio nas Escolas do Futuro do Estado de Goi\u00e1s (EFGs) por meio de parceria entre a Soluti e Everest Digital e a Secretaria de Estado de Ci\u00eancia Tecnologia e Inova\u00e7\u00e3o (SECTI), por meio da disponibiliza\u00e7\u00e3o de vagas de est\u00e1gio supervisionado e remunerado para estudantes das EFGs localizadas nos munic\u00edpios de Aparecida de Goi\u00e2nia e Goi\u00e2nia, com matr\u00edcula ativa em cursos nas categorias Superior de Tecnologia e T\u00e9cnico de N\u00edvel M\u00e9dio, nas modalidades presencial, online e EaD, dos eixos tecnol\u00f3gicos de Informa\u00e7\u00e3o e Comunica\u00e7\u00e3o e Gest\u00e3o e Neg\u00f3cios, bem como atividades de resid\u00eancia1 em tecnologia da informa\u00e7\u00e3o, sendo estas atividades dispon\u00edveis tamb\u00e9m para estudantes das EFGs com matr\u00edculas ativas em cursos de qualifica\u00e7\u00e3o e capacita\u00e7\u00e3o,<\/td><td style=\"color: #000000; background-color: #FFFFFF;\">26\/07\/2024<\/td><td style=\"color: #000000; background-color: #FFFFFF;\">25\/07\/2025<\/td><td style=\"color: #0563C1; background-color: #FFFFFF;text-decoration: underline;\"><a href=\"https:\/\/goias.gov.br\/inovacao\/wp-content\/uploads\/sites\/26\/2025\/08\/Termo-de-Cooperacao-SOLUTI.pdf\" target=\"_blank\">ABRIR<\/a><\/td><\/tr><tr><td style=\"color: #000000; background-color: #FFFFFF;\">202400041000169<\/td><td style=\"color: #000000; background-color: #FFFFFF;\">Secretaria de Estado de Ci\u00eancia, Tecnologia e Inova\u00e7\u00e3o (SECTI);\nTribunal de Justi\u00e7a do Estado de Goi\u00e1s<\/td><td style=\"color: #000000; background-color: #FFFFFF;\">n\u00ba 21.652.711\/0001-10<br \/>\nn\u00ba 34.049.214\/0001-74<br \/>\nn\u00ba 01.409.655\/0001-80<br \/>\nn\u00ba 02.395.868\/0001-63<br \/>\nn\u00ba 01.409.598\/0001-30<br \/>\nn\u00ba 02.476.034\/0001-82<br \/>\nn\u00ba 01.409.606\/0001-48<br \/>\nn\u00ba 01.567.601\/0001-43<br \/>\nn\u00ba 02.474.419\/0001-00<br \/>\nn\u00ba 02.291.730\/0001-14<br \/>\nn\u00ba 02.600.963\/0001-51<br \/><\/td><td style=\"color: #000000; background-color: #FFFFFF;\">Termo de Coopera\u00e7\u00e3o T\u00e9cnica<\/td><td style=\"color: #000000; background-color: #FFFFFF;\">23\/2024<\/td><td style=\"color: #000000; background-color: #FFFFFF;\">Estabelecimento de coopera\u00e7\u00e3o entre os Laborat\u00f3rios de Inova\u00e7\u00e3o participantes para o interc\u00e2mbio de experi\u00eancias e informa\u00e7\u00f5es, mediante a implementa\u00e7\u00e3o de a\u00e7\u00f5es conjuntas e apoio m\u00fatuo, cujo objetivo \u00e9 promover a implementa\u00e7\u00e3o de programas e a\u00e7\u00f5es interinstitucionais de inova\u00e7\u00e3o, pesquisa cient\u00edfica e tecnol\u00f3gica.<\/td><td style=\"color: #000000; background-color: #FFFFFF;\">12\/07\/2024<\/td><td style=\"color: #000000; background-color: #FFFFFF;\">11\/07\/2029<\/td><td style=\"color: #0563C1; background-color: #FFFFFF;text-decoration: underline;\"><a href=\"https:\/\/goias.gov.br\/inovacao\/wp-content\/uploads\/sites\/26\/2025\/08\/TERMO-DE-COOPERACAO-TJ.pdf\" target=\"_blank\">ABRIR<\/a><\/td><\/tr><tr><td style=\"color: #000000; background-color: #FFFFFF;\">202414304000807<\/td><td style=\"color: #000000; background-color: #FFFFFF;\">Secretaria de Estado de Ci\u00eancia, Tecnologia e Inova\u00e7\u00e3o (SECTI);\nUniversidade Federal de Goi\u00e1s (UFG), por meio do Centro de Excel\u00eancia em Intelig\u00eancia Artificinal (CEIA)<\/td><td style=\"color: #000000; background-color: #FFFFFF;\">n\u00ba 21.652.711\/0001-10<br \/>\nn\u00ba 01.567.601\/0001-43<br \/><\/td><td style=\"color: #000000; background-color: #FFFFFF;\">Termo de Coopera\u00e7\u00e3o T\u00e9cnica<\/td><td style=\"color: #000000; background-color: #FFFFFF;\">02\/2024<\/td><td style=\"color: #000000; background-color: #FFFFFF;\">Implementa\u00e7\u00e3o de a\u00e7\u00f5es conjuntas para viabilizar a promo\u00e7\u00e3o de ambientes de inova\u00e7\u00e3o e tecnologia a fim de fomentar uma educa\u00e7\u00e3o emancipadora, expans\u00e3o do acesso, do conhecimento e de experi\u00eancias tecnol\u00f3gicas por meio da realiza\u00e7\u00e3o do evento Rob\u00f3tica 2024. Por conseguinte, visa contribuir para tornar o Estado de Goi\u00e1s uma refer\u00eancia nas mesmas tem\u00e1ticas, no pa\u00eds.<\/td><td style=\"color: #000000; background-color: #FFFFFF;\">10\/07\/2024<\/td><td style=\"color: #000000; background-color: #FFFFFF;\">09\/03\/2025<\/td><td style=\"color: #0563C1; background-color: #FFFFFF;text-decoration: underline;\"><a href=\"https:\/\/goias.gov.br\/inovacao\/wp-content\/uploads\/sites\/26\/2025\/08\/TERMO-DE-COOPERACAO-CEIA.pdf\" target=\"_blank\">ABRIR<\/a><\/td><\/tr><tr><td style=\"color: #000000; background-color: #FFFFFF;\">202414304000029<\/td><td style=\"color: #000000; background-color: #FFFFFF;\">Secretaria de Estado de Ci\u00eancia, Tecnologia e Inova\u00e7\u00e3o (SECTI);\nSecretaria de Estado de Desenvolvimento Social (SEDS)<\/td><td style=\"color: #000000; background-color: #FFFFFF;\">n\u00ba 21.652.711\/0001-10<br \/>\nn\u00ba 08.876.217\/0001-71<br \/><\/td><td style=\"color: #000000; background-color: #FFFFFF;\">Acordo de Coopera\u00e7\u00e3o T\u00e9cnica<\/td><td style=\"color: #000000; background-color: #FFFFFF;\">03\/2024<\/td><td style=\"color: #000000; background-color: #FFFFFF;\">Apoio para a implementa\u00e7\u00e3o do Projeto Idoso Tech, que consiste na realiza\u00e7\u00e3o de a\u00e7\u00f5es de inclus\u00e3o digital para a popula\u00e7\u00e3o idosa em munic\u00edpios goianos, cadastrada no Cadastro \u00danico para Programas Sociais do Governo Federal (Cad\u00danico) e benefici\u00e1ria do Programa Goi\u00e1s Social, utilizando as estruturas das Escolas do Futuro e recursos humanos dispon\u00edveis.<\/td><td style=\"color: #000000; background-color: #FFFFFF;\">14\/06\/2024<\/td><td style=\"color: #000000; background-color: #FFFFFF;\">13\/04\/2025<\/td><td style=\"color: #0563C1; background-color: #FFFFFF;text-decoration: underline;\"><a href=\"https:\/\/goias.gov.br\/inovacao\/wp-content\/uploads\/sites\/26\/2025\/08\/Acordo-de-Cooperacao-SEDS.pdf\" target=\"_blank\">ABRIR<\/a><\/td><\/tr><tr><td style=\"color: #000000; background-color: #FFFFFF;\">202314304001109<\/td><td style=\"color: #000000; background-color: #FFFFFF;\">Secretaria de Estado de Ci\u00eancia, Tecnologia e Inova\u00e7\u00e3o (SECTI);\nMunic\u00edpio de Senador Canedo;\nProgramando o Futuro<\/td><td style=\"color: #000000; background-color: #FFFFFF;\">n\u00ba 21.652.711\/0001-10<br \/>\nn\u00ba 25.107.525\/0001-51<br \/>\nn\u00ba 05.014.680\/0001-16<br \/><\/td><td style=\"color: #000000; background-color: #FFFFFF;\">Termo de Coopera\u00e7\u00e3o T\u00e9cnica<\/td><td style=\"color: #000000; background-color: #FFFFFF;\">01\/2024<\/td><td style=\"color: #000000; background-color: #FFFFFF;\">Estabelecer a coopera\u00e7\u00e3o de m\u00fatuo interesse entre a SECTI, por meio da executora do Projeto, OSC Programando o Futuro, e o munic\u00edpio de Senador Canedo, dentro do programa Sukatech para descentraliza\u00e7\u00e3o dos servi\u00e7os prestados para o interior com a instala\u00e7\u00e3o do Sukatech LAB.<\/td><td style=\"color: #000000; background-color: #FFFFFF;\">12\/06\/2024<\/td><td style=\"color: #000000; background-color: #FFFFFF;\">12\/06\/2026<\/td><td style=\"color: #0563C1; background-color: #FFFFFF;text-decoration: underline;\"><a href=\"https:\/\/goias.gov.br\/inovacao\/wp-content\/uploads\/sites\/26\/2025\/08\/Termo-de-Cooperacao-Senador-Canedo.pdf\" target=\"_blank\">ABRIR<\/a><\/td><\/tr><tr><td style=\"color: #000000; background-color: #FFFFFF;\">202414304000042<\/td><td style=\"color: #000000; background-color: #FFFFFF;\">Secretaria de Estado de Ci\u00eancia, Tecnologia e Inova\u00e7\u00e3o (SECTI);\nInstituto Brasileiro de Administra\u00e7\u00e3o P\u00fablica (IBAP)<\/td><td style=\"color: #000000; background-color: #FFFFFF;\">n\u00ba 21.652.711\/0001-10<br \/>\nn\u00ba 26.447.268\/0001-60<br \/><\/td><td style=\"color: #000000; background-color: #FFFFFF;\">Acordo de Coopera\u00e7\u00e3o T\u00e9cnica<\/td><td style=\"color: #000000; background-color: #FFFFFF;\">04\/2024<\/td><td style=\"color: #000000; background-color: #FFFFFF;\">Implementa\u00e7\u00e3o do Programa de Acelera\u00e7\u00e3o Digital dos Munic\u00edpios Goianos (Programa e-Goi\u00e1s) e do Programa Observat\u00f3rio de Inova\u00e7\u00e3o em Pol\u00edticas P\u00fablicas.<\/td><td style=\"color: #000000; background-color: #FFFFFF;\">16\/04\/2024<\/td><td style=\"color: #000000; background-color: #FFFFFF;\">15\/04\/2026<\/td><td style=\"color: #0563C1; background-color: #FFFFFF;text-decoration: underline;\"><a href=\"https:\/\/goias.gov.br\/inovacao\/wp-content\/uploads\/sites\/26\/2025\/08\/Acordo-de-Cooperacao-IBAP.pdf\" target=\"_blank\">ABRIR<\/a><\/td><\/tr><tr><td style=\"color: #000000; background-color: #FFFFFF;\">202314304001716<\/td><td style=\"color: #000000; background-color: #FFFFFF;\">Secretaria de Estado de Ci\u00eancia, Tecnologia e Inova\u00e7\u00e3o (SECTI);\nSecretaria de Estado de Educa\u00e7\u00e3o (SEDUC);\nInstituto Telles;\nInstituto Sonho Grande<\/td><td style=\"color: #000000; background-color: #FFFFFF;\">n\u00ba 21.652.711\/0001-10<br \/>\nn\u00ba 01.409.705\/0001-20<br \/><\/td><td style=\"color: #000000; background-color: #FFFFFF;\">Acordo de Coopera\u00e7\u00e3o T\u00e9cnica<\/td><td style=\"color: #000000; background-color: #FFFFFF;\">02\/2024<\/td><td style=\"color: #000000; background-color: #FFFFFF;\">Execu\u00e7\u00e3o de um projeto piloto voltado \u00e0 promo\u00e7\u00e3o da educa\u00e7\u00e3o profissional no estado de Goi\u00e1s, na \u00e1rea de Tecnologia da Informa\u00e7\u00e3o (TI), inclusive por meio da oferta de curso t\u00e9cnico, de n\u00edvel m\u00e9dio e na modalidade presencial, no eixo tecnol\u00f3gico de informa\u00e7\u00e3o e comunica\u00e7\u00e3o, em escolas selecionadas de tempo integral (\u201cParceria\u201d). Dever\u00e3o ser observadas as especifica\u00e7\u00f5es contidas neste instrumento, no Plano de Trabalho e nos demais anexos previamente aprovado pelas Partes, que constituem parte integrante do Acordo para todos os fins de direito.<\/td><td style=\"color: #000000; background-color: #FFFFFF;\">27\/03\/2024<\/td><td style=\"color: #000000; background-color: #FFFFFF;\">31\/12\/2026<\/td><td style=\"color: #0563C1; background-color: #FFFFFF;text-decoration: underline;\"><a href=\"https:\/\/goias.gov.br\/inovacao\/wp-content\/uploads\/sites\/26\/2025\/08\/ACORDO-DE-COOPERACAO-SEDUC.pdf\" target=\"_blank\">ABRIR<\/a><\/td><\/tr><tr><td style=\"color: #000000; background-color: #FFFFFF;\">202314304001638<\/td><td style=\"color: #000000; background-color: #FFFFFF;\">Secretaria de Estado de Ci\u00eancia, Tecnologia e Inova\u00e7\u00e3o (SECTI);\nFunda\u00e7\u00e3o Telef\u00f4nica<\/td><td style=\"color: #000000; background-color: #FFFFFF;\">n\u00ba 21.652.711\/0001-10<br \/>\n\nn\u00ba 02.985.136\/0001-23<br \/><\/td><td style=\"color: #000000; background-color: #FFFFFF;\">Acordo de Coopera\u00e7\u00e3o T\u00e9cnica<\/td><td style=\"color: #000000; background-color: #FFFFFF;\">01\/2023<\/td><td style=\"color: #000000; background-color: #FFFFFF;\">Implanta\u00e7\u00e3o do  Programa Pense Grande Tech, da Funda\u00e7\u00e3o Telef\u00f4nica Vivo, que visa apoiar a Secretaria de Estado de Ci\u00eancia, Tecnologia e Inova\u00e7\u00e3o (SECTI) na implementa\u00e7\u00e3o da oferta de educa\u00e7\u00e3o profissional alinhada ao Novo Ensino M\u00e9dio, por meio de assessoria para adapta\u00e7\u00e3o do curr\u00edculo de refer\u00eancia em Ci\u00eancia de Dados, produzido pela Funda\u00e7\u00e3o Telef\u00f4nica Vivo e Centro de Inova\u00e7\u00e3o para a Educa\u00e7\u00e3o Brasileira (CIEB), oferta de curso T\u00e9cnico de N\u00edvel M\u00e9dio em Ci\u00eancia de Dados, a ser ofertado nas formas concomitante e subsequente, bem como forma\u00e7\u00f5es para professores e disponibiliza\u00e7\u00e3o dos conte\u00fados para professores espec\u00edficos sobre o curso de Ci\u00eancia de Dados.<\/td><td style=\"color: #000000; background-color: #FFFFFF;\">14\/12\/2023<\/td><td style=\"color: #000000; background-color: #FFFFFF;\">13\/12\/2027<\/td><td style=\"color: #0563C1; background-color: #FFFFFF;text-decoration: underline;\"><a href=\"https:\/\/goias.gov.br\/inovacao\/wp-content\/uploads\/sites\/26\/2025\/11\/ACT-FUNDACAO-TELEFONICA.pdf\" target=\"_blank\">ABRIR<\/a><\/td><\/tr><tr><td style=\"color: #000000; background-color: #FFFFFF;\">202300059001034<\/td><td style=\"color: #000000; background-color: #FFFFFF;\">Secretaria de Estado de Ci\u00eancia, Tecnologia e Inova\u00e7\u00e3o (SECTI);\nAg\u00eancia de Fomento de Goi\u00e1s S\/A - GOIASFOMENTO<\/td><td style=\"color: #000000; background-color: #FFFFFF;\">n\u00ba 21.652.711\/0001-10<br \/>\n\nn \u00ba 03.918.382\/0001-25<br \/><\/td><td style=\"color: #000000; background-color: #FFFFFF;\">Termo de Coopera\u00e7\u00e3o T\u00e9cnica<\/td><td style=\"color: #000000; background-color: #FFFFFF;\">02\/2023<\/td><td style=\"color: #000000; background-color: #FFFFFF;\">Estabelecer a coopera\u00e7\u00e3o de m\u00fatuo interesse entre a SECTI e a Goi\u00e1sFomento, \u200baferi\u00e7\u00e3o do m\u00e9rito inovativo dos projetos das empresas interessadas em receber fomento e\/ou financiamento da Ag\u00eancia Goi\u00e1sFomento e FINEP, tal a\u00e7\u00e3o consistindo na formula\u00e7\u00e3o de um parecer t\u00e9cnico baseado na an\u00e1lise do \u201cFormul\u00e1rio de Apresenta\u00e7\u00e3o de Projetos das Empresas\u201d, preenchido pela requisitante e encaminhado \u00e0 SECTI, por esta Ag\u00eancia, para, conforme orienta\u00e7\u00f5es da FINEP, verifica\u00e7\u00e3o quanto ao atendimento das defini\u00e7\u00f5es de inova\u00e7\u00e3o delineadas no Manual de Oslo, em projetos que visem, o desenvolvimento de novos produtos, processos ou servi\u00e7os, bem como o aprimoramento dos j\u00e1 existentes, inova\u00e7\u00e3o em marketing ou inova\u00e7\u00e3o organizacional, no ambiente produtivo ou social, a ampliar a competitividade das empresas goianas no \u00e2mbito regional e at\u00e9 nacional.<\/td><td style=\"color: #000000; background-color: #FFFFFF;\">23\/11\/2023<\/td><td style=\"color: #000000; background-color: #FFFFFF;\">22\/11\/2025<\/td><td style=\"color: #0563C1; background-color: #FFFFFF;text-decoration: underline;\"><a href=\"https:\/\/goias.gov.br\/inovacao\/wp-content\/uploads\/sites\/26\/2025\/12\/Termo-de-Cooperacao-Goias-Fomento-atualizado.pdf\" target=\"_blank\">ABRIR<\/a><\/td><\/tr><tr><td style=\"color: #000000; background-color: #FFFFFF;\">202114304002799<\/td><td style=\"color: #000000; background-color: #FFFFFF;\">Secretaria de Estado de Ci\u00eancia, Tecnologia e Inova\u00e7\u00e3o (SECTI);\nSPE Mega Moda Shopping LTDA<\/td><td style=\"color: #000000; background-color: #FFFFFF;\">n\u00ba 21.652.711\/0001-10<br \/>\nn\u00ba 14.366.423\/0001-34<br \/>\nn\u00ba  01.567.601\/0001-43<br \/><\/td><td style=\"color: #000000; background-color: #FFFFFF;\">Termo de Coopera\u00e7\u00e3o T\u00e9cnica<\/td><td style=\"color: #000000; background-color: #FFFFFF;\">01\/2022<\/td><td style=\"color: #000000; background-color: #FFFFFF;\">Oferta de cursos de educa\u00e7\u00e3o profissional para lojistas e seus colaboradores no \u00e2mbito do Mega Moda, operacionalizada pelo Conv\u00eanio n\u00ba 1\/2021 - SEDI, em atendimento a pol\u00edtica p\u00fablica de educa\u00e7\u00e3o profissional e desenvolvimento econ\u00f4mico de fomento ao empreendedorismo.<\/td><td style=\"color: #000000; background-color: #FFFFFF;\">20\/10\/2022<\/td><td style=\"color: #000000; background-color: #FFFFFF;\">02\/10\/2023<\/td><td style=\"color: #0563C1; background-color: #FFFFFF;text-decoration: underline;\"><a href=\"https:\/\/goias.gov.br\/inovacao\/wp-content\/uploads\/sites\/26\/2025\/08\/Termo-de-Cooperacao-MegaModa.pdf\" target=\"_blank\">ABRIR<\/a><\/td><\/tr><tr><td style=\"color: #000000; background-color: #FFFFFF;\">202000059001691<\/td><td style=\"color: #000000; background-color: #FFFFFF;\">Secretaria de Estado de Ci\u00eancia, Tecnologia e Inova\u00e7\u00e3o (SECTI);\nAg\u00eancia de Fomento de Goi\u00e1s S\/A - GOI\u00c1SFOMENTO<\/td><td style=\"color: #000000; background-color: #FFFFFF;\">n\u00ba 21.652.711\/0001-10<br \/>\nn\u00ba 03.918.382\/0001-25<br \/><\/td><td style=\"color: #000000; background-color: #FFFFFF;\">Termo de Coopera\u00e7\u00e3o T\u00e9cnica<\/td><td style=\"color: #000000; background-color: #FFFFFF;\">05\/2021<\/td><td style=\"color: #000000; background-color: #FFFFFF;\">Aferi\u00e7\u00e3o do m\u00e9rito inovativo dos projetos das empresas interessadas em receber fomento e\/ou financiamento da Ag\u00eancia GoiasFomento e FINEP, tal a\u00e7\u00e3o consistindo na formula\u00e7\u00e3o de um parecer t\u00e9cnico baseado na an\u00e1lise do \u201cFormul\u00e1rio de Apresenta\u00e7\u00e3o de Projetos das Empresas\u201d, preenchido pela requisitante e encaminhado \u00e0 SEDI, por esta Ag\u00eancia, para, conforme orienta\u00e7\u00f5es da FINEP, verifica\u00e7\u00e3o quanto ao atendimento das defini\u00e7\u00f5es de inova\u00e7\u00e3o delineadas no Manual de Oslo, em projetos que visem, o desenvolvimento de novos produtos, processos ou servi\u00e7os, bem como o aprimoramento dos j\u00e1 existentes, inova\u00e7\u00e3o em marketing ou inova\u00e7\u00e3o organizacional, no ambiente produtivo ou social, a ampliar a competitividade das empresas goianas no \u00e2mbito regional e at\u00e9 nacional.<\/td><td style=\"color: #000000; background-color: #FFFFFF;\">20\/07\/2021<\/td><td style=\"color: #000000; background-color: #FFFFFF;\">19\/07\/2023<\/td><td style=\"color: #0563C1; background-color: #FFFFFF;text-decoration: underline;\"><a href=\"https:\/\/goias.gov.br\/inovacao\/wp-content\/uploads\/sites\/26\/2025\/08\/Termo-de-Cooperacao-Tecnica-Goias-Fomento.pdf\" target=\"_blank\">ABRIR<\/a><\/td><\/tr><tr><td style=\"color: #000000; background-color: #FFFFFF;\">202110902000032<\/td><td style=\"color: #000000; background-color: #FFFFFF;\">Secretaria de Estado de Ci\u00eancia, Tecnologia e Inova\u00e7\u00e3o (SECTI);\nCompanhia de Investimento e Parcerias do Estado de Goi\u00e1s<\/td><td style=\"color: #000000; background-color: #FFFFFF;\">n\u00ba 21.652.711\/0001-10<br \/>\nn\u00ba  08.235.587\/0001-20<br \/><\/td><td style=\"color: #000000; background-color: #FFFFFF;\">Termo de Coopera\u00e7\u00e3o T\u00e9cnica<\/td><td style=\"color: #000000; background-color: #FFFFFF;\">04\/2021<\/td><td style=\"color: #000000; background-color: #FFFFFF;\">Apoio t\u00e9cnico na estrutura\u00e7\u00e3o de projetos de desestatiza\u00e7\u00e3o de ativos e servi\u00e7os p\u00fablicos de interesse da Secretaria de Estado do Desenvolvimento e Inova\u00e7\u00e3o.<\/td><td style=\"color: #000000; background-color: #FFFFFF;\">15\/07\/2021<\/td><td style=\"color: #000000; background-color: #FFFFFF;\">14\/07\/2023<\/td><td style=\"color: #0563C1; background-color: #FFFFFF;text-decoration: underline;\"><a href=\"https:\/\/goias.gov.br\/inovacao\/wp-content\/uploads\/sites\/26\/2025\/08\/Termo-de-Cooperacao-GoiasParcerias.pdf\" target=\"_blank\">ABRIR<\/a><\/td><\/tr><tr><td style=\"color: #000000; background-color: #FFFFFF;\">202114304000175<\/td><td style=\"color: #000000; background-color: #FFFFFF;\">Secretaria de Estado de Ci\u00eancia, Tecnologia e Inova\u00e7\u00e3o (SECTI);\nN\u00facleo de Informa\u00e7\u00e3o e Coordena\u00e7\u00e3o do Ponto BR - NIC.br<\/td><td style=\"color: #000000; background-color: #FFFFFF;\">n\u00ba 21.652.711\/0001-10<br \/>\nn\u00ba 05.506.560\/0001-36<br \/><\/td><td style=\"color: #000000; background-color: #FFFFFF;\">Acordo de Coopera\u00e7\u00e3o T\u00e9cnica<\/td><td style=\"color: #000000; background-color: #FFFFFF;\">01\/2021<\/td><td style=\"color: #000000; background-color: #FFFFFF;\">Desenvolvimento e a execu\u00e7\u00e3o de projetos de coopera\u00e7\u00e3o t\u00e9cnica e interc\u00e2mbio de informa\u00e7\u00f5es e conhecimentos em assuntos cient\u00edficos, tecnol\u00f3gicos, de pesquisa e de pol\u00edticas p\u00fablicas, em especial os relacionados a novas tecnologias de pesquisa, produ\u00e7\u00e3o de indicadores e dissemina\u00e7\u00e3o de resultados.<\/td><td style=\"color: #000000; background-color: #FFFFFF;\">20\/04\/2021<\/td><td style=\"color: #000000; background-color: #FFFFFF;\">19\/04\/2022<\/td><td style=\"color: #0563C1; background-color: #FFFFFF;text-decoration: underline;\"><a href=\"https:\/\/goias.gov.br\/inovacao\/wp-content\/uploads\/sites\/26\/2025\/08\/Acordo-de-Cooperacao-NIC.pdf\" target=\"_blank\">ABRIR<\/a><\/td><\/tr><tr><td style=\"color: #000000; background-color: #FFFFFF;\">202014304001633<\/td><td style=\"color: #000000; background-color: #FFFFFF;\">Secretaria de Estado de Ci\u00eancia, Tecnologia e Inova\u00e7\u00e3o (SECTI);\nUniversidade Estadual de Goi\u00e1s (UEG)<\/td><td style=\"color: #000000; background-color: #FFFFFF;\">n\u00ba 21.652.711\/0001-10<br \/>\nn\u00ba 01.112.580\/0001-71<br \/><\/td><td style=\"color: #000000; background-color: #FFFFFF;\">Termo de Coopera\u00e7\u00e3o T\u00e9cnica<\/td><td style=\"color: #000000; background-color: #FFFFFF;\">01\/2021<\/td><td style=\"color: #000000; background-color: #FFFFFF;\">Promover pol\u00edticas, programas, projetos e a\u00e7\u00f5es de desenvolvimento, ci\u00eancia, tecnologia e inova\u00e7\u00e3o em Goi\u00e1s, a partir do Grupo de Pesquisa em Desenvolvimento e Tecnologias Aplicadas (Gedetec) e do Laborat\u00f3rio de Tecnologia em Sistemas, Produ\u00e7\u00e3o e Log\u00edstica (Teclog) a ele vinculado, em aten\u00e7\u00e3o \u00e0s prioridades do Estado de Goi\u00e1s e da sociedade, com foco inicial em An\u00e1polis (GO) especialmente na \u00e1rea de log\u00edstica.<\/td><td style=\"color: #000000; background-color: #FFFFFF;\">03\/03\/2021<\/td><td style=\"color: #000000; background-color: #FFFFFF;\">02\/03\/2026<\/td><td style=\"color: #0563C1; background-color: #FFFFFF;text-decoration: underline;\"><a href=\"https:\/\/goias.gov.br\/inovacao\/wp-content\/uploads\/sites\/26\/2025\/08\/Termo-de-Cooperacao-Tecnica-UEG.pdf\" target=\"_blank\">ABRIR<\/a><\/td><\/tr><tr><td style=\"color: #000000; background-color: #FFFFFF;\">202014304002041<\/td><td style=\"color: #000000; background-color: #FFFFFF;\">Secretaria de Estado de Ci\u00eancia, Tecnologia e Inova\u00e7\u00e3o (SECTI);\nSecretaria de Estado da Economia<\/td><td style=\"color: #000000; background-color: #FFFFFF;\">n\u00ba 21.652.711\/0001-10<br \/>\nn\u00ba 01.409.655\/0001-\u00ad80<br \/><\/td><td style=\"color: #000000; background-color: #FFFFFF;\">Termo de Coopera\u00e7\u00e3o T\u00e9cnica<\/td><td style=\"color: #000000; background-color: #FFFFFF;\">03\/2020<\/td><td style=\"color: #000000; background-color: #FFFFFF;\">Desenvolvimento de solu\u00e7\u00f5es tecnol\u00f3gicas baseadas em Intelig\u00eancia Artificial que objetive a identifica\u00e7\u00e3o e classifica\u00e7\u00e3o de perfis de entidades econ\u00f4micas que praticam crime de sonega\u00e7\u00e3o contra a ordem tribut\u00e1ria do Estado, no intuito de maximizar a arrecada\u00e7\u00e3o tribut\u00e1ria.<\/td><td style=\"color: #000000; background-color: #FFFFFF;\">25\/02\/2021<\/td><td style=\"color: #000000; background-color: #FFFFFF;\">24\/02\/2023<\/td><td style=\"color: #0563C1; background-color: #FFFFFF;text-decoration: underline;\"><a href=\"https:\/\/goias.gov.br\/inovacao\/wp-content\/uploads\/sites\/26\/2025\/08\/Termo-de-Cooperacao-SECON.pdf\" target=\"_blank\">ABRIR<\/a><\/td><\/tr><tr><td style=\"color: #000000; background-color: #FFFFFF;\">202000004010458<\/td><td style=\"color: #000000; background-color: #FFFFFF;\">Secretaria de Estado de Ci\u00eancia, Tecnologia e Inova\u00e7\u00e3o (SECTI);\nSecretaria de Estado da Economia;\nVelsis Sistemas e Tecnologia Vi\u00e1ria S\/A<\/td><td style=\"color: #000000; background-color: #FFFFFF;\">n\u00ba 21.652.711\/0001-10<br \/>\nn\u00ba 01.409.655\/0001-\u00ad80<br \/><\/td><td style=\"color: #000000; background-color: #FFFFFF;\">Termo de Coopera\u00e7\u00e3o T\u00e9cnica<\/td><td style=\"color: #000000; background-color: #FFFFFF;\">02\/2020<\/td><td style=\"color: #000000; background-color: #FFFFFF;\">Conjuga\u00e7\u00e3o de esfor\u00e7os entre os part\u00edcipes, visando testar e avaliar, nas rodovias localizadas no Estado de Goi\u00e1s, a aplica\u00e7\u00e3o de novas tecnologias de coleta e tratamento de dados de interesse p\u00fablico para fins de fiscaliza\u00e7\u00e3o e combate \u00e0 criminalidade e sonega\u00e7\u00e3o fiscal, notadamente a tecnologia de pesagem em movimento.<\/td><td style=\"color: #000000; background-color: #FFFFFF;\">26\/08\/2020<\/td><td style=\"color: #000000; background-color: #FFFFFF;\">22\/02\/2021<\/td><td style=\"color: #0563C1; background-color: #FFFFFF;text-decoration: underline;\"><a href=\"https:\/\/goias.gov.br\/inovacao\/wp-content\/uploads\/sites\/26\/2025\/08\/Termo-de-Cooperacao-VELSIS.pdf\" target=\"_blank\">ABRIR<\/a><\/td><\/tr><\/tbody><\/table><div class=\"wp-block-file\"><a href=\"https:\/\/goias.gov.br\/inovacao\/wp-content\/uploads\/sites\/26\/2024\/06\/Acordos-sem-Transferencia-de-Recursos-9-1-1-1-1-1.xlsx\">Acordos-sem-Transferencia-de-Recursos-9-1-1-1-1-1.xlsx&nbsp; <span class=\"wp-block-file__button wp-element-button\">Baixar<\/span><\/a><\/div>\n\n\n\n<figure class=\"wp-block-table\">\n<figcaption class=\"wp-element-caption\"><strong>Ger\u00eancia de Compras Governamentais<\/strong><br \/>Endere\u00e7o: Avenida 82 400 &#8211; Bairro Setor Central<br \/>Goi\u00e2nia-GO \u2013 CEP: 74015-908<br \/>E-mail: comprasgovernamentais.secti@goias.gov.br<br \/>Telefones: (62) 3269-4254<\/figcaption>\n<\/figure>\n\n\n\n<p><\/p>\n","protected":false},"excerpt":{"rendered":"<p>Ger\u00eancia de Compras GovernamentaisEndere\u00e7o: Avenida 82 400 &#8211; Bairro Setor CentralGoi\u00e2nia-GO \u2013 CEP: 74015-908E-mail: comprasgovernamentais.secti@goias.gov.brTelefones: (62) 3269-4254<\/p>\n","protected":false},"author":541,"featured_media":0,"comment_status":"closed","ping_status":"open","sticky":false,"template":"","format":"standard","meta":{"footnotes":""},"categories":[83,92],"tags":[],"class_list":["post-40651","post","type-post","status-publish","format-standard","hentry","category-editais-e-avisos","category-licitacoes"],"rttpg_featured_image_url":null,"rttpg_author":{"display_name":"viniciusccastro","author_link":"https:\/\/goias.gov.br\/inovacao\/author\/viniciusccastro\/"},"rttpg_comment":0,"rttpg_category":"<a href=\"https:\/\/goias.gov.br\/inovacao\/categoria\/licitacoes\/editais-e-avisos\/\" rel=\"category tag\">Editais e Avisos<\/a> <a href=\"https:\/\/goias.gov.br\/inovacao\/categoria\/licitacoes\/\" rel=\"category tag\">Licita\u00e7\u00f5es<\/a>","rttpg_excerpt":"Ger\u00eancia de Compras GovernamentaisEndere\u00e7o: Avenida 82 400 &#8211; Bairro Setor CentralGoi\u00e2nia-GO \u2013 CEP: 74015-908E-mail: comprasgovernamentais.secti@goias.gov.brTelefones: (62) 3269-4254","_links":{"self":[{"href":"https:\/\/goias.gov.br\/inovacao\/wp-json\/wp\/v2\/posts\/40651","targetHints":{"allow":["GET"]}}],"collection":[{"href":"https:\/\/goias.gov.br\/inovacao\/wp-json\/wp\/v2\/posts"}],"about":[{"href":"https:\/\/goias.gov.br\/inovacao\/wp-json\/wp\/v2\/types\/post"}],"author":[{"embeddable":true,"href":"https:\/\/goias.gov.br\/inovacao\/wp-json\/wp\/v2\/users\/541"}],"replies":[{"embeddable":true,"href":"https:\/\/goias.gov.br\/inovacao\/wp-json\/wp\/v2\/comments?post=40651"}],"version-history":[{"count":2,"href":"https:\/\/goias.gov.br\/inovacao\/wp-json\/wp\/v2\/posts\/40651\/revisions"}],"predecessor-version":[{"id":103967,"href":"https:\/\/goias.gov.br\/inovacao\/wp-json\/wp\/v2\/posts\/40651\/revisions\/103967"}],"wp:attachment":[{"href":"https:\/\/goias.gov.br\/inovacao\/wp-json\/wp\/v2\/media?parent=40651"}],"wp:term":[{"taxonomy":"category","embeddable":true,"href":"https:\/\/goias.gov.br\/inovacao\/wp-json\/wp\/v2\/categories?post=40651"},{"taxonomy":"post_tag","embeddable":true,"href":"https:\/\/goias.gov.br\/inovacao\/wp-json\/wp\/v2\/tags?post=40651"}],"curies":[{"name":"wp","href":"https:\/\/api.w.org\/{rel}","templated":true}]}}