

{"id":39036,"date":"2022-12-01T09:14:07","date_gmt":"2022-12-01T12:14:07","guid":{"rendered":"https:\/\/siteshom.goias.gov.br\/inovacao\/escola-do-futuro-de-goias-em-artes-basileu-franca-completa-55-anos-e-e-homenageada-na-assembleia-legislativa\/"},"modified":"2022-12-01T09:14:07","modified_gmt":"2022-12-01T12:14:07","slug":"escola-do-futuro-de-goias-em-artes-basileu-franca-completa-55-anos-e-e-homenageada-na-assembleia-legislativa","status":"publish","type":"post","link":"https:\/\/goias.gov.br\/inovacao\/escola-do-futuro-de-goias-em-artes-basileu-franca-completa-55-anos-e-e-homenageada-na-assembleia-legislativa\/","title":{"rendered":"Escola do Futuro de Goi\u00e1s em Artes Basileu Fran\u00e7a completa 55 anos e \u00e9 homenageada na Assembleia Legislativa"},"content":{"rendered":"<img fetchpriority=\"high\" decoding=\"async\" class=\" size-full wp-image-39035\" src=\"https:\/\/goias.gov.br\/inovacao\/wp-content\/uploads\/sites\/26\/2022\/12\/Carlos_Coata_Homenagem_Basileu-044-scaled.jpg\" alt=\"Foto: Carlos Costa \/ Assembleia Legislativa do Estado de Goi\u00e1s\" class=\"caption\" title=\"Servidores da Sedi e funcion\u00e1rios da EFG em Artes Basileu Fran\u00e7a recebem medalha de m\u00e9rito legislativo\" width=\"2560\" height=\"1709\" srcset=\"https:\/\/goias.gov.br\/inovacao\/wp-content\/uploads\/sites\/26\/2022\/12\/Carlos_Coata_Homenagem_Basileu-044-scaled.jpg 2560w, https:\/\/goias.gov.br\/inovacao\/wp-content\/uploads\/sites\/26\/2022\/12\/Carlos_Coata_Homenagem_Basileu-044-300x200.jpg 300w, https:\/\/goias.gov.br\/inovacao\/wp-content\/uploads\/sites\/26\/2022\/12\/Carlos_Coata_Homenagem_Basileu-044-1024x683.jpg 1024w, https:\/\/goias.gov.br\/inovacao\/wp-content\/uploads\/sites\/26\/2022\/12\/Carlos_Coata_Homenagem_Basileu-044-768x513.jpg 768w, https:\/\/goias.gov.br\/inovacao\/wp-content\/uploads\/sites\/26\/2022\/12\/Carlos_Coata_Homenagem_Basileu-044-1536x1025.jpg 1536w, https:\/\/goias.gov.br\/inovacao\/wp-content\/uploads\/sites\/26\/2022\/12\/Carlos_Coata_Homenagem_Basileu-044-2048x1367.jpg 2048w\" sizes=\"(max-width: 2560px) 100vw, 2560px\" \/>\n<p>Durante sess&atilde;o solene, servidores da Secretaria de Desenvolvimento e Inova&ccedil;&atilde;o e funcion&aacute;rios da institui&ccedil;&atilde;o recebem medalha de m&eacute;rito pelo trabalho realizado<\/p>\n<p><!--more--><\/p>\n<p>A Escola do Futuro do Estado de Goi&aacute;s (EFG) em Artes Basileu Fran&ccedil;a foi homenageada, na noite da &uacute;ltima ter&ccedil;a-feira (29\/11), pelos seus 55 anos, durante sess&atilde;o solene realizada na Assembleia Legislativa do Estado de Goi&aacute;s (Alego). O titular da Secretaria de Desenvolvimento e Inova&ccedil;&atilde;o (Sedi), Marcio Cesar Pereira, v&aacute;rios servidores da pasta e funcion&aacute;rios da EFG receberam, na oportunidade, a medalha de m&eacute;rito legislativo. A propositura foi do deputado estadual Ant&ocirc;nio Gomide.<\/p>\n<p>Durante discurso, Marcio Cesar relembrou a hist&oacute;ria da escola; falou sobre a inser&ccedil;&atilde;o da mesma na Sedi; celebrou as conquistas dos n&uacute;cleos de dan&ccedil;a, entre outros, e a integra&ccedil;&atilde;o da Orquestra Filarm&ocirc;nica de Goi&aacute;s (OFG) com os jovens m&uacute;sicos do Basileu; citou a reforma do teatro e a vindoura inaugura&ccedil;&atilde;o de um hub de inova&ccedil;&atilde;o no espa&ccedil;o anexo &agrave; institui&ccedil;&atilde;o, no pr&oacute;ximo dia 16 de dezembro.<\/p>\n<p>&ldquo;N&oacute;s vamos ter, em um quarteir&atilde;o, a melhor escola de arte do Brasil e um dos melhores hubs de inova&ccedil;&atilde;o do Pa&iacute;s se comunicando&rdquo;, ressaltou o secret&aacute;rio, ao pontuar como o local para essa converg&ecirc;ncia &eacute; estrat&eacute;gico, j&aacute; que o Setor Universit&aacute;rio re&uacute;ne, justamente, estudantes de ensino superior e pesquisadores.<\/p>\n<p>J&aacute; a diretora da EFG em Artes Basileu Fran&ccedil;a, L&oacute;ide Magalh&atilde;es, agradeceu ao Governo de Goi&aacute;s pelos investimentos direcionados para a classe art&iacute;stica. &ldquo;Com muita maestria, o governador Ronaldo Caiado vem, ao longo dos &uacute;ltimos quatro anos, trabalhando em prol da educa&ccedil;&atilde;o e da cultura em nosso Estado&rdquo;.<\/p>\n<p>Ela tamb&eacute;m elogiou o trabalho realizado pela Sedi, na pessoa do secret&aacute;rio e de sua equipe. &ldquo;&Eacute; uma honra poder trabalhar com um chefe &eacute;tico, que tem vis&atilde;o de futuro e que tem conseguido conduzir, com muita maestria, as Escolas do Futuro. E digo n&atilde;o somente o Basileu, mas todas as outras, que hoje est&atilde;o se tornando uma refer&ecirc;ncia no Brasil&rdquo;, destacou.<\/p>\n<p>Ao longo do evento, sediado no plen&aacute;rio da Casa Legislativa, os convidados puderam apreciar um dos talentos do Basileu, o N&uacute;cleo de Chorinho, que animou a noite festiva. Fizeram parte ainda da lista de homenageados pelos 55 anos da institui&ccedil;&atilde;o, al&eacute;m de Marcio Cesar e L&oacute;ide Magalh&atilde;es, a subsecret&aacute;ria de Ci&ecirc;ncia, Tecnologia e Inova&ccedil;&atilde;o da Sedi, Sheila Pires; a gerente de Gest&atilde;o das EFGs, Mychelly Sim&otilde;es, al&eacute;m de v&aacute;rios outros servidores.<\/p>\n<p><strong>Hist&oacute;ria<\/strong><\/p>\n<p>A EFG em Artes Basileu Fran&ccedil;a &eacute; uma institui&ccedil;&atilde;o ligada &agrave; Secretaria Estadual de Desenvolvimento e Inova&ccedil;&atilde;o, que, atualmente, atende mais de 4 mil alunos. A origem da escola se deu em 1967, na Escola de Arte Veiga Valle, pioneira no segmento da arte em territ&oacute;rio goiano.<\/p>\n<p>O Basileu tem como miss&atilde;o produzir e difundir conhecimentos pr&aacute;ticos, cient&iacute;ficos e saberes no eixo tecnol&oacute;gico de produ&ccedil;&atilde;o cultural e desenvolver a forma&ccedil;&atilde;o integral de profissionais e cidad&atilde;os capazes de promover o empreendedorismo na sociedade e contribuir na transforma&ccedil;&atilde;o socioecon&ocirc;mica de Goi&aacute;s.<\/p>\n<p>&nbsp;<\/p>\n<p><strong>Secretaria de Estado de Desenvolvimento e Inova&ccedil;&atilde;o &#8211; Governo de Goi&aacute;s<\/strong><\/p>\n","protected":false},"excerpt":{"rendered":"<p>Durante sess&atilde;o solene, servidores da Secretaria de Desenvolvimento e Inova&ccedil;&atilde;o e funcion&aacute;rios da institui&ccedil;&atilde;o recebem medalha de m&eacute;rito pelo trabalho realizado<\/p>\n","protected":false},"author":367,"featured_media":39035,"comment_status":"closed","ping_status":"open","sticky":false,"template":"","format":"standard","meta":{"footnotes":""},"categories":[80],"tags":[],"class_list":["post-39036","post","type-post","status-publish","format-standard","has-post-thumbnail","hentry","category-noticias"],"rttpg_featured_image_url":{"full":["https:\/\/goias.gov.br\/inovacao\/wp-content\/uploads\/sites\/26\/2022\/12\/Carlos_Coata_Homenagem_Basileu-044-scaled.jpg",2560,1709,false],"landscape":["https:\/\/goias.gov.br\/inovacao\/wp-content\/uploads\/sites\/26\/2022\/12\/Carlos_Coata_Homenagem_Basileu-044-scaled.jpg",2560,1709,false],"portraits":["https:\/\/goias.gov.br\/inovacao\/wp-content\/uploads\/sites\/26\/2022\/12\/Carlos_Coata_Homenagem_Basileu-044-scaled.jpg",2560,1709,false],"thumbnail":["https:\/\/goias.gov.br\/inovacao\/wp-content\/uploads\/sites\/26\/2022\/12\/Carlos_Coata_Homenagem_Basileu-044-150x150.jpg",150,150,true],"medium":["https:\/\/goias.gov.br\/inovacao\/wp-content\/uploads\/sites\/26\/2022\/12\/Carlos_Coata_Homenagem_Basileu-044-300x200.jpg",300,200,true],"large":["https:\/\/goias.gov.br\/inovacao\/wp-content\/uploads\/sites\/26\/2022\/12\/Carlos_Coata_Homenagem_Basileu-044-1024x683.jpg",1024,683,true],"1536x1536":["https:\/\/goias.gov.br\/inovacao\/wp-content\/uploads\/sites\/26\/2022\/12\/Carlos_Coata_Homenagem_Basileu-044-1536x1025.jpg",1536,1025,true],"2048x2048":["https:\/\/goias.gov.br\/inovacao\/wp-content\/uploads\/sites\/26\/2022\/12\/Carlos_Coata_Homenagem_Basileu-044-2048x1367.jpg",2048,1367,true]},"rttpg_author":{"display_name":"marianamachado","author_link":"https:\/\/goias.gov.br\/inovacao\/author\/marianamachado\/"},"rttpg_comment":0,"rttpg_category":"<a href=\"https:\/\/goias.gov.br\/inovacao\/categoria\/noticias\/\" rel=\"category tag\">Not\u00edcias<\/a>","rttpg_excerpt":"Durante sess&atilde;o solene, servidores da Secretaria de Desenvolvimento e Inova&ccedil;&atilde;o e funcion&aacute;rios da institui&ccedil;&atilde;o recebem medalha de m&eacute;rito pelo trabalho realizado","_links":{"self":[{"href":"https:\/\/goias.gov.br\/inovacao\/wp-json\/wp\/v2\/posts\/39036","targetHints":{"allow":["GET"]}}],"collection":[{"href":"https:\/\/goias.gov.br\/inovacao\/wp-json\/wp\/v2\/posts"}],"about":[{"href":"https:\/\/goias.gov.br\/inovacao\/wp-json\/wp\/v2\/types\/post"}],"author":[{"embeddable":true,"href":"https:\/\/goias.gov.br\/inovacao\/wp-json\/wp\/v2\/users\/367"}],"replies":[{"embeddable":true,"href":"https:\/\/goias.gov.br\/inovacao\/wp-json\/wp\/v2\/comments?post=39036"}],"version-history":[{"count":0,"href":"https:\/\/goias.gov.br\/inovacao\/wp-json\/wp\/v2\/posts\/39036\/revisions"}],"wp:featuredmedia":[{"embeddable":true,"href":"https:\/\/goias.gov.br\/inovacao\/wp-json\/wp\/v2\/media\/39035"}],"wp:attachment":[{"href":"https:\/\/goias.gov.br\/inovacao\/wp-json\/wp\/v2\/media?parent=39036"}],"wp:term":[{"taxonomy":"category","embeddable":true,"href":"https:\/\/goias.gov.br\/inovacao\/wp-json\/wp\/v2\/categories?post=39036"},{"taxonomy":"post_tag","embeddable":true,"href":"https:\/\/goias.gov.br\/inovacao\/wp-json\/wp\/v2\/tags?post=39036"}],"curies":[{"name":"wp","href":"https:\/\/api.w.org\/{rel}","templated":true}]}}