

{"id":32173,"date":"2019-10-03T13:46:30","date_gmt":"2019-10-03T16:46:30","guid":{"rendered":"https:\/\/siteshom.goias.gov.br\/inovacao\/executivo-em-comunicacao-e-etica-empresarial-2-2\/"},"modified":"2019-10-03T13:46:30","modified_gmt":"2019-10-03T16:46:30","slug":"executivo-em-comunicacao-e-etica-empresarial-2-2","status":"publish","type":"post","link":"https:\/\/goias.gov.br\/inovacao\/executivo-em-comunicacao-e-etica-empresarial-2-2\/","title":{"rendered":"Executivo em Comunica\u00e7\u00e3o e\u00a0\u00c9tica Empresarial &#8211; Capacita\u00e7\u00e3o\/Atualiza\u00e7\u00e3o"},"content":{"rendered":"<p>Categoria: Capacita&ccedil;&atilde;o\/ Atualiza&ccedil;&atilde;o<\/p>\n<p>\nEixo Tecnol&oacute;gico: Gest&atilde;o e&nbsp;Neg&oacute;cios<\/p>\n<p>\nModalidade: Ead<\/p>\n<p>\nCarga Hor&aacute;ria: 120 Horas<\/p>\n<p>\nDura&ccedil;&atilde;o Aproximada: 2 Meses<\/p>\n<p>&nbsp;<\/p>\n<ul>\n<li>&nbsp;Itego Maria Sebastiana Da Silva<\/li>\n<li>Itego Governador Onofre Quinan<\/li>\n<\/ul>\n","protected":false},"excerpt":{"rendered":"<p>Categoria: Capacita&ccedil;&atilde;o\/ Atualiza&ccedil;&atilde;o Eixo Tecnol&oacute;gico: Gest&atilde;o e&nbsp;Neg&oacute;cios Modalidade: Ead Carga Hor&aacute;ria: 120 Horas Dura&ccedil;&atilde;o Aproximada: 2 Meses &nbsp; &nbsp;Itego Maria Sebastiana Da Silva Itego Governador Onofre Quinan<\/p>\n","protected":false},"author":376,"featured_media":0,"comment_status":"closed","ping_status":"open","sticky":false,"template":"","format":"standard","meta":{"footnotes":""},"categories":[96],"tags":[127,113],"class_list":["post-32173","post","type-post","status-publish","format-standard","hentry","category-cursos-itego","tag-instituto-tecnologico-do-estado-de-goias-governador-onofre-quinan","tag-instituto-tecnologico-do-estado-de-goias-maria-sebastiana-da-silva"],"rttpg_featured_image_url":null,"rttpg_author":{"display_name":"jorgeluiznascimento","author_link":"https:\/\/goias.gov.br\/inovacao\/author\/jorgeluiznascimento\/"},"rttpg_comment":0,"rttpg_category":"<a href=\"https:\/\/goias.gov.br\/inovacao\/categoria\/area-de-atuacao\/educacao-superior-e\/cursos-itego\/\" rel=\"category tag\">Cursos ITEGO<\/a>","rttpg_excerpt":"Categoria: Capacita&ccedil;&atilde;o\/ Atualiza&ccedil;&atilde;o Eixo Tecnol&oacute;gico: Gest&atilde;o e&nbsp;Neg&oacute;cios Modalidade: Ead Carga Hor&aacute;ria: 120 Horas Dura&ccedil;&atilde;o Aproximada: 2 Meses &nbsp; &nbsp;Itego Maria Sebastiana Da Silva Itego Governador Onofre Quinan","_links":{"self":[{"href":"https:\/\/goias.gov.br\/inovacao\/wp-json\/wp\/v2\/posts\/32173","targetHints":{"allow":["GET"]}}],"collection":[{"href":"https:\/\/goias.gov.br\/inovacao\/wp-json\/wp\/v2\/posts"}],"about":[{"href":"https:\/\/goias.gov.br\/inovacao\/wp-json\/wp\/v2\/types\/post"}],"author":[{"embeddable":true,"href":"https:\/\/goias.gov.br\/inovacao\/wp-json\/wp\/v2\/users\/376"}],"replies":[{"embeddable":true,"href":"https:\/\/goias.gov.br\/inovacao\/wp-json\/wp\/v2\/comments?post=32173"}],"version-history":[{"count":0,"href":"https:\/\/goias.gov.br\/inovacao\/wp-json\/wp\/v2\/posts\/32173\/revisions"}],"wp:attachment":[{"href":"https:\/\/goias.gov.br\/inovacao\/wp-json\/wp\/v2\/media?parent=32173"}],"wp:term":[{"taxonomy":"category","embeddable":true,"href":"https:\/\/goias.gov.br\/inovacao\/wp-json\/wp\/v2\/categories?post=32173"},{"taxonomy":"post_tag","embeddable":true,"href":"https:\/\/goias.gov.br\/inovacao\/wp-json\/wp\/v2\/tags?post=32173"}],"curies":[{"name":"wp","href":"https:\/\/api.w.org\/{rel}","templated":true}]}}