

{"id":32015,"date":"2019-09-25T10:50:19","date_gmt":"2019-09-25T13:50:19","guid":{"rendered":"https:\/\/siteshom.goias.gov.br\/inovacao\/contabilidade-publica\/"},"modified":"2019-09-25T10:50:19","modified_gmt":"2019-09-25T13:50:19","slug":"contabilidade-publica","status":"publish","type":"post","link":"https:\/\/goias.gov.br\/inovacao\/contabilidade-publica\/","title":{"rendered":"Contabilidade P\u00fablica &#8211; Capacita\u00e7\u00e3o\/Atualiza\u00e7\u00e3o"},"content":{"rendered":"<p>Categoria: Capacita&ccedil;&atilde;o\/ Atualiza&ccedil;&atilde;o<\/p>\n<p>Eixo Tecnol&oacute;gico: Gest&atilde;o e&nbsp;Neg&oacute;cios<\/p>\n<p>Modalidade: Ead<\/p>\n<p>Carga Hor&aacute;ria: 90 Horas<\/p>\n<p>Dura&ccedil;&atilde;o Aproximada: 2 Meses<\/p>\n<ul>\n<li>ITEGO JER&Ocirc;NIMO CARLOS DO PRADO<\/li>\n<li>ITEGO GOIANDIRA AYRES DO COUTO<\/li>\n<li>ITEGO SEBASTI&Atilde;O DE SIQUEIRA<\/li>\n<li>ITEGO MARIA SEBASTIANA DA SILVA<\/li>\n<li>ITEGO GOVERNADOR ONOFRE QUINAN<\/li>\n<\/ul>\n","protected":false},"excerpt":{"rendered":"<p>Categoria: Capacita&ccedil;&atilde;o\/ Atualiza&ccedil;&atilde;o Eixo Tecnol&oacute;gico: Gest&atilde;o e&nbsp;Neg&oacute;cios Modalidade: Ead Carga Hor&aacute;ria: 90 Horas Dura&ccedil;&atilde;o Aproximada: 2 Meses ITEGO JER&Ocirc;NIMO CARLOS DO PRADO ITEGO GOIANDIRA AYRES DO COUTO ITEGO SEBASTI&Atilde;O DE SIQUEIRA ITEGO MARIA SEBASTIANA DA SILVA ITEGO GOVERNADOR ONOFRE QUINAN<\/p>\n","protected":false},"author":374,"featured_media":0,"comment_status":"closed","ping_status":"open","sticky":false,"template":"","format":"standard","meta":{"footnotes":""},"categories":[96],"tags":[127,114,117,113,125],"class_list":["post-32015","post","type-post","status-publish","format-standard","hentry","category-cursos-itego","tag-instituto-tecnologico-do-estado-de-goias-governador-onofre-quinan","tag-instituto-tecnologico-do-estado-de-goias-goyandira-ayres-do-couto","tag-instituto-tecnologico-do-estado-de-goias-jeronimo-carlos-do-prado","tag-instituto-tecnologico-do-estado-de-goias-maria-sebastiana-da-silva","tag-instituto-tecnologico-do-estado-de-goias-sebastiao-de-siqueira"],"rttpg_featured_image_url":null,"rttpg_author":{"display_name":"joaoacarvalho","author_link":"https:\/\/goias.gov.br\/inovacao\/author\/joaoacarvalho\/"},"rttpg_comment":0,"rttpg_category":"<a href=\"https:\/\/goias.gov.br\/inovacao\/categoria\/area-de-atuacao\/educacao-superior-e\/cursos-itego\/\" rel=\"category tag\">Cursos ITEGO<\/a>","rttpg_excerpt":"Categoria: Capacita&ccedil;&atilde;o\/ Atualiza&ccedil;&atilde;o Eixo Tecnol&oacute;gico: Gest&atilde;o e&nbsp;Neg&oacute;cios Modalidade: Ead Carga Hor&aacute;ria: 90 Horas Dura&ccedil;&atilde;o Aproximada: 2 Meses ITEGO JER&Ocirc;NIMO CARLOS DO PRADO ITEGO GOIANDIRA AYRES DO COUTO ITEGO SEBASTI&Atilde;O DE SIQUEIRA ITEGO MARIA SEBASTIANA DA SILVA ITEGO GOVERNADOR ONOFRE QUINAN","_links":{"self":[{"href":"https:\/\/goias.gov.br\/inovacao\/wp-json\/wp\/v2\/posts\/32015","targetHints":{"allow":["GET"]}}],"collection":[{"href":"https:\/\/goias.gov.br\/inovacao\/wp-json\/wp\/v2\/posts"}],"about":[{"href":"https:\/\/goias.gov.br\/inovacao\/wp-json\/wp\/v2\/types\/post"}],"author":[{"embeddable":true,"href":"https:\/\/goias.gov.br\/inovacao\/wp-json\/wp\/v2\/users\/374"}],"replies":[{"embeddable":true,"href":"https:\/\/goias.gov.br\/inovacao\/wp-json\/wp\/v2\/comments?post=32015"}],"version-history":[{"count":0,"href":"https:\/\/goias.gov.br\/inovacao\/wp-json\/wp\/v2\/posts\/32015\/revisions"}],"wp:attachment":[{"href":"https:\/\/goias.gov.br\/inovacao\/wp-json\/wp\/v2\/media?parent=32015"}],"wp:term":[{"taxonomy":"category","embeddable":true,"href":"https:\/\/goias.gov.br\/inovacao\/wp-json\/wp\/v2\/categories?post=32015"},{"taxonomy":"post_tag","embeddable":true,"href":"https:\/\/goias.gov.br\/inovacao\/wp-json\/wp\/v2\/tags?post=32015"}],"curies":[{"name":"wp","href":"https:\/\/api.w.org\/{rel}","templated":true}]}}