

{"id":31792,"date":"2019-08-09T16:52:03","date_gmt":"2019-08-09T19:52:03","guid":{"rendered":"https:\/\/siteshom.goias.gov.br\/inovacao\/manifestacao-da-capacidade-tecnica-da-os-cegecon\/"},"modified":"2019-08-09T16:52:03","modified_gmt":"2019-08-09T19:52:03","slug":"manifestacao-da-capacidade-tecnica-da-os-cegecon","status":"publish","type":"post","link":"https:\/\/goias.gov.br\/inovacao\/manifestacao-da-capacidade-tecnica-da-os-cegecon\/","title":{"rendered":"Manifesta\u00e7\u00e3o da Capacidade T\u00e9cnica da OS &#8211; CEGECON"},"content":{"rendered":"<p><a href=\"https:\/\/goias.gov.br\/inovacao\/wp-content\/uploads\/sites\/26\/2019\/08\/Curriculos-e1e.pdf\" id=\"\" style=\"\" target=\"\" title=\"\" rel=\"noopener\">Documenta&ccedil;&atilde;o de Qualifica&ccedil;&atilde;o Profissional do Corpo T&eacute;cnico e Diretivo<\/a><\/p>\n<p><a href=\"https:\/\/goias.gov.br\/inovacao\/wp-content\/uploads\/sites\/26\/2019\/08\/ManifestacaodaCapacidadeTecnica-eed.pdf\" id=\"\" style=\"\" target=\"\" title=\"\" rel=\"noopener\">Manifesta&ccedil;&atilde;o da Capacidade T&eacute;cnica da Organiza&ccedil;&atilde;o Social &#8211; CEGECON<\/a><\/p>\n","protected":false},"excerpt":{"rendered":"<p>Documenta&ccedil;&atilde;o de Qualifica&ccedil;&atilde;o Profissional do Corpo T&eacute;cnico e Diretivo Manifesta&ccedil;&atilde;o da Capacidade T&eacute;cnica da Organiza&ccedil;&atilde;o Social &#8211; CEGECON<\/p>\n","protected":false},"author":371,"featured_media":0,"comment_status":"closed","ping_status":"open","sticky":false,"template":"","format":"standard","meta":{"footnotes":""},"categories":[91],"tags":[],"class_list":["post-31792","post","type-post","status-publish","format-standard","hentry","category-oss-transparencia"],"rttpg_featured_image_url":null,"rttpg_author":{"display_name":"mariabertelli","author_link":"https:\/\/goias.gov.br\/inovacao\/author\/mariabertelli\/"},"rttpg_comment":0,"rttpg_category":"<a href=\"https:\/\/goias.gov.br\/inovacao\/categoria\/institucional\/oss-transparencia\/\" rel=\"category tag\">OSs Transpar\u00eancia<\/a>","rttpg_excerpt":"Documenta&ccedil;&atilde;o de Qualifica&ccedil;&atilde;o Profissional do Corpo T&eacute;cnico e Diretivo Manifesta&ccedil;&atilde;o da Capacidade T&eacute;cnica da Organiza&ccedil;&atilde;o Social &#8211; CEGECON","_links":{"self":[{"href":"https:\/\/goias.gov.br\/inovacao\/wp-json\/wp\/v2\/posts\/31792","targetHints":{"allow":["GET"]}}],"collection":[{"href":"https:\/\/goias.gov.br\/inovacao\/wp-json\/wp\/v2\/posts"}],"about":[{"href":"https:\/\/goias.gov.br\/inovacao\/wp-json\/wp\/v2\/types\/post"}],"author":[{"embeddable":true,"href":"https:\/\/goias.gov.br\/inovacao\/wp-json\/wp\/v2\/users\/371"}],"replies":[{"embeddable":true,"href":"https:\/\/goias.gov.br\/inovacao\/wp-json\/wp\/v2\/comments?post=31792"}],"version-history":[{"count":0,"href":"https:\/\/goias.gov.br\/inovacao\/wp-json\/wp\/v2\/posts\/31792\/revisions"}],"wp:attachment":[{"href":"https:\/\/goias.gov.br\/inovacao\/wp-json\/wp\/v2\/media?parent=31792"}],"wp:term":[{"taxonomy":"category","embeddable":true,"href":"https:\/\/goias.gov.br\/inovacao\/wp-json\/wp\/v2\/categories?post=31792"},{"taxonomy":"post_tag","embeddable":true,"href":"https:\/\/goias.gov.br\/inovacao\/wp-json\/wp\/v2\/tags?post=31792"}],"curies":[{"name":"wp","href":"https:\/\/api.w.org\/{rel}","templated":true}]}}