

{"id":26920,"date":"2017-11-22T16:11:25","date_gmt":"2017-11-22T18:11:25","guid":{"rendered":"https:\/\/siteshom.goias.gov.br\/inovacao\/regional-3-reger\/"},"modified":"2025-05-14T02:00:28","modified_gmt":"2025-05-14T05:00:28","slug":"regional-3-reger","status":"publish","type":"post","link":"https:\/\/goias.gov.br\/inovacao\/regional-3-reger\/","title":{"rendered":"Regional 3 &#8211; REGER"},"content":{"rendered":"<div id=\"acesso-informacao-page\">\n<p><a href=\"https:\/\/www.institutoreger.org.br\/contrato-de-gestao\/\" target=\"_blank\" rel=\"noopener\">Instituto Reger de Educa\u00e7\u00e3o, Cultura e Tecnologia<\/a><\/p>\n<p>Esta se\u00e7\u00e3o permite ao cidad\u00e3o acessar as informa\u00e7\u00f5es produzidas e\/ou custodiadas pela <strong>SECRETARIA DE DESENVOLVIMENTO E INOVA\u00c7\u00c3O &#8211; SEDI<\/strong>, garantindo o direito constitucional de acesso \u00e0 informa\u00e7\u00e3o, regulamentado pela <a href=\"https:\/\/www.planalto.gov.br\/ccivil_03\/_Ato2011-2014\/2011\/Lei\/L12527.htm\" target=\"_blank\" rel=\"noopener\">Lei Federal n\u00ba 12.527\/2011<\/a>, e, em \u00e2mbito estadual, pela <a href=\"https:\/\/www.gabinetecivil.goias.gov.br\/leis_ordinarias\/2013\/lei_18025.htm\" target=\"_blank\" rel=\"noopener\">Lei n\u00ba 18.025\/2013<\/a> e pelos decretos n\u00ba\u00a0<a href=\"https:\/\/www.gabinetecivil.go.gov.br\/pagina_decretos.php?id=11363\" target=\"_blank\" rel=\"noopener\">7.904\/2013<\/a> e <a href=\"https:\/\/www.gabinetecivil.go.gov.br\/pagina_decretos.php?id=11360\" target=\"_blank\" rel=\"noopener\">7.903\/2013<\/a>.<\/p>\n<div class=\"acesso-informacao-row box-3x\">\n<div class=\"acesso-informacao-box cor07\">\n<div class=\"acesso-informacao-inner\">\n<h3 class=\"acesso-informacao-title\">Qualifica\u00e7\u00e3o<\/h3>\n<ul class=\"acesso-informacao-list\">\n<li><a href=\"https:\/\/goias.gov.br\/inovacao\/wp-content\/uploads\/sites\/26\/2017\/11\/1-requerimento-para-obtencao-do-titulo-de-os2-a2f.pdf\">Requerimento para obten\u00e7\u00e3o do t\u00edtulo de OS<\/a><\/li>\n<li><a href=\"https:\/\/goias.gov.br\/inovacao\/manifestacao-da-capacidade-tecnica-da-os-reger\/\">Manifesta\u00e7\u00e3o de capacidade t\u00e9cnica da OS<\/a><\/li>\n<li><a href=\"https:\/\/goias.gov.br\/inovacao\/wp-content\/uploads\/sites\/26\/2017\/11\/3-manifestacao-da-pge-go2-a8a.pdf\">Manifesta\u00e7\u00e3o da PGE-GO<\/a><\/li>\n<li><a href=\"https:\/\/www.institutoreger.org.br\/wp-content\/uploads\/2017\/11\/estudos-tecnicos-previos.pdf\">Estudos t\u00e9cnicos pr\u00e9vios<\/a><\/li>\n<li><a href=\"https:\/\/goias.gov.br\/inovacao\/wp-content\/uploads\/sites\/26\/2017\/11\/5-decisao-do-chefe-do-poder-executivo2-618.pdf\">Decis\u00e3o do chefe do Poder Executivo<\/a><\/li>\n<\/ul>\n<\/div>\n<\/div>\n<div class=\"acesso-informacao-box cor01\">\n<div class=\"acesso-informacao-inner\">\n<h3 class=\"acesso-informacao-title\">Informa\u00e7\u00f5es Gerais<\/h3>\n<ul class=\"acesso-informacao-list\">\n<li><a href=\"https:\/\/goias.gov.br\/inovacao\/instrumento-de-chamamento-publico-reger\/\" target=\"_blank\" rel=\"noopener\">Processo de chamamento p\u00fablico<\/a><\/li>\n<li><a href=\"https:\/\/goias.gov.br\/inovacao\/contrato-de-gestao-aditivos-regional-3\/\">Contrato de gest\u00e3o\/aditivos<\/a><\/li>\n<li><a href=\"https:\/\/goias.gov.br\/inovacao\/estatuto-social-reger\/\">Estatuto Social<\/a><\/li>\n<li><a href=\"https:\/\/goias.gov.br\/inovacao\/organograma\/\" target=\"_blank\" rel=\"noopener\">Organograma<\/a><\/li>\n<li><a id=\"\" title=\"\" href=\"https:\/\/goias.gov.br\/inovacao\/wp-content\/uploads\/sites\/26\/2017\/11\/competencias-previstas-contrato-de-gestao-001-2017-reger-11a.pdf\" target=\"\" rel=\"noopener\">Compet\u00eancias previstas no contrato de gest\u00e3o<\/a><\/li>\n<li><a href=\"https:\/\/goias.gov.br\/inovacao\/cargos-e-seus-ocupantes-reger\/\">Cargos e seus ocupantes<\/a><\/li>\n<li style=\"text-align: left;\"><a href=\"https:\/\/goias.gov.br\/inovacao\/membros-dos-conselhos-de-administracao-e-fiscal-2-2\/\">Membros dos conselhos de administra\u00e7\u00e3o e fiscal<\/a><\/li>\n<li><a href=\"https:\/\/goias.gov.br\/inovacao\/telefones-enderecos-e-horarios-de-atendimento-2\/\">Telefones, endere\u00e7os e hor\u00e1rios de atendimento<\/a><\/li>\n<li><a href=\"https:\/\/www.institutoreger.org.br\/transparencia\/atas-de-reuniao\/\" target=\"_blank\" rel=\"noopener\">Atas de reuni\u00f5es<\/a><\/li>\n<li><a href=\"https:\/\/goias.gov.br\/inovacao\/unidades-vinculadas-itegos-e-cotecs-reger\/\" target=\"_blank\" rel=\"noopener\">Unidades vinculadas:\u00a0COTECs<\/a><\/li>\n<li><a href=\"https:\/\/goias.gov.br\/inovacao\/equipe-tecnica-do-chamamento-publico-2\/\">Equipe t\u00e9cnica do chamamento p\u00fablico<\/a><\/li>\n<li><a href=\"https:\/\/goias.gov.br\/inovacao\/plano-de-cursos-reger\/\">Plano de cursos<\/a><\/li>\n<\/ul>\n<\/div>\n<\/div>\n<div class=\"acesso-informacao-box cor02\">\n<div class=\"acesso-informacao-inner\">\n<h3 class=\"acesso-informacao-title\">Servi\u00e7o de Informa\u00e7\u00f5es ao Cidad\u00e3o (SIC)<\/h3>\n<ul class=\"acesso-informacao-list\">\n<li><a href=\"https:\/\/vaptvupt.goias.gov.br\/unidades\">Atendimento presencial &#8211; unidades do Vapt Vupt dispon\u00edveis<\/a><\/li>\n<li><a href=\"https:\/\/www.desenvolvimento.go.gov.br\/component\/content\/article\/2-institucional\/2915-ouvidoria.html\">Atendimento presencial &#8211; Ouvidoria<\/a><\/li>\n<li><a title=\"eSIC - Formul\u00e1rio eletr\u00f4nico de pedido de Acesso \u00e0 Informa\u00e7\u00e3o\" href=\"https:\/\/www.cge.go.gov.br\/ouvidoria\/frm_manifestacao.php?orgao=36&amp;tipo_manifestacao=7\" target=\"_blank\" rel=\"noopener\">Atendimento eletr\u00f4nico &#8211; fa\u00e7a seu pedido de acesso \u00e0 Informa\u00e7\u00e3o<\/a><\/li>\n<li><a href=\"https:\/\/goias.gov.br\/inovacao\/autoridade-de-monitoramento-da-aplicacao-da-lei\/\" target=\"_blank\" rel=\"noopener\">Autoridade de monitoramento da aplica\u00e7\u00e3o da Lei<\/a><\/li>\n<\/ul>\n<\/div>\n<\/div>\n<div class=\"acesso-informacao-box cor03\">\n<div class=\"acesso-informacao-inner\">\n<h3 class=\"acesso-informacao-title\">Perguntas e Respostas Frequentes da Sociedade<\/h3>\n<ul class=\"acesso-informacao-list\">\n<li><a href=\"https:\/\/goias.gov.br\/inovacao\/perguntas-e-respostas-frequentes\/\" target=\"_blank\" rel=\"noopener\">Perguntas e respostas frequentes<\/a><\/li>\n<\/ul>\n<\/div>\n<\/div>\n<div class=\"acesso-informacao-box cor04\">\n<div class=\"acesso-informacao-inner\">\n<h3 class=\"acesso-informacao-title\">Or\u00e7amento<\/h3>\n<ul class=\"acesso-informacao-list\">\n<li><a href=\"https:\/\/goias.gov.br\/inovacao\/orcamento-da-entidade-individualizado-por-contrato-de-gestao-2\/\">Or\u00e7amento da entidade individualizado por contrato de gest\u00e3o<\/a><\/li>\n<li><a href=\"https:\/\/goias.gov.br\/inovacao\/execucao-orcamentaria-mensal-e-acumulada-do-ano-reger\/\">Execu\u00e7\u00e3o or\u00e7ament\u00e1ria mensal e acumulada do ano<\/a><\/li>\n<\/ul>\n<\/div>\n<\/div>\n<div class=\"acesso-informacao-box cor05\">\n<div class=\"acesso-informacao-inner\">\n<h3 class=\"acesso-informacao-title\">Patrim\u00f4nio<\/h3>\n<ul class=\"acesso-informacao-list\">\n<li><a href=\"https:\/\/goias.gov.br\/inovacao\/patrimonio-bens-moveis-reger\/\" target=\"_blank\" rel=\"noopener\">Bens m\u00f3veis<\/a><\/li>\n<li><a id=\"\" title=\"\" href=\"https:\/\/goias.gov.br\/inovacao\/wp-content\/uploads\/sites\/26\/2017\/11\/11.20-df0.pdf\" target=\"\" rel=\"noopener\">Bens im\u00f3veis<\/a><\/li>\n<\/ul>\n<\/div>\n<\/div>\n<div class=\"acesso-informacao-box cor08\">\n<div class=\"acesso-informacao-inner\">\n<h3 class=\"acesso-informacao-title\">Compras \/ Contratos<\/h3>\n<ul class=\"acesso-informacao-list\">\n<li><a href=\"https:\/\/goias.gov.br\/inovacao\/regulamento-de-contratacao-de-bens-e-servicos-2\/\">Regulamento de contrata\u00e7\u00e3o de bens e servi\u00e7os<\/a><\/li>\n<li><a href=\"https:\/\/goias.gov.br\/inovacao\/edital-de-aquisicao-e-contratacao-2\/\">Edital de aquisi\u00e7\u00e3o e contrata\u00e7\u00e3o<\/a><\/li>\n<li><a href=\"https:\/\/www.institutoreger.org.br\/resultados-de-chamamento-de-contratacao\/\">Resultado\u00a0de aquisi\u00e7\u00e3o e contrata\u00e7\u00e3o<\/a><\/li>\n<li><a href=\"https:\/\/www.institutoreger.org.br\/contratos-chamamento-de-contratacao\/\">Contratos assinados com terceiros<\/a><\/li>\n<li><a href=\"https:\/\/www.institutoreger.org.br\/transparencia\/contratos-terceiros\/\">Relat\u00f3rio consolidado de contratos celebrados com terceiros<\/a><\/li>\n<li><a id=\"\" title=\"\" href=\"https:\/\/goias.gov.br\/inovacao\/wp-content\/uploads\/sites\/26\/2017\/11\/RegulamentoFundoCaixa-2af.pdf\" target=\"\" rel=\"noopener\">Regulamento fundo de caixa<\/a><\/li>\n<\/ul>\n<\/div>\n<\/div>\n<div class=\"acesso-informacao-box cor09\">\n<div class=\"acesso-informacao-inner\">\n<h3 class=\"acesso-informacao-title\">Termos, Acordos, Conv\u00eanios e Parceiras<\/h3>\n<ul class=\"acesso-informacao-list\">\n<li><a href=\"https:\/\/www.institutoreger.org.br\/transparencia\/convenios-firmados\/\">C\u00f3pia integral dos conv\u00eanios, termos de parcerias, acordos, ajustes ou instrumentos cong\u00eaneres realizados com o Poder P\u00fablico Estadual e respectivos aditivos<\/a><\/li>\n<li><a href=\"https:\/\/www.institutoreger.org.br\/transparencia\/relatorio-final-de-prestacao-de-contas\/\">Relat\u00f3rio final de presta\u00e7\u00e3o de contas<\/a><\/li>\n<\/ul>\n<\/div>\n<\/div>\n<div class=\"acesso-informacao-box cor12\">\n<div class=\"acesso-informacao-inner\">\n<h3 class=\"acesso-informacao-title\">Financeiro<\/h3>\n<ul class=\"acesso-informacao-list\">\n<li><a href=\"https:\/\/goias.gov.br\/inovacao\/relatorio-de-recursos-gastos-reger\/\" target=\"_blank\" rel=\"noopener\">Relat\u00f3rio mensal comparativo de recursos recebidos, gastos e devolvidos ao Poder P\u00fablico<\/a><\/li>\n<\/ul>\n<\/div>\n<\/div>\n<\/div>\n<div class=\"acesso-informacao-row box-2x\">\n<div class=\"acesso-informacao-box cor10\">\n<div class=\"acesso-informacao-inner\">\n<h3 class=\"acesso-informacao-title\">Pessoal<\/h3>\n<ul class=\"acesso-informacao-list\">\n<li><a href=\"https:\/\/www.institutoreger.org.br\/transparencia\/regulamento-de-contratacao-de-pessoal\/\">Regulamento de contrata\u00e7\u00e3o de pessoal<\/a><\/li>\n<li><a href=\"https:\/\/www.institutoreger.org.br\/transparencia\/plano-de-cargos-beneficios-e-remuneracao\/\">Plano de cargos, benef\u00edcios e remunera\u00e7\u00e3o<\/a><\/li>\n<li><a href=\"https:\/\/www.institutoreger.org.br\/transparencia\/chamamento-publico-para-recrutamento-e-selecao-dos-empregados\/\" target=\"_blank\" rel=\"noopener\">Chamamento p\u00fablico para recrutamento e sele\u00e7\u00e3o dos empregados<\/a><\/li>\n<li><a href=\"https:\/\/www.institutoreger.org.br\/transparencia\/resultados-dos-processos-seletivos-simplificados\/\">Resultados dos chamamentos p\u00fablicos para recrutamento e sele\u00e7\u00e3o de empregados<\/a><\/li>\n<li><a href=\"https:\/\/www.institutoreger.org.br\/transparencia\/estrutura-remuneratoria-dos-dirigentes\/\" target=\"_blank\" rel=\"noopener\">Rela\u00e7\u00e3o mensal dos dirigentes com os respectivos sal\u00e1rios<\/a><\/li>\n<li><a href=\"https:\/\/www.institutoreger.org.br\/transparencia\/relacao-mensal-dos-empregados-com-os-respectivos-salarios\/\" target=\"_blank\" rel=\"noopener\">Rela\u00e7\u00e3o mensal dos empregados com os respectivos sal\u00e1rios<\/a><\/li>\n<li><a href=\"https:\/\/www.institutoreger.org.br\/transparencia\/relacao-mensal-dos-membros-dos-conselhos-de-administracao-e-fiscal-com-as-respectivas-ajudas-de-custo\/\">Rela\u00e7\u00e3o mensal dos membros dos conselhos de administra\u00e7\u00e3o e fiscal com as respectivas ajudas de custo\u00a0<\/a><\/li>\n<li><a href=\"https:\/\/www.institutoreger.org.br\/transparencia\/relacao-mensal-dos-servidores-cedidos\/\">Rela\u00e7\u00e3o mensal dos servidores cedidos com os respectivos sal\u00e1rios<\/a><\/li>\n<li><a href=\"https:\/\/goias.gov.br\/inovacao\/relacao-mensal-dos-servidores-devolvidos-reger\/\" target=\"_blank\" rel=\"noopener\">Rela\u00e7\u00e3o mensal dos servidores devolvidos<\/a><\/li>\n<li><a href=\"https:\/\/www.institutoreger.org.br\/transparencia\/relatorio-de-admissao-de-pessoal-semanal\/\">Rela\u00e7\u00e3o de admiss\u00e3o de pessoal<\/a><\/li>\n<li><a href=\"https:\/\/www.institutoreger.org.br\/transparencia\/relatorio-de-demissao-de-pessoal\/\">Rela\u00e7\u00e3o de demiss\u00e3o de pessoal<\/a><\/li>\n<li><a id=\"\" title=\"\" href=\"https:\/\/goias.gov.br\/inovacao\/wp-content\/uploads\/sites\/26\/2017\/11\/RegimentoDiarias-8a9.pdf\" target=\"\" rel=\"noopener\">Regulamento de di\u00e1ria e transporte<\/a><\/li>\n<\/ul>\n<\/div>\n<\/div>\n<div class=\"acesso-informacao-box cor11\">\n<div class=\"acesso-informacao-inner\">\n<h3 class=\"acesso-informacao-title\">Presta\u00e7\u00e3o de Contas<\/h3>\n<ul class=\"acesso-informacao-list\">\n<li><a href=\"https:\/\/www.institutoreger.org.br\/transparencia\/relatorios-gerenciais-do-conselho-de-administracao-e-do-conselho-fiscal\/\">Relat\u00f3rio gerencial dos conselhos de administra\u00e7\u00e3o e fiscal<\/a><\/li>\n<li><a href=\"https:\/\/goias.gov.br\/inovacao\/relatorio-da-comissao-de-avaliacao-reger\/\">Relat\u00f3rio da comiss\u00e3o de avalia\u00e7\u00e3o<\/a><\/li>\n<li><a href=\"https:\/\/www.institutoreger.org.br\/transparencia\/relatorio-gerencial-de-producao\/\">Relat\u00f3rio gerencial de produ\u00e7\u00e3o<\/a><\/li>\n<li><a href=\"https:\/\/goias.gov.br\/inovacao\/relatorios-mensais-e-anuais-de-suas-acoes-e-atividades-reger\/\" target=\"_blank\" rel=\"noopener\">Relat\u00f3rios mensais e anuais de suas a\u00e7\u00f5es e atividades<\/a><\/li>\n<li><a href=\"https:\/\/goias.gov.br\/inovacao\/resultados-de-inspecoes-e-auditorias-concluidas-reger\/\">Resultados de inspe\u00e7\u00f5es e auditorias conclu\u00eddas<\/a><\/li>\n<li><a href=\"https:\/\/www.institutoreger.org.br\/transparencia\/processos-administrativos-que-impliquem-despesas\/\">Processos administrativos que impliquem despesas<\/a><\/li>\n<li><a href=\"https:\/\/goias.gov.br\/inovacao\/demonstracoes-contabeis-reger-2\/\">Demonstra\u00e7\u00f5es cont\u00e1beis<\/a><\/li>\n<li><a href=\"https:\/\/goias.gov.br\/inovacao\/detalhamento-das-despesas-administrativas-reger\/\" target=\"_blank\" rel=\"noopener\">Despesa\u00a0administrativa quando OS e unidade gerida se situarem em localidades diversas<\/a><\/li>\n<\/ul>\n<\/div>\n<\/div>\n<\/div>\n<\/div>\n","protected":false},"excerpt":{"rendered":"<p>Instituto Reger de Educa\u00e7\u00e3o, Cultura e Tecnologia Esta se\u00e7\u00e3o permite ao cidad\u00e3o acessar as informa\u00e7\u00f5es produzidas e\/ou custodiadas pela SECRETARIA DE DESENVOLVIMENTO E INOVA\u00c7\u00c3O &#8211; SEDI, garantindo o direito constitucional de acesso \u00e0 informa\u00e7\u00e3o, regulamentado pela Lei Federal n\u00ba 12.527\/2011, e, em \u00e2mbito estadual, pela Lei n\u00ba 18.025\/2013 e pelos decretos n\u00ba\u00a07.904\/2013 e 7.903\/2013. Qualifica\u00e7\u00e3o [&hellip;]<\/p>\n","protected":false},"author":7,"featured_media":0,"comment_status":"closed","ping_status":"open","sticky":false,"template":"","format":"standard","meta":{"footnotes":""},"categories":[91],"tags":[],"class_list":["post-26920","post","type-post","status-publish","format-standard","hentry","category-oss-transparencia"],"rttpg_featured_image_url":null,"rttpg_author":{"display_name":"gustavogoncalves","author_link":"https:\/\/goias.gov.br\/inovacao\/author\/gustavogoncalves\/"},"rttpg_comment":0,"rttpg_category":"<a href=\"https:\/\/goias.gov.br\/inovacao\/categoria\/institucional\/oss-transparencia\/\" rel=\"category tag\">OSs Transpar\u00eancia<\/a>","rttpg_excerpt":"Instituto Reger de Educa\u00e7\u00e3o, Cultura e Tecnologia Esta se\u00e7\u00e3o permite ao cidad\u00e3o acessar as informa\u00e7\u00f5es produzidas e\/ou custodiadas pela SECRETARIA DE DESENVOLVIMENTO E INOVA\u00c7\u00c3O &#8211; SEDI, garantindo o direito constitucional de acesso \u00e0 informa\u00e7\u00e3o, regulamentado pela Lei Federal n\u00ba 12.527\/2011, e, em \u00e2mbito estadual, pela Lei n\u00ba 18.025\/2013 e pelos decretos n\u00ba\u00a07.904\/2013 e 7.903\/2013. Qualifica\u00e7\u00e3o&hellip;","_links":{"self":[{"href":"https:\/\/goias.gov.br\/inovacao\/wp-json\/wp\/v2\/posts\/26920","targetHints":{"allow":["GET"]}}],"collection":[{"href":"https:\/\/goias.gov.br\/inovacao\/wp-json\/wp\/v2\/posts"}],"about":[{"href":"https:\/\/goias.gov.br\/inovacao\/wp-json\/wp\/v2\/types\/post"}],"author":[{"embeddable":true,"href":"https:\/\/goias.gov.br\/inovacao\/wp-json\/wp\/v2\/users\/7"}],"replies":[{"embeddable":true,"href":"https:\/\/goias.gov.br\/inovacao\/wp-json\/wp\/v2\/comments?post=26920"}],"version-history":[{"count":2,"href":"https:\/\/goias.gov.br\/inovacao\/wp-json\/wp\/v2\/posts\/26920\/revisions"}],"predecessor-version":[{"id":71435,"href":"https:\/\/goias.gov.br\/inovacao\/wp-json\/wp\/v2\/posts\/26920\/revisions\/71435"}],"wp:attachment":[{"href":"https:\/\/goias.gov.br\/inovacao\/wp-json\/wp\/v2\/media?parent=26920"}],"wp:term":[{"taxonomy":"category","embeddable":true,"href":"https:\/\/goias.gov.br\/inovacao\/wp-json\/wp\/v2\/categories?post=26920"},{"taxonomy":"post_tag","embeddable":true,"href":"https:\/\/goias.gov.br\/inovacao\/wp-json\/wp\/v2\/tags?post=26920"}],"curies":[{"name":"wp","href":"https:\/\/api.w.org\/{rel}","templated":true}]}}