

{"id":122054,"date":"2026-04-30T08:59:00","date_gmt":"2026-04-30T11:59:00","guid":{"rendered":"https:\/\/goias.gov.br\/inovacao\/?p=122054"},"modified":"2026-04-30T08:59:00","modified_gmt":"2026-04-30T11:59:00","slug":"governo-de-goias-lanca-edital-para-participacao-de-pesquisadores-goianos-em-eventos-no-exterior","status":"publish","type":"post","link":"https:\/\/goias.gov.br\/inovacao\/governo-de-goias-lanca-edital-para-participacao-de-pesquisadores-goianos-em-eventos-no-exterior\/","title":{"rendered":"Governo de Goi\u00e1s lan\u00e7a edital para participa\u00e7\u00e3o de pesquisadores goianos em eventos no exterior"},"content":{"rendered":"\n<p><em>Iniciativa prev\u00ea 120 aux\u00edlios de R$ 10 mil e busca fortalecer a internacionaliza\u00e7\u00e3o da produ\u00e7\u00e3o cient\u00edfica acad\u00eamica de Goi\u00e1s<\/em><\/p>\n\n\n\n<p>O Governo de Goi\u00e1s, por meio da Funda\u00e7\u00e3o de Amparo \u00e0 Pesquisa do Estado de Goi\u00e1s (Fapeg), lan\u00e7ou nesta quarta-feira (29\/4), a Chamada P\u00fablica n\u00ba 08\/2026, que integra o Programa de Mobilidade Internacional \u2013 Participa\u00e7\u00e3o em Eventos no Exterior (2026-2027). O edital prev\u00ea investimento total de R$ 1,2 milh\u00e3o para apoiar pesquisadores goianos na apresenta\u00e7\u00e3o de trabalhos cient\u00edficos fora do pa\u00eds, fortalecendo a inser\u00e7\u00e3o internacional da produ\u00e7\u00e3o acad\u00eamica do estado.<\/p>\n\n\n\n<p>A iniciativa integra o programa Goi\u00e1s Pelo Mundo, coordenado pela Secretaria de Ci\u00eancia, Tecnologia e Inova\u00e7\u00e3o de Goi\u00e1s e pelo Goi\u00e1s Social, com execu\u00e7\u00e3o da Fapeg no \u00e2mbito da pol\u00edtica de internacionaliza\u00e7\u00e3o da ci\u00eancia. A proposta \u00e9 ampliar a presen\u00e7a de estudantes, professores e pesquisadores goianos em ambientes acad\u00eamicos e cient\u00edficos internacionais, promovendo forma\u00e7\u00e3o de alto n\u00edvel e conex\u00e3o com centros de excel\u00eancia no exterior.<\/p>\n\n\n\n<p>Secret\u00e1rio de Ci\u00eancia, Tecnologia e Inova\u00e7\u00e3o, Jos\u00e9 Frederico Lyra Netto afirma que Goi\u00e1s \u00e9 um estado que quer se posicionar de maneira internacional. \u201cEntendemos que o interc\u00e2mbio de conhecimento \u00e9 fundamental para acelerarmos a ci\u00eancia e a inova\u00e7\u00e3o do nosso estado, e por isso investimos para que nossos pesquisadores mostrem a ci\u00eancia que \u00e9 feita no estado no exterior, demonstrando que Goi\u00e1s est\u00e1 conectado com o que h\u00e1 de mais avan\u00e7ado no mundo, e que pode ser protagonista internacionalmente\u201d, avalia.<\/p>\n\n\n\n<p>O edital contempla todas as \u00e1reas do conhecimento e \u00e9 voltada a pesquisadores com t\u00edtulo de doutor que possuam v\u00ednculo empregat\u00edcio ou estatut\u00e1rio, em Institui\u00e7\u00e3o de Ensino Superior (IES) sediada no Estado de Goi\u00e1s, p\u00fablica ou privada, sem fins lucrativos ou comunit\u00e1ria, ou que sejam do quadro efetivo de ICT sediada no estado de Goi\u00e1s, com atua\u00e7\u00e3o como docente (permanente ou colaborador) de Programa de P\u00f3s-Gradua\u00e7\u00e3o stricto sensu.<\/p>\n\n\n\n<p>Ao todo, ser\u00e3o ofertados 120 aux\u00edlios individuais no valor de R$ 10 mil cada, concedidos na modalidade ajuda de custo. Os recursos s\u00e3o destinados a apoiar despesas relacionadas \u00e0 participa\u00e7\u00e3o em eventos cient\u00edficos internacionais, desde que o proponente apresente trabalho de pesquisa, seja na modalidade oral ou p\u00f4ster.<\/p>\n\n\n\n<p>Para o presidente da Fapeg, Marcos Arriel, o edital amplia a presen\u00e7a da pesquisa goiana no cen\u00e1rio internacional e fortalece a pol\u00edtica de fomento \u00e0 ci\u00eancia no estado. \u201cA Fapeg assegura condi\u00e7\u00f5es para que pesquisadores goianos apresentem seus trabalhos em eventos internacionais qualificados, ampliem redes de coopera\u00e7\u00e3o e levem a produ\u00e7\u00e3o cient\u00edfica do estado para o cen\u00e1rio global\u201d.<\/p>\n\n\n\n<p><strong>Inscri\u00e7\u00f5es<\/strong><br>O cronograma est\u00e1 dividido em dois ciclos. O primeiro, com inscri\u00e7\u00f5es abertas de 29 de abril a 29 de maio de 2026, contempla eventos que devem ser realizados entre agosto de 2026 e fevereiro de 2027, com or\u00e7amento de R$ 700 mil. J\u00e1 o segundo ciclo, previsto para setembro de 2026, abrange eventos entre mar\u00e7o e julho de 2027, com recursos de R$ 500 mil, sendo vedada qualquer altera\u00e7\u00e3o do evento indicado ap\u00f3s a divulga\u00e7\u00e3o do resultado final.<\/p>\n\n\n\n<p>De acordo com a funda\u00e7\u00e3o, as concess\u00f5es ser\u00e3o realizadas de forma escalonada, considerando a data de realiza\u00e7\u00e3o dos eventos. A Fapeg ressalta que o aux\u00edlio n\u00e3o necessariamente cobre todas as despesas da viagem, cabendo ao pesquisador complementar eventuais custos adicionais. Al\u00e9m disso, n\u00e3o poder\u00e3o concorrer candidatos que tenham recebido benef\u00edcio da mesma natureza nos seis meses anteriores \u00e0 solicita\u00e7\u00e3o.<\/p>\n\n\n\n<p>Com o novo edital, a Fapeg refor\u00e7a sua pol\u00edtica de incentivo \u00e0 internacionaliza\u00e7\u00e3o da ci\u00eancia goiana, promovendo a troca de conhecimento e a amplia\u00e7\u00e3o das redes de colabora\u00e7\u00e3o entre pesquisadores brasileiros e institui\u00e7\u00f5es estrangeiras.<\/p>\n\n\n\n<p>Acesse aqui o edital [abre.go.gov.br\/pesquisadores]<\/p>\n\n\n\n<p>Fotos: Fapeg<\/p>\n\n\n\n<p>Legenda: Pesquisadores goianos ter\u00e3o ajuda de R$ 10 mil para apresenta\u00e7\u00e3o de trabalhos no exterior<\/p>\n\n\n\n<p><strong>Funda\u00e7\u00e3o de Amparo \u00e0 Pesquisa | Secretaria de Ci\u00eancia, Tecnologia e Inova\u00e7\u00e3o \u2014 Governo de Goi\u00e1s<\/strong><\/p>\n","protected":false},"excerpt":{"rendered":"<p>Iniciativa prev\u00ea 120 aux\u00edlios de R$ 10 mil e busca fortalecer a internacionaliza\u00e7\u00e3o da produ\u00e7\u00e3o cient\u00edfica acad\u00eamica de Goi\u00e1s O Governo de Goi\u00e1s, por meio da Funda\u00e7\u00e3o de Amparo \u00e0 Pesquisa do Estado de Goi\u00e1s (Fapeg), lan\u00e7ou nesta quarta-feira (29\/4), a Chamada P\u00fablica n\u00ba 08\/2026, que integra o Programa de Mobilidade Internacional \u2013 Participa\u00e7\u00e3o em [&hellip;]<\/p>\n","protected":false},"author":334,"featured_media":122055,"comment_status":"closed","ping_status":"open","sticky":false,"template":"","format":"standard","meta":{"footnotes":""},"categories":[80],"tags":[217,449,532],"class_list":["post-122054","post","type-post","status-publish","format-standard","has-post-thumbnail","hentry","category-noticias","tag-ciencia","tag-destaque","tag-goias-pelo-mundo"],"rttpg_featured_image_url":{"full":["https:\/\/goias.gov.br\/inovacao\/wp-content\/uploads\/sites\/26\/2026\/04\/WhatsApp-Image-2026-04-29-at-17.34.16.jpeg",1600,1200,false],"landscape":["https:\/\/goias.gov.br\/inovacao\/wp-content\/uploads\/sites\/26\/2026\/04\/WhatsApp-Image-2026-04-29-at-17.34.16.jpeg",1600,1200,false],"portraits":["https:\/\/goias.gov.br\/inovacao\/wp-content\/uploads\/sites\/26\/2026\/04\/WhatsApp-Image-2026-04-29-at-17.34.16.jpeg",1600,1200,false],"thumbnail":["https:\/\/goias.gov.br\/inovacao\/wp-content\/uploads\/sites\/26\/2026\/04\/WhatsApp-Image-2026-04-29-at-17.34.16-150x150.jpeg",150,150,true],"medium":["https:\/\/goias.gov.br\/inovacao\/wp-content\/uploads\/sites\/26\/2026\/04\/WhatsApp-Image-2026-04-29-at-17.34.16-300x225.jpeg",300,225,true],"large":["https:\/\/goias.gov.br\/inovacao\/wp-content\/uploads\/sites\/26\/2026\/04\/WhatsApp-Image-2026-04-29-at-17.34.16-1024x768.jpeg",1024,768,true],"1536x1536":["https:\/\/goias.gov.br\/inovacao\/wp-content\/uploads\/sites\/26\/2026\/04\/WhatsApp-Image-2026-04-29-at-17.34.16-1536x1152.jpeg",1536,1152,true],"2048x2048":["https:\/\/goias.gov.br\/inovacao\/wp-content\/uploads\/sites\/26\/2026\/04\/WhatsApp-Image-2026-04-29-at-17.34.16.jpeg",1600,1200,false]},"rttpg_author":{"display_name":"marcosncarreiro","author_link":"https:\/\/goias.gov.br\/inovacao\/author\/marcosncarreiro\/"},"rttpg_comment":0,"rttpg_category":"<a href=\"https:\/\/goias.gov.br\/inovacao\/categoria\/noticias\/\" rel=\"category tag\">Not\u00edcias<\/a>","rttpg_excerpt":"Iniciativa prev\u00ea 120 aux\u00edlios de R$ 10 mil e busca fortalecer a internacionaliza\u00e7\u00e3o da produ\u00e7\u00e3o cient\u00edfica acad\u00eamica de Goi\u00e1s O Governo de Goi\u00e1s, por meio da Funda\u00e7\u00e3o de Amparo \u00e0 Pesquisa do Estado de Goi\u00e1s (Fapeg), lan\u00e7ou nesta quarta-feira (29\/4), a Chamada P\u00fablica n\u00ba 08\/2026, que integra o Programa de Mobilidade Internacional \u2013 Participa\u00e7\u00e3o em&hellip;","_links":{"self":[{"href":"https:\/\/goias.gov.br\/inovacao\/wp-json\/wp\/v2\/posts\/122054","targetHints":{"allow":["GET"]}}],"collection":[{"href":"https:\/\/goias.gov.br\/inovacao\/wp-json\/wp\/v2\/posts"}],"about":[{"href":"https:\/\/goias.gov.br\/inovacao\/wp-json\/wp\/v2\/types\/post"}],"author":[{"embeddable":true,"href":"https:\/\/goias.gov.br\/inovacao\/wp-json\/wp\/v2\/users\/334"}],"replies":[{"embeddable":true,"href":"https:\/\/goias.gov.br\/inovacao\/wp-json\/wp\/v2\/comments?post=122054"}],"version-history":[{"count":1,"href":"https:\/\/goias.gov.br\/inovacao\/wp-json\/wp\/v2\/posts\/122054\/revisions"}],"predecessor-version":[{"id":122056,"href":"https:\/\/goias.gov.br\/inovacao\/wp-json\/wp\/v2\/posts\/122054\/revisions\/122056"}],"wp:featuredmedia":[{"embeddable":true,"href":"https:\/\/goias.gov.br\/inovacao\/wp-json\/wp\/v2\/media\/122055"}],"wp:attachment":[{"href":"https:\/\/goias.gov.br\/inovacao\/wp-json\/wp\/v2\/media?parent=122054"}],"wp:term":[{"taxonomy":"category","embeddable":true,"href":"https:\/\/goias.gov.br\/inovacao\/wp-json\/wp\/v2\/categories?post=122054"},{"taxonomy":"post_tag","embeddable":true,"href":"https:\/\/goias.gov.br\/inovacao\/wp-json\/wp\/v2\/tags?post=122054"}],"curies":[{"name":"wp","href":"https:\/\/api.w.org\/{rel}","templated":true}]}}