

{"id":119066,"date":"2026-04-08T12:00:36","date_gmt":"2026-04-08T15:00:36","guid":{"rendered":"https:\/\/goias.gov.br\/inovacao\/?p=119066"},"modified":"2026-04-08T12:00:36","modified_gmt":"2026-04-08T15:00:36","slug":"concerto-da-amizade-reune-orquestras-jovens-de-goias-e-berlim-em-goiania","status":"publish","type":"post","link":"https:\/\/goias.gov.br\/inovacao\/concerto-da-amizade-reune-orquestras-jovens-de-goias-e-berlim-em-goiania\/","title":{"rendered":"Concerto da Amizade re\u00fane orquestras jovens de Goi\u00e1s e Berlim em Goi\u00e2nia"},"content":{"rendered":"\n<p>Apresenta\u00e7\u00e3o gratuita nesta sexta-feira (10\/4) re\u00fane jovens m\u00fasicos goianos e alem\u00e3es, com repert\u00f3rio de Beethoven e Villa-Lobos, e faz parte do projeto de interc\u00e2mbio Lado a Lado<\/p>\n\n\n\n<p>A Orquestra Sinf\u00f4nica Jovem de Goi\u00e1s recebe, nesta sexta-feira (10\/4), \u00e0s 20h, no Teatro Escola Basileu Fran\u00e7a, a renomada Orquestra Jovem de Berlim. O encontro, que celebra a m\u00fasica e a amizade entre Brasil e Alemanha, \u00e9 uma das atividades que integram o projeto \u201cLado a Lado\u201d, constru\u00eddo conjuntamente pelos dois grupos sinf\u00f4nicos. Ao todo, desembarcam em Goi\u00e1s 50 m\u00fasicos alem\u00e3es. Para a noite, foram escolhidas duas obras ic\u00f4nicas dos compositores Beethoven e Villa-Lobos. A entrada \u00e9 gratuita e n\u00e3o \u00e9 necess\u00e1rio retirar os ingressos antecipadamente.<\/p>\n\n\n\n<p>O \u201cConcerto da Amizade\u201d \u00e9 a exalta\u00e7\u00e3o da colabora\u00e7\u00e3o art\u00edstica e o interc\u00e2mbio cultural entre os jovens que integram os grupos sinf\u00f4nicos, que dividiram palco em 2024 na importante sala Konzerthaus, em Berlim, durante a turn\u00ea internacional do grupo goiano. \u201cEm Goi\u00e1s, entendemos a import\u00e2ncia de internacionalizar nossos talentos, tanto que temos um importante programa para este fim, o Goi\u00e1s pelo Mundo. Isso implica levar os goianos para fora, como fizemos em 2024, com a turn\u00ea internacional, mas tamb\u00e9m trazer talentos estrangeiros para conhecer nosso estado. Este concerto \u00e9 a marca de que essa pol\u00edtica p\u00fablica funciona muito bem\u201d, relata o secret\u00e1rio de Ci\u00eancia, Tecnologia e Inova\u00e7\u00e3o, Jos\u00e9 Frederico Lyra Netto.<\/p>\n\n\n\n<p>Coordenador dos grupos sinf\u00f4nicos da Escola do Futuro de Goi\u00e1s (EFG) em Artes Basileu Fran\u00e7a, maestro Eliel Ferreira ressalta que o concerto \u00e9 mais do que um encontro musical. \u201cEsta apresenta\u00e7\u00e3o conjunta representa um importante interc\u00e2mbio cultural e pedag\u00f3gico, permitindo que os m\u00fasicos compartilhem suas experi\u00eancias art\u00edsticas, as diferentes tradi\u00e7\u00f5es interpretativas, e suas vis\u00f5es acerca da m\u00fasica orquestral. Esse projeto aposta na conviv\u00eancia entre instrumentistas para que eles possam ampliar suas perspectivas musicais e, assim, fortalecer a profissionaliza\u00e7\u00e3o na \u00e1rea\u201d, afirma.<\/p>\n\n\n\n<p>Mais do que contribuir para a forma\u00e7\u00e3o de jovens m\u00fasicos, o projeto \u201cLado a Lado\u201d reafirma a m\u00fasica como ponte entre culturas. Intitulado &#8220;Amizade&#8221;, o concerto traduz esse prop\u00f3sito ao reunir diferentes tradi\u00e7\u00f5es em uma mesma apresenta\u00e7\u00e3o. O p\u00fablico goiano poder\u00e1 acompanhar a interpreta\u00e7\u00e3o do repert\u00f3rio, em uma apresenta\u00e7\u00e3o que destaca o interc\u00e2mbio art\u00edstico entre os grupos.<\/p>\n\n\n\n<p><strong>Programa\u00e7\u00e3o<\/strong><\/p>\n\n\n\n<p>O programa musical da noite foi cuidadosamente pensado para que as pe\u00e7as pudessem trazer \u00e0 tona caracter\u00edsticas da identidade nacional dos dois pa\u00edses. O concerto ser\u00e1 aberto com a \u201cSinfonia n\u00ba 7\u201d, de Ludwig van Beethoven, sob a reg\u00eancia do maestro Michael Riedel, que est\u00e1 \u00e0 frente da Junges Ensemble Berlin. Produzida entre os anos de 1811 e 1812, a pe\u00e7a se destaca no repert\u00f3rio composicional do m\u00fasico alem\u00e3o devido seu car\u00e1ter r\u00edtmico explosivo, vibrante e forte. Conhecida popularmente como \u201cApoteose da dan\u00e7a\u201d, a obra sintetiza os caminhos adotados por Beethoven em sua fase heroica.<\/p>\n\n\n\n<p>Como ato final e sob a reg\u00eancia do maestro Eliel Ferreira, as cores brasileiras tomar\u00e3o conta do teatro quando os m\u00fasicos das duas orquestras interpretar\u00e3o as \u201cBachianas Brasileiras n\u00ba 7\u201d, de Heitor Villa-Lobos. A pe\u00e7a, segundo especialistas da \u00e1rea, demonstra a maturidade do compositor fluminense ao fundir o contraponto barroco aos ritmos brasileiros t\u00edpicos do ambiente rural, o que a fez ser considerada a obra mais expressiva do autor. Villa-Lobos foi o grande respons\u00e1vel por introduzir a m\u00fasica orquestral brasileira no cen\u00e1rio internacional e at\u00e9 hoje \u00e9 reconhecido pela primazia de seu trabalho.<\/p>\n\n\n\n<p><strong>Servi\u00e7o<\/strong><\/p>\n\n\n\n<p>Assunto: Concerto da Amizade re\u00fane orquestras jovens de Goi\u00e1s e Berlim<\/p>\n\n\n\n<p>Quando: Sexta-feira (10\/4), \u00e0s 20h<\/p>\n\n\n\n<p>Onde: Teatro Escola Basileu Fran\u00e7a &#8211; Av. Universit\u00e1ria, n\u00ba 1750, Setor Universit\u00e1rio, Goi\u00e2nia (GO)<\/p>\n\n\n\n<p>Entrada gratuita<\/p>\n\n\n\n<p>Fotos: Cinthia Oliveira\/ Stephan R\u00f6hl<\/p>\n\n\n\n<p>Legenda: Apresenta\u00e7\u00e3o gratuita nesta sexta-feira (10\/4) re\u00fane jovens m\u00fasicos goianos e alem\u00e3es, com repert\u00f3rio de Beethoven e Villa-Lobos<\/p>\n\n\n\n<p><strong>Secretaria de Ci\u00eancia, Tecnologia e Inova\u00e7\u00e3o \u2014 Governo de Goi\u00e1s<\/strong><\/p>\n","protected":false},"excerpt":{"rendered":"<p>Apresenta\u00e7\u00e3o gratuita nesta sexta-feira (10\/4) re\u00fane jovens m\u00fasicos goianos e alem\u00e3es, com repert\u00f3rio de Beethoven e Villa-Lobos, e faz parte do projeto de interc\u00e2mbio Lado a Lado A Orquestra Sinf\u00f4nica Jovem de Goi\u00e1s recebe, nesta sexta-feira (10\/4), \u00e0s 20h, no Teatro Escola Basileu Fran\u00e7a, a renomada Orquestra Jovem de Berlim. O encontro, que celebra a [&hellip;]<\/p>\n","protected":false},"author":331,"featured_media":119159,"comment_status":"closed","ping_status":"open","sticky":false,"template":"","format":"standard","meta":{"footnotes":""},"categories":[80],"tags":[642,268,641],"class_list":["post-119066","post","type-post","status-publish","format-standard","has-post-thumbnail","hentry","category-noticias","tag-beethoven-e-villa-lobos","tag-concerto-gratuito","tag-osjg-com-orquestra-jovem-de-berlim"],"rttpg_featured_image_url":{"full":["https:\/\/goias.gov.br\/inovacao\/wp-content\/uploads\/sites\/26\/2026\/04\/WhatsApp-Image-2026-04-08-at-10.27.36.jpeg",2560,1706,false],"landscape":["https:\/\/goias.gov.br\/inovacao\/wp-content\/uploads\/sites\/26\/2026\/04\/WhatsApp-Image-2026-04-08-at-10.27.36.jpeg",2560,1706,false],"portraits":["https:\/\/goias.gov.br\/inovacao\/wp-content\/uploads\/sites\/26\/2026\/04\/WhatsApp-Image-2026-04-08-at-10.27.36.jpeg",2560,1706,false],"thumbnail":["https:\/\/goias.gov.br\/inovacao\/wp-content\/uploads\/sites\/26\/2026\/04\/WhatsApp-Image-2026-04-08-at-10.27.36-150x150.jpeg",150,150,true],"medium":["https:\/\/goias.gov.br\/inovacao\/wp-content\/uploads\/sites\/26\/2026\/04\/WhatsApp-Image-2026-04-08-at-10.27.36-300x200.jpeg",300,200,true],"large":["https:\/\/goias.gov.br\/inovacao\/wp-content\/uploads\/sites\/26\/2026\/04\/WhatsApp-Image-2026-04-08-at-10.27.36-1024x682.jpeg",1024,682,true],"1536x1536":["https:\/\/goias.gov.br\/inovacao\/wp-content\/uploads\/sites\/26\/2026\/04\/WhatsApp-Image-2026-04-08-at-10.27.36-1536x1024.jpeg",1536,1024,true],"2048x2048":["https:\/\/goias.gov.br\/inovacao\/wp-content\/uploads\/sites\/26\/2026\/04\/WhatsApp-Image-2026-04-08-at-10.27.36-2048x1365.jpeg",2048,1365,true]},"rttpg_author":{"display_name":"divinarosa","author_link":"https:\/\/goias.gov.br\/inovacao\/author\/divinarosa\/"},"rttpg_comment":0,"rttpg_category":"<a href=\"https:\/\/goias.gov.br\/inovacao\/categoria\/noticias\/\" rel=\"category tag\">Not\u00edcias<\/a>","rttpg_excerpt":"Apresenta\u00e7\u00e3o gratuita nesta sexta-feira (10\/4) re\u00fane jovens m\u00fasicos goianos e alem\u00e3es, com repert\u00f3rio de Beethoven e Villa-Lobos, e faz parte do projeto de interc\u00e2mbio Lado a Lado A Orquestra Sinf\u00f4nica Jovem de Goi\u00e1s recebe, nesta sexta-feira (10\/4), \u00e0s 20h, no Teatro Escola Basileu Fran\u00e7a, a renomada Orquestra Jovem de Berlim. O encontro, que celebra a&hellip;","_links":{"self":[{"href":"https:\/\/goias.gov.br\/inovacao\/wp-json\/wp\/v2\/posts\/119066","targetHints":{"allow":["GET"]}}],"collection":[{"href":"https:\/\/goias.gov.br\/inovacao\/wp-json\/wp\/v2\/posts"}],"about":[{"href":"https:\/\/goias.gov.br\/inovacao\/wp-json\/wp\/v2\/types\/post"}],"author":[{"embeddable":true,"href":"https:\/\/goias.gov.br\/inovacao\/wp-json\/wp\/v2\/users\/331"}],"replies":[{"embeddable":true,"href":"https:\/\/goias.gov.br\/inovacao\/wp-json\/wp\/v2\/comments?post=119066"}],"version-history":[{"count":1,"href":"https:\/\/goias.gov.br\/inovacao\/wp-json\/wp\/v2\/posts\/119066\/revisions"}],"predecessor-version":[{"id":119189,"href":"https:\/\/goias.gov.br\/inovacao\/wp-json\/wp\/v2\/posts\/119066\/revisions\/119189"}],"wp:featuredmedia":[{"embeddable":true,"href":"https:\/\/goias.gov.br\/inovacao\/wp-json\/wp\/v2\/media\/119159"}],"wp:attachment":[{"href":"https:\/\/goias.gov.br\/inovacao\/wp-json\/wp\/v2\/media?parent=119066"}],"wp:term":[{"taxonomy":"category","embeddable":true,"href":"https:\/\/goias.gov.br\/inovacao\/wp-json\/wp\/v2\/categories?post=119066"},{"taxonomy":"post_tag","embeddable":true,"href":"https:\/\/goias.gov.br\/inovacao\/wp-json\/wp\/v2\/tags?post=119066"}],"curies":[{"name":"wp","href":"https:\/\/api.w.org\/{rel}","templated":true}]}}