

{"id":118428,"date":"2026-04-06T09:03:53","date_gmt":"2026-04-06T12:03:53","guid":{"rendered":"https:\/\/goias.gov.br\/inovacao\/?p=118428"},"modified":"2026-04-07T08:50:43","modified_gmt":"2026-04-07T11:50:43","slug":"bale-do-efg-basileu-franca-e-escolhido-para-abrir-o-festival-de-danca-de-joinville","status":"publish","type":"post","link":"https:\/\/goias.gov.br\/inovacao\/bale-do-efg-basileu-franca-e-escolhido-para-abrir-o-festival-de-danca-de-joinville\/","title":{"rendered":"Bal\u00e9 do EFG Basileu Fran\u00e7a \u00e9 escolhido para abrir o Festival de Dan\u00e7a de Joinville"},"content":{"rendered":"\n<p>Convite para a noite de abertura reconhece a trajet\u00f3ria de t\u00edtulos e a excel\u00eancia do ensino art\u00edstico da Escola do Futuro de Goi\u00e1s. Talentos da unidade venceram a principal categoria do festival nos \u00faltimos tr\u00eas anos consecutivos<\/p>\n\n\n\n<p>O bal\u00e9 da Escola do Futuro de Goi\u00e1s em Artes Basileu Fran\u00e7a ser\u00e1 o destaque da Noite de Abertura do Festival de Dan\u00e7a de Joinville, considerado o maior festival de dan\u00e7a do mundo. Os alunos da institui\u00e7\u00e3o p\u00fablica mantida pelo Governo de Goi\u00e1s, por meio da Secretaria de Ci\u00eancia, Tecnologia e Inova\u00e7\u00e3o (Secti), possuem quatro t\u00edtulos da principal categoria da competi\u00e7\u00e3o (Melhor Grupo), incluindo o tricampeonato alcan\u00e7ado em 2023, 2024 e 2025, e foram convidados para ser a principal atra\u00e7\u00e3o da abertura do festival, que ocorrer\u00e1 em 20 de julho.<\/p>\n\n\n\n<p>Em cena estar\u00e3o 120 bailarinos da escola, al\u00e9m dos m\u00fasicos da Orquestra Sinf\u00f4nica Jovem de Goi\u00e1s, para apresentar \u201cDon Quixote\u201d, um dos bal\u00e9s mais vibrantes e virtuosos entre as obras cl\u00e1ssicas de repert\u00f3rio do mundo. O grupo do Basileu Fran\u00e7a j\u00e1 conquistou mais de 50 pr\u00eamios no festival, entre primeiro e terceiro lugares, al\u00e9m de premia\u00e7\u00f5es como Melhor Bailarino, Melhor Bailarina e o Pr\u00eamio Daniel Camargo, que \u00e9 voltado a jovens talentos masculinos no bal\u00e9. Apenas em 2025, foram 11 pr\u00eamios na competi\u00e7\u00e3o.<\/p>\n\n\n\n<p>O governador Daniel Vilela afirmou que o reconhecimento ao Basileu Fran\u00e7a refor\u00e7a o acerto de uma pol\u00edtica p\u00fablica que faz de Goi\u00e1s refer\u00eancia nacional na forma\u00e7\u00e3o art\u00edstica. \u201cGoi\u00e1s ocupa hoje o centro da cena cultural do pa\u00eds com uma escola p\u00fablica que une talento, forma\u00e7\u00e3o de excel\u00eancia e oportunidade real para nossos jovem. O Basileu Fran\u00e7a mostra que investimento s\u00e9rio em educa\u00e7\u00e3o, arte e inova\u00e7\u00e3o gera resultado, projeta o Estado no Brasil e no exterior e transforma vidas\u201d.<\/p>\n\n\n\n<p>\u00c0 frente da Secti desde 2023, per\u00edodo mais vitorioso do bal\u00e9 da EFG Basileu Fran\u00e7a, Jos\u00e9 Frederico Lyra Netto afirma que o convite \u00e9 o reconhecimento do trabalho de excel\u00eancia feito em Goi\u00e1s. \u201cNossos bailarinos e bailarinas j\u00e1 conquistaram mais de 60 pr\u00eamios nacionais e internacionais desde 2023, incluindo as premia\u00e7\u00f5es m\u00e1ximas das principais competi\u00e7\u00f5es do mundo, como o Prix de Lausanne (Su\u00ed\u00e7a). Tanto que nosso bal\u00e9 \u00e9 favorito em todos os festivais que disputa. Isso \u00e9 resultado da pol\u00edtica p\u00fablica de excel\u00eancia que implantamos no Estado\u201d, relata.<\/p>\n\n\n\n<p>O dom\u00ednio do bal\u00e9 goiano nas competi\u00e7\u00f5es tem sido assunto de repercuss\u00e3o j\u00e1 h\u00e1 algum tempo. Em artigo, a Revista Dan\u00e7a Brasil diz que o grupo estadual re\u00fane, atualmente, condi\u00e7\u00f5es de excel\u00eancia para ser escolhido para abrir o festival. \u201cEm um evento do porte de Joinville, abrir o festival deixou de ser apenas um reconhecimento art\u00edstico. Tornou-se tamb\u00e9m uma responsabilidade que envolve previsibilidade, impacto visual, organiza\u00e7\u00e3o de elenco em grande escala e capacidade de dialogar com p\u00fablicos distintos \u2014 desde especialistas at\u00e9 plateias amplas, patrocinadores e imprensa\u201d, diz o texto.<\/p>\n\n\n\n<p>Na condi\u00e7\u00e3o de companhia convidada, os alunos da EFG Basileu Fran\u00e7a n\u00e3o participar\u00e3o das mostras competitivas nas categorias cl\u00e1ssicas neste ano. O Festival de Dan\u00e7a de Joinville ser\u00e1 realizado de 20 de julho a 1\u00ba de agosto. Em 2025, a competi\u00e7\u00e3o reuniu mais de 16 mil bailarinos e bailarinas de 25 estados brasileiros, do Distrito Federal e outros quatro pa\u00edses: M\u00e9xico, Portugal, Equador e Paraguai.<\/p>\n\n\n\n<p>Fotos: Festival de Joinville<\/p>\n\n\n\n<p>Legenda: Bal\u00e9 do EFG Basileu Fran\u00e7a abrir\u00e1 o Festival de Dan\u00e7a de Joinville, considerado o maior festival de dan\u00e7a do mundo<\/p>\n\n\n\n<p><strong>Secretaria de Ci\u00eancia, Tecnologia e Inova\u00e7\u00e3o \u2014 Governo de Goi\u00e1s<\/strong><\/p>\n","protected":false},"excerpt":{"rendered":"<p>Convite para a noite de abertura reconhece a trajet\u00f3ria de t\u00edtulos e a excel\u00eancia do ensino art\u00edstico da Escola do Futuro de Goi\u00e1s. Talentos da unidade venceram a principal categoria do festival nos \u00faltimos tr\u00eas anos consecutivos O bal\u00e9 da Escola do Futuro de Goi\u00e1s em Artes Basileu Fran\u00e7a ser\u00e1 o destaque da Noite de [&hellip;]<\/p>\n","protected":false},"author":331,"featured_media":118429,"comment_status":"closed","ping_status":"open","sticky":false,"template":"","format":"standard","meta":{"footnotes":""},"categories":[80],"tags":[632,633,307,452],"class_list":["post-118428","post","type-post","status-publish","format-standard","has-post-thumbnail","hentry","category-noticias","tag-bale-efg-basileu-franca","tag-festival-de-danca-joinville","tag-governo-de-goias","tag-secti"],"rttpg_featured_image_url":{"full":["https:\/\/goias.gov.br\/inovacao\/wp-content\/uploads\/sites\/26\/2026\/04\/WhatsApp-Image-2026-04-05-at-13.06.05.jpeg",1280,854,false],"landscape":["https:\/\/goias.gov.br\/inovacao\/wp-content\/uploads\/sites\/26\/2026\/04\/WhatsApp-Image-2026-04-05-at-13.06.05.jpeg",1280,854,false],"portraits":["https:\/\/goias.gov.br\/inovacao\/wp-content\/uploads\/sites\/26\/2026\/04\/WhatsApp-Image-2026-04-05-at-13.06.05.jpeg",1280,854,false],"thumbnail":["https:\/\/goias.gov.br\/inovacao\/wp-content\/uploads\/sites\/26\/2026\/04\/WhatsApp-Image-2026-04-05-at-13.06.05-150x150.jpeg",150,150,true],"medium":["https:\/\/goias.gov.br\/inovacao\/wp-content\/uploads\/sites\/26\/2026\/04\/WhatsApp-Image-2026-04-05-at-13.06.05-300x200.jpeg",300,200,true],"large":["https:\/\/goias.gov.br\/inovacao\/wp-content\/uploads\/sites\/26\/2026\/04\/WhatsApp-Image-2026-04-05-at-13.06.05-1024x683.jpeg",1024,683,true],"1536x1536":["https:\/\/goias.gov.br\/inovacao\/wp-content\/uploads\/sites\/26\/2026\/04\/WhatsApp-Image-2026-04-05-at-13.06.05.jpeg",1280,854,false],"2048x2048":["https:\/\/goias.gov.br\/inovacao\/wp-content\/uploads\/sites\/26\/2026\/04\/WhatsApp-Image-2026-04-05-at-13.06.05.jpeg",1280,854,false]},"rttpg_author":{"display_name":"divinarosa","author_link":"https:\/\/goias.gov.br\/inovacao\/author\/divinarosa\/"},"rttpg_comment":0,"rttpg_category":"<a href=\"https:\/\/goias.gov.br\/inovacao\/categoria\/noticias\/\" rel=\"category tag\">Not\u00edcias<\/a>","rttpg_excerpt":"Convite para a noite de abertura reconhece a trajet\u00f3ria de t\u00edtulos e a excel\u00eancia do ensino art\u00edstico da Escola do Futuro de Goi\u00e1s. Talentos da unidade venceram a principal categoria do festival nos \u00faltimos tr\u00eas anos consecutivos O bal\u00e9 da Escola do Futuro de Goi\u00e1s em Artes Basileu Fran\u00e7a ser\u00e1 o destaque da Noite de&hellip;","_links":{"self":[{"href":"https:\/\/goias.gov.br\/inovacao\/wp-json\/wp\/v2\/posts\/118428","targetHints":{"allow":["GET"]}}],"collection":[{"href":"https:\/\/goias.gov.br\/inovacao\/wp-json\/wp\/v2\/posts"}],"about":[{"href":"https:\/\/goias.gov.br\/inovacao\/wp-json\/wp\/v2\/types\/post"}],"author":[{"embeddable":true,"href":"https:\/\/goias.gov.br\/inovacao\/wp-json\/wp\/v2\/users\/331"}],"replies":[{"embeddable":true,"href":"https:\/\/goias.gov.br\/inovacao\/wp-json\/wp\/v2\/comments?post=118428"}],"version-history":[{"count":1,"href":"https:\/\/goias.gov.br\/inovacao\/wp-json\/wp\/v2\/posts\/118428\/revisions"}],"predecessor-version":[{"id":118430,"href":"https:\/\/goias.gov.br\/inovacao\/wp-json\/wp\/v2\/posts\/118428\/revisions\/118430"}],"wp:featuredmedia":[{"embeddable":true,"href":"https:\/\/goias.gov.br\/inovacao\/wp-json\/wp\/v2\/media\/118429"}],"wp:attachment":[{"href":"https:\/\/goias.gov.br\/inovacao\/wp-json\/wp\/v2\/media?parent=118428"}],"wp:term":[{"taxonomy":"category","embeddable":true,"href":"https:\/\/goias.gov.br\/inovacao\/wp-json\/wp\/v2\/categories?post=118428"},{"taxonomy":"post_tag","embeddable":true,"href":"https:\/\/goias.gov.br\/inovacao\/wp-json\/wp\/v2\/tags?post=118428"}],"curies":[{"name":"wp","href":"https:\/\/api.w.org\/{rel}","templated":true}]}}