

{"id":108711,"date":"2026-02-12T08:47:23","date_gmt":"2026-02-12T11:47:23","guid":{"rendered":"https:\/\/goias.gov.br\/inovacao\/?p=108711"},"modified":"2026-02-13T08:52:23","modified_gmt":"2026-02-13T11:52:23","slug":"gracinha-e-daniel-prestigiam-formatura-de-457-alunos-do-cidadao-tech-60","status":"publish","type":"post","link":"https:\/\/goias.gov.br\/inovacao\/gracinha-e-daniel-prestigiam-formatura-de-457-alunos-do-cidadao-tech-60\/","title":{"rendered":"Governo de Goi\u00e1s fortalece inclus\u00e3o digital com formatura de 457 alunos do Cidad\u00e3o Tech 60+"},"content":{"rendered":"\n<p>Solenidade celebra inclus\u00e3o digital da popula\u00e7\u00e3o idosa e fortalecimento de pol\u00edticas p\u00fablicas voltadas ao envelhecimento ativo. Pr\u00f3ximas turmas tamb\u00e9m v\u00e3o aprender a lidar com intelig\u00eancia artificial<\/p>\n\n\n\n<p>A coordenadora do Goi\u00e1s Social e presidente de honra da Organiza\u00e7\u00e3o das Volunt\u00e1rias de Goi\u00e1s (OVG), primeira-dama Gracinha Caiado, e o vice-governador Daniel Vilela participaram, nesta quarta-feira (11\/2), da cerim\u00f4nia de formatura de 457 alunos do programa Cidad\u00e3o Tech 60+. A solenidade foi realizada no Pal\u00e1cio da M\u00fasica, no Centro Cultural Oscar Niemeyer, em Goi\u00e2nia, reunindo formandos de 15 munic\u00edpios goianos e familiares. O evento marcou mais uma etapa da pol\u00edtica p\u00fablica de inclus\u00e3o digital voltada \u00e0 popula\u00e7\u00e3o idosa, promovida pelo Governo de Goi\u00e1s, por meio do Goi\u00e1s Social e da Secretaria de Ci\u00eancia, Tecnologia e Inova\u00e7\u00e3o (Secti).<\/p>\n\n\n\n<p>Durante a cerim\u00f4nia, Gracinha Caiado ressaltou o impacto humano do programa. \u201cHoje celebramos 457 pessoas que decidiram provar ao mundo, e a si mesmas, que nunca \u00e9 tarde para aprender, evoluir e sonhar. O Cidad\u00e3o Tech \u00e9 mais que um curso, \u00e9 uma ponte entre o medo e a coragem, entre o \u2018n\u00e3o sei\u2019 e o \u2018eu consegui\u2019\u201d, afirmou, ao destacar que a iniciativa j\u00e1 se consolidou como pol\u00edtica p\u00fablica permanente. \u201cEntre 2024 e 2026 j\u00e1 s\u00e3o quase mil pessoas idosas formadas. Isso mostra que o programa cresceu, se fortaleceu e virou pol\u00edtica de Estado. A tecnologia, quando chega para incluir, transforma vidas, aproxima fam\u00edlias e fortalece a autonomia\u201d, avaliou.<\/p>\n\n\n\n<p>O vice-governador Daniel Vilela enfatizou que o objetivo do governo \u00e9 garantir que ningu\u00e9m fique para tr\u00e1s na transforma\u00e7\u00e3o digital. \u201cEsse curso \u00e9 exatamente isso: dar a voc\u00eas capacidade e conhecimento para entrar nesse mundo de informa\u00e7\u00f5es, novas rela\u00e7\u00f5es e oportunidades. Nosso compromisso \u00e9 fazer com que os servi\u00e7os do governo estejam na palma da m\u00e3o de voc\u00eas, de forma simples e acess\u00edvel\u201d, disse, ao ressaltar a amplia\u00e7\u00e3o do programa. \u201cHoje temos formandos de 15 munic\u00edpios, mas queremos chegar a todo o estado, garantindo que pessoas de todas as idades tenham habilidades digitais e participem do desenvolvimento social e econ\u00f4mico de Goi\u00e1s\u201d, completou.<\/p>\n\n\n\n<p>O secret\u00e1rio de Ci\u00eancia, Tecnologia e Inova\u00e7\u00e3o, Jos\u00e9 Frederico Lyra Netto, apresentou os resultados do programa. \u201cJ\u00e1 alcan\u00e7amos quase mil alunos com mais de 60 anos e temos 90,8% de satisfa\u00e7\u00e3o. O que percebemos \u00e9 que, al\u00e9m de ensinar tecnologia, estamos levando dignidade. Muitos alunos tinham medo at\u00e9 de fazer um Pix ou usar aplicativos de sa\u00fade, e hoje fazem isso com seguran\u00e7a\u201d, explicou. Segundo ele, o curso seguir\u00e1 avan\u00e7ando. \u201cA tecnologia \u00e9 para todos. Estamos preparando novos m\u00f3dulos e ampliando o alcance para que cada vez mais idosos tenham acesso a ferramentas digitais com seguran\u00e7a. As pr\u00f3ximas turmas tamb\u00e9m ter\u00e3o intelig\u00eancia artificial na grade do curso, aprendendo a usar as ferramentas de IA para, por exemplo, se prevenir de golpes\u201d.<\/p>\n\n\n\n<p>Representando a \u00e1rea social, o secret\u00e1rio de Desenvolvimento Social, Wellington Matos, destacou que o Cidad\u00e3o Tech integra uma rede de pol\u00edticas p\u00fablicas voltadas \u00e0 pessoa idosa. \u201cEsse programa traz dignidade, seguran\u00e7a e novas oportunidades. Ele se soma a a\u00e7\u00f5es como o programa Dignidade, o Passaporte da Pessoa Idosa e a reestrutura\u00e7\u00e3o das unidades de acolhimento, que hoje s\u00e3o refer\u00eancia nacional\u201d, pontuou.<\/p>\n\n\n\n<p>A emo\u00e7\u00e3o tamb\u00e9m marcou a fala dos formandos. Aluna do Centro de Idosos Sagrada Fam\u00edlia, Rosa Maria da Silva contou que o curso mudou sua rela\u00e7\u00e3o com a tecnologia. \u201cA gente tinha medo at\u00e9 de usar o celular. Hoje sabemos identificar links seguros, usar aplicativos e acessar servi\u00e7os de sa\u00fade. O curso nos trouxe seguran\u00e7a, liberdade e mais independ\u00eancia\u201d, relatou.<\/p>\n\n\n\n<p><strong>Sobre o programa<\/strong><\/p>\n\n\n\n<p>Lan\u00e7ado em 2023, o Cidad\u00e3o Tech 60+ \u00e9 uma iniciativa do Governo de Goi\u00e1s, por meio do Goi\u00e1s Social e da Secti, voltada \u00e0 redu\u00e7\u00e3o da exclus\u00e3o digital entre pessoas com 60 anos ou mais inscritas no Cadastro \u00danico para Programas Sociais (Cad\u00danico). O curso tem carga hor\u00e1ria de 60 horas e aborda conte\u00fados pr\u00e1ticos adaptados \u00e0 realidade do p\u00fablico idoso, como uso de WhatsApp e redes sociais, preven\u00e7\u00e3o a fake news, uso de aplicativos de transporte, GPS, seguran\u00e7a digital, preven\u00e7\u00e3o a golpes e acesso a servi\u00e7os p\u00fablicos online.<\/p>\n\n\n\n<figure class=\"wp-block-gallery has-nested-images columns-default is-cropped wp-block-gallery-1 is-layout-flex wp-block-gallery-is-layout-flex\">\n<figure class=\"wp-block-image size-large\"><img fetchpriority=\"high\" decoding=\"async\" width=\"1024\" height=\"576\" data-id=\"108755\" src=\"https:\/\/goias.gov.br\/inovacao\/wp-content\/uploads\/sites\/26\/2026\/02\/WhatsApp-Image-2026-02-11-at-12.17.23-1-1024x576.jpeg\" alt=\"\" class=\"wp-image-108755\" srcset=\"https:\/\/goias.gov.br\/inovacao\/wp-content\/uploads\/sites\/26\/2026\/02\/WhatsApp-Image-2026-02-11-at-12.17.23-1-1024x576.jpeg 1024w, https:\/\/goias.gov.br\/inovacao\/wp-content\/uploads\/sites\/26\/2026\/02\/WhatsApp-Image-2026-02-11-at-12.17.23-1-300x169.jpeg 300w, https:\/\/goias.gov.br\/inovacao\/wp-content\/uploads\/sites\/26\/2026\/02\/WhatsApp-Image-2026-02-11-at-12.17.23-1-768x432.jpeg 768w, https:\/\/goias.gov.br\/inovacao\/wp-content\/uploads\/sites\/26\/2026\/02\/WhatsApp-Image-2026-02-11-at-12.17.23-1.jpeg 1280w\" sizes=\"(max-width: 1024px) 100vw, 1024px\" \/><\/figure>\n\n\n\n<figure class=\"wp-block-image size-large\"><img decoding=\"async\" width=\"1024\" height=\"683\" data-id=\"108752\" src=\"https:\/\/goias.gov.br\/inovacao\/wp-content\/uploads\/sites\/26\/2026\/02\/WhatsApp-Image-2026-02-11-at-14.51.23-1-1024x683.jpeg\" alt=\"\" class=\"wp-image-108752\" srcset=\"https:\/\/goias.gov.br\/inovacao\/wp-content\/uploads\/sites\/26\/2026\/02\/WhatsApp-Image-2026-02-11-at-14.51.23-1-1024x683.jpeg 1024w, https:\/\/goias.gov.br\/inovacao\/wp-content\/uploads\/sites\/26\/2026\/02\/WhatsApp-Image-2026-02-11-at-14.51.23-1-300x200.jpeg 300w, https:\/\/goias.gov.br\/inovacao\/wp-content\/uploads\/sites\/26\/2026\/02\/WhatsApp-Image-2026-02-11-at-14.51.23-1-768x512.jpeg 768w, https:\/\/goias.gov.br\/inovacao\/wp-content\/uploads\/sites\/26\/2026\/02\/WhatsApp-Image-2026-02-11-at-14.51.23-1.jpeg 1280w\" sizes=\"(max-width: 1024px) 100vw, 1024px\" \/><\/figure>\n\n\n\n<figure class=\"wp-block-image size-large\"><img decoding=\"async\" width=\"1024\" height=\"683\" data-id=\"108751\" src=\"https:\/\/goias.gov.br\/inovacao\/wp-content\/uploads\/sites\/26\/2026\/02\/WhatsApp-Image-2026-02-11-at-14.51.23-1024x683.jpeg\" alt=\"\" class=\"wp-image-108751\" srcset=\"https:\/\/goias.gov.br\/inovacao\/wp-content\/uploads\/sites\/26\/2026\/02\/WhatsApp-Image-2026-02-11-at-14.51.23-1024x683.jpeg 1024w, https:\/\/goias.gov.br\/inovacao\/wp-content\/uploads\/sites\/26\/2026\/02\/WhatsApp-Image-2026-02-11-at-14.51.23-300x200.jpeg 300w, https:\/\/goias.gov.br\/inovacao\/wp-content\/uploads\/sites\/26\/2026\/02\/WhatsApp-Image-2026-02-11-at-14.51.23-768x512.jpeg 768w, https:\/\/goias.gov.br\/inovacao\/wp-content\/uploads\/sites\/26\/2026\/02\/WhatsApp-Image-2026-02-11-at-14.51.23.jpeg 1280w\" sizes=\"(max-width: 1024px) 100vw, 1024px\" \/><\/figure>\n\n\n\n<figure class=\"wp-block-image size-large\"><img loading=\"lazy\" decoding=\"async\" width=\"1024\" height=\"683\" data-id=\"108748\" src=\"https:\/\/goias.gov.br\/inovacao\/wp-content\/uploads\/sites\/26\/2026\/02\/WhatsApp-Image-2026-02-11-at-14.51.25-1-1024x683.jpeg\" alt=\"\" class=\"wp-image-108748\" srcset=\"https:\/\/goias.gov.br\/inovacao\/wp-content\/uploads\/sites\/26\/2026\/02\/WhatsApp-Image-2026-02-11-at-14.51.25-1-1024x683.jpeg 1024w, https:\/\/goias.gov.br\/inovacao\/wp-content\/uploads\/sites\/26\/2026\/02\/WhatsApp-Image-2026-02-11-at-14.51.25-1-300x200.jpeg 300w, https:\/\/goias.gov.br\/inovacao\/wp-content\/uploads\/sites\/26\/2026\/02\/WhatsApp-Image-2026-02-11-at-14.51.25-1-768x512.jpeg 768w, https:\/\/goias.gov.br\/inovacao\/wp-content\/uploads\/sites\/26\/2026\/02\/WhatsApp-Image-2026-02-11-at-14.51.25-1.jpeg 1280w\" sizes=\"(max-width: 1024px) 100vw, 1024px\" \/><\/figure>\n\n\n\n<figure class=\"wp-block-image size-large\"><img loading=\"lazy\" decoding=\"async\" width=\"1024\" height=\"683\" data-id=\"108745\" src=\"https:\/\/goias.gov.br\/inovacao\/wp-content\/uploads\/sites\/26\/2026\/02\/WhatsApp-Image-2026-02-11-at-14.51.26-1024x683.jpeg\" alt=\"\" class=\"wp-image-108745\" srcset=\"https:\/\/goias.gov.br\/inovacao\/wp-content\/uploads\/sites\/26\/2026\/02\/WhatsApp-Image-2026-02-11-at-14.51.26-1024x683.jpeg 1024w, https:\/\/goias.gov.br\/inovacao\/wp-content\/uploads\/sites\/26\/2026\/02\/WhatsApp-Image-2026-02-11-at-14.51.26-300x200.jpeg 300w, https:\/\/goias.gov.br\/inovacao\/wp-content\/uploads\/sites\/26\/2026\/02\/WhatsApp-Image-2026-02-11-at-14.51.26-768x512.jpeg 768w, https:\/\/goias.gov.br\/inovacao\/wp-content\/uploads\/sites\/26\/2026\/02\/WhatsApp-Image-2026-02-11-at-14.51.26.jpeg 1280w\" sizes=\"(max-width: 1024px) 100vw, 1024px\" \/><\/figure>\n\n\n\n<figure class=\"wp-block-image size-large\"><img loading=\"lazy\" decoding=\"async\" width=\"1024\" height=\"683\" data-id=\"108742\" src=\"https:\/\/goias.gov.br\/inovacao\/wp-content\/uploads\/sites\/26\/2026\/02\/WhatsApp-Image-2026-02-11-at-14.51.28-1-1024x683.jpeg\" alt=\"\" class=\"wp-image-108742\" srcset=\"https:\/\/goias.gov.br\/inovacao\/wp-content\/uploads\/sites\/26\/2026\/02\/WhatsApp-Image-2026-02-11-at-14.51.28-1-1024x683.jpeg 1024w, https:\/\/goias.gov.br\/inovacao\/wp-content\/uploads\/sites\/26\/2026\/02\/WhatsApp-Image-2026-02-11-at-14.51.28-1-300x200.jpeg 300w, https:\/\/goias.gov.br\/inovacao\/wp-content\/uploads\/sites\/26\/2026\/02\/WhatsApp-Image-2026-02-11-at-14.51.28-1-768x512.jpeg 768w, https:\/\/goias.gov.br\/inovacao\/wp-content\/uploads\/sites\/26\/2026\/02\/WhatsApp-Image-2026-02-11-at-14.51.28-1.jpeg 1280w\" sizes=\"(max-width: 1024px) 100vw, 1024px\" \/><\/figure>\n\n\n\n<figure class=\"wp-block-image size-large\"><img loading=\"lazy\" decoding=\"async\" width=\"1024\" height=\"683\" data-id=\"108737\" src=\"https:\/\/goias.gov.br\/inovacao\/wp-content\/uploads\/sites\/26\/2026\/02\/WhatsApp-Image-2026-02-11-at-14.51.31-1024x683.jpeg\" alt=\"\" class=\"wp-image-108737\" srcset=\"https:\/\/goias.gov.br\/inovacao\/wp-content\/uploads\/sites\/26\/2026\/02\/WhatsApp-Image-2026-02-11-at-14.51.31-1024x683.jpeg 1024w, https:\/\/goias.gov.br\/inovacao\/wp-content\/uploads\/sites\/26\/2026\/02\/WhatsApp-Image-2026-02-11-at-14.51.31-300x200.jpeg 300w, https:\/\/goias.gov.br\/inovacao\/wp-content\/uploads\/sites\/26\/2026\/02\/WhatsApp-Image-2026-02-11-at-14.51.31-768x512.jpeg 768w, https:\/\/goias.gov.br\/inovacao\/wp-content\/uploads\/sites\/26\/2026\/02\/WhatsApp-Image-2026-02-11-at-14.51.31.jpeg 1280w\" sizes=\"(max-width: 1024px) 100vw, 1024px\" \/><\/figure>\n\n\n\n<figure class=\"wp-block-image size-large\"><img loading=\"lazy\" decoding=\"async\" width=\"1024\" height=\"683\" data-id=\"108736\" src=\"https:\/\/goias.gov.br\/inovacao\/wp-content\/uploads\/sites\/26\/2026\/02\/WhatsApp-Image-2026-02-11-at-14.51.43-1-1024x683.jpeg\" alt=\"\" class=\"wp-image-108736\" srcset=\"https:\/\/goias.gov.br\/inovacao\/wp-content\/uploads\/sites\/26\/2026\/02\/WhatsApp-Image-2026-02-11-at-14.51.43-1-1024x683.jpeg 1024w, https:\/\/goias.gov.br\/inovacao\/wp-content\/uploads\/sites\/26\/2026\/02\/WhatsApp-Image-2026-02-11-at-14.51.43-1-300x200.jpeg 300w, https:\/\/goias.gov.br\/inovacao\/wp-content\/uploads\/sites\/26\/2026\/02\/WhatsApp-Image-2026-02-11-at-14.51.43-1-768x512.jpeg 768w, https:\/\/goias.gov.br\/inovacao\/wp-content\/uploads\/sites\/26\/2026\/02\/WhatsApp-Image-2026-02-11-at-14.51.43-1.jpeg 1280w\" sizes=\"(max-width: 1024px) 100vw, 1024px\" \/><\/figure>\n\n\n\n<figure class=\"wp-block-image size-large\"><img loading=\"lazy\" decoding=\"async\" width=\"1024\" height=\"683\" data-id=\"108726\" src=\"https:\/\/goias.gov.br\/inovacao\/wp-content\/uploads\/sites\/26\/2026\/02\/WhatsApp-Image-2026-02-11-at-16.00.29-1024x683.jpeg\" alt=\"\" class=\"wp-image-108726\" srcset=\"https:\/\/goias.gov.br\/inovacao\/wp-content\/uploads\/sites\/26\/2026\/02\/WhatsApp-Image-2026-02-11-at-16.00.29-1024x683.jpeg 1024w, https:\/\/goias.gov.br\/inovacao\/wp-content\/uploads\/sites\/26\/2026\/02\/WhatsApp-Image-2026-02-11-at-16.00.29-300x200.jpeg 300w, https:\/\/goias.gov.br\/inovacao\/wp-content\/uploads\/sites\/26\/2026\/02\/WhatsApp-Image-2026-02-11-at-16.00.29-768x512.jpeg 768w, https:\/\/goias.gov.br\/inovacao\/wp-content\/uploads\/sites\/26\/2026\/02\/WhatsApp-Image-2026-02-11-at-16.00.29.jpeg 1280w\" sizes=\"(max-width: 1024px) 100vw, 1024px\" \/><\/figure>\n\n\n\n<figure class=\"wp-block-image size-large\"><img loading=\"lazy\" decoding=\"async\" width=\"1024\" height=\"683\" data-id=\"108725\" src=\"https:\/\/goias.gov.br\/inovacao\/wp-content\/uploads\/sites\/26\/2026\/02\/WhatsApp-Image-2026-02-11-at-16.00.33-1024x683.jpeg\" alt=\"\" class=\"wp-image-108725\" srcset=\"https:\/\/goias.gov.br\/inovacao\/wp-content\/uploads\/sites\/26\/2026\/02\/WhatsApp-Image-2026-02-11-at-16.00.33-1024x683.jpeg 1024w, https:\/\/goias.gov.br\/inovacao\/wp-content\/uploads\/sites\/26\/2026\/02\/WhatsApp-Image-2026-02-11-at-16.00.33-300x200.jpeg 300w, https:\/\/goias.gov.br\/inovacao\/wp-content\/uploads\/sites\/26\/2026\/02\/WhatsApp-Image-2026-02-11-at-16.00.33-768x512.jpeg 768w, https:\/\/goias.gov.br\/inovacao\/wp-content\/uploads\/sites\/26\/2026\/02\/WhatsApp-Image-2026-02-11-at-16.00.33.jpeg 1280w\" sizes=\"(max-width: 1024px) 100vw, 1024px\" \/><\/figure>\n\n\n\n<figure class=\"wp-block-image size-large\"><img loading=\"lazy\" decoding=\"async\" width=\"1024\" height=\"683\" data-id=\"108722\" src=\"https:\/\/goias.gov.br\/inovacao\/wp-content\/uploads\/sites\/26\/2026\/02\/WhatsApp-Image-2026-02-11-at-16.00.33-1-1024x683.jpeg\" alt=\"\" class=\"wp-image-108722\" srcset=\"https:\/\/goias.gov.br\/inovacao\/wp-content\/uploads\/sites\/26\/2026\/02\/WhatsApp-Image-2026-02-11-at-16.00.33-1-1024x683.jpeg 1024w, https:\/\/goias.gov.br\/inovacao\/wp-content\/uploads\/sites\/26\/2026\/02\/WhatsApp-Image-2026-02-11-at-16.00.33-1-300x200.jpeg 300w, https:\/\/goias.gov.br\/inovacao\/wp-content\/uploads\/sites\/26\/2026\/02\/WhatsApp-Image-2026-02-11-at-16.00.33-1-768x512.jpeg 768w, https:\/\/goias.gov.br\/inovacao\/wp-content\/uploads\/sites\/26\/2026\/02\/WhatsApp-Image-2026-02-11-at-16.00.33-1.jpeg 1280w\" sizes=\"(max-width: 1024px) 100vw, 1024px\" \/><\/figure>\n<\/figure>\n\n\n\n<p>Fotos: R\u00f4mullo Carvalho e Hegon Correa<\/p>\n\n\n\n<p>Legenda: Gracinha Caiado e Daniel Vilela participam da formatura de 457 alunos do Cidad\u00e3o Tech 60+<\/p>\n\n\n\n<p><strong>Secretaria de Comunica\u00e7\u00e3o \u2013 Governo de Goi\u00e1s<\/strong><\/p>\n\n\n\n<p><\/p>\n","protected":false},"excerpt":{"rendered":"<p>Solenidade celebra inclus\u00e3o digital da popula\u00e7\u00e3o idosa e fortalecimento de pol\u00edticas p\u00fablicas voltadas ao envelhecimento ativo. Pr\u00f3ximas turmas tamb\u00e9m v\u00e3o aprender a lidar com intelig\u00eancia artificial A coordenadora do Goi\u00e1s Social e presidente de honra da Organiza\u00e7\u00e3o das Volunt\u00e1rias de Goi\u00e1s (OVG), primeira-dama Gracinha Caiado, e o vice-governador Daniel Vilela participaram, nesta quarta-feira (11\/2), da [&hellip;]<\/p>\n","protected":false},"author":331,"featured_media":108766,"comment_status":"closed","ping_status":"open","sticky":false,"template":"","format":"standard","meta":{"footnotes":""},"categories":[80],"tags":[456,592,307,591,523],"class_list":["post-108711","post","type-post","status-publish","format-standard","has-post-thumbnail","hentry","category-noticias","tag-cidadao-tech-60","tag-envelhecimento-ativo","tag-governo-de-goias","tag-inclusao-digital-60","tag-secti-goias"],"rttpg_featured_image_url":{"full":["https:\/\/goias.gov.br\/inovacao\/wp-content\/uploads\/sites\/26\/2026\/02\/WhatsApp-Image-2026-02-11-at-16.00.32-1.jpeg",1280,720,false],"landscape":["https:\/\/goias.gov.br\/inovacao\/wp-content\/uploads\/sites\/26\/2026\/02\/WhatsApp-Image-2026-02-11-at-16.00.32-1.jpeg",1280,720,false],"portraits":["https:\/\/goias.gov.br\/inovacao\/wp-content\/uploads\/sites\/26\/2026\/02\/WhatsApp-Image-2026-02-11-at-16.00.32-1.jpeg",1280,720,false],"thumbnail":["https:\/\/goias.gov.br\/inovacao\/wp-content\/uploads\/sites\/26\/2026\/02\/WhatsApp-Image-2026-02-11-at-16.00.32-1-150x150.jpeg",150,150,true],"medium":["https:\/\/goias.gov.br\/inovacao\/wp-content\/uploads\/sites\/26\/2026\/02\/WhatsApp-Image-2026-02-11-at-16.00.32-1-300x169.jpeg",300,169,true],"large":["https:\/\/goias.gov.br\/inovacao\/wp-content\/uploads\/sites\/26\/2026\/02\/WhatsApp-Image-2026-02-11-at-16.00.32-1-1024x576.jpeg",1024,576,true],"1536x1536":["https:\/\/goias.gov.br\/inovacao\/wp-content\/uploads\/sites\/26\/2026\/02\/WhatsApp-Image-2026-02-11-at-16.00.32-1.jpeg",1280,720,false],"2048x2048":["https:\/\/goias.gov.br\/inovacao\/wp-content\/uploads\/sites\/26\/2026\/02\/WhatsApp-Image-2026-02-11-at-16.00.32-1.jpeg",1280,720,false]},"rttpg_author":{"display_name":"divinarosa","author_link":"https:\/\/goias.gov.br\/inovacao\/author\/divinarosa\/"},"rttpg_comment":0,"rttpg_category":"<a href=\"https:\/\/goias.gov.br\/inovacao\/categoria\/noticias\/\" rel=\"category tag\">Not\u00edcias<\/a>","rttpg_excerpt":"Solenidade celebra inclus\u00e3o digital da popula\u00e7\u00e3o idosa e fortalecimento de pol\u00edticas p\u00fablicas voltadas ao envelhecimento ativo. Pr\u00f3ximas turmas tamb\u00e9m v\u00e3o aprender a lidar com intelig\u00eancia artificial A coordenadora do Goi\u00e1s Social e presidente de honra da Organiza\u00e7\u00e3o das Volunt\u00e1rias de Goi\u00e1s (OVG), primeira-dama Gracinha Caiado, e o vice-governador Daniel Vilela participaram, nesta quarta-feira (11\/2), da&hellip;","_links":{"self":[{"href":"https:\/\/goias.gov.br\/inovacao\/wp-json\/wp\/v2\/posts\/108711","targetHints":{"allow":["GET"]}}],"collection":[{"href":"https:\/\/goias.gov.br\/inovacao\/wp-json\/wp\/v2\/posts"}],"about":[{"href":"https:\/\/goias.gov.br\/inovacao\/wp-json\/wp\/v2\/types\/post"}],"author":[{"embeddable":true,"href":"https:\/\/goias.gov.br\/inovacao\/wp-json\/wp\/v2\/users\/331"}],"replies":[{"embeddable":true,"href":"https:\/\/goias.gov.br\/inovacao\/wp-json\/wp\/v2\/comments?post=108711"}],"version-history":[{"count":2,"href":"https:\/\/goias.gov.br\/inovacao\/wp-json\/wp\/v2\/posts\/108711\/revisions"}],"predecessor-version":[{"id":108808,"href":"https:\/\/goias.gov.br\/inovacao\/wp-json\/wp\/v2\/posts\/108711\/revisions\/108808"}],"wp:featuredmedia":[{"embeddable":true,"href":"https:\/\/goias.gov.br\/inovacao\/wp-json\/wp\/v2\/media\/108766"}],"wp:attachment":[{"href":"https:\/\/goias.gov.br\/inovacao\/wp-json\/wp\/v2\/media?parent=108711"}],"wp:term":[{"taxonomy":"category","embeddable":true,"href":"https:\/\/goias.gov.br\/inovacao\/wp-json\/wp\/v2\/categories?post=108711"},{"taxonomy":"post_tag","embeddable":true,"href":"https:\/\/goias.gov.br\/inovacao\/wp-json\/wp\/v2\/tags?post=108711"}],"curies":[{"name":"wp","href":"https:\/\/api.w.org\/{rel}","templated":true}]}}