

{"id":103744,"date":"2025-12-02T13:56:29","date_gmt":"2025-12-02T16:56:29","guid":{"rendered":"https:\/\/goias.gov.br\/inovacao\/?p=103744"},"modified":"2025-12-08T09:45:08","modified_gmt":"2025-12-08T12:45:08","slug":"goias-recebe-liderancas-da-ciencia-em-encontro-sobre-inovacao-e-desenvolvimento","status":"publish","type":"post","link":"https:\/\/goias.gov.br\/inovacao\/goias-recebe-liderancas-da-ciencia-em-encontro-sobre-inovacao-e-desenvolvimento\/","title":{"rendered":"Goi\u00e1s recebe lideran\u00e7as da ci\u00eancia em encontro sobre inova\u00e7\u00e3o e desenvolvimento"},"content":{"rendered":"\n<p><em>Tr\u00eas dias de debates, acordos e apresenta\u00e7\u00f5es estrat\u00e9gicas colocam o Estado no centro das articula\u00e7\u00f5es nacionais de ci\u00eancia, tecnologia e inova\u00e7\u00e3o<\/em><br><br>Goi\u00e2nia recebe, entre 3 e 5 de dezembro, lideran\u00e7as respons\u00e1veis por formular e financiar pol\u00edticas p\u00fablicas de ci\u00eancia, tecnologia e inova\u00e7\u00e3o no pa\u00eds. Durante tr\u00eas dias, o Estado reunir\u00e1 representantes das 27 Funda\u00e7\u00f5es Estaduais de Amparo \u00e0 Pesquisa, secret\u00e1rios estaduais de CT&amp;I e dirigentes de ag\u00eancias nacionais e internacionais para discutir integra\u00e7\u00e3o federativa, infraestrutura cient\u00edfica, intelig\u00eancia artificial, bioeconomia e novas estrat\u00e9gias de fomento. A programa\u00e7\u00e3o ocorre no Hub Goi\u00e1s, Pal\u00e1cio Pedro Ludovico Teixeira e no Pal\u00e1cio das Esmeraldas, refor\u00e7ando a disposi\u00e7\u00e3o de Goi\u00e1s em ampliar sua contribui\u00e7\u00e3o para o desenvolvimento cient\u00edfico brasileiro.<br><br>A realiza\u00e7\u00e3o do encontro coincide com os 20 anos da Funda\u00e7\u00e3o de Amparo \u00e0 Pesquisa do Estado de Goi\u00e1s (Fapeg), que apresenta ao pa\u00eds resultados de uma pol\u00edtica de fomento baseada na coopera\u00e7\u00e3o institucional, em investimentos estruturantes e na expans\u00e3o de redes de pesquisa. A programa\u00e7\u00e3o inclui a mostra interativa dos Centros de Excel\u00eancia apoiados pela Fapeg e reuni\u00f5es t\u00e9cnicas que alinham agendas priorit\u00e1rias entre gestores estaduais.<br><br>O encontro come\u00e7a no dia 3, no Hub Goi\u00e1s, com a apresenta\u00e7\u00e3o das estrat\u00e9gias de fomento da Fapeg, que detalha a pol\u00edtica estadual de ci\u00eancia e tecnologia e suas prioridades para os pr\u00f3ximos anos. Ao longo do dia, o p\u00fablico poder\u00e1 conhecer, por meio de experi\u00eancias visuais e totens digitais, os centros de excel\u00eancia apoiados pela Funda\u00e7\u00e3o, que representam uma pol\u00edtica p\u00fablica voltada \u00e0 cria\u00e7\u00e3o de estruturas robustas e multidisciplinares capazes de produzir conhecimento aplicado, formar especialistas e impulsionar solu\u00e7\u00f5es para desafios estrat\u00e9gicos do Estado. Na sequ\u00eancia, ocorrem reuni\u00f5es t\u00e9cnicas entre presidentes das FAPs, diretores cient\u00edficos, gestores administrativos e equipes de comunica\u00e7\u00e3o, que alinham agendas comuns e preparam encaminhamentos para as delibera\u00e7\u00f5es nacionais.<br><br><strong>Impacto<\/strong><br><br>Secret\u00e1rio estadual de Ci\u00eancia, Tecnologia e Inova\u00e7\u00e3o, Jos\u00e9 Frederico Lyra Netto destaca o impacto da agenda para o avan\u00e7o institucional do Estado. &#8220;Goi\u00e1s quer se tornar refer\u00eancia em ci\u00eancia, tecnologia e inova\u00e7\u00e3o, porque entendemos que isso garante oportunidades para que os goianos possam melhorar suas vidas. Nosso estado receber representantes dessas \u00e1reas de todo o pa\u00eds mostra que estamos no caminho certo&#8221;, relata.<br><br>O presidente da Fapeg, Marcos Arriel, ressalta o significado do evento para o Estado. \u201cGoi\u00e1s vive um per\u00edodo de consolida\u00e7\u00e3o de pol\u00edticas p\u00fablicas voltadas \u00e0 pesquisa, com amplia\u00e7\u00e3o de investimentos e fortalecimento de estruturas que sustentam a produ\u00e7\u00e3o cient\u00edfica. Receber este encontro \u00e9 uma oportunidade de compartilhar experi\u00eancias, projetos e resultados e reafirmar o papel da ci\u00eancia na transforma\u00e7\u00e3o dos territ\u00f3rios\u201d, afirma.<br><br>O segundo dia ser\u00e1 marcado pela assinatura do acordo entre Finep e Fapeg, que destina R$ 47,8 milh\u00f5es para moderniza\u00e7\u00e3o e expans\u00e3o da infraestrutura de pesquisa de seis institui\u00e7\u00f5es goianas \u2013 uma das maiores coopera\u00e7\u00f5es recentes para o sistema cient\u00edfico estadual. \u00c0 tarde, pain\u00e9is tem\u00e1ticos discutir\u00e3o bioeconomia, sustentabilidade, energias limpas, tecnologias aplicadas ao campo e intelig\u00eancia artificial, reunindo especialistas do governo, academia e setor produtivo.<br><br>O \u00faltimo dia contar\u00e1 com reuni\u00f5es nacionais, continuidade da mostra cient\u00edfica e o almo\u00e7o com o governador Ronaldo Caiado, no qual ser\u00e1 anunciado um pacote de 21 editais entre lan\u00e7ados e previstos. As chamadas abrangem bolsas, apoio \u00e0 pesquisa, moderniza\u00e7\u00e3o de laborat\u00f3rios, incentivo \u00e0 inova\u00e7\u00e3o e programas estruturantes que fortalecem o ecossistema de CT&amp;I. O encerramento ocorrer\u00e1 na confraterniza\u00e7\u00e3o dos 20 anos da Fapeg.<br><br>Servi\u00e7o<br>O que: Encontro nacional de ci\u00eancia, tecnologia e inova\u00e7\u00e3o<br>Quando: 3 a 5 de dezembro<br>Onde: Pal\u00e1cio Pedro Ludovico Teixeira, Pal\u00e1cio das Esmeraldas e Hub Goi\u00e1s<br><br>Fotos: Secom<br><br>Legenda: Pal\u00e1cio Pedro Ludovico Teixeira e Hub Goi\u00e1s sediam encontro nacional de ci\u00eancia, tecnologia e inova\u00e7\u00e3o<br><br><strong>Secretaria de Estado de Ci\u00eancia, Tecnologia e Inova\u00e7\u00e3o | Funda\u00e7\u00e3o de Amparo \u00e0 Pesquisa do Estado \u2013 Governo de Goi\u00e1s<\/strong><\/p>\n\n\n\n<p><\/p>\n","protected":false},"excerpt":{"rendered":"<p>Tr\u00eas dias de debates, acordos e apresenta\u00e7\u00f5es estrat\u00e9gicas colocam o Estado no centro das articula\u00e7\u00f5es nacionais de ci\u00eancia, tecnologia e inova\u00e7\u00e3o Goi\u00e2nia recebe, entre 3 e 5 de dezembro, lideran\u00e7as respons\u00e1veis por formular e financiar pol\u00edticas p\u00fablicas de ci\u00eancia, tecnologia e inova\u00e7\u00e3o no pa\u00eds. Durante tr\u00eas dias, o Estado reunir\u00e1 representantes das 27 Funda\u00e7\u00f5es Estaduais [&hellip;]<\/p>\n","protected":false},"author":332,"featured_media":103853,"comment_status":"closed","ping_status":"open","sticky":false,"template":"","format":"standard","meta":{"footnotes":""},"categories":[80],"tags":[544,546,545],"class_list":["post-103744","post","type-post","status-publish","format-standard","has-post-thumbnail","hentry","category-noticias","tag-ciencia-em-goias","tag-inovacao-para-o-desenvolvimento","tag-tecnologia-que-transforma"],"rttpg_featured_image_url":{"full":["https:\/\/goias.gov.br\/inovacao\/wp-content\/uploads\/sites\/26\/2025\/12\/WhatsApp-Image-2025-12-02-at-13.48.59.jpeg",984,616,false],"landscape":["https:\/\/goias.gov.br\/inovacao\/wp-content\/uploads\/sites\/26\/2025\/12\/WhatsApp-Image-2025-12-02-at-13.48.59.jpeg",984,616,false],"portraits":["https:\/\/goias.gov.br\/inovacao\/wp-content\/uploads\/sites\/26\/2025\/12\/WhatsApp-Image-2025-12-02-at-13.48.59.jpeg",984,616,false],"thumbnail":["https:\/\/goias.gov.br\/inovacao\/wp-content\/uploads\/sites\/26\/2025\/12\/WhatsApp-Image-2025-12-02-at-13.48.59-150x150.jpeg",150,150,true],"medium":["https:\/\/goias.gov.br\/inovacao\/wp-content\/uploads\/sites\/26\/2025\/12\/WhatsApp-Image-2025-12-02-at-13.48.59-300x188.jpeg",300,188,true],"large":["https:\/\/goias.gov.br\/inovacao\/wp-content\/uploads\/sites\/26\/2025\/12\/WhatsApp-Image-2025-12-02-at-13.48.59.jpeg",984,616,false],"1536x1536":["https:\/\/goias.gov.br\/inovacao\/wp-content\/uploads\/sites\/26\/2025\/12\/WhatsApp-Image-2025-12-02-at-13.48.59.jpeg",984,616,false],"2048x2048":["https:\/\/goias.gov.br\/inovacao\/wp-content\/uploads\/sites\/26\/2025\/12\/WhatsApp-Image-2025-12-02-at-13.48.59.jpeg",984,616,false]},"rttpg_author":{"display_name":"gabrielealves","author_link":"https:\/\/goias.gov.br\/inovacao\/author\/gabrielealves\/"},"rttpg_comment":0,"rttpg_category":"<a href=\"https:\/\/goias.gov.br\/inovacao\/categoria\/noticias\/\" rel=\"category tag\">Not\u00edcias<\/a>","rttpg_excerpt":"Tr\u00eas dias de debates, acordos e apresenta\u00e7\u00f5es estrat\u00e9gicas colocam o Estado no centro das articula\u00e7\u00f5es nacionais de ci\u00eancia, tecnologia e inova\u00e7\u00e3o Goi\u00e2nia recebe, entre 3 e 5 de dezembro, lideran\u00e7as respons\u00e1veis por formular e financiar pol\u00edticas p\u00fablicas de ci\u00eancia, tecnologia e inova\u00e7\u00e3o no pa\u00eds. Durante tr\u00eas dias, o Estado reunir\u00e1 representantes das 27 Funda\u00e7\u00f5es Estaduais&hellip;","_links":{"self":[{"href":"https:\/\/goias.gov.br\/inovacao\/wp-json\/wp\/v2\/posts\/103744","targetHints":{"allow":["GET"]}}],"collection":[{"href":"https:\/\/goias.gov.br\/inovacao\/wp-json\/wp\/v2\/posts"}],"about":[{"href":"https:\/\/goias.gov.br\/inovacao\/wp-json\/wp\/v2\/types\/post"}],"author":[{"embeddable":true,"href":"https:\/\/goias.gov.br\/inovacao\/wp-json\/wp\/v2\/users\/332"}],"replies":[{"embeddable":true,"href":"https:\/\/goias.gov.br\/inovacao\/wp-json\/wp\/v2\/comments?post=103744"}],"version-history":[{"count":2,"href":"https:\/\/goias.gov.br\/inovacao\/wp-json\/wp\/v2\/posts\/103744\/revisions"}],"predecessor-version":[{"id":103866,"href":"https:\/\/goias.gov.br\/inovacao\/wp-json\/wp\/v2\/posts\/103744\/revisions\/103866"}],"wp:featuredmedia":[{"embeddable":true,"href":"https:\/\/goias.gov.br\/inovacao\/wp-json\/wp\/v2\/media\/103853"}],"wp:attachment":[{"href":"https:\/\/goias.gov.br\/inovacao\/wp-json\/wp\/v2\/media?parent=103744"}],"wp:term":[{"taxonomy":"category","embeddable":true,"href":"https:\/\/goias.gov.br\/inovacao\/wp-json\/wp\/v2\/categories?post=103744"},{"taxonomy":"post_tag","embeddable":true,"href":"https:\/\/goias.gov.br\/inovacao\/wp-json\/wp\/v2\/tags?post=103744"}],"curies":[{"name":"wp","href":"https:\/\/api.w.org\/{rel}","templated":true}]}}