

{"id":948,"date":"2016-01-25T15:01:52","date_gmt":"2016-01-25T17:01:52","guid":{"rendered":"https:\/\/siteshom.goias.gov.br\/industriaecomercio\/franca-e-filipinas-querem-aos-com-goias\/"},"modified":"2016-01-25T15:01:52","modified_gmt":"2016-01-25T17:01:52","slug":"franca-e-filipinas-querem-aos-com-goias","status":"publish","type":"post","link":"https:\/\/goias.gov.br\/industriaecomercio\/franca-e-filipinas-querem-aos-com-goias\/","title":{"rendered":"Fran\u00e7a e Filipinas querem aumentar neg\u00f3cios com Goi\u00e1s"},"content":{"rendered":"<p><img fetchpriority=\"high\" decoding=\"async\" class=\" size-full wp-image-945\" src=\"https:\/\/goias.gov.br\/industriaecomercio\/wp-content\/uploads\/sites\/32\/2016\/01\/dede_fw-2aa.png\" alt=\"\" width=\"1082\" height=\"712\" srcset=\"https:\/\/goias.gov.br\/industriaecomercio\/wp-content\/uploads\/sites\/32\/2016\/01\/dede_fw-2aa.png 1082w, https:\/\/goias.gov.br\/industriaecomercio\/wp-content\/uploads\/sites\/32\/2016\/01\/dede_fw-2aa-300x197.png 300w, https:\/\/goias.gov.br\/industriaecomercio\/wp-content\/uploads\/sites\/32\/2016\/01\/dede_fw-2aa-1024x674.png 1024w, https:\/\/goias.gov.br\/industriaecomercio\/wp-content\/uploads\/sites\/32\/2016\/01\/dede_fw-2aa-768x505.png 768w\" sizes=\"(max-width: 1082px) 100vw, 1082px\" \/><!DOCTYPE html PUBLIC \"-\/\/W3C\/\/DTD HTML 4.0 Transitional\/\/EN\" \"http:\/\/www.w3.org\/TR\/REC-html40\/loose.dtd\"><br \/>\n<html><body><\/p>\n<p style=\"text-align: left;\" align=\"center\">&nbsp;<em style=\"text-align: left;\">Superintendente executivo de Com&eacute;rcio Exterior da SED, Willian O&rsquo;Dwyer atendeu convite das embaixadas estrangeiras em Bras&iacute;lia: &ldquo;Eles reconhecem Goi&aacute;s como grande parceiro&#8221;<\/em><\/p>\n<p style=\"text-align: left;\" align=\"center\">O superintendente executivo de Com&eacute;rcio Exterior da Secretaria de Desenvolvimento Econ&ocirc;mico (SED), Willian O&rsquo;Dwyer, acompanhado de t&eacute;cnicos da Secretaria, participou nos &uacute;ltimos dias, em Bras&iacute;lia (DF), de importantes reuni&otilde;es de neg&oacute;cios. O convite partiu das embaixadas da Fran&ccedil;a e das Filipinas.<\/p>\n<p style=\"text-align: left;\">No primeiro encontro realizado, a equipe goiana foi recebida pelo embaixador da Fran&ccedil;a no Brasil,&nbsp;&nbsp;Laurent Billi, que na ocasi&atilde;o fez quest&atilde;o de destacar o bom relacionamento existente entre franceses e goianos nos &uacute;ltimos anos. &ldquo;Temos muito interesse em manter essa frut&iacute;fera parceria existente com Goi&aacute;s. E enxergamos grandes possibilidades de neg&oacute;cios, principalmente em projetos de mobilidade urbana&rdquo;, disse.&nbsp;<\/p>\n<p>O embaixador completou que esteve em Goi&aacute;s h&aacute; 25 anos e que, hoje, se diz impressionado com o crescimento do Estado, sobretudo com o grau de desenvolvimento apresentado pelo eixo Goi&acirc;nia &ndash; An&aacute;polis-Bras&iacute;lia. Ele disse tamb&eacute;m que, em parceria com a Secretaria de Desenvolvimento Econ&ocirc;mico, pretende realizar o &lsquo;Dia da Fran&ccedil;a&rsquo; em Goi&aacute;s, ainda no primeiro semestre deste ano.<\/p>\n<p style=\"text-align: left;\">Os valores da balan&ccedil;a comercial entre Goi&aacute;s e Fran&ccedil;a foram bastante equilibrados em 2015. O Estado exportou US$ 46,3 milh&otilde;es em &oacute;leo de soja, a&ccedil;&uacute;car e farinha de soja, e importou US$ 48,8 milh&otilde;es em avi&otilde;es e outros ve&iacute;culos a&eacute;reos e medicamentos.<\/p>\n<p style=\"text-align: left;\">&ldquo;Apesar da atual instabilidade econ&ocirc;mica do pa&iacute;s no momento, Goi&aacute;s, sob a lideran&ccedil;a do governador Marconi Perillo e do vice-governador e secret&aacute;rio de Desenvolvimento Econ&ocirc;mico, Jos&eacute; Eliton,&nbsp;&nbsp;continua intensificando as rela&ccedil;&otilde;es externas&rdquo;, disse O&rsquo;Dwyer, lembrando que hoje o Estado j&aacute; &eacute; conhecido e respeitado por pa&iacute;ses como a Fran&ccedil;a. &ldquo;Temos avan&ccedil;ado muito&rdquo;, garantiu.<\/p>\n<p style=\"text-align: left;\"><strong>Filipinas<\/strong><\/p>\n<p style=\"text-align: left;\">Em outro evento na capital federal, os goianos se reuniram com o F&oacute;rum de Coopera&ccedil;&atilde;o Brasil-Filipinas na resid&ecirc;ncia oficial do embaixador das Filipinas no Brasil, Jos&eacute; T.R. Burgos. Durante apresenta&ccedil;&atilde;o das riquezas e potencialidades de seu pa&iacute;s, o embaixador lembrou que este ano ser&aacute; celebrado os &lsquo;70 anos&rsquo; das rela&ccedil;&otilde;es Brasil&ndash;Filipinas.&nbsp;&nbsp;O Brasil reconheceu as Filipinas no dia de sua independ&ecirc;ncia, em 4 de julho de 1946. A Embaixada brasileira em Manila foi inaugurada em 1970 e aquele pa&iacute;s abriu sua Embaixada no Brasil em 1965. Dentre as caracter&iacute;sticas compartilhadas pelas duas na&ccedil;&otilde;es, est&atilde;o os grandes contingentes populacionais, os regimes pol&iacute;tico democr&aacute;tico-representativos, as disparidades sociais e regionais e a megadiversidade biol&oacute;gica.&nbsp;<\/p>\n<p style=\"text-align: left;\">O embaixador filipino falou tamb&eacute;m da miss&atilde;o comercial brasileira que vai &agrave;s Filipinas este ano, e conta com a participa&ccedil;&atilde;o goiana na caravana. &ldquo;Reconhe&ccedil;o Goi&aacute;s como grande parceiro. Pela diversidade e pela qualidade dos seus produtos&rdquo;, disse. Estavam presentes na reuni&atilde;o os c&ocirc;nsules de S&atilde;o de Paulo e do Rio de Janeiro, representantes do Minist&eacute;rio das Rela&ccedil;&otilde;es Exteriores (Itamaraty) e representantes das empresas Embraer e Eurofarma.<\/p>\n<p style=\"text-align: left;\">Em 2015, Goi&aacute;s exportou US$ 9,3 milh&otilde;es em produtos para as Filipinas e importou US$ 101,7 mil, com saldo favor&aacute;vel para o Estado de US$ 9,2 milh&otilde;es. As carnes representaram mais de 70% das vendas goianas. Destacaram-se tamb&eacute;m gelatina e milho. O estado comprou equipamentos termais, controladores eletr&ocirc;nicos para freios e retificadores de cristais.&nbsp;&nbsp;De acordo com O&rsquo;Dwyer, Goi&aacute;s se interessa em fazer neg&oacute;cios (exportar e importar)&nbsp;&nbsp;nos setores de carnes, cal&ccedil;ados, pedras e metais preciosos, produtos automotivos, produtos de beleza, confec&ccedil;&atilde;o de lingerie e moda praia, cacha&ccedil;a, pe&ccedil;as automotivas e equipamentos termais.<\/p>\n<p style=\"text-align: left;\">Para Willian O&rsquo;Dwyer, o Com&eacute;rcio Exterior, de um modo geral, ser&aacute; a vertente que impulsionar&aacute; a economia goiana nos pr&oacute;ximos anos. &ldquo;Buscamos cada vez mais o respeito internacional&nbsp;&nbsp;e a consolida&ccedil;&atilde;o da voca&ccedil;&atilde;o para o com&eacute;rcio exterior que Goi&aacute;s tem mostrado&rdquo;, disse.<\/p>\n<p><strong>Para ter acesso &agrave; Balan&ccedil;a Comercial 2015 &ndash; Goi&aacute;s \/ Fran&ccedil;a,&nbsp;<a href=\"https:\/\/goias.gov.br\/industriaecomercio\/wp-content\/uploads\/sites\/32\/2016\/01\/balan_a-goi_s-fran_a-561.pdf\">clique AQUI.<\/a>&nbsp;&nbsp;&nbsp;&nbsp;&nbsp;&nbsp; E para visualizar, em detalhes, a Balan&ccedil;a Comercial 2015 &ndash; Goi&aacute;s \/ Filipinas,&nbsp;<a href=\"https:\/\/goias.gov.br\/industriaecomercio\/wp-content\/uploads\/sites\/32\/2016\/01\/balan_a-goi_s-filipinas-67b.pdf\">clique AQUI<\/a>.<\/strong><\/p>\n<p style=\"text-align: left;\"><strong>Comunica&ccedil;&atilde;o Setorial<br \/>Secretaria de Estado de Desenvolvimento Econ&ocirc;mico, Cient&iacute;fico e Tecnol&oacute;gico e de Agricultura, Pecu&aacute;ria e Irriga&ccedil;&atilde;o (SED)<br \/>(62) 3201-5463, 3201-5488, 3201-5487<\/strong><\/p>\n<p><\/body><\/html><\/p>\n","protected":false},"excerpt":{"rendered":"<p>&nbsp;Superintendente executivo de Com&eacute;rcio Exterior da SED, Willian O&rsquo;Dwyer atendeu convite das embaixadas estrangeiras em Bras&iacute;lia: &ldquo;Eles reconhecem Goi&aacute;s como grande parceiro&#8221; O superintendente executivo de Com&eacute;rcio Exterior da Secretaria de Desenvolvimento Econ&ocirc;mico (SED), Willian O&rsquo;Dwyer, acompanhado de t&eacute;cnicos da Secretaria, participou nos &uacute;ltimos dias, em Bras&iacute;lia (DF), de importantes reuni&otilde;es de neg&oacute;cios. O convite [&hellip;]<\/p>\n","protected":false},"author":7,"featured_media":945,"comment_status":"closed","ping_status":"open","sticky":false,"template":"","format":"standard","meta":{"footnotes":""},"categories":[4],"tags":[],"class_list":["post-948","post","type-post","status-publish","format-standard","has-post-thumbnail","hentry","category-noticias"],"rttpg_featured_image_url":{"full":["https:\/\/goias.gov.br\/industriaecomercio\/wp-content\/uploads\/sites\/32\/2016\/01\/dede_fw-2aa.png",1082,712,false],"landscape":["https:\/\/goias.gov.br\/industriaecomercio\/wp-content\/uploads\/sites\/32\/2016\/01\/dede_fw-2aa.png",1082,712,false],"portraits":["https:\/\/goias.gov.br\/industriaecomercio\/wp-content\/uploads\/sites\/32\/2016\/01\/dede_fw-2aa.png",1082,712,false],"thumbnail":["https:\/\/goias.gov.br\/industriaecomercio\/wp-content\/uploads\/sites\/32\/2016\/01\/dede_fw-2aa-150x150.png",150,150,true],"medium":["https:\/\/goias.gov.br\/industriaecomercio\/wp-content\/uploads\/sites\/32\/2016\/01\/dede_fw-2aa-300x197.png",300,197,true],"large":["https:\/\/goias.gov.br\/industriaecomercio\/wp-content\/uploads\/sites\/32\/2016\/01\/dede_fw-2aa-1024x674.png",1024,674,true],"1536x1536":["https:\/\/goias.gov.br\/industriaecomercio\/wp-content\/uploads\/sites\/32\/2016\/01\/dede_fw-2aa.png",1082,712,false],"2048x2048":["https:\/\/goias.gov.br\/industriaecomercio\/wp-content\/uploads\/sites\/32\/2016\/01\/dede_fw-2aa.png",1082,712,false]},"rttpg_author":{"display_name":"gustavogoncalves","author_link":"https:\/\/goias.gov.br\/industriaecomercio\/author\/gustavogoncalves\/"},"rttpg_comment":0,"rttpg_category":"<a href=\"https:\/\/goias.gov.br\/industriaecomercio\/categoria\/noticias\/\" rel=\"category tag\">Not\u00edcias<\/a>","rttpg_excerpt":"&nbsp;Superintendente executivo de Com&eacute;rcio Exterior da SED, Willian O&rsquo;Dwyer atendeu convite das embaixadas estrangeiras em Bras&iacute;lia: &ldquo;Eles reconhecem Goi&aacute;s como grande parceiro&#8221; O superintendente executivo de Com&eacute;rcio Exterior da Secretaria de Desenvolvimento Econ&ocirc;mico (SED), Willian O&rsquo;Dwyer, acompanhado de t&eacute;cnicos da Secretaria, participou nos &uacute;ltimos dias, em Bras&iacute;lia (DF), de importantes reuni&otilde;es de neg&oacute;cios. O convite&hellip;","_links":{"self":[{"href":"https:\/\/goias.gov.br\/industriaecomercio\/wp-json\/wp\/v2\/posts\/948","targetHints":{"allow":["GET"]}}],"collection":[{"href":"https:\/\/goias.gov.br\/industriaecomercio\/wp-json\/wp\/v2\/posts"}],"about":[{"href":"https:\/\/goias.gov.br\/industriaecomercio\/wp-json\/wp\/v2\/types\/post"}],"author":[{"embeddable":true,"href":"https:\/\/goias.gov.br\/industriaecomercio\/wp-json\/wp\/v2\/users\/7"}],"replies":[{"embeddable":true,"href":"https:\/\/goias.gov.br\/industriaecomercio\/wp-json\/wp\/v2\/comments?post=948"}],"version-history":[{"count":0,"href":"https:\/\/goias.gov.br\/industriaecomercio\/wp-json\/wp\/v2\/posts\/948\/revisions"}],"wp:featuredmedia":[{"embeddable":true,"href":"https:\/\/goias.gov.br\/industriaecomercio\/wp-json\/wp\/v2\/media\/945"}],"wp:attachment":[{"href":"https:\/\/goias.gov.br\/industriaecomercio\/wp-json\/wp\/v2\/media?parent=948"}],"wp:term":[{"taxonomy":"category","embeddable":true,"href":"https:\/\/goias.gov.br\/industriaecomercio\/wp-json\/wp\/v2\/categories?post=948"},{"taxonomy":"post_tag","embeddable":true,"href":"https:\/\/goias.gov.br\/industriaecomercio\/wp-json\/wp\/v2\/tags?post=948"}],"curies":[{"name":"wp","href":"https:\/\/api.w.org\/{rel}","templated":true}]}}