

{"id":7215,"date":"2024-04-24T14:58:58","date_gmt":"2024-04-24T17:58:58","guid":{"rendered":"https:\/\/goias.gov.br\/industriaecomercio\/?p=7215"},"modified":"2024-04-24T14:58:58","modified_gmt":"2024-04-24T17:58:58","slug":"sic-participa-do-lancamento-do-programa-de-eficiencia-energetica","status":"publish","type":"post","link":"https:\/\/goias.gov.br\/industriaecomercio\/sic-participa-do-lancamento-do-programa-de-eficiencia-energetica\/","title":{"rendered":"SIC participa do lan\u00e7amento do Programa de Efici\u00eancia Energ\u00e9tica"},"content":{"rendered":"<div class=\"wp-block-image\">\n<figure class=\"aligncenter size-full\"><img fetchpriority=\"high\" decoding=\"async\" width=\"1440\" height=\"960\" src=\"https:\/\/goias.gov.br\/industriaecomercio\/wp-content\/uploads\/sites\/32\/2024\/04\/interna1.jpeg\" alt=\"\" class=\"wp-image-7216\"\/><\/figure>\n<\/div>\n\n<p><em>Meta do Governo de Goi\u00e1s \u00e9 economizar R$ 25 milh\u00f5es por ano e chegar a 2026 com 100% da energia utilizada na administra\u00e7\u00e3o p\u00fablica oriunda de fontes renov\u00e1veis<\/em><\/p>\n<p style=\"text-align: justify;\">O secret\u00e1rio de Ind\u00fastria, Com\u00e9rcio e Servi\u00e7os, Joel de Sant\u2019Anna Braga Filho, participou, nesta quarta-feira (24\/4), ao lado do governador Ronaldo Caiado, do an\u00fancio do Programa de Efici\u00eancia Energ\u00e9tica do Governo de Goi\u00e1s.<\/p>\n<p style=\"text-align: justify;\">O objetivo da iniciativa \u00e9 que o estado alcance a meta de fontes renov\u00e1veis em 100% da energia el\u00e9trica utilizada na administra\u00e7\u00e3o p\u00fablica at\u00e9 2026. Com isso, devem ser economizados R$ 25 milh\u00f5es por ano.<\/p>\n<p style=\"text-align: justify;\">A SIC tem debatido a pauta da energia renov\u00e1vel e estimulado projetos sustent\u00e1veis, principalmente da energia fotovoltaica, fazendas solares e do SAF, o combust\u00edvel da avia\u00e7\u00e3o verde.<\/p>\n<p style=\"text-align: justify;\">O titular da SIC destaca tamb\u00e9m que o governador mandou recentemente para a Alego proposta que visa incentivar o desenvolvimento do etanol de 2a gera\u00e7\u00e3o.<\/p>\n<p style=\"text-align: justify;\"><strong>Secretaria de Estado de Ind\u00fastria, Com\u00e9rcio e Servi\u00e7os &#8211; Governo de Goi\u00e1s<\/strong><\/p>","protected":false},"excerpt":{"rendered":"<p>Meta do Governo de Goi\u00e1s \u00e9 economizar R$ 25 milh\u00f5es por ano e chegar a 2026 com 100% da energia utilizada na administra\u00e7\u00e3o p\u00fablica oriunda de fontes renov\u00e1veis O secret\u00e1rio de Ind\u00fastria, Com\u00e9rcio e Servi\u00e7os, Joel de Sant\u2019Anna Braga Filho, participou, nesta quarta-feira (24\/4), ao lado do governador Ronaldo Caiado, do an\u00fancio do Programa de [&hellip;]<\/p>\n","protected":false},"author":158,"featured_media":7217,"comment_status":"closed","ping_status":"open","sticky":false,"template":"","format":"standard","meta":{"footnotes":""},"categories":[3],"tags":[],"class_list":["post-7215","post","type-post","status-publish","format-standard","has-post-thumbnail","hentry","category-videos"],"rttpg_featured_image_url":{"full":["https:\/\/goias.gov.br\/industriaecomercio\/wp-content\/uploads\/sites\/32\/2024\/04\/capa1.jpeg",1600,1066,false],"landscape":["https:\/\/goias.gov.br\/industriaecomercio\/wp-content\/uploads\/sites\/32\/2024\/04\/capa1.jpeg",1600,1066,false],"portraits":["https:\/\/goias.gov.br\/industriaecomercio\/wp-content\/uploads\/sites\/32\/2024\/04\/capa1.jpeg",1600,1066,false],"thumbnail":["https:\/\/goias.gov.br\/industriaecomercio\/wp-content\/uploads\/sites\/32\/2024\/04\/capa1.jpeg",150,100,false],"medium":["https:\/\/goias.gov.br\/industriaecomercio\/wp-content\/uploads\/sites\/32\/2024\/04\/capa1.jpeg",300,200,false],"large":["https:\/\/goias.gov.br\/industriaecomercio\/wp-content\/uploads\/sites\/32\/2024\/04\/capa1.jpeg",1024,682,false],"1536x1536":["https:\/\/goias.gov.br\/industriaecomercio\/wp-content\/uploads\/sites\/32\/2024\/04\/capa1.jpeg",1536,1023,false],"2048x2048":["https:\/\/goias.gov.br\/industriaecomercio\/wp-content\/uploads\/sites\/32\/2024\/04\/capa1.jpeg",1600,1066,false]},"rttpg_author":{"display_name":"brunomagalhaes","author_link":"https:\/\/goias.gov.br\/industriaecomercio\/author\/brunomagalhaes\/"},"rttpg_comment":0,"rttpg_category":"<a href=\"https:\/\/goias.gov.br\/industriaecomercio\/categoria\/noticias\/videos\/\" rel=\"category tag\">V\u00eddeos<\/a>","rttpg_excerpt":"Meta do Governo de Goi\u00e1s \u00e9 economizar R$ 25 milh\u00f5es por ano e chegar a 2026 com 100% da energia utilizada na administra\u00e7\u00e3o p\u00fablica oriunda de fontes renov\u00e1veis O secret\u00e1rio de Ind\u00fastria, Com\u00e9rcio e Servi\u00e7os, Joel de Sant\u2019Anna Braga Filho, participou, nesta quarta-feira (24\/4), ao lado do governador Ronaldo Caiado, do an\u00fancio do Programa de&hellip;","_links":{"self":[{"href":"https:\/\/goias.gov.br\/industriaecomercio\/wp-json\/wp\/v2\/posts\/7215","targetHints":{"allow":["GET"]}}],"collection":[{"href":"https:\/\/goias.gov.br\/industriaecomercio\/wp-json\/wp\/v2\/posts"}],"about":[{"href":"https:\/\/goias.gov.br\/industriaecomercio\/wp-json\/wp\/v2\/types\/post"}],"author":[{"embeddable":true,"href":"https:\/\/goias.gov.br\/industriaecomercio\/wp-json\/wp\/v2\/users\/158"}],"replies":[{"embeddable":true,"href":"https:\/\/goias.gov.br\/industriaecomercio\/wp-json\/wp\/v2\/comments?post=7215"}],"version-history":[{"count":1,"href":"https:\/\/goias.gov.br\/industriaecomercio\/wp-json\/wp\/v2\/posts\/7215\/revisions"}],"predecessor-version":[{"id":7218,"href":"https:\/\/goias.gov.br\/industriaecomercio\/wp-json\/wp\/v2\/posts\/7215\/revisions\/7218"}],"wp:featuredmedia":[{"embeddable":true,"href":"https:\/\/goias.gov.br\/industriaecomercio\/wp-json\/wp\/v2\/media\/7217"}],"wp:attachment":[{"href":"https:\/\/goias.gov.br\/industriaecomercio\/wp-json\/wp\/v2\/media?parent=7215"}],"wp:term":[{"taxonomy":"category","embeddable":true,"href":"https:\/\/goias.gov.br\/industriaecomercio\/wp-json\/wp\/v2\/categories?post=7215"},{"taxonomy":"post_tag","embeddable":true,"href":"https:\/\/goias.gov.br\/industriaecomercio\/wp-json\/wp\/v2\/tags?post=7215"}],"curies":[{"name":"wp","href":"https:\/\/api.w.org\/{rel}","templated":true}]}}