

{"id":715,"date":"2015-10-01T06:10:34","date_gmt":"2015-10-01T09:10:34","guid":{"rendered":"https:\/\/siteshom.goias.gov.br\/industriaecomercio\/a\/"},"modified":"2015-10-01T06:10:34","modified_gmt":"2015-10-01T09:10:34","slug":"a","status":"publish","type":"post","link":"https:\/\/goias.gov.br\/industriaecomercio\/a\/","title":{"rendered":"Autoridades do Peru querem \u0093rela\u00e7\u00e3o bilateral frut\u00edfera\u0094 com Estado de Goi\u00e1s"},"content":{"rendered":"<p><img fetchpriority=\"high\" decoding=\"async\" class=\" size-full wp-image-714\" src=\"https:\/\/goias.gov.br\/industriaecomercio\/wp-content\/uploads\/sites\/32\/2015\/10\/ministerio-de-comercio-exterior-e-turismo-do-peru-31-dea.jpg\" alt=\"\" width=\"1600\" height=\"1200\" srcset=\"https:\/\/goias.gov.br\/industriaecomercio\/wp-content\/uploads\/sites\/32\/2015\/10\/ministerio-de-comercio-exterior-e-turismo-do-peru-31-dea.jpg 1600w, https:\/\/goias.gov.br\/industriaecomercio\/wp-content\/uploads\/sites\/32\/2015\/10\/ministerio-de-comercio-exterior-e-turismo-do-peru-31-dea-300x225.jpg 300w, https:\/\/goias.gov.br\/industriaecomercio\/wp-content\/uploads\/sites\/32\/2015\/10\/ministerio-de-comercio-exterior-e-turismo-do-peru-31-dea-1024x768.jpg 1024w, https:\/\/goias.gov.br\/industriaecomercio\/wp-content\/uploads\/sites\/32\/2015\/10\/ministerio-de-comercio-exterior-e-turismo-do-peru-31-dea-768x576.jpg 768w, https:\/\/goias.gov.br\/industriaecomercio\/wp-content\/uploads\/sites\/32\/2015\/10\/ministerio-de-comercio-exterior-e-turismo-do-peru-31-dea-1536x1152.jpg 1536w, https:\/\/goias.gov.br\/industriaecomercio\/wp-content\/uploads\/sites\/32\/2015\/10\/ministerio-de-comercio-exterior-e-turismo-do-peru-31-dea-600x450.jpg 600w\" sizes=\"(max-width: 1600px) 100vw, 1600px\" \/><!DOCTYPE html PUBLIC \"-\/\/W3C\/\/DTD HTML 4.0 Transitional\/\/EN\" \"http:\/\/www.w3.org\/TR\/REC-html40\/loose.dtd\"><br \/>\n<html><body><\/p>\n<p style=\"text-align: left;\" align=\"center\"><em>Comitiva goiana comandada pelo vice-governador Jos&eacute; Eliton se reuniu com dirigentes do Minist&eacute;rio de Com&eacute;rcio Exterior e Turismo. Conversa&ccedil;&otilde;es com vistas &agrave; amplia&ccedil;&atilde;o&nbsp;do interc&acirc;mbio comercial t&ecirc;m resultados positivos<\/em><\/p>\n<p style=\"text-align: left;\" align=\"center\">&nbsp;<\/p>\n<p style=\"text-align: left;\">&nbsp;O Peru tem interesse em firmar uma &ldquo;rela&ccedil;&atilde;o bilateral frut&iacute;fera&rdquo; com Goi&aacute;s, tendo por base o acordo comercial em vigor com o Brasil. A manifesta&ccedil;&atilde;o foi feita pelo diretor nacional de Integra&ccedil;&atilde;o e Negocia&ccedil;&otilde;es Comerciais Internacionais do Minist&eacute;rio de Com&eacute;rcio Exterior e Turismo, Eduardo Brandes, durante reuni&atilde;o com integrantes da comitiva goiana na sede da institui&ccedil;&atilde;o, em Lima. O vice-governador Jos&eacute; Eliton, que comanda a miss&atilde;o &agrave; Am&eacute;rica do Sul, disse que o Estado tem interesse em ampliar significativamente a pauta de importa&ccedil;&atilde;o e exporta&ccedil;&atilde;o, bem como as rela&ccedil;&otilde;es institucionais e culturais com os peruanos. O vice-prefeito de Goi&acirc;nia, Agenor Mariano, participou da audi&ecirc;ncia ao lado do vereador Den&iacute;cio Trindade, representante da C&acirc;mara Municipal de Goi&acirc;nia.<\/p>\n<p style=\"text-align: left;\"> &ldquo;Estamos muito felizes com a visita da delega&ccedil;&atilde;o goiana e esperamos que as rela&ccedil;&otilde;es comerciais se aprofundem&rdquo;, disse Eduardo Brandes, que recepcionou a miss&atilde;o ao lado do assessor do vice-ministro de Com&eacute;rcio Exterior, Luis Mes&iacute;as. &ldquo;Somos vizinhos, o nosso interc&acirc;mbio &eacute; ainda baixo e queremos que seja muito maior, com desenvolvimento de neg&oacute;cios entre ambas as partes&rdquo;, completou Brandes.<\/p>\n<p> O vice-governador Jos&eacute; Eliton fez uma apresenta&ccedil;&atilde;o das potencialidades econ&ocirc;micas de Goi&aacute;s como o Estado que det&eacute;m 10% da produ&ccedil;&atilde;o brasileira de prote&iacute;na animal. Destacou tamb&eacute;m a alta tecnologia que move os processos de produ&ccedil;&atilde;o no setor prim&aacute;rio. Sobre a log&iacute;stica, informou que est&aacute; em constru&ccedil;&atilde;o em An&aacute;polis o segundo maior aeroporto de cargas do pa&iacute;s. Observou, ainda, que Goi&aacute;s possui rela&ccedil;&otilde;es comerciais com 160 pa&iacute;ses e busca intensificar o processo de internacionaliza&ccedil;&atilde;o de sua economia, que passa por amplo processo de diversifica&ccedil;&atilde;o.<\/p>\n<p> O presidente da Federa&ccedil;&atilde;o das Ind&uacute;strias do Estado de Goi&aacute;s (Fieg), Pedro Alves, descreveu que sua entidade abriga 35 sindicatos de diferentes segmentos produtivos que t&ecirc;m todo o interesse em estabelecer aproxima&ccedil;&atilde;o comercial com o Peru. &ldquo;Queremos atuar para fortalecer as duas economias&rdquo;, disse. &ldquo;A Fieg est&aacute; pronta para uma prof&iacute;cua rela&ccedil;&atilde;o bilateral&rdquo;, afirmou.<\/p>\n<p> O presidente do Grupo Caramuru, Alberto Borges de Souza, destacou o interesse em estabelecer rela&ccedil;&otilde;es comerciais com o Peru como a principal companhia brasileira no processamento de soja, milho, girassol e canola, com ampla atua&ccedil;&atilde;o no setor de exporta&ccedil;&otilde;es. Especificamente, citou o uso da prote&iacute;na para alimenta&ccedil;&atilde;o de camar&otilde;es, um dos produtos fortes na economia local. &ldquo;Queremos criar sinergias que agreguem valor &agrave;s economias de Brasil e Peru&rdquo;, disse.<\/p>\n<p> O diretor do Sindicato de Carnes e Derivados do Estado de Goi&aacute;s (Sindicarne), Leandro Stival, citou as potencialidades do Estado que se situa entre os tr&ecirc;s maiores produtores do Brasil, com destaque para bovinos, su&iacute;nos e aves. Segundo afirmou, esta alta produ&ccedil;&atilde;o tem todas as condi&ccedil;&otilde;es de atender prontamente o mercado peruano de maneira competitiva, com bastante terreno para avan&ccedil;ar bastante no processo de comercializa&ccedil;&atilde;o.<\/p>\n<p> O presidente do Sindicato das Ind&uacute;strias Farmac&ecirc;uticas (Sindifargo), Heribaldo Eg&iacute;dio Silva, destacou que Goi&aacute;s com seu polo industrial em An&aacute;polis &eacute; respons&aacute;vel por 30% de todo o consumo brasileiro de medicamentos. A produ&ccedil;&atilde;o chega a 1 bilh&atilde;o de caixas dos produtos por ano. Ele prop&ocirc;s parcerias com o Peru, que j&aacute; importa rem&eacute;dios do Estado, mas que tem um amplo campo para ampliar o com&eacute;rcio.<\/p>\n<p> O presidente do Sindicato das Ind&uacute;strias de Etanol e A&ccedil;&uacute;car (Sifaeg\/Sifa&ccedil;&uacute;car), Andr&eacute; Rocha, relatou as potencialidades de Goi&aacute;s como o segundo maior produtor de cana-de-a&ccedil;&uacute;car e de etanol do pa&iacute;s. O volume chega a 70 milh&otilde;es de toneladas de cana. Andr&eacute; prop&ocirc;s &agrave;s autoridades peruanas do Com&eacute;rcio Exterior o uso do etanol misturado &agrave; gasolina enquanto mecanismo eficiente para diminuir as emiss&otilde;es de CO2. Sugeriu, ainda, agregar valor &agrave; economia local por meio da queima do baga&ccedil;o de cana para a produ&ccedil;&atilde;o de energia.<\/p>\n<p><strong>Agenda<br \/><\/strong>Nesta quinta-feira (1&ordm;\/10), os integrantes da miss&atilde;o fazem visita t&eacute;cnica &agrave; Associa&ccedil;&atilde;o Nacional dos Empres&aacute;rios Colombianos (Andi). Eles ser&atilde;o recebidos pela diretora para Assuntos Internacionais, Ana Milena Cort&aacute;zar Mejia. Em seguida, o grupo&nbsp;&nbsp;ser&aacute; recebido pelo vice-presidente de Com&eacute;rcio Exterior da Federa&ccedil;&atilde;o dos Comerciantes (Fenalco), Eduardo Visbal.<\/p>\n<p><strong><\/strong><\/p>\n<p style=\"text-align: left;\">&Agrave; tarde, o vice-governador lidera visita &agrave;&nbsp;ProColombia, entidade respons&aacute;vel pela promo&ccedil;&atilde;o do turismo e investimentos&nbsp;&nbsp;na Col&ocirc;mbia. Eles ser&atilde;o recebidos pelo vice-presidente de Exporta&ccedil;&otilde;es da ag&ecirc;ncia, Ricardo Vallejo.<\/p>\n<p style=\"text-align: left;\"><strong>Comunica&ccedil;&atilde;o Setorial<br \/> Secretaria de Estado de Desenvolvimento Econ&ocirc;mico, Cient&iacute;fico e Tecnol&oacute;gico e de Agricultura, Pecu&aacute;ria e Irriga&ccedil;&atilde;o (SED)<br \/> (62) 3201-5463, 3201-5487<\/strong><\/p>\n<p><\/body><\/html><\/p>\n","protected":false},"excerpt":{"rendered":"<p>Comitiva goiana comandada pelo vice-governador Jos&eacute; Eliton se reuniu com dirigentes do Minist&eacute;rio de Com&eacute;rcio Exterior e Turismo. Conversa&ccedil;&otilde;es com vistas &agrave; amplia&ccedil;&atilde;o&nbsp;do interc&acirc;mbio comercial t&ecirc;m resultados positivos &nbsp; &nbsp;O Peru tem interesse em firmar uma &ldquo;rela&ccedil;&atilde;o bilateral frut&iacute;fera&rdquo; com Goi&aacute;s, tendo por base o acordo comercial em vigor com o Brasil. A manifesta&ccedil;&atilde;o foi [&hellip;]<\/p>\n","protected":false},"author":7,"featured_media":714,"comment_status":"closed","ping_status":"open","sticky":false,"template":"","format":"standard","meta":{"footnotes":""},"categories":[4],"tags":[],"class_list":["post-715","post","type-post","status-publish","format-standard","has-post-thumbnail","hentry","category-noticias"],"rttpg_featured_image_url":{"full":["https:\/\/goias.gov.br\/industriaecomercio\/wp-content\/uploads\/sites\/32\/2015\/10\/ministerio-de-comercio-exterior-e-turismo-do-peru-31-dea.jpg",1600,1200,false],"landscape":["https:\/\/goias.gov.br\/industriaecomercio\/wp-content\/uploads\/sites\/32\/2015\/10\/ministerio-de-comercio-exterior-e-turismo-do-peru-31-dea.jpg",1600,1200,false],"portraits":["https:\/\/goias.gov.br\/industriaecomercio\/wp-content\/uploads\/sites\/32\/2015\/10\/ministerio-de-comercio-exterior-e-turismo-do-peru-31-dea.jpg",1600,1200,false],"thumbnail":["https:\/\/goias.gov.br\/industriaecomercio\/wp-content\/uploads\/sites\/32\/2015\/10\/ministerio-de-comercio-exterior-e-turismo-do-peru-31-dea-150x150.jpg",150,150,true],"medium":["https:\/\/goias.gov.br\/industriaecomercio\/wp-content\/uploads\/sites\/32\/2015\/10\/ministerio-de-comercio-exterior-e-turismo-do-peru-31-dea-300x225.jpg",300,225,true],"large":["https:\/\/goias.gov.br\/industriaecomercio\/wp-content\/uploads\/sites\/32\/2015\/10\/ministerio-de-comercio-exterior-e-turismo-do-peru-31-dea-1024x768.jpg",1024,768,true],"1536x1536":["https:\/\/goias.gov.br\/industriaecomercio\/wp-content\/uploads\/sites\/32\/2015\/10\/ministerio-de-comercio-exterior-e-turismo-do-peru-31-dea-1536x1152.jpg",1536,1152,true],"2048x2048":["https:\/\/goias.gov.br\/industriaecomercio\/wp-content\/uploads\/sites\/32\/2015\/10\/ministerio-de-comercio-exterior-e-turismo-do-peru-31-dea.jpg",1600,1200,false]},"rttpg_author":{"display_name":"gustavogoncalves","author_link":"https:\/\/goias.gov.br\/industriaecomercio\/author\/gustavogoncalves\/"},"rttpg_comment":0,"rttpg_category":"<a href=\"https:\/\/goias.gov.br\/industriaecomercio\/categoria\/noticias\/\" rel=\"category tag\">Not\u00edcias<\/a>","rttpg_excerpt":"Comitiva goiana comandada pelo vice-governador Jos&eacute; Eliton se reuniu com dirigentes do Minist&eacute;rio de Com&eacute;rcio Exterior e Turismo. Conversa&ccedil;&otilde;es com vistas &agrave; amplia&ccedil;&atilde;o&nbsp;do interc&acirc;mbio comercial t&ecirc;m resultados positivos &nbsp; &nbsp;O Peru tem interesse em firmar uma &ldquo;rela&ccedil;&atilde;o bilateral frut&iacute;fera&rdquo; com Goi&aacute;s, tendo por base o acordo comercial em vigor com o Brasil. A manifesta&ccedil;&atilde;o foi&hellip;","_links":{"self":[{"href":"https:\/\/goias.gov.br\/industriaecomercio\/wp-json\/wp\/v2\/posts\/715","targetHints":{"allow":["GET"]}}],"collection":[{"href":"https:\/\/goias.gov.br\/industriaecomercio\/wp-json\/wp\/v2\/posts"}],"about":[{"href":"https:\/\/goias.gov.br\/industriaecomercio\/wp-json\/wp\/v2\/types\/post"}],"author":[{"embeddable":true,"href":"https:\/\/goias.gov.br\/industriaecomercio\/wp-json\/wp\/v2\/users\/7"}],"replies":[{"embeddable":true,"href":"https:\/\/goias.gov.br\/industriaecomercio\/wp-json\/wp\/v2\/comments?post=715"}],"version-history":[{"count":0,"href":"https:\/\/goias.gov.br\/industriaecomercio\/wp-json\/wp\/v2\/posts\/715\/revisions"}],"wp:featuredmedia":[{"embeddable":true,"href":"https:\/\/goias.gov.br\/industriaecomercio\/wp-json\/wp\/v2\/media\/714"}],"wp:attachment":[{"href":"https:\/\/goias.gov.br\/industriaecomercio\/wp-json\/wp\/v2\/media?parent=715"}],"wp:term":[{"taxonomy":"category","embeddable":true,"href":"https:\/\/goias.gov.br\/industriaecomercio\/wp-json\/wp\/v2\/categories?post=715"},{"taxonomy":"post_tag","embeddable":true,"href":"https:\/\/goias.gov.br\/industriaecomercio\/wp-json\/wp\/v2\/tags?post=715"}],"curies":[{"name":"wp","href":"https:\/\/api.w.org\/{rel}","templated":true}]}}