

{"id":7110,"date":"2024-04-09T14:58:49","date_gmt":"2024-04-09T17:58:49","guid":{"rendered":"https:\/\/goias.gov.br\/industriaecomercio\/?p=7110"},"modified":"2024-04-09T14:58:49","modified_gmt":"2024-04-09T17:58:49","slug":"sic-participa-da-abertura-da-tecnoshow-comigo-em-rio-verde","status":"publish","type":"post","link":"https:\/\/goias.gov.br\/industriaecomercio\/sic-participa-da-abertura-da-tecnoshow-comigo-em-rio-verde\/","title":{"rendered":"SIC participa da abertura da Tecnoshow Comigo, em Rio Verde"},"content":{"rendered":"\n<figure class=\"wp-block-image size-full\"><img fetchpriority=\"high\" decoding=\"async\" width=\"1280\" height=\"720\" src=\"https:\/\/goias.gov.br\/industriaecomercio\/wp-content\/uploads\/sites\/32\/2024\/04\/interna.jpeg\" alt=\"\" class=\"wp-image-7107\"\/><\/figure>\n\n\n<p><em>Feira ser\u00e1 realizada at\u00e9 sexta-feira, 12 de abril, e promete movimentar mais de R$ 10 bi em neg\u00f3cios<\/em><\/p>\n<p style=\"text-align: justify;\"><br \/>O secret\u00e1rio de Estado de Ind\u00fastria, Com\u00e9rcio e Servi\u00e7os (SIC), Joel de Sant\u2019Anna Braga Filho, participou da abertura da Tecnoshow Comigo, em Rio Verde, nesta segunda-feira (8\/4). A solenidade que marcou o in\u00edcio da 21\u00aa edi\u00e7\u00e3o contou com a presen\u00e7a do ministro da Agricultura e Pecu\u00e1ria, Carlos F\u00e1varo; do governador Ronaldo Caiado; primeira-dama, Gracinha Caiado; presidente da Comigo, Ant\u00f4nio Chavaglia; prefeito do munic\u00edpio, Paulo do Vale; al\u00e9m de v\u00e1rias outras autoridades, empres\u00e1rios e comunidade em geral.<\/p>\n<p style=\"text-align: justify;\"><br \/>Cinco embaixadas, al\u00e9m da C\u00e2mara de Coopera\u00e7\u00e3o Israel-Brasil Central, tamb\u00e9m marcaram presen\u00e7a, trazidas pelo Governo de Goi\u00e1s, por meio do Gabinete de Assuntos Internacionais e com apoio da SIC. \u201cA presen\u00e7a de embaixadores na feira \u00e9 de suma import\u00e2ncia para a ind\u00fastria por diversas raz\u00f5es. Al\u00e9m de promover investimentos estrangeiros e estimular a entrada de capital externo no setor, facilita o estabelecimento de parcerias comerciais ao conectar empresas locais a potenciais parceiros internacionais, ampliando as oportunidades de neg\u00f3cios e exporta\u00e7\u00e3o\u201d, sublinha Joel Braga Filho.<\/p>\n<p style=\"text-align: justify;\"><br \/>Uma das maiores vitrines de tecnologia rural do pa\u00eds, a Tecnoshow Comigo conta com ampla programa\u00e7\u00e3o de palestras, din\u00e2micas de pecu\u00e1ria, inova\u00e7\u00f5es, a\u00e7\u00f5es sustent\u00e1veis, exposi\u00e7\u00e3o de animais, m\u00e1quinas e implementos, al\u00e9m de apresenta\u00e7\u00e3o de novas tecnologias agr\u00edcolas, demonstra\u00e7\u00f5es de pesquisas, entre outros.<\/p>\n<p style=\"text-align: justify;\"><br \/>Al\u00e9m do titular da SIC, participaram da abertura da feira os superintendentes Marcos Sussumo (Desenvolvimento Regional) e Pl\u00ednio Viana (Com\u00e9rcio Exterior e Atra\u00e7\u00e3o de Investimentos).<\/p>\n<p style=\"text-align: justify;\"><br \/>Neste ano, a Tecnoshow ser\u00e1 realizada entre 8 e 12 de abril. Em sua \u00faltima edi\u00e7\u00e3o, o evento movimentou R$ R$ 11,1 bilh\u00f5es em negocia\u00e7\u00f5es em cinco dias e gerou 12,8 mil empregos diretos e indiretos.<\/p>\n<p><br \/>Foto: Cristov\u00e3o Matos<\/p>\n<p><br \/><strong>Secretaria de Estado de Ind\u00fastria, Com\u00e9rcio e Servi\u00e7os<\/strong><\/p>","protected":false},"excerpt":{"rendered":"<p>Feira ser\u00e1 realizada at\u00e9 sexta-feira, 12 de abril, e promete movimentar mais de R$ 10 bi em neg\u00f3cios O secret\u00e1rio de Estado de Ind\u00fastria, Com\u00e9rcio e Servi\u00e7os (SIC), Joel de Sant\u2019Anna Braga Filho, participou da abertura da Tecnoshow Comigo, em Rio Verde, nesta segunda-feira (8\/4). A solenidade que marcou o in\u00edcio da 21\u00aa edi\u00e7\u00e3o contou [&hellip;]<\/p>\n","protected":false},"author":158,"featured_media":7108,"comment_status":"closed","ping_status":"open","sticky":false,"template":"","format":"standard","meta":{"footnotes":""},"categories":[4],"tags":[],"class_list":["post-7110","post","type-post","status-publish","format-standard","has-post-thumbnail","hentry","category-noticias"],"rttpg_featured_image_url":{"full":["https:\/\/goias.gov.br\/industriaecomercio\/wp-content\/uploads\/sites\/32\/2024\/04\/capa.jpeg",1280,720,false],"landscape":["https:\/\/goias.gov.br\/industriaecomercio\/wp-content\/uploads\/sites\/32\/2024\/04\/capa.jpeg",1280,720,false],"portraits":["https:\/\/goias.gov.br\/industriaecomercio\/wp-content\/uploads\/sites\/32\/2024\/04\/capa.jpeg",1280,720,false],"thumbnail":["https:\/\/goias.gov.br\/industriaecomercio\/wp-content\/uploads\/sites\/32\/2024\/04\/capa.jpeg",150,84,false],"medium":["https:\/\/goias.gov.br\/industriaecomercio\/wp-content\/uploads\/sites\/32\/2024\/04\/capa.jpeg",300,169,false],"large":["https:\/\/goias.gov.br\/industriaecomercio\/wp-content\/uploads\/sites\/32\/2024\/04\/capa.jpeg",1024,576,false],"1536x1536":["https:\/\/goias.gov.br\/industriaecomercio\/wp-content\/uploads\/sites\/32\/2024\/04\/capa.jpeg",1280,720,false],"2048x2048":["https:\/\/goias.gov.br\/industriaecomercio\/wp-content\/uploads\/sites\/32\/2024\/04\/capa.jpeg",1280,720,false]},"rttpg_author":{"display_name":"brunomagalhaes","author_link":"https:\/\/goias.gov.br\/industriaecomercio\/author\/brunomagalhaes\/"},"rttpg_comment":0,"rttpg_category":"<a href=\"https:\/\/goias.gov.br\/industriaecomercio\/categoria\/noticias\/\" rel=\"category tag\">Not\u00edcias<\/a>","rttpg_excerpt":"Feira ser\u00e1 realizada at\u00e9 sexta-feira, 12 de abril, e promete movimentar mais de R$ 10 bi em neg\u00f3cios O secret\u00e1rio de Estado de Ind\u00fastria, Com\u00e9rcio e Servi\u00e7os (SIC), Joel de Sant\u2019Anna Braga Filho, participou da abertura da Tecnoshow Comigo, em Rio Verde, nesta segunda-feira (8\/4). A solenidade que marcou o in\u00edcio da 21\u00aa edi\u00e7\u00e3o contou&hellip;","_links":{"self":[{"href":"https:\/\/goias.gov.br\/industriaecomercio\/wp-json\/wp\/v2\/posts\/7110","targetHints":{"allow":["GET"]}}],"collection":[{"href":"https:\/\/goias.gov.br\/industriaecomercio\/wp-json\/wp\/v2\/posts"}],"about":[{"href":"https:\/\/goias.gov.br\/industriaecomercio\/wp-json\/wp\/v2\/types\/post"}],"author":[{"embeddable":true,"href":"https:\/\/goias.gov.br\/industriaecomercio\/wp-json\/wp\/v2\/users\/158"}],"replies":[{"embeddable":true,"href":"https:\/\/goias.gov.br\/industriaecomercio\/wp-json\/wp\/v2\/comments?post=7110"}],"version-history":[{"count":1,"href":"https:\/\/goias.gov.br\/industriaecomercio\/wp-json\/wp\/v2\/posts\/7110\/revisions"}],"predecessor-version":[{"id":7111,"href":"https:\/\/goias.gov.br\/industriaecomercio\/wp-json\/wp\/v2\/posts\/7110\/revisions\/7111"}],"wp:featuredmedia":[{"embeddable":true,"href":"https:\/\/goias.gov.br\/industriaecomercio\/wp-json\/wp\/v2\/media\/7108"}],"wp:attachment":[{"href":"https:\/\/goias.gov.br\/industriaecomercio\/wp-json\/wp\/v2\/media?parent=7110"}],"wp:term":[{"taxonomy":"category","embeddable":true,"href":"https:\/\/goias.gov.br\/industriaecomercio\/wp-json\/wp\/v2\/categories?post=7110"},{"taxonomy":"post_tag","embeddable":true,"href":"https:\/\/goias.gov.br\/industriaecomercio\/wp-json\/wp\/v2\/tags?post=7110"}],"curies":[{"name":"wp","href":"https:\/\/api.w.org\/{rel}","templated":true}]}}