

{"id":7069,"date":"2024-04-04T15:58:57","date_gmt":"2024-04-04T18:58:57","guid":{"rendered":"https:\/\/goias.gov.br\/industriaecomercio\/?p=7069"},"modified":"2024-04-04T16:02:23","modified_gmt":"2024-04-04T19:02:23","slug":"secretaria-de-industria-comercio-e-servicos-faz-visita-tecnica-ao-polo-textil-de-inhumas","status":"publish","type":"post","link":"https:\/\/goias.gov.br\/industriaecomercio\/secretaria-de-industria-comercio-e-servicos-faz-visita-tecnica-ao-polo-textil-de-inhumas\/","title":{"rendered":"Secretaria de Ind\u00fastria, Com\u00e9rcio e Servi\u00e7os faz visita t\u00e9cnica ao polo t\u00eaxtil de Inhumas"},"content":{"rendered":"<p style=\"text-align: justify;\"><em>Reuni\u00e3o est\u00e1 marcada para as 14h desta sexta-feira (05\/04)<\/em><\/p>\n<p style=\"text-align: justify;\">A gerente de Integra\u00e7\u00e3o, Projetos de Concess\u00f5es e Parcerias da Secretaria de Estado de Ind\u00fastria, Com\u00e9rcio e Servi\u00e7os (SIC), e coordenadora do programa Cintur\u00e3o da Moda, Vera Aguiar, estar\u00e1 em Inhumas, nesta sexta-feira (5\/4), \u00e0s 14h, para promover o polo t\u00eaxtil regional. Na oportunidade, ela estar\u00e1 acompanhada do presidente da Associa\u00e7\u00e3o Empresarial da Regi\u00e3o da 44 (AER), Lauro Naves.<\/p>\n<p style=\"text-align: justify;\">Com mais de 30 f\u00e1bricas, que empregam cerca de mil funcion\u00e1rios e ocupam uma \u00e1rea total de 50 mil metros quadrados, o polo \u00e9 um motor econ\u00f4mico na regi\u00e3o e integra h\u00e1 pouco tempo o programa Cintur\u00e3o da Moda, da SIC.<\/p>\n<p style=\"text-align: justify;\">A presen\u00e7a da gerente de Integra\u00e7\u00e3o da pasta se segue a uma recente reuni\u00e3o do secret\u00e1rio de Ind\u00fastria, Com\u00e9rcio e Servi\u00e7os, Joel de Sant\u2019Anna Braga Filho, com lideran\u00e7as do munic\u00edpio, incluindo o prefeito Jo\u00e3o Ant\u00f4nio Ferreira, a vice-prefeita Fabianne Le\u00e3o, a presidente do polo t\u00eaxtil, Gleicy Batista das Neves, e empres\u00e1rios.<\/p>\n<p style=\"text-align: justify;\">O encontro ressaltou a import\u00e2ncia da parceria entre os governos municipal e estadual, por meio da SIC, para impulsionar o crescimento econ\u00f4mico regional.<\/p>\n<p><strong>SERVI\u00c7O<\/strong>:<\/p>\n<p style=\"text-align: justify;\"><strong>Assunto<\/strong>: Visita da gerente de Integra\u00e7\u00e3o, Projetos de Concess\u00f5es e Parcerias da SIC, Vera Aguiar, ao polo t\u00eaxtil de Inhumas, acompanhada do presidente da Associa\u00e7\u00e3o Empresarial da Regi\u00e3o da 44, Lauro Naves.<br \/>\n<strong>Data<\/strong>: 02\/04<br \/>\n<strong>Hor\u00e1rio<\/strong>: 14h<br \/>\n<strong>Local<\/strong>: polo t\u00eaxtil de Inhumas &#8211; Rua 01, Polo de Vestu\u00e1rio, Inhumas, GO, CEP 75406-073<\/p>\n<p><strong>Secretaria de Estado de Ind\u00fastria, Com\u00e9rcio e Servi\u00e7os<\/strong><\/p>\n","protected":false},"excerpt":{"rendered":"<p>Reuni\u00e3o est\u00e1 marcada para as 14h desta sexta-feira (05\/04) A gerente de Integra\u00e7\u00e3o, Projetos de Concess\u00f5es e Parcerias da Secretaria de Estado de Ind\u00fastria, Com\u00e9rcio e Servi\u00e7os (SIC), e coordenadora do programa Cintur\u00e3o da Moda, Vera Aguiar, estar\u00e1 em Inhumas, nesta sexta-feira (5\/4), \u00e0s 14h, para promover o polo t\u00eaxtil regional. Na oportunidade, ela estar\u00e1 [&hellip;]<\/p>\n","protected":false},"author":158,"featured_media":7072,"comment_status":"closed","ping_status":"open","sticky":false,"template":"","format":"standard","meta":{"footnotes":""},"categories":[3],"tags":[],"class_list":["post-7069","post","type-post","status-publish","format-standard","has-post-thumbnail","hentry","category-videos"],"rttpg_featured_image_url":{"full":["https:\/\/goias.gov.br\/industriaecomercio\/wp-content\/uploads\/sites\/32\/2024\/04\/aviso_pauta-1.jpeg",1080,926,false],"landscape":["https:\/\/goias.gov.br\/industriaecomercio\/wp-content\/uploads\/sites\/32\/2024\/04\/aviso_pauta-1.jpeg",1080,926,false],"portraits":["https:\/\/goias.gov.br\/industriaecomercio\/wp-content\/uploads\/sites\/32\/2024\/04\/aviso_pauta-1.jpeg",1080,926,false],"thumbnail":["https:\/\/goias.gov.br\/industriaecomercio\/wp-content\/uploads\/sites\/32\/2024\/04\/aviso_pauta-1.jpeg",150,129,false],"medium":["https:\/\/goias.gov.br\/industriaecomercio\/wp-content\/uploads\/sites\/32\/2024\/04\/aviso_pauta-1.jpeg",300,257,false],"large":["https:\/\/goias.gov.br\/industriaecomercio\/wp-content\/uploads\/sites\/32\/2024\/04\/aviso_pauta-1.jpeg",1024,878,false],"1536x1536":["https:\/\/goias.gov.br\/industriaecomercio\/wp-content\/uploads\/sites\/32\/2024\/04\/aviso_pauta-1.jpeg",1080,926,false],"2048x2048":["https:\/\/goias.gov.br\/industriaecomercio\/wp-content\/uploads\/sites\/32\/2024\/04\/aviso_pauta-1.jpeg",1080,926,false]},"rttpg_author":{"display_name":"brunomagalhaes","author_link":"https:\/\/goias.gov.br\/industriaecomercio\/author\/brunomagalhaes\/"},"rttpg_comment":0,"rttpg_category":"<a href=\"https:\/\/goias.gov.br\/industriaecomercio\/categoria\/noticias\/videos\/\" rel=\"category tag\">V\u00eddeos<\/a>","rttpg_excerpt":"Reuni\u00e3o est\u00e1 marcada para as 14h desta sexta-feira (05\/04) A gerente de Integra\u00e7\u00e3o, Projetos de Concess\u00f5es e Parcerias da Secretaria de Estado de Ind\u00fastria, Com\u00e9rcio e Servi\u00e7os (SIC), e coordenadora do programa Cintur\u00e3o da Moda, Vera Aguiar, estar\u00e1 em Inhumas, nesta sexta-feira (5\/4), \u00e0s 14h, para promover o polo t\u00eaxtil regional. Na oportunidade, ela estar\u00e1&hellip;","_links":{"self":[{"href":"https:\/\/goias.gov.br\/industriaecomercio\/wp-json\/wp\/v2\/posts\/7069","targetHints":{"allow":["GET"]}}],"collection":[{"href":"https:\/\/goias.gov.br\/industriaecomercio\/wp-json\/wp\/v2\/posts"}],"about":[{"href":"https:\/\/goias.gov.br\/industriaecomercio\/wp-json\/wp\/v2\/types\/post"}],"author":[{"embeddable":true,"href":"https:\/\/goias.gov.br\/industriaecomercio\/wp-json\/wp\/v2\/users\/158"}],"replies":[{"embeddable":true,"href":"https:\/\/goias.gov.br\/industriaecomercio\/wp-json\/wp\/v2\/comments?post=7069"}],"version-history":[{"count":2,"href":"https:\/\/goias.gov.br\/industriaecomercio\/wp-json\/wp\/v2\/posts\/7069\/revisions"}],"predecessor-version":[{"id":7073,"href":"https:\/\/goias.gov.br\/industriaecomercio\/wp-json\/wp\/v2\/posts\/7069\/revisions\/7073"}],"wp:featuredmedia":[{"embeddable":true,"href":"https:\/\/goias.gov.br\/industriaecomercio\/wp-json\/wp\/v2\/media\/7072"}],"wp:attachment":[{"href":"https:\/\/goias.gov.br\/industriaecomercio\/wp-json\/wp\/v2\/media?parent=7069"}],"wp:term":[{"taxonomy":"category","embeddable":true,"href":"https:\/\/goias.gov.br\/industriaecomercio\/wp-json\/wp\/v2\/categories?post=7069"},{"taxonomy":"post_tag","embeddable":true,"href":"https:\/\/goias.gov.br\/industriaecomercio\/wp-json\/wp\/v2\/tags?post=7069"}],"curies":[{"name":"wp","href":"https:\/\/api.w.org\/{rel}","templated":true}]}}