

{"id":6978,"date":"2024-03-19T14:43:55","date_gmt":"2024-03-19T17:43:55","guid":{"rendered":"https:\/\/goias.gov.br\/industriaecomercio\/?p=6978"},"modified":"2024-03-19T14:43:56","modified_gmt":"2024-03-19T17:43:56","slug":"sic-participa-do-conselho-tematico-da-micro-e-pequena-empresa","status":"publish","type":"post","link":"https:\/\/goias.gov.br\/industriaecomercio\/sic-participa-do-conselho-tematico-da-micro-e-pequena-empresa\/","title":{"rendered":"SIC participa do Conselho Tem\u00e1tico da Micro e Pequena Empresa"},"content":{"rendered":"<p><em>Reuni\u00e3o teve como principais pautas nova ind\u00fastria, apoio \u00e0 exporta\u00e7\u00e3o e produtos Procompi<\/em><\/p>\n<p>O superintendente de Com\u00e9rcio Exterior e Atra\u00e7\u00e3o de Investimentos da Secretaria de Ind\u00fastria, Com\u00e9rcio e Servi\u00e7os, Pl\u00ednio Viana, participou nesta ter\u00e7a-feira (19), da primeira reuni\u00e3o do Conselho Tem\u00e1tico da Micro e Pequena Empresa (Compem).<\/p>\n<p>O encontro realizado pela Federa\u00e7\u00e3o das Ind\u00fastrias do Estado de Goi\u00e1s (Fieg) tem como objetivo realizar estudos e propor estrat\u00e9gias relacionadas com as quest\u00f5es de interesse das micro e pequenas empresas industriais, visando a maior efici\u00eancia e efic\u00e1cia em suas atividades.<\/p>\n<p>O conselho ainda contribui para a competitividade, o desenvolvimento e fortalecimento dos empres\u00e1rios, como tamb\u00e9m para realizar estudos nas \u00e1reas de inova\u00e7\u00e3o tecnol\u00f3gica, capacita\u00e7\u00e3o empresarial e acesso ao mercado externo.<\/p>\n<p>Como membro do Compem, Pl\u00ednio Viana ressaltou as a\u00e7\u00f5es realizadas pela SIC e a atua\u00e7\u00e3o do Governo de Goi\u00e1s junto aos empres\u00e1rios. \u201cDestaco o trabalho da secretaria com as atividades de fomento ao com\u00e9rcio exterior e atra\u00e7\u00e3o de investimentos, e reitero o compromisso do governo estadual nas \u00e1reas social, de desenvolvimento econ\u00f4mico e seguran\u00e7a, como refer\u00eancia no Brasil, beneficiando as ind\u00fastrias e atraindo novos investidores\u201d.<\/p>\n<p><strong>Secretaria de Estado de Ind\u00fastria, Com\u00e9rcio e Servi\u00e7os \u2013 Governo de Goi\u00e1s<\/strong><\/p>\n","protected":false},"excerpt":{"rendered":"<p>Reuni\u00e3o teve como principais pautas nova ind\u00fastria, apoio \u00e0 exporta\u00e7\u00e3o e produtos Procompi O superintendente de Com\u00e9rcio Exterior e Atra\u00e7\u00e3o de Investimentos da Secretaria de Ind\u00fastria, Com\u00e9rcio e Servi\u00e7os, Pl\u00ednio Viana, participou nesta ter\u00e7a-feira (19), da primeira reuni\u00e3o do Conselho Tem\u00e1tico da Micro e Pequena Empresa (Compem). O encontro realizado pela Federa\u00e7\u00e3o das Ind\u00fastrias do [&hellip;]<\/p>\n","protected":false},"author":163,"featured_media":6979,"comment_status":"closed","ping_status":"open","sticky":false,"template":"","format":"standard","meta":{"footnotes":""},"categories":[3],"tags":[],"class_list":["post-6978","post","type-post","status-publish","format-standard","has-post-thumbnail","hentry","category-videos"],"rttpg_featured_image_url":{"full":["https:\/\/goias.gov.br\/industriaecomercio\/wp-content\/uploads\/sites\/32\/2024\/03\/WhatsApp-Image-2024-03-19-at-14.39.13.jpeg",4160,2777,false],"landscape":["https:\/\/goias.gov.br\/industriaecomercio\/wp-content\/uploads\/sites\/32\/2024\/03\/WhatsApp-Image-2024-03-19-at-14.39.13.jpeg",4160,2777,false],"portraits":["https:\/\/goias.gov.br\/industriaecomercio\/wp-content\/uploads\/sites\/32\/2024\/03\/WhatsApp-Image-2024-03-19-at-14.39.13.jpeg",4160,2777,false],"thumbnail":["https:\/\/goias.gov.br\/industriaecomercio\/wp-content\/uploads\/sites\/32\/2024\/03\/WhatsApp-Image-2024-03-19-at-14.39.13.jpeg",150,100,false],"medium":["https:\/\/goias.gov.br\/industriaecomercio\/wp-content\/uploads\/sites\/32\/2024\/03\/WhatsApp-Image-2024-03-19-at-14.39.13.jpeg",300,200,false],"large":["https:\/\/goias.gov.br\/industriaecomercio\/wp-content\/uploads\/sites\/32\/2024\/03\/WhatsApp-Image-2024-03-19-at-14.39.13.jpeg",1024,684,false],"1536x1536":["https:\/\/goias.gov.br\/industriaecomercio\/wp-content\/uploads\/sites\/32\/2024\/03\/WhatsApp-Image-2024-03-19-at-14.39.13.jpeg",1536,1025,false],"2048x2048":["https:\/\/goias.gov.br\/industriaecomercio\/wp-content\/uploads\/sites\/32\/2024\/03\/WhatsApp-Image-2024-03-19-at-14.39.13.jpeg",2048,1367,false]},"rttpg_author":{"display_name":"anaryaoliveira","author_link":"https:\/\/goias.gov.br\/industriaecomercio\/author\/anaryaoliveira\/"},"rttpg_comment":0,"rttpg_category":"<a href=\"https:\/\/goias.gov.br\/industriaecomercio\/categoria\/noticias\/videos\/\" rel=\"category tag\">V\u00eddeos<\/a>","rttpg_excerpt":"Reuni\u00e3o teve como principais pautas nova ind\u00fastria, apoio \u00e0 exporta\u00e7\u00e3o e produtos Procompi O superintendente de Com\u00e9rcio Exterior e Atra\u00e7\u00e3o de Investimentos da Secretaria de Ind\u00fastria, Com\u00e9rcio e Servi\u00e7os, Pl\u00ednio Viana, participou nesta ter\u00e7a-feira (19), da primeira reuni\u00e3o do Conselho Tem\u00e1tico da Micro e Pequena Empresa (Compem). O encontro realizado pela Federa\u00e7\u00e3o das Ind\u00fastrias do&hellip;","_links":{"self":[{"href":"https:\/\/goias.gov.br\/industriaecomercio\/wp-json\/wp\/v2\/posts\/6978","targetHints":{"allow":["GET"]}}],"collection":[{"href":"https:\/\/goias.gov.br\/industriaecomercio\/wp-json\/wp\/v2\/posts"}],"about":[{"href":"https:\/\/goias.gov.br\/industriaecomercio\/wp-json\/wp\/v2\/types\/post"}],"author":[{"embeddable":true,"href":"https:\/\/goias.gov.br\/industriaecomercio\/wp-json\/wp\/v2\/users\/163"}],"replies":[{"embeddable":true,"href":"https:\/\/goias.gov.br\/industriaecomercio\/wp-json\/wp\/v2\/comments?post=6978"}],"version-history":[{"count":1,"href":"https:\/\/goias.gov.br\/industriaecomercio\/wp-json\/wp\/v2\/posts\/6978\/revisions"}],"predecessor-version":[{"id":6980,"href":"https:\/\/goias.gov.br\/industriaecomercio\/wp-json\/wp\/v2\/posts\/6978\/revisions\/6980"}],"wp:featuredmedia":[{"embeddable":true,"href":"https:\/\/goias.gov.br\/industriaecomercio\/wp-json\/wp\/v2\/media\/6979"}],"wp:attachment":[{"href":"https:\/\/goias.gov.br\/industriaecomercio\/wp-json\/wp\/v2\/media?parent=6978"}],"wp:term":[{"taxonomy":"category","embeddable":true,"href":"https:\/\/goias.gov.br\/industriaecomercio\/wp-json\/wp\/v2\/categories?post=6978"},{"taxonomy":"post_tag","embeddable":true,"href":"https:\/\/goias.gov.br\/industriaecomercio\/wp-json\/wp\/v2\/tags?post=6978"}],"curies":[{"name":"wp","href":"https:\/\/api.w.org\/{rel}","templated":true}]}}