

{"id":6846,"date":"2024-02-27T16:08:30","date_gmt":"2024-02-27T19:08:30","guid":{"rendered":"https:\/\/goias.gov.br\/industriaecomercio\/?p=6846"},"modified":"2024-02-27T16:11:05","modified_gmt":"2024-02-27T19:11:05","slug":"em-parceria-com-secretaria-estadual-de-industria-comercio-e-servicos-fgm-realiza-evento-sobre-gestao-de-residuos-solidos","status":"publish","type":"post","link":"https:\/\/goias.gov.br\/industriaecomercio\/em-parceria-com-secretaria-estadual-de-industria-comercio-e-servicos-fgm-realiza-evento-sobre-gestao-de-residuos-solidos\/","title":{"rendered":"Em parceria com Secretaria Estadual de Ind\u00fastria, Com\u00e9rcio e Servi\u00e7os, FGM realiza evento sobre gest\u00e3o de res\u00edduos s\u00f3lidos"},"content":{"rendered":"\n<figure class=\"wp-block-image\"><img decoding=\"async\" src=\"https:\/\/goias.gov.br\/industriaecomercio\/wp-content\/uploads\/sites\/32\/2024\/02\/WhatsApp-Image-2024-02-27-at-16.06.11.jpeg\" alt=\"\" \/><\/figure>\n\n\n<p><em>Superintendente de Desenvolvimento Regional da SIC, Marcos Sussumo representa titular da pasta, Joel de Sant\u2019Anna Braga Filho, em encontro que ter\u00e1 palestras, exposi\u00e7\u00e3o jur\u00eddica e rodas de conversas com diversas institui\u00e7\u00f5es parceiras da federa\u00e7\u00e3o<\/em><\/p>\n<p>Com apoio da Secretaria Estadual de Ind\u00fastria, Com\u00e9rcio e Servi\u00e7os (SIC) e outros parceiros, a Federa\u00e7\u00e3o Goiana de Munic\u00edpios (FGM) promove o evento \u201cEstrat\u00e9gias Municipais para Gest\u00e3o de Res\u00edduos S\u00f3lidos, nesta quarta-feira (28\/02), a partir das 8h, no audit\u00f3rio Eli Alves Forte, na sede da Ordem dos Advogados do Brasil \u2013 Se\u00e7\u00e3o Goi\u00e1s (OAB-GO).<\/p>\n<p>A iniciativa tem como objetivo promover e abordar diversas discuss\u00f5es sobre as quest\u00f5es relacionadas \u00e0 gest\u00e3o de res\u00edduos s\u00f3lidos em todos os munic\u00edpios goianos, com aten\u00e7\u00e3o especial para o debate do programa \u201cLix\u00e3o Zero\u201d.<\/p>\n<p>Com foco nos gestores municipais, t\u00e9cnicos, profissionais da \u00e1rea ambiental e demais interessados, as palestras resultar\u00e3o na promo\u00e7\u00e3o e aprimoramento das pol\u00edticas p\u00fablicas relacionadas \u00e0 gest\u00e3o de res\u00edduos s\u00f3lidos em todo o estado de Goi\u00e1s.<\/p>\n<p>Durante o evento, o superintendente de Desenvolvimento Regional da SIC, Marcos Sussumo, realizar\u00e1 a palestra \u201cConv\u00eanio para elabora\u00e7\u00e3o de projetos executivos para \u00e1rea de transbordos, ecopontos e centro de triagem de res\u00edduo\u201d.<\/p>\n<p>\u201cEsses projetos s\u00e3o para auxiliar as prefeituras na quest\u00e3o da log\u00edstica reversa, que toda regi\u00e3o tem que realizar, como exemplo das coletas seletivas, e tamb\u00e9m para a finaliza\u00e7\u00e3o dos aterros sanit\u00e1rios\u201d, destaca Sussumo. \u201cEssa constru\u00e7\u00e3o coletiva ser\u00e1 de extrema import\u00e2ncia para que possamos entregar para os munic\u00edpios todos os projetos finalizados, para que assim haja a execu\u00e7\u00e3o de forma eficaz\u201d, complementa o superintendente.<\/p>\n<p>Al\u00e9m da SIC, a programa\u00e7\u00e3o contar\u00e1 com a participa\u00e7\u00e3o de representantes da OAB, da Associa\u00e7\u00e3o Brasileira de Empresas de Res\u00edduos e Meio Ambiente (Abrema), das secretarias estaduais de Meio Ambiente e Desenvolvimento Sustent\u00e1vel (Semad) e da Retomada, da Companhia de Saneamento de Goi\u00e1s (Saneago) e ainda do Minist\u00e9rio P\u00fablico do Estado de Goi\u00e1s (MPGO).<\/p>\n<p><strong>PROGRAMA\u00c7\u00c3O COMPLETA<\/strong><\/p>\n<p><br \/><strong>Manh\u00e3<\/strong><br \/>8h: Caf\u00e9 da manh\u00e3 e credenciamento<br \/>9h: Abertura<br \/>9h30: Posicionamento do MPGO referente ao Decreto N\u00ba 10.367\/2023<br \/>9h40: Exposi\u00e7\u00e3o jur\u00eddica referente ao Decreto N\u00ba 10.367\/2023<br \/>9h50: Palestra Abrema<br \/>10h20: Apresenta\u00e7\u00e3o de empresas de aterro sanit\u00e1rio privado de Goi\u00e1s<br \/>11h20: Conv\u00eanio para elabora\u00e7\u00e3o de projetos executivos para \u00e1rea de transbordos, ecopontos e centro de triagem de res\u00edduo<br \/><br \/>12h: Intervalo de almo\u00e7o<br \/><br \/><strong>TARDE<\/strong><br \/>13h30: Apresenta\u00e7\u00e3o do passo a passo para os aterros de pequeno porte<br \/>14h20: Roda de conversa sobre o futuro dos cons\u00f3rcios<br \/>15h: Coffee-Break<br \/>15h30: Desafios da implanta\u00e7\u00e3o e elabora\u00e7\u00e3o do plano da coleta seletiva<br \/>16h30: Cobran\u00e7a da taxa de res\u00edduo (conv\u00eanio, metodologia e instrumento)<br \/>17h: Encerramento<\/p>\n<p><strong>Secretaria de Estado de Ind\u00fastria, Com\u00e9rcio e Servi\u00e7os \u2013 Governo de Goi\u00e1s<\/strong><\/p>","protected":false},"excerpt":{"rendered":"<p>Superintendente de Desenvolvimento Regional da SIC, Marcos Sussumo representa titular da pasta, Joel de Sant\u2019Anna Braga Filho, em encontro que ter\u00e1 palestras, exposi\u00e7\u00e3o jur\u00eddica e rodas de conversas com diversas institui\u00e7\u00f5es parceiras da federa\u00e7\u00e3o Com apoio da Secretaria Estadual de Ind\u00fastria, Com\u00e9rcio e Servi\u00e7os (SIC) e outros parceiros, a Federa\u00e7\u00e3o Goiana de Munic\u00edpios (FGM) promove [&hellip;]<\/p>\n","protected":false},"author":163,"featured_media":6847,"comment_status":"closed","ping_status":"open","sticky":false,"template":"","format":"standard","meta":{"footnotes":""},"categories":[3],"tags":[],"class_list":["post-6846","post","type-post","status-publish","format-standard","has-post-thumbnail","hentry","category-videos"],"rttpg_featured_image_url":{"full":["https:\/\/goias.gov.br\/industriaecomercio\/wp-content\/uploads\/sites\/32\/2024\/02\/WhatsApp-Image-2024-02-27-at-16.06.11.jpeg",1167,1150,false],"landscape":["https:\/\/goias.gov.br\/industriaecomercio\/wp-content\/uploads\/sites\/32\/2024\/02\/WhatsApp-Image-2024-02-27-at-16.06.11.jpeg",1167,1150,false],"portraits":["https:\/\/goias.gov.br\/industriaecomercio\/wp-content\/uploads\/sites\/32\/2024\/02\/WhatsApp-Image-2024-02-27-at-16.06.11.jpeg",1167,1150,false],"thumbnail":["https:\/\/goias.gov.br\/industriaecomercio\/wp-content\/uploads\/sites\/32\/2024\/02\/WhatsApp-Image-2024-02-27-at-16.06.11.jpeg",150,148,false],"medium":["https:\/\/goias.gov.br\/industriaecomercio\/wp-content\/uploads\/sites\/32\/2024\/02\/WhatsApp-Image-2024-02-27-at-16.06.11.jpeg",300,296,false],"large":["https:\/\/goias.gov.br\/industriaecomercio\/wp-content\/uploads\/sites\/32\/2024\/02\/WhatsApp-Image-2024-02-27-at-16.06.11.jpeg",1024,1009,false],"1536x1536":["https:\/\/goias.gov.br\/industriaecomercio\/wp-content\/uploads\/sites\/32\/2024\/02\/WhatsApp-Image-2024-02-27-at-16.06.11.jpeg",1167,1150,false],"2048x2048":["https:\/\/goias.gov.br\/industriaecomercio\/wp-content\/uploads\/sites\/32\/2024\/02\/WhatsApp-Image-2024-02-27-at-16.06.11.jpeg",1167,1150,false]},"rttpg_author":{"display_name":"anaryaoliveira","author_link":"https:\/\/goias.gov.br\/industriaecomercio\/author\/anaryaoliveira\/"},"rttpg_comment":0,"rttpg_category":"<a href=\"https:\/\/goias.gov.br\/industriaecomercio\/categoria\/noticias\/videos\/\" rel=\"category tag\">V\u00eddeos<\/a>","rttpg_excerpt":"Superintendente de Desenvolvimento Regional da SIC, Marcos Sussumo representa titular da pasta, Joel de Sant\u2019Anna Braga Filho, em encontro que ter\u00e1 palestras, exposi\u00e7\u00e3o jur\u00eddica e rodas de conversas com diversas institui\u00e7\u00f5es parceiras da federa\u00e7\u00e3o Com apoio da Secretaria Estadual de Ind\u00fastria, Com\u00e9rcio e Servi\u00e7os (SIC) e outros parceiros, a Federa\u00e7\u00e3o Goiana de Munic\u00edpios (FGM) promove&hellip;","_links":{"self":[{"href":"https:\/\/goias.gov.br\/industriaecomercio\/wp-json\/wp\/v2\/posts\/6846","targetHints":{"allow":["GET"]}}],"collection":[{"href":"https:\/\/goias.gov.br\/industriaecomercio\/wp-json\/wp\/v2\/posts"}],"about":[{"href":"https:\/\/goias.gov.br\/industriaecomercio\/wp-json\/wp\/v2\/types\/post"}],"author":[{"embeddable":true,"href":"https:\/\/goias.gov.br\/industriaecomercio\/wp-json\/wp\/v2\/users\/163"}],"replies":[{"embeddable":true,"href":"https:\/\/goias.gov.br\/industriaecomercio\/wp-json\/wp\/v2\/comments?post=6846"}],"version-history":[{"count":2,"href":"https:\/\/goias.gov.br\/industriaecomercio\/wp-json\/wp\/v2\/posts\/6846\/revisions"}],"predecessor-version":[{"id":6849,"href":"https:\/\/goias.gov.br\/industriaecomercio\/wp-json\/wp\/v2\/posts\/6846\/revisions\/6849"}],"wp:featuredmedia":[{"embeddable":true,"href":"https:\/\/goias.gov.br\/industriaecomercio\/wp-json\/wp\/v2\/media\/6847"}],"wp:attachment":[{"href":"https:\/\/goias.gov.br\/industriaecomercio\/wp-json\/wp\/v2\/media?parent=6846"}],"wp:term":[{"taxonomy":"category","embeddable":true,"href":"https:\/\/goias.gov.br\/industriaecomercio\/wp-json\/wp\/v2\/categories?post=6846"},{"taxonomy":"post_tag","embeddable":true,"href":"https:\/\/goias.gov.br\/industriaecomercio\/wp-json\/wp\/v2\/tags?post=6846"}],"curies":[{"name":"wp","href":"https:\/\/api.w.org\/{rel}","templated":true}]}}