

{"id":677,"date":"2015-03-16T13:03:59","date_gmt":"2015-03-16T16:03:59","guid":{"rendered":"https:\/\/siteshom.goias.gov.br\/industriaecomercio\/aberta-12a-edicao-da-goias-mostraartesanato-no-palacio-pedro-ludovico\/"},"modified":"2015-03-16T13:03:59","modified_gmt":"2015-03-16T16:03:59","slug":"aberta-12a-edicao-da-goias-mostraartesanato-no-palacio-pedro-ludovico","status":"publish","type":"post","link":"https:\/\/goias.gov.br\/industriaecomercio\/aberta-12a-edicao-da-goias-mostraartesanato-no-palacio-pedro-ludovico\/","title":{"rendered":"Aberta 12\u00aa edi\u00e7\u00e3o da Goi\u00e1s Mostra Artesanato, no Pal\u00e1cio Pedro Ludovico"},"content":{"rendered":"<p><img fetchpriority=\"high\" decoding=\"async\" class=\" size-full wp-image-676\" src=\"https:\/\/goias.gov.br\/industriaecomercio\/wp-content\/uploads\/sites\/32\/2015\/03\/artesa-maria-de-fatima-foto-jayr-inacio-8-431.jpg\" alt=\"\" width=\"1608\" height=\"1068\" srcset=\"https:\/\/goias.gov.br\/industriaecomercio\/wp-content\/uploads\/sites\/32\/2015\/03\/artesa-maria-de-fatima-foto-jayr-inacio-8-431.jpg 1608w, https:\/\/goias.gov.br\/industriaecomercio\/wp-content\/uploads\/sites\/32\/2015\/03\/artesa-maria-de-fatima-foto-jayr-inacio-8-431-300x199.jpg 300w, https:\/\/goias.gov.br\/industriaecomercio\/wp-content\/uploads\/sites\/32\/2015\/03\/artesa-maria-de-fatima-foto-jayr-inacio-8-431-1024x680.jpg 1024w, https:\/\/goias.gov.br\/industriaecomercio\/wp-content\/uploads\/sites\/32\/2015\/03\/artesa-maria-de-fatima-foto-jayr-inacio-8-431-768x510.jpg 768w, https:\/\/goias.gov.br\/industriaecomercio\/wp-content\/uploads\/sites\/32\/2015\/03\/artesa-maria-de-fatima-foto-jayr-inacio-8-431-1536x1020.jpg 1536w\" sizes=\"(max-width: 1608px) 100vw, 1608px\" \/><!DOCTYPE html PUBLIC \"-\/\/W3C\/\/DTD HTML 4.0 Transitional\/\/EN\" \"http:\/\/www.w3.org\/TR\/REC-html40\/loose.dtd\"><br \/>\n<html><body><\/p>\n<p style=\"text-align: justify;\" align=\"center\"><span style=\"font-size: 12px;\"><em>Exposi&ccedil;&atilde;o da artes&atilde; Maria de F&aacute;tima Dutra Barros, a Fatinha, segue at&eacute; 26 de mar&ccedil;o<br \/><\/em><\/span><\/p>\n<p style=\"text-align: justify;\"><span style=\"font-size: 12px;\">O superintendente executivo de Ind&uacute;stria e Com&eacute;rcio da Secretaria de Desenvolvimento Econ&ocirc;mico, Cient&iacute;fico e Tecnol&oacute;gico e de Agricultura, Pecu&aacute;ria e Irriga&ccedil;&atilde;o (SED), Vitor Hugo Queiroz, abriu na manh&atilde; desta segunda-feira (16), no t&eacute;rreo do Pal&aacute;cio Pedro Ludovico Teixeira, mais uma exposi&ccedil;&atilde;o do projeto Goi&aacute;s Mostra Artesanato. Desta vez, o trabalho exposto &eacute; da artes&atilde; Maria de F&aacute;tima Dutra Barros, 55 anos, a Fatinha, de Olhos D&rsquo;&Aacute;gua. Ela utiliza fibras vegetais extra&iacute;das da palha de milho e da folha de bananeira na confec&ccedil;&atilde;o de imagens sacras. A exposi&ccedil;&atilde;o, com 24 pe&ccedil;as, fica aberta &agrave; visita&ccedil;&atilde;o at&eacute; o pr&oacute;ximo dia 26.<\/span><\/p>\n<p><span style=\"font-size: 12px;\"> Trata-se da 12&ordf; edi&ccedil;&atilde;o do Goi&aacute;s Mostra Artesanato, um projeto da Ger&ecirc;ncia de Artesanato que tem por objetivo mostrar a qualidade da produ&ccedil;&atilde;o artesanal goiana, possibilitando a apresenta&ccedil;&atilde;o individual de trabalhos. De acordo com o gerente Andr&eacute; Franco, a vis&atilde;o que as pessoas, em geral, t&ecirc;m, do artesanato &eacute; coletivo e, quase sempre, o artes&atilde;o exp&otilde;e suas obras em feiras. &ldquo;Vamos dar visibilidade ao trabalho de cada artista e, ao final, publicar um livro com o melhor do artesanato goiano&rdquo;, disse. Andr&eacute; lembrou que o projeto teve in&iacute;cio h&aacute; um ano, exatamente na Semana Nacional do Artes&atilde;o.<\/span><\/p>\n<p><span style=\"font-size: 12px;\"> Da abertura da mostra, no sagu&atilde;o de entrada do Pal&aacute;cio Pedro Ludovico, participaram, ainda, o superintendente de Micro e Pequenas Empresas da SED, Thiago de Souza Peixoto Falbo, e o artista pl&aacute;stico Siron Franco, que conheceu o trabalho da artes&atilde; em mostra coletiva durante a Confer&ecirc;ncia Rio + 20, no Rio de Janeiro. &ldquo;Sempre gostei muito do artesanato goiano, mas o trabalho dela &eacute; primoroso e merece ser valorizado e reconhecido&rdquo;, disse o artista, que fez um convite &agrave; artes&atilde; para expor seus trabalhos tamb&eacute;m no Instituto Rizzo, do qual &eacute; diretor.<\/span><\/p>\n<p><span style=\"font-size: 12px;\"> <strong>Proje&ccedil;&atilde;o nacional<br \/><\/strong>As imagens sacras de Maria de F&aacute;tima chamam a aten&ccedil;&atilde;o pela riqueza de detalhes e pelo zelo no acabamento das tramas feitas com palha de milho e folha de bananeira e que agregam diferentes nuances da biodiversidade do Cerrado. Numa mesma pe&ccedil;a, ela se reinventa, e acrescenta tudo que o bioma oferece em cores e texturas. Para esta exposi&ccedil;&atilde;o no Pal&aacute;cio Pedro Ludovico, especificamente, Fatinha incorporou as flores secas para tecer colares, coroas e mantos. &ldquo;Meu marido disse que essa minha exposi&ccedil;&atilde;o &eacute; uma celebra&ccedil;&atilde;o das flores&rdquo;, comenta a artes&atilde;, satisfeita com o resultado alcan&ccedil;ado.<\/span><\/p>\n<p><span style=\"font-size: 12px;\"> Com suas obras, Maria de F&aacute;tima j&aacute; ganhou v&aacute;rios pr&ecirc;mios. Das pe&ccedil;as que apresentou ao p&uacute;blico, a imagem da Virgem Maria feita com folha de bananeira em tons naturais foi a que ficou mais conhecida. &nbsp;&ldquo;Nenhuma &eacute; igual &agrave; outra, estou sempre acrescentando um ou outro elemento&rdquo;, explica. Para ela, a exposi&ccedil;&atilde;o no Pal&aacute;cio Pedro Ludovico &eacute; uma forma de conquistar novos p&uacute;blicos e expandir os neg&oacute;cios com sua arte. Ela j&aacute; fez exposi&ccedil;&otilde;es em v&aacute;rios estados brasileiros.<\/span><\/p>\n<p><span style=\"font-size: 12px;\"> <strong>Boneca de milho<br \/><\/strong>Essa trajet&oacute;ria que tem resultado em tantas conquistas come&ccedil;ou l&aacute; atr&aacute;s, quando Fatinha ainda era menina e brincava nos quintais de Olhos D&rsquo;&Aacute;gua, recolhendo palha de milho para fazer suas bonecas. A casa em que cresceu tamb&eacute;m proporcionou um ambiente f&eacute;rtil &agrave; criatividade. A m&atilde;e e a av&oacute; eram tecel&atilde;s e a envolveram desde cedo no trabalho de fiar e tecer. O pai era lavrador. &ldquo;Sempre me identifiquei muito com o trabalho manual e me apaixonei muito cedo pelas palhas de milho e bananeira, me encantando com as possibilidades que elas me davam&rdquo;, afirma.<\/span><\/p>\n<p><span style=\"font-size: 12px;\"> Um fato, em especial, contribuiu para que Maria de F&aacute;tima transformasse essa paix&atilde;o em of&iacute;cio. Em 1974, a professora da Universidade de Bras&iacute;lia, La&iacute;s Aderne, arte educadora, mudou resid&ecirc;ncia para Olhos D&rsquo;&Aacute;gua e criou ali a Feira de Trocas, hoje evento tradicional na cidade. &ldquo;Naquela &eacute;poca, eu vi que aquela quase brincadeira podia virar coisa s&eacute;ria, que o que eu fazia artesanalmente podia ser vendido ou trocado e produzir renda&rdquo;, lembra. Segundo Fatinha, a Feira de Trocas inspirou muita gente. A ela, muito mais. Numa iniciativa que teve participa&ccedil;&atilde;o da tia Clotildes, ela produziu o seu primeiro pres&eacute;pio, com pe&ccedil;as de aproximadamente 26 cent&iacute;metros. &ldquo;Tudo muito primitivo e n&atilde;o t&iacute;nhamos cola quente, costuramos tudo &agrave; m&atilde;o&rdquo;, detalha.<\/span><\/p>\n<p><span style=\"font-size: 12px;\"> A partir de ent&atilde;o, a artes&atilde; iniciou as pesquisas para produ&ccedil;&atilde;o e sele&ccedil;&atilde;o das palhas a serem usadas, ao mesmo tempo em que aprofundou o seu conhecimento a respeito das imagens sacras. &ldquo;&Eacute; claro que minha base maior foi a pr&oacute;pria tradi&ccedil;&atilde;o da cidade, com seus ter&ccedil;os, rezas, prociss&otilde;es, folias, com todas aquelas imagens&rdquo;, destaca. Ela tamb&eacute;m passou a plantar esp&eacute;cies diferentes de milho para a produ&ccedil;&atilde;o da diversidade de cores que precisa para retratar esse universo religioso que tanto a encanta.<\/span><\/p>\n<p><span style=\"font-size: 12px;\"> <strong>Produ&ccedil;&atilde;o em maior escala<br \/><\/strong>Com seus pres&eacute;pios e imagens ela ganhou muitos pr&ecirc;mios. Em 2001, foi aconselhada a deixar a tecelagem e investir mais tempo no seu trabalho com as palhas. &nbsp;Na mesma &eacute;poca, um incidente iria favorecer a expans&atilde;o da produ&ccedil;&atilde;o. Uma pessoa do Sebrae-GO foi &agrave; casa dela pegar umas tecelagens para uma rodada de neg&oacute;cios e viu um pres&eacute;pio que ela tinha feito e resolveu levar. Na mesma semana, chegava tanto fax que ela n&atilde;o teve como atender aos pedidos, porque passava por um problema familiar. Mas os contatos ficaram e, na grande maioria, continuam comprando as obras de Fatinha.<\/span>&nbsp;<\/p>\n<p style=\"text-align: justify;\"><span style=\"font-size: 12px;\">Ante a demanda crescente, Maria de F&aacute;tima teve que criar condi&ccedil;&otilde;es para a produ&ccedil;&atilde;o das pe&ccedil;as. Ensinou, primeiro, a uma amiga e, depois, agregou alguns funcion&aacute;rios &agrave; empresa que criou e que funciona at&eacute; hoje em Olhos D&rsquo;&Aacute;gua, a Fatinha Fibras e Fios. Com o seu trabalho e a de sua equipe ela produz cerca de 100 a 400 pe&ccedil;as por m&ecirc;s, dependendo de tamanho e complexidade de cada uma. O faturamento chega a R$ 15 mil mensais, que dobra no per&iacute;odo de Natal. &ldquo;Gosto muito de produzir as Virgens Santas durante o ano, e no per&iacute;odo natalino, eu fico com a parte dos anjos&rdquo;, diz.<\/span>&nbsp;<\/p>\n<p style=\"text-align: justify;\"><span style=\"font-size: 12px;\"><strong>Fotos: Jayr In&aacute;cio<\/p>\n<p> Comunica&ccedil;&atilde;o Setorial<br \/> Secretaria de Estado de Desenvolvimento Econ&ocirc;mico, Cient&iacute;fico e Tecnol&oacute;gico e de Agricultura, Pecu&aacute;ria e Irriga&ccedil;&atilde;o (SED)<br \/> (62) 3201-5463, 3201-5487<\/strong><\/span><\/p>\n<p><\/body><\/html><\/p>\n","protected":false},"excerpt":{"rendered":"<p>Exposi&ccedil;&atilde;o da artes&atilde; Maria de F&aacute;tima Dutra Barros, a Fatinha, segue at&eacute; 26 de mar&ccedil;o O superintendente executivo de Ind&uacute;stria e Com&eacute;rcio da Secretaria de Desenvolvimento Econ&ocirc;mico, Cient&iacute;fico e Tecnol&oacute;gico e de Agricultura, Pecu&aacute;ria e Irriga&ccedil;&atilde;o (SED), Vitor Hugo Queiroz, abriu na manh&atilde; desta segunda-feira (16), no t&eacute;rreo do Pal&aacute;cio Pedro Ludovico Teixeira, mais uma [&hellip;]<\/p>\n","protected":false},"author":7,"featured_media":676,"comment_status":"closed","ping_status":"open","sticky":false,"template":"","format":"standard","meta":{"footnotes":""},"categories":[4],"tags":[],"class_list":["post-677","post","type-post","status-publish","format-standard","has-post-thumbnail","hentry","category-noticias"],"rttpg_featured_image_url":{"full":["https:\/\/goias.gov.br\/industriaecomercio\/wp-content\/uploads\/sites\/32\/2015\/03\/artesa-maria-de-fatima-foto-jayr-inacio-8-431.jpg",1608,1068,false],"landscape":["https:\/\/goias.gov.br\/industriaecomercio\/wp-content\/uploads\/sites\/32\/2015\/03\/artesa-maria-de-fatima-foto-jayr-inacio-8-431.jpg",1608,1068,false],"portraits":["https:\/\/goias.gov.br\/industriaecomercio\/wp-content\/uploads\/sites\/32\/2015\/03\/artesa-maria-de-fatima-foto-jayr-inacio-8-431.jpg",1608,1068,false],"thumbnail":["https:\/\/goias.gov.br\/industriaecomercio\/wp-content\/uploads\/sites\/32\/2015\/03\/artesa-maria-de-fatima-foto-jayr-inacio-8-431-150x150.jpg",150,150,true],"medium":["https:\/\/goias.gov.br\/industriaecomercio\/wp-content\/uploads\/sites\/32\/2015\/03\/artesa-maria-de-fatima-foto-jayr-inacio-8-431-300x199.jpg",300,199,true],"large":["https:\/\/goias.gov.br\/industriaecomercio\/wp-content\/uploads\/sites\/32\/2015\/03\/artesa-maria-de-fatima-foto-jayr-inacio-8-431-1024x680.jpg",1024,680,true],"1536x1536":["https:\/\/goias.gov.br\/industriaecomercio\/wp-content\/uploads\/sites\/32\/2015\/03\/artesa-maria-de-fatima-foto-jayr-inacio-8-431-1536x1020.jpg",1536,1020,true],"2048x2048":["https:\/\/goias.gov.br\/industriaecomercio\/wp-content\/uploads\/sites\/32\/2015\/03\/artesa-maria-de-fatima-foto-jayr-inacio-8-431.jpg",1608,1068,false]},"rttpg_author":{"display_name":"gustavogoncalves","author_link":"https:\/\/goias.gov.br\/industriaecomercio\/author\/gustavogoncalves\/"},"rttpg_comment":0,"rttpg_category":"<a href=\"https:\/\/goias.gov.br\/industriaecomercio\/categoria\/noticias\/\" rel=\"category tag\">Not\u00edcias<\/a>","rttpg_excerpt":"Exposi&ccedil;&atilde;o da artes&atilde; Maria de F&aacute;tima Dutra Barros, a Fatinha, segue at&eacute; 26 de mar&ccedil;o O superintendente executivo de Ind&uacute;stria e Com&eacute;rcio da Secretaria de Desenvolvimento Econ&ocirc;mico, Cient&iacute;fico e Tecnol&oacute;gico e de Agricultura, Pecu&aacute;ria e Irriga&ccedil;&atilde;o (SED), Vitor Hugo Queiroz, abriu na manh&atilde; desta segunda-feira (16), no t&eacute;rreo do Pal&aacute;cio Pedro Ludovico Teixeira, mais uma&hellip;","_links":{"self":[{"href":"https:\/\/goias.gov.br\/industriaecomercio\/wp-json\/wp\/v2\/posts\/677","targetHints":{"allow":["GET"]}}],"collection":[{"href":"https:\/\/goias.gov.br\/industriaecomercio\/wp-json\/wp\/v2\/posts"}],"about":[{"href":"https:\/\/goias.gov.br\/industriaecomercio\/wp-json\/wp\/v2\/types\/post"}],"author":[{"embeddable":true,"href":"https:\/\/goias.gov.br\/industriaecomercio\/wp-json\/wp\/v2\/users\/7"}],"replies":[{"embeddable":true,"href":"https:\/\/goias.gov.br\/industriaecomercio\/wp-json\/wp\/v2\/comments?post=677"}],"version-history":[{"count":0,"href":"https:\/\/goias.gov.br\/industriaecomercio\/wp-json\/wp\/v2\/posts\/677\/revisions"}],"wp:featuredmedia":[{"embeddable":true,"href":"https:\/\/goias.gov.br\/industriaecomercio\/wp-json\/wp\/v2\/media\/676"}],"wp:attachment":[{"href":"https:\/\/goias.gov.br\/industriaecomercio\/wp-json\/wp\/v2\/media?parent=677"}],"wp:term":[{"taxonomy":"category","embeddable":true,"href":"https:\/\/goias.gov.br\/industriaecomercio\/wp-json\/wp\/v2\/categories?post=677"},{"taxonomy":"post_tag","embeddable":true,"href":"https:\/\/goias.gov.br\/industriaecomercio\/wp-json\/wp\/v2\/tags?post=677"}],"curies":[{"name":"wp","href":"https:\/\/api.w.org\/{rel}","templated":true}]}}