

{"id":628,"date":"2015-09-28T11:09:58","date_gmt":"2015-09-28T14:09:58","guid":{"rendered":"https:\/\/siteshom.goias.gov.br\/industriaecomercio\/para-odwyer-comercio-exterior-auxiliara-re\/"},"modified":"2015-09-28T11:09:58","modified_gmt":"2015-09-28T14:09:58","slug":"para-odwyer-comercio-exterior-auxiliara-re","status":"publish","type":"post","link":"https:\/\/goias.gov.br\/industriaecomercio\/para-odwyer-comercio-exterior-auxiliara-re\/","title":{"rendered":"Para O\u0092Dwyer, com\u00e9rcio exterior auxiliar\u00e1 recupera\u00e7\u00e3o da economia brasileira"},"content":{"rendered":"<p><img fetchpriority=\"high\" decoding=\"async\" class=\" size-full wp-image-627\" src=\"https:\/\/goias.gov.br\/industriaecomercio\/wp-content\/uploads\/sites\/32\/2015\/09\/img_05141-fbf-scaled.jpg\" alt=\"\" width=\"2560\" height=\"1709\" srcset=\"https:\/\/goias.gov.br\/industriaecomercio\/wp-content\/uploads\/sites\/32\/2015\/09\/img_05141-fbf-scaled.jpg 2560w, https:\/\/goias.gov.br\/industriaecomercio\/wp-content\/uploads\/sites\/32\/2015\/09\/img_05141-fbf-300x200.jpg 300w, https:\/\/goias.gov.br\/industriaecomercio\/wp-content\/uploads\/sites\/32\/2015\/09\/img_05141-fbf-1024x684.jpg 1024w, https:\/\/goias.gov.br\/industriaecomercio\/wp-content\/uploads\/sites\/32\/2015\/09\/img_05141-fbf-768x513.jpg 768w, https:\/\/goias.gov.br\/industriaecomercio\/wp-content\/uploads\/sites\/32\/2015\/09\/img_05141-fbf-1536x1025.jpg 1536w, https:\/\/goias.gov.br\/industriaecomercio\/wp-content\/uploads\/sites\/32\/2015\/09\/img_05141-fbf-2048x1367.jpg 2048w\" sizes=\"(max-width: 2560px) 100vw, 2560px\" \/><!DOCTYPE html PUBLIC \"-\/\/W3C\/\/DTD HTML 4.0 Transitional\/\/EN\" \"http:\/\/www.w3.org\/TR\/REC-html40\/loose.dtd\"><br \/>\n<html><body><\/p>\n<p style=\"text-align: left;\" align=\"center\"><em>Superintendente executivo de Com&eacute;rcio Exterior da SED tamb&eacute;m destacou a&ccedil;&otilde;es do Governo de Goi&aacute;s no setor em semin&aacute;rio promovido pelo Banco do Brasil<\/em><\/p>\n<p style=\"text-align: left;\">O superintendente executivo de Com&eacute;rcio Exterior da Secretaria de Desenvolvimento Econ&ocirc;mico (SED), William O&rsquo;Dwyer, abriu o semin&aacute;rio &ldquo;BB Comex: Mecanismos de Apoio &agrave;s Exporta&ccedil;&otilde;es&rdquo;, realizado na &uacute;ltima semana pelo Banco do Brasil. &ldquo;O com&eacute;rcio exterior ser&aacute; o grande respons&aacute;vel pela recupera&ccedil;&atilde;o da economia brasileira&rdquo;, disse.<\/p>\n<p style=\"text-align: left;\">De acordo com O&rsquo;Dwyer, o Governo de Goi&aacute;s trabalha arduamente neste sentido. &ldquo;O Estado tem investido bastante no incremento desta &aacute;rea por meio de a&ccedil;&otilde;es espec&iacute;ficas de promo&ccedil;&atilde;o de Goi&aacute;s no exterior&rdquo;, afirmou. O superintendente ainda mencionou as miss&otilde;es comerciais a outros pa&iacute;ses, empreendidas pelo Governo do Estado, por meio da SED, nos &uacute;ltimos meses.<\/p>\n<p style=\"text-align: left;\">Participaram do semin&aacute;rio representantes de empresas que j&aacute; exportam e tamb&eacute;m potenciais exportadores. Na programa&ccedil;&atilde;o, explana&ccedil;&otilde;es sobre financiamento &agrave;s exporta&ccedil;&otilde;es, assessoramento e treinamento em neg&oacute;cios internacionais e Seguro de Cr&eacute;dito &agrave;s Exporta&ccedil;&otilde;es (SCE).<\/p>\n<p style=\"text-align: left;\">Considerado um dos principais parceiros do com&eacute;rcio exterior brasileiro, tanto com a manuten&ccedil;&atilde;o e amplia&ccedil;&atilde;o do apoio aos exportadores, o Banco do Brasil tem mobilizado suas &aacute;reas para intensificar apoio ao segmento. A institui&ccedil;&atilde;o financeira conta com redes de ag&ecirc;ncias e ger&ecirc;ncias regionais de suporte aos neg&oacute;cios internacionais por todo o Pa&iacute;s.<\/p>\n<p><strong>Embaixadas<br \/><\/strong>O superintendente executivo de Com&eacute;rcio Exterior da Secretaria de Desenvolvimento Econ&ocirc;mico, William O&#8217;Dwyer, tamb&eacute;m participou, na &uacute;ltima semana, de audi&ecirc;ncia em Bras&iacute;lia com o embaixador da Coreia do Sul no Brasil, Jeong-gwan Lee. Na ocasi&atilde;o, foram discutidas oportunidades para empres&aacute;rios daquele pa&iacute;s investirem em Goi&aacute;s. O superintendente executivo tamb&eacute;m esteve na Embaixada da Nova Zel&acirc;ndia, onde foram tratadas poss&iacute;veis parcerias para a ind&uacute;stria de vinhos no estado.<strong><\/strong><\/p>\n<p style=\"text-align: left;\"><strong>Comunica&ccedil;&atilde;o Setorial<br \/> Secretaria de Estado de Desenvolvimento Econ&ocirc;mico, Cient&iacute;fico e Tecnol&oacute;gico e de Agricultura, Pecu&aacute;ria e Irriga&ccedil;&atilde;o (SED)<br \/> (62) 3201-5463, 3201-5487<\/p>\n<p><\/strong><\/p>\n<p><\/body><\/html><\/p>\n","protected":false},"excerpt":{"rendered":"<p>Superintendente executivo de Com&eacute;rcio Exterior da SED tamb&eacute;m destacou a&ccedil;&otilde;es do Governo de Goi&aacute;s no setor em semin&aacute;rio promovido pelo Banco do Brasil O superintendente executivo de Com&eacute;rcio Exterior da Secretaria de Desenvolvimento Econ&ocirc;mico (SED), William O&rsquo;Dwyer, abriu o semin&aacute;rio &ldquo;BB Comex: Mecanismos de Apoio &agrave;s Exporta&ccedil;&otilde;es&rdquo;, realizado na &uacute;ltima semana pelo Banco do Brasil. [&hellip;]<\/p>\n","protected":false},"author":7,"featured_media":627,"comment_status":"closed","ping_status":"open","sticky":false,"template":"","format":"standard","meta":{"footnotes":""},"categories":[4],"tags":[],"class_list":["post-628","post","type-post","status-publish","format-standard","has-post-thumbnail","hentry","category-noticias"],"rttpg_featured_image_url":{"full":["https:\/\/goias.gov.br\/industriaecomercio\/wp-content\/uploads\/sites\/32\/2015\/09\/img_05141-fbf-scaled.jpg",2560,1709,false],"landscape":["https:\/\/goias.gov.br\/industriaecomercio\/wp-content\/uploads\/sites\/32\/2015\/09\/img_05141-fbf-scaled.jpg",2560,1709,false],"portraits":["https:\/\/goias.gov.br\/industriaecomercio\/wp-content\/uploads\/sites\/32\/2015\/09\/img_05141-fbf-scaled.jpg",2560,1709,false],"thumbnail":["https:\/\/goias.gov.br\/industriaecomercio\/wp-content\/uploads\/sites\/32\/2015\/09\/img_05141-fbf-150x150.jpg",150,150,true],"medium":["https:\/\/goias.gov.br\/industriaecomercio\/wp-content\/uploads\/sites\/32\/2015\/09\/img_05141-fbf-300x200.jpg",300,200,true],"large":["https:\/\/goias.gov.br\/industriaecomercio\/wp-content\/uploads\/sites\/32\/2015\/09\/img_05141-fbf-1024x684.jpg",1024,684,true],"1536x1536":["https:\/\/goias.gov.br\/industriaecomercio\/wp-content\/uploads\/sites\/32\/2015\/09\/img_05141-fbf-1536x1025.jpg",1536,1025,true],"2048x2048":["https:\/\/goias.gov.br\/industriaecomercio\/wp-content\/uploads\/sites\/32\/2015\/09\/img_05141-fbf-2048x1367.jpg",2048,1367,true]},"rttpg_author":{"display_name":"gustavogoncalves","author_link":"https:\/\/goias.gov.br\/industriaecomercio\/author\/gustavogoncalves\/"},"rttpg_comment":0,"rttpg_category":"<a href=\"https:\/\/goias.gov.br\/industriaecomercio\/categoria\/noticias\/\" rel=\"category tag\">Not\u00edcias<\/a>","rttpg_excerpt":"Superintendente executivo de Com&eacute;rcio Exterior da SED tamb&eacute;m destacou a&ccedil;&otilde;es do Governo de Goi&aacute;s no setor em semin&aacute;rio promovido pelo Banco do Brasil O superintendente executivo de Com&eacute;rcio Exterior da Secretaria de Desenvolvimento Econ&ocirc;mico (SED), William O&rsquo;Dwyer, abriu o semin&aacute;rio &ldquo;BB Comex: Mecanismos de Apoio &agrave;s Exporta&ccedil;&otilde;es&rdquo;, realizado na &uacute;ltima semana pelo Banco do Brasil.&hellip;","_links":{"self":[{"href":"https:\/\/goias.gov.br\/industriaecomercio\/wp-json\/wp\/v2\/posts\/628","targetHints":{"allow":["GET"]}}],"collection":[{"href":"https:\/\/goias.gov.br\/industriaecomercio\/wp-json\/wp\/v2\/posts"}],"about":[{"href":"https:\/\/goias.gov.br\/industriaecomercio\/wp-json\/wp\/v2\/types\/post"}],"author":[{"embeddable":true,"href":"https:\/\/goias.gov.br\/industriaecomercio\/wp-json\/wp\/v2\/users\/7"}],"replies":[{"embeddable":true,"href":"https:\/\/goias.gov.br\/industriaecomercio\/wp-json\/wp\/v2\/comments?post=628"}],"version-history":[{"count":0,"href":"https:\/\/goias.gov.br\/industriaecomercio\/wp-json\/wp\/v2\/posts\/628\/revisions"}],"wp:featuredmedia":[{"embeddable":true,"href":"https:\/\/goias.gov.br\/industriaecomercio\/wp-json\/wp\/v2\/media\/627"}],"wp:attachment":[{"href":"https:\/\/goias.gov.br\/industriaecomercio\/wp-json\/wp\/v2\/media?parent=628"}],"wp:term":[{"taxonomy":"category","embeddable":true,"href":"https:\/\/goias.gov.br\/industriaecomercio\/wp-json\/wp\/v2\/categories?post=628"},{"taxonomy":"post_tag","embeddable":true,"href":"https:\/\/goias.gov.br\/industriaecomercio\/wp-json\/wp\/v2\/tags?post=628"}],"curies":[{"name":"wp","href":"https:\/\/api.w.org\/{rel}","templated":true}]}}