

{"id":626,"date":"2015-09-28T11:09:45","date_gmt":"2015-09-28T14:09:45","guid":{"rendered":"https:\/\/siteshom.goias.gov.br\/industriaecomercio\/alunos-do-itego-basileu-franca-expoem\/"},"modified":"2015-09-28T11:09:45","modified_gmt":"2015-09-28T14:09:45","slug":"alunos-do-itego-basileu-franca-expoem","status":"publish","type":"post","link":"https:\/\/goias.gov.br\/industriaecomercio\/alunos-do-itego-basileu-franca-expoem\/","title":{"rendered":"Alunos do Itego Basileu Fran\u00e7a exp\u00f5em trabalhos de arte ind\u00edgena"},"content":{"rendered":"<p><img fetchpriority=\"high\" decoding=\"async\" class=\" size-full wp-image-625\" src=\"https:\/\/goias.gov.br\/industriaecomercio\/wp-content\/uploads\/sites\/32\/2015\/09\/arte-indigena-11-a10.jpg\" alt=\"\" width=\"779\" height=\"519\" srcset=\"https:\/\/goias.gov.br\/industriaecomercio\/wp-content\/uploads\/sites\/32\/2015\/09\/arte-indigena-11-a10.jpg 779w, https:\/\/goias.gov.br\/industriaecomercio\/wp-content\/uploads\/sites\/32\/2015\/09\/arte-indigena-11-a10-300x200.jpg 300w, https:\/\/goias.gov.br\/industriaecomercio\/wp-content\/uploads\/sites\/32\/2015\/09\/arte-indigena-11-a10-768x512.jpg 768w\" sizes=\"(max-width: 779px) 100vw, 779px\" \/><!DOCTYPE html PUBLIC \"-\/\/W3C\/\/DTD HTML 4.0 Transitional\/\/EN\" \"http:\/\/www.w3.org\/TR\/REC-html40\/loose.dtd\"><br \/>\n<html><body><\/p>\n<p><strong>&#8203;<\/strong>O Itego em Artes Basileu Fran&ccedil;a promove a exposi&ccedil;&atilde;o Identidade e Mem&oacute;ria na Arte Ind&iacute;gena entre os dias 29 de setembro e 1&ordm; de outubro. A mostra, que ocorre na galeria do Teatro Basileu Fran&ccedil;a (Av. Universit&aacute;ria, 1750 &ndash; Setor Leste Universit&aacute;rio), &eacute; fruto do trabalho dos alunos do curso t&eacute;cnico de Produ&ccedil;&atilde;o Art&iacute;stica, Desenho e Pintura do Itego.&nbsp;<\/p>\n<p>Em parceria com a ONG Miss&atilde;o Novas Tribos do Brasil, a professora Izabel Medeiros, organizadora do evento, conseguiu unir a criatividade genu&iacute;na de cada tribo brasileira. Objetos decorados e entalhados, cer&acirc;micas e cestarias, ornamentos corporais, pinturas e grafismos, m&uacute;sica, dan&ccedil;a fazem parte da exposi&ccedil;&atilde;o.<\/p>\n<p>O Itego em Artes Basileu Fran&ccedil;a &eacute; vinculado &agrave; Secretaria de Desenvolvimento Econ&ocirc;mico, Cient&iacute;fico e Tecnol&oacute;gico e de Agricultura, Pecu&aacute;ria e Irriga&ccedil;&atilde;o (SED).<\/p>\n<p>&nbsp;<\/p>\n<p><strong>Comunica&ccedil;&atilde;o Setorial<br \/>Secretaria de Estado de Desenvolvimento Econ&ocirc;mico, Cient&iacute;fico e Tecnol&oacute;gico e de Agricultura, Pecu&aacute;ria e Irriga&ccedil;&atilde;o (SED)<br \/>(62) 3201-5463, 3201-5487<\/strong><\/p>\n<p><strong>&nbsp;<\/strong><\/p>\n<p><strong>&nbsp;<\/strong><\/p>\n<p>&nbsp;<\/p>\n<p><\/body><\/html><\/p>\n","protected":false},"excerpt":{"rendered":"<p>&#8203;O Itego em Artes Basileu Fran&ccedil;a promove a exposi&ccedil;&atilde;o Identidade e Mem&oacute;ria na Arte Ind&iacute;gena entre os dias 29 de setembro e 1&ordm; de outubro. A mostra, que ocorre na galeria do Teatro Basileu Fran&ccedil;a (Av. Universit&aacute;ria, 1750 &ndash; Setor Leste Universit&aacute;rio), &eacute; fruto do trabalho dos alunos do curso t&eacute;cnico de Produ&ccedil;&atilde;o Art&iacute;stica, Desenho [&hellip;]<\/p>\n","protected":false},"author":7,"featured_media":625,"comment_status":"closed","ping_status":"open","sticky":false,"template":"","format":"standard","meta":{"footnotes":""},"categories":[4],"tags":[],"class_list":["post-626","post","type-post","status-publish","format-standard","has-post-thumbnail","hentry","category-noticias"],"rttpg_featured_image_url":{"full":["https:\/\/goias.gov.br\/industriaecomercio\/wp-content\/uploads\/sites\/32\/2015\/09\/arte-indigena-11-a10.jpg",779,519,false],"landscape":["https:\/\/goias.gov.br\/industriaecomercio\/wp-content\/uploads\/sites\/32\/2015\/09\/arte-indigena-11-a10.jpg",779,519,false],"portraits":["https:\/\/goias.gov.br\/industriaecomercio\/wp-content\/uploads\/sites\/32\/2015\/09\/arte-indigena-11-a10.jpg",779,519,false],"thumbnail":["https:\/\/goias.gov.br\/industriaecomercio\/wp-content\/uploads\/sites\/32\/2015\/09\/arte-indigena-11-a10-150x150.jpg",150,150,true],"medium":["https:\/\/goias.gov.br\/industriaecomercio\/wp-content\/uploads\/sites\/32\/2015\/09\/arte-indigena-11-a10-300x200.jpg",300,200,true],"large":["https:\/\/goias.gov.br\/industriaecomercio\/wp-content\/uploads\/sites\/32\/2015\/09\/arte-indigena-11-a10.jpg",779,519,false],"1536x1536":["https:\/\/goias.gov.br\/industriaecomercio\/wp-content\/uploads\/sites\/32\/2015\/09\/arte-indigena-11-a10.jpg",779,519,false],"2048x2048":["https:\/\/goias.gov.br\/industriaecomercio\/wp-content\/uploads\/sites\/32\/2015\/09\/arte-indigena-11-a10.jpg",779,519,false]},"rttpg_author":{"display_name":"gustavogoncalves","author_link":"https:\/\/goias.gov.br\/industriaecomercio\/author\/gustavogoncalves\/"},"rttpg_comment":0,"rttpg_category":"<a href=\"https:\/\/goias.gov.br\/industriaecomercio\/categoria\/noticias\/\" rel=\"category tag\">Not\u00edcias<\/a>","rttpg_excerpt":"&#8203;O Itego em Artes Basileu Fran&ccedil;a promove a exposi&ccedil;&atilde;o Identidade e Mem&oacute;ria na Arte Ind&iacute;gena entre os dias 29 de setembro e 1&ordm; de outubro. A mostra, que ocorre na galeria do Teatro Basileu Fran&ccedil;a (Av. Universit&aacute;ria, 1750 &ndash; Setor Leste Universit&aacute;rio), &eacute; fruto do trabalho dos alunos do curso t&eacute;cnico de Produ&ccedil;&atilde;o Art&iacute;stica, Desenho&hellip;","_links":{"self":[{"href":"https:\/\/goias.gov.br\/industriaecomercio\/wp-json\/wp\/v2\/posts\/626","targetHints":{"allow":["GET"]}}],"collection":[{"href":"https:\/\/goias.gov.br\/industriaecomercio\/wp-json\/wp\/v2\/posts"}],"about":[{"href":"https:\/\/goias.gov.br\/industriaecomercio\/wp-json\/wp\/v2\/types\/post"}],"author":[{"embeddable":true,"href":"https:\/\/goias.gov.br\/industriaecomercio\/wp-json\/wp\/v2\/users\/7"}],"replies":[{"embeddable":true,"href":"https:\/\/goias.gov.br\/industriaecomercio\/wp-json\/wp\/v2\/comments?post=626"}],"version-history":[{"count":0,"href":"https:\/\/goias.gov.br\/industriaecomercio\/wp-json\/wp\/v2\/posts\/626\/revisions"}],"wp:featuredmedia":[{"embeddable":true,"href":"https:\/\/goias.gov.br\/industriaecomercio\/wp-json\/wp\/v2\/media\/625"}],"wp:attachment":[{"href":"https:\/\/goias.gov.br\/industriaecomercio\/wp-json\/wp\/v2\/media?parent=626"}],"wp:term":[{"taxonomy":"category","embeddable":true,"href":"https:\/\/goias.gov.br\/industriaecomercio\/wp-json\/wp\/v2\/categories?post=626"},{"taxonomy":"post_tag","embeddable":true,"href":"https:\/\/goias.gov.br\/industriaecomercio\/wp-json\/wp\/v2\/tags?post=626"}],"curies":[{"name":"wp","href":"https:\/\/api.w.org\/{rel}","templated":true}]}}