

{"id":610,"date":"2015-09-21T14:09:35","date_gmt":"2015-09-21T17:09:35","guid":{"rendered":"https:\/\/siteshom.goias.gov.br\/industriaecomercio\/sed-realiza-17a-edicao-do\/"},"modified":"2015-09-21T14:09:35","modified_gmt":"2015-09-21T17:09:35","slug":"sed-realiza-17a-edicao-do","status":"publish","type":"post","link":"https:\/\/goias.gov.br\/industriaecomercio\/sed-realiza-17a-edicao-do\/","title":{"rendered":"SED realiza 17\u00aa edi\u00e7\u00e3o do programa Goi\u00e1s Mostra Artesanato"},"content":{"rendered":"<p><img fetchpriority=\"high\" decoding=\"async\" class=\" size-full wp-image-609\" src=\"https:\/\/goias.gov.br\/industriaecomercio\/wp-content\/uploads\/sites\/32\/2015\/09\/ipe1-287-scaled.jpg\" alt=\"\" width=\"2560\" height=\"1707\" srcset=\"https:\/\/goias.gov.br\/industriaecomercio\/wp-content\/uploads\/sites\/32\/2015\/09\/ipe1-287-scaled.jpg 2560w, https:\/\/goias.gov.br\/industriaecomercio\/wp-content\/uploads\/sites\/32\/2015\/09\/ipe1-287-300x200.jpg 300w, https:\/\/goias.gov.br\/industriaecomercio\/wp-content\/uploads\/sites\/32\/2015\/09\/ipe1-287-1024x683.jpg 1024w, https:\/\/goias.gov.br\/industriaecomercio\/wp-content\/uploads\/sites\/32\/2015\/09\/ipe1-287-768x512.jpg 768w, https:\/\/goias.gov.br\/industriaecomercio\/wp-content\/uploads\/sites\/32\/2015\/09\/ipe1-287-1536x1024.jpg 1536w, https:\/\/goias.gov.br\/industriaecomercio\/wp-content\/uploads\/sites\/32\/2015\/09\/ipe1-287-2048x1365.jpg 2048w\" sizes=\"(max-width: 2560px) 100vw, 2560px\" \/><!DOCTYPE html PUBLIC \"-\/\/W3C\/\/DTD HTML 4.0 Transitional\/\/EN\" \"http:\/\/www.w3.org\/TR\/REC-html40\/loose.dtd\"><br \/>\n<html><body><\/p>\n<p style=\"text-align: left;\" align=\"center\"><em>Exposi&ccedil;&atilde;o que comemora in&iacute;cio da primavera vai colorir sagu&atilde;o do PPLT com ip&ecirc;s de Waldira Maria Rodrigues&nbsp;<\/em><em>&nbsp;<\/em><\/p>\n<p style=\"text-align: left;\">Quem se encanta com a beleza dos ip&ecirc;s coloridos nos Cerrados anunciando que a primavera est&aacute; pr&oacute;xima pode imaginar o que ser&aacute;, a partir da pr&oacute;xima quarta-feira, 23 de setembro, a exposi&ccedil;&atilde;o de Waldira Maria Rodrigues, no sagu&atilde;o do Pal&aacute;cio Pedro Ludovico Teixeira (PPLT). A artes&atilde;, que ficou conhecida em todo o pa&iacute;s por replicar ip&ecirc;s amarelos, rosas, roxos e brancos, &eacute; a convidada da Secretaria de Desenvolvimento Econ&ocirc;mico (SED) para a 17&ordf; edi&ccedil;&atilde;o do programa Goi&aacute;s Mostra Artesanato. A exposi&ccedil;&atilde;o, que marca o in&iacute;cio da primavera, ficar&aacute; aberta ao p&uacute;blico diariamente, das 8h &agrave;s 18h, at&eacute; o dia 2 de outubro.<\/p>\n<p style=\"text-align: left;\">O programa Goi&aacute;s Mostra Artesanato &eacute; uma das a&ccedil;&otilde;es da SED, promovidas pela Ger&ecirc;ncia de Artesanato da Superintend&ecirc;ncia de Micro e Pequenas Empresas, para divulgar o artesanato goiano, apresentando individualmente o trabalho de cada artes&atilde;o. O programa ter&aacute;, ao final, uma publica&ccedil;&atilde;o em forma de cat&aacute;logo com todos os participantes.&nbsp;<\/p>\n<p style=\"text-align: left;\">Para a exposi&ccedil;&atilde;o no PPLT, Waldira reuniu cerca de 20 pe&ccedil;as artesanais de v&aacute;rios tamanhos. Alguns ip&ecirc;s t&ecirc;m mais de dois metros de altura, outros s&atilde;o pequenos e servem para decorar ambientes menores. Al&eacute;m dos ip&ecirc;s, a artes&atilde; est&aacute; finalizando um exemplar de outra esp&eacute;cie comum dos Cerrados brasileiros, que &eacute; o pequizeiro.&nbsp;<\/p>\n<p style=\"text-align: left;\"><strong>Trajet&oacute;ria<\/strong><\/p>\n<p style=\"text-align: left;\">O artesanato sempre esteve presente na vida de Waldira, 60 anos, que &eacute; mineira de Patos (MG), mas que chegou a Goi&aacute;s quando ainda tinha seis meses de idade. Quando menina, fazia de barro os copinhos e panelinhas, e, de palha, as bonecas para brincar. Vivia com a fam&iacute;lia de uma cidade para outra, carregando sonhos e incertezas. Morou em Jaupaci, S&atilde;o Luis de Montes Belos e depois em Santa F&eacute;, onde vivendo na ro&ccedil;a fez seus primeiros ranchinhos de pau-a-pique, talhas, potes, moringas e panelas, pintando com barros de diferentes cores e p&ocirc;de vend&ecirc;-las na cidade.<\/p>\n<p style=\"text-align: left;\">Nessa &eacute;poca, ela aprimorou a t&eacute;cnica do artesanato com o barro, aprendeu a queimar e ampliou os motivos e a criatividade, replicando fachadas de ranchos, de igrejas, currais com rebanho, mulheres amamentando, casais de noivos e outras cenas da vida buc&oacute;lica na ro&ccedil;a e no interior. A sobreviv&ecirc;ncia da fam&iacute;lia em meio a grandes car&ecirc;ncias, entretanto, cobrou de Waldira jornadas de trabalho como dom&eacute;stica em fazendas da regi&atilde;o e em Itabera&iacute;, Jussara e depois em Goi&acirc;nia.<\/p>\n<p style=\"text-align: left;\">Casada, Waldira p&ocirc;de retomar suas atividades como artes&atilde; e foi em Manaus que come&ccedil;ou a produzir os primeiros ip&ecirc;s utilizando restos de troncos fixados no barro e coloridos com flores de todas as cores e visitados por passarinhos. Aprendeu diferentes t&eacute;cnicas de massinhas para confeccionar os detalhes que enchem de gra&ccedil;a suas &aacute;rvores. Passou um tempo em Roraima, onde consolidou o seu trabalho. De l&aacute; pra c&aacute;, n&atilde;o parou mais.<\/p>\n<p style=\"text-align: left;\">De volta a Goi&acirc;nia, participou de v&aacute;rios projetos como o de valoriza&ccedil;&atilde;o do artesanato na pra&ccedil;a do artes&atilde;o no Jardim Zool&oacute;gico, exp&ocirc;s na Feira Hippie e ficou conhecida na cidade e no estado como a artes&atilde; dos ip&ecirc;s do Cerrado. Foi convidada para in&uacute;meras exposi&ccedil;&otilde;es em S&atilde;o Paulo, Rio e Bras&iacute;lia, entre outras capitais, sendo presen&ccedil;a certa tamb&eacute;m em mostras em Corumb&aacute; e Bonito (MS).<\/p>\n<p style=\"text-align: left;\">Al&eacute;m de galhos de &aacute;rvores secas, Waldira utiliza canas para a base dos ip&ecirc;s. As flores s&atilde;o feitas ora com tecidos, ora com TNT, EVA e at&eacute; com material pl&aacute;stico. Nos &uacute;ltimos anos, seu trabalho artesanal conta ainda com a for&ccedil;a da sua express&atilde;o teatral. Waldira criou v&aacute;rios personagens do Cerrado para alegrar festas e solenidades. Entre outras figuras do seu repert&oacute;rio est&atilde;o a Boneca Val, o Chic&atilde;o, Roseta e a Menina do Sub&uacute;rbio.<\/p>\n<p style=\"text-align: left;\">&ldquo;Esta exposi&ccedil;&atilde;o no Pal&aacute;cio Pedro Ludovico Teixeira me enche de expectativas&rdquo;, disse a artes&atilde; que atualmente mora em Goi&acirc;nia, no Setor Santos Dumont, mas j&aacute; est&aacute; de malas prontas para se mudar para Piren&oacute;polis. &ldquo;Tenho a amiga Delma, que j&aacute; trabalhou comigo, que me convidou para trabalhar com ela no seu ateli&ecirc; em Piren&oacute;polis&rdquo;, justifica Waldira.<\/p>\n<p style=\"text-align: left;\"><strong>Confira abaixo imagens da montagem da exposi&ccedil;&atilde;o que ser&aacute; aberta oficialmente na pr&oacute;xima quarta-feira, 23 de setembro.<\/p>\n<p><\/strong><\/p>\n<p style=\"text-align: left;\"><strong>Fotos: Jota Eur&iacute;pedes<\/p>\n<p> Comunica&ccedil;&atilde;o Setorial<br \/> Secretaria de Estado de Desenvolvimento Econ&ocirc;mico, Cient&iacute;fico e Tecnol&oacute;gico e de Agricultura, Pecu&aacute;ria e Irriga&ccedil;&atilde;o (SED)<br \/> (62) 3201-5463, 3201-5487<\/strong><\/p>\n<p style=\"text-align: left;\"><strong>&nbsp;<\/strong><\/p>\n<p style=\"text-align: left;\">&nbsp;<\/p>\n<p><\/body><\/html><\/p>\n","protected":false},"excerpt":{"rendered":"<p>Exposi&ccedil;&atilde;o que comemora in&iacute;cio da primavera vai colorir sagu&atilde;o do PPLT com ip&ecirc;s de Waldira Maria Rodrigues&nbsp;&nbsp; Quem se encanta com a beleza dos ip&ecirc;s coloridos nos Cerrados anunciando que a primavera est&aacute; pr&oacute;xima pode imaginar o que ser&aacute;, a partir da pr&oacute;xima quarta-feira, 23 de setembro, a exposi&ccedil;&atilde;o de Waldira Maria Rodrigues, no sagu&atilde;o [&hellip;]<\/p>\n","protected":false},"author":7,"featured_media":609,"comment_status":"closed","ping_status":"open","sticky":false,"template":"","format":"standard","meta":{"footnotes":""},"categories":[4],"tags":[],"class_list":["post-610","post","type-post","status-publish","format-standard","has-post-thumbnail","hentry","category-noticias"],"rttpg_featured_image_url":{"full":["https:\/\/goias.gov.br\/industriaecomercio\/wp-content\/uploads\/sites\/32\/2015\/09\/ipe1-287-scaled.jpg",2560,1707,false],"landscape":["https:\/\/goias.gov.br\/industriaecomercio\/wp-content\/uploads\/sites\/32\/2015\/09\/ipe1-287-scaled.jpg",2560,1707,false],"portraits":["https:\/\/goias.gov.br\/industriaecomercio\/wp-content\/uploads\/sites\/32\/2015\/09\/ipe1-287-scaled.jpg",2560,1707,false],"thumbnail":["https:\/\/goias.gov.br\/industriaecomercio\/wp-content\/uploads\/sites\/32\/2015\/09\/ipe1-287-150x150.jpg",150,150,true],"medium":["https:\/\/goias.gov.br\/industriaecomercio\/wp-content\/uploads\/sites\/32\/2015\/09\/ipe1-287-300x200.jpg",300,200,true],"large":["https:\/\/goias.gov.br\/industriaecomercio\/wp-content\/uploads\/sites\/32\/2015\/09\/ipe1-287-1024x683.jpg",1024,683,true],"1536x1536":["https:\/\/goias.gov.br\/industriaecomercio\/wp-content\/uploads\/sites\/32\/2015\/09\/ipe1-287-1536x1024.jpg",1536,1024,true],"2048x2048":["https:\/\/goias.gov.br\/industriaecomercio\/wp-content\/uploads\/sites\/32\/2015\/09\/ipe1-287-2048x1365.jpg",2048,1365,true]},"rttpg_author":{"display_name":"gustavogoncalves","author_link":"https:\/\/goias.gov.br\/industriaecomercio\/author\/gustavogoncalves\/"},"rttpg_comment":0,"rttpg_category":"<a href=\"https:\/\/goias.gov.br\/industriaecomercio\/categoria\/noticias\/\" rel=\"category tag\">Not\u00edcias<\/a>","rttpg_excerpt":"Exposi&ccedil;&atilde;o que comemora in&iacute;cio da primavera vai colorir sagu&atilde;o do PPLT com ip&ecirc;s de Waldira Maria Rodrigues&nbsp;&nbsp; Quem se encanta com a beleza dos ip&ecirc;s coloridos nos Cerrados anunciando que a primavera est&aacute; pr&oacute;xima pode imaginar o que ser&aacute;, a partir da pr&oacute;xima quarta-feira, 23 de setembro, a exposi&ccedil;&atilde;o de Waldira Maria Rodrigues, no sagu&atilde;o&hellip;","_links":{"self":[{"href":"https:\/\/goias.gov.br\/industriaecomercio\/wp-json\/wp\/v2\/posts\/610","targetHints":{"allow":["GET"]}}],"collection":[{"href":"https:\/\/goias.gov.br\/industriaecomercio\/wp-json\/wp\/v2\/posts"}],"about":[{"href":"https:\/\/goias.gov.br\/industriaecomercio\/wp-json\/wp\/v2\/types\/post"}],"author":[{"embeddable":true,"href":"https:\/\/goias.gov.br\/industriaecomercio\/wp-json\/wp\/v2\/users\/7"}],"replies":[{"embeddable":true,"href":"https:\/\/goias.gov.br\/industriaecomercio\/wp-json\/wp\/v2\/comments?post=610"}],"version-history":[{"count":0,"href":"https:\/\/goias.gov.br\/industriaecomercio\/wp-json\/wp\/v2\/posts\/610\/revisions"}],"wp:featuredmedia":[{"embeddable":true,"href":"https:\/\/goias.gov.br\/industriaecomercio\/wp-json\/wp\/v2\/media\/609"}],"wp:attachment":[{"href":"https:\/\/goias.gov.br\/industriaecomercio\/wp-json\/wp\/v2\/media?parent=610"}],"wp:term":[{"taxonomy":"category","embeddable":true,"href":"https:\/\/goias.gov.br\/industriaecomercio\/wp-json\/wp\/v2\/categories?post=610"},{"taxonomy":"post_tag","embeddable":true,"href":"https:\/\/goias.gov.br\/industriaecomercio\/wp-json\/wp\/v2\/tags?post=610"}],"curies":[{"name":"wp","href":"https:\/\/api.w.org\/{rel}","templated":true}]}}