

{"id":604,"date":"2015-09-21T13:09:17","date_gmt":"2015-09-21T16:09:17","guid":{"rendered":"https:\/\/siteshom.goias.gov.br\/industriaecomercio\/encontro-internacional-am\/"},"modified":"2015-09-21T13:09:17","modified_gmt":"2015-09-21T16:09:17","slug":"encontro-internacional-am","status":"publish","type":"post","link":"https:\/\/goias.gov.br\/industriaecomercio\/encontro-internacional-am\/","title":{"rendered":"Encontro internacional amplia rela\u00e7\u00f5es entre Goi\u00e1s e B\u00e9lgica"},"content":{"rendered":"<p><img fetchpriority=\"high\" decoding=\"async\" class=\" size-full wp-image-603\" src=\"https:\/\/goias.gov.br\/industriaecomercio\/wp-content\/uploads\/sites\/32\/2015\/09\/vic03351-9bf-scaled.jpg\" alt=\"\" width=\"2560\" height=\"1696\" srcset=\"https:\/\/goias.gov.br\/industriaecomercio\/wp-content\/uploads\/sites\/32\/2015\/09\/vic03351-9bf-scaled.jpg 2560w, https:\/\/goias.gov.br\/industriaecomercio\/wp-content\/uploads\/sites\/32\/2015\/09\/vic03351-9bf-300x199.jpg 300w, https:\/\/goias.gov.br\/industriaecomercio\/wp-content\/uploads\/sites\/32\/2015\/09\/vic03351-9bf-1024x678.jpg 1024w, https:\/\/goias.gov.br\/industriaecomercio\/wp-content\/uploads\/sites\/32\/2015\/09\/vic03351-9bf-768x509.jpg 768w, https:\/\/goias.gov.br\/industriaecomercio\/wp-content\/uploads\/sites\/32\/2015\/09\/vic03351-9bf-1536x1017.jpg 1536w, https:\/\/goias.gov.br\/industriaecomercio\/wp-content\/uploads\/sites\/32\/2015\/09\/vic03351-9bf-2048x1356.jpg 2048w\" sizes=\"(max-width: 2560px) 100vw, 2560px\" \/><!DOCTYPE html PUBLIC \"-\/\/W3C\/\/DTD HTML 4.0 Transitional\/\/EN\" \"http:\/\/www.w3.org\/TR\/REC-html40\/loose.dtd\"><br \/>\n<html><body><\/p>\n<p style=\"text-align: left;\" align=\"center\"><em>Evento integra a&ccedil;&otilde;es preparat&oacute;rias para miss&atilde;o&nbsp;internacional que Governo&nbsp;de Goi&aacute;s e empres&aacute;rios far&atilde;o &agrave; B&eacute;lgica, Alemanha, Espanha e Holanda<\/em><\/p>\n<p style=\"text-align: left;\">O Governo de Goi&aacute;s, por meio da Superintend&ecirc;ncia Executiva de Com&eacute;rcio Exterior da Secretaria de Desenvolvimento Econ&ocirc;mico (SED), participou do 4&ordm; Encontro Internacional de Com&eacute;rcio Exterior (Eice), realizado entre os dias 15 e 17 de setembro pela Federa&ccedil;&atilde;o das Ind&uacute;strias do Estado de Goi&aacute;s (Fieg) em parceria com a SED e a Embaixada da B&eacute;lgica no Brasil.<\/p>\n<p style=\"text-align: left;\">O EICE visa difundir a cultura de com&eacute;rcio exterior e fomentar o desenvolvimento das empresas goianas por meio da inova&ccedil;&atilde;o como estrat&eacute;gia de competitividade das empresas. O encontro contou com palestras, reuni&otilde;es de neg&oacute;cios, cases de sucesso, interc&acirc;mbio cultural e troca de inova&ccedil;&atilde;o e tecnologias e tamb&eacute;m serviu como a&ccedil;&atilde;o preparat&oacute;ria para a pr&oacute;xima miss&atilde;o internacional que integrantes do Governo de Goi&aacute;s e delega&ccedil;&atilde;o de empres&aacute;rios far&atilde;o &agrave; B&eacute;lgica, Alemanha, Espanha e Holanda, em outubro.<\/p>\n<p> Representantes de setores de log&iacute;stica, m&aacute;quinas e equipamentos industriais e audiovisuais e de pesquisa, desenvolvimento e inova&ccedil;&atilde;o estiveram presentes. O superintendente executivo de Com&eacute;rcio Exterior da SED, William O&#8217;Dwyer, que na oportunidade representou o governador Marconi Perillo, destacou a import&acirc;ncia das parcerias entre o governo e a iniciativa privada como estrat&eacute;gia para alcan&ccedil;ar &oacute;timos resultados do setor produtivo em Goi&aacute;s.<\/p>\n<p style=\"text-align: left;\">&ldquo;Estamos de m&atilde;os dadas para vencer os desafios. Temos resultados invej&aacute;veis num cen&aacute;rio nacional dif&iacute;cil. Prova disso &eacute; a nossa balan&ccedil;a comercial com super&aacute;vit positivo h&aacute; 19 meses&rdquo;, disse o superintendente.<\/p>\n<p> O embaixador da B&eacute;lgica no Brasil, Jozef Smets, declarou seu entusiasmo com Goi&aacute;s e equiparou a reuni&atilde;o a uma importante plataforma para lan&ccedil;amento de parcerias e oportunidades de neg&oacute;cios com a B&eacute;lgica. &ldquo;Trouxemos representantes do Porto de Antu&eacute;rpia, o segundo maior em volume de neg&oacute;cios da Europa, de universidades e da C&acirc;mara de Neg&oacute;cios como a Belgalux. Nossos contatos com o Estado tem sido intensos h&aacute; cerca de dois anos&rdquo;, disse Smets. <\/p>\n<p> Representante do Conselho Tem&aacute;tico de Com&eacute;rcio Exterior e Internacional da Fieg (CTCOMEX), Em&iacute;lio Bittar acredita no crescimento da base exportadora goiana. &ldquo;Goi&aacute;s passa por um momento de transforma&ccedil;&atilde;o industrial e investidores geralmente s&oacute; conhecem Rio de Janeiro e S&atilde;o Paulo. Eventos como esse, de parceria, de a&ccedil;&otilde;es pela inova&ccedil;&atilde;o, s&oacute; acrescentam. Eles querem rela&ccedil;&otilde;es para a vida toda, querem se estabelecer, sem oportunismo. Por isso essa &eacute; a hora de Goi&aacute;s&rdquo;, concluiu.<\/p>\n<p> O presidente da Belgolux, Patrick Fidry, ressaltou os n&uacute;meros positivos do Produto Interno Bruto (PIB) goiano e o crescimento do cen&aacute;rio industrial do Estado, reiterando o interesse dos belgas em negociar com Goi&aacute;s. &ldquo;Temos sinergias em v&aacute;rias &aacute;reas e queremos identific&aacute;-las. Trouxemos para esse encontro representantes de cerca de 100 empresas belgas de todos os portes para as rodadas de neg&oacute;cios&rdquo;, anunciou, em tom otimista.<\/p>\n<p><strong>Fotos: Marcos Prado<\/p>\n<p> Comunica&ccedil;&atilde;o Setorial<br \/> Secretaria de Estado de Desenvolvimento Econ&ocirc;mico, Cient&iacute;fico e Tecnol&oacute;gico e de Agricultura, Pecu&aacute;ria e Irriga&ccedil;&atilde;o (SED)<br \/> (62) 3201-5463, 3201-5487<\/strong><strong><\/strong><\/p>\n<p><\/body><\/html><\/p>\n","protected":false},"excerpt":{"rendered":"<p>Evento integra a&ccedil;&otilde;es preparat&oacute;rias para miss&atilde;o&nbsp;internacional que Governo&nbsp;de Goi&aacute;s e empres&aacute;rios far&atilde;o &agrave; B&eacute;lgica, Alemanha, Espanha e Holanda O Governo de Goi&aacute;s, por meio da Superintend&ecirc;ncia Executiva de Com&eacute;rcio Exterior da Secretaria de Desenvolvimento Econ&ocirc;mico (SED), participou do 4&ordm; Encontro Internacional de Com&eacute;rcio Exterior (Eice), realizado entre os dias 15 e 17 de setembro pela [&hellip;]<\/p>\n","protected":false},"author":7,"featured_media":603,"comment_status":"closed","ping_status":"open","sticky":false,"template":"","format":"standard","meta":{"footnotes":""},"categories":[4],"tags":[],"class_list":["post-604","post","type-post","status-publish","format-standard","has-post-thumbnail","hentry","category-noticias"],"rttpg_featured_image_url":{"full":["https:\/\/goias.gov.br\/industriaecomercio\/wp-content\/uploads\/sites\/32\/2015\/09\/vic03351-9bf-scaled.jpg",2560,1696,false],"landscape":["https:\/\/goias.gov.br\/industriaecomercio\/wp-content\/uploads\/sites\/32\/2015\/09\/vic03351-9bf-scaled.jpg",2560,1696,false],"portraits":["https:\/\/goias.gov.br\/industriaecomercio\/wp-content\/uploads\/sites\/32\/2015\/09\/vic03351-9bf-scaled.jpg",2560,1696,false],"thumbnail":["https:\/\/goias.gov.br\/industriaecomercio\/wp-content\/uploads\/sites\/32\/2015\/09\/vic03351-9bf-150x150.jpg",150,150,true],"medium":["https:\/\/goias.gov.br\/industriaecomercio\/wp-content\/uploads\/sites\/32\/2015\/09\/vic03351-9bf-300x199.jpg",300,199,true],"large":["https:\/\/goias.gov.br\/industriaecomercio\/wp-content\/uploads\/sites\/32\/2015\/09\/vic03351-9bf-1024x678.jpg",1024,678,true],"1536x1536":["https:\/\/goias.gov.br\/industriaecomercio\/wp-content\/uploads\/sites\/32\/2015\/09\/vic03351-9bf-1536x1017.jpg",1536,1017,true],"2048x2048":["https:\/\/goias.gov.br\/industriaecomercio\/wp-content\/uploads\/sites\/32\/2015\/09\/vic03351-9bf-2048x1356.jpg",2048,1356,true]},"rttpg_author":{"display_name":"gustavogoncalves","author_link":"https:\/\/goias.gov.br\/industriaecomercio\/author\/gustavogoncalves\/"},"rttpg_comment":0,"rttpg_category":"<a href=\"https:\/\/goias.gov.br\/industriaecomercio\/categoria\/noticias\/\" rel=\"category tag\">Not\u00edcias<\/a>","rttpg_excerpt":"Evento integra a&ccedil;&otilde;es preparat&oacute;rias para miss&atilde;o&nbsp;internacional que Governo&nbsp;de Goi&aacute;s e empres&aacute;rios far&atilde;o &agrave; B&eacute;lgica, Alemanha, Espanha e Holanda O Governo de Goi&aacute;s, por meio da Superintend&ecirc;ncia Executiva de Com&eacute;rcio Exterior da Secretaria de Desenvolvimento Econ&ocirc;mico (SED), participou do 4&ordm; Encontro Internacional de Com&eacute;rcio Exterior (Eice), realizado entre os dias 15 e 17 de setembro pela&hellip;","_links":{"self":[{"href":"https:\/\/goias.gov.br\/industriaecomercio\/wp-json\/wp\/v2\/posts\/604","targetHints":{"allow":["GET"]}}],"collection":[{"href":"https:\/\/goias.gov.br\/industriaecomercio\/wp-json\/wp\/v2\/posts"}],"about":[{"href":"https:\/\/goias.gov.br\/industriaecomercio\/wp-json\/wp\/v2\/types\/post"}],"author":[{"embeddable":true,"href":"https:\/\/goias.gov.br\/industriaecomercio\/wp-json\/wp\/v2\/users\/7"}],"replies":[{"embeddable":true,"href":"https:\/\/goias.gov.br\/industriaecomercio\/wp-json\/wp\/v2\/comments?post=604"}],"version-history":[{"count":0,"href":"https:\/\/goias.gov.br\/industriaecomercio\/wp-json\/wp\/v2\/posts\/604\/revisions"}],"wp:featuredmedia":[{"embeddable":true,"href":"https:\/\/goias.gov.br\/industriaecomercio\/wp-json\/wp\/v2\/media\/603"}],"wp:attachment":[{"href":"https:\/\/goias.gov.br\/industriaecomercio\/wp-json\/wp\/v2\/media?parent=604"}],"wp:term":[{"taxonomy":"category","embeddable":true,"href":"https:\/\/goias.gov.br\/industriaecomercio\/wp-json\/wp\/v2\/categories?post=604"},{"taxonomy":"post_tag","embeddable":true,"href":"https:\/\/goias.gov.br\/industriaecomercio\/wp-json\/wp\/v2\/tags?post=604"}],"curies":[{"name":"wp","href":"https:\/\/api.w.org\/{rel}","templated":true}]}}