

{"id":593,"date":"2015-09-16T13:09:57","date_gmt":"2015-09-16T16:09:57","guid":{"rendered":"https:\/\/siteshom.goias.gov.br\/industriaecomercio\/jose-eliton-destaca-importancia-do-i\/"},"modified":"2015-09-16T13:09:57","modified_gmt":"2015-09-16T16:09:57","slug":"jose-eliton-destaca-importancia-do-i","status":"publish","type":"post","link":"https:\/\/goias.gov.br\/industriaecomercio\/jose-eliton-destaca-importancia-do-i\/","title":{"rendered":"Jos\u00e9 Eliton destaca import\u00e2ncia do Ipasgo F\u00e1cil como a\u00e7\u00e3o do Inova Goi\u00e1s"},"content":{"rendered":"<p><img fetchpriority=\"high\" decoding=\"async\" class=\" size-full wp-image-592\" src=\"https:\/\/goias.gov.br\/industriaecomercio\/wp-content\/uploads\/sites\/32\/2015\/09\/lan_amento-do-aplicativo-ipasgo-f_cil_-cr_dito-wildes-barbosa-31-d86-scaled.jpg\" alt=\"\" width=\"2560\" height=\"1689\" srcset=\"https:\/\/goias.gov.br\/industriaecomercio\/wp-content\/uploads\/sites\/32\/2015\/09\/lan_amento-do-aplicativo-ipasgo-f_cil_-cr_dito-wildes-barbosa-31-d86-scaled.jpg 2560w, https:\/\/goias.gov.br\/industriaecomercio\/wp-content\/uploads\/sites\/32\/2015\/09\/lan_amento-do-aplicativo-ipasgo-f_cil_-cr_dito-wildes-barbosa-31-d86-300x198.jpg 300w, https:\/\/goias.gov.br\/industriaecomercio\/wp-content\/uploads\/sites\/32\/2015\/09\/lan_amento-do-aplicativo-ipasgo-f_cil_-cr_dito-wildes-barbosa-31-d86-1024x676.jpg 1024w, https:\/\/goias.gov.br\/industriaecomercio\/wp-content\/uploads\/sites\/32\/2015\/09\/lan_amento-do-aplicativo-ipasgo-f_cil_-cr_dito-wildes-barbosa-31-d86-768x507.jpg 768w, https:\/\/goias.gov.br\/industriaecomercio\/wp-content\/uploads\/sites\/32\/2015\/09\/lan_amento-do-aplicativo-ipasgo-f_cil_-cr_dito-wildes-barbosa-31-d86-1536x1014.jpg 1536w, https:\/\/goias.gov.br\/industriaecomercio\/wp-content\/uploads\/sites\/32\/2015\/09\/lan_amento-do-aplicativo-ipasgo-f_cil_-cr_dito-wildes-barbosa-31-d86-2048x1352.jpg 2048w\" sizes=\"(max-width: 2560px) 100vw, 2560px\" \/><!DOCTYPE html PUBLIC \"-\/\/W3C\/\/DTD HTML 4.0 Transitional\/\/EN\" \"http:\/\/www.w3.org\/TR\/REC-html40\/loose.dtd\"><br \/>\n<html><body><\/p>\n<p style=\"text-align: left;\" align=\"center\"><em>Novo aplicativo para agendamento de consultas foi lan&ccedil;ado nesta quarta-feira (16), em solenidade no PPLT<\/em>&nbsp;<\/p>\n<p style=\"text-align: left;\">O vice-governador e secret&aacute;rio de Desenvolvimento Econ&ocirc;mico, Jos&eacute; Eliton, lan&ccedil;ou nesta quarta-feira (16\/09) mais uma a&ccedil;&atilde;o do Programa de Inova&ccedil;&atilde;o e Tecnologia do Estado de Goi&aacute;s &ndash; o Inova Goi&aacute;s. Representando o governador Marconi Perillo, ele presidiu solenidade no Pal&aacute;cio Pedro Ludovico Teixeira em que foi apresentado o novo aplicativo Ipasgo F&aacute;cil, que permite aos usu&aacute;rios do Instituto de Assist&ecirc;ncia dos Servidores P&uacute;blicos de Goi&aacute;s agendar consultas de forma simples a partir de celulares ou <em>tablets<\/em>. &ldquo;Essa nova ferramenta contemplada dentro do maior programa de inova&ccedil;&atilde;o do Brasil, o Inova Goi&aacute;s, tamb&eacute;m nos colocar&aacute; um passo &agrave; frente dos demais estados da federa&ccedil;&atilde;o&rdquo;, afirmou Eliton.<\/p>\n<p> A solenidade, no audit&oacute;rio Mauro Borges, contou com a presen&ccedil;a de secret&aacute;rios de Estado, parlamentares e autoridades pol&iacute;ticas e empresariais, al&eacute;m de usu&aacute;rios e de representantes dos prestadores de servi&ccedil;o credenciados ao instituto. O presidente do Ipasgo, Francisco Taveira Neto, apresentou o aplicativo Ipasgo F&aacute;cil, demonstrando como o usu&aacute;rio deve utilizar a ferramenta, a sua praticidade e a sua efic&aacute;cia.&nbsp;<\/p>\n<p style=\"text-align: left;\">Segundo explicou Taveira Neto, o aplicativo &#8211; que pode ser baixado por qualquer pessoa e n&atilde;o apenas pelos usu&aacute;rios do Ipasgo &#8211; foi desenvolvido pela equipe de Tecnologia da Informa&ccedil;&atilde;o do &oacute;rg&atilde;o e tem um menu autoexplicativo que facilita o acesso ao servi&ccedil;o de marca&ccedil;&atilde;o de consultas por especialidades em cada munic&iacute;pio. Conforme destacou, outros servi&ccedil;os ser&atilde;o divulgados em breve, como o agendamento de procedimentos e exames.<\/p>\n<p> O aplicativo para celular e tablet Ipasgo F&aacute;cil integra uma s&eacute;rie de servi&ccedil;os do Ipasgo Inova.&nbsp;Os custos de investimentos at&eacute; aqui foram da ordem de R$ 17 milh&otilde;es em tecnologia da informa&ccedil;&atilde;o, o que permitiu, entre outros avan&ccedil;os, a informatiza&ccedil;&atilde;o dos servi&ccedil;os de auditoria, a emiss&atilde;o de guias direto dos consult&oacute;rios m&eacute;dicos e a solicita&ccedil;&atilde;o de exames por meio eletr&ocirc;nico.<\/p>\n<p><strong>Inova Goi&aacute;s<\/strong><\/p>\n<p style=\"text-align: left;\">O vice-governador e secret&aacute;rio de Desenvolvimento, Jos&eacute; Eliton, afirmou, durante o lan&ccedil;amento do Ipasgo F&aacute;cil, que um dos objetivos do Estado &eacute; aproximar os servi&ccedil;os p&uacute;blicos do cidad&atilde;o. Falou da satisfa&ccedil;&atilde;o do governo em ver o Ipasgo alcan&ccedil;ando &iacute;ndices de efici&ecirc;ncia cada vez melhores na presta&ccedil;&atilde;o de servi&ccedil;os aos usu&aacute;rios e destacou o trabalho realizado pelo atual presidente para a recupera&ccedil;&atilde;o do instituto, que hoje oferece servi&ccedil;os de qualidade.<\/p>\n<p style=\"text-align: left;\">De acordo com Jos&eacute; Eliton, esse &eacute; um passo dentre tantos outros que o governo dar&aacute; para transformar Goi&aacute;s no estado da inova&ccedil;&atilde;o e da tecnologia. &ldquo;O Inova Goi&aacute;s &eacute; um programa de envergadura que tem a ambi&ccedil;&atilde;o de alavancar o processo de desenvolvimento do estado&rdquo;, enfatizou o titular da SED. Que falou ainda da confian&ccedil;a do governador Marconi Perillo em destac&aacute;-lo para conduzir o Inova Goi&aacute;s: &ldquo;Fa&ccedil;o porque acredito, porque tenha a certeza de que esse programa vai abrir as portas para o novo salto de desenvolvimento do nosso estado; esse programa qualifica o nosso estado para os desafios deste s&eacute;culo, os desafios que o mundo moderno imp&otilde;e a todos n&oacute;s setor privado e setor p&uacute;blico&rdquo;.&nbsp;<\/p>\n<p style=\"text-align: left;\">Jos&eacute; Eliton afirmou que o Inova Goi&aacute;s j&aacute; est&aacute; em execu&ccedil;&atilde;o com diversas a&ccedil;&otilde;es que j&aacute; se tornaram realidade. &ldquo;Hoje o produtor rural j&aacute; est&aacute; emitindo a sua Guia de Tr&acirc;nsito Animal (GTA) por meio do Cart&atilde;o Rural; fiquei feliz em ir &agrave; Secretaria de Sa&uacute;de e ver o Conecta SUS, que interliga as regionais de sa&uacute;de do estado, o Siga Sa&uacute;de que monta um portf&oacute;lio de cada usu&aacute;rio do SUS e o Telemedicina, que &eacute; uma ferramenta que est&aacute; sendo implementada em car&aacute;ter experimental para democratizar a sa&uacute;de, levando medicina de alta complexidade para o interior&rdquo;, disse ele.<\/p>\n<p style=\"text-align: left;\">O vice-governador tamb&eacute;m falou de recente encontro com representantes dos setores produtivos que est&atilde;o entusiasmados com as novas formas de incremento da sua produ&ccedil;&atilde;o atrav&eacute;s do fomento &agrave; pesquisa e &agrave; tecnologia, de financiamento de aquisi&ccedil;&atilde;o de produtos tecnol&oacute;gicos para aperfei&ccedil;oamento das cadeias produtivas, agregando valor aos produtos fabricados em Goi&aacute;s e que, consequentemente, vai gerar mais emprego e melhor renda.&nbsp;<\/p>\n<p style=\"text-align: left;\">Relatou, tamb&eacute;m, que em recente visita a Goi&aacute;s a ministra da Agricultura, K&aacute;tia Abreu &ndash; eles participaram de feira agropecu&aacute;ria em Piranhas -, demonstrou interesse em conhecer o programa Inova Goi&aacute;s, justificando que quer implantar um programa federal no &acirc;mbito do seu minist&eacute;rio. &ldquo;Hoje os t&eacute;cnicos do minist&eacute;rio est&atilde;o vindo a Goi&aacute;s conhecer a nossa experi&ecirc;ncia e estend&ecirc;-la para todo o pa&iacute;s&rdquo;, acentuou.<\/p>\n<p style=\"text-align: left;\">&nbsp;O Inova Goi&aacute;s, segundo ainda Jos&eacute; Eliton, foi refer&ecirc;ncia tamb&eacute;m em recente reuni&atilde;o de governadores do Centro-Oeste, em Palmas (TO), quando o governador Marconi Perillo discorreu sobre o programa, a partir do interesse dos demais governadores em conhecer a plataforma de inova&ccedil;&atilde;o do estado de Goi&aacute;s. &ldquo;Isso demonstra que estamos no caminho certo, no caminho correto; n&atilde;o h&aacute; pa&iacute;s no mundo que cres&ccedil;a sem investimento em ci&ecirc;ncia, em inova&ccedil;&atilde;o&rdquo;, disse.<\/p>\n<p style=\"text-align: left;\">&nbsp;<\/p>\n<p style=\"text-align: left;\"><strong>Fotos: Jota Eur&iacute;pedes e Wildes Barbosa<\/p>\n<p> Comunica&ccedil;&atilde;o Setorial<br \/> Secretaria de Estado de Desenvolvimento Econ&ocirc;mico, Cient&iacute;fico e Tecnol&oacute;gico e de Agricultura, Pecu&aacute;ria e Irriga&ccedil;&atilde;o (SED)<br \/> (62) 3201-5463, 3201-5487<\/strong><\/p>\n<p style=\"text-align: left;\"><strong>&nbsp;<\/strong><\/p>\n<p><\/body><\/html><\/p>\n","protected":false},"excerpt":{"rendered":"<p>Novo aplicativo para agendamento de consultas foi lan&ccedil;ado nesta quarta-feira (16), em solenidade no PPLT&nbsp; O vice-governador e secret&aacute;rio de Desenvolvimento Econ&ocirc;mico, Jos&eacute; Eliton, lan&ccedil;ou nesta quarta-feira (16\/09) mais uma a&ccedil;&atilde;o do Programa de Inova&ccedil;&atilde;o e Tecnologia do Estado de Goi&aacute;s &ndash; o Inova Goi&aacute;s. Representando o governador Marconi Perillo, ele presidiu solenidade no Pal&aacute;cio [&hellip;]<\/p>\n","protected":false},"author":7,"featured_media":592,"comment_status":"closed","ping_status":"open","sticky":false,"template":"","format":"standard","meta":{"footnotes":""},"categories":[4],"tags":[],"class_list":["post-593","post","type-post","status-publish","format-standard","has-post-thumbnail","hentry","category-noticias"],"rttpg_featured_image_url":{"full":["https:\/\/goias.gov.br\/industriaecomercio\/wp-content\/uploads\/sites\/32\/2015\/09\/lan_amento-do-aplicativo-ipasgo-f_cil_-cr_dito-wildes-barbosa-31-d86-scaled.jpg",2560,1689,false],"landscape":["https:\/\/goias.gov.br\/industriaecomercio\/wp-content\/uploads\/sites\/32\/2015\/09\/lan_amento-do-aplicativo-ipasgo-f_cil_-cr_dito-wildes-barbosa-31-d86-scaled.jpg",2560,1689,false],"portraits":["https:\/\/goias.gov.br\/industriaecomercio\/wp-content\/uploads\/sites\/32\/2015\/09\/lan_amento-do-aplicativo-ipasgo-f_cil_-cr_dito-wildes-barbosa-31-d86-scaled.jpg",2560,1689,false],"thumbnail":["https:\/\/goias.gov.br\/industriaecomercio\/wp-content\/uploads\/sites\/32\/2015\/09\/lan_amento-do-aplicativo-ipasgo-f_cil_-cr_dito-wildes-barbosa-31-d86-150x150.jpg",150,150,true],"medium":["https:\/\/goias.gov.br\/industriaecomercio\/wp-content\/uploads\/sites\/32\/2015\/09\/lan_amento-do-aplicativo-ipasgo-f_cil_-cr_dito-wildes-barbosa-31-d86-300x198.jpg",300,198,true],"large":["https:\/\/goias.gov.br\/industriaecomercio\/wp-content\/uploads\/sites\/32\/2015\/09\/lan_amento-do-aplicativo-ipasgo-f_cil_-cr_dito-wildes-barbosa-31-d86-1024x676.jpg",1024,676,true],"1536x1536":["https:\/\/goias.gov.br\/industriaecomercio\/wp-content\/uploads\/sites\/32\/2015\/09\/lan_amento-do-aplicativo-ipasgo-f_cil_-cr_dito-wildes-barbosa-31-d86-1536x1014.jpg",1536,1014,true],"2048x2048":["https:\/\/goias.gov.br\/industriaecomercio\/wp-content\/uploads\/sites\/32\/2015\/09\/lan_amento-do-aplicativo-ipasgo-f_cil_-cr_dito-wildes-barbosa-31-d86-2048x1352.jpg",2048,1352,true]},"rttpg_author":{"display_name":"gustavogoncalves","author_link":"https:\/\/goias.gov.br\/industriaecomercio\/author\/gustavogoncalves\/"},"rttpg_comment":0,"rttpg_category":"<a href=\"https:\/\/goias.gov.br\/industriaecomercio\/categoria\/noticias\/\" rel=\"category tag\">Not\u00edcias<\/a>","rttpg_excerpt":"Novo aplicativo para agendamento de consultas foi lan&ccedil;ado nesta quarta-feira (16), em solenidade no PPLT&nbsp; O vice-governador e secret&aacute;rio de Desenvolvimento Econ&ocirc;mico, Jos&eacute; Eliton, lan&ccedil;ou nesta quarta-feira (16\/09) mais uma a&ccedil;&atilde;o do Programa de Inova&ccedil;&atilde;o e Tecnologia do Estado de Goi&aacute;s &ndash; o Inova Goi&aacute;s. Representando o governador Marconi Perillo, ele presidiu solenidade no Pal&aacute;cio&hellip;","_links":{"self":[{"href":"https:\/\/goias.gov.br\/industriaecomercio\/wp-json\/wp\/v2\/posts\/593","targetHints":{"allow":["GET"]}}],"collection":[{"href":"https:\/\/goias.gov.br\/industriaecomercio\/wp-json\/wp\/v2\/posts"}],"about":[{"href":"https:\/\/goias.gov.br\/industriaecomercio\/wp-json\/wp\/v2\/types\/post"}],"author":[{"embeddable":true,"href":"https:\/\/goias.gov.br\/industriaecomercio\/wp-json\/wp\/v2\/users\/7"}],"replies":[{"embeddable":true,"href":"https:\/\/goias.gov.br\/industriaecomercio\/wp-json\/wp\/v2\/comments?post=593"}],"version-history":[{"count":0,"href":"https:\/\/goias.gov.br\/industriaecomercio\/wp-json\/wp\/v2\/posts\/593\/revisions"}],"wp:featuredmedia":[{"embeddable":true,"href":"https:\/\/goias.gov.br\/industriaecomercio\/wp-json\/wp\/v2\/media\/592"}],"wp:attachment":[{"href":"https:\/\/goias.gov.br\/industriaecomercio\/wp-json\/wp\/v2\/media?parent=593"}],"wp:term":[{"taxonomy":"category","embeddable":true,"href":"https:\/\/goias.gov.br\/industriaecomercio\/wp-json\/wp\/v2\/categories?post=593"},{"taxonomy":"post_tag","embeddable":true,"href":"https:\/\/goias.gov.br\/industriaecomercio\/wp-json\/wp\/v2\/tags?post=593"}],"curies":[{"name":"wp","href":"https:\/\/api.w.org\/{rel}","templated":true}]}}