

{"id":569,"date":"2015-09-09T13:09:25","date_gmt":"2015-09-09T16:09:25","guid":{"rendered":"https:\/\/siteshom.goias.gov.br\/industriaecomercio\/inova-goias-secretaria-de-sau\/"},"modified":"2015-09-09T13:09:25","modified_gmt":"2015-09-09T16:09:25","slug":"inova-goias-secretaria-de-sau","status":"publish","type":"post","link":"https:\/\/goias.gov.br\/industriaecomercio\/inova-goias-secretaria-de-sau\/","title":{"rendered":"Inova Goi\u00e1s: Secretaria de Sa\u00fade participa do maior projeto de inova\u00e7\u00e3o do pa\u00eds"},"content":{"rendered":"<p><img fetchpriority=\"high\" decoding=\"async\" class=\" size-full wp-image-568\" src=\"https:\/\/goias.gov.br\/industriaecomercio\/wp-content\/uploads\/sites\/32\/2015\/09\/asd_fw1-344.png\" alt=\"\" width=\"800\" height=\"541\" srcset=\"https:\/\/goias.gov.br\/industriaecomercio\/wp-content\/uploads\/sites\/32\/2015\/09\/asd_fw1-344.png 800w, https:\/\/goias.gov.br\/industriaecomercio\/wp-content\/uploads\/sites\/32\/2015\/09\/asd_fw1-344-300x203.png 300w, https:\/\/goias.gov.br\/industriaecomercio\/wp-content\/uploads\/sites\/32\/2015\/09\/asd_fw1-344-768x519.png 768w\" sizes=\"(max-width: 800px) 100vw, 800px\" \/><!DOCTYPE html PUBLIC \"-\/\/W3C\/\/DTD HTML 4.0 Transitional\/\/EN\" \"http:\/\/www.w3.org\/TR\/REC-html40\/loose.dtd\"><br \/>\n<html><body><\/p>\n<p style=\"text-align: left;\" align=\"center\"><em>Vice-governador e secret&aacute;rio de Desenvolvimento Econ&ocirc;mico, Jos&eacute; Eliton far&aacute; visita t&eacute;cnica ao Conecta SUS nesta quinta-feira (10\/09), &agrave;s 9h30<\/em>&nbsp;<\/p>\n<p style=\"text-align: left;\">O Programa Estadual de Inova&ccedil;&atilde;o e Tecnologia (Inova Goi&aacute;s), lan&ccedil;ado pelo governador Marconi Perillo h&aacute; uma semana, tem um eixo voltado &agrave; promo&ccedil;&atilde;o da inova&ccedil;&atilde;o nos diferentes setores econ&ocirc;micos do estado e outro destinado a modernizar a m&aacute;quina administrativa e elevar a qualidade dos servi&ccedil;os p&uacute;blicos prestados pelo governo de Goi&aacute;s.&nbsp;<\/p>\n<p style=\"text-align: left;\">Nesta segunda vertente, a Secretaria de Estado de Sa&uacute;de (SES-GO) tem tr&ecirc;s importantes projetos inseridos naquele que &eacute; o maior e mais completo plano de inova&ccedil;&atilde;o do pa&iacute;s: &ldquo;Conecta SUS&rdquo;, &ldquo;Siga Sa&uacute;de Goi&aacute;s&rdquo; e &ldquo;Telemedicina&rdquo;. E como o Inova Goi&aacute;s &eacute; executado pela Secretaria de Desenvolvimento Econ&ocirc;mico (SED), o vice-governador e secret&aacute;rio Jos&eacute; Eliton far&aacute;, nesta quinta-feira (10\/09), &agrave;s 9h30, visita t&eacute;cnica &agrave; sede do &ldquo;Conecta SUS&rdquo;, e tamb&eacute;m se reunir&aacute; com o secret&aacute;rio Leonardo Vilela para discutir estrat&eacute;gias que garantam ainda mais celeridade &agrave; viabiliza&ccedil;&atilde;o dos demais projetos.<\/p>\n<p style=\"text-align: left;\">O &ldquo;Conecta SUS&rdquo; localiza-se na Secretaria de Estado da Sa&uacute;de, &agrave; Rua SC1, n&ordm; 299, Parque Santa Cruz. <\/p>\n<p><strong>Investimentos de R$ 1 bilh&atilde;o<\/strong><\/p>\n<p style=\"text-align: left;\">O Inova Goi&aacute;s prev&ecirc; investimentos superiores a R$ 1 bilh&atilde;o at&eacute; 2018. Entre outros benef&iacute;cios, trar&aacute; aumento da empregabilidade e da renda per capita; aumento da efici&ecirc;ncia dos meios de produ&ccedil;&atilde;o; e aumento do n&uacute;mero de pesquisas com maior relev&acirc;ncia para o setor produtivo. Tamb&eacute;m fortalecer&aacute; a economia e potencializar&aacute; o desenvolvimento do estado de Goi&aacute;s. Tem como um de seus destaques a integra&ccedil;&atilde;o entre governo, academia e setor produtivo.&nbsp;<\/p>\n<p style=\"text-align: left;\">Leonardo Vilela afirma que a Secretaria da Sa&uacute;de est&aacute; apta a participar do Inova Goi&aacute;s, pois atua na incorpora&ccedil;&atilde;o de tecnologia da informa&ccedil;&atilde;o para a melhoria dos seus servi&ccedil;os. Segundo ele, o &ldquo;Conecta SUS&rdquo; &eacute; o exemplo pr&aacute;tico deste empenho da SES-GO. O Centro de Informa&ccedil;&otilde;es e Decis&otilde;es Estrat&eacute;gicas Zilda Arns Neumann &ndash; nome oficial do &ldquo;Conecta SUS&rdquo; &#8211; instalado desde dezembro de 2014 na secretaria, &eacute; o primeiro do Pa&iacute;s a trabalhar em tempo real com todos os indicadores de sa&uacute;de importantes no desenvolvimento do ser humano. &ldquo;Esta &eacute; uma nova forma de fazer sa&uacute;de p&uacute;blica. Com a oferta de informa&ccedil;&otilde;es atualizadas, os gestores estaduais e municipais ter&atilde;o mais respaldo na tomada de decis&otilde;es&rdquo;, diz o secret&aacute;rio.<\/p>\n<p style=\"text-align: left;\">No Centro h&aacute; 13 pain&eacute;is com 86 monitores para o monitoramento&nbsp;<em>online<\/em>&nbsp;dos indicadores de sa&uacute;de. O sistema armazena informa&ccedil;&otilde;es financeiras e administrativas da SES-GO e indicadores epidemiol&oacute;gicos de todos os munic&iacute;pios e das Regionais de Sa&uacute;de. Atualmente o &ldquo;Conecta SUS&rdquo; tem esta&ccedil;&otilde;es nas quais &eacute; poss&iacute;vel fazer contato, em tempo real, com as superintend&ecirc;ncias, com 18 Regionais de Sa&uacute;de e com 14 munic&iacute;pios. H&aacute; a previs&atilde;o, at&eacute; este m&ecirc;s, de serem instaladas mais esta&ccedil;&otilde;es em 38 munic&iacute;pios. O coordenador do &ldquo;Conecta SUS&rdquo;, Jean Pierre Pereira, informa que j&aacute; foi aberto processo para licita&ccedil;&atilde;o das esta&ccedil;&otilde;es a serem instaladas nos munic&iacute;pios de todo o Estado.&nbsp;<\/p>\n<p style=\"text-align: left;\"><strong>Tecnologia a servi&ccedil;o dos usu&aacute;rios<\/strong><\/p>\n<p style=\"text-align: left;\">A SES-GO tamb&eacute;m participa do Inova Goi&aacute;s com o&nbsp;Sistema Integrado de Gest&atilde;o da Assist&ecirc;ncia &agrave; Sa&uacute;de&nbsp; &#8211; &ldquo;Siga Sa&uacute;de&rdquo;.&nbsp; A secretaria est&aacute; implantando um sistema para informatiza&ccedil;&atilde;o dos processos e procedimentos da aten&ccedil;&atilde;o b&aacute;sica do SUS que pretende identificar e viabilizar informa&ccedil;&otilde;es sobre os usu&aacute;rios, agilizar o acesso da popula&ccedil;&atilde;o aos servi&ccedil;os b&aacute;sicos de sa&uacute;de e promover a intera&ccedil;&atilde;o com outros sistemas de informa&ccedil;&atilde;o. &nbsp; &nbsp;<\/p>\n<p style=\"text-align: left;\">A gerente especial de Tecnologia da Informa&ccedil;&atilde;o da SES-GO, Luiselena Luna Esmeraldo, explica que o &ldquo;Siga Sa&uacute;de&rdquo;, em fase de implanta&ccedil;&atilde;o, tem &agrave; disposi&ccedil;&atilde;o todas as informa&ccedil;&otilde;es do atendimento em sa&uacute;de, desde o agendamento de uma consulta at&eacute; a realiza&ccedil;&atilde;o de um exame. Pode ser usado em uma Unidade B&aacute;sica de Sa&uacute;de, cl&iacute;nica, laborat&oacute;rio ou hospital que integre o sistema de sa&uacute;de do munic&iacute;pio. O uso do &ldquo;Siga Sa&uacute;de&rdquo; se traduz em diversos benef&iacute;cios tais como: agendamento de consultas e exames, registro de aplica&ccedil;&atilde;o de vacinas, acompanhamento pr&eacute;-natal e atendimento ambulatorial, prontu&aacute;rio eletr&ocirc;nico do paciente, entre outros. Luiselena informa que inicialmente o &ldquo;Siga Sa&uacute;de&rdquo; ser&aacute; implantado nos 18 munic&iacute;pios da Regional de Sa&uacute;de Sudoeste I, que tem a sede localizada em Rio Verde.&nbsp;<\/p>\n<p style=\"text-align: left;\">A Secretaria da Sa&uacute;de tamb&eacute;m pretende usar tecnologias modernas para melhorar o cuidado com os doentes. Denominado &ldquo;Telemedicina&rdquo;, o projeto prev&ecirc; a instala&ccedil;&atilde;o de equipamentos para permitir videoconfer&ecirc;ncia em 75 hospitais de pequeno porte (menos de 50 leitos) do interior do Estado. Com a instala&ccedil;&atilde;o desta ferramenta, os m&eacute;dicos poder&atilde;o trocar informa&ccedil;&otilde;es a dist&acirc;ncia com outros profissionais, seja para debater a melhor escolha de tratamento para um paciente, para definir um diagn&oacute;stico em conjunto ou ter acesso a m&eacute;dicos especialistas.&nbsp; Na proposta da secretaria, os m&eacute;dicos da SES-GO ser&atilde;o o principal canal de atendimento para os profissionais dos hospitais de pequeno porte.<\/p>\n<p style=\"text-align: left;\"><strong>Com informa&ccedil;&otilde;es da Comunica&ccedil;&atilde;o Setorial da Secretaria de Estado da Sa&uacute;de (SES-GO).<\/strong><\/p>\n<p style=\"text-align: left;\">&nbsp;<\/p>\n<p style=\"text-align: left;\"><strong>Comunica&ccedil;&atilde;o Setorial<br \/> Secretaria de Estado de Desenvolvimento Econ&ocirc;mico, Cient&iacute;fico e Tecnol&oacute;gico e de Agricultura, Pecu&aacute;ria e Irriga&ccedil;&atilde;o (SED)<br \/> (62) 3201-5463, 3201-5487<\/strong><\/p>\n<p><\/body><\/html><\/p>\n","protected":false},"excerpt":{"rendered":"<p>Vice-governador e secret&aacute;rio de Desenvolvimento Econ&ocirc;mico, Jos&eacute; Eliton far&aacute; visita t&eacute;cnica ao Conecta SUS nesta quinta-feira (10\/09), &agrave;s 9h30&nbsp; O Programa Estadual de Inova&ccedil;&atilde;o e Tecnologia (Inova Goi&aacute;s), lan&ccedil;ado pelo governador Marconi Perillo h&aacute; uma semana, tem um eixo voltado &agrave; promo&ccedil;&atilde;o da inova&ccedil;&atilde;o nos diferentes setores econ&ocirc;micos do estado e outro destinado a modernizar [&hellip;]<\/p>\n","protected":false},"author":7,"featured_media":568,"comment_status":"closed","ping_status":"open","sticky":false,"template":"","format":"standard","meta":{"footnotes":""},"categories":[4],"tags":[],"class_list":["post-569","post","type-post","status-publish","format-standard","has-post-thumbnail","hentry","category-noticias"],"rttpg_featured_image_url":{"full":["https:\/\/goias.gov.br\/industriaecomercio\/wp-content\/uploads\/sites\/32\/2015\/09\/asd_fw1-344.png",800,541,false],"landscape":["https:\/\/goias.gov.br\/industriaecomercio\/wp-content\/uploads\/sites\/32\/2015\/09\/asd_fw1-344.png",800,541,false],"portraits":["https:\/\/goias.gov.br\/industriaecomercio\/wp-content\/uploads\/sites\/32\/2015\/09\/asd_fw1-344.png",800,541,false],"thumbnail":["https:\/\/goias.gov.br\/industriaecomercio\/wp-content\/uploads\/sites\/32\/2015\/09\/asd_fw1-344-150x150.png",150,150,true],"medium":["https:\/\/goias.gov.br\/industriaecomercio\/wp-content\/uploads\/sites\/32\/2015\/09\/asd_fw1-344-300x203.png",300,203,true],"large":["https:\/\/goias.gov.br\/industriaecomercio\/wp-content\/uploads\/sites\/32\/2015\/09\/asd_fw1-344.png",800,541,false],"1536x1536":["https:\/\/goias.gov.br\/industriaecomercio\/wp-content\/uploads\/sites\/32\/2015\/09\/asd_fw1-344.png",800,541,false],"2048x2048":["https:\/\/goias.gov.br\/industriaecomercio\/wp-content\/uploads\/sites\/32\/2015\/09\/asd_fw1-344.png",800,541,false]},"rttpg_author":{"display_name":"gustavogoncalves","author_link":"https:\/\/goias.gov.br\/industriaecomercio\/author\/gustavogoncalves\/"},"rttpg_comment":0,"rttpg_category":"<a href=\"https:\/\/goias.gov.br\/industriaecomercio\/categoria\/noticias\/\" rel=\"category tag\">Not\u00edcias<\/a>","rttpg_excerpt":"Vice-governador e secret&aacute;rio de Desenvolvimento Econ&ocirc;mico, Jos&eacute; Eliton far&aacute; visita t&eacute;cnica ao Conecta SUS nesta quinta-feira (10\/09), &agrave;s 9h30&nbsp; O Programa Estadual de Inova&ccedil;&atilde;o e Tecnologia (Inova Goi&aacute;s), lan&ccedil;ado pelo governador Marconi Perillo h&aacute; uma semana, tem um eixo voltado &agrave; promo&ccedil;&atilde;o da inova&ccedil;&atilde;o nos diferentes setores econ&ocirc;micos do estado e outro destinado a modernizar&hellip;","_links":{"self":[{"href":"https:\/\/goias.gov.br\/industriaecomercio\/wp-json\/wp\/v2\/posts\/569","targetHints":{"allow":["GET"]}}],"collection":[{"href":"https:\/\/goias.gov.br\/industriaecomercio\/wp-json\/wp\/v2\/posts"}],"about":[{"href":"https:\/\/goias.gov.br\/industriaecomercio\/wp-json\/wp\/v2\/types\/post"}],"author":[{"embeddable":true,"href":"https:\/\/goias.gov.br\/industriaecomercio\/wp-json\/wp\/v2\/users\/7"}],"replies":[{"embeddable":true,"href":"https:\/\/goias.gov.br\/industriaecomercio\/wp-json\/wp\/v2\/comments?post=569"}],"version-history":[{"count":0,"href":"https:\/\/goias.gov.br\/industriaecomercio\/wp-json\/wp\/v2\/posts\/569\/revisions"}],"wp:featuredmedia":[{"embeddable":true,"href":"https:\/\/goias.gov.br\/industriaecomercio\/wp-json\/wp\/v2\/media\/568"}],"wp:attachment":[{"href":"https:\/\/goias.gov.br\/industriaecomercio\/wp-json\/wp\/v2\/media?parent=569"}],"wp:term":[{"taxonomy":"category","embeddable":true,"href":"https:\/\/goias.gov.br\/industriaecomercio\/wp-json\/wp\/v2\/categories?post=569"},{"taxonomy":"post_tag","embeddable":true,"href":"https:\/\/goias.gov.br\/industriaecomercio\/wp-json\/wp\/v2\/tags?post=569"}],"curies":[{"name":"wp","href":"https:\/\/api.w.org\/{rel}","templated":true}]}}