

{"id":507,"date":"2015-08-20T14:08:32","date_gmt":"2015-08-20T17:08:32","guid":{"rendered":"https:\/\/siteshom.goias.gov.br\/industriaecomercio\/seguranca-alimentar-e-nutricional-e-tema-de-conferencia-estadual\/"},"modified":"2015-08-20T14:08:32","modified_gmt":"2015-08-20T17:08:32","slug":"seguranca-alimentar-e-nutricional-e-tema-de-conferencia-estadual","status":"publish","type":"post","link":"https:\/\/goias.gov.br\/industriaecomercio\/seguranca-alimentar-e-nutricional-e-tema-de-conferencia-estadual\/","title":{"rendered":"Seguran\u00e7a Alimentar e Nutricional \u00e9 tema de confer\u00eancia estadual"},"content":{"rendered":"<p><img fetchpriority=\"high\" decoding=\"async\" class=\" size-full wp-image-505\" src=\"https:\/\/goias.gov.br\/industriaecomercio\/wp-content\/uploads\/sites\/32\/2015\/08\/ilm61-f68.png\" alt=\"\" width=\"800\" height=\"800\" srcset=\"https:\/\/goias.gov.br\/industriaecomercio\/wp-content\/uploads\/sites\/32\/2015\/08\/ilm61-f68.png 800w, https:\/\/goias.gov.br\/industriaecomercio\/wp-content\/uploads\/sites\/32\/2015\/08\/ilm61-f68-300x300.png 300w, https:\/\/goias.gov.br\/industriaecomercio\/wp-content\/uploads\/sites\/32\/2015\/08\/ilm61-f68-150x150.png 150w, https:\/\/goias.gov.br\/industriaecomercio\/wp-content\/uploads\/sites\/32\/2015\/08\/ilm61-f68-768x768.png 768w\" sizes=\"(max-width: 800px) 100vw, 800px\" \/><!DOCTYPE html PUBLIC \"-\/\/W3C\/\/DTD HTML 4.0 Transitional\/\/EN\" \"http:\/\/www.w3.org\/TR\/REC-html40\/loose.dtd\"><br \/>\n<html><body><\/p>\n<p style=\"text-align: left;\" align=\"center\"><em>Secretaria de Desenvolvimento Econ&ocirc;mico apoia evento que ser&aacute; realizado entre os dias 26 a 28 de agosto&nbsp;<\/em><\/p>\n<p style=\"text-align: left;\" align=\"center\">Com apoio da Secretaria de Desenvolvimento Econ&ocirc;mico, Cient&iacute;fico e Tecnol&oacute;gico e de Agricultura, Pecu&aacute;ria e Irriga&ccedil;&atilde;o (SED), ser&aacute; realizado nos dias 26 a 28 de agosto, no Centro de Treinamento da Emater (Campus Samambaia), a 5&ordf; Confer&ecirc;ncia Estadual de Seguran&ccedil;a Alimentar e Nutricional (5&ordf; Cesan). O tema definido para o encontro &eacute;: &ldquo;Comida de verdade no campo e na cidade: por direitos e soberania alimentar&rdquo;. A abertura acontece no dia 26, &agrave;s 19h30.<\/p>\n<p style=\"text-align: left;\">A Confer&ecirc;ncia &eacute; promovida pelo Conselho Estadual de Seguran&ccedil;a Alimentar e Nutricional, composto por representantes da sociedade civil, &oacute;rg&atilde;os p&uacute;blicos, conselhos municipais de seguran&ccedil;a alimentar, entre outros. A SED tem participa&ccedil;&atilde;o no Conselho Estadual por meio da Superintend&ecirc;ncia Executiva de Agricultura, sendo representada por Nirlan Arruda de Abreu, secret&aacute;rio administrativo do Conselho Estadual.&nbsp;<\/p>\n<p style=\"text-align: left;\">Segundo Ant&ocirc;nio Fl&aacute;vio, superintendente executivo de Agricultura da SED, o principal objetivo da confer&ecirc;ncia &eacute; conseguir um envolvimento maior da sociedade nas pol&iacute;ticas de seguran&ccedil;a alimentar e nutricional. &ldquo;Existem in&uacute;meros programas voltados para essa &aacute;rea. As confer&ecirc;ncias visam proporcionar acesso dos participantes a estes programas. Buscamos a participa&ccedil;&atilde;o de jovens, das minorias, dos segmentos mais vulner&aacute;veis da sociedade&rdquo;, explica Ant&ocirc;nio Fl&aacute;vio. Segundo ele, o evento &eacute; uma troca de experi&ecirc;ncias, agregando as experi&ecirc;ncias de sucesso coletadas nas confer&ecirc;ncias municipais e regionais. &ldquo;As solu&ccedil;&otilde;es encontradas s&atilde;o levadas ao grupo&rdquo;, diz.&nbsp;<\/p>\n<p style=\"text-align: left;\">A programa&ccedil;&atilde;o da 5&ordf; Cesan inclui palestras com abordagens diversas sobre o tema central, trabalho em grupos com os delegados participantes da Confer&ecirc;ncia e a escolha dos delegados que participar&atilde;o da Confer&ecirc;ncia Nacional, que acontece em Bras&iacute;lia, de 3 a 6 de novembro.<\/p>\n<p><strong><a href=\"https:\/\/goias.gov.br\/industriaecomercio\/wp-content\/uploads\/sites\/32\/2015\/08\/arquivopdf-387.pdf\">Clique aqui&nbsp;<\/a>&nbsp;e veja a programa&ccedil;&atilde;o oficial da confer&ecirc;ncia.<\/strong><\/p>\n<p style=\"text-align: left;\"><strong>Comunica&ccedil;&atilde;o Setorial<br \/>Secretaria de Estado de Desenvolvimento Econ&ocirc;mico, Cient&iacute;fico e Tecnol&oacute;gico e de Agricultura, Pecu&aacute;ria e Irriga&ccedil;&atilde;o (SED)<br \/>(62) 3201-5463, 3201-5487<\/strong><\/p>\n<p style=\"text-align: left;\">&nbsp;<\/p>\n<p><\/body><\/html><\/p>\n","protected":false},"excerpt":{"rendered":"<p>Secretaria de Desenvolvimento Econ&ocirc;mico apoia evento que ser&aacute; realizado entre os dias 26 a 28 de agosto&nbsp; Com apoio da Secretaria de Desenvolvimento Econ&ocirc;mico, Cient&iacute;fico e Tecnol&oacute;gico e de Agricultura, Pecu&aacute;ria e Irriga&ccedil;&atilde;o (SED), ser&aacute; realizado nos dias 26 a 28 de agosto, no Centro de Treinamento da Emater (Campus Samambaia), a 5&ordf; Confer&ecirc;ncia Estadual [&hellip;]<\/p>\n","protected":false},"author":7,"featured_media":505,"comment_status":"closed","ping_status":"open","sticky":false,"template":"","format":"standard","meta":{"footnotes":""},"categories":[4],"tags":[],"class_list":["post-507","post","type-post","status-publish","format-standard","has-post-thumbnail","hentry","category-noticias"],"rttpg_featured_image_url":{"full":["https:\/\/goias.gov.br\/industriaecomercio\/wp-content\/uploads\/sites\/32\/2015\/08\/ilm61-f68.png",800,800,false],"landscape":["https:\/\/goias.gov.br\/industriaecomercio\/wp-content\/uploads\/sites\/32\/2015\/08\/ilm61-f68.png",800,800,false],"portraits":["https:\/\/goias.gov.br\/industriaecomercio\/wp-content\/uploads\/sites\/32\/2015\/08\/ilm61-f68.png",800,800,false],"thumbnail":["https:\/\/goias.gov.br\/industriaecomercio\/wp-content\/uploads\/sites\/32\/2015\/08\/ilm61-f68-150x150.png",150,150,true],"medium":["https:\/\/goias.gov.br\/industriaecomercio\/wp-content\/uploads\/sites\/32\/2015\/08\/ilm61-f68-300x300.png",300,300,true],"large":["https:\/\/goias.gov.br\/industriaecomercio\/wp-content\/uploads\/sites\/32\/2015\/08\/ilm61-f68.png",800,800,false],"1536x1536":["https:\/\/goias.gov.br\/industriaecomercio\/wp-content\/uploads\/sites\/32\/2015\/08\/ilm61-f68.png",800,800,false],"2048x2048":["https:\/\/goias.gov.br\/industriaecomercio\/wp-content\/uploads\/sites\/32\/2015\/08\/ilm61-f68.png",800,800,false]},"rttpg_author":{"display_name":"gustavogoncalves","author_link":"https:\/\/goias.gov.br\/industriaecomercio\/author\/gustavogoncalves\/"},"rttpg_comment":0,"rttpg_category":"<a href=\"https:\/\/goias.gov.br\/industriaecomercio\/categoria\/noticias\/\" rel=\"category tag\">Not\u00edcias<\/a>","rttpg_excerpt":"Secretaria de Desenvolvimento Econ&ocirc;mico apoia evento que ser&aacute; realizado entre os dias 26 a 28 de agosto&nbsp; Com apoio da Secretaria de Desenvolvimento Econ&ocirc;mico, Cient&iacute;fico e Tecnol&oacute;gico e de Agricultura, Pecu&aacute;ria e Irriga&ccedil;&atilde;o (SED), ser&aacute; realizado nos dias 26 a 28 de agosto, no Centro de Treinamento da Emater (Campus Samambaia), a 5&ordf; Confer&ecirc;ncia Estadual&hellip;","_links":{"self":[{"href":"https:\/\/goias.gov.br\/industriaecomercio\/wp-json\/wp\/v2\/posts\/507","targetHints":{"allow":["GET"]}}],"collection":[{"href":"https:\/\/goias.gov.br\/industriaecomercio\/wp-json\/wp\/v2\/posts"}],"about":[{"href":"https:\/\/goias.gov.br\/industriaecomercio\/wp-json\/wp\/v2\/types\/post"}],"author":[{"embeddable":true,"href":"https:\/\/goias.gov.br\/industriaecomercio\/wp-json\/wp\/v2\/users\/7"}],"replies":[{"embeddable":true,"href":"https:\/\/goias.gov.br\/industriaecomercio\/wp-json\/wp\/v2\/comments?post=507"}],"version-history":[{"count":0,"href":"https:\/\/goias.gov.br\/industriaecomercio\/wp-json\/wp\/v2\/posts\/507\/revisions"}],"wp:featuredmedia":[{"embeddable":true,"href":"https:\/\/goias.gov.br\/industriaecomercio\/wp-json\/wp\/v2\/media\/505"}],"wp:attachment":[{"href":"https:\/\/goias.gov.br\/industriaecomercio\/wp-json\/wp\/v2\/media?parent=507"}],"wp:term":[{"taxonomy":"category","embeddable":true,"href":"https:\/\/goias.gov.br\/industriaecomercio\/wp-json\/wp\/v2\/categories?post=507"},{"taxonomy":"post_tag","embeddable":true,"href":"https:\/\/goias.gov.br\/industriaecomercio\/wp-json\/wp\/v2\/tags?post=507"}],"curies":[{"name":"wp","href":"https:\/\/api.w.org\/{rel}","templated":true}]}}