

{"id":3855,"date":"2018-10-03T14:28:51","date_gmt":"2018-10-03T17:28:51","guid":{"rendered":"https:\/\/siteshom.goias.gov.br\/industriaecomercio\/artesoes-goianos\/"},"modified":"2018-10-03T14:28:51","modified_gmt":"2018-10-03T17:28:51","slug":"artesoes-goianos","status":"publish","type":"post","link":"https:\/\/goias.gov.br\/industriaecomercio\/artesoes-goianos\/","title":{"rendered":"Artes\u00e3os de Goi\u00e1s"},"content":{"rendered":"<h4>GALERIA<\/h4>\n<p><u>N&uacute;mero de pe&ccedil;as em exibi&ccedil;&atilde;o: 259<\/u><\/p>\n<h4>Aguinaldo Matos &#8211; Cristalina<\/h4>\n\n<h4>Alcides Oroski&nbsp;&#8211; Cristalina<\/h4>\n<div id='gallery-2' class='gallery galleryid-95 gallery-columns-3 gallery-size-thumbnail'><figure class='gallery-item'>\n\t\t\t<div class='gallery-icon landscape'>\n\t\t\t\t<a href='https:\/\/goias.gov.br\/industriaecomercio\/producao-industrial-goiana-tem-2a-maioralta-em-fevereiro\/attachment-industrializacao3-ae3\/'><img decoding=\"async\" width=\"150\" height=\"150\" src=\"https:\/\/goias.gov.br\/industriaecomercio\/wp-content\/uploads\/sites\/32\/2015\/04\/industrializacao3-ae3-150x150.jpg\" class=\"attachment-thumbnail size-thumbnail\" alt=\"\" \/><\/a>\n\t\t\t<\/div><\/figure><figure class='gallery-item'>\n\t\t\t<div class='gallery-icon landscape'>\n\t\t\t\t<a href='https:\/\/goias.gov.br\/industriaecomercio\/producao-industrial-goiana-tem-2a-maioralta-em-fevereiro\/attachment-industrializacao2-935\/'><img decoding=\"async\" width=\"150\" height=\"150\" src=\"https:\/\/goias.gov.br\/industriaecomercio\/wp-content\/uploads\/sites\/32\/2015\/04\/industrializacao2-935-150x150.jpg\" class=\"attachment-thumbnail size-thumbnail\" alt=\"\" \/><\/a>\n\t\t\t<\/div><\/figure>\n\t\t<\/div>\n\n<h4>Alda de Assis &#8211; Goi&acirc;nia<\/h4>\n\n<h4>Alex Botega &#8211; Piren&oacute;polis<\/h4>\n<div id='gallery-4' class='gallery galleryid-69 gallery-columns-3 gallery-size-thumbnail'><figure class='gallery-item'>\n\t\t\t<div class='gallery-icon landscape'>\n\t\t\t\t<a href='https:\/\/goias.gov.br\/industriaecomercio\/projeto-arte-e-inclusao-do-itego-basileu-franca-busca-ampliacao\/attachment-reuniao-arte-e-inclusao1-a44\/'><img decoding=\"async\" width=\"150\" height=\"150\" src=\"https:\/\/goias.gov.br\/industriaecomercio\/wp-content\/uploads\/sites\/32\/2015\/03\/reuniao-arte-e-inclusao1-a44-150x150.jpg\" class=\"attachment-thumbnail size-thumbnail\" alt=\"\" \/><\/a>\n\t\t\t<\/div><\/figure><figure class='gallery-item'>\n\t\t\t<div class='gallery-icon landscape'>\n\t\t\t\t<a href='https:\/\/goias.gov.br\/industriaecomercio\/projeto-arte-e-inclusao-do-itego-basileu-franca-busca-ampliacao\/attachment-reuniao-arte-e-inclusao-d68\/'><img loading=\"lazy\" decoding=\"async\" width=\"150\" height=\"150\" src=\"https:\/\/goias.gov.br\/industriaecomercio\/wp-content\/uploads\/sites\/32\/2015\/03\/reuniao-arte-e-inclusao-d68-150x150.jpg\" class=\"attachment-thumbnail size-thumbnail\" alt=\"\" \/><\/a>\n\t\t\t<\/div><\/figure>\n\t\t<\/div>\n\n<h4>Ana Dilma &#8211; Niquel&acirc;ndia<\/h4>\n\n<h4>Andrey Novais&nbsp;&#8211; Goi&acirc;nia<\/h4>\n\n<h4>Auriovane D&rsquo;&Aacute;vila &#8211; Cidade de Goi&aacute;s<\/h4>\n<div id='gallery-7' class='gallery galleryid-27 gallery-columns-3 gallery-size-thumbnail'><figure class='gallery-item'>\n\t\t\t<div class='gallery-icon landscape'>\n\t\t\t\t<a href='https:\/\/goias.gov.br\/industriaecomercio\/_governo-de-goias-atinge-97-de-cumprimento-do-plano-de-governo\/attachment-jose-eliton-goias-mais-competitivo-e-inovador-foto-wagnas-cabral-011-1eb\/'><img loading=\"lazy\" decoding=\"async\" width=\"150\" height=\"150\" src=\"https:\/\/goias.gov.br\/industriaecomercio\/wp-content\/uploads\/sites\/32\/2018\/07\/jose-eliton-goias-mais-competitivo-e-inovador-foto-wagnas-cabral-011-1eb-150x150.jpg\" class=\"attachment-thumbnail size-thumbnail\" alt=\"\" \/><\/a>\n\t\t\t<\/div><\/figure>\n\t\t<\/div>\n\n<h4>Ben&eacute; &#8211; Trindade&nbsp;<\/h4>\n<div id='gallery-8' class='gallery galleryid-60 gallery-columns-3 gallery-size-thumbnail'><figure class='gallery-item'>\n\t\t\t<div class='gallery-icon landscape'>\n\t\t\t\t<a href='https:\/\/goias.gov.br\/industriaecomercio\/programas-do-governo-de-goiasservem-de-modelo-para-outros-estados\/attachment-foto-jayr-inacio-12-aa9\/'><img loading=\"lazy\" decoding=\"async\" width=\"150\" height=\"150\" src=\"https:\/\/goias.gov.br\/industriaecomercio\/wp-content\/uploads\/sites\/32\/2015\/03\/foto-jayr-inacio-12-aa9-150x150.jpg\" class=\"attachment-thumbnail size-thumbnail\" alt=\"\" \/><\/a>\n\t\t\t<\/div><\/figure>\n\t\t<\/div>\n\n<h4>Cambota &#8211; Goi&acirc;nia<\/h4>\n\n<h4>Carlos Ant&ocirc;nio &#8211; Aparecida de Goi&acirc;nia<\/h4>\n<h4><\/h4>\n<h4>Carmelito &#8211; Aparecida de Goi&acirc;nia<\/h4>\n<h4><div id='gallery-11' class='gallery galleryid-11 gallery-columns-3 gallery-size-thumbnail'><figure class='gallery-item'>\n\t\t\t<div class='gallery-icon landscape'>\n\t\t\t\t<a href='https:\/\/goias.gov.br\/industriaecomercio\/acesso-a-informacao-sic\/imagem-1-selo_diamante-sic\/'><img loading=\"lazy\" decoding=\"async\" width=\"150\" height=\"150\" src=\"https:\/\/goias.gov.br\/industriaecomercio\/wp-content\/uploads\/sites\/32\/2018\/06\/Imagem-1-Selo_Diamante-SIC-150x150.png\" class=\"attachment-thumbnail size-thumbnail\" alt=\"\" srcset=\"https:\/\/goias.gov.br\/industriaecomercio\/wp-content\/uploads\/sites\/32\/2018\/06\/Imagem-1-Selo_Diamante-SIC-150x150.png 150w, https:\/\/goias.gov.br\/industriaecomercio\/wp-content\/uploads\/sites\/32\/2018\/06\/Imagem-1-Selo_Diamante-SIC.png 300w\" sizes=\"(max-width: 150px) 100vw, 150px\" \/><\/a>\n\t\t\t<\/div><\/figure><figure class='gallery-item'>\n\t\t\t<div class='gallery-icon landscape'>\n\t\t\t\t<a href='https:\/\/goias.gov.br\/industriaecomercio\/acesso-a-informacao-sic\/imagem-1-selo_diamante-sic-2\/'><img loading=\"lazy\" decoding=\"async\" width=\"150\" height=\"150\" src=\"https:\/\/goias.gov.br\/industriaecomercio\/wp-content\/uploads\/sites\/32\/2018\/06\/Imagem-1-Selo_Diamante-SIC-1-150x150.png\" class=\"attachment-thumbnail size-thumbnail\" alt=\"\" srcset=\"https:\/\/goias.gov.br\/industriaecomercio\/wp-content\/uploads\/sites\/32\/2018\/06\/Imagem-1-Selo_Diamante-SIC-1-150x150.png 150w, https:\/\/goias.gov.br\/industriaecomercio\/wp-content\/uploads\/sites\/32\/2018\/06\/Imagem-1-Selo_Diamante-SIC-1.png 300w\" sizes=\"(max-width: 150px) 100vw, 150px\" \/><\/a>\n\t\t\t<\/div><\/figure><figure class='gallery-item'>\n\t\t\t<div class='gallery-icon landscape'>\n\t\t\t\t<a href='https:\/\/goias.gov.br\/industriaecomercio\/acesso-a-informacao-sic\/transparencia-diamante\/'><img loading=\"lazy\" decoding=\"async\" width=\"150\" height=\"150\" src=\"https:\/\/goias.gov.br\/industriaecomercio\/wp-content\/uploads\/sites\/32\/2025\/12\/Transparencia-DIAMANTE-150x150.png\" class=\"attachment-thumbnail size-thumbnail\" alt=\"\" srcset=\"https:\/\/goias.gov.br\/industriaecomercio\/wp-content\/uploads\/sites\/32\/2025\/12\/Transparencia-DIAMANTE-150x150.png 150w, https:\/\/goias.gov.br\/industriaecomercio\/wp-content\/uploads\/sites\/32\/2025\/12\/Transparencia-DIAMANTE-300x300.png 300w, https:\/\/goias.gov.br\/industriaecomercio\/wp-content\/uploads\/sites\/32\/2025\/12\/Transparencia-DIAMANTE-1024x1024.png 1024w, https:\/\/goias.gov.br\/industriaecomercio\/wp-content\/uploads\/sites\/32\/2025\/12\/Transparencia-DIAMANTE-768x768.png 768w, https:\/\/goias.gov.br\/industriaecomercio\/wp-content\/uploads\/sites\/32\/2025\/12\/Transparencia-DIAMANTE.png 1501w\" sizes=\"(max-width: 150px) 100vw, 150px\" \/><\/a>\n\t\t\t<\/div><\/figure><figure class='gallery-item'>\n\t\t\t<div class='gallery-icon landscape'>\n\t\t\t\t<a href='https:\/\/goias.gov.br\/industriaecomercio\/acesso-a-informacao-sic\/ouvidoria-diamante\/'><img loading=\"lazy\" decoding=\"async\" width=\"150\" height=\"150\" src=\"https:\/\/goias.gov.br\/industriaecomercio\/wp-content\/uploads\/sites\/32\/2025\/12\/Ouvidoria-DIAMANTE-150x150.png\" class=\"attachment-thumbnail size-thumbnail\" alt=\"\" srcset=\"https:\/\/goias.gov.br\/industriaecomercio\/wp-content\/uploads\/sites\/32\/2025\/12\/Ouvidoria-DIAMANTE-150x150.png 150w, https:\/\/goias.gov.br\/industriaecomercio\/wp-content\/uploads\/sites\/32\/2025\/12\/Ouvidoria-DIAMANTE-300x300.png 300w, https:\/\/goias.gov.br\/industriaecomercio\/wp-content\/uploads\/sites\/32\/2025\/12\/Ouvidoria-DIAMANTE-1024x1024.png 1024w, https:\/\/goias.gov.br\/industriaecomercio\/wp-content\/uploads\/sites\/32\/2025\/12\/Ouvidoria-DIAMANTE-768x768.png 768w, https:\/\/goias.gov.br\/industriaecomercio\/wp-content\/uploads\/sites\/32\/2025\/12\/Ouvidoria-DIAMANTE.png 1501w\" sizes=\"(max-width: 150px) 100vw, 150px\" \/><\/a>\n\t\t\t<\/div><\/figure><figure class='gallery-item'>\n\t\t\t<div class='gallery-icon landscape'>\n\t\t\t\t<a href='https:\/\/goias.gov.br\/industriaecomercio\/acesso-a-informacao-sic\/etica-diamante\/'><img loading=\"lazy\" decoding=\"async\" width=\"150\" height=\"150\" src=\"https:\/\/goias.gov.br\/industriaecomercio\/wp-content\/uploads\/sites\/32\/2025\/12\/Etica-DIAMANTE-150x150.png\" class=\"attachment-thumbnail size-thumbnail\" alt=\"\" srcset=\"https:\/\/goias.gov.br\/industriaecomercio\/wp-content\/uploads\/sites\/32\/2025\/12\/Etica-DIAMANTE-150x150.png 150w, https:\/\/goias.gov.br\/industriaecomercio\/wp-content\/uploads\/sites\/32\/2025\/12\/Etica-DIAMANTE-300x300.png 300w, https:\/\/goias.gov.br\/industriaecomercio\/wp-content\/uploads\/sites\/32\/2025\/12\/Etica-DIAMANTE-1024x1024.png 1024w, https:\/\/goias.gov.br\/industriaecomercio\/wp-content\/uploads\/sites\/32\/2025\/12\/Etica-DIAMANTE-768x768.png 768w, https:\/\/goias.gov.br\/industriaecomercio\/wp-content\/uploads\/sites\/32\/2025\/12\/Etica-DIAMANTE.png 1501w\" sizes=\"(max-width: 150px) 100vw, 150px\" \/><\/a>\n\t\t\t<\/div><\/figure><figure class='gallery-item'>\n\t\t\t<div class='gallery-icon portrait'>\n\t\t\t\t<a href='https:\/\/goias.gov.br\/industriaecomercio\/acesso-a-informacao-sic\/governanca-ouro\/'><img loading=\"lazy\" decoding=\"async\" width=\"150\" height=\"150\" src=\"https:\/\/goias.gov.br\/industriaecomercio\/wp-content\/uploads\/sites\/32\/2025\/12\/Governanca-OURO-150x150.png\" class=\"attachment-thumbnail size-thumbnail\" alt=\"\" srcset=\"https:\/\/goias.gov.br\/industriaecomercio\/wp-content\/uploads\/sites\/32\/2025\/12\/Governanca-OURO-150x150.png 150w, https:\/\/goias.gov.br\/industriaecomercio\/wp-content\/uploads\/sites\/32\/2025\/12\/Governanca-OURO-300x300.png 300w, https:\/\/goias.gov.br\/industriaecomercio\/wp-content\/uploads\/sites\/32\/2025\/12\/Governanca-OURO-1024x1024.png 1024w, https:\/\/goias.gov.br\/industriaecomercio\/wp-content\/uploads\/sites\/32\/2025\/12\/Governanca-OURO-768x769.png 768w, https:\/\/goias.gov.br\/industriaecomercio\/wp-content\/uploads\/sites\/32\/2025\/12\/Governanca-OURO.png 1500w\" sizes=\"(max-width: 150px) 100vw, 150px\" \/><\/a>\n\t\t\t<\/div><\/figure>\n\t\t<\/div>\n<\/h4>\n<h4>Cec&iacute;lia Landi &#8211; Goi&acirc;nia<\/h4>\n<h4><\/h4>\n<h4>Clezi&acirc;nia Ribeiro &#8211; Alex&acirc;nia<\/h4>\n<h4><\/h4>\n<h4>Crispino Bruno &#8211; Aparecida de Goi&acirc;nia<\/h4>\n<h4><\/h4>\n<h4>Cristina Gale&atilde;o &#8211; Piren&oacute;polis<\/h4>\n\n<h4>Dantas &#8211; Aparecida de Goi&acirc;nia<\/h4>\n\n<h4>Ebe Lima &#8211; Cidade de Goi&aacute;s<\/h4>\n\n<h4>&Eacute;lcio Pereira &#8211; Niquel&acirc;ndia<\/h4>\n\n<h4>Ernesto Ant&ocirc;nio &#8211; Goi&acirc;nia<\/h4>\n<h4><\/h4>\n<h4>Fatinha &#8211; Olhos D&#39;&Aacute;gua<\/h4>\n\n<h4>Gabriel Machado &#8211; Goianira<\/h4>\n<div id='gallery-21' class='gallery galleryid-57 gallery-columns-3 gallery-size-thumbnail'><figure class='gallery-item'>\n\t\t\t<div class='gallery-icon landscape'>\n\t\t\t\t<a href='https:\/\/goias.gov.br\/industriaecomercio\/ceramicas-de-carlos-antonio-seraoexpostas-no-palacio-pedro-ludovico-teixeira\/attachment-artesao-carlos-antonio2-5ee\/'><img loading=\"lazy\" decoding=\"async\" width=\"150\" height=\"150\" src=\"https:\/\/goias.gov.br\/industriaecomercio\/wp-content\/uploads\/sites\/32\/2015\/03\/artesao-carlos-antonio2-5ee-150x150.jpg\" class=\"attachment-thumbnail size-thumbnail\" alt=\"\" \/><\/a>\n\t\t\t<\/div><\/figure>\n\t\t<\/div>\n\n<h4>Hilda Freire &#8211; Olhos D&#39;&Aacute;gua<\/h4>\n<h4><div id='gallery-22' class='gallery galleryid-16 gallery-columns-3 gallery-size-thumbnail'><figure class='gallery-item'>\n\t\t\t<div class='gallery-icon portrait'>\n\t\t\t\t<a href='https:\/\/goias.gov.br\/industriaecomercio\/caderno-de-indicadores-de-goias\/attachment-publicacao-0ae\/'><img loading=\"lazy\" decoding=\"async\" width=\"137\" height=\"150\" src=\"https:\/\/goias.gov.br\/industriaecomercio\/wp-content\/uploads\/sites\/32\/2018\/07\/publicacao-0ae-137x150.jpg\" class=\"attachment-thumbnail size-thumbnail\" alt=\"\" \/><\/a>\n\t\t\t<\/div><\/figure>\n\t\t<\/div>\n<\/h4>\n<h4>Ivanilde Reis &#8211; Alex&acirc;nia<\/h4>\n<h4><div id='gallery-23' class='gallery galleryid-29 gallery-columns-3 gallery-size-thumbnail'><figure class='gallery-item'>\n\t\t\t<div class='gallery-icon landscape'>\n\t\t\t\t<a href='https:\/\/goias.gov.br\/industriaecomercio\/exportacoes-goianas-batem-recorde\/attachment-img_2158-12-18c\/'><img loading=\"lazy\" decoding=\"async\" width=\"150\" height=\"150\" src=\"https:\/\/goias.gov.br\/industriaecomercio\/wp-content\/uploads\/sites\/32\/2018\/07\/img_2158-12-18c-150x150.jpg\" class=\"attachment-thumbnail size-thumbnail\" alt=\"\" \/><\/a>\n\t\t\t<\/div><\/figure>\n\t\t<\/div>\n<\/h4>\n<h4>Jade Mundin&nbsp; &#8211; Cristalina<\/h4>\n\n<h4>Ju&atilde;o de Fibra &#8211; Novo Gama<\/h4>\n\n<h4>Jucivaldo Dias &#8211; Luzi&acirc;nia<\/h4>\n<div id='gallery-26' class='gallery galleryid-97 gallery-columns-3 gallery-size-thumbnail'><figure class='gallery-item'>\n\t\t\t<div class='gallery-icon portrait'>\n\t\t\t\t<a href='https:\/\/goias.gov.br\/industriaecomercio\/balanca-comercial-saldo-de-marcoatinge-uss-255-milhoes\/attachment-divulgacao-da-balanca-comercial-marco-2015_-credito-jayr-inacio-11-293\/'><img loading=\"lazy\" decoding=\"async\" width=\"150\" height=\"150\" src=\"https:\/\/goias.gov.br\/industriaecomercio\/wp-content\/uploads\/sites\/32\/2015\/04\/divulgacao-da-balanca-comercial-marco-2015_-credito-jayr-inacio-11-293-150x150.jpg\" class=\"attachment-thumbnail size-thumbnail\" alt=\"\" \/><\/a>\n\t\t\t<\/div><\/figure>\n\t\t<\/div>\n\n<h4>J&uacute;lio Gomes &#8211; Goian&aacute;polis<\/h4>\n\n<h4>Keyllon &#8211; Aruan&atilde;<\/h4>\n\n<h4>Louren&ccedil;o Menezes &#8211; Goi&acirc;nia<\/h4>\n<h4><\/h4>\n<h4>Luc&eacute;lio Braz &#8211; Cristalina<\/h4>\n<div id='gallery-30' class='gallery galleryid-92 gallery-columns-3 gallery-size-thumbnail'><figure class='gallery-item'>\n\t\t\t<div class='gallery-icon landscape'>\n\t\t\t\t<a href='https:\/\/goias.gov.br\/industriaecomercio\/sed-reafirma-apoio-aos-produtoresgoianos\/attachment-governador-em-exercicio-jose-eliton-participou-do-i-encontro-producao-segura-de-hortifruti-de-goias-na-ceasa\/'><img loading=\"lazy\" decoding=\"async\" width=\"150\" height=\"150\" src=\"https:\/\/goias.gov.br\/industriaecomercio\/wp-content\/uploads\/sites\/32\/2015\/04\/reuniao-ceasa_-credito-jayr-inacio-22-3e0-150x150.jpg\" class=\"attachment-thumbnail size-thumbnail\" alt=\"Governador em exerc\u00edcio, Jos\u00e9 Eliton participou do I Encontro Produ\u00e7\u00e3o Segura de Hortifr\u00fati de Goi\u00e1s, na Ceasa\" \/><\/a>\n\t\t\t<\/div><\/figure>\n\t\t<\/div>\n\n<h4>Luiza Pessoa &#8211; Cidade de Goi&aacute;s<\/h4>\n<h4><\/h4>\n<h4>Maicon Soares &#8211; Aparecida de Goi&acirc;nia<\/h4>\n\n<h4>M&aacute;rcio Fleuri &#8211; Goi&acirc;nia<\/h4>\n\n<h4>Marisa Pacheco &#8211; Piren&oacute;polis<\/h4>\n\n<h4>Nabila Kamel &#8211; Cristalina<\/h4>\n\n<h4>Neusa Biacchi &#8211; Cristalina<\/h4>\n<div id='gallery-36' class='gallery galleryid-89 gallery-columns-3 gallery-size-thumbnail'><figure class='gallery-item'>\n\t\t\t<div class='gallery-icon landscape'>\n\t\t\t\t<a href='https:\/\/goias.gov.br\/industriaecomercio\/colegio-tecnologico-de-itapuranga-sera-inaugurado-nesta-quarta-feira\/attachment-logo-cotec-azul1-1f0\/'><img loading=\"lazy\" decoding=\"async\" width=\"150\" height=\"150\" src=\"https:\/\/goias.gov.br\/industriaecomercio\/wp-content\/uploads\/sites\/32\/2015\/04\/logo-cotec-azul1-1f0-150x150.jpg\" class=\"attachment-thumbnail size-thumbnail\" alt=\"\" \/><\/a>\n\t\t\t<\/div><\/figure>\n\t\t<\/div>\n\n<h4>Nico Miranda &#8211; Jata&iacute;<\/h4>\n\n<h4>Norma Caiado &#8211; Cidade de Goi&aacute;s<\/h4>\n\n<h4>Paulo C&eacute;sar Prado &#8211; Cristalina<\/h4>\n<div id='gallery-39' class='gallery galleryid-84 gallery-columns-3 gallery-size-thumbnail'><figure class='gallery-item'>\n\t\t\t<div class='gallery-icon landscape'>\n\t\t\t\t<a href='https:\/\/goias.gov.br\/industriaecomercio\/governador-em-exercicio-vistoria-obras-do-novo-aeroporto-de-goiania\/attachment-vistoria-as-obras-do-novo-aeroporto_-credito-andre-saddi-4-497\/'><img loading=\"lazy\" decoding=\"async\" width=\"150\" height=\"150\" src=\"https:\/\/goias.gov.br\/industriaecomercio\/wp-content\/uploads\/sites\/32\/2015\/04\/vistoria-as-obras-do-novo-aeroporto_-credito-andre-saddi-4-497-150x150.jpg\" class=\"attachment-thumbnail size-thumbnail\" alt=\"\" \/><\/a>\n\t\t\t<\/div><\/figure>\n\t\t<\/div>\n\n<h4>Raquel Lobo &#8211; Goi&acirc;nia<\/h4>\n<div id='gallery-40' class='gallery galleryid-33 gallery-columns-3 gallery-size-thumbnail'><figure class='gallery-item'>\n\t\t\t<div class='gallery-icon landscape'>\n\t\t\t\t<a href='https:\/\/goias.gov.br\/industriaecomercio\/investimentos-representantes-da-embaixada-dos-eua-visitam-goias\/attachment-reuniao-com-integrantes-da-embaixada-dos-eua_-credito-jayr-inacio-11-638\/'><img loading=\"lazy\" decoding=\"async\" width=\"150\" height=\"150\" src=\"https:\/\/goias.gov.br\/industriaecomercio\/wp-content\/uploads\/sites\/32\/2015\/04\/reuniao-com-integrantes-da-embaixada-dos-eua_-credito-jayr-inacio-11-638-150x150.jpg\" class=\"attachment-thumbnail size-thumbnail\" alt=\"\" \/><\/a>\n\t\t\t<\/div><\/figure><figure class='gallery-item'>\n\t\t\t<div class='gallery-icon landscape'>\n\t\t\t\t<a href='https:\/\/goias.gov.br\/industriaecomercio\/investimentos-representantes-da-embaixada-dos-eua-visitam-goias\/attachment-reuniao-com-integrantes-da-embaixada-dos-eua_-credito-jayr-inacio-1-ceb\/'><img loading=\"lazy\" decoding=\"async\" width=\"150\" height=\"150\" src=\"https:\/\/goias.gov.br\/industriaecomercio\/wp-content\/uploads\/sites\/32\/2015\/04\/reuniao-com-integrantes-da-embaixada-dos-eua_-credito-jayr-inacio-1-ceb-150x150.jpg\" class=\"attachment-thumbnail size-thumbnail\" alt=\"\" \/><\/a>\n\t\t\t<\/div><\/figure>\n\t\t<\/div>\n\n<h4>Reinaldo Alves &#8211; Goi&acirc;nia<\/h4>\n\n<h4>Sebasti&atilde;o Louren&ccedil;o &#8211; Olhos D&#39;&Aacute;gua<\/h4>\n\n<h4>Sherol Vinhas &#8211; Goi&acirc;nia<\/h4>\n\n<h4>Souto &#8211; Cristalina<\/h4>\n<div id='gallery-44' class='gallery galleryid-87 gallery-columns-3 gallery-size-thumbnail'><figure class='gallery-item'>\n\t\t\t<div class='gallery-icon landscape'>\n\t\t\t\t<a href='https:\/\/goias.gov.br\/industriaecomercio\/jose-eliton-abre-workshopde-apresentacao-da-plataforma-itec\/attachment-lancamento-projeto-itec_-credito-jota-euripedes-13-89d\/'><img loading=\"lazy\" decoding=\"async\" width=\"150\" height=\"150\" src=\"https:\/\/goias.gov.br\/industriaecomercio\/wp-content\/uploads\/sites\/32\/2015\/04\/lancamento-projeto-itec_-credito-jota-euripedes-13-89d-150x150.jpg\" class=\"attachment-thumbnail size-thumbnail\" alt=\"\" \/><\/a>\n\t\t\t<\/div><\/figure><figure class='gallery-item'>\n\t\t\t<div class='gallery-icon landscape'>\n\t\t\t\t<a href='https:\/\/goias.gov.br\/industriaecomercio\/jose-eliton-abre-workshopde-apresentacao-da-plataforma-itec\/attachment-lancamento-projeto-itec_-credito-jota-euripedes-12-b4b\/'><img loading=\"lazy\" decoding=\"async\" width=\"150\" height=\"150\" src=\"https:\/\/goias.gov.br\/industriaecomercio\/wp-content\/uploads\/sites\/32\/2015\/04\/lancamento-projeto-itec_-credito-jota-euripedes-12-b4b-150x150.jpg\" class=\"attachment-thumbnail size-thumbnail\" alt=\"\" \/><\/a>\n\t\t\t<\/div><\/figure>\n\t\t<\/div>\n\n<h4>Suzana Dourado &#8211; Goi&acirc;nia<\/h4>\n<div id='gallery-45' class='gallery galleryid-48 gallery-columns-3 gallery-size-thumbnail'><figure class='gallery-item'>\n\t\t\t<div class='gallery-icon landscape'>\n\t\t\t\t<a href='https:\/\/goias.gov.br\/industriaecomercio\/jose-eliton-agropecuaria-e-o-grande-motor-da-economia-goiana\/attachment-vice-governador-visita-exposicao-agropecuaria_-credito-wildes-barbosa-11-777\/'><img loading=\"lazy\" decoding=\"async\" width=\"150\" height=\"150\" src=\"https:\/\/goias.gov.br\/industriaecomercio\/wp-content\/uploads\/sites\/32\/2015\/05\/vice-governador-visita-exposicao-agropecuaria_-credito-wildes-barbosa-11-777-150x150.jpg\" class=\"attachment-thumbnail size-thumbnail\" alt=\"\" \/><\/a>\n\t\t\t<\/div><\/figure><figure class='gallery-item'>\n\t\t\t<div class='gallery-icon landscape'>\n\t\t\t\t<a href='https:\/\/goias.gov.br\/industriaecomercio\/jose-eliton-agropecuaria-e-o-grande-motor-da-economia-goiana\/attachment-vice-governador-visita-exposicao-agropecuaria_-credito-wildes-barbosa-1-3aa\/'><img loading=\"lazy\" decoding=\"async\" width=\"150\" height=\"150\" src=\"https:\/\/goias.gov.br\/industriaecomercio\/wp-content\/uploads\/sites\/32\/2015\/05\/vice-governador-visita-exposicao-agropecuaria_-credito-wildes-barbosa-1-3aa-150x150.jpg\" class=\"attachment-thumbnail size-thumbnail\" alt=\"\" \/><\/a>\n\t\t\t<\/div><\/figure>\n\t\t<\/div>\n\n<h4>T&acirc;nia Biacchi &#8211; Cristalina<\/h4>\n\n<h4>Tuka &#8211; Aparecida de Goi&acirc;nia<\/h4>\n\n<h4>Valmir Neves &#8211; Aparecida de Goi&acirc;nia<\/h4>\n<h4><\/h4>\n<h4>Valdetar Wolschich &#8211; Cristalina<\/h4>\n\n<h4>Waldira Maria &#8211; Olhos D&#39;&Aacute;gua<\/h4>\n<h4><div id='gallery-50' class='gallery galleryid-22 gallery-columns-3 gallery-size-thumbnail'><figure class='gallery-item'>\n\t\t\t<div class='gallery-icon landscape'>\n\t\t\t\t<a href='https:\/\/goias.gov.br\/industriaecomercio\/estrutura-organizacional\/attachment-20230901_organograma-584\/'><img loading=\"lazy\" decoding=\"async\" width=\"150\" height=\"150\" src=\"https:\/\/goias.gov.br\/industriaecomercio\/wp-content\/uploads\/sites\/32\/2018\/07\/20230901_ORGANOGRAMA-584-150x150.jpg\" class=\"attachment-thumbnail size-thumbnail\" alt=\"\" \/><\/a>\n\t\t\t<\/div><\/figure><figure class='gallery-item'>\n\t\t\t<div class='gallery-icon landscape'>\n\t\t\t\t<a href='https:\/\/goias.gov.br\/industriaecomercio\/estrutura-organizacional\/organograma-sic-img\/'><img loading=\"lazy\" decoding=\"async\" width=\"150\" height=\"117\" src=\"https:\/\/goias.gov.br\/industriaecomercio\/wp-content\/uploads\/sites\/32\/2018\/07\/Organograma-SIC-img.jpg\" class=\"attachment-thumbnail size-thumbnail\" alt=\"\" \/><\/a>\n\t\t\t<\/div><\/figure><figure class='gallery-item'>\n\t\t\t<div class='gallery-icon landscape'>\n\t\t\t\t<a href='https:\/\/goias.gov.br\/industriaecomercio\/estrutura-organizacional\/organograma-sic-3\/'><img loading=\"lazy\" decoding=\"async\" width=\"150\" height=\"106\" src=\"https:\/\/goias.gov.br\/industriaecomercio\/wp-content\/uploads\/sites\/32\/2018\/07\/ORGANOGRAMA-SIC.jpg\" class=\"attachment-thumbnail size-thumbnail\" alt=\"\" \/><\/a>\n\t\t\t<\/div><\/figure><figure class='gallery-item'>\n\t\t\t<div class='gallery-icon landscape'>\n\t\t\t\t<a href='https:\/\/goias.gov.br\/industriaecomercio\/estrutura-organizacional\/organograma-sic-2025_20250212_144912_0000\/'><img loading=\"lazy\" decoding=\"async\" width=\"150\" height=\"150\" src=\"https:\/\/goias.gov.br\/industriaecomercio\/wp-content\/uploads\/sites\/32\/2018\/07\/Organograma-SIC-2025_20250212_144912_0000-150x150.jpg\" class=\"attachment-thumbnail size-thumbnail\" alt=\"\" \/><\/a>\n\t\t\t<\/div><\/figure><figure class='gallery-item'>\n\t\t\t<div class='gallery-icon landscape'>\n\t\t\t\t<a href='https:\/\/goias.gov.br\/industriaecomercio\/estrutura-organizacional\/organograma-industriaecomercio-2025-1024x724\/'><img loading=\"lazy\" decoding=\"async\" width=\"150\" height=\"150\" src=\"https:\/\/goias.gov.br\/industriaecomercio\/wp-content\/uploads\/sites\/32\/2018\/07\/organograma-industriaecomercio-2025-1024x724-1-150x150.jpg\" class=\"attachment-thumbnail size-thumbnail\" alt=\"\" \/><\/a>\n\t\t\t<\/div><\/figure>\n\t\t<\/div>\n<\/h4>\n<h4>Zakeu Vitor &#8211; Cidade Ocidental<\/h4>\n\n<h4>Z&eacute; Cidad&atilde;o &#8211; Silv&acirc;nia<\/h4>\n<h4><\/h4>\n<p>&nbsp;<\/p>\n<h2><strong><em>In memorian<\/em><\/strong><\/h2>\n<h4>D&atilde;o &#8211; Formosa<\/h4>\n<div id='gallery-53' class='gallery galleryid-55 gallery-columns-3 gallery-size-thumbnail'><figure class='gallery-item'>\n\t\t\t<div class='gallery-icon landscape'>\n\t\t\t\t<a href='https:\/\/goias.gov.br\/industriaecomercio\/parcerias-entre-sed-e-sebrae-go-saodiscutidas-em-reuniao\/attachment-reuniao-com-superintendente-do-sebrae_-credito-jayr-inacio-12-3c3\/'><img loading=\"lazy\" decoding=\"async\" width=\"150\" height=\"150\" src=\"https:\/\/goias.gov.br\/industriaecomercio\/wp-content\/uploads\/sites\/32\/2015\/03\/reuniao-com-superintendente-do-sebrae_-credito-jayr-inacio-12-3c3-150x150.jpg\" class=\"attachment-thumbnail size-thumbnail\" alt=\"\" \/><\/a>\n\t\t\t<\/div><\/figure>\n\t\t<\/div>\n\n<h4>Mercedes Montero &#8211; Piren&oacute;polis<\/h4>\n\n<p>Fonte: Coordena&ccedil;&atilde;o PAB\/GO,Dezembro, 2018<\/p>\n","protected":false},"excerpt":{"rendered":"<p>GALERIA N&uacute;mero de pe&ccedil;as em exibi&ccedil;&atilde;o: 259 Aguinaldo Matos &#8211; Cristalina Alcides Oroski&nbsp;&#8211; Cristalina Alda de Assis &#8211; Goi&acirc;nia Alex Botega &#8211; Piren&oacute;polis Ana Dilma &#8211; Niquel&acirc;ndia Andrey Novais&nbsp;&#8211; Goi&acirc;nia Auriovane D&rsquo;&Aacute;vila &#8211; Cidade de Goi&aacute;s Ben&eacute; &#8211; Trindade&nbsp; Cambota &#8211; Goi&acirc;nia Carlos Ant&ocirc;nio &#8211; Aparecida de Goi&acirc;nia Carmelito &#8211; Aparecida de Goi&acirc;nia Cec&iacute;lia Landi [&hellip;]<\/p>\n","protected":false},"author":7,"featured_media":0,"comment_status":"closed","ping_status":"open","sticky":false,"template":"","format":"standard","meta":{"footnotes":""},"categories":[14],"tags":[],"class_list":["post-3855","post","type-post","status-publish","format-standard","hentry","category-economia-criativa-e-solidaria"],"rttpg_featured_image_url":null,"rttpg_author":{"display_name":"gustavogoncalves","author_link":"https:\/\/goias.gov.br\/industriaecomercio\/author\/gustavogoncalves\/"},"rttpg_comment":0,"rttpg_category":"<a href=\"https:\/\/goias.gov.br\/industriaecomercio\/categoria\/area-de-atuacao\/economia-criativa-e-solidaria\/\" rel=\"category tag\">Neg\u00f3cios de Impacto Social<\/a>","rttpg_excerpt":"GALERIA N&uacute;mero de pe&ccedil;as em exibi&ccedil;&atilde;o: 259 Aguinaldo Matos &#8211; Cristalina Alcides Oroski&nbsp;&#8211; Cristalina Alda de Assis &#8211; Goi&acirc;nia Alex Botega &#8211; Piren&oacute;polis Ana Dilma &#8211; Niquel&acirc;ndia Andrey Novais&nbsp;&#8211; Goi&acirc;nia Auriovane D&rsquo;&Aacute;vila &#8211; Cidade de Goi&aacute;s Ben&eacute; &#8211; Trindade&nbsp; Cambota &#8211; Goi&acirc;nia Carlos Ant&ocirc;nio &#8211; Aparecida de Goi&acirc;nia Carmelito &#8211; Aparecida de Goi&acirc;nia Cec&iacute;lia Landi&hellip;","_links":{"self":[{"href":"https:\/\/goias.gov.br\/industriaecomercio\/wp-json\/wp\/v2\/posts\/3855","targetHints":{"allow":["GET"]}}],"collection":[{"href":"https:\/\/goias.gov.br\/industriaecomercio\/wp-json\/wp\/v2\/posts"}],"about":[{"href":"https:\/\/goias.gov.br\/industriaecomercio\/wp-json\/wp\/v2\/types\/post"}],"author":[{"embeddable":true,"href":"https:\/\/goias.gov.br\/industriaecomercio\/wp-json\/wp\/v2\/users\/7"}],"replies":[{"embeddable":true,"href":"https:\/\/goias.gov.br\/industriaecomercio\/wp-json\/wp\/v2\/comments?post=3855"}],"version-history":[{"count":0,"href":"https:\/\/goias.gov.br\/industriaecomercio\/wp-json\/wp\/v2\/posts\/3855\/revisions"}],"wp:attachment":[{"href":"https:\/\/goias.gov.br\/industriaecomercio\/wp-json\/wp\/v2\/media?parent=3855"}],"wp:term":[{"taxonomy":"category","embeddable":true,"href":"https:\/\/goias.gov.br\/industriaecomercio\/wp-json\/wp\/v2\/categories?post=3855"},{"taxonomy":"post_tag","embeddable":true,"href":"https:\/\/goias.gov.br\/industriaecomercio\/wp-json\/wp\/v2\/tags?post=3855"}],"curies":[{"name":"wp","href":"https:\/\/api.w.org\/{rel}","templated":true}]}}