

{"id":304,"date":"2015-06-08T12:06:37","date_gmt":"2015-06-08T15:06:37","guid":{"rendered":"https:\/\/siteshom.goias.gov.br\/industriaecomercio\/sed-tera-calendario-de-reunioes-com\/"},"modified":"2015-06-08T12:06:37","modified_gmt":"2015-06-08T15:06:37","slug":"sed-tera-calendario-de-reunioes-com","status":"publish","type":"post","link":"https:\/\/goias.gov.br\/industriaecomercio\/sed-tera-calendario-de-reunioes-com\/","title":{"rendered":"SED ter\u00e1 calend\u00e1rio de reuni\u00f5es com entidades e associa\u00e7\u00f5es"},"content":{"rendered":"<p><img fetchpriority=\"high\" decoding=\"async\" class=\" size-full wp-image-303\" src=\"https:\/\/goias.gov.br\/industriaecomercio\/wp-content\/uploads\/sites\/32\/2015\/06\/reuniao-com-representantes-da-facieg_-credito-jota-euripedes1-a89-scaled.jpg\" alt=\"\" width=\"2560\" height=\"1280\" srcset=\"https:\/\/goias.gov.br\/industriaecomercio\/wp-content\/uploads\/sites\/32\/2015\/06\/reuniao-com-representantes-da-facieg_-credito-jota-euripedes1-a89-scaled.jpg 2560w, https:\/\/goias.gov.br\/industriaecomercio\/wp-content\/uploads\/sites\/32\/2015\/06\/reuniao-com-representantes-da-facieg_-credito-jota-euripedes1-a89-300x150.jpg 300w, https:\/\/goias.gov.br\/industriaecomercio\/wp-content\/uploads\/sites\/32\/2015\/06\/reuniao-com-representantes-da-facieg_-credito-jota-euripedes1-a89-1024x512.jpg 1024w, https:\/\/goias.gov.br\/industriaecomercio\/wp-content\/uploads\/sites\/32\/2015\/06\/reuniao-com-representantes-da-facieg_-credito-jota-euripedes1-a89-768x384.jpg 768w, https:\/\/goias.gov.br\/industriaecomercio\/wp-content\/uploads\/sites\/32\/2015\/06\/reuniao-com-representantes-da-facieg_-credito-jota-euripedes1-a89-1536x768.jpg 1536w, https:\/\/goias.gov.br\/industriaecomercio\/wp-content\/uploads\/sites\/32\/2015\/06\/reuniao-com-representantes-da-facieg_-credito-jota-euripedes1-a89-2048x1024.jpg 2048w\" sizes=\"(max-width: 2560px) 100vw, 2560px\" \/><!DOCTYPE html PUBLIC \"-\/\/W3C\/\/DTD HTML 4.0 Transitional\/\/EN\" \"http:\/\/www.w3.org\/TR\/REC-html40\/loose.dtd\"><br \/>\n<html><body><\/p>\n<p style=\"text-align: left;\" align=\"center\"><em>Vice-governador Jos&eacute; Eliton foi elogiado por manter dialogo aberto com setores que fomentam desenvolvimento da economia goiana<\/em><\/p>\n<p style=\"text-align: left;\">A Secretaria de Estado de Desenvolvimento Econ&ocirc;mico, Cient&iacute;fico e Tecnol&oacute;gico e de Agricultura, Pecu&aacute;ria e Irriga&ccedil;&atilde;o (SED) ter&aacute; um calend&aacute;rio permanente para reuni&otilde;es sistem&aacute;ticas com as mais diversas entidades. O objetivo &eacute; discutir estrat&eacute;gias em comum, projetos e pol&iacute;ticas p&uacute;blicas e acompanhar o andamento de demandas importantes apresentadas pelos mais diversos setores que fomentam a economia do estado de Goi&aacute;s.<\/p>\n<p style=\"text-align: left;\">A informa&ccedil;&atilde;o foi repassada nesta segunda-feira (08\/06) pelo vice-governador e titular da SED, Jos&eacute; Eliton, a diretores e representantes da Federa&ccedil;&atilde;o das Associa&ccedil;&otilde;es Comerciais, Industriais e Agropecu&aacute;rias do Estado de Goi&aacute;s (Facieg), que representa, aproximadamente, 80 associa&ccedil;&otilde;es.<\/p>\n<p style=\"text-align: left;\">&ldquo;Esse calend&aacute;rio &eacute; extremamente importante para atender aos anseios e pleitos das associa&ccedil;&otilde;es em todos os munic&iacute;pios&rdquo;, comemorou o presidente da Facieg, Ubiratan da Silva Lopes, que em seguida parabenizou o vice-governador pela iniciativa de se reunir e manter di&aacute;logo aberto e frequente com as entidades.<\/p>\n<p style=\"text-align: left;\">&ldquo;As associa&ccedil;&otilde;es comerciais tem um norte: que &eacute; colaborar ostensivamente na promo&ccedil;&atilde;o do desenvolvimento de Goi&aacute;s. Por isso o governo pode contar com nosso apoio neste intuito&rdquo;, refor&ccedil;ou o presidente da Facieg.<\/p>\n<p style=\"text-align: left;\"><strong>Fotos: Jota Eur&iacute;pedes<\/strong><\/p>\n<p style=\"text-align: left;\"><strong>Comunica&ccedil;&atilde;o Setorial<br \/> Secretaria de Estado de Desenvolvimento Econ&ocirc;mico, Cient&iacute;fico e Tecnol&oacute;gico e de Agricultura, Pecu&aacute;ria e Irriga&ccedil;&atilde;o (SED)<br \/> (62) 3201-5463, 3201-5487<\/strong><\/p>\n<p><\/body><\/html><\/p>\n","protected":false},"excerpt":{"rendered":"<p>Vice-governador Jos&eacute; Eliton foi elogiado por manter dialogo aberto com setores que fomentam desenvolvimento da economia goiana A Secretaria de Estado de Desenvolvimento Econ&ocirc;mico, Cient&iacute;fico e Tecnol&oacute;gico e de Agricultura, Pecu&aacute;ria e Irriga&ccedil;&atilde;o (SED) ter&aacute; um calend&aacute;rio permanente para reuni&otilde;es sistem&aacute;ticas com as mais diversas entidades. O objetivo &eacute; discutir estrat&eacute;gias em comum, projetos e [&hellip;]<\/p>\n","protected":false},"author":7,"featured_media":303,"comment_status":"closed","ping_status":"open","sticky":false,"template":"","format":"standard","meta":{"footnotes":""},"categories":[4],"tags":[],"class_list":["post-304","post","type-post","status-publish","format-standard","has-post-thumbnail","hentry","category-noticias"],"rttpg_featured_image_url":{"full":["https:\/\/goias.gov.br\/industriaecomercio\/wp-content\/uploads\/sites\/32\/2015\/06\/reuniao-com-representantes-da-facieg_-credito-jota-euripedes1-a89-scaled.jpg",2560,1280,false],"landscape":["https:\/\/goias.gov.br\/industriaecomercio\/wp-content\/uploads\/sites\/32\/2015\/06\/reuniao-com-representantes-da-facieg_-credito-jota-euripedes1-a89-scaled.jpg",2560,1280,false],"portraits":["https:\/\/goias.gov.br\/industriaecomercio\/wp-content\/uploads\/sites\/32\/2015\/06\/reuniao-com-representantes-da-facieg_-credito-jota-euripedes1-a89-scaled.jpg",2560,1280,false],"thumbnail":["https:\/\/goias.gov.br\/industriaecomercio\/wp-content\/uploads\/sites\/32\/2015\/06\/reuniao-com-representantes-da-facieg_-credito-jota-euripedes1-a89-150x150.jpg",150,150,true],"medium":["https:\/\/goias.gov.br\/industriaecomercio\/wp-content\/uploads\/sites\/32\/2015\/06\/reuniao-com-representantes-da-facieg_-credito-jota-euripedes1-a89-300x150.jpg",300,150,true],"large":["https:\/\/goias.gov.br\/industriaecomercio\/wp-content\/uploads\/sites\/32\/2015\/06\/reuniao-com-representantes-da-facieg_-credito-jota-euripedes1-a89-1024x512.jpg",1024,512,true],"1536x1536":["https:\/\/goias.gov.br\/industriaecomercio\/wp-content\/uploads\/sites\/32\/2015\/06\/reuniao-com-representantes-da-facieg_-credito-jota-euripedes1-a89-1536x768.jpg",1536,768,true],"2048x2048":["https:\/\/goias.gov.br\/industriaecomercio\/wp-content\/uploads\/sites\/32\/2015\/06\/reuniao-com-representantes-da-facieg_-credito-jota-euripedes1-a89-2048x1024.jpg",2048,1024,true]},"rttpg_author":{"display_name":"gustavogoncalves","author_link":"https:\/\/goias.gov.br\/industriaecomercio\/author\/gustavogoncalves\/"},"rttpg_comment":0,"rttpg_category":"<a href=\"https:\/\/goias.gov.br\/industriaecomercio\/categoria\/noticias\/\" rel=\"category tag\">Not\u00edcias<\/a>","rttpg_excerpt":"Vice-governador Jos&eacute; Eliton foi elogiado por manter dialogo aberto com setores que fomentam desenvolvimento da economia goiana A Secretaria de Estado de Desenvolvimento Econ&ocirc;mico, Cient&iacute;fico e Tecnol&oacute;gico e de Agricultura, Pecu&aacute;ria e Irriga&ccedil;&atilde;o (SED) ter&aacute; um calend&aacute;rio permanente para reuni&otilde;es sistem&aacute;ticas com as mais diversas entidades. O objetivo &eacute; discutir estrat&eacute;gias em comum, projetos e&hellip;","_links":{"self":[{"href":"https:\/\/goias.gov.br\/industriaecomercio\/wp-json\/wp\/v2\/posts\/304","targetHints":{"allow":["GET"]}}],"collection":[{"href":"https:\/\/goias.gov.br\/industriaecomercio\/wp-json\/wp\/v2\/posts"}],"about":[{"href":"https:\/\/goias.gov.br\/industriaecomercio\/wp-json\/wp\/v2\/types\/post"}],"author":[{"embeddable":true,"href":"https:\/\/goias.gov.br\/industriaecomercio\/wp-json\/wp\/v2\/users\/7"}],"replies":[{"embeddable":true,"href":"https:\/\/goias.gov.br\/industriaecomercio\/wp-json\/wp\/v2\/comments?post=304"}],"version-history":[{"count":0,"href":"https:\/\/goias.gov.br\/industriaecomercio\/wp-json\/wp\/v2\/posts\/304\/revisions"}],"wp:featuredmedia":[{"embeddable":true,"href":"https:\/\/goias.gov.br\/industriaecomercio\/wp-json\/wp\/v2\/media\/303"}],"wp:attachment":[{"href":"https:\/\/goias.gov.br\/industriaecomercio\/wp-json\/wp\/v2\/media?parent=304"}],"wp:term":[{"taxonomy":"category","embeddable":true,"href":"https:\/\/goias.gov.br\/industriaecomercio\/wp-json\/wp\/v2\/categories?post=304"},{"taxonomy":"post_tag","embeddable":true,"href":"https:\/\/goias.gov.br\/industriaecomercio\/wp-json\/wp\/v2\/tags?post=304"}],"curies":[{"name":"wp","href":"https:\/\/api.w.org\/{rel}","templated":true}]}}