

{"id":27674,"date":"2025-08-22T11:06:07","date_gmt":"2025-08-22T14:06:07","guid":{"rendered":"https:\/\/goias.gov.br\/industriaecomercio\/?p=27674"},"modified":"2025-08-22T11:08:27","modified_gmt":"2025-08-22T14:08:27","slug":"1a-capacitacao-de-compliance-e-normas-internas","status":"publish","type":"post","link":"https:\/\/goias.gov.br\/industriaecomercio\/1a-capacitacao-de-compliance-e-normas-internas\/","title":{"rendered":"1\u00aa Capacita\u00e7\u00e3o de Compliance e Normas Internas"},"content":{"rendered":"\n<figure class=\"wp-block-image size-full\"><img fetchpriority=\"high\" decoding=\"async\" width=\"967\" height=\"644\" src=\"https:\/\/goias.gov.br\/industriaecomercio\/wp-content\/uploads\/sites\/32\/2025\/08\/lul.jpg\" alt=\"\" class=\"wp-image-27681\" srcset=\"https:\/\/goias.gov.br\/industriaecomercio\/wp-content\/uploads\/sites\/32\/2025\/08\/lul.jpg 967w, https:\/\/goias.gov.br\/industriaecomercio\/wp-content\/uploads\/sites\/32\/2025\/08\/lul-300x200.jpg 300w, https:\/\/goias.gov.br\/industriaecomercio\/wp-content\/uploads\/sites\/32\/2025\/08\/lul-768x511.jpg 768w\" sizes=\"(max-width: 967px) 100vw, 967px\" \/><\/figure>\n\n\n\n<p>A <strong>Secretaria de Estado de Ind\u00fastria, Com\u00e9rcio e Servi\u00e7os &#8211; SIC<\/strong> promoveu, no \u00faltimo dia <strong>18 de agosto de 2025 (segunda-feira)<\/strong>, a <strong>1\u00aa Capacita\u00e7\u00e3o do Compliance e Normas Internas<\/strong>, realizada no <strong>Audit\u00f3rio Jaime C\u00e2mara<\/strong>, localizado no 9\u00ba andar do <strong>Pal\u00e1cio Pedro Ludovico Teixeira<\/strong>, em Goi\u00e2nia.<br><br>O evento contou com a participa\u00e7\u00e3o de servidores e colaboradores da Pasta, que tiveram a oportunidade de aprofundar conhecimentos sobre <strong>normas internas, \u00e9tica, combate ao ass\u00e9dio e valoriza\u00e7\u00e3o da diversidade<\/strong> no ambiente de trabalho, temas fundamentais para a constru\u00e7\u00e3o de uma gest\u00e3o p\u00fablica mais transparente, justa e humanizada.<\/p>\n\n\n\n<figure class=\"wp-block-image size-large\"><img decoding=\"async\" width=\"1024\" height=\"576\" src=\"https:\/\/goias.gov.br\/industriaecomercio\/wp-content\/uploads\/sites\/32\/2025\/08\/tatata-1024x576.jpg\" alt=\"\" class=\"wp-image-27682\" srcset=\"https:\/\/goias.gov.br\/industriaecomercio\/wp-content\/uploads\/sites\/32\/2025\/08\/tatata-1024x576.jpg 1024w, https:\/\/goias.gov.br\/industriaecomercio\/wp-content\/uploads\/sites\/32\/2025\/08\/tatata-300x169.jpg 300w, https:\/\/goias.gov.br\/industriaecomercio\/wp-content\/uploads\/sites\/32\/2025\/08\/tatata-768x432.jpg 768w, https:\/\/goias.gov.br\/industriaecomercio\/wp-content\/uploads\/sites\/32\/2025\/08\/tatata.jpg 1299w\" sizes=\"(max-width: 1024px) 100vw, 1024px\" \/><\/figure>\n\n\n\n<p>As palestras foram ministradas por especialistas de diferentes \u00f3rg\u00e3os e institui\u00e7\u00f5es:<\/p>\n\n\n\n<ul class=\"wp-block-list\">\n<li><strong>Casa Militar<\/strong>: Subtenente PM <strong>H\u00edpias Rog\u00e9rio Pires de Sousa<\/strong>, Sgt BM <strong>Luciano de Melo Vaz<\/strong> e Sgt BM <strong>Dieison Pires Guimar\u00e3es<\/strong>, convidados pela <strong>CIPA &#8211; Comiss\u00e3o Interna de Preven\u00e7\u00e3o de Acidentes e de Ass\u00e9dio<\/strong>, abordaram o tema <strong>\u201cNormas Internas do Pal\u00e1cio Pedro Ludovico Teixeira\u201d<\/strong>, destacando a import\u00e2ncia da disciplina, da organiza\u00e7\u00e3o e da preven\u00e7\u00e3o de riscos no ambiente institucional.<\/li>\n<\/ul>\n\n\n\n<figure class=\"wp-block-image size-large\"><img decoding=\"async\" width=\"1024\" height=\"682\" src=\"https:\/\/goias.gov.br\/industriaecomercio\/wp-content\/uploads\/sites\/32\/2025\/08\/casa-1024x682.jpg\" alt=\"\" class=\"wp-image-27687\" srcset=\"https:\/\/goias.gov.br\/industriaecomercio\/wp-content\/uploads\/sites\/32\/2025\/08\/casa-1024x682.jpg 1024w, https:\/\/goias.gov.br\/industriaecomercio\/wp-content\/uploads\/sites\/32\/2025\/08\/casa-300x200.jpg 300w, https:\/\/goias.gov.br\/industriaecomercio\/wp-content\/uploads\/sites\/32\/2025\/08\/casa-768x512.jpg 768w, https:\/\/goias.gov.br\/industriaecomercio\/wp-content\/uploads\/sites\/32\/2025\/08\/casa.jpg 1235w\" sizes=\"(max-width: 1024px) 100vw, 1024px\" \/><\/figure>\n\n\n\n<ul class=\"wp-block-list\">\n<li><strong>Secretaria de Estado de Comunica\u00e7\u00e3o &#8211; SECOM<\/strong>: <strong>Mariana Silva Martins Gidr\u00e3o Miranda<\/strong>, convidada pela <strong>Ouvidoria Adjunta\/SIC<\/strong>, apresentou a palestra <strong>\u201c\u00c9tica &#8211; Ambiente de Trabalho Harm\u00f4nico e Saud\u00e1vel\u201d<\/strong>, refor\u00e7ando a necessidade de respeito m\u00fatuo, di\u00e1logo e coopera\u00e7\u00e3o como pilares de um clima organizacional saud\u00e1vel.<\/li>\n<\/ul>\n\n\n\n<figure class=\"wp-block-image size-full\"><img loading=\"lazy\" decoding=\"async\" width=\"1023\" height=\"682\" src=\"https:\/\/goias.gov.br\/industriaecomercio\/wp-content\/uploads\/sites\/32\/2025\/08\/mari.jpg\" alt=\"\" class=\"wp-image-27694\" srcset=\"https:\/\/goias.gov.br\/industriaecomercio\/wp-content\/uploads\/sites\/32\/2025\/08\/mari.jpg 1023w, https:\/\/goias.gov.br\/industriaecomercio\/wp-content\/uploads\/sites\/32\/2025\/08\/mari-300x200.jpg 300w, https:\/\/goias.gov.br\/industriaecomercio\/wp-content\/uploads\/sites\/32\/2025\/08\/mari-768x512.jpg 768w\" sizes=\"(max-width: 1023px) 100vw, 1023px\" \/><\/figure>\n\n\n\n<ul class=\"wp-block-list\">\n<li><strong>Conselho Estadual da Mulher &#8211; CONEM<\/strong>: Dr\u00aa <strong>Val\u00e9ria Menezes<\/strong>, indicada pelo <strong>Conselho Estadual da Mulher em parceria com a SIC<\/strong>, ministrou a palestra <strong>\u201cAss\u00e9dio e Viol\u00eancia contra a Mulher no Ambiente de Trabalho\u201d<\/strong>, enfatizando a relev\u00e2ncia da preven\u00e7\u00e3o, da den\u00fancia e do apoio institucional \u00e0s v\u00edtimas, fortalecendo o compromisso do Estado no combate \u00e0 viol\u00eancia de g\u00eanero.<\/li>\n<\/ul>\n\n\n\n<ul class=\"wp-block-list\">\n<li><strong>Assembleia Legislativa de Goi\u00e1s &#8211; ALEGO<\/strong>: <strong>Cristina Lopes Afonso<\/strong>, convidada pelo <strong>Comit\u00ea para Quest\u00f5es da Mulher e da Diversidade da SIC<\/strong>, trouxe a palestra <strong>\u201c\u00c9tica \u2013 Inclus\u00e3o e Diversidade\u201d<\/strong>, ressaltando a valoriza\u00e7\u00e3o das diferen\u00e7as, a promo\u00e7\u00e3o da equidade e a constru\u00e7\u00e3o de um ambiente inclusivo no servi\u00e7o p\u00fablico.<\/li>\n<\/ul>\n\n\n\n<p>Al\u00e9m de fortalecer os princ\u00edpios de <strong>transpar\u00eancia, \u00e9tica e integridade<\/strong>, a capacita\u00e7\u00e3o contribuiu para a forma\u00e7\u00e3o de uma cultura organizacional mais respons\u00e1vel, inclusiva e participativa, em conson\u00e2ncia com as diretrizes do <strong>Compliance P\u00fablico<\/strong>.<\/p>\n\n\n\n<p>A realiza\u00e7\u00e3o da <strong>1\u00aa Capacita\u00e7\u00e3o do Compliance e Normas Internas<\/strong> reafirma o compromisso da SIC com a <strong>forma\u00e7\u00e3o cont\u00ednua dos servidores<\/strong>, a promo\u00e7\u00e3o de um ambiente de trabalho seguro e respeitoso e o fortalecimento das boas pr\u00e1ticas de governan\u00e7a no \u00e2mbito da administra\u00e7\u00e3o p\u00fablica estadual.<\/p>\n\n\n\n<p><strong>Secretaria de Estado de Ind\u00fastria, Com\u00e9rcio e Servi\u00e7os \u2013 Governo de Goi\u00e1s<\/strong><\/p>\n","protected":false},"excerpt":{"rendered":"<p>A Secretaria de Estado de Ind\u00fastria, Com\u00e9rcio e Servi\u00e7os &#8211; SIC promoveu, no \u00faltimo dia 18 de agosto de 2025 (segunda-feira), a 1\u00aa Capacita\u00e7\u00e3o do Compliance e Normas Internas, realizada no Audit\u00f3rio Jaime C\u00e2mara, localizado no 9\u00ba andar do Pal\u00e1cio Pedro Ludovico Teixeira, em Goi\u00e2nia. O evento contou com a participa\u00e7\u00e3o de servidores e colaboradores [&hellip;]<\/p>\n","protected":false},"author":546,"featured_media":27699,"comment_status":"closed","ping_status":"open","sticky":false,"template":"","format":"standard","meta":{"footnotes":""},"categories":[2],"tags":[],"class_list":["post-27674","post","type-post","status-publish","format-standard","has-post-thumbnail","hentry","category-institucional"],"rttpg_featured_image_url":{"full":["https:\/\/goias.gov.br\/industriaecomercio\/wp-content\/uploads\/sites\/32\/2025\/08\/lul-1.jpg",967,644,false],"landscape":["https:\/\/goias.gov.br\/industriaecomercio\/wp-content\/uploads\/sites\/32\/2025\/08\/lul-1.jpg",967,644,false],"portraits":["https:\/\/goias.gov.br\/industriaecomercio\/wp-content\/uploads\/sites\/32\/2025\/08\/lul-1.jpg",967,644,false],"thumbnail":["https:\/\/goias.gov.br\/industriaecomercio\/wp-content\/uploads\/sites\/32\/2025\/08\/lul-1-150x150.jpg",150,150,true],"medium":["https:\/\/goias.gov.br\/industriaecomercio\/wp-content\/uploads\/sites\/32\/2025\/08\/lul-1-300x200.jpg",300,200,true],"large":["https:\/\/goias.gov.br\/industriaecomercio\/wp-content\/uploads\/sites\/32\/2025\/08\/lul-1.jpg",967,644,false],"1536x1536":["https:\/\/goias.gov.br\/industriaecomercio\/wp-content\/uploads\/sites\/32\/2025\/08\/lul-1.jpg",967,644,false],"2048x2048":["https:\/\/goias.gov.br\/industriaecomercio\/wp-content\/uploads\/sites\/32\/2025\/08\/lul-1.jpg",967,644,false]},"rttpg_author":{"display_name":"leoncioneto","author_link":"https:\/\/goias.gov.br\/industriaecomercio\/author\/leoncioneto\/"},"rttpg_comment":0,"rttpg_category":"<a href=\"https:\/\/goias.gov.br\/industriaecomercio\/categoria\/licitacoes\/institucional\/\" rel=\"category tag\">Institucional<\/a>","rttpg_excerpt":"A Secretaria de Estado de Ind\u00fastria, Com\u00e9rcio e Servi\u00e7os &#8211; SIC promoveu, no \u00faltimo dia 18 de agosto de 2025 (segunda-feira), a 1\u00aa Capacita\u00e7\u00e3o do Compliance e Normas Internas, realizada no Audit\u00f3rio Jaime C\u00e2mara, localizado no 9\u00ba andar do Pal\u00e1cio Pedro Ludovico Teixeira, em Goi\u00e2nia. O evento contou com a participa\u00e7\u00e3o de servidores e colaboradores&hellip;","_links":{"self":[{"href":"https:\/\/goias.gov.br\/industriaecomercio\/wp-json\/wp\/v2\/posts\/27674","targetHints":{"allow":["GET"]}}],"collection":[{"href":"https:\/\/goias.gov.br\/industriaecomercio\/wp-json\/wp\/v2\/posts"}],"about":[{"href":"https:\/\/goias.gov.br\/industriaecomercio\/wp-json\/wp\/v2\/types\/post"}],"author":[{"embeddable":true,"href":"https:\/\/goias.gov.br\/industriaecomercio\/wp-json\/wp\/v2\/users\/546"}],"replies":[{"embeddable":true,"href":"https:\/\/goias.gov.br\/industriaecomercio\/wp-json\/wp\/v2\/comments?post=27674"}],"version-history":[{"count":2,"href":"https:\/\/goias.gov.br\/industriaecomercio\/wp-json\/wp\/v2\/posts\/27674\/revisions"}],"predecessor-version":[{"id":27716,"href":"https:\/\/goias.gov.br\/industriaecomercio\/wp-json\/wp\/v2\/posts\/27674\/revisions\/27716"}],"wp:featuredmedia":[{"embeddable":true,"href":"https:\/\/goias.gov.br\/industriaecomercio\/wp-json\/wp\/v2\/media\/27699"}],"wp:attachment":[{"href":"https:\/\/goias.gov.br\/industriaecomercio\/wp-json\/wp\/v2\/media?parent=27674"}],"wp:term":[{"taxonomy":"category","embeddable":true,"href":"https:\/\/goias.gov.br\/industriaecomercio\/wp-json\/wp\/v2\/categories?post=27674"},{"taxonomy":"post_tag","embeddable":true,"href":"https:\/\/goias.gov.br\/industriaecomercio\/wp-json\/wp\/v2\/tags?post=27674"}],"curies":[{"name":"wp","href":"https:\/\/api.w.org\/{rel}","templated":true}]}}